{"id":1109,"date":"2015-05-19T10:23:47","date_gmt":"2015-05-19T08:23:47","guid":{"rendered":"http:\/\/5.249.146.118\/la-nuova-frontiera-della-contrattazione-aziendale\/"},"modified":"2022-07-04T18:38:28","modified_gmt":"2022-07-04T16:38:28","slug":"la-nuova-frontiera-della-contrattazione-aziendale","status":"publish","type":"post","link":"https:\/\/nuovi-lavori.it\/index.php\/la-nuova-frontiera-della-contrattazione-aziendale\/","title":{"rendered":"Una nuova frontiera dell iniziativa sindacale"},"content":{"rendered":"<p style=\"text-align: justify;\">Nei prossimi anni ci aspetta una generalizzata restrizione delle risorse sia pubbliche che private. Infatti il bilancio pubblico sar\u00e0 impegnato al rientro dal deficit e dal debito: non sar\u00e0 possibile destinare ulteriori risorse all\u2019espansione della spesa sociale. I bilanci delle aziende private saranno caratterizzati da una sempre maggior attenzione al contenimento dei costi per fronteggiare la concorrenza: ci\u00f2 varr\u00e0 sia per le aziende che andranno bene, che per le aziende che andranno male.<\/p>\n<p style=\"text-align: justify;\">La contrattazione si trover\u00e0 di fronte a una fase non breve di restrizione delle risorse da redistibuire. Bisogna quindi porsi il problema di come sia possibile continuare a contrattare.<\/p>\n<p style=\"text-align: justify;\">La <strong>prima necessit\u00e0 <\/strong>\u00e8 un cambio di mentalit\u00e0: bisogna passare da una contrattazione che distribuiva un po\u2019 a tutti a una contrattazione che sceglie di concentrare i benefici che produce sulle aree di forza lavoro che, in relazione a particolari bisogni, sono pi\u00f9 deboli.<\/p>\n<p style=\"text-align: justify;\">La <strong>seconda necessit\u00e0 <\/strong>\u00e8 un occhio di riguardo ai costi delle aziende: bisogna operare con una crescente attenzione al rapporto costi (per l\u2019azienda) benefici (per i lavoratori). Lo abbiamo sempre fatto, anche in passato, ma questa necessit\u00e0 \u00e8 diventata ancor pi\u00f9 impellente: occorre fare richieste per ottenere gli stessi benefici (seppur selezionati) a costi inferiori o pi\u00f9 benefici a parit\u00e0 di costi.<\/p>\n<p style=\"text-align: justify;\">La <strong>terza necessit\u00e0<\/strong> \u00e8 un parziale abbandono della logica universalistica che ha, giustamente, caratterizzato il movimento sindacale riguardo alla spesa sociale: a certi interventi deve provvedere lo Stato, con la spesa pubblica e noi ci mobilitiamo perch\u00e9 ci sia la pi\u00f9 ampia rispondenza possibile tra questa e i bisogni dei lavoratori. Questo approccio rischia di produrre molte lotte e pochi risultati, visto che la spesa pubblica deve ridursi e la sua capacit\u00e0 di copertura dei bisogni \u00e8 inadeguata.\u00a0<\/p>\n<p style=\"text-align: justify;\">Del resto la stessa contrattazione aziendale per sua natura non \u00e8 universalistica perch\u00e9 coinvolge solo i dipendenti delle aziende che riescono a farla (che sono molto meno della met\u00e0 del totale). Meglio, dunque difendere quello che abbiamo gi\u00e0 conquistato con il tradizionale approccio universalistico, come diritto minimo per tutti e offrire al maggior numero di lavoratori un \u201cdi pi\u00f9\u201d, tramite la contrattazione aziendale.\u00a0<\/p>\n<p style=\"text-align: justify;\">Pensiamo, per esempio a contributi per il pagamento degli asili o degli asili-nido, o all\u2019intervento dell\u2019azienda per pagare le tasse scolastiche o i libri di testo per i figli dei dipendenti, o allo stanziamento a favore di un maggior contributo aziendale per le pensioni integrative rispetto a quello gi\u00e0 previsto in numerosi contratti nazionali, o alla stipula di convenzioni con le assicurazioni per pagare quello che la sanit\u00e0 pubblica non copre (cure dentistiche e oculistiche, per esempio).<\/p>\n<p style=\"text-align: justify;\">Questo quadro d\u2019insieme delinea una nuova strada per la contrattazione aziendale, quella di fare richieste che mirano a ridurre i costi per i lavoratori che devono fronteggiare uno o pi\u00f9 della emergenze di cui abbiamo fatto un primo elenco.<\/p>\n<p style=\"text-align: justify;\">La legislazione italiana prevede la totale decontribuzione e detassazione per alcuni tipi di spesa aziendale a favore dei propri dipendenti: le spese a carattere previdenziale, quelle di tipo sanitario e quelle per il diritto allo studio (comprese le spese per gli asili e i nido, l&#8217;acquisto dei libri di testo, le borse di studio, l&#8217;iscrizione a campus estivi), le spese per i buoni pasto fino a 5,29 euro il giorno, le spese annue fino a 258 euro l&#8217;anno sostenute dall&#8217;azienda per venire incontro agli acquisti (di qualsiasi tipo) sostenuti dai dipendenti (art. 51 del TUIR).<\/p>\n<p style=\"text-align: justify;\">Ci\u00f2 significa che la stessa somma spesa dall\u2019azienda, se \u00e8 finalizzata all\u2019aumento dei salari ha un rapporto costi-benefici di circa uno a due (spendo 100 e il lavoratore ne incassa 50), se \u00e8 indirizzata su uno dei\u00a0 capitoli che dicevamo sopra ha il rapporto di uno a uno (spendo 100 e il lavoratore ne incassa 100).<\/p>\n<p style=\"text-align: justify;\">Il sindacato dovrebbe impegnarsi per allargare ad altre spese sociali, oltre a quelle citate, questi benefici fiscali, a partire dall&#8217;assistenza agli anziani che, insieme alle spese per i figli, risulta essere sempre ai primi posti nelle rilevazioni sul fabbisogno di welfare realizzate. Ma gi\u00e0 oggi ci sono ampi spazi di azione per rivendicare, nelle piattaforme aziendali, benefici per i lavoratori che costino meno alle aziende.<\/p>\n<p style=\"text-align: justify;\">Per percorrere questa strada si possono delineare due vie.\u00a0<\/p>\n<p style=\"text-align: justify;\">Per le <strong>grandi aziende<\/strong> accordi aziendali che prevedano che l\u2019azienda eroghi contributi mirati ai lavoratori, per esempio stabilire che a tutti i lavoratori che certificano di avere un figlio al nido l\u2019azienda paga in tutto o in parte la retta ( come \u00e8 gi\u00e0 stato fatto alla Roche, alla Roche Diagnostic, alla Patheon della Brianza e alla Fondazione Poliambulanza di Brescia). Oppure, facendosi carico dei problemi dei costi aziendali, tramutare il vecchio premio aziendale in benefici di altra natura, come \u00e8 stato fatto alla Tecnofar di Sondrio, in cui si \u00e8 negoziata l\u2019erogazione di un ticket di 5,29 euro per il pasto e l\u2019adesione a un fondo di sanit\u00e0 integrativo.<\/p>\n<p style=\"text-align: justify;\">Oppure elevando il trattamento di maternit\u00e0 (ad esempio all\u2019AFM di Cremona), o concedendo permessi per le visite medico-specialistiche, come si \u00e8 fatto in Rete Salute a Lecco.<\/p>\n<p style=\"text-align: justify;\">Per le <strong>piccole aziende<\/strong> si pu\u00f2 pensare a istituire, tramite la contrattazione interconfederale territoriale dei fondi che erogano questo tipo di servizi, cui le aziende aderiscono tramite accordo aziendale. Questa \u00e8 una via, tra l\u2019altro, per estendere la contrattazione integrativa alle piccole aziende in una condizione di accentuata frammentazione produttiva, problema pi\u00f9 volte denunciato, ma mai risolto dal movimento sindacale italiano.<\/p>\n<p style=\"text-align: justify;\">Dunque una nuova sfida si prospetta per il sindacato. E\u2019 profondamente cambiato il contesto entro cui abbiamo fatto per sessant\u2019anni la contrattazione. Dobbiamo fronteggiare un periodo lungo di \u201cmagra\u201d quanto a risorse disponibili da ridistribuire: facendo tesoro dell\u2019esperienza fin qui fatta e di un po\u2019 di fantasia possiamo provare a cambiare direzione e a continuare a fare, seppur in modo nuovo, il nostro mestiere di sempre.<\/p>\n<p style=\"text-align: justify;\">\u00a0(*) Responsabile dell\u2019Osservatorio Contrattazione della Cisl lombarda<\/p>\n<p><strong>\u00a0<\/strong><\/p>\n<p><strong><div class='w3eden'><!-- WPDM Link Template: Default Template -->\n\n<div class=\"link-template-default card mb-2\">\n    <div class=\"card-body\">\n        <div class=\"media\">\n            <div class=\"mr-3 img-48\"><img decoding=\"async\" class=\"wpdm_icon\" alt=\"Icona\" src=\"https:\/\/nuovi-lavori.it\/wp-content\/plugins\/download-manager\/assets\/file-type-icons\/pdf.svg\" \/><\/div>\n            <div class=\"media-body\">\n                <h3 class=\"package-title\"><a href='https:\/\/nuovi-lavori.it\/index.php\/download\/guida-welfare-aziendale\/'>Guida welfare aziendale<\/a><\/h3>\n                <div class=\"text-muted text-small\"><i class=\"fas fa-copy\"><\/i> 1 file <i class=\"fas fa-hdd ml-3\"><\/i> 236.96K<\/div>\n            <\/div>\n            <div class=\"ml-3\">\n                <a class='wpdm-download-link download-on-click btn btn-primary ' rel='nofollow' href='#' data-downloadurl=\"https:\/\/nuovi-lavori.it\/index.php\/download\/guida-welfare-aziendale\/?wpdmdl=5270&refresh=69ec3fd0c1f4d1777090512\">Download<\/a>\n            <\/div>\n        <\/div>\n    <\/div>\n<\/div>\n\n<\/div><\/strong><\/p>\n","protected":false},"excerpt":{"rendered":"<p>Nei prossimi anni ci aspetta una generalizzata restrizione delle risorse sia pubbliche che private. Infatti il bilancio pubblico sar\u00e0 impegnato al rientro dal deficit e dal debito: non sar\u00e0 possibile destinare ulteriori risorse all\u2019espansione della spesa sociale. I bilanci delle aziende private saranno caratterizzati da una sempre maggior attenzione al contenimento dei costi per fronteggiare [&hellip;]<\/p>\n","protected":false},"author":2,"featured_media":1108,"comment_status":"open","ping_status":"open","sticky":false,"template":"","format":"standard","meta":{"footnotes":""},"categories":[9],"tags":[],"class_list":["post-1109","post","type-post","status-publish","format-standard","has-post-thumbnail","hentry","category-newsletter"],"yoast_head":"<!-- This site is optimized with the Yoast SEO plugin v27.4 - https:\/\/yoast.com\/product\/yoast-seo-wordpress\/ -->\n<title>Una nuova frontiera dell iniziativa sindacale - Nuovi Lavori<\/title>\n<meta name=\"robots\" content=\"index, follow, max-snippet:-1, max-image-preview:large, max-video-preview:-1\" \/>\n<link rel=\"canonical\" href=\"https:\/\/nuovi-lavori.it\/index.php\/la-nuova-frontiera-della-contrattazione-aziendale\/\" \/>\n<meta property=\"og:locale\" content=\"it_IT\" \/>\n<meta property=\"og:type\" content=\"article\" \/>\n<meta property=\"og:title\" content=\"Una nuova frontiera dell iniziativa sindacale - Nuovi Lavori\" \/>\n<meta property=\"og:description\" content=\"Nei prossimi anni ci aspetta una generalizzata restrizione delle risorse sia pubbliche che private. Infatti il bilancio pubblico sar\u00e0 impegnato al rientro dal deficit e dal debito: non sar\u00e0 possibile destinare ulteriori risorse all\u2019espansione della spesa sociale. I bilanci delle aziende private saranno caratterizzati da una sempre maggior attenzione al contenimento dei costi per fronteggiare [&hellip;]\" \/>\n<meta property=\"og:url\" content=\"https:\/\/nuovi-lavori.it\/index.php\/la-nuova-frontiera-della-contrattazione-aziendale\/\" \/>\n<meta property=\"og:site_name\" content=\"Nuovi Lavori\" \/>\n<meta property=\"article:published_time\" content=\"2015-05-19T08:23:47+00:00\" \/>\n<meta property=\"article:modified_time\" content=\"2022-07-04T16:38:28+00:00\" \/>\n<meta property=\"og:image\" content=\"https:\/\/nuovi-lavori.it\/wp-content\/uploads\/2015\/05\/images_welfareaziendale.jpg\" \/>\n\t<meta property=\"og:image:width\" content=\"299\" \/>\n\t<meta property=\"og:image:height\" content=\"322\" \/>\n\t<meta property=\"og:image:type\" content=\"image\/jpeg\" \/>\n<meta name=\"author\" content=\"Lia\" \/>\n<meta name=\"twitter:card\" content=\"summary_large_image\" \/>\n<meta name=\"twitter:label1\" content=\"Scritto da\" \/>\n\t<meta name=\"twitter:data1\" content=\"Lia\" \/>\n\t<meta name=\"twitter:label2\" content=\"Tempo di lettura stimato\" \/>\n\t<meta name=\"twitter:data2\" content=\"5 minuti\" \/>\n<script type=\"application\/ld+json\" class=\"yoast-schema-graph\">{\"@context\":\"https:\\\/\\\/schema.org\",\"@graph\":[{\"@type\":\"Article\",\"@id\":\"https:\\\/\\\/nuovi-lavori.it\\\/index.php\\\/la-nuova-frontiera-della-contrattazione-aziendale\\\/#article\",\"isPartOf\":{\"@id\":\"https:\\\/\\\/nuovi-lavori.it\\\/index.php\\\/la-nuova-frontiera-della-contrattazione-aziendale\\\/\"},\"author\":{\"name\":\"Lia\",\"@id\":\"https:\\\/\\\/nuovi-lavori.it\\\/#\\\/schema\\\/person\\\/381e9894ea394d41738d8d55e63fc0da\"},\"headline\":\"Una nuova frontiera dell iniziativa sindacale\",\"datePublished\":\"2015-05-19T08:23:47+00:00\",\"dateModified\":\"2022-07-04T16:38:28+00:00\",\"mainEntityOfPage\":{\"@id\":\"https:\\\/\\\/nuovi-lavori.it\\\/index.php\\\/la-nuova-frontiera-della-contrattazione-aziendale\\\/\"},\"wordCount\":965,\"commentCount\":0,\"publisher\":{\"@id\":\"https:\\\/\\\/nuovi-lavori.it\\\/#organization\"},\"image\":{\"@id\":\"https:\\\/\\\/nuovi-lavori.it\\\/index.php\\\/la-nuova-frontiera-della-contrattazione-aziendale\\\/#primaryimage\"},\"thumbnailUrl\":\"https:\\\/\\\/nuovi-lavori.it\\\/wp-content\\\/uploads\\\/2015\\\/05\\\/images_welfareaziendale.jpg\",\"articleSection\":[\"Newsletter\"],\"inLanguage\":\"it-IT\",\"potentialAction\":[{\"@type\":\"CommentAction\",\"name\":\"Comment\",\"target\":[\"https:\\\/\\\/nuovi-lavori.it\\\/index.php\\\/la-nuova-frontiera-della-contrattazione-aziendale\\\/#respond\"]}]},{\"@type\":\"WebPage\",\"@id\":\"https:\\\/\\\/nuovi-lavori.it\\\/index.php\\\/la-nuova-frontiera-della-contrattazione-aziendale\\\/\",\"url\":\"https:\\\/\\\/nuovi-lavori.it\\\/index.php\\\/la-nuova-frontiera-della-contrattazione-aziendale\\\/\",\"name\":\"Una nuova frontiera dell iniziativa sindacale - Nuovi Lavori\",\"isPartOf\":{\"@id\":\"https:\\\/\\\/nuovi-lavori.it\\\/#website\"},\"primaryImageOfPage\":{\"@id\":\"https:\\\/\\\/nuovi-lavori.it\\\/index.php\\\/la-nuova-frontiera-della-contrattazione-aziendale\\\/#primaryimage\"},\"image\":{\"@id\":\"https:\\\/\\\/nuovi-lavori.it\\\/index.php\\\/la-nuova-frontiera-della-contrattazione-aziendale\\\/#primaryimage\"},\"thumbnailUrl\":\"https:\\\/\\\/nuovi-lavori.it\\\/wp-content\\\/uploads\\\/2015\\\/05\\\/images_welfareaziendale.jpg\",\"datePublished\":\"2015-05-19T08:23:47+00:00\",\"dateModified\":\"2022-07-04T16:38:28+00:00\",\"breadcrumb\":{\"@id\":\"https:\\\/\\\/nuovi-lavori.it\\\/index.php\\\/la-nuova-frontiera-della-contrattazione-aziendale\\\/#breadcrumb\"},\"inLanguage\":\"it-IT\",\"potentialAction\":[{\"@type\":\"ReadAction\",\"target\":[\"https:\\\/\\\/nuovi-lavori.it\\\/index.php\\\/la-nuova-frontiera-della-contrattazione-aziendale\\\/\"]}]},{\"@type\":\"ImageObject\",\"inLanguage\":\"it-IT\",\"@id\":\"https:\\\/\\\/nuovi-lavori.it\\\/index.php\\\/la-nuova-frontiera-della-contrattazione-aziendale\\\/#primaryimage\",\"url\":\"https:\\\/\\\/nuovi-lavori.it\\\/wp-content\\\/uploads\\\/2015\\\/05\\\/images_welfareaziendale.jpg\",\"contentUrl\":\"https:\\\/\\\/nuovi-lavori.it\\\/wp-content\\\/uploads\\\/2015\\\/05\\\/images_welfareaziendale.jpg\",\"width\":299,\"height\":322},{\"@type\":\"BreadcrumbList\",\"@id\":\"https:\\\/\\\/nuovi-lavori.it\\\/index.php\\\/la-nuova-frontiera-della-contrattazione-aziendale\\\/#breadcrumb\",\"itemListElement\":[{\"@type\":\"ListItem\",\"position\":1,\"name\":\"Home\",\"item\":\"https:\\\/\\\/nuovi-lavori.it\\\/\"},{\"@type\":\"ListItem\",\"position\":2,\"name\":\"Newsletter\",\"item\":\"https:\\\/\\\/nuovi-lavori.it\\\/index.php\\\/category\\\/newsletter\\\/\"},{\"@type\":\"ListItem\",\"position\":3,\"name\":\"Una nuova frontiera dell iniziativa sindacale\"}]},{\"@type\":\"WebSite\",\"@id\":\"https:\\\/\\\/nuovi-lavori.it\\\/#website\",\"url\":\"https:\\\/\\\/nuovi-lavori.it\\\/\",\"name\":\"Nuovi Lavori\",\"description\":\"\",\"publisher\":{\"@id\":\"https:\\\/\\\/nuovi-lavori.it\\\/#organization\"},\"potentialAction\":[{\"@type\":\"SearchAction\",\"target\":{\"@type\":\"EntryPoint\",\"urlTemplate\":\"https:\\\/\\\/nuovi-lavori.it\\\/?s={search_term_string}\"},\"query-input\":{\"@type\":\"PropertyValueSpecification\",\"valueRequired\":true,\"valueName\":\"search_term_string\"}}],\"inLanguage\":\"it-IT\"},{\"@type\":\"Organization\",\"@id\":\"https:\\\/\\\/nuovi-lavori.it\\\/#organization\",\"name\":\"Nuovi Lavori\",\"url\":\"https:\\\/\\\/nuovi-lavori.it\\\/\",\"logo\":{\"@type\":\"ImageObject\",\"inLanguage\":\"it-IT\",\"@id\":\"https:\\\/\\\/nuovi-lavori.it\\\/#\\\/schema\\\/logo\\\/image\\\/\",\"url\":\"http:\\\/\\\/5.249.146.118\\\/wp-content\\\/uploads\\\/2013\\\/11\\\/images_logonl.jpg\",\"contentUrl\":\"http:\\\/\\\/5.249.146.118\\\/wp-content\\\/uploads\\\/2013\\\/11\\\/images_logonl.jpg\",\"width\":400,\"height\":327,\"caption\":\"Nuovi Lavori\"},\"image\":{\"@id\":\"https:\\\/\\\/nuovi-lavori.it\\\/#\\\/schema\\\/logo\\\/image\\\/\"},\"sameAs\":[\"https:\\\/\\\/www.youtube.com\\\/user\\\/newsletteranl\"]},{\"@type\":\"Person\",\"@id\":\"https:\\\/\\\/nuovi-lavori.it\\\/#\\\/schema\\\/person\\\/381e9894ea394d41738d8d55e63fc0da\",\"name\":\"Lia\",\"image\":{\"@type\":\"ImageObject\",\"inLanguage\":\"it-IT\",\"@id\":\"https:\\\/\\\/secure.gravatar.com\\\/avatar\\\/1c1ab5e88d6553d3bd7303b8f064565e43a5f4bcf8fa0acc18820db78be45882?s=96&d=mm&r=g\",\"url\":\"https:\\\/\\\/secure.gravatar.com\\\/avatar\\\/1c1ab5e88d6553d3bd7303b8f064565e43a5f4bcf8fa0acc18820db78be45882?s=96&d=mm&r=g\",\"contentUrl\":\"https:\\\/\\\/secure.gravatar.com\\\/avatar\\\/1c1ab5e88d6553d3bd7303b8f064565e43a5f4bcf8fa0acc18820db78be45882?s=96&d=mm&r=g\",\"caption\":\"Lia\"},\"url\":\"https:\\\/\\\/nuovi-lavori.it\\\/index.php\\\/author\\\/lia\\\/\"}]}<\/script>\n<!-- \/ Yoast SEO plugin. -->","yoast_head_json":{"title":"Una nuova frontiera dell iniziativa sindacale - Nuovi Lavori","robots":{"index":"index","follow":"follow","max-snippet":"max-snippet:-1","max-image-preview":"max-image-preview:large","max-video-preview":"max-video-preview:-1"},"canonical":"https:\/\/nuovi-lavori.it\/index.php\/la-nuova-frontiera-della-contrattazione-aziendale\/","og_locale":"it_IT","og_type":"article","og_title":"Una nuova frontiera dell iniziativa sindacale - Nuovi Lavori","og_description":"Nei prossimi anni ci aspetta una generalizzata restrizione delle risorse sia pubbliche che private. Infatti il bilancio pubblico sar\u00e0 impegnato al rientro dal deficit e dal debito: non sar\u00e0 possibile destinare ulteriori risorse all\u2019espansione della spesa sociale. I bilanci delle aziende private saranno caratterizzati da una sempre maggior attenzione al contenimento dei costi per fronteggiare [&hellip;]","og_url":"https:\/\/nuovi-lavori.it\/index.php\/la-nuova-frontiera-della-contrattazione-aziendale\/","og_site_name":"Nuovi Lavori","article_published_time":"2015-05-19T08:23:47+00:00","article_modified_time":"2022-07-04T16:38:28+00:00","og_image":[{"width":299,"height":322,"url":"https:\/\/nuovi-lavori.it\/wp-content\/uploads\/2015\/05\/images_welfareaziendale.jpg","type":"image\/jpeg"}],"author":"Lia","twitter_card":"summary_large_image","twitter_misc":{"Scritto da":"Lia","Tempo di lettura stimato":"5 minuti"},"schema":{"@context":"https:\/\/schema.org","@graph":[{"@type":"Article","@id":"https:\/\/nuovi-lavori.it\/index.php\/la-nuova-frontiera-della-contrattazione-aziendale\/#article","isPartOf":{"@id":"https:\/\/nuovi-lavori.it\/index.php\/la-nuova-frontiera-della-contrattazione-aziendale\/"},"author":{"name":"Lia","@id":"https:\/\/nuovi-lavori.it\/#\/schema\/person\/381e9894ea394d41738d8d55e63fc0da"},"headline":"Una nuova frontiera dell iniziativa sindacale","datePublished":"2015-05-19T08:23:47+00:00","dateModified":"2022-07-04T16:38:28+00:00","mainEntityOfPage":{"@id":"https:\/\/nuovi-lavori.it\/index.php\/la-nuova-frontiera-della-contrattazione-aziendale\/"},"wordCount":965,"commentCount":0,"publisher":{"@id":"https:\/\/nuovi-lavori.it\/#organization"},"image":{"@id":"https:\/\/nuovi-lavori.it\/index.php\/la-nuova-frontiera-della-contrattazione-aziendale\/#primaryimage"},"thumbnailUrl":"https:\/\/nuovi-lavori.it\/wp-content\/uploads\/2015\/05\/images_welfareaziendale.jpg","articleSection":["Newsletter"],"inLanguage":"it-IT","potentialAction":[{"@type":"CommentAction","name":"Comment","target":["https:\/\/nuovi-lavori.it\/index.php\/la-nuova-frontiera-della-contrattazione-aziendale\/#respond"]}]},{"@type":"WebPage","@id":"https:\/\/nuovi-lavori.it\/index.php\/la-nuova-frontiera-della-contrattazione-aziendale\/","url":"https:\/\/nuovi-lavori.it\/index.php\/la-nuova-frontiera-della-contrattazione-aziendale\/","name":"Una nuova frontiera dell iniziativa sindacale - Nuovi Lavori","isPartOf":{"@id":"https:\/\/nuovi-lavori.it\/#website"},"primaryImageOfPage":{"@id":"https:\/\/nuovi-lavori.it\/index.php\/la-nuova-frontiera-della-contrattazione-aziendale\/#primaryimage"},"image":{"@id":"https:\/\/nuovi-lavori.it\/index.php\/la-nuova-frontiera-della-contrattazione-aziendale\/#primaryimage"},"thumbnailUrl":"https:\/\/nuovi-lavori.it\/wp-content\/uploads\/2015\/05\/images_welfareaziendale.jpg","datePublished":"2015-05-19T08:23:47+00:00","dateModified":"2022-07-04T16:38:28+00:00","breadcrumb":{"@id":"https:\/\/nuovi-lavori.it\/index.php\/la-nuova-frontiera-della-contrattazione-aziendale\/#breadcrumb"},"inLanguage":"it-IT","potentialAction":[{"@type":"ReadAction","target":["https:\/\/nuovi-lavori.it\/index.php\/la-nuova-frontiera-della-contrattazione-aziendale\/"]}]},{"@type":"ImageObject","inLanguage":"it-IT","@id":"https:\/\/nuovi-lavori.it\/index.php\/la-nuova-frontiera-della-contrattazione-aziendale\/#primaryimage","url":"https:\/\/nuovi-lavori.it\/wp-content\/uploads\/2015\/05\/images_welfareaziendale.jpg","contentUrl":"https:\/\/nuovi-lavori.it\/wp-content\/uploads\/2015\/05\/images_welfareaziendale.jpg","width":299,"height":322},{"@type":"BreadcrumbList","@id":"https:\/\/nuovi-lavori.it\/index.php\/la-nuova-frontiera-della-contrattazione-aziendale\/#breadcrumb","itemListElement":[{"@type":"ListItem","position":1,"name":"Home","item":"https:\/\/nuovi-lavori.it\/"},{"@type":"ListItem","position":2,"name":"Newsletter","item":"https:\/\/nuovi-lavori.it\/index.php\/category\/newsletter\/"},{"@type":"ListItem","position":3,"name":"Una nuova frontiera dell iniziativa sindacale"}]},{"@type":"WebSite","@id":"https:\/\/nuovi-lavori.it\/#website","url":"https:\/\/nuovi-lavori.it\/","name":"Nuovi Lavori","description":"","publisher":{"@id":"https:\/\/nuovi-lavori.it\/#organization"},"potentialAction":[{"@type":"SearchAction","target":{"@type":"EntryPoint","urlTemplate":"https:\/\/nuovi-lavori.it\/?s={search_term_string}"},"query-input":{"@type":"PropertyValueSpecification","valueRequired":true,"valueName":"search_term_string"}}],"inLanguage":"it-IT"},{"@type":"Organization","@id":"https:\/\/nuovi-lavori.it\/#organization","name":"Nuovi Lavori","url":"https:\/\/nuovi-lavori.it\/","logo":{"@type":"ImageObject","inLanguage":"it-IT","@id":"https:\/\/nuovi-lavori.it\/#\/schema\/logo\/image\/","url":"http:\/\/5.249.146.118\/wp-content\/uploads\/2013\/11\/images_logonl.jpg","contentUrl":"http:\/\/5.249.146.118\/wp-content\/uploads\/2013\/11\/images_logonl.jpg","width":400,"height":327,"caption":"Nuovi Lavori"},"image":{"@id":"https:\/\/nuovi-lavori.it\/#\/schema\/logo\/image\/"},"sameAs":["https:\/\/www.youtube.com\/user\/newsletteranl"]},{"@type":"Person","@id":"https:\/\/nuovi-lavori.it\/#\/schema\/person\/381e9894ea394d41738d8d55e63fc0da","name":"Lia","image":{"@type":"ImageObject","inLanguage":"it-IT","@id":"https:\/\/secure.gravatar.com\/avatar\/1c1ab5e88d6553d3bd7303b8f064565e43a5f4bcf8fa0acc18820db78be45882?s=96&d=mm&r=g","url":"https:\/\/secure.gravatar.com\/avatar\/1c1ab5e88d6553d3bd7303b8f064565e43a5f4bcf8fa0acc18820db78be45882?s=96&d=mm&r=g","contentUrl":"https:\/\/secure.gravatar.com\/avatar\/1c1ab5e88d6553d3bd7303b8f064565e43a5f4bcf8fa0acc18820db78be45882?s=96&d=mm&r=g","caption":"Lia"},"url":"https:\/\/nuovi-lavori.it\/index.php\/author\/lia\/"}]}},"_links":{"self":[{"href":"https:\/\/nuovi-lavori.it\/index.php\/wp-json\/wp\/v2\/posts\/1109","targetHints":{"allow":["GET"]}}],"collection":[{"href":"https:\/\/nuovi-lavori.it\/index.php\/wp-json\/wp\/v2\/posts"}],"about":[{"href":"https:\/\/nuovi-lavori.it\/index.php\/wp-json\/wp\/v2\/types\/post"}],"author":[{"embeddable":true,"href":"https:\/\/nuovi-lavori.it\/index.php\/wp-json\/wp\/v2\/users\/2"}],"replies":[{"embeddable":true,"href":"https:\/\/nuovi-lavori.it\/index.php\/wp-json\/wp\/v2\/comments?post=1109"}],"version-history":[{"count":1,"href":"https:\/\/nuovi-lavori.it\/index.php\/wp-json\/wp\/v2\/posts\/1109\/revisions"}],"predecessor-version":[{"id":5400,"href":"https:\/\/nuovi-lavori.it\/index.php\/wp-json\/wp\/v2\/posts\/1109\/revisions\/5400"}],"wp:featuredmedia":[{"embeddable":true,"href":"https:\/\/nuovi-lavori.it\/index.php\/wp-json\/wp\/v2\/media\/1108"}],"wp:attachment":[{"href":"https:\/\/nuovi-lavori.it\/index.php\/wp-json\/wp\/v2\/media?parent=1109"}],"wp:term":[{"taxonomy":"category","embeddable":true,"href":"https:\/\/nuovi-lavori.it\/index.php\/wp-json\/wp\/v2\/categories?post=1109"},{"taxonomy":"post_tag","embeddable":true,"href":"https:\/\/nuovi-lavori.it\/index.php\/wp-json\/wp\/v2\/tags?post=1109"}],"curies":[{"name":"wp","href":"https:\/\/api.w.org\/{rel}","templated":true}]}}