{"id":1236,"date":"2015-09-14T17:05:09","date_gmt":"2015-09-14T15:05:09","guid":{"rendered":"http:\/\/5.249.146.118\/welfare-in-italia-e-welfare-globale\/"},"modified":"2015-09-14T17:05:09","modified_gmt":"2015-09-14T15:05:09","slug":"welfare-in-italia-e-welfare-globale","status":"publish","type":"post","link":"https:\/\/nuovi-lavori.it\/index.php\/welfare-in-italia-e-welfare-globale\/","title":{"rendered":"Welfare in Italia e welfare  globale"},"content":{"rendered":"<p>Ottava conferenza ESPAnet Italia su &#8220;Welfare in Italia e welfare\u00a0 globale: esperienze e modelli di sviluppo a confronto&#8221; A Fisciano (SA), 17-19 settembre 2015.<br \/><strong>Tema della conferenza:\u00a0<\/strong>Con la crisi economica globale, le politiche di austerit\u00e0 dell\u2019Unione Europea e le persistenti carenze amministrative, i nuovi rischi sociali si sono acuiti mettendo sotto pressione il welfare italiano, in particolare nel Mezzogiorno. L\u2019attenzione delle politiche sociali si \u00e8 concentrata sui disagi pi\u00f9 urgenti emersi negli ultimi anni nella cornice politico-istituzionale europea, gi\u00e0 sottoposta a un profondo processo di trasformazione. Sono rimaste sullo sfondo sia la valutazione dei sistemi di protezione sociale emergenti nel resto del mondo, sia la ricostruzione storica dei periodi di povert\u00e0 e di prosperit\u00e0 che si sono alternati nel nostro paese nella lunga durata \u2014 prospettive analitiche che sarebbero utili a formulare politiche pi\u00f9 mirate e innovative.<\/p>\n<p class=\"CorpoA\"><span><br \/><\/span>Obiettivo dell\u2019ottava conferenza di ESPAnet Italia 2015 \u00e8 integrare l\u2019analisi diacronica delle politiche sociali con una pi\u00f9 ampia considerazione dei sistemi di welfare emergenti in altri contesti nazionali europei ed extra-europei. L\u2019idea che sottende la conferenza consiste nell\u2019esaminare l\u2019esperienza italiana nel tempo, rispecchiandola nei sistemi di welfare in corso di sviluppo, in particolare nei paesi con una pi\u00f9 rapida crescita economica. Studiosi internazionali, italiani ed europei, operatori del sociale, studenti e ricercatori dibatteranno sul passato e sul futuro del nostro welfare: presenteranno e confronteranno i casi pi\u00f9 interessanti del Nord e del Sud del mondo e del nostro paese.<\/p>\n<p><span>Link: <span><a href=\"http:\/\/www.espanet-italia.net\/conferenza2015.html\">http:\/\/www.espanet-italia.net\/conferenza2015.html<\/a><\/span><\/span><\/p>\n<p><span>\u00a0<\/span><\/p>\n","protected":false},"excerpt":{"rendered":"<p>Ottava conferenza ESPAnet Italia su &#8220;Welfare in Italia e welfare\u00a0 globale: esperienze e modelli di sviluppo a confronto&#8221; A Fisciano (SA), 17-19 settembre 2015.Tema della conferenza:\u00a0Con la crisi economica globale, le politiche di austerit\u00e0 dell\u2019Unione Europea e le persistenti carenze amministrative, i nuovi rischi sociali si sono acuiti mettendo sotto pressione il welfare italiano, in [&hellip;]<\/p>\n","protected":false},"author":2,"featured_media":0,"comment_status":"open","ping_status":"open","sticky":false,"template":"","format":"standard","meta":{"footnotes":""},"categories":[10],"tags":[],"class_list":["post-1236","post","type-post","status-publish","format-standard","hentry","category-approfondimenti"],"yoast_head":"<!-- This site is optimized with the Yoast SEO plugin v27.4 - https:\/\/yoast.com\/product\/yoast-seo-wordpress\/ -->\n<title>Welfare in Italia e welfare globale - Nuovi Lavori<\/title>\n<meta name=\"robots\" content=\"index, follow, max-snippet:-1, max-image-preview:large, max-video-preview:-1\" \/>\n<link rel=\"canonical\" href=\"https:\/\/nuovi-lavori.it\/index.php\/welfare-in-italia-e-welfare-globale\/\" \/>\n<meta property=\"og:locale\" content=\"it_IT\" \/>\n<meta property=\"og:type\" content=\"article\" \/>\n<meta property=\"og:title\" content=\"Welfare in Italia e welfare globale - Nuovi Lavori\" \/>\n<meta property=\"og:description\" content=\"Ottava conferenza ESPAnet Italia su &#8220;Welfare in Italia e welfare\u00a0 globale: esperienze e modelli di sviluppo a confronto&#8221; A Fisciano (SA), 17-19 settembre 2015.Tema della conferenza:\u00a0Con la crisi economica globale, le politiche di austerit\u00e0 dell\u2019Unione Europea e le persistenti carenze amministrative, i nuovi rischi sociali si sono acuiti mettendo sotto pressione il welfare italiano, in [&hellip;]\" \/>\n<meta property=\"og:url\" content=\"https:\/\/nuovi-lavori.it\/index.php\/welfare-in-italia-e-welfare-globale\/\" \/>\n<meta property=\"og:site_name\" content=\"Nuovi Lavori\" \/>\n<meta property=\"article:published_time\" content=\"2015-09-14T15:05:09+00:00\" \/>\n<meta name=\"author\" content=\"Lia\" \/>\n<meta name=\"twitter:card\" content=\"summary_large_image\" \/>\n<meta name=\"twitter:label1\" content=\"Scritto da\" \/>\n\t<meta name=\"twitter:data1\" content=\"Lia\" \/>\n\t<meta name=\"twitter:label2\" content=\"Tempo di lettura stimato\" \/>\n\t<meta name=\"twitter:data2\" content=\"1 minuto\" \/>\n<script type=\"application\/ld+json\" class=\"yoast-schema-graph\">{\"@context\":\"https:\\\/\\\/schema.org\",\"@graph\":[{\"@type\":\"Article\",\"@id\":\"https:\\\/\\\/nuovi-lavori.it\\\/index.php\\\/welfare-in-italia-e-welfare-globale\\\/#article\",\"isPartOf\":{\"@id\":\"https:\\\/\\\/nuovi-lavori.it\\\/index.php\\\/welfare-in-italia-e-welfare-globale\\\/\"},\"author\":{\"name\":\"Lia\",\"@id\":\"https:\\\/\\\/nuovi-lavori.it\\\/#\\\/schema\\\/person\\\/381e9894ea394d41738d8d55e63fc0da\"},\"headline\":\"Welfare in Italia e welfare globale\",\"datePublished\":\"2015-09-14T15:05:09+00:00\",\"mainEntityOfPage\":{\"@id\":\"https:\\\/\\\/nuovi-lavori.it\\\/index.php\\\/welfare-in-italia-e-welfare-globale\\\/\"},\"wordCount\":252,\"commentCount\":0,\"publisher\":{\"@id\":\"https:\\\/\\\/nuovi-lavori.it\\\/#organization\"},\"articleSection\":[\"Approfondimenti\"],\"inLanguage\":\"it-IT\",\"potentialAction\":[{\"@type\":\"CommentAction\",\"name\":\"Comment\",\"target\":[\"https:\\\/\\\/nuovi-lavori.it\\\/index.php\\\/welfare-in-italia-e-welfare-globale\\\/#respond\"]}]},{\"@type\":\"WebPage\",\"@id\":\"https:\\\/\\\/nuovi-lavori.it\\\/index.php\\\/welfare-in-italia-e-welfare-globale\\\/\",\"url\":\"https:\\\/\\\/nuovi-lavori.it\\\/index.php\\\/welfare-in-italia-e-welfare-globale\\\/\",\"name\":\"Welfare in Italia e welfare globale - Nuovi Lavori\",\"isPartOf\":{\"@id\":\"https:\\\/\\\/nuovi-lavori.it\\\/#website\"},\"datePublished\":\"2015-09-14T15:05:09+00:00\",\"breadcrumb\":{\"@id\":\"https:\\\/\\\/nuovi-lavori.it\\\/index.php\\\/welfare-in-italia-e-welfare-globale\\\/#breadcrumb\"},\"inLanguage\":\"it-IT\",\"potentialAction\":[{\"@type\":\"ReadAction\",\"target\":[\"https:\\\/\\\/nuovi-lavori.it\\\/index.php\\\/welfare-in-italia-e-welfare-globale\\\/\"]}]},{\"@type\":\"BreadcrumbList\",\"@id\":\"https:\\\/\\\/nuovi-lavori.it\\\/index.php\\\/welfare-in-italia-e-welfare-globale\\\/#breadcrumb\",\"itemListElement\":[{\"@type\":\"ListItem\",\"position\":1,\"name\":\"Home\",\"item\":\"https:\\\/\\\/nuovi-lavori.it\\\/\"},{\"@type\":\"ListItem\",\"position\":2,\"name\":\"Approfondimenti\",\"item\":\"https:\\\/\\\/nuovi-lavori.it\\\/index.php\\\/category\\\/approfondimenti\\\/\"},{\"@type\":\"ListItem\",\"position\":3,\"name\":\"Welfare in Italia e welfare globale\"}]},{\"@type\":\"WebSite\",\"@id\":\"https:\\\/\\\/nuovi-lavori.it\\\/#website\",\"url\":\"https:\\\/\\\/nuovi-lavori.it\\\/\",\"name\":\"Nuovi Lavori\",\"description\":\"\",\"publisher\":{\"@id\":\"https:\\\/\\\/nuovi-lavori.it\\\/#organization\"},\"potentialAction\":[{\"@type\":\"SearchAction\",\"target\":{\"@type\":\"EntryPoint\",\"urlTemplate\":\"https:\\\/\\\/nuovi-lavori.it\\\/?s={search_term_string}\"},\"query-input\":{\"@type\":\"PropertyValueSpecification\",\"valueRequired\":true,\"valueName\":\"search_term_string\"}}],\"inLanguage\":\"it-IT\"},{\"@type\":\"Organization\",\"@id\":\"https:\\\/\\\/nuovi-lavori.it\\\/#organization\",\"name\":\"Nuovi Lavori\",\"url\":\"https:\\\/\\\/nuovi-lavori.it\\\/\",\"logo\":{\"@type\":\"ImageObject\",\"inLanguage\":\"it-IT\",\"@id\":\"https:\\\/\\\/nuovi-lavori.it\\\/#\\\/schema\\\/logo\\\/image\\\/\",\"url\":\"http:\\\/\\\/5.249.146.118\\\/wp-content\\\/uploads\\\/2013\\\/11\\\/images_logonl.jpg\",\"contentUrl\":\"http:\\\/\\\/5.249.146.118\\\/wp-content\\\/uploads\\\/2013\\\/11\\\/images_logonl.jpg\",\"width\":400,\"height\":327,\"caption\":\"Nuovi Lavori\"},\"image\":{\"@id\":\"https:\\\/\\\/nuovi-lavori.it\\\/#\\\/schema\\\/logo\\\/image\\\/\"},\"sameAs\":[\"https:\\\/\\\/www.youtube.com\\\/user\\\/newsletteranl\"]},{\"@type\":\"Person\",\"@id\":\"https:\\\/\\\/nuovi-lavori.it\\\/#\\\/schema\\\/person\\\/381e9894ea394d41738d8d55e63fc0da\",\"name\":\"Lia\",\"image\":{\"@type\":\"ImageObject\",\"inLanguage\":\"it-IT\",\"@id\":\"https:\\\/\\\/secure.gravatar.com\\\/avatar\\\/1c1ab5e88d6553d3bd7303b8f064565e43a5f4bcf8fa0acc18820db78be45882?s=96&d=mm&r=g\",\"url\":\"https:\\\/\\\/secure.gravatar.com\\\/avatar\\\/1c1ab5e88d6553d3bd7303b8f064565e43a5f4bcf8fa0acc18820db78be45882?s=96&d=mm&r=g\",\"contentUrl\":\"https:\\\/\\\/secure.gravatar.com\\\/avatar\\\/1c1ab5e88d6553d3bd7303b8f064565e43a5f4bcf8fa0acc18820db78be45882?s=96&d=mm&r=g\",\"caption\":\"Lia\"},\"url\":\"https:\\\/\\\/nuovi-lavori.it\\\/index.php\\\/author\\\/lia\\\/\"}]}<\/script>\n<!-- \/ Yoast SEO plugin. -->","yoast_head_json":{"title":"Welfare in Italia e welfare globale - Nuovi Lavori","robots":{"index":"index","follow":"follow","max-snippet":"max-snippet:-1","max-image-preview":"max-image-preview:large","max-video-preview":"max-video-preview:-1"},"canonical":"https:\/\/nuovi-lavori.it\/index.php\/welfare-in-italia-e-welfare-globale\/","og_locale":"it_IT","og_type":"article","og_title":"Welfare in Italia e welfare globale - Nuovi Lavori","og_description":"Ottava conferenza ESPAnet Italia su &#8220;Welfare in Italia e welfare\u00a0 globale: esperienze e modelli di sviluppo a confronto&#8221; A Fisciano (SA), 17-19 settembre 2015.Tema della conferenza:\u00a0Con la crisi economica globale, le politiche di austerit\u00e0 dell\u2019Unione Europea e le persistenti carenze amministrative, i nuovi rischi sociali si sono acuiti mettendo sotto pressione il welfare italiano, in [&hellip;]","og_url":"https:\/\/nuovi-lavori.it\/index.php\/welfare-in-italia-e-welfare-globale\/","og_site_name":"Nuovi Lavori","article_published_time":"2015-09-14T15:05:09+00:00","author":"Lia","twitter_card":"summary_large_image","twitter_misc":{"Scritto da":"Lia","Tempo di lettura stimato":"1 minuto"},"schema":{"@context":"https:\/\/schema.org","@graph":[{"@type":"Article","@id":"https:\/\/nuovi-lavori.it\/index.php\/welfare-in-italia-e-welfare-globale\/#article","isPartOf":{"@id":"https:\/\/nuovi-lavori.it\/index.php\/welfare-in-italia-e-welfare-globale\/"},"author":{"name":"Lia","@id":"https:\/\/nuovi-lavori.it\/#\/schema\/person\/381e9894ea394d41738d8d55e63fc0da"},"headline":"Welfare in Italia e welfare globale","datePublished":"2015-09-14T15:05:09+00:00","mainEntityOfPage":{"@id":"https:\/\/nuovi-lavori.it\/index.php\/welfare-in-italia-e-welfare-globale\/"},"wordCount":252,"commentCount":0,"publisher":{"@id":"https:\/\/nuovi-lavori.it\/#organization"},"articleSection":["Approfondimenti"],"inLanguage":"it-IT","potentialAction":[{"@type":"CommentAction","name":"Comment","target":["https:\/\/nuovi-lavori.it\/index.php\/welfare-in-italia-e-welfare-globale\/#respond"]}]},{"@type":"WebPage","@id":"https:\/\/nuovi-lavori.it\/index.php\/welfare-in-italia-e-welfare-globale\/","url":"https:\/\/nuovi-lavori.it\/index.php\/welfare-in-italia-e-welfare-globale\/","name":"Welfare in Italia e welfare globale - Nuovi Lavori","isPartOf":{"@id":"https:\/\/nuovi-lavori.it\/#website"},"datePublished":"2015-09-14T15:05:09+00:00","breadcrumb":{"@id":"https:\/\/nuovi-lavori.it\/index.php\/welfare-in-italia-e-welfare-globale\/#breadcrumb"},"inLanguage":"it-IT","potentialAction":[{"@type":"ReadAction","target":["https:\/\/nuovi-lavori.it\/index.php\/welfare-in-italia-e-welfare-globale\/"]}]},{"@type":"BreadcrumbList","@id":"https:\/\/nuovi-lavori.it\/index.php\/welfare-in-italia-e-welfare-globale\/#breadcrumb","itemListElement":[{"@type":"ListItem","position":1,"name":"Home","item":"https:\/\/nuovi-lavori.it\/"},{"@type":"ListItem","position":2,"name":"Approfondimenti","item":"https:\/\/nuovi-lavori.it\/index.php\/category\/approfondimenti\/"},{"@type":"ListItem","position":3,"name":"Welfare in Italia e welfare globale"}]},{"@type":"WebSite","@id":"https:\/\/nuovi-lavori.it\/#website","url":"https:\/\/nuovi-lavori.it\/","name":"Nuovi Lavori","description":"","publisher":{"@id":"https:\/\/nuovi-lavori.it\/#organization"},"potentialAction":[{"@type":"SearchAction","target":{"@type":"EntryPoint","urlTemplate":"https:\/\/nuovi-lavori.it\/?s={search_term_string}"},"query-input":{"@type":"PropertyValueSpecification","valueRequired":true,"valueName":"search_term_string"}}],"inLanguage":"it-IT"},{"@type":"Organization","@id":"https:\/\/nuovi-lavori.it\/#organization","name":"Nuovi Lavori","url":"https:\/\/nuovi-lavori.it\/","logo":{"@type":"ImageObject","inLanguage":"it-IT","@id":"https:\/\/nuovi-lavori.it\/#\/schema\/logo\/image\/","url":"http:\/\/5.249.146.118\/wp-content\/uploads\/2013\/11\/images_logonl.jpg","contentUrl":"http:\/\/5.249.146.118\/wp-content\/uploads\/2013\/11\/images_logonl.jpg","width":400,"height":327,"caption":"Nuovi Lavori"},"image":{"@id":"https:\/\/nuovi-lavori.it\/#\/schema\/logo\/image\/"},"sameAs":["https:\/\/www.youtube.com\/user\/newsletteranl"]},{"@type":"Person","@id":"https:\/\/nuovi-lavori.it\/#\/schema\/person\/381e9894ea394d41738d8d55e63fc0da","name":"Lia","image":{"@type":"ImageObject","inLanguage":"it-IT","@id":"https:\/\/secure.gravatar.com\/avatar\/1c1ab5e88d6553d3bd7303b8f064565e43a5f4bcf8fa0acc18820db78be45882?s=96&d=mm&r=g","url":"https:\/\/secure.gravatar.com\/avatar\/1c1ab5e88d6553d3bd7303b8f064565e43a5f4bcf8fa0acc18820db78be45882?s=96&d=mm&r=g","contentUrl":"https:\/\/secure.gravatar.com\/avatar\/1c1ab5e88d6553d3bd7303b8f064565e43a5f4bcf8fa0acc18820db78be45882?s=96&d=mm&r=g","caption":"Lia"},"url":"https:\/\/nuovi-lavori.it\/index.php\/author\/lia\/"}]}},"_links":{"self":[{"href":"https:\/\/nuovi-lavori.it\/index.php\/wp-json\/wp\/v2\/posts\/1236","targetHints":{"allow":["GET"]}}],"collection":[{"href":"https:\/\/nuovi-lavori.it\/index.php\/wp-json\/wp\/v2\/posts"}],"about":[{"href":"https:\/\/nuovi-lavori.it\/index.php\/wp-json\/wp\/v2\/types\/post"}],"author":[{"embeddable":true,"href":"https:\/\/nuovi-lavori.it\/index.php\/wp-json\/wp\/v2\/users\/2"}],"replies":[{"embeddable":true,"href":"https:\/\/nuovi-lavori.it\/index.php\/wp-json\/wp\/v2\/comments?post=1236"}],"version-history":[{"count":0,"href":"https:\/\/nuovi-lavori.it\/index.php\/wp-json\/wp\/v2\/posts\/1236\/revisions"}],"wp:attachment":[{"href":"https:\/\/nuovi-lavori.it\/index.php\/wp-json\/wp\/v2\/media?parent=1236"}],"wp:term":[{"taxonomy":"category","embeddable":true,"href":"https:\/\/nuovi-lavori.it\/index.php\/wp-json\/wp\/v2\/categories?post=1236"},{"taxonomy":"post_tag","embeddable":true,"href":"https:\/\/nuovi-lavori.it\/index.php\/wp-json\/wp\/v2\/tags?post=1236"}],"curies":[{"name":"wp","href":"https:\/\/api.w.org\/{rel}","templated":true}]}}