{"id":1609,"date":"2016-03-22T10:09:15","date_gmt":"2016-03-22T09:09:15","guid":{"rendered":"http:\/\/5.249.146.118\/manifesto-per-il-governo-del-territorio\/"},"modified":"2016-03-22T10:09:15","modified_gmt":"2016-03-22T09:09:15","slug":"manifesto-per-il-governo-del-territorio","status":"publish","type":"post","link":"https:\/\/nuovi-lavori.it\/index.php\/manifesto-per-il-governo-del-territorio\/","title":{"rendered":"Manifesto per il governo del territorio"},"content":{"rendered":"<p style=\"text-align: justify;\">Da Taranto gli architetti italiani hanno lanciato nel luglio scorso il Manifesto per il governo del territorio, con i paradigmi della rigenerazione urbana, della per tutela del paesaggio, della sostenibilit\u00e0 ambientale, della tutela dal rischio idrogeologico e sismico.<\/p>\n<p style=\"text-align: justify;\">La Conferenza Nazionale degli Ordini degli Architetti, Pianificatori, Paesaggisti e Conservatori (PPC) e il CNAPPC da Taranto &#8211; \u00a0citt\u00e0 divenuta simbolo tra i luoghi nei quali sono esplosi in maniera eclatante le contraddizioni nel rapporto tra valori costituzionali quali il diritto al lavoro, il diritto alla salute e all\u2019ambiente &#8211; \u00a0propongono al Paese e al Governo una riflessione sul futuro delle nostre citt\u00e0, sulla loro funzione centrale nel sistema Italia e per l\u2019Europa.<\/p>\n<p style=\"text-align: justify;\">Questi i 10 obiettivi del Manifesto:<\/p>\n<p style=\"text-align: justify;\"><strong>1. PROGETTARE LUOGHI DOVE VIVERE E CRESCERE E NON PERIFERIE<\/strong><\/p>\n<p style=\"text-align: justify;\">Spazi pubblici, edifici pubblici e privati, centri storici, ambiti di citt\u00e0 consolidata sono tutte parti di un insieme metropolitano ed urbano che oggi ha bisogno di nuove visioni. Dobbiamo tornare a lavorare sulla flessibilit\u00e0 degli usi, e sull\u2019apertura alla mixit\u00e9 funzionale garantita dalla indicazione delle intensit\u00e0 di funzioni, sulla temporaneit\u00e0 e la sperimentazione delle funzioni, aprendo con maggiore decisione alla flessibilit\u00e0 degli usi compatibili al fine di consentire la flessibilit\u00e0 della citt\u00e0 e la velocit\u00e0 delle operazioni di rigenerazione.<\/p>\n<p style=\"text-align: justify;\"><strong>2. VALORIZZARE E NON SPRECARE<\/strong><\/p>\n<p style=\"text-align: justify;\">Il consumo di suolo deve essere arginato, a vantaggio della rigenerazione della citt\u00e0, ma serve anche un uso intelligente dei suoli, urbanizzati e non, questi sono i nuovi paradigmi della rigenerazione urbana, della tutela del paesaggio, della sostenibilit\u00e0 ambientale, della tutela dal rischio idrogeologico e sismico. Mettere al centro il costruito con particolare attenzione al patrimonio pubblico con tutto il relativo potenziale per lo sviluppo delle citt\u00e0.<\/p>\n<p style=\"text-align: justify;\"><strong>3. DARE VALORE ALLA PARTECIPAZIONE<\/strong><\/p>\n<p style=\"text-align: justify;\">Partecipazione dei cittadini ai processi con spazi di confronto e di pubblico dibattito fin dalle fasi di preliminare del piano o del progetto. Costruire una comunit\u00e0 consapevole e capace di esprimere le proprie idee e necessit\u00e0 senza essere ideologica nell\u2019ambito di metodi e tempi certi. Collaborazione tra privato e pubblico in un nuovo meccanismo di realizzazione del beneficio pubblico basato non pi\u00f9 sulla rendita ma sulla concertazione, sul progetto alla scala urbana, e sulla trasparenza del confronto.<\/p>\n<p style=\"text-align: justify;\"><strong>4. TORNARE AL PROGETTO<\/strong><\/p>\n<p style=\"text-align: justify;\">Recuperare a tutte le scale di intervento la dimensione del progetto che \u00e8 sempre propositiva, che lavora non per divieti o negazioni ma scegliendo la soluzione che appare come la pi\u00f9 adeguata a risolvere il problema. Si pu\u00f2 e si deve in primo luogo organizzare la filiera e la regia delle decisioni con la costituzione di una \u201cAgenzia della Rigenerazione Urbana\u201d e quindi organizzare cabine di regia che focalizzino gli obiettivi e diano il senso di una programmazione finanziaria a lungo termine.<\/p>\n<p style=\"text-align: justify;\"><strong>5. CAMBIARE LE REGOLE<\/strong><\/p>\n<p style=\"text-align: justify;\">Introducendo il principio di non duplicazione della normativa e di una chiara distribuzione delle competenze \u00e8 necessario un nuovo Testo Unico del governo del territorio, della pianificazione, delle tutele paesaggistiche, idrogeologiche e sismiche, con estrema attenzione alla salvaguardia delle attivit\u00e0 agricole e dell\u2019economia dello spazio rurale. Un nuovo TU che affronti con determinazione la semplificazione del quadro normativo. Un Regolamento Edilizio unico nazionale, una nuova Legge per l\u2019Architettura che valorizzi la professione, il confronto delle idee e la trasparenza nell\u2019assegnazione degli incarichi.<\/p>\n<p style=\"text-align: justify;\"><strong>6. INTERVENIRE SUL COSTRUITO RINNOVANDO IL PIANO<\/strong><\/p>\n<p style=\"text-align: justify;\">Un rinnovamento normativo che deve tradursi in un nuovo modello di Pianificazione e in una nuova articolazione dei livelli di piano che partendo dal modello comunale con un unico piano\/regolamento della citt\u00e0 esistente e un modello\/guida concertativo con indirizzi della collettivit\u00e0 per la pianificazione della nuova citt\u00e0, che sia di espansione o per ambiti di rigenerazione. Piano che esca dal dimensionamento parametrico e proponga il progetto quale base conformativa e punto di equilibrio degli interessi pubblici e privati.<\/p>\n<p style=\"text-align: justify;\"><strong>7. SEMPLIFICARE LA PRASSI<\/strong><\/p>\n<p style=\"text-align: justify;\">Il percorso progettuale deve essere responsabile e capace, liberato dagli aspetti meno significativi del progetto e dagli usi impropri dei vincoli e delle prescrizioni. La semplificazione deve prendere in considerazione la riduzione delle categorie di intervento, la riduzione dei titoli abilitativi per una nuova gestione del processo edilizio tutto incluso in un unico titolo.<\/p>\n<p style=\"text-align: justify;\"><strong>8. UNA NUOVA MISURA DELLA FISCALITA\u2019<\/strong><\/p>\n<p style=\"text-align: justify;\">Gli interventi di rigenerazione urbana e pi\u00f9 in generale quelli sulla citt\u00e0 costruita richiedono una revisione complessiva del concetto di rendita che non \u00e8 pi\u00f9 legato alla trasformazione di una zona agricola in area edificabile, ma che invece deve misurarsi sulla situazione dei servizi pubblici connessi all\u2019intervento, sulla restituzione di qualit\u00e0 urbana e ambientale conseguente al recupero. Una nuova modulazione degli oneri e dei contributi di costruzione a vantaggio degli interventi di rigenerazione, sostituzione e densificazione delle citt\u00e0.<\/p>\n<p style=\"text-align: justify;\"><strong>9. UN NUOVO PATTO SUL PAESAGGIO<\/strong><\/p>\n<p style=\"text-align: justify;\">Conservazione e trasformazione devono essere azioni coerenti e non in contraddizione tra loro, come ci insegnano i nostri centri storici, ma anche il paesaggio agrario, i litorali e le montagne. Occorre un nuovo rapporto, aperto alla contemporaneit\u00e0, tra il recupero e la vivibilit\u00e0 dei luoghi, la loro disponibilit\u00e0 ad accogliere usi e modelli di vita diversi e la necessit\u00e0 che siano preservati da attivit\u00e0 invasive e distruttive. Una visione premiante della professionalit\u00e0 dell\u2019Architetto e della competenza al progetto anche negli ambiti di tutela paesaggistica.<\/p>\n<p style=\"text-align: justify;\"><strong>10. RISPETTARE LE REGOLE<\/strong><\/p>\n<p style=\"text-align: justify;\">L\u2019abusivismo edilizio e il mancato rispetto delle leggi costituiscono una problematica e un costo sociale rilevante per il recupero e il ripristino dei luoghi. Questo tema deve essere affrontato concretamente, senza soluzioni ideologiche, ricorrendo al progetto per valutare in concreto le soluzioni. Vanno costruite politiche di intervento distinte calate nelle diverse realt\u00e0 territoriali, rivendicando il metodo dell\u2019analisi e del confronto delle soluzioni possibili non solo urbanistiche e architettoniche, ma anche sociali ed economiche.<\/p>\n<p style=\"text-align: justify;\">\u00a0<\/p>\n<p style=\"text-align: justify;\">\u00a0(*) Ordini degli Architetti, Pianificatori, Paesaggisti e Conservatori (PPC)<\/p>\n<p>\u00a0<\/p>\n","protected":false},"excerpt":{"rendered":"<p>Da Taranto gli architetti italiani hanno lanciato nel luglio scorso il Manifesto per il governo del territorio, con i paradigmi della rigenerazione urbana, della per tutela del paesaggio, della sostenibilit\u00e0 ambientale, della tutela dal rischio idrogeologico e sismico. La Conferenza Nazionale degli Ordini degli Architetti, Pianificatori, Paesaggisti e Conservatori (PPC) e il CNAPPC da Taranto [&hellip;]<\/p>\n","protected":false},"author":2,"featured_media":1608,"comment_status":"open","ping_status":"open","sticky":false,"template":"","format":"standard","meta":{"footnotes":""},"categories":[9],"tags":[],"class_list":["post-1609","post","type-post","status-publish","format-standard","has-post-thumbnail","hentry","category-newsletter"],"yoast_head":"<!-- This site is optimized with the Yoast SEO plugin v27.4 - https:\/\/yoast.com\/product\/yoast-seo-wordpress\/ -->\n<title>Manifesto per il governo del territorio - Nuovi Lavori<\/title>\n<meta name=\"robots\" content=\"index, follow, max-snippet:-1, max-image-preview:large, max-video-preview:-1\" \/>\n<link rel=\"canonical\" href=\"https:\/\/nuovi-lavori.it\/index.php\/manifesto-per-il-governo-del-territorio\/\" \/>\n<meta property=\"og:locale\" content=\"it_IT\" \/>\n<meta property=\"og:type\" content=\"article\" \/>\n<meta property=\"og:title\" content=\"Manifesto per il governo del territorio - Nuovi Lavori\" \/>\n<meta property=\"og:description\" content=\"Da Taranto gli architetti italiani hanno lanciato nel luglio scorso il Manifesto per il governo del territorio, con i paradigmi della rigenerazione urbana, della per tutela del paesaggio, della sostenibilit\u00e0 ambientale, della tutela dal rischio idrogeologico e sismico. La Conferenza Nazionale degli Ordini degli Architetti, Pianificatori, Paesaggisti e Conservatori (PPC) e il CNAPPC da Taranto [&hellip;]\" \/>\n<meta property=\"og:url\" content=\"https:\/\/nuovi-lavori.it\/index.php\/manifesto-per-il-governo-del-territorio\/\" \/>\n<meta property=\"og:site_name\" content=\"Nuovi Lavori\" \/>\n<meta property=\"article:published_time\" content=\"2016-03-22T09:09:15+00:00\" \/>\n<meta property=\"og:image\" content=\"https:\/\/nuovi-lavori.it\/wp-content\/uploads\/2016\/03\/images_Manifesto01.jpg\" \/>\n\t<meta property=\"og:image:width\" content=\"584\" \/>\n\t<meta property=\"og:image:height\" content=\"800\" \/>\n\t<meta property=\"og:image:type\" content=\"image\/jpeg\" \/>\n<meta name=\"author\" content=\"Lia\" \/>\n<meta name=\"twitter:card\" content=\"summary_large_image\" \/>\n<meta name=\"twitter:label1\" content=\"Scritto da\" \/>\n\t<meta name=\"twitter:data1\" content=\"Lia\" \/>\n\t<meta name=\"twitter:label2\" content=\"Tempo di lettura stimato\" \/>\n\t<meta name=\"twitter:data2\" content=\"5 minuti\" \/>\n<script type=\"application\/ld+json\" class=\"yoast-schema-graph\">{\"@context\":\"https:\\\/\\\/schema.org\",\"@graph\":[{\"@type\":\"Article\",\"@id\":\"https:\\\/\\\/nuovi-lavori.it\\\/index.php\\\/manifesto-per-il-governo-del-territorio\\\/#article\",\"isPartOf\":{\"@id\":\"https:\\\/\\\/nuovi-lavori.it\\\/index.php\\\/manifesto-per-il-governo-del-territorio\\\/\"},\"author\":{\"name\":\"Lia\",\"@id\":\"https:\\\/\\\/nuovi-lavori.it\\\/#\\\/schema\\\/person\\\/381e9894ea394d41738d8d55e63fc0da\"},\"headline\":\"Manifesto per il governo del territorio\",\"datePublished\":\"2016-03-22T09:09:15+00:00\",\"mainEntityOfPage\":{\"@id\":\"https:\\\/\\\/nuovi-lavori.it\\\/index.php\\\/manifesto-per-il-governo-del-territorio\\\/\"},\"wordCount\":939,\"commentCount\":0,\"publisher\":{\"@id\":\"https:\\\/\\\/nuovi-lavori.it\\\/#organization\"},\"image\":{\"@id\":\"https:\\\/\\\/nuovi-lavori.it\\\/index.php\\\/manifesto-per-il-governo-del-territorio\\\/#primaryimage\"},\"thumbnailUrl\":\"https:\\\/\\\/nuovi-lavori.it\\\/wp-content\\\/uploads\\\/2016\\\/03\\\/images_Manifesto01.jpg\",\"articleSection\":[\"Newsletter\"],\"inLanguage\":\"it-IT\",\"potentialAction\":[{\"@type\":\"CommentAction\",\"name\":\"Comment\",\"target\":[\"https:\\\/\\\/nuovi-lavori.it\\\/index.php\\\/manifesto-per-il-governo-del-territorio\\\/#respond\"]}]},{\"@type\":\"WebPage\",\"@id\":\"https:\\\/\\\/nuovi-lavori.it\\\/index.php\\\/manifesto-per-il-governo-del-territorio\\\/\",\"url\":\"https:\\\/\\\/nuovi-lavori.it\\\/index.php\\\/manifesto-per-il-governo-del-territorio\\\/\",\"name\":\"Manifesto per il governo del territorio - Nuovi Lavori\",\"isPartOf\":{\"@id\":\"https:\\\/\\\/nuovi-lavori.it\\\/#website\"},\"primaryImageOfPage\":{\"@id\":\"https:\\\/\\\/nuovi-lavori.it\\\/index.php\\\/manifesto-per-il-governo-del-territorio\\\/#primaryimage\"},\"image\":{\"@id\":\"https:\\\/\\\/nuovi-lavori.it\\\/index.php\\\/manifesto-per-il-governo-del-territorio\\\/#primaryimage\"},\"thumbnailUrl\":\"https:\\\/\\\/nuovi-lavori.it\\\/wp-content\\\/uploads\\\/2016\\\/03\\\/images_Manifesto01.jpg\",\"datePublished\":\"2016-03-22T09:09:15+00:00\",\"breadcrumb\":{\"@id\":\"https:\\\/\\\/nuovi-lavori.it\\\/index.php\\\/manifesto-per-il-governo-del-territorio\\\/#breadcrumb\"},\"inLanguage\":\"it-IT\",\"potentialAction\":[{\"@type\":\"ReadAction\",\"target\":[\"https:\\\/\\\/nuovi-lavori.it\\\/index.php\\\/manifesto-per-il-governo-del-territorio\\\/\"]}]},{\"@type\":\"ImageObject\",\"inLanguage\":\"it-IT\",\"@id\":\"https:\\\/\\\/nuovi-lavori.it\\\/index.php\\\/manifesto-per-il-governo-del-territorio\\\/#primaryimage\",\"url\":\"https:\\\/\\\/nuovi-lavori.it\\\/wp-content\\\/uploads\\\/2016\\\/03\\\/images_Manifesto01.jpg\",\"contentUrl\":\"https:\\\/\\\/nuovi-lavori.it\\\/wp-content\\\/uploads\\\/2016\\\/03\\\/images_Manifesto01.jpg\",\"width\":584,\"height\":800},{\"@type\":\"BreadcrumbList\",\"@id\":\"https:\\\/\\\/nuovi-lavori.it\\\/index.php\\\/manifesto-per-il-governo-del-territorio\\\/#breadcrumb\",\"itemListElement\":[{\"@type\":\"ListItem\",\"position\":1,\"name\":\"Home\",\"item\":\"https:\\\/\\\/nuovi-lavori.it\\\/\"},{\"@type\":\"ListItem\",\"position\":2,\"name\":\"Newsletter\",\"item\":\"https:\\\/\\\/nuovi-lavori.it\\\/index.php\\\/category\\\/newsletter\\\/\"},{\"@type\":\"ListItem\",\"position\":3,\"name\":\"Manifesto per il governo del territorio\"}]},{\"@type\":\"WebSite\",\"@id\":\"https:\\\/\\\/nuovi-lavori.it\\\/#website\",\"url\":\"https:\\\/\\\/nuovi-lavori.it\\\/\",\"name\":\"Nuovi Lavori\",\"description\":\"\",\"publisher\":{\"@id\":\"https:\\\/\\\/nuovi-lavori.it\\\/#organization\"},\"potentialAction\":[{\"@type\":\"SearchAction\",\"target\":{\"@type\":\"EntryPoint\",\"urlTemplate\":\"https:\\\/\\\/nuovi-lavori.it\\\/?s={search_term_string}\"},\"query-input\":{\"@type\":\"PropertyValueSpecification\",\"valueRequired\":true,\"valueName\":\"search_term_string\"}}],\"inLanguage\":\"it-IT\"},{\"@type\":\"Organization\",\"@id\":\"https:\\\/\\\/nuovi-lavori.it\\\/#organization\",\"name\":\"Nuovi Lavori\",\"url\":\"https:\\\/\\\/nuovi-lavori.it\\\/\",\"logo\":{\"@type\":\"ImageObject\",\"inLanguage\":\"it-IT\",\"@id\":\"https:\\\/\\\/nuovi-lavori.it\\\/#\\\/schema\\\/logo\\\/image\\\/\",\"url\":\"http:\\\/\\\/5.249.146.118\\\/wp-content\\\/uploads\\\/2013\\\/11\\\/images_logonl.jpg\",\"contentUrl\":\"http:\\\/\\\/5.249.146.118\\\/wp-content\\\/uploads\\\/2013\\\/11\\\/images_logonl.jpg\",\"width\":400,\"height\":327,\"caption\":\"Nuovi Lavori\"},\"image\":{\"@id\":\"https:\\\/\\\/nuovi-lavori.it\\\/#\\\/schema\\\/logo\\\/image\\\/\"},\"sameAs\":[\"https:\\\/\\\/www.youtube.com\\\/user\\\/newsletteranl\"]},{\"@type\":\"Person\",\"@id\":\"https:\\\/\\\/nuovi-lavori.it\\\/#\\\/schema\\\/person\\\/381e9894ea394d41738d8d55e63fc0da\",\"name\":\"Lia\",\"image\":{\"@type\":\"ImageObject\",\"inLanguage\":\"it-IT\",\"@id\":\"https:\\\/\\\/secure.gravatar.com\\\/avatar\\\/1c1ab5e88d6553d3bd7303b8f064565e43a5f4bcf8fa0acc18820db78be45882?s=96&d=mm&r=g\",\"url\":\"https:\\\/\\\/secure.gravatar.com\\\/avatar\\\/1c1ab5e88d6553d3bd7303b8f064565e43a5f4bcf8fa0acc18820db78be45882?s=96&d=mm&r=g\",\"contentUrl\":\"https:\\\/\\\/secure.gravatar.com\\\/avatar\\\/1c1ab5e88d6553d3bd7303b8f064565e43a5f4bcf8fa0acc18820db78be45882?s=96&d=mm&r=g\",\"caption\":\"Lia\"},\"url\":\"https:\\\/\\\/nuovi-lavori.it\\\/index.php\\\/author\\\/lia\\\/\"}]}<\/script>\n<!-- \/ Yoast SEO plugin. -->","yoast_head_json":{"title":"Manifesto per il governo del territorio - Nuovi Lavori","robots":{"index":"index","follow":"follow","max-snippet":"max-snippet:-1","max-image-preview":"max-image-preview:large","max-video-preview":"max-video-preview:-1"},"canonical":"https:\/\/nuovi-lavori.it\/index.php\/manifesto-per-il-governo-del-territorio\/","og_locale":"it_IT","og_type":"article","og_title":"Manifesto per il governo del territorio - Nuovi Lavori","og_description":"Da Taranto gli architetti italiani hanno lanciato nel luglio scorso il Manifesto per il governo del territorio, con i paradigmi della rigenerazione urbana, della per tutela del paesaggio, della sostenibilit\u00e0 ambientale, della tutela dal rischio idrogeologico e sismico. La Conferenza Nazionale degli Ordini degli Architetti, Pianificatori, Paesaggisti e Conservatori (PPC) e il CNAPPC da Taranto [&hellip;]","og_url":"https:\/\/nuovi-lavori.it\/index.php\/manifesto-per-il-governo-del-territorio\/","og_site_name":"Nuovi Lavori","article_published_time":"2016-03-22T09:09:15+00:00","og_image":[{"width":584,"height":800,"url":"https:\/\/nuovi-lavori.it\/wp-content\/uploads\/2016\/03\/images_Manifesto01.jpg","type":"image\/jpeg"}],"author":"Lia","twitter_card":"summary_large_image","twitter_misc":{"Scritto da":"Lia","Tempo di lettura stimato":"5 minuti"},"schema":{"@context":"https:\/\/schema.org","@graph":[{"@type":"Article","@id":"https:\/\/nuovi-lavori.it\/index.php\/manifesto-per-il-governo-del-territorio\/#article","isPartOf":{"@id":"https:\/\/nuovi-lavori.it\/index.php\/manifesto-per-il-governo-del-territorio\/"},"author":{"name":"Lia","@id":"https:\/\/nuovi-lavori.it\/#\/schema\/person\/381e9894ea394d41738d8d55e63fc0da"},"headline":"Manifesto per il governo del territorio","datePublished":"2016-03-22T09:09:15+00:00","mainEntityOfPage":{"@id":"https:\/\/nuovi-lavori.it\/index.php\/manifesto-per-il-governo-del-territorio\/"},"wordCount":939,"commentCount":0,"publisher":{"@id":"https:\/\/nuovi-lavori.it\/#organization"},"image":{"@id":"https:\/\/nuovi-lavori.it\/index.php\/manifesto-per-il-governo-del-territorio\/#primaryimage"},"thumbnailUrl":"https:\/\/nuovi-lavori.it\/wp-content\/uploads\/2016\/03\/images_Manifesto01.jpg","articleSection":["Newsletter"],"inLanguage":"it-IT","potentialAction":[{"@type":"CommentAction","name":"Comment","target":["https:\/\/nuovi-lavori.it\/index.php\/manifesto-per-il-governo-del-territorio\/#respond"]}]},{"@type":"WebPage","@id":"https:\/\/nuovi-lavori.it\/index.php\/manifesto-per-il-governo-del-territorio\/","url":"https:\/\/nuovi-lavori.it\/index.php\/manifesto-per-il-governo-del-territorio\/","name":"Manifesto per il governo del territorio - Nuovi Lavori","isPartOf":{"@id":"https:\/\/nuovi-lavori.it\/#website"},"primaryImageOfPage":{"@id":"https:\/\/nuovi-lavori.it\/index.php\/manifesto-per-il-governo-del-territorio\/#primaryimage"},"image":{"@id":"https:\/\/nuovi-lavori.it\/index.php\/manifesto-per-il-governo-del-territorio\/#primaryimage"},"thumbnailUrl":"https:\/\/nuovi-lavori.it\/wp-content\/uploads\/2016\/03\/images_Manifesto01.jpg","datePublished":"2016-03-22T09:09:15+00:00","breadcrumb":{"@id":"https:\/\/nuovi-lavori.it\/index.php\/manifesto-per-il-governo-del-territorio\/#breadcrumb"},"inLanguage":"it-IT","potentialAction":[{"@type":"ReadAction","target":["https:\/\/nuovi-lavori.it\/index.php\/manifesto-per-il-governo-del-territorio\/"]}]},{"@type":"ImageObject","inLanguage":"it-IT","@id":"https:\/\/nuovi-lavori.it\/index.php\/manifesto-per-il-governo-del-territorio\/#primaryimage","url":"https:\/\/nuovi-lavori.it\/wp-content\/uploads\/2016\/03\/images_Manifesto01.jpg","contentUrl":"https:\/\/nuovi-lavori.it\/wp-content\/uploads\/2016\/03\/images_Manifesto01.jpg","width":584,"height":800},{"@type":"BreadcrumbList","@id":"https:\/\/nuovi-lavori.it\/index.php\/manifesto-per-il-governo-del-territorio\/#breadcrumb","itemListElement":[{"@type":"ListItem","position":1,"name":"Home","item":"https:\/\/nuovi-lavori.it\/"},{"@type":"ListItem","position":2,"name":"Newsletter","item":"https:\/\/nuovi-lavori.it\/index.php\/category\/newsletter\/"},{"@type":"ListItem","position":3,"name":"Manifesto per il governo del territorio"}]},{"@type":"WebSite","@id":"https:\/\/nuovi-lavori.it\/#website","url":"https:\/\/nuovi-lavori.it\/","name":"Nuovi Lavori","description":"","publisher":{"@id":"https:\/\/nuovi-lavori.it\/#organization"},"potentialAction":[{"@type":"SearchAction","target":{"@type":"EntryPoint","urlTemplate":"https:\/\/nuovi-lavori.it\/?s={search_term_string}"},"query-input":{"@type":"PropertyValueSpecification","valueRequired":true,"valueName":"search_term_string"}}],"inLanguage":"it-IT"},{"@type":"Organization","@id":"https:\/\/nuovi-lavori.it\/#organization","name":"Nuovi Lavori","url":"https:\/\/nuovi-lavori.it\/","logo":{"@type":"ImageObject","inLanguage":"it-IT","@id":"https:\/\/nuovi-lavori.it\/#\/schema\/logo\/image\/","url":"http:\/\/5.249.146.118\/wp-content\/uploads\/2013\/11\/images_logonl.jpg","contentUrl":"http:\/\/5.249.146.118\/wp-content\/uploads\/2013\/11\/images_logonl.jpg","width":400,"height":327,"caption":"Nuovi Lavori"},"image":{"@id":"https:\/\/nuovi-lavori.it\/#\/schema\/logo\/image\/"},"sameAs":["https:\/\/www.youtube.com\/user\/newsletteranl"]},{"@type":"Person","@id":"https:\/\/nuovi-lavori.it\/#\/schema\/person\/381e9894ea394d41738d8d55e63fc0da","name":"Lia","image":{"@type":"ImageObject","inLanguage":"it-IT","@id":"https:\/\/secure.gravatar.com\/avatar\/1c1ab5e88d6553d3bd7303b8f064565e43a5f4bcf8fa0acc18820db78be45882?s=96&d=mm&r=g","url":"https:\/\/secure.gravatar.com\/avatar\/1c1ab5e88d6553d3bd7303b8f064565e43a5f4bcf8fa0acc18820db78be45882?s=96&d=mm&r=g","contentUrl":"https:\/\/secure.gravatar.com\/avatar\/1c1ab5e88d6553d3bd7303b8f064565e43a5f4bcf8fa0acc18820db78be45882?s=96&d=mm&r=g","caption":"Lia"},"url":"https:\/\/nuovi-lavori.it\/index.php\/author\/lia\/"}]}},"_links":{"self":[{"href":"https:\/\/nuovi-lavori.it\/index.php\/wp-json\/wp\/v2\/posts\/1609","targetHints":{"allow":["GET"]}}],"collection":[{"href":"https:\/\/nuovi-lavori.it\/index.php\/wp-json\/wp\/v2\/posts"}],"about":[{"href":"https:\/\/nuovi-lavori.it\/index.php\/wp-json\/wp\/v2\/types\/post"}],"author":[{"embeddable":true,"href":"https:\/\/nuovi-lavori.it\/index.php\/wp-json\/wp\/v2\/users\/2"}],"replies":[{"embeddable":true,"href":"https:\/\/nuovi-lavori.it\/index.php\/wp-json\/wp\/v2\/comments?post=1609"}],"version-history":[{"count":0,"href":"https:\/\/nuovi-lavori.it\/index.php\/wp-json\/wp\/v2\/posts\/1609\/revisions"}],"wp:featuredmedia":[{"embeddable":true,"href":"https:\/\/nuovi-lavori.it\/index.php\/wp-json\/wp\/v2\/media\/1608"}],"wp:attachment":[{"href":"https:\/\/nuovi-lavori.it\/index.php\/wp-json\/wp\/v2\/media?parent=1609"}],"wp:term":[{"taxonomy":"category","embeddable":true,"href":"https:\/\/nuovi-lavori.it\/index.php\/wp-json\/wp\/v2\/categories?post=1609"},{"taxonomy":"post_tag","embeddable":true,"href":"https:\/\/nuovi-lavori.it\/index.php\/wp-json\/wp\/v2\/tags?post=1609"}],"curies":[{"name":"wp","href":"https:\/\/api.w.org\/{rel}","templated":true}]}}