{"id":1613,"date":"2016-03-22T09:05:33","date_gmt":"2016-03-22T08:05:33","guid":{"rendered":"http:\/\/5.249.146.118\/strada-in-salita-per-la-raccolta-dei-rifiuti\/"},"modified":"2016-03-22T09:05:33","modified_gmt":"2016-03-22T08:05:33","slug":"strada-in-salita-per-la-raccolta-dei-rifiuti","status":"publish","type":"post","link":"https:\/\/nuovi-lavori.it\/index.php\/strada-in-salita-per-la-raccolta-dei-rifiuti\/","title":{"rendered":"Strada in salita per la raccolta dei rifiuti"},"content":{"rendered":"<p style=\"text-align: justify;\"><em>Produzione di rifiuti urbani [tab 7]<\/em><\/p>\n<p style=\"text-align: justify;\"><em>(produzione annua pro Capite di rifiuti urbani (kg\/ab); fonte: Censimento eCosistema urba- no XXii edizione)\u00a0<\/em><\/p>\n<p style=\"text-align: justify;\">La produzione di rifiuti rappresenta una delle pressioni ambientali maggiori delle nostre citt\u00e0 e non solo laddove sono scoppiate delle vere e proprie emergenze legate alla loro raccolta e smaltimento. Per questo motivo la riduzione della produzione dei rifiuti \u00e8 un obiettivo importante presente in tutti i documenti e nelle politiche europee e nazionali.\u00a0<\/p>\n<p style=\"text-align: justify;\">Nel 2014 la produzione pro capite di rifiuti urbani si \u00e8 attestata in un intervallo che va da 366 kg a 798 kg\/ab, con una media di 540 kg pro capite, che si attesta sui valori del 2013, dopo il calo registrato negli ultimi anni di crisi economica (561 kg\/ab nel 2012 e 587 kg\/ ab nel 2010).\u00a0<\/p>\n<p style=\"text-align: justify;\">Sono 4 le citt\u00e0 che restano al di sotto di quota 400 kg\/abitante all\u2019anno: Nuoro (366 kg\/ab), Belluno (397 kg\/ab), Benevento (398 kg\/ab) e Crotone (399 kg\/ab). Dall\u2019altra parte della classifica, sfiorano gli 800 chili procapite all\u2019anno Rimini (798 kg\/ab) e Pisa (796 kg\/ab), in calo rispetto all\u2019anno precedente.\u00a0<\/p>\n<p style=\"text-align: justify;\">Si sottolinea che spesso le maggiori produzioni di rifiuti caratterizzano citt\u00e0 a elevata affluenza turistica e di popolazione pendolare o studentesca (non residente) oppure quelle dove \u00e8 mag- giore la commistione con rifiuti assimilabili dall\u2019industria.\u00a0<\/p>\n<p style=\"text-align: justify;\"><img fetchpriority=\"high\" decoding=\"async\" class=\" size-full wp-image-1611\" src=\"http:\/\/5.249.146.118\/wp-content\/uploads\/2016\/03\/images_Schermata-2016-03-25-alle-09.08.10.png\" border=\"0\" alt=\"\" width=\"662\" height=\"842\" srcset=\"https:\/\/nuovi-lavori.it\/wp-content\/uploads\/2016\/03\/images_Schermata-2016-03-25-alle-09.08.10.png 662w, https:\/\/nuovi-lavori.it\/wp-content\/uploads\/2016\/03\/images_Schermata-2016-03-25-alle-09.08.10-236x300.png 236w\" sizes=\"(max-width: 662px) 100vw, 662px\" \/><\/p>\n<p style=\"text-align: justify;\">\u00a0<\/p>\n<p style=\"text-align: justify;\"><em>Rifiuti: raccolta differenziata [tab 8]<\/em><br \/><em> (% di rifiuti differenziati (frazioni reCuperabili) sul totale dei rifiuti urbani prodotti; fonte: Cen- simento eCosistema urbano XXii edizione)\u00a0<\/em><\/p>\n<p style=\"text-align: justify;\">La percentuale di raccolta differenziata (RD) sul totale dei rifiuti urbani nel 2014 conferma la sua lenta crescita gi\u00e0 registrata nelle ultime edizioni e si attesta su un valore medio di 43,90% (era di 41,15% nel 2013). Tuttavia anche quest\u2019anno i dati testimoniano che il raggiungimento degli obiettivi di legge \u00e8 ancora lontano: quello per il 2012, fissato al 65%, \u00e8 stato raggiunto\u00a0<\/p>\n<p style=\"text-align: justify;\">22\u00a0<\/p>\n<p style=\"text-align: justify;\">solo da 12 citt\u00e0, mentre la soglia del 35%, prevista per il 2006, non \u00e8 stata ancora raggiunta da 36 comuni. Spicca su tutti il dato di Pordenone che \u00e8 l\u2019unico capoluogo a superare l\u201980% di rifiuti raccolti e differenziati (85%), seguito da Trento e Belluno al 79%, Mantova quasi al 77% e Novara e Verbania al 72%.\u00a0<\/p>\n<p style=\"text-align: justify;\">A conferma di una tendenza che si era gi\u00e0 espressa negli ultimi anni, comunque, anche in alcu- ne citt\u00e0 del Sud la RD si sta diffondendo come buona pratica: citt\u00e0 come Benevento e Salerno hanno percentuali che superano il 65%, mentre Teramo, Oristano e Nuoro sono intorno al 60%. Tuttavia bisogna ricordare che tutte le 12 citt\u00e0 che presentano i valori peggiori (con un RD infe- riore al 15%) si trovano esclusivamente al Sud, con Catanzaro, Enna, Foggia, Isernia, Messina, Palermo, Reggio Calabria, Siracusa e Trapani che non raggiungono il 10%.\u00a0<\/p>\n<p style=\"text-align: justify;\">Si precisa che, in alcuni casi, i dati presentati risultano sottostimati rispetto a quanto dichiarato dai comuni poich\u00e9, per esigenze di comparabilit\u00e0, la quota di raccolta differenziata viene cal- colata al netto di alcune voci (la pi\u00f9 rilevante, ad esempio, \u00e8 quella degli inerti).\u00a0<\/p>\n<p style=\"text-align: justify;\">\u00a0<img decoding=\"async\" class=\" size-full wp-image-1612\" src=\"http:\/\/5.249.146.118\/wp-content\/uploads\/2016\/03\/images_Schermata-2016-03-25-alle-09.08.21.png\" border=\"0\" alt=\"\" width=\"669\" height=\"871\" srcset=\"https:\/\/nuovi-lavori.it\/wp-content\/uploads\/2016\/03\/images_Schermata-2016-03-25-alle-09.08.21.png 669w, https:\/\/nuovi-lavori.it\/wp-content\/uploads\/2016\/03\/images_Schermata-2016-03-25-alle-09.08.21-230x300.png 230w\" sizes=\"(max-width: 669px) 100vw, 669px\" \/><\/p>\n<p style=\"text-align: justify;\">\u00a0<\/p>\n<p style=\"text-align: justify;\">* ECOSISTEMA URBANO \u00a0&#8221;XXII Rapporto sulla qualit\u00e0 ambientale dei comuni capoluogo di provincia&#8221;<\/p>\n","protected":false},"excerpt":{"rendered":"<p>Produzione di rifiuti urbani [tab 7] (produzione annua pro Capite di rifiuti urbani (kg\/ab); fonte: Censimento eCosistema urba- no XXii edizione)\u00a0 La produzione di rifiuti rappresenta una delle pressioni ambientali maggiori delle nostre citt\u00e0 e non solo laddove sono scoppiate delle vere e proprie emergenze legate alla loro raccolta e smaltimento. Per questo motivo la [&hellip;]<\/p>\n","protected":false},"author":2,"featured_media":1610,"comment_status":"open","ping_status":"open","sticky":false,"template":"","format":"standard","meta":{"footnotes":""},"categories":[9],"tags":[],"class_list":["post-1613","post","type-post","status-publish","format-standard","has-post-thumbnail","hentry","category-newsletter"],"yoast_head":"<!-- This site is optimized with the Yoast SEO plugin v27.4 - https:\/\/yoast.com\/product\/yoast-seo-wordpress\/ -->\n<title>Strada in salita per la raccolta dei rifiuti - Nuovi Lavori<\/title>\n<meta name=\"robots\" content=\"index, follow, max-snippet:-1, max-image-preview:large, max-video-preview:-1\" \/>\n<link rel=\"canonical\" href=\"https:\/\/nuovi-lavori.it\/index.php\/strada-in-salita-per-la-raccolta-dei-rifiuti\/\" \/>\n<meta property=\"og:locale\" content=\"it_IT\" \/>\n<meta property=\"og:type\" content=\"article\" \/>\n<meta property=\"og:title\" content=\"Strada in salita per la raccolta dei rifiuti - Nuovi Lavori\" \/>\n<meta property=\"og:description\" content=\"Produzione di rifiuti urbani [tab 7] (produzione annua pro Capite di rifiuti urbani (kg\/ab); fonte: Censimento eCosistema urba- no XXii edizione)\u00a0 La produzione di rifiuti rappresenta una delle pressioni ambientali maggiori delle nostre citt\u00e0 e non solo laddove sono scoppiate delle vere e proprie emergenze legate alla loro raccolta e smaltimento. Per questo motivo la [&hellip;]\" \/>\n<meta property=\"og:url\" content=\"https:\/\/nuovi-lavori.it\/index.php\/strada-in-salita-per-la-raccolta-dei-rifiuti\/\" \/>\n<meta property=\"og:site_name\" content=\"Nuovi Lavori\" \/>\n<meta property=\"article:published_time\" content=\"2016-03-22T08:05:33+00:00\" \/>\n<meta property=\"og:image\" content=\"https:\/\/nuovi-lavori.it\/wp-content\/uploads\/2016\/03\/images_legam.png\" \/>\n\t<meta property=\"og:image:width\" content=\"225\" \/>\n\t<meta property=\"og:image:height\" content=\"225\" \/>\n\t<meta property=\"og:image:type\" content=\"image\/png\" \/>\n<meta name=\"author\" content=\"Lia\" \/>\n<meta name=\"twitter:card\" content=\"summary_large_image\" \/>\n<meta name=\"twitter:label1\" content=\"Scritto da\" \/>\n\t<meta name=\"twitter:data1\" content=\"Lia\" \/>\n\t<meta name=\"twitter:label2\" content=\"Tempo di lettura stimato\" \/>\n\t<meta name=\"twitter:data2\" content=\"2 minuti\" \/>\n<script type=\"application\/ld+json\" class=\"yoast-schema-graph\">{\"@context\":\"https:\\\/\\\/schema.org\",\"@graph\":[{\"@type\":\"Article\",\"@id\":\"https:\\\/\\\/nuovi-lavori.it\\\/index.php\\\/strada-in-salita-per-la-raccolta-dei-rifiuti\\\/#article\",\"isPartOf\":{\"@id\":\"https:\\\/\\\/nuovi-lavori.it\\\/index.php\\\/strada-in-salita-per-la-raccolta-dei-rifiuti\\\/\"},\"author\":{\"name\":\"Lia\",\"@id\":\"https:\\\/\\\/nuovi-lavori.it\\\/#\\\/schema\\\/person\\\/381e9894ea394d41738d8d55e63fc0da\"},\"headline\":\"Strada in salita per la raccolta dei rifiuti\",\"datePublished\":\"2016-03-22T08:05:33+00:00\",\"mainEntityOfPage\":{\"@id\":\"https:\\\/\\\/nuovi-lavori.it\\\/index.php\\\/strada-in-salita-per-la-raccolta-dei-rifiuti\\\/\"},\"wordCount\":486,\"commentCount\":0,\"publisher\":{\"@id\":\"https:\\\/\\\/nuovi-lavori.it\\\/#organization\"},\"image\":{\"@id\":\"https:\\\/\\\/nuovi-lavori.it\\\/index.php\\\/strada-in-salita-per-la-raccolta-dei-rifiuti\\\/#primaryimage\"},\"thumbnailUrl\":\"https:\\\/\\\/nuovi-lavori.it\\\/wp-content\\\/uploads\\\/2016\\\/03\\\/images_legam.png\",\"articleSection\":[\"Newsletter\"],\"inLanguage\":\"it-IT\",\"potentialAction\":[{\"@type\":\"CommentAction\",\"name\":\"Comment\",\"target\":[\"https:\\\/\\\/nuovi-lavori.it\\\/index.php\\\/strada-in-salita-per-la-raccolta-dei-rifiuti\\\/#respond\"]}]},{\"@type\":\"WebPage\",\"@id\":\"https:\\\/\\\/nuovi-lavori.it\\\/index.php\\\/strada-in-salita-per-la-raccolta-dei-rifiuti\\\/\",\"url\":\"https:\\\/\\\/nuovi-lavori.it\\\/index.php\\\/strada-in-salita-per-la-raccolta-dei-rifiuti\\\/\",\"name\":\"Strada in salita per la raccolta dei rifiuti - Nuovi Lavori\",\"isPartOf\":{\"@id\":\"https:\\\/\\\/nuovi-lavori.it\\\/#website\"},\"primaryImageOfPage\":{\"@id\":\"https:\\\/\\\/nuovi-lavori.it\\\/index.php\\\/strada-in-salita-per-la-raccolta-dei-rifiuti\\\/#primaryimage\"},\"image\":{\"@id\":\"https:\\\/\\\/nuovi-lavori.it\\\/index.php\\\/strada-in-salita-per-la-raccolta-dei-rifiuti\\\/#primaryimage\"},\"thumbnailUrl\":\"https:\\\/\\\/nuovi-lavori.it\\\/wp-content\\\/uploads\\\/2016\\\/03\\\/images_legam.png\",\"datePublished\":\"2016-03-22T08:05:33+00:00\",\"breadcrumb\":{\"@id\":\"https:\\\/\\\/nuovi-lavori.it\\\/index.php\\\/strada-in-salita-per-la-raccolta-dei-rifiuti\\\/#breadcrumb\"},\"inLanguage\":\"it-IT\",\"potentialAction\":[{\"@type\":\"ReadAction\",\"target\":[\"https:\\\/\\\/nuovi-lavori.it\\\/index.php\\\/strada-in-salita-per-la-raccolta-dei-rifiuti\\\/\"]}]},{\"@type\":\"ImageObject\",\"inLanguage\":\"it-IT\",\"@id\":\"https:\\\/\\\/nuovi-lavori.it\\\/index.php\\\/strada-in-salita-per-la-raccolta-dei-rifiuti\\\/#primaryimage\",\"url\":\"https:\\\/\\\/nuovi-lavori.it\\\/wp-content\\\/uploads\\\/2016\\\/03\\\/images_legam.png\",\"contentUrl\":\"https:\\\/\\\/nuovi-lavori.it\\\/wp-content\\\/uploads\\\/2016\\\/03\\\/images_legam.png\",\"width\":225,\"height\":225},{\"@type\":\"BreadcrumbList\",\"@id\":\"https:\\\/\\\/nuovi-lavori.it\\\/index.php\\\/strada-in-salita-per-la-raccolta-dei-rifiuti\\\/#breadcrumb\",\"itemListElement\":[{\"@type\":\"ListItem\",\"position\":1,\"name\":\"Home\",\"item\":\"https:\\\/\\\/nuovi-lavori.it\\\/\"},{\"@type\":\"ListItem\",\"position\":2,\"name\":\"Newsletter\",\"item\":\"https:\\\/\\\/nuovi-lavori.it\\\/index.php\\\/category\\\/newsletter\\\/\"},{\"@type\":\"ListItem\",\"position\":3,\"name\":\"Strada in salita per la raccolta dei rifiuti\"}]},{\"@type\":\"WebSite\",\"@id\":\"https:\\\/\\\/nuovi-lavori.it\\\/#website\",\"url\":\"https:\\\/\\\/nuovi-lavori.it\\\/\",\"name\":\"Nuovi Lavori\",\"description\":\"\",\"publisher\":{\"@id\":\"https:\\\/\\\/nuovi-lavori.it\\\/#organization\"},\"potentialAction\":[{\"@type\":\"SearchAction\",\"target\":{\"@type\":\"EntryPoint\",\"urlTemplate\":\"https:\\\/\\\/nuovi-lavori.it\\\/?s={search_term_string}\"},\"query-input\":{\"@type\":\"PropertyValueSpecification\",\"valueRequired\":true,\"valueName\":\"search_term_string\"}}],\"inLanguage\":\"it-IT\"},{\"@type\":\"Organization\",\"@id\":\"https:\\\/\\\/nuovi-lavori.it\\\/#organization\",\"name\":\"Nuovi Lavori\",\"url\":\"https:\\\/\\\/nuovi-lavori.it\\\/\",\"logo\":{\"@type\":\"ImageObject\",\"inLanguage\":\"it-IT\",\"@id\":\"https:\\\/\\\/nuovi-lavori.it\\\/#\\\/schema\\\/logo\\\/image\\\/\",\"url\":\"http:\\\/\\\/5.249.146.118\\\/wp-content\\\/uploads\\\/2013\\\/11\\\/images_logonl.jpg\",\"contentUrl\":\"http:\\\/\\\/5.249.146.118\\\/wp-content\\\/uploads\\\/2013\\\/11\\\/images_logonl.jpg\",\"width\":400,\"height\":327,\"caption\":\"Nuovi Lavori\"},\"image\":{\"@id\":\"https:\\\/\\\/nuovi-lavori.it\\\/#\\\/schema\\\/logo\\\/image\\\/\"},\"sameAs\":[\"https:\\\/\\\/www.youtube.com\\\/user\\\/newsletteranl\"]},{\"@type\":\"Person\",\"@id\":\"https:\\\/\\\/nuovi-lavori.it\\\/#\\\/schema\\\/person\\\/381e9894ea394d41738d8d55e63fc0da\",\"name\":\"Lia\",\"image\":{\"@type\":\"ImageObject\",\"inLanguage\":\"it-IT\",\"@id\":\"https:\\\/\\\/secure.gravatar.com\\\/avatar\\\/1c1ab5e88d6553d3bd7303b8f064565e43a5f4bcf8fa0acc18820db78be45882?s=96&d=mm&r=g\",\"url\":\"https:\\\/\\\/secure.gravatar.com\\\/avatar\\\/1c1ab5e88d6553d3bd7303b8f064565e43a5f4bcf8fa0acc18820db78be45882?s=96&d=mm&r=g\",\"contentUrl\":\"https:\\\/\\\/secure.gravatar.com\\\/avatar\\\/1c1ab5e88d6553d3bd7303b8f064565e43a5f4bcf8fa0acc18820db78be45882?s=96&d=mm&r=g\",\"caption\":\"Lia\"},\"url\":\"https:\\\/\\\/nuovi-lavori.it\\\/index.php\\\/author\\\/lia\\\/\"}]}<\/script>\n<!-- \/ Yoast SEO plugin. -->","yoast_head_json":{"title":"Strada in salita per la raccolta dei rifiuti - Nuovi Lavori","robots":{"index":"index","follow":"follow","max-snippet":"max-snippet:-1","max-image-preview":"max-image-preview:large","max-video-preview":"max-video-preview:-1"},"canonical":"https:\/\/nuovi-lavori.it\/index.php\/strada-in-salita-per-la-raccolta-dei-rifiuti\/","og_locale":"it_IT","og_type":"article","og_title":"Strada in salita per la raccolta dei rifiuti - Nuovi Lavori","og_description":"Produzione di rifiuti urbani [tab 7] (produzione annua pro Capite di rifiuti urbani (kg\/ab); fonte: Censimento eCosistema urba- no XXii edizione)\u00a0 La produzione di rifiuti rappresenta una delle pressioni ambientali maggiori delle nostre citt\u00e0 e non solo laddove sono scoppiate delle vere e proprie emergenze legate alla loro raccolta e smaltimento. Per questo motivo la [&hellip;]","og_url":"https:\/\/nuovi-lavori.it\/index.php\/strada-in-salita-per-la-raccolta-dei-rifiuti\/","og_site_name":"Nuovi Lavori","article_published_time":"2016-03-22T08:05:33+00:00","og_image":[{"width":225,"height":225,"url":"https:\/\/nuovi-lavori.it\/wp-content\/uploads\/2016\/03\/images_legam.png","type":"image\/png"}],"author":"Lia","twitter_card":"summary_large_image","twitter_misc":{"Scritto da":"Lia","Tempo di lettura stimato":"2 minuti"},"schema":{"@context":"https:\/\/schema.org","@graph":[{"@type":"Article","@id":"https:\/\/nuovi-lavori.it\/index.php\/strada-in-salita-per-la-raccolta-dei-rifiuti\/#article","isPartOf":{"@id":"https:\/\/nuovi-lavori.it\/index.php\/strada-in-salita-per-la-raccolta-dei-rifiuti\/"},"author":{"name":"Lia","@id":"https:\/\/nuovi-lavori.it\/#\/schema\/person\/381e9894ea394d41738d8d55e63fc0da"},"headline":"Strada in salita per la raccolta dei rifiuti","datePublished":"2016-03-22T08:05:33+00:00","mainEntityOfPage":{"@id":"https:\/\/nuovi-lavori.it\/index.php\/strada-in-salita-per-la-raccolta-dei-rifiuti\/"},"wordCount":486,"commentCount":0,"publisher":{"@id":"https:\/\/nuovi-lavori.it\/#organization"},"image":{"@id":"https:\/\/nuovi-lavori.it\/index.php\/strada-in-salita-per-la-raccolta-dei-rifiuti\/#primaryimage"},"thumbnailUrl":"https:\/\/nuovi-lavori.it\/wp-content\/uploads\/2016\/03\/images_legam.png","articleSection":["Newsletter"],"inLanguage":"it-IT","potentialAction":[{"@type":"CommentAction","name":"Comment","target":["https:\/\/nuovi-lavori.it\/index.php\/strada-in-salita-per-la-raccolta-dei-rifiuti\/#respond"]}]},{"@type":"WebPage","@id":"https:\/\/nuovi-lavori.it\/index.php\/strada-in-salita-per-la-raccolta-dei-rifiuti\/","url":"https:\/\/nuovi-lavori.it\/index.php\/strada-in-salita-per-la-raccolta-dei-rifiuti\/","name":"Strada in salita per la raccolta dei rifiuti - Nuovi Lavori","isPartOf":{"@id":"https:\/\/nuovi-lavori.it\/#website"},"primaryImageOfPage":{"@id":"https:\/\/nuovi-lavori.it\/index.php\/strada-in-salita-per-la-raccolta-dei-rifiuti\/#primaryimage"},"image":{"@id":"https:\/\/nuovi-lavori.it\/index.php\/strada-in-salita-per-la-raccolta-dei-rifiuti\/#primaryimage"},"thumbnailUrl":"https:\/\/nuovi-lavori.it\/wp-content\/uploads\/2016\/03\/images_legam.png","datePublished":"2016-03-22T08:05:33+00:00","breadcrumb":{"@id":"https:\/\/nuovi-lavori.it\/index.php\/strada-in-salita-per-la-raccolta-dei-rifiuti\/#breadcrumb"},"inLanguage":"it-IT","potentialAction":[{"@type":"ReadAction","target":["https:\/\/nuovi-lavori.it\/index.php\/strada-in-salita-per-la-raccolta-dei-rifiuti\/"]}]},{"@type":"ImageObject","inLanguage":"it-IT","@id":"https:\/\/nuovi-lavori.it\/index.php\/strada-in-salita-per-la-raccolta-dei-rifiuti\/#primaryimage","url":"https:\/\/nuovi-lavori.it\/wp-content\/uploads\/2016\/03\/images_legam.png","contentUrl":"https:\/\/nuovi-lavori.it\/wp-content\/uploads\/2016\/03\/images_legam.png","width":225,"height":225},{"@type":"BreadcrumbList","@id":"https:\/\/nuovi-lavori.it\/index.php\/strada-in-salita-per-la-raccolta-dei-rifiuti\/#breadcrumb","itemListElement":[{"@type":"ListItem","position":1,"name":"Home","item":"https:\/\/nuovi-lavori.it\/"},{"@type":"ListItem","position":2,"name":"Newsletter","item":"https:\/\/nuovi-lavori.it\/index.php\/category\/newsletter\/"},{"@type":"ListItem","position":3,"name":"Strada in salita per la raccolta dei rifiuti"}]},{"@type":"WebSite","@id":"https:\/\/nuovi-lavori.it\/#website","url":"https:\/\/nuovi-lavori.it\/","name":"Nuovi Lavori","description":"","publisher":{"@id":"https:\/\/nuovi-lavori.it\/#organization"},"potentialAction":[{"@type":"SearchAction","target":{"@type":"EntryPoint","urlTemplate":"https:\/\/nuovi-lavori.it\/?s={search_term_string}"},"query-input":{"@type":"PropertyValueSpecification","valueRequired":true,"valueName":"search_term_string"}}],"inLanguage":"it-IT"},{"@type":"Organization","@id":"https:\/\/nuovi-lavori.it\/#organization","name":"Nuovi Lavori","url":"https:\/\/nuovi-lavori.it\/","logo":{"@type":"ImageObject","inLanguage":"it-IT","@id":"https:\/\/nuovi-lavori.it\/#\/schema\/logo\/image\/","url":"http:\/\/5.249.146.118\/wp-content\/uploads\/2013\/11\/images_logonl.jpg","contentUrl":"http:\/\/5.249.146.118\/wp-content\/uploads\/2013\/11\/images_logonl.jpg","width":400,"height":327,"caption":"Nuovi Lavori"},"image":{"@id":"https:\/\/nuovi-lavori.it\/#\/schema\/logo\/image\/"},"sameAs":["https:\/\/www.youtube.com\/user\/newsletteranl"]},{"@type":"Person","@id":"https:\/\/nuovi-lavori.it\/#\/schema\/person\/381e9894ea394d41738d8d55e63fc0da","name":"Lia","image":{"@type":"ImageObject","inLanguage":"it-IT","@id":"https:\/\/secure.gravatar.com\/avatar\/1c1ab5e88d6553d3bd7303b8f064565e43a5f4bcf8fa0acc18820db78be45882?s=96&d=mm&r=g","url":"https:\/\/secure.gravatar.com\/avatar\/1c1ab5e88d6553d3bd7303b8f064565e43a5f4bcf8fa0acc18820db78be45882?s=96&d=mm&r=g","contentUrl":"https:\/\/secure.gravatar.com\/avatar\/1c1ab5e88d6553d3bd7303b8f064565e43a5f4bcf8fa0acc18820db78be45882?s=96&d=mm&r=g","caption":"Lia"},"url":"https:\/\/nuovi-lavori.it\/index.php\/author\/lia\/"}]}},"_links":{"self":[{"href":"https:\/\/nuovi-lavori.it\/index.php\/wp-json\/wp\/v2\/posts\/1613","targetHints":{"allow":["GET"]}}],"collection":[{"href":"https:\/\/nuovi-lavori.it\/index.php\/wp-json\/wp\/v2\/posts"}],"about":[{"href":"https:\/\/nuovi-lavori.it\/index.php\/wp-json\/wp\/v2\/types\/post"}],"author":[{"embeddable":true,"href":"https:\/\/nuovi-lavori.it\/index.php\/wp-json\/wp\/v2\/users\/2"}],"replies":[{"embeddable":true,"href":"https:\/\/nuovi-lavori.it\/index.php\/wp-json\/wp\/v2\/comments?post=1613"}],"version-history":[{"count":0,"href":"https:\/\/nuovi-lavori.it\/index.php\/wp-json\/wp\/v2\/posts\/1613\/revisions"}],"wp:featuredmedia":[{"embeddable":true,"href":"https:\/\/nuovi-lavori.it\/index.php\/wp-json\/wp\/v2\/media\/1610"}],"wp:attachment":[{"href":"https:\/\/nuovi-lavori.it\/index.php\/wp-json\/wp\/v2\/media?parent=1613"}],"wp:term":[{"taxonomy":"category","embeddable":true,"href":"https:\/\/nuovi-lavori.it\/index.php\/wp-json\/wp\/v2\/categories?post=1613"},{"taxonomy":"post_tag","embeddable":true,"href":"https:\/\/nuovi-lavori.it\/index.php\/wp-json\/wp\/v2\/tags?post=1613"}],"curies":[{"name":"wp","href":"https:\/\/api.w.org\/{rel}","templated":true}]}}