{"id":17745,"date":"2022-11-21T17:58:09","date_gmt":"2022-11-21T16:58:09","guid":{"rendered":"https:\/\/nuovi-lavori.it\/?p=17745"},"modified":"2022-11-22T16:45:44","modified_gmt":"2022-11-22T15:45:44","slug":"un-valore-collettivo-in-un-luogo-e-per-un-luogo","status":"publish","type":"post","link":"https:\/\/nuovi-lavori.it\/index.php\/un-valore-collettivo-in-un-luogo-e-per-un-luogo\/","title":{"rendered":"Un valore collettivo in un luogo e per un luogo"},"content":{"rendered":"\n<p>Vado a trovare El Rojo per avere una sua opinione sulle \u201c<strong>comunit\u00e0 energetiche\u201d<\/strong>. Sono interessata ad ascoltare le considerazioni di chi gestisce un\u2019azienda agricola con energia prodotta da fonti rinnovabili, che usa forme avanzate di ciclo e riciclo delle produzioni e degli scarti che, nei periodi di minor consumo e maggiore produzione, <em>vende<\/em> le eccedenze al Gestore dei Servizi Energetici.&nbsp;<\/p>\n\n\n\n<p>Sono venuta per sapere che cosa ne pensi delle <strong>comunit\u00e0 energetiche. <\/strong>Mi interessa raccogliere le considerazioni di chi tratta agricoltura e zootecnia come settori capaci di produrre oltre all\u2019energia alimentare anche altre forme di energia (elettrica, gassosa, concimi, carbonio \u2026) dai cicli produttivi e dal riciclo degli scarti. Il tuo <em>casaletto<\/em> \u00e8 un ecosistema in equilibrio capace di esportare prodotti ed energia pulita, importando quasi nulla. Che cosa mi dici?<\/p>\n\n\n\n<p>Delle comunit\u00e0 energetiche, della loro filosofia e del loro essere presupposto dello sviluppo <em>sostenibile, <\/em>legato alla produzione di energia da fonti rinnovabili, penso tutto il bene possibile. Per chiarezza, vista la seconda parte della domanda, devo dirti che non possiamo n\u00e9 dobbiamo confondere le comunit\u00e0 energetiche con quello che ho realizzato nel mio <em>casaletto<\/em>. \u00c8 vero che qui uso quasi esclusivamente energie da fonti rinnovabili (traguardo che raggiunger\u00f2 quando disporr\u00f2 di un trattore a trazione elettrica) ma l\u2019ho realizzato in solitudine, come un qualsiasi imprenditore che, partendo dalle sue appartenenze culturali, ha valutato le convenienze realizzando impresa e processi. Purtroppo non ho trovato compagni di strada e non sono riuscito a creare con nessuno sinergie su obiettivi comuni.<\/p>\n\n\n\n<p>Ora i vicini cominciano ad affacciarsi e vedono i vantaggi di un\u2019azienda che offre prodotti nati in un ecosistema in equilibrio; non devo neanche scrivere <em>prodotti biologici<\/em>, ecc.; chiunque venga, vede e capisce rapidamente. La mia condizione gode di un importante favore di mercato che sta <em>commuovendo<\/em> i vicini, facendoli avvicinare. Mi dispiace che la vera scintilla dell\u2019interesse siano i vantaggi del mercato, ma tanto \u00e8, e la cultura che lo racchiude ne uscir\u00e0 rafforzata e socializzata.<\/p>\n\n\n\n<p>Mi sembra molto chiaro, ti promuovi come imprenditore ma ti rammarichi per la non riuscita come uomo sociale capace di costruire obiettivi e azioni comuni?<\/p>\n\n\n\n<p>Esatto. Le comunit\u00e0 energetiche sono un luogo in cui pi\u00f9 soggetti si danno come obiettivo comune (e da qui il termine <em>comunit\u00e0<\/em>) quello di usare i paradigmi dello sviluppo sostenibile, inizialmente nella produzione di energia e poi con l\u2019uso dell\u2019economia circolare.<\/p>\n\n\n\n<p>Per il <em>casaletto<\/em> devo confessare che sono molto contento di essere arrivato all\u2019autonomia energetica in una situazione di (relativi) alti consumi data la vastit\u00e0 e la molteplicit\u00e0 di coltivazioni e allevamenti. Ripeto per\u00f2 che le comunit\u00e0 energetiche sono altra cosa, hanno valore collettivo e sono realizzate <strong><em>in un luogo e per un luogo<\/em><\/strong> che comprende molti soggetti.<\/p>\n\n\n\n<p>Quello che \u00e8 stato realizzato al <em>casaletto<\/em> \u00e8 una sorta di <em>coitus interruptus<\/em> che non genera nulla se non vantaggi personali, non genera comunit\u00e0 con l\u2019obiettivo collettivo di raggiungere un altro sviluppo con un altro modo di produrre energie.<\/p>\n\n\n\n<p>Vuoi dire che le comunit\u00e0 energetiche possono essere un avamposto dello sviluppo sostenibile?<\/p>\n\n\n\n<p>Esatto, ma per ora il <em>casaletto<\/em> lo \u00e8 nelle tecnologie ma non nella sua organizzazione e appartenenza sociale. Sono solo, e le eccedenze produttive non le cedo alla comunit\u00e0 e alla societ\u00e0, quindi non ne faccio un atto di solidariet\u00e0 sociale ed ecologica. In questo modo sono un avamposto misero, bello da vedere, ricercato dal mercato e dagli avventori, ma somiglio pi\u00f9 all\u2019avamposto di <em>Balla coi lupi<\/em>; per carit\u00e0, \u00e8 bello e curato ma isolato socialmente e culturalmente (almeno dalla cultura delle lobby che governano i processi e non mollano n\u00e9 reti, n\u00e9 fonti fossili, n\u00e9 GSE).<\/p>\n\n\n\n<p>Certo, nessun individuo \u00e8 una comunit\u00e0 per cui \u00e8 giusta la differenza che poni. Costruirsi la propria autonomia energetica \u00e8 un dato imprenditoriale, incide sui comportamenti e le economie individuali, non entra nella formazione di valori e ricchezze collettive. Purtroppo l\u2019interpretazione sociale prevalente non \u00e8 univoca e i pochi interventi fino ad oggi realizzati sono pi\u00f9 simili alle azioni individuai.<\/p>\n\n\n\n<p>La confusione non \u00e8 solo nella societ\u00e0; abbiamo anche incertezze e confusioni normative e istituzionali. Per capire dove e come si possono ottenere i finanziamenti, servono i cani da tartufi. Non \u00e8 un caso che sia solo di questi giorni l\u2019annuncio da parte del Ministro riguardante un decreto legge. Spero solo che lo facciano presto.<\/p>\n\n\n\n<p>Ma secondo te dove risiede il motivo di questi ritardi?<\/p>\n\n\n\n<p>Ti ricordi la storia che \u201c<em>a pensar male si fa peccato ma \u2026\u201d <\/em>?; il dato \u00e8 semplice e lo accennavo prima: le comunit\u00e0 energetiche entrano in conflitto con i valori delle reti e il sospetto che i ritardi derivino proprio da questo, c\u2019\u00e8. Le comunit\u00e0 energetiche appartengono allo sviluppo sostenibile e quindi al cambiamento radicale di quanto espresso dalla storia di questi ultimi secoli. I cambiamenti storici non si improvvisano e non si devono improvvisare. Cambiare il modo di produrre ricchezza colpisce i ricchi che detengono i processi, ma anche i tanti che vivono di questi processi e che devono essere accompagnati nel cambiamento. <em>Avanti tutta<\/em> quindi, ma coinvolgendo, creando occupazione e vantaggi; niente proclami e medagliette al merito ma un lavoro culturale e propositivo che si produce e soprattutto si riproduce attraverso il raggiungimento delle convenienze, della salute del pianeta, della salute degli individui, dell\u2019occupazione con la cultura e la bellezza dell\u2019equilibrio.<\/p>\n\n\n\n<p>Chiaro. Ma giacch\u00e9 hai nominato il GSE, le eventuali eccedenze dove andranno? E i fabbisogni energetici aggiuntivi delle Comunit\u00e0 (come per te il carburante del trattore) dove saranno presi?<\/p>\n\n\n\n<p>Superata la fase di abbrivio, le Comunit\u00e0 Energetiche entreranno senz\u2019altro in un regime di <em>autonomia<\/em> rispetto alle attuali reti energetiche. Ed \u00e8 chiaro che \u00e8 anche questa l\u2019ipotesi che crea conflitto.<\/p>\n\n\n\n<p>Per le regole dello sviluppo sostenibile, realizzato <strong>anche <\/strong>con la crescita e la diffusione virtuosa delle Comunit\u00e0 Energetiche, si arriver\u00e0 pi\u00f9 facilmente alla marginalizzazione delle reti, a un loro nuovo peso e nuova presenza sul territorio, a ruoli ad oggi <em>inediti<\/em> nella governance territoriale, sociale e dei processi. Mentre gli eventuali fabbisogni aggiuntivi troveranno meccanismi interni o consortili di compensazione, le eccedenze, che oggi vengono date al GSE, troveranno mille&nbsp; occasioni per essere <strong>vendute <\/strong>o<strong> scambiate <\/strong>in loco. Pensiamo solo allo sviluppo della mobilit\u00e0 elettrica e alla necessit\u00e0 di dotare i territori con colonnine di ricarica per utenti in transito. E questo \u00e8 solo un esempio dei tanti che possono essere legati agli accumulatori, ai contratti di scambio, ai consorzi e a tutte le iniziative che un altro modo di gestire il territorio pu\u00f2 suggerire e favorire. E perch\u00e9 non creare una rete di comunit\u00e0 o meglio ancora una rete di solidariet\u00e0? Lo sviluppo sostenibile \u00e8 tale anche nella distribuzione della ricchezza e delle eccedenze. &nbsp;<\/p>\n\n\n\n<p>Il disegno \u00e8 importante. Del resto la storia dell\u2019uomo, nel suo rapporto con le trasformazioni territoriali, \u00e8 scritta nei parametri uomo-energia.<\/p>\n\n\n\n<p>Nulla di pi\u00f9 vero. Prima dell\u2019uso dei fossili e della successiva costruzione delle reti per l\u2019energia e la mobilit\u00e0 (e quindi al netto di quella umana e animale), la dimensione dell\u2019abitato era legata indissolubilmente alla possibilit\u00e0 di approvvigionamento degli alimenti, delle fonti per riscaldamento, dello smaltimento (rifiuti e liquami). Non era indifferente la localizzazione di campi e boschi; tutto doveva essere trasportato da uomini e animali coadiuvati da poche tecnologie collaborative. Lo stesso carbone vegetale nasce per trasportare una fonte energetica pi\u00f9 efficiente, meno pesante e meno deteriorabile del legno. Stesso discorso vale per gli alimenti essiccabili e conservabili (graminacee, cibi proteici essiccati o affumicati, ecc.) che possono essere stivati e trasportati con carri da territori lontani rispetto ai luoghi dell\u2019abitare.<\/p>\n\n\n\n<p>Mi stai dicendo che prima delle <em>reti<\/em> energetiche e della mobilit\u00e0 meccanica il mondo insediativo era un susseguirsi di Comunit\u00e0 Energetiche?<\/p>\n\n\n\n<p>Certamente. Gli studi su questi argomenti sono molti e molto interessanti. Solo per riportare alcuni dati sappiamo che i luoghi dell\u2019abitare avevano un intorno <em>per produzioni energetiche <\/em>mediamente di 50\/60 volte il loro raggio. Anche il lavoro e la divisione del lavoro era formata e misurata in gran parte su questo.<\/p>\n\n\n\n<p>Chi fa entrare in crisi il tutto sono i boschi che non si rigenerano con velocit\u00e0.<\/p>\n\n\n\n<p>\u00c8 chiaro; i grandi agglomerati urbani nascono con lo sviluppo industriale e quindi con l\u2019energia prodotta da fossili che rompe il vincolo dimensionale del legno?<\/p>\n\n\n\n<p>Mi prendo il tempo della risposta per due precisazioni. La prima \u00e8 che l\u2019abuso del carbone per uso urbano e industriale crea rapidamente problemi d\u2019inquinamento circoscritti ma identici se non superiori a quelli che conosciamo oggi, per cui le citt\u00e0 industriali devono adottare contromisure per le aree pi\u00f9 colpite. La seconda \u00e8 che le Comunit\u00e0 Energetiche pre-industrializzazione hanno creato anch\u2019esse molti problemi ambientali ed ecologici legati alla deforestazione prima dell\u2019intorno e poi di aree vastissime (l\u2019Islanda \u00e8 l\u2019esempio che in genere si porta).<\/p>\n\n\n\n<p>Quindi?<\/p>\n\n\n\n<p>La risposta \u00e8 facile. Quando parliamo delle Comunit\u00e0 Energetiche dobbiamo essere certi di costruirle sul valore dell\u2019equilibrio ecosistemico, su obiettivi comuni, su fonti rinnovabili e, grazie alle tecnologie oggi in uso, sull\u2019economia circolare.<\/p>\n\n\n\n<p>*Intervista redazionale a Ninni El Rojo (ecologista di Toledo), 18\/12\/2021<\/p>\n","protected":false},"excerpt":{"rendered":"<p>Vado a trovare El Rojo per avere una sua opinione sulle \u201ccomunit\u00e0 energetiche\u201d. Sono interessato ad ascoltare le considerazioni di chi gestisce un\u2019azienda agricola con energia prodotta da fonti rinnovabili, che usa forme avanzate di ciclo e riciclo delle produzioni e degli scarti che, nei periodi di minor consumo e maggiore produzione, vende le eccedenze al Gestore dei Servizi Energetici. <\/p>\n","protected":false},"author":6377,"featured_media":17777,"comment_status":"closed","ping_status":"open","sticky":false,"template":"","format":"standard","meta":{"footnotes":""},"categories":[9],"tags":[],"class_list":["post-17745","post","type-post","status-publish","format-standard","has-post-thumbnail","hentry","category-newsletter"],"yoast_head":"<!-- This site is optimized with the Yoast SEO plugin v27.5 - https:\/\/yoast.com\/product\/yoast-seo-wordpress\/ -->\n<title>Un valore collettivo in un luogo e per un luogo - Nuovi Lavori<\/title>\n<meta name=\"robots\" content=\"index, follow, max-snippet:-1, max-image-preview:large, max-video-preview:-1\" \/>\n<link rel=\"canonical\" href=\"https:\/\/nuovi-lavori.it\/index.php\/un-valore-collettivo-in-un-luogo-e-per-un-luogo\/\" \/>\n<meta property=\"og:locale\" content=\"it_IT\" \/>\n<meta property=\"og:type\" content=\"article\" \/>\n<meta property=\"og:title\" content=\"Un valore collettivo in un luogo e per un luogo - Nuovi Lavori\" \/>\n<meta property=\"og:description\" content=\"Vado a trovare El Rojo per avere una sua opinione sulle \u201ccomunit\u00e0 energetiche\u201d. Sono interessato ad ascoltare le considerazioni di chi gestisce un\u2019azienda agricola con energia prodotta da fonti rinnovabili, che usa forme avanzate di ciclo e riciclo delle produzioni e degli scarti che, nei periodi di minor consumo e maggiore produzione, vende le eccedenze al Gestore dei Servizi Energetici.\" \/>\n<meta property=\"og:url\" content=\"https:\/\/nuovi-lavori.it\/index.php\/un-valore-collettivo-in-un-luogo-e-per-un-luogo\/\" \/>\n<meta property=\"og:site_name\" content=\"Nuovi Lavori\" \/>\n<meta property=\"article:published_time\" content=\"2022-11-21T16:58:09+00:00\" \/>\n<meta property=\"article:modified_time\" content=\"2022-11-22T15:45:44+00:00\" \/>\n<meta property=\"og:image\" content=\"https:\/\/nuovi-lavori.it\/wp-content\/uploads\/2022\/11\/valorecollettivo.jpeg\" \/>\n\t<meta property=\"og:image:width\" content=\"258\" \/>\n\t<meta property=\"og:image:height\" content=\"195\" \/>\n\t<meta property=\"og:image:type\" content=\"image\/jpeg\" \/>\n<meta name=\"author\" content=\"Patrizia Baroni*\" \/>\n<meta name=\"twitter:card\" content=\"summary_large_image\" \/>\n<meta name=\"twitter:label1\" content=\"Scritto da\" \/>\n\t<meta name=\"twitter:data1\" content=\"Patrizia Baroni*\" \/>\n\t<meta name=\"twitter:label2\" content=\"Tempo di lettura stimato\" \/>\n\t<meta name=\"twitter:data2\" content=\"8 minuti\" \/>\n<script type=\"application\/ld+json\" class=\"yoast-schema-graph\">{\"@context\":\"https:\\\/\\\/schema.org\",\"@graph\":[{\"@type\":\"Article\",\"@id\":\"https:\\\/\\\/nuovi-lavori.it\\\/index.php\\\/un-valore-collettivo-in-un-luogo-e-per-un-luogo\\\/#article\",\"isPartOf\":{\"@id\":\"https:\\\/\\\/nuovi-lavori.it\\\/index.php\\\/un-valore-collettivo-in-un-luogo-e-per-un-luogo\\\/\"},\"author\":{\"name\":\"Patrizia Baroni*\",\"@id\":\"https:\\\/\\\/nuovi-lavori.it\\\/#\\\/schema\\\/person\\\/b50c483c704b099ca477d4d6d530c0cd\"},\"headline\":\"Un valore collettivo in un luogo e per un luogo\",\"datePublished\":\"2022-11-21T16:58:09+00:00\",\"dateModified\":\"2022-11-22T15:45:44+00:00\",\"mainEntityOfPage\":{\"@id\":\"https:\\\/\\\/nuovi-lavori.it\\\/index.php\\\/un-valore-collettivo-in-un-luogo-e-per-un-luogo\\\/\"},\"wordCount\":1497,\"publisher\":{\"@id\":\"https:\\\/\\\/nuovi-lavori.it\\\/#organization\"},\"image\":{\"@id\":\"https:\\\/\\\/nuovi-lavori.it\\\/index.php\\\/un-valore-collettivo-in-un-luogo-e-per-un-luogo\\\/#primaryimage\"},\"thumbnailUrl\":\"https:\\\/\\\/nuovi-lavori.it\\\/wp-content\\\/uploads\\\/2022\\\/11\\\/valorecollettivo.jpeg\",\"articleSection\":[\"Newsletter\"],\"inLanguage\":\"it-IT\"},{\"@type\":\"WebPage\",\"@id\":\"https:\\\/\\\/nuovi-lavori.it\\\/index.php\\\/un-valore-collettivo-in-un-luogo-e-per-un-luogo\\\/\",\"url\":\"https:\\\/\\\/nuovi-lavori.it\\\/index.php\\\/un-valore-collettivo-in-un-luogo-e-per-un-luogo\\\/\",\"name\":\"Un valore collettivo in un luogo e per un luogo - Nuovi Lavori\",\"isPartOf\":{\"@id\":\"https:\\\/\\\/nuovi-lavori.it\\\/#website\"},\"primaryImageOfPage\":{\"@id\":\"https:\\\/\\\/nuovi-lavori.it\\\/index.php\\\/un-valore-collettivo-in-un-luogo-e-per-un-luogo\\\/#primaryimage\"},\"image\":{\"@id\":\"https:\\\/\\\/nuovi-lavori.it\\\/index.php\\\/un-valore-collettivo-in-un-luogo-e-per-un-luogo\\\/#primaryimage\"},\"thumbnailUrl\":\"https:\\\/\\\/nuovi-lavori.it\\\/wp-content\\\/uploads\\\/2022\\\/11\\\/valorecollettivo.jpeg\",\"datePublished\":\"2022-11-21T16:58:09+00:00\",\"dateModified\":\"2022-11-22T15:45:44+00:00\",\"breadcrumb\":{\"@id\":\"https:\\\/\\\/nuovi-lavori.it\\\/index.php\\\/un-valore-collettivo-in-un-luogo-e-per-un-luogo\\\/#breadcrumb\"},\"inLanguage\":\"it-IT\",\"potentialAction\":[{\"@type\":\"ReadAction\",\"target\":[\"https:\\\/\\\/nuovi-lavori.it\\\/index.php\\\/un-valore-collettivo-in-un-luogo-e-per-un-luogo\\\/\"]}]},{\"@type\":\"ImageObject\",\"inLanguage\":\"it-IT\",\"@id\":\"https:\\\/\\\/nuovi-lavori.it\\\/index.php\\\/un-valore-collettivo-in-un-luogo-e-per-un-luogo\\\/#primaryimage\",\"url\":\"https:\\\/\\\/nuovi-lavori.it\\\/wp-content\\\/uploads\\\/2022\\\/11\\\/valorecollettivo.jpeg\",\"contentUrl\":\"https:\\\/\\\/nuovi-lavori.it\\\/wp-content\\\/uploads\\\/2022\\\/11\\\/valorecollettivo.jpeg\",\"width\":258,\"height\":195},{\"@type\":\"BreadcrumbList\",\"@id\":\"https:\\\/\\\/nuovi-lavori.it\\\/index.php\\\/un-valore-collettivo-in-un-luogo-e-per-un-luogo\\\/#breadcrumb\",\"itemListElement\":[{\"@type\":\"ListItem\",\"position\":1,\"name\":\"Home\",\"item\":\"https:\\\/\\\/nuovi-lavori.it\\\/\"},{\"@type\":\"ListItem\",\"position\":2,\"name\":\"Newsletter\",\"item\":\"https:\\\/\\\/nuovi-lavori.it\\\/index.php\\\/category\\\/newsletter\\\/\"},{\"@type\":\"ListItem\",\"position\":3,\"name\":\"Un valore collettivo in un luogo e per un luogo\"}]},{\"@type\":\"WebSite\",\"@id\":\"https:\\\/\\\/nuovi-lavori.it\\\/#website\",\"url\":\"https:\\\/\\\/nuovi-lavori.it\\\/\",\"name\":\"Nuovi Lavori\",\"description\":\"\",\"publisher\":{\"@id\":\"https:\\\/\\\/nuovi-lavori.it\\\/#organization\"},\"potentialAction\":[{\"@type\":\"SearchAction\",\"target\":{\"@type\":\"EntryPoint\",\"urlTemplate\":\"https:\\\/\\\/nuovi-lavori.it\\\/?s={search_term_string}\"},\"query-input\":{\"@type\":\"PropertyValueSpecification\",\"valueRequired\":true,\"valueName\":\"search_term_string\"}}],\"inLanguage\":\"it-IT\"},{\"@type\":\"Organization\",\"@id\":\"https:\\\/\\\/nuovi-lavori.it\\\/#organization\",\"name\":\"Nuovi Lavori\",\"url\":\"https:\\\/\\\/nuovi-lavori.it\\\/\",\"logo\":{\"@type\":\"ImageObject\",\"inLanguage\":\"it-IT\",\"@id\":\"https:\\\/\\\/nuovi-lavori.it\\\/#\\\/schema\\\/logo\\\/image\\\/\",\"url\":\"http:\\\/\\\/5.249.146.118\\\/wp-content\\\/uploads\\\/2013\\\/11\\\/images_logonl.jpg\",\"contentUrl\":\"http:\\\/\\\/5.249.146.118\\\/wp-content\\\/uploads\\\/2013\\\/11\\\/images_logonl.jpg\",\"width\":400,\"height\":327,\"caption\":\"Nuovi Lavori\"},\"image\":{\"@id\":\"https:\\\/\\\/nuovi-lavori.it\\\/#\\\/schema\\\/logo\\\/image\\\/\"},\"sameAs\":[\"https:\\\/\\\/www.youtube.com\\\/user\\\/newsletteranl\"]},{\"@type\":\"Person\",\"@id\":\"https:\\\/\\\/nuovi-lavori.it\\\/#\\\/schema\\\/person\\\/b50c483c704b099ca477d4d6d530c0cd\",\"name\":\"Patrizia Baroni*\",\"image\":{\"@type\":\"ImageObject\",\"inLanguage\":\"it-IT\",\"@id\":\"https:\\\/\\\/secure.gravatar.com\\\/avatar\\\/90b3c581bd002c994fc19f10489879bd701cc6f384b87c3c7286f23cc37da0f6?s=96&d=mm&r=g\",\"url\":\"https:\\\/\\\/secure.gravatar.com\\\/avatar\\\/90b3c581bd002c994fc19f10489879bd701cc6f384b87c3c7286f23cc37da0f6?s=96&d=mm&r=g\",\"contentUrl\":\"https:\\\/\\\/secure.gravatar.com\\\/avatar\\\/90b3c581bd002c994fc19f10489879bd701cc6f384b87c3c7286f23cc37da0f6?s=96&d=mm&r=g\",\"caption\":\"Patrizia Baroni*\"},\"url\":\"https:\\\/\\\/nuovi-lavori.it\\\/index.php\\\/author\\\/patrizia-baroni\\\/\"}]}<\/script>\n<!-- \/ Yoast SEO plugin. -->","yoast_head_json":{"title":"Un valore collettivo in un luogo e per un luogo - Nuovi Lavori","robots":{"index":"index","follow":"follow","max-snippet":"max-snippet:-1","max-image-preview":"max-image-preview:large","max-video-preview":"max-video-preview:-1"},"canonical":"https:\/\/nuovi-lavori.it\/index.php\/un-valore-collettivo-in-un-luogo-e-per-un-luogo\/","og_locale":"it_IT","og_type":"article","og_title":"Un valore collettivo in un luogo e per un luogo - Nuovi Lavori","og_description":"Vado a trovare El Rojo per avere una sua opinione sulle \u201ccomunit\u00e0 energetiche\u201d. Sono interessato ad ascoltare le considerazioni di chi gestisce un\u2019azienda agricola con energia prodotta da fonti rinnovabili, che usa forme avanzate di ciclo e riciclo delle produzioni e degli scarti che, nei periodi di minor consumo e maggiore produzione, vende le eccedenze al Gestore dei Servizi Energetici.","og_url":"https:\/\/nuovi-lavori.it\/index.php\/un-valore-collettivo-in-un-luogo-e-per-un-luogo\/","og_site_name":"Nuovi Lavori","article_published_time":"2022-11-21T16:58:09+00:00","article_modified_time":"2022-11-22T15:45:44+00:00","og_image":[{"width":258,"height":195,"url":"https:\/\/nuovi-lavori.it\/wp-content\/uploads\/2022\/11\/valorecollettivo.jpeg","type":"image\/jpeg"}],"author":"Patrizia Baroni*","twitter_card":"summary_large_image","twitter_misc":{"Scritto da":"Patrizia Baroni*","Tempo di lettura stimato":"8 minuti"},"schema":{"@context":"https:\/\/schema.org","@graph":[{"@type":"Article","@id":"https:\/\/nuovi-lavori.it\/index.php\/un-valore-collettivo-in-un-luogo-e-per-un-luogo\/#article","isPartOf":{"@id":"https:\/\/nuovi-lavori.it\/index.php\/un-valore-collettivo-in-un-luogo-e-per-un-luogo\/"},"author":{"name":"Patrizia Baroni*","@id":"https:\/\/nuovi-lavori.it\/#\/schema\/person\/b50c483c704b099ca477d4d6d530c0cd"},"headline":"Un valore collettivo in un luogo e per un luogo","datePublished":"2022-11-21T16:58:09+00:00","dateModified":"2022-11-22T15:45:44+00:00","mainEntityOfPage":{"@id":"https:\/\/nuovi-lavori.it\/index.php\/un-valore-collettivo-in-un-luogo-e-per-un-luogo\/"},"wordCount":1497,"publisher":{"@id":"https:\/\/nuovi-lavori.it\/#organization"},"image":{"@id":"https:\/\/nuovi-lavori.it\/index.php\/un-valore-collettivo-in-un-luogo-e-per-un-luogo\/#primaryimage"},"thumbnailUrl":"https:\/\/nuovi-lavori.it\/wp-content\/uploads\/2022\/11\/valorecollettivo.jpeg","articleSection":["Newsletter"],"inLanguage":"it-IT"},{"@type":"WebPage","@id":"https:\/\/nuovi-lavori.it\/index.php\/un-valore-collettivo-in-un-luogo-e-per-un-luogo\/","url":"https:\/\/nuovi-lavori.it\/index.php\/un-valore-collettivo-in-un-luogo-e-per-un-luogo\/","name":"Un valore collettivo in un luogo e per un luogo - Nuovi Lavori","isPartOf":{"@id":"https:\/\/nuovi-lavori.it\/#website"},"primaryImageOfPage":{"@id":"https:\/\/nuovi-lavori.it\/index.php\/un-valore-collettivo-in-un-luogo-e-per-un-luogo\/#primaryimage"},"image":{"@id":"https:\/\/nuovi-lavori.it\/index.php\/un-valore-collettivo-in-un-luogo-e-per-un-luogo\/#primaryimage"},"thumbnailUrl":"https:\/\/nuovi-lavori.it\/wp-content\/uploads\/2022\/11\/valorecollettivo.jpeg","datePublished":"2022-11-21T16:58:09+00:00","dateModified":"2022-11-22T15:45:44+00:00","breadcrumb":{"@id":"https:\/\/nuovi-lavori.it\/index.php\/un-valore-collettivo-in-un-luogo-e-per-un-luogo\/#breadcrumb"},"inLanguage":"it-IT","potentialAction":[{"@type":"ReadAction","target":["https:\/\/nuovi-lavori.it\/index.php\/un-valore-collettivo-in-un-luogo-e-per-un-luogo\/"]}]},{"@type":"ImageObject","inLanguage":"it-IT","@id":"https:\/\/nuovi-lavori.it\/index.php\/un-valore-collettivo-in-un-luogo-e-per-un-luogo\/#primaryimage","url":"https:\/\/nuovi-lavori.it\/wp-content\/uploads\/2022\/11\/valorecollettivo.jpeg","contentUrl":"https:\/\/nuovi-lavori.it\/wp-content\/uploads\/2022\/11\/valorecollettivo.jpeg","width":258,"height":195},{"@type":"BreadcrumbList","@id":"https:\/\/nuovi-lavori.it\/index.php\/un-valore-collettivo-in-un-luogo-e-per-un-luogo\/#breadcrumb","itemListElement":[{"@type":"ListItem","position":1,"name":"Home","item":"https:\/\/nuovi-lavori.it\/"},{"@type":"ListItem","position":2,"name":"Newsletter","item":"https:\/\/nuovi-lavori.it\/index.php\/category\/newsletter\/"},{"@type":"ListItem","position":3,"name":"Un valore collettivo in un luogo e per un luogo"}]},{"@type":"WebSite","@id":"https:\/\/nuovi-lavori.it\/#website","url":"https:\/\/nuovi-lavori.it\/","name":"Nuovi Lavori","description":"","publisher":{"@id":"https:\/\/nuovi-lavori.it\/#organization"},"potentialAction":[{"@type":"SearchAction","target":{"@type":"EntryPoint","urlTemplate":"https:\/\/nuovi-lavori.it\/?s={search_term_string}"},"query-input":{"@type":"PropertyValueSpecification","valueRequired":true,"valueName":"search_term_string"}}],"inLanguage":"it-IT"},{"@type":"Organization","@id":"https:\/\/nuovi-lavori.it\/#organization","name":"Nuovi Lavori","url":"https:\/\/nuovi-lavori.it\/","logo":{"@type":"ImageObject","inLanguage":"it-IT","@id":"https:\/\/nuovi-lavori.it\/#\/schema\/logo\/image\/","url":"http:\/\/5.249.146.118\/wp-content\/uploads\/2013\/11\/images_logonl.jpg","contentUrl":"http:\/\/5.249.146.118\/wp-content\/uploads\/2013\/11\/images_logonl.jpg","width":400,"height":327,"caption":"Nuovi Lavori"},"image":{"@id":"https:\/\/nuovi-lavori.it\/#\/schema\/logo\/image\/"},"sameAs":["https:\/\/www.youtube.com\/user\/newsletteranl"]},{"@type":"Person","@id":"https:\/\/nuovi-lavori.it\/#\/schema\/person\/b50c483c704b099ca477d4d6d530c0cd","name":"Patrizia Baroni*","image":{"@type":"ImageObject","inLanguage":"it-IT","@id":"https:\/\/secure.gravatar.com\/avatar\/90b3c581bd002c994fc19f10489879bd701cc6f384b87c3c7286f23cc37da0f6?s=96&d=mm&r=g","url":"https:\/\/secure.gravatar.com\/avatar\/90b3c581bd002c994fc19f10489879bd701cc6f384b87c3c7286f23cc37da0f6?s=96&d=mm&r=g","contentUrl":"https:\/\/secure.gravatar.com\/avatar\/90b3c581bd002c994fc19f10489879bd701cc6f384b87c3c7286f23cc37da0f6?s=96&d=mm&r=g","caption":"Patrizia Baroni*"},"url":"https:\/\/nuovi-lavori.it\/index.php\/author\/patrizia-baroni\/"}]}},"_links":{"self":[{"href":"https:\/\/nuovi-lavori.it\/index.php\/wp-json\/wp\/v2\/posts\/17745","targetHints":{"allow":["GET"]}}],"collection":[{"href":"https:\/\/nuovi-lavori.it\/index.php\/wp-json\/wp\/v2\/posts"}],"about":[{"href":"https:\/\/nuovi-lavori.it\/index.php\/wp-json\/wp\/v2\/types\/post"}],"author":[{"embeddable":true,"href":"https:\/\/nuovi-lavori.it\/index.php\/wp-json\/wp\/v2\/users\/6377"}],"replies":[{"embeddable":true,"href":"https:\/\/nuovi-lavori.it\/index.php\/wp-json\/wp\/v2\/comments?post=17745"}],"version-history":[{"count":4,"href":"https:\/\/nuovi-lavori.it\/index.php\/wp-json\/wp\/v2\/posts\/17745\/revisions"}],"predecessor-version":[{"id":17793,"href":"https:\/\/nuovi-lavori.it\/index.php\/wp-json\/wp\/v2\/posts\/17745\/revisions\/17793"}],"wp:featuredmedia":[{"embeddable":true,"href":"https:\/\/nuovi-lavori.it\/index.php\/wp-json\/wp\/v2\/media\/17777"}],"wp:attachment":[{"href":"https:\/\/nuovi-lavori.it\/index.php\/wp-json\/wp\/v2\/media?parent=17745"}],"wp:term":[{"taxonomy":"category","embeddable":true,"href":"https:\/\/nuovi-lavori.it\/index.php\/wp-json\/wp\/v2\/categories?post=17745"},{"taxonomy":"post_tag","embeddable":true,"href":"https:\/\/nuovi-lavori.it\/index.php\/wp-json\/wp\/v2\/tags?post=17745"}],"curies":[{"name":"wp","href":"https:\/\/api.w.org\/{rel}","templated":true}]}}