{"id":18484,"date":"2023-02-28T14:20:01","date_gmt":"2023-02-28T13:20:01","guid":{"rendered":"https:\/\/nuovi-lavori.it\/?p=18484"},"modified":"2023-02-28T15:45:51","modified_gmt":"2023-02-28T14:45:51","slug":"mele-2","status":"publish","type":"post","link":"https:\/\/nuovi-lavori.it\/index.php\/mele-2\/","title":{"rendered":"La\u00a0guerra un anno dopo. Intervista a Mara Morini"},"content":{"rendered":"\n<p><strong><em>Un anno fa la terribile aggressione russa all\u2019Ucraina. Come \u00e8 cambiato il mondo? Quali sviluppi vi saranno nella guerra? Ne parliamo Mara Morini, docente di Scienza Politica all\u2019universit\u00e0 di Genova ed esperta di politica russa.<\/em><\/strong><\/p>\n\n\n\n<p><strong>Professoressa, domani \u00e8 l&#8217;anniversario dell&#8217;aggressione russa contro L&#8217;Ucraina. Si afferma, non senza ragioni, che dopo quell&#8217;invasione il mondo non \u00e8 pi\u00f9 lo stesso. Per l&#8217;occidente cosa \u00e8 cambiato?<\/strong><\/p>\n\n\n\n<p>L\u2019aspetto pi\u00f9 evidente \u00e8 che ci siamo ritrovati nuovamente con un conflitto in Europa dopo quello nei Balcani. Ci eravamo abituati alla pace, ma, forse, non abbiamo avuto una classe dirigente, capace di cogliere dei segnali e di prevenire questa guerra in Ucraina.&nbsp;<\/p>\n\n\n\n<p>Per noi europei, il cambiamento ha comportato una ridefinizione dei rapporti commerciali con la Russia e la ricerca di altre fonti energetiche, ma, anche la consapevolezza di una maggiore coesione nell\u2019UE su tematiche quali la politica di sicurezza e di difesa e il sostegno militare al governo ucraino. Tuttavia, il conflitto \u00e8 ancora in atto, tutto \u00e8 in divenire: la sfida che ci aspetta \u00e8 cogliere da questo dramma la forza necessaria per riflettere sulle prossime scelte di natura politica, economica ed internazionale.<\/p>\n\n\n\n<p><strong>E per la Russia cosa \u00e8 cambiato?<\/strong><\/p>\n\n\n\n<p>Dopo l\u2019incontro USA e Russia a Partica di Mare nel 2002, Putin ha cambiato l\u2019atteggiamento e la politica estera russa a causa dei diversi delle rivoluzioni colorate che sono state percepite come un\u2019ingerenza degli USA nei processi di democratizzazione di alcuni paesi post-sovietici. Ricordiamoci i discorsi del presidente russo dal 2004 in poi che hanno aperto la strada ad una politica estera pi\u00f9 aggressiva e revisionista, volta a \u201criprendersi\u201d un ruolo importante nell\u2019assetto internazionale. La scelta di invadere l\u2019Ucraina ha comportato il proseguimento di percorsi che erano, per\u00f2, gi\u00e0 in atto da alcuni anni: la dedollarizzazione, l\u2019export verso i paesi euroasiatici, scambi commerciali con l\u2019India e la Cina. La Russia ha chiuso la porta in faccia all\u2019Occidente e si \u00e8 concentrata verso l\u2019Eurasia. \u00c8 un cambiamento epocale per tutti noi, non solo per la Russia.<\/p>\n\n\n\n<p><strong>Lei, attualmente, si trova in Russia, come sta vivendo l&#8217;opinione pubblica russa questo lungo conflitto che ha fatto migliaia e migliaia di morti per la Russia? Vede qualche cambiamento nell&#8217;opinione pubblica?<\/strong><\/p>\n\n\n\n<p>Al di l\u00e0 dei diversi sondaggi che abbiamo utilizzato per spiegare gli atteggiamenti dell\u2019opinione pubblica, ho riscontrato diverse conferme: la frattura generazionale. I giovani sono i pi\u00f9 critici nei confronti del presidente e di questo conflitto mentre gli adulti, maggiormente socializzati alla propaganda e alle eredit\u00e0 ideologiche e culturali del passato, sostengono l\u2019iniziativa del presidente. Un altro aspetto \u00e8 che la vita va avanti con i problemi quotidiani da affrontare: l\u2019aumento di alcuni prezzi \u00e8 stato imputato maggiormente agli effetti della pandemia e non ancora a quelli della guerra. Inoltre, ho riscontrato che la cd. \u201coperazione speciale militare\u201d ha anche il sostegno di persone che si sono sempre definite \u201cantiputiniste\u201d, ma che dinanzi al \u201cpericolo\u201d dell\u2019Occidente collettivo, ritengono giusto difendersi, condividendo la narrazione dalla propaganda.&nbsp;<\/p>\n\n\n\n<p><strong>Parliamo della guerra. Qualche osservatore ha affermato che laggi\u00f9, al fronte, sembra di essere a Verdum (terribile battaglia della prima guerra mondiale). Che guerra \u00e8 diventata?<\/strong><\/p>\n\n\n\n<p>Non sono un\u2019esperta militare, ma dai rapporti che ho letto, sembra una guerra di attrito e logoramento, molto convenzionale. I discorsi di Putin di questi giorni sembrano proprio confermare questa impressione: la Russia \u00e8 pronta ad andare avanti sino alla vittoria, anche per anni.&nbsp;<\/p>\n\n\n\n<p><strong>Lei pensa che avverr\u00e0 una grande offensiva russa?&nbsp;<\/strong><\/p>\n\n\n\n<p>Qualche mese fa, il presidente Putin ha detto che la battaglia sul campo pu\u00f2 condizionare le trattative politiche. Movimenti di soldati e di mezzi armati verso il Donbas si stanno verificando. Credo che interverr\u00e0 per difendere quella parte del territorio che ha annesso illegalmente nel settembre 2022 prima dell\u2019arrivo di armi pi\u00f9 sofisticate dell\u2019Occidente.&nbsp;<\/p>\n\n\n\n<p><strong>Nel caso avvenisse questa grande offensiva come reagirebbe la NATO?<\/strong><\/p>\n\n\n\n<p>Dalle dichiarazioni del segretario generale mi pare di capire che non vi \u00e8 intenzione di un coinvolgimento diretto. D\u2019altronde \u00e8 un conflitto che sinora \u00e8 circoscritto in un paese che non \u00e8 membro della NATO: non c\u2019\u00e8, quindi, motivo per attuare l\u2019art.5.<\/p>\n\n\n\n<p><strong>In definitiva: dove vogliono arrivare russi e ucraini? Come potrebbe finire la guerra?<\/strong><\/p>\n\n\n\n<p>Difficile fare previsioni. L\u2019Ucraina ha tutto il diritto di difendere la propria sovranit\u00e0 e integrit\u00e0 territoriale: \u00e8 lo Stato aggredito. La Russia non accetter\u00e0 una soluzione senza la Crimea e i territori recentemente annessi. A ci\u00f2 si aggiunga la questione della volont\u00e0 da parte della Cina e della Russia di sfidare l\u2019egemonia americana dell\u2019ordine internazionale. Ci sono troppe questioni in gioco. \u00c8 una situazione molto complicata nella quale, mi auguro, che l\u2019Europa non ne subir\u00e0 le conseguenze politiche e socioeconomiche.<\/p>\n\n\n\n<p><em>Dal sito : www.rainews.it<\/em><\/p>\n","protected":false},"excerpt":{"rendered":"<p>Un anno fa la terribile aggressione russa all\u2019Ucraina. Come \u00e8 cambiato il mondo? Quali sviluppi vi saranno nella guerra? Ne parliamo Mara Morini, docente di Scienza Politica all\u2019universit\u00e0 di Genova ed esperta di politica russa.<\/p>\n","protected":false},"author":6358,"featured_media":18537,"comment_status":"closed","ping_status":"open","sticky":false,"template":"","format":"standard","meta":{"footnotes":""},"categories":[9],"tags":[],"class_list":["post-18484","post","type-post","status-publish","format-standard","has-post-thumbnail","hentry","category-newsletter"],"yoast_head":"<!-- This site is optimized with the Yoast SEO plugin v27.4 - https:\/\/yoast.com\/product\/yoast-seo-wordpress\/ -->\n<title>La\u00a0guerra un anno dopo. Intervista a Mara Morini - Nuovi Lavori<\/title>\n<meta name=\"robots\" content=\"index, follow, max-snippet:-1, max-image-preview:large, max-video-preview:-1\" \/>\n<link rel=\"canonical\" href=\"https:\/\/nuovi-lavori.it\/index.php\/mele-2\/\" \/>\n<meta property=\"og:locale\" content=\"it_IT\" \/>\n<meta property=\"og:type\" content=\"article\" \/>\n<meta property=\"og:title\" content=\"La\u00a0guerra un anno dopo. Intervista a Mara Morini - Nuovi Lavori\" \/>\n<meta property=\"og:description\" content=\"Un anno fa la terribile aggressione russa all\u2019Ucraina. Come \u00e8 cambiato il mondo? Quali sviluppi vi saranno nella guerra? Ne parliamo Mara Morini, docente di Scienza Politica all\u2019universit\u00e0 di Genova ed esperta di politica russa.\" \/>\n<meta property=\"og:url\" content=\"https:\/\/nuovi-lavori.it\/index.php\/mele-2\/\" \/>\n<meta property=\"og:site_name\" content=\"Nuovi Lavori\" \/>\n<meta property=\"article:published_time\" content=\"2023-02-28T13:20:01+00:00\" \/>\n<meta property=\"article:modified_time\" content=\"2023-02-28T14:45:51+00:00\" \/>\n<meta property=\"og:image\" content=\"https:\/\/nuovi-lavori.it\/wp-content\/uploads\/2023\/02\/Schermata-2023-02-28-alle-15.45.34.png\" \/>\n\t<meta property=\"og:image:width\" content=\"555\" \/>\n\t<meta property=\"og:image:height\" content=\"477\" \/>\n\t<meta property=\"og:image:type\" content=\"image\/png\" \/>\n<meta name=\"author\" content=\"Pierluigi Mele\" \/>\n<meta name=\"twitter:card\" content=\"summary_large_image\" \/>\n<meta name=\"twitter:label1\" content=\"Scritto da\" \/>\n\t<meta name=\"twitter:data1\" content=\"Pierluigi Mele\" \/>\n\t<meta name=\"twitter:label2\" content=\"Tempo di lettura stimato\" \/>\n\t<meta name=\"twitter:data2\" content=\"5 minuti\" \/>\n<script type=\"application\/ld+json\" class=\"yoast-schema-graph\">{\"@context\":\"https:\\\/\\\/schema.org\",\"@graph\":[{\"@type\":\"Article\",\"@id\":\"https:\\\/\\\/nuovi-lavori.it\\\/index.php\\\/mele-2\\\/#article\",\"isPartOf\":{\"@id\":\"https:\\\/\\\/nuovi-lavori.it\\\/index.php\\\/mele-2\\\/\"},\"author\":{\"name\":\"Pierluigi Mele\",\"@id\":\"https:\\\/\\\/nuovi-lavori.it\\\/#\\\/schema\\\/person\\\/9eaf2b92e5244284c7b802d840acab22\"},\"headline\":\"La\u00a0guerra un anno dopo. Intervista a Mara Morini\",\"datePublished\":\"2023-02-28T13:20:01+00:00\",\"dateModified\":\"2023-02-28T14:45:51+00:00\",\"mainEntityOfPage\":{\"@id\":\"https:\\\/\\\/nuovi-lavori.it\\\/index.php\\\/mele-2\\\/\"},\"wordCount\":785,\"publisher\":{\"@id\":\"https:\\\/\\\/nuovi-lavori.it\\\/#organization\"},\"image\":{\"@id\":\"https:\\\/\\\/nuovi-lavori.it\\\/index.php\\\/mele-2\\\/#primaryimage\"},\"thumbnailUrl\":\"https:\\\/\\\/nuovi-lavori.it\\\/wp-content\\\/uploads\\\/2023\\\/02\\\/Schermata-2023-02-28-alle-15.45.34.png\",\"articleSection\":[\"Newsletter\"],\"inLanguage\":\"it-IT\"},{\"@type\":\"WebPage\",\"@id\":\"https:\\\/\\\/nuovi-lavori.it\\\/index.php\\\/mele-2\\\/\",\"url\":\"https:\\\/\\\/nuovi-lavori.it\\\/index.php\\\/mele-2\\\/\",\"name\":\"La\u00a0guerra un anno dopo. Intervista a Mara Morini - Nuovi Lavori\",\"isPartOf\":{\"@id\":\"https:\\\/\\\/nuovi-lavori.it\\\/#website\"},\"primaryImageOfPage\":{\"@id\":\"https:\\\/\\\/nuovi-lavori.it\\\/index.php\\\/mele-2\\\/#primaryimage\"},\"image\":{\"@id\":\"https:\\\/\\\/nuovi-lavori.it\\\/index.php\\\/mele-2\\\/#primaryimage\"},\"thumbnailUrl\":\"https:\\\/\\\/nuovi-lavori.it\\\/wp-content\\\/uploads\\\/2023\\\/02\\\/Schermata-2023-02-28-alle-15.45.34.png\",\"datePublished\":\"2023-02-28T13:20:01+00:00\",\"dateModified\":\"2023-02-28T14:45:51+00:00\",\"breadcrumb\":{\"@id\":\"https:\\\/\\\/nuovi-lavori.it\\\/index.php\\\/mele-2\\\/#breadcrumb\"},\"inLanguage\":\"it-IT\",\"potentialAction\":[{\"@type\":\"ReadAction\",\"target\":[\"https:\\\/\\\/nuovi-lavori.it\\\/index.php\\\/mele-2\\\/\"]}]},{\"@type\":\"ImageObject\",\"inLanguage\":\"it-IT\",\"@id\":\"https:\\\/\\\/nuovi-lavori.it\\\/index.php\\\/mele-2\\\/#primaryimage\",\"url\":\"https:\\\/\\\/nuovi-lavori.it\\\/wp-content\\\/uploads\\\/2023\\\/02\\\/Schermata-2023-02-28-alle-15.45.34.png\",\"contentUrl\":\"https:\\\/\\\/nuovi-lavori.it\\\/wp-content\\\/uploads\\\/2023\\\/02\\\/Schermata-2023-02-28-alle-15.45.34.png\",\"width\":555,\"height\":477},{\"@type\":\"BreadcrumbList\",\"@id\":\"https:\\\/\\\/nuovi-lavori.it\\\/index.php\\\/mele-2\\\/#breadcrumb\",\"itemListElement\":[{\"@type\":\"ListItem\",\"position\":1,\"name\":\"Home\",\"item\":\"https:\\\/\\\/nuovi-lavori.it\\\/\"},{\"@type\":\"ListItem\",\"position\":2,\"name\":\"Newsletter\",\"item\":\"https:\\\/\\\/nuovi-lavori.it\\\/index.php\\\/category\\\/newsletter\\\/\"},{\"@type\":\"ListItem\",\"position\":3,\"name\":\"La\u00a0guerra un anno dopo. Intervista a Mara Morini\"}]},{\"@type\":\"WebSite\",\"@id\":\"https:\\\/\\\/nuovi-lavori.it\\\/#website\",\"url\":\"https:\\\/\\\/nuovi-lavori.it\\\/\",\"name\":\"Nuovi Lavori\",\"description\":\"\",\"publisher\":{\"@id\":\"https:\\\/\\\/nuovi-lavori.it\\\/#organization\"},\"potentialAction\":[{\"@type\":\"SearchAction\",\"target\":{\"@type\":\"EntryPoint\",\"urlTemplate\":\"https:\\\/\\\/nuovi-lavori.it\\\/?s={search_term_string}\"},\"query-input\":{\"@type\":\"PropertyValueSpecification\",\"valueRequired\":true,\"valueName\":\"search_term_string\"}}],\"inLanguage\":\"it-IT\"},{\"@type\":\"Organization\",\"@id\":\"https:\\\/\\\/nuovi-lavori.it\\\/#organization\",\"name\":\"Nuovi Lavori\",\"url\":\"https:\\\/\\\/nuovi-lavori.it\\\/\",\"logo\":{\"@type\":\"ImageObject\",\"inLanguage\":\"it-IT\",\"@id\":\"https:\\\/\\\/nuovi-lavori.it\\\/#\\\/schema\\\/logo\\\/image\\\/\",\"url\":\"http:\\\/\\\/5.249.146.118\\\/wp-content\\\/uploads\\\/2013\\\/11\\\/images_logonl.jpg\",\"contentUrl\":\"http:\\\/\\\/5.249.146.118\\\/wp-content\\\/uploads\\\/2013\\\/11\\\/images_logonl.jpg\",\"width\":400,\"height\":327,\"caption\":\"Nuovi Lavori\"},\"image\":{\"@id\":\"https:\\\/\\\/nuovi-lavori.it\\\/#\\\/schema\\\/logo\\\/image\\\/\"},\"sameAs\":[\"https:\\\/\\\/www.youtube.com\\\/user\\\/newsletteranl\"]},{\"@type\":\"Person\",\"@id\":\"https:\\\/\\\/nuovi-lavori.it\\\/#\\\/schema\\\/person\\\/9eaf2b92e5244284c7b802d840acab22\",\"name\":\"Pierluigi Mele\",\"image\":{\"@type\":\"ImageObject\",\"inLanguage\":\"it-IT\",\"@id\":\"https:\\\/\\\/secure.gravatar.com\\\/avatar\\\/d33d7099b67075c1f4465a6f9c2bf3bc484b6c9640b1b30d007517928393ab01?s=96&d=mm&r=g\",\"url\":\"https:\\\/\\\/secure.gravatar.com\\\/avatar\\\/d33d7099b67075c1f4465a6f9c2bf3bc484b6c9640b1b30d007517928393ab01?s=96&d=mm&r=g\",\"contentUrl\":\"https:\\\/\\\/secure.gravatar.com\\\/avatar\\\/d33d7099b67075c1f4465a6f9c2bf3bc484b6c9640b1b30d007517928393ab01?s=96&d=mm&r=g\",\"caption\":\"Pierluigi Mele\"},\"url\":\"https:\\\/\\\/nuovi-lavori.it\\\/index.php\\\/author\\\/pierluigi-mele\\\/\"}]}<\/script>\n<!-- \/ Yoast SEO plugin. -->","yoast_head_json":{"title":"La\u00a0guerra un anno dopo. Intervista a Mara Morini - Nuovi Lavori","robots":{"index":"index","follow":"follow","max-snippet":"max-snippet:-1","max-image-preview":"max-image-preview:large","max-video-preview":"max-video-preview:-1"},"canonical":"https:\/\/nuovi-lavori.it\/index.php\/mele-2\/","og_locale":"it_IT","og_type":"article","og_title":"La\u00a0guerra un anno dopo. Intervista a Mara Morini - Nuovi Lavori","og_description":"Un anno fa la terribile aggressione russa all\u2019Ucraina. Come \u00e8 cambiato il mondo? Quali sviluppi vi saranno nella guerra? Ne parliamo Mara Morini, docente di Scienza Politica all\u2019universit\u00e0 di Genova ed esperta di politica russa.","og_url":"https:\/\/nuovi-lavori.it\/index.php\/mele-2\/","og_site_name":"Nuovi Lavori","article_published_time":"2023-02-28T13:20:01+00:00","article_modified_time":"2023-02-28T14:45:51+00:00","og_image":[{"width":555,"height":477,"url":"https:\/\/nuovi-lavori.it\/wp-content\/uploads\/2023\/02\/Schermata-2023-02-28-alle-15.45.34.png","type":"image\/png"}],"author":"Pierluigi Mele","twitter_card":"summary_large_image","twitter_misc":{"Scritto da":"Pierluigi Mele","Tempo di lettura stimato":"5 minuti"},"schema":{"@context":"https:\/\/schema.org","@graph":[{"@type":"Article","@id":"https:\/\/nuovi-lavori.it\/index.php\/mele-2\/#article","isPartOf":{"@id":"https:\/\/nuovi-lavori.it\/index.php\/mele-2\/"},"author":{"name":"Pierluigi Mele","@id":"https:\/\/nuovi-lavori.it\/#\/schema\/person\/9eaf2b92e5244284c7b802d840acab22"},"headline":"La\u00a0guerra un anno dopo. Intervista a Mara Morini","datePublished":"2023-02-28T13:20:01+00:00","dateModified":"2023-02-28T14:45:51+00:00","mainEntityOfPage":{"@id":"https:\/\/nuovi-lavori.it\/index.php\/mele-2\/"},"wordCount":785,"publisher":{"@id":"https:\/\/nuovi-lavori.it\/#organization"},"image":{"@id":"https:\/\/nuovi-lavori.it\/index.php\/mele-2\/#primaryimage"},"thumbnailUrl":"https:\/\/nuovi-lavori.it\/wp-content\/uploads\/2023\/02\/Schermata-2023-02-28-alle-15.45.34.png","articleSection":["Newsletter"],"inLanguage":"it-IT"},{"@type":"WebPage","@id":"https:\/\/nuovi-lavori.it\/index.php\/mele-2\/","url":"https:\/\/nuovi-lavori.it\/index.php\/mele-2\/","name":"La\u00a0guerra un anno dopo. Intervista a Mara Morini - Nuovi Lavori","isPartOf":{"@id":"https:\/\/nuovi-lavori.it\/#website"},"primaryImageOfPage":{"@id":"https:\/\/nuovi-lavori.it\/index.php\/mele-2\/#primaryimage"},"image":{"@id":"https:\/\/nuovi-lavori.it\/index.php\/mele-2\/#primaryimage"},"thumbnailUrl":"https:\/\/nuovi-lavori.it\/wp-content\/uploads\/2023\/02\/Schermata-2023-02-28-alle-15.45.34.png","datePublished":"2023-02-28T13:20:01+00:00","dateModified":"2023-02-28T14:45:51+00:00","breadcrumb":{"@id":"https:\/\/nuovi-lavori.it\/index.php\/mele-2\/#breadcrumb"},"inLanguage":"it-IT","potentialAction":[{"@type":"ReadAction","target":["https:\/\/nuovi-lavori.it\/index.php\/mele-2\/"]}]},{"@type":"ImageObject","inLanguage":"it-IT","@id":"https:\/\/nuovi-lavori.it\/index.php\/mele-2\/#primaryimage","url":"https:\/\/nuovi-lavori.it\/wp-content\/uploads\/2023\/02\/Schermata-2023-02-28-alle-15.45.34.png","contentUrl":"https:\/\/nuovi-lavori.it\/wp-content\/uploads\/2023\/02\/Schermata-2023-02-28-alle-15.45.34.png","width":555,"height":477},{"@type":"BreadcrumbList","@id":"https:\/\/nuovi-lavori.it\/index.php\/mele-2\/#breadcrumb","itemListElement":[{"@type":"ListItem","position":1,"name":"Home","item":"https:\/\/nuovi-lavori.it\/"},{"@type":"ListItem","position":2,"name":"Newsletter","item":"https:\/\/nuovi-lavori.it\/index.php\/category\/newsletter\/"},{"@type":"ListItem","position":3,"name":"La\u00a0guerra un anno dopo. Intervista a Mara Morini"}]},{"@type":"WebSite","@id":"https:\/\/nuovi-lavori.it\/#website","url":"https:\/\/nuovi-lavori.it\/","name":"Nuovi Lavori","description":"","publisher":{"@id":"https:\/\/nuovi-lavori.it\/#organization"},"potentialAction":[{"@type":"SearchAction","target":{"@type":"EntryPoint","urlTemplate":"https:\/\/nuovi-lavori.it\/?s={search_term_string}"},"query-input":{"@type":"PropertyValueSpecification","valueRequired":true,"valueName":"search_term_string"}}],"inLanguage":"it-IT"},{"@type":"Organization","@id":"https:\/\/nuovi-lavori.it\/#organization","name":"Nuovi Lavori","url":"https:\/\/nuovi-lavori.it\/","logo":{"@type":"ImageObject","inLanguage":"it-IT","@id":"https:\/\/nuovi-lavori.it\/#\/schema\/logo\/image\/","url":"http:\/\/5.249.146.118\/wp-content\/uploads\/2013\/11\/images_logonl.jpg","contentUrl":"http:\/\/5.249.146.118\/wp-content\/uploads\/2013\/11\/images_logonl.jpg","width":400,"height":327,"caption":"Nuovi Lavori"},"image":{"@id":"https:\/\/nuovi-lavori.it\/#\/schema\/logo\/image\/"},"sameAs":["https:\/\/www.youtube.com\/user\/newsletteranl"]},{"@type":"Person","@id":"https:\/\/nuovi-lavori.it\/#\/schema\/person\/9eaf2b92e5244284c7b802d840acab22","name":"Pierluigi Mele","image":{"@type":"ImageObject","inLanguage":"it-IT","@id":"https:\/\/secure.gravatar.com\/avatar\/d33d7099b67075c1f4465a6f9c2bf3bc484b6c9640b1b30d007517928393ab01?s=96&d=mm&r=g","url":"https:\/\/secure.gravatar.com\/avatar\/d33d7099b67075c1f4465a6f9c2bf3bc484b6c9640b1b30d007517928393ab01?s=96&d=mm&r=g","contentUrl":"https:\/\/secure.gravatar.com\/avatar\/d33d7099b67075c1f4465a6f9c2bf3bc484b6c9640b1b30d007517928393ab01?s=96&d=mm&r=g","caption":"Pierluigi Mele"},"url":"https:\/\/nuovi-lavori.it\/index.php\/author\/pierluigi-mele\/"}]}},"_links":{"self":[{"href":"https:\/\/nuovi-lavori.it\/index.php\/wp-json\/wp\/v2\/posts\/18484","targetHints":{"allow":["GET"]}}],"collection":[{"href":"https:\/\/nuovi-lavori.it\/index.php\/wp-json\/wp\/v2\/posts"}],"about":[{"href":"https:\/\/nuovi-lavori.it\/index.php\/wp-json\/wp\/v2\/types\/post"}],"author":[{"embeddable":true,"href":"https:\/\/nuovi-lavori.it\/index.php\/wp-json\/wp\/v2\/users\/6358"}],"replies":[{"embeddable":true,"href":"https:\/\/nuovi-lavori.it\/index.php\/wp-json\/wp\/v2\/comments?post=18484"}],"version-history":[{"count":2,"href":"https:\/\/nuovi-lavori.it\/index.php\/wp-json\/wp\/v2\/posts\/18484\/revisions"}],"predecessor-version":[{"id":18536,"href":"https:\/\/nuovi-lavori.it\/index.php\/wp-json\/wp\/v2\/posts\/18484\/revisions\/18536"}],"wp:featuredmedia":[{"embeddable":true,"href":"https:\/\/nuovi-lavori.it\/index.php\/wp-json\/wp\/v2\/media\/18537"}],"wp:attachment":[{"href":"https:\/\/nuovi-lavori.it\/index.php\/wp-json\/wp\/v2\/media?parent=18484"}],"wp:term":[{"taxonomy":"category","embeddable":true,"href":"https:\/\/nuovi-lavori.it\/index.php\/wp-json\/wp\/v2\/categories?post=18484"},{"taxonomy":"post_tag","embeddable":true,"href":"https:\/\/nuovi-lavori.it\/index.php\/wp-json\/wp\/v2\/tags?post=18484"}],"curies":[{"name":"wp","href":"https:\/\/api.w.org\/{rel}","templated":true}]}}