{"id":19128,"date":"2023-06-19T18:20:00","date_gmt":"2023-06-19T16:20:00","guid":{"rendered":"https:\/\/nuovi-lavori.it\/?p=19128"},"modified":"2023-06-20T18:00:02","modified_gmt":"2023-06-20T16:00:02","slug":"la-tv-del-pasto-fisso","status":"publish","type":"post","link":"https:\/\/nuovi-lavori.it\/index.php\/la-tv-del-pasto-fisso\/","title":{"rendered":"La tv del \u201cpasto fisso\u201d*"},"content":{"rendered":"\n<p>Funebre o al merito che sia, Fazio \u00e8 esposto, che lo paventi o meno, all\u2019\u201deffetto monumento\u201d, come \u00e8 successo con la dipartita di Costanzo e come accadrebbe se Vespa in un sussulto di vitalit\u00e0 si traferisse a Tahiti armi e bagagli. Tutto perch\u00e9 a questi affetti esagerati ci abitua la tv del \u201cpasto fisso\u201d.<\/p>\n\n\n\n<p>La faccenda non sorprende perch\u00e9 i mass media sono paesaggi su cui lo spettatore posa l\u2019occhio cercando non l\u2019imprevisto, ma spazi consueti di risata, sonno e riflessione. Ed \u00e8 evidente che format di programmi replicati sostanzialmente uguali per decenni lasciano un vuoto se il destino dei mortali o un terremoto di potere se l\u2019inghiotte. Ma poi, in poche settimane le macerie son spostate, e qualcosa arriva in onda, mentre il pubblico \u00e8 pi\u00f9 che ben disposto ad accogliere il neonato. Tuttavia stavolta la cosa non \u00e8 scontata perch\u00e9, pur nel suo implacabile ripetersi, con Fazio la RAI presidiava un vero incrocio di culture \u201cprogressiste\u201d, dai libri alla scienza, dalle arti alle lezioni del vivere comune. Riuscir\u00e0 il tartufismo bilioso e presuntuoso della Destra a sostituire quel tipo di prodotto con forme solide?. O dar\u00e0 il via a un velleitario avvicendarsi di baracche? Presto lo sapremo.<\/p>\n\n\n\n<p>Il rapporto fra Autore ed Editore<\/p>\n\n\n\n<p>Intanto proprio Fazio offre lo spunto per capire il rapporto che corre, in televisione come altrove, fra l\u2019Autore e l\u2019Editore e come meriti e demeriti si spartiscano fra i due.<\/p>\n\n\n\n<p>Fazio ha iniziato a fare televisione a met\u00e0 degli anni \u201980, neanche maggiorenne, segnalandosi come imitatore e, a segnalare il valore del ragazzo, riusc\u00ec a non esserlo per sempre. Guglielmi lo trov\u00f2 su Rai Tre, conduttore di Jeans, un incontro con i protagonisti della musica leggera, che godeva del suo essere di nicchia e al riparo dalla condanna degli ascolti.&nbsp;<\/p>\n\n\n\n<p>Ci volle qualche anno perch\u00e9 la Direzione, imbroccasse, per calcolo e fortuna, con Fazio l\u2019ideale conduttore di un programma gi\u00e0 in cantiere: Quelli del calcio\u2026. Il successo fu immediato e la ragione era evidente. Il garbo e l\u2019ironia di Fazio si sposavano con una potentissima energia, uno tsunami, introdotto dal di fuori, che forniva ogni occasione di mettere in mostra la prontezza di riflessi e la battuta. A garantire la massa d\u2019energia alla macchina del programma provvedeva&nbsp; il collegamento con tutti i campi calcio della serie A, quando il Campionato era un evento non ancora spappolato.<\/p>\n\n\n\n<p>Fazio che replica Fazio<\/p>\n\n\n\n<p>Da allora Fazio ha sostanzialmente replicato la formula dell\u2019uomo sulla tavola che scivola e danza su un\u2019onda di fortissimo interesse. A questo si prestava, va da s\u00e9, la conduzione di Sanremo; a questo \u00e8 servita la concezione di Che tempo Che Fa come una sorta di Stati Generali permanenti con afflusso di recordmen, pop singer, successori di Toscanini e Premi Nobel, a conversare con un conduttore che aveva una faccia giusta per ognuno.&nbsp;<\/p>\n\n\n\n<p>Che tempo che fa, se non sbagliamo, Fazio voleva farlo in Rai come striscia quotidiana di seconda serata, ma l\u2019azienda non ci stette perch\u00e9 il Letterman italiano gi\u00e0 ce l\u2019aveva, si chiamava Vespa ed era suscettibile. Cos\u00ec Idea, Autore e Format si volsero nel 2001 alla nuova La7 di Telecom. Senonch\u00e9 i Colaninno e i Pelliccioli, che ormai Telecom l\u2019avevano spremuta, batterono ben presto in ritirata e La7, priva di orizzonti commerciali (aveva appena vinto Berlusconi), rientr\u00f2 nel ruolo di foglia di fico del Duopolio, mentre Fazio, dopo un Purgatorio di due anni, rientrava in RAI. Per una lunga serata settimanale su Rai Tre, poi su Rai Uno, poi di nuovo su Rai Tre, a seconda delle maggioranze espresse nella lottizzazione del CdA messa a punto in Parlamento.<\/p>\n\n\n\n<p>Negli ultimi venti anni la capacit\u00e0 editoriale della Rai si \u00e8 progressivamente affievolita. Non, s\u2019intende, per quel tanto di mestiere che serve ad affrontare imprese come Sanremo o la produzione di fiction tutto sommato migliore d\u2019una volta e dotata di maggiore percezione del mercato. Ma il tutto si svolge nell\u2019ambito di una sorta di \u201cout sourcing del cervello\u201d presso agenti e produttori, perch\u00e9 se al Parlamento piace un\u2019azienda dal respiro corto e pronta a recepire lo strattone delle briglie, \u00e8 fatale che nelle stanze, anche in particolare quelle altolocate, si rinsecchiscono i neuroni.<\/p>\n\n\n\n<p>Monumentalizzazione di format e conduttori<\/p>\n\n\n\n<p>La conseguenza \u00e8 che la monumentalizzazione di format e conduttori diviene sistema per l\u2019impossibilit\u00e0 di concepire obiettivi editoriali diversi dall\u2019esistere e resistere. Le direzioni dei programmi, comunque si denominino (di Rete o di Genere) non scuotono i loro palinsesti e non sollecitano idee nuove perch\u00e9 gli pare gi\u00e0 gran cosa contare sulle vecchie.<\/p>\n\n\n\n<p>Questa inerzia direzionale \u00e8 alla base della replica del gi\u00e0 visto e collaudato, che provenga dalle bancarelle dei format internazionali o della reiterazione di facce e programmi nostrani sempre uguali (al netto di preziosit\u00e0 sfogate in palinsesto, in spazi di cerniera).<\/p>\n\n\n\n<p>Verso un Fazio forse rifatto per Discovery<\/p>\n\n\n\n<p>Queste sono le considerazioni che inducono a pensare che Fazio sia in effetti una perdita per la Rai, ma solo perch\u00e9 l\u2019Azienda non \u00e8 pi\u00f9 in grado di creare e pretendere creazione. Fra gli spettatori c\u2019\u00e8 stato di sicuro chi, dopo tanta consuetudine, alla fine s\u2019\u00e8 stufato. Ma, tra questi stessi e quelli che hanno resistito, qualcuno di certo allungher\u00e0 il telecomando su Discovery sperando di trovarci un sapore conosciuto, ma rinnovato da un colpo di struttura. Hai visto mai che sia giunta l\u2019ora di quell\u2019appuntamento sera dopo sera che finora invano fu inseguito? Giusto per non ritrovarsi con un Che tempo Che faceva.&nbsp;<\/p>\n\n\n\n<p>*da Domani,16\/05\/2023<\/p>\n","protected":false},"excerpt":{"rendered":"<p>Funebre o al merito che sia, Fazio \u00e8 esposto, che lo paventi o meno, all\u2019\u201deffetto monumento\u201d, come \u00e8 successo con la dipartita di Costanzo e come accadrebbe se Vespa in un sussulto di vitalit\u00e0 si traferisse a Tahiti armi e bagagli. Tutto perch\u00e9 a questi affetti esagerati ci abitua la tv del \u201cpasto fisso\u201d.<\/p>\n","protected":false},"author":6343,"featured_media":19169,"comment_status":"closed","ping_status":"open","sticky":false,"template":"","format":"standard","meta":{"footnotes":""},"categories":[9],"tags":[],"class_list":["post-19128","post","type-post","status-publish","format-standard","has-post-thumbnail","hentry","category-newsletter"],"yoast_head":"<!-- This site is optimized with the Yoast SEO plugin v27.5 - https:\/\/yoast.com\/product\/yoast-seo-wordpress\/ -->\n<title>La tv del \u201cpasto fisso\u201d* - Nuovi Lavori<\/title>\n<meta name=\"robots\" content=\"index, follow, max-snippet:-1, max-image-preview:large, max-video-preview:-1\" \/>\n<link rel=\"canonical\" href=\"https:\/\/nuovi-lavori.it\/index.php\/la-tv-del-pasto-fisso\/\" \/>\n<meta property=\"og:locale\" content=\"it_IT\" \/>\n<meta property=\"og:type\" content=\"article\" \/>\n<meta property=\"og:title\" content=\"La tv del \u201cpasto fisso\u201d* - Nuovi Lavori\" \/>\n<meta property=\"og:description\" content=\"Funebre o al merito che sia, Fazio \u00e8 esposto, che lo paventi o meno, all\u2019\u201deffetto monumento\u201d, come \u00e8 successo con la dipartita di Costanzo e come accadrebbe se Vespa in un sussulto di vitalit\u00e0 si traferisse a Tahiti armi e bagagli. Tutto perch\u00e9 a questi affetti esagerati ci abitua la tv del \u201cpasto fisso\u201d.\" \/>\n<meta property=\"og:url\" content=\"https:\/\/nuovi-lavori.it\/index.php\/la-tv-del-pasto-fisso\/\" \/>\n<meta property=\"og:site_name\" content=\"Nuovi Lavori\" \/>\n<meta property=\"article:published_time\" content=\"2023-06-19T16:20:00+00:00\" \/>\n<meta property=\"article:modified_time\" content=\"2023-06-20T16:00:02+00:00\" \/>\n<meta property=\"og:image\" content=\"https:\/\/nuovi-lavori.it\/wp-content\/uploads\/2023\/06\/anno_nuovo_tv_decoder-696x464-1.jpg\" \/>\n\t<meta property=\"og:image:width\" content=\"696\" \/>\n\t<meta property=\"og:image:height\" content=\"464\" \/>\n\t<meta property=\"og:image:type\" content=\"image\/jpeg\" \/>\n<meta name=\"author\" content=\"Stefano Balassone\" \/>\n<meta name=\"twitter:card\" content=\"summary_large_image\" \/>\n<meta name=\"twitter:label1\" content=\"Scritto da\" \/>\n\t<meta name=\"twitter:data1\" content=\"Stefano Balassone\" \/>\n\t<meta name=\"twitter:label2\" content=\"Tempo di lettura stimato\" \/>\n\t<meta name=\"twitter:data2\" content=\"5 minuti\" \/>\n<script type=\"application\/ld+json\" class=\"yoast-schema-graph\">{\"@context\":\"https:\\\/\\\/schema.org\",\"@graph\":[{\"@type\":\"Article\",\"@id\":\"https:\\\/\\\/nuovi-lavori.it\\\/index.php\\\/la-tv-del-pasto-fisso\\\/#article\",\"isPartOf\":{\"@id\":\"https:\\\/\\\/nuovi-lavori.it\\\/index.php\\\/la-tv-del-pasto-fisso\\\/\"},\"author\":{\"name\":\"Stefano Balassone\",\"@id\":\"https:\\\/\\\/nuovi-lavori.it\\\/#\\\/schema\\\/person\\\/f2605e3274264e0404ce0c9a1962f459\"},\"headline\":\"La tv del \u201cpasto fisso\u201d*\",\"datePublished\":\"2023-06-19T16:20:00+00:00\",\"dateModified\":\"2023-06-20T16:00:02+00:00\",\"mainEntityOfPage\":{\"@id\":\"https:\\\/\\\/nuovi-lavori.it\\\/index.php\\\/la-tv-del-pasto-fisso\\\/\"},\"wordCount\":920,\"publisher\":{\"@id\":\"https:\\\/\\\/nuovi-lavori.it\\\/#organization\"},\"image\":{\"@id\":\"https:\\\/\\\/nuovi-lavori.it\\\/index.php\\\/la-tv-del-pasto-fisso\\\/#primaryimage\"},\"thumbnailUrl\":\"https:\\\/\\\/nuovi-lavori.it\\\/wp-content\\\/uploads\\\/2023\\\/06\\\/anno_nuovo_tv_decoder-696x464-1.jpg\",\"articleSection\":[\"Newsletter\"],\"inLanguage\":\"it-IT\"},{\"@type\":\"WebPage\",\"@id\":\"https:\\\/\\\/nuovi-lavori.it\\\/index.php\\\/la-tv-del-pasto-fisso\\\/\",\"url\":\"https:\\\/\\\/nuovi-lavori.it\\\/index.php\\\/la-tv-del-pasto-fisso\\\/\",\"name\":\"La tv del \u201cpasto fisso\u201d* - Nuovi Lavori\",\"isPartOf\":{\"@id\":\"https:\\\/\\\/nuovi-lavori.it\\\/#website\"},\"primaryImageOfPage\":{\"@id\":\"https:\\\/\\\/nuovi-lavori.it\\\/index.php\\\/la-tv-del-pasto-fisso\\\/#primaryimage\"},\"image\":{\"@id\":\"https:\\\/\\\/nuovi-lavori.it\\\/index.php\\\/la-tv-del-pasto-fisso\\\/#primaryimage\"},\"thumbnailUrl\":\"https:\\\/\\\/nuovi-lavori.it\\\/wp-content\\\/uploads\\\/2023\\\/06\\\/anno_nuovo_tv_decoder-696x464-1.jpg\",\"datePublished\":\"2023-06-19T16:20:00+00:00\",\"dateModified\":\"2023-06-20T16:00:02+00:00\",\"breadcrumb\":{\"@id\":\"https:\\\/\\\/nuovi-lavori.it\\\/index.php\\\/la-tv-del-pasto-fisso\\\/#breadcrumb\"},\"inLanguage\":\"it-IT\",\"potentialAction\":[{\"@type\":\"ReadAction\",\"target\":[\"https:\\\/\\\/nuovi-lavori.it\\\/index.php\\\/la-tv-del-pasto-fisso\\\/\"]}]},{\"@type\":\"ImageObject\",\"inLanguage\":\"it-IT\",\"@id\":\"https:\\\/\\\/nuovi-lavori.it\\\/index.php\\\/la-tv-del-pasto-fisso\\\/#primaryimage\",\"url\":\"https:\\\/\\\/nuovi-lavori.it\\\/wp-content\\\/uploads\\\/2023\\\/06\\\/anno_nuovo_tv_decoder-696x464-1.jpg\",\"contentUrl\":\"https:\\\/\\\/nuovi-lavori.it\\\/wp-content\\\/uploads\\\/2023\\\/06\\\/anno_nuovo_tv_decoder-696x464-1.jpg\",\"width\":696,\"height\":464},{\"@type\":\"BreadcrumbList\",\"@id\":\"https:\\\/\\\/nuovi-lavori.it\\\/index.php\\\/la-tv-del-pasto-fisso\\\/#breadcrumb\",\"itemListElement\":[{\"@type\":\"ListItem\",\"position\":1,\"name\":\"Home\",\"item\":\"https:\\\/\\\/nuovi-lavori.it\\\/\"},{\"@type\":\"ListItem\",\"position\":2,\"name\":\"Newsletter\",\"item\":\"https:\\\/\\\/nuovi-lavori.it\\\/index.php\\\/category\\\/newsletter\\\/\"},{\"@type\":\"ListItem\",\"position\":3,\"name\":\"La tv del \u201cpasto fisso\u201d*\"}]},{\"@type\":\"WebSite\",\"@id\":\"https:\\\/\\\/nuovi-lavori.it\\\/#website\",\"url\":\"https:\\\/\\\/nuovi-lavori.it\\\/\",\"name\":\"Nuovi Lavori\",\"description\":\"\",\"publisher\":{\"@id\":\"https:\\\/\\\/nuovi-lavori.it\\\/#organization\"},\"potentialAction\":[{\"@type\":\"SearchAction\",\"target\":{\"@type\":\"EntryPoint\",\"urlTemplate\":\"https:\\\/\\\/nuovi-lavori.it\\\/?s={search_term_string}\"},\"query-input\":{\"@type\":\"PropertyValueSpecification\",\"valueRequired\":true,\"valueName\":\"search_term_string\"}}],\"inLanguage\":\"it-IT\"},{\"@type\":\"Organization\",\"@id\":\"https:\\\/\\\/nuovi-lavori.it\\\/#organization\",\"name\":\"Nuovi Lavori\",\"url\":\"https:\\\/\\\/nuovi-lavori.it\\\/\",\"logo\":{\"@type\":\"ImageObject\",\"inLanguage\":\"it-IT\",\"@id\":\"https:\\\/\\\/nuovi-lavori.it\\\/#\\\/schema\\\/logo\\\/image\\\/\",\"url\":\"http:\\\/\\\/5.249.146.118\\\/wp-content\\\/uploads\\\/2013\\\/11\\\/images_logonl.jpg\",\"contentUrl\":\"http:\\\/\\\/5.249.146.118\\\/wp-content\\\/uploads\\\/2013\\\/11\\\/images_logonl.jpg\",\"width\":400,\"height\":327,\"caption\":\"Nuovi Lavori\"},\"image\":{\"@id\":\"https:\\\/\\\/nuovi-lavori.it\\\/#\\\/schema\\\/logo\\\/image\\\/\"},\"sameAs\":[\"https:\\\/\\\/www.youtube.com\\\/user\\\/newsletteranl\"]},{\"@type\":\"Person\",\"@id\":\"https:\\\/\\\/nuovi-lavori.it\\\/#\\\/schema\\\/person\\\/f2605e3274264e0404ce0c9a1962f459\",\"name\":\"Stefano Balassone\",\"image\":{\"@type\":\"ImageObject\",\"inLanguage\":\"it-IT\",\"@id\":\"https:\\\/\\\/secure.gravatar.com\\\/avatar\\\/e8c545168d18df955d95364053fc8034c9762f188b13bb4c5aa6a455ee797e2e?s=96&d=mm&r=g\",\"url\":\"https:\\\/\\\/secure.gravatar.com\\\/avatar\\\/e8c545168d18df955d95364053fc8034c9762f188b13bb4c5aa6a455ee797e2e?s=96&d=mm&r=g\",\"contentUrl\":\"https:\\\/\\\/secure.gravatar.com\\\/avatar\\\/e8c545168d18df955d95364053fc8034c9762f188b13bb4c5aa6a455ee797e2e?s=96&d=mm&r=g\",\"caption\":\"Stefano Balassone\"},\"url\":\"https:\\\/\\\/nuovi-lavori.it\\\/index.php\\\/author\\\/stefano-balassone\\\/\"}]}<\/script>\n<!-- \/ Yoast SEO plugin. -->","yoast_head_json":{"title":"La tv del \u201cpasto fisso\u201d* - Nuovi Lavori","robots":{"index":"index","follow":"follow","max-snippet":"max-snippet:-1","max-image-preview":"max-image-preview:large","max-video-preview":"max-video-preview:-1"},"canonical":"https:\/\/nuovi-lavori.it\/index.php\/la-tv-del-pasto-fisso\/","og_locale":"it_IT","og_type":"article","og_title":"La tv del \u201cpasto fisso\u201d* - Nuovi Lavori","og_description":"Funebre o al merito che sia, Fazio \u00e8 esposto, che lo paventi o meno, all\u2019\u201deffetto monumento\u201d, come \u00e8 successo con la dipartita di Costanzo e come accadrebbe se Vespa in un sussulto di vitalit\u00e0 si traferisse a Tahiti armi e bagagli. Tutto perch\u00e9 a questi affetti esagerati ci abitua la tv del \u201cpasto fisso\u201d.","og_url":"https:\/\/nuovi-lavori.it\/index.php\/la-tv-del-pasto-fisso\/","og_site_name":"Nuovi Lavori","article_published_time":"2023-06-19T16:20:00+00:00","article_modified_time":"2023-06-20T16:00:02+00:00","og_image":[{"width":696,"height":464,"url":"https:\/\/nuovi-lavori.it\/wp-content\/uploads\/2023\/06\/anno_nuovo_tv_decoder-696x464-1.jpg","type":"image\/jpeg"}],"author":"Stefano Balassone","twitter_card":"summary_large_image","twitter_misc":{"Scritto da":"Stefano Balassone","Tempo di lettura stimato":"5 minuti"},"schema":{"@context":"https:\/\/schema.org","@graph":[{"@type":"Article","@id":"https:\/\/nuovi-lavori.it\/index.php\/la-tv-del-pasto-fisso\/#article","isPartOf":{"@id":"https:\/\/nuovi-lavori.it\/index.php\/la-tv-del-pasto-fisso\/"},"author":{"name":"Stefano Balassone","@id":"https:\/\/nuovi-lavori.it\/#\/schema\/person\/f2605e3274264e0404ce0c9a1962f459"},"headline":"La tv del \u201cpasto fisso\u201d*","datePublished":"2023-06-19T16:20:00+00:00","dateModified":"2023-06-20T16:00:02+00:00","mainEntityOfPage":{"@id":"https:\/\/nuovi-lavori.it\/index.php\/la-tv-del-pasto-fisso\/"},"wordCount":920,"publisher":{"@id":"https:\/\/nuovi-lavori.it\/#organization"},"image":{"@id":"https:\/\/nuovi-lavori.it\/index.php\/la-tv-del-pasto-fisso\/#primaryimage"},"thumbnailUrl":"https:\/\/nuovi-lavori.it\/wp-content\/uploads\/2023\/06\/anno_nuovo_tv_decoder-696x464-1.jpg","articleSection":["Newsletter"],"inLanguage":"it-IT"},{"@type":"WebPage","@id":"https:\/\/nuovi-lavori.it\/index.php\/la-tv-del-pasto-fisso\/","url":"https:\/\/nuovi-lavori.it\/index.php\/la-tv-del-pasto-fisso\/","name":"La tv del \u201cpasto fisso\u201d* - Nuovi Lavori","isPartOf":{"@id":"https:\/\/nuovi-lavori.it\/#website"},"primaryImageOfPage":{"@id":"https:\/\/nuovi-lavori.it\/index.php\/la-tv-del-pasto-fisso\/#primaryimage"},"image":{"@id":"https:\/\/nuovi-lavori.it\/index.php\/la-tv-del-pasto-fisso\/#primaryimage"},"thumbnailUrl":"https:\/\/nuovi-lavori.it\/wp-content\/uploads\/2023\/06\/anno_nuovo_tv_decoder-696x464-1.jpg","datePublished":"2023-06-19T16:20:00+00:00","dateModified":"2023-06-20T16:00:02+00:00","breadcrumb":{"@id":"https:\/\/nuovi-lavori.it\/index.php\/la-tv-del-pasto-fisso\/#breadcrumb"},"inLanguage":"it-IT","potentialAction":[{"@type":"ReadAction","target":["https:\/\/nuovi-lavori.it\/index.php\/la-tv-del-pasto-fisso\/"]}]},{"@type":"ImageObject","inLanguage":"it-IT","@id":"https:\/\/nuovi-lavori.it\/index.php\/la-tv-del-pasto-fisso\/#primaryimage","url":"https:\/\/nuovi-lavori.it\/wp-content\/uploads\/2023\/06\/anno_nuovo_tv_decoder-696x464-1.jpg","contentUrl":"https:\/\/nuovi-lavori.it\/wp-content\/uploads\/2023\/06\/anno_nuovo_tv_decoder-696x464-1.jpg","width":696,"height":464},{"@type":"BreadcrumbList","@id":"https:\/\/nuovi-lavori.it\/index.php\/la-tv-del-pasto-fisso\/#breadcrumb","itemListElement":[{"@type":"ListItem","position":1,"name":"Home","item":"https:\/\/nuovi-lavori.it\/"},{"@type":"ListItem","position":2,"name":"Newsletter","item":"https:\/\/nuovi-lavori.it\/index.php\/category\/newsletter\/"},{"@type":"ListItem","position":3,"name":"La tv del \u201cpasto fisso\u201d*"}]},{"@type":"WebSite","@id":"https:\/\/nuovi-lavori.it\/#website","url":"https:\/\/nuovi-lavori.it\/","name":"Nuovi Lavori","description":"","publisher":{"@id":"https:\/\/nuovi-lavori.it\/#organization"},"potentialAction":[{"@type":"SearchAction","target":{"@type":"EntryPoint","urlTemplate":"https:\/\/nuovi-lavori.it\/?s={search_term_string}"},"query-input":{"@type":"PropertyValueSpecification","valueRequired":true,"valueName":"search_term_string"}}],"inLanguage":"it-IT"},{"@type":"Organization","@id":"https:\/\/nuovi-lavori.it\/#organization","name":"Nuovi Lavori","url":"https:\/\/nuovi-lavori.it\/","logo":{"@type":"ImageObject","inLanguage":"it-IT","@id":"https:\/\/nuovi-lavori.it\/#\/schema\/logo\/image\/","url":"http:\/\/5.249.146.118\/wp-content\/uploads\/2013\/11\/images_logonl.jpg","contentUrl":"http:\/\/5.249.146.118\/wp-content\/uploads\/2013\/11\/images_logonl.jpg","width":400,"height":327,"caption":"Nuovi Lavori"},"image":{"@id":"https:\/\/nuovi-lavori.it\/#\/schema\/logo\/image\/"},"sameAs":["https:\/\/www.youtube.com\/user\/newsletteranl"]},{"@type":"Person","@id":"https:\/\/nuovi-lavori.it\/#\/schema\/person\/f2605e3274264e0404ce0c9a1962f459","name":"Stefano Balassone","image":{"@type":"ImageObject","inLanguage":"it-IT","@id":"https:\/\/secure.gravatar.com\/avatar\/e8c545168d18df955d95364053fc8034c9762f188b13bb4c5aa6a455ee797e2e?s=96&d=mm&r=g","url":"https:\/\/secure.gravatar.com\/avatar\/e8c545168d18df955d95364053fc8034c9762f188b13bb4c5aa6a455ee797e2e?s=96&d=mm&r=g","contentUrl":"https:\/\/secure.gravatar.com\/avatar\/e8c545168d18df955d95364053fc8034c9762f188b13bb4c5aa6a455ee797e2e?s=96&d=mm&r=g","caption":"Stefano Balassone"},"url":"https:\/\/nuovi-lavori.it\/index.php\/author\/stefano-balassone\/"}]}},"_links":{"self":[{"href":"https:\/\/nuovi-lavori.it\/index.php\/wp-json\/wp\/v2\/posts\/19128","targetHints":{"allow":["GET"]}}],"collection":[{"href":"https:\/\/nuovi-lavori.it\/index.php\/wp-json\/wp\/v2\/posts"}],"about":[{"href":"https:\/\/nuovi-lavori.it\/index.php\/wp-json\/wp\/v2\/types\/post"}],"author":[{"embeddable":true,"href":"https:\/\/nuovi-lavori.it\/index.php\/wp-json\/wp\/v2\/users\/6343"}],"replies":[{"embeddable":true,"href":"https:\/\/nuovi-lavori.it\/index.php\/wp-json\/wp\/v2\/comments?post=19128"}],"version-history":[{"count":2,"href":"https:\/\/nuovi-lavori.it\/index.php\/wp-json\/wp\/v2\/posts\/19128\/revisions"}],"predecessor-version":[{"id":19133,"href":"https:\/\/nuovi-lavori.it\/index.php\/wp-json\/wp\/v2\/posts\/19128\/revisions\/19133"}],"wp:featuredmedia":[{"embeddable":true,"href":"https:\/\/nuovi-lavori.it\/index.php\/wp-json\/wp\/v2\/media\/19169"}],"wp:attachment":[{"href":"https:\/\/nuovi-lavori.it\/index.php\/wp-json\/wp\/v2\/media?parent=19128"}],"wp:term":[{"taxonomy":"category","embeddable":true,"href":"https:\/\/nuovi-lavori.it\/index.php\/wp-json\/wp\/v2\/categories?post=19128"},{"taxonomy":"post_tag","embeddable":true,"href":"https:\/\/nuovi-lavori.it\/index.php\/wp-json\/wp\/v2\/tags?post=19128"}],"curies":[{"name":"wp","href":"https:\/\/api.w.org\/{rel}","templated":true}]}}