{"id":19258,"date":"2023-07-04T16:46:50","date_gmt":"2023-07-04T14:46:50","guid":{"rendered":"https:\/\/nuovi-lavori.it\/?p=19258"},"modified":"2023-07-04T16:47:58","modified_gmt":"2023-07-04T14:47:58","slug":"il-frutto-di-un-esasperato-opinionismo","status":"publish","type":"post","link":"https:\/\/nuovi-lavori.it\/index.php\/il-frutto-di-un-esasperato-opinionismo\/","title":{"rendered":"Il frutto di un esasperato opinionismo"},"content":{"rendered":"\n<p><\/p>\n\n\n\n<p>Nella storica alternanza tra verticalizzazione del potere e della organizzazione della societ\u00e0 e orizzontalizzazione capillare di essi, l\u2019autonomia differenziata si pone come un&nbsp; ectoplasma concettuale. Cos\u00ec come \u00e8 coniugata nella versione dell\u2019attuale Governo, non la si pu\u00f2 catalogare n\u00e9 nella prima dimensione, n\u00e9 nella seconda.&nbsp;<\/p>\n\n\n\n<p>Non \u00e8 pensata e regolata per essere un sistema di federalizzazione delle istituzioni perch\u00e9 sembra soltanto un vero e proprio spolpamento delle funzioni dello Stato, compresa la frontiera fiscale, finora considerata inviolabile. Un ridimensionamento di verticalit\u00e0 sostanziale, ma lasciando inalterata l\u2019impalcatura preesistente. Anzi, qualora fosse portato avanti il disegno di Presidenzialismo che il centro destra sembra privilegiare, si configurerebbe un surplus di potere&nbsp; non super partes ma in concorrenza con altri poteri, con le stesse caratteristiche. Nessuno infatti, nemmeno i proponenti, considerano l\u2019autonomia differenziata una forma di orizzontalizzazione delle sedi di comando politico e istituzionale. Essa \u00e8 presentata come il potenziamento di un\u2019autonomia che dalla nascita delle Regioni \u00e8 stata sempre considerata compressa, che dall\u2019avvento della Lega ha avuto afflati autonomisti e finanche separatisti, ignorando del tutto la questione della valorizzazione dei territori. La Padania era una immagine, da sventolare nell\u2019opinione pubblica, ma non un modello di convivenza comunitaria che dal basso definiva aggregazioni sociali e territoriali. Infatti, \u00e8 finita nel dimenticatoio.<\/p>\n\n\n\n<p>In altre parole, l\u2019autonomia differenziata \u00e8 un ibrido non di culture solidificate di cui si cerca una mediazione ragionata e ragionevole, ma di valutazioni politiche &#8211; di forte valenza opportunistica, dopo aver perso per strada la vocazione all\u2019alterit\u00e0 &#8211; che non intacca ci\u00f2 che gi\u00e0 \u00e8 noto, nel bene e nel male e nello stesso tempo non segnala un prospettiva diversa, che allarghi la dimensione della partecipazione democratica. Ora, si gioca sulle emozioni. E\u2019 in fondo il trionfo dell\u2019opinionismo, largamente influenzante l\u2019andamento degli eventi collettivi di questa fase della societ\u00e0 italiana. La politica ne \u00e8 strapiena, i corpi intermedi ne soffrono, il \u201cquarto potere\u201d ci sguazza. E\u2019 l\u2019opinionismo che alimenta la necessit\u00e0 di trasferire verticalit\u00e0 alle Regioni, di creare un\u2019alternativa al verticalismo dello Stato (che \u00e8 gi\u00e0 insidiato dall\u2019inevitabile trasferimento di poteri e influenze all\u2019Europa, man mano che questa acquista le fattezze di una Unione vera). Non c\u2019\u00e8 traccia di argomento che spieghi che \u00e8 la realt\u00e0 ad imporla.<\/p>\n\n\n\n<p>Durante la pandemia &#8211; l\u2019evento pi\u00f9 realistico per tutti nello stesso, lungo momento &#8211; \u00e8 successo quello che Giuseppe De Rita descrive brevemente ma acutamente: \u201cil processo storico in corso accetta passivamente la tanto esaltata verticalizzazione, ma continua a premiare la dimensione orizzontale e molecolare della societ\u00e0\u201d (in Ridiamo spazio ai livelli intermedi. Maggio 2022 edizione fuori commercio; per gli amici della cultura Censis).&nbsp;<\/p>\n\n\n\n<p>Al di l\u00e0 di ci\u00f2 che fece il Governo in quei frangenti drammatici, i Presidenti delle Regioni sono stati indicati dai mass media e dall\u2019opinione prevalente come i grandi registi della coesione sociale. In realt\u00e0 essi &#8211; compresi&nbsp; quelli che stavano tutte le sere in televisione a parlar bene di s\u00e9 stessi &#8211; hanno dimostrato verticismo e confusione, spesso rallentando l\u2019iter di decisioni urgenti e vitali. E per di pi\u00f9, facendo vedere che in Italia ci sono 21 sistemi sanitari. Senza l\u2019impegno, fino allo sfinimento, dei sindaci delle grandi come delle piccole e medie citt\u00e0, delle intese tra sindacato e azienda per impiegare in sicurezza lavoratrici e&nbsp; lavoratori&nbsp; e dell\u2019agire silenzioso del volontariato e del personale sanitario, impegno in gran parte esercitato a prescindere dal ruolo delle Regioni, le popolazioni non avrebbero corrisposto con senso civico e pazienza all\u2019urto del Covid. Soltanto questi soggetti istituzionali e sociali hanno praticato l\u2019orizzontalit\u00e0 e la gente ne \u00e8 stata riconoscente.<\/p>\n\n\n\n<p>In realt\u00e0, non c\u2019\u00e8 stato un vero dibattito sul ruolo delle Regioni, ovunque cresciute burocraticamente a dismisura (la Lombardia, ai tempi di Formigoni, apr\u00ec un\u2019ambasciata a Washington), rimaste sempre una \u201cgrande USL\u201d (l\u201980% del bilancio \u00e8 per la Sanit\u00e0), spesso coinvolte in scandali e malgoverni, ma&nbsp; soprattutto incapaci di formare classi dirigenti politiche di spessore nazionale, indipendentemente dagli schieramenti partitici. Rispetto allo Stato, si sentono alternative o pi\u00f9 capaci solo in termini verticistici, non amano l\u2019orizzontalit\u00e0, condizione essenziale per far funzionare bene i trasporti, far incontrare al meglio domanda e offerta del lavoro, per adeguare con lungimiranza le strutture scolastiche e soprattutto risviluppare la medicina di territorio. Tutte funzioni che l\u2019 autonomia differenziata vorrebbe consolidare o spostare in capo alle Regioni.<\/p>\n\n\n\n<p>Le popolazioni hanno consapevolezza di questo sentimento di altezzosit\u00e0 dell\u2019istituzione Regione e del suo personale politico. Le elezioni regionali marcano astensioni simili se non pi\u00f9 marcate di quelle politiche nazionali. Qualcosa vuol dire e quindi procedere a testa bassa su una falsa prospettiva \u00e8 molto peggio che fermarsi, prendere fiato e trovare strade che ricreino sintonia con le persone in carne ed ossa.<\/p>\n","protected":false},"excerpt":{"rendered":"<p>Nella storica alternanza tra verticalizzazione del potere e della organizzazione della societ\u00e0 e orizzontalizzazione capillare di essi, l\u2019autonomia differenziata si pone come un\u00a0 ectoplasma concettuale.<\/p>\n","protected":false},"author":6341,"featured_media":19259,"comment_status":"closed","ping_status":"open","sticky":false,"template":"","format":"standard","meta":{"footnotes":""},"categories":[9],"tags":[],"class_list":["post-19258","post","type-post","status-publish","format-standard","has-post-thumbnail","hentry","category-newsletter"],"yoast_head":"<!-- This site is optimized with the Yoast SEO plugin v27.5 - https:\/\/yoast.com\/product\/yoast-seo-wordpress\/ -->\n<title>Il frutto di un esasperato opinionismo - Nuovi Lavori<\/title>\n<meta name=\"robots\" content=\"index, follow, max-snippet:-1, max-image-preview:large, max-video-preview:-1\" \/>\n<link rel=\"canonical\" href=\"https:\/\/nuovi-lavori.it\/index.php\/il-frutto-di-un-esasperato-opinionismo\/\" \/>\n<meta property=\"og:locale\" content=\"it_IT\" \/>\n<meta property=\"og:type\" content=\"article\" \/>\n<meta property=\"og:title\" content=\"Il frutto di un esasperato opinionismo - Nuovi Lavori\" \/>\n<meta property=\"og:description\" content=\"Nella storica alternanza tra verticalizzazione del potere e della organizzazione della societ\u00e0 e orizzontalizzazione capillare di essi, l\u2019autonomia differenziata si pone come un\u00a0 ectoplasma concettuale.\" \/>\n<meta property=\"og:url\" content=\"https:\/\/nuovi-lavori.it\/index.php\/il-frutto-di-un-esasperato-opinionismo\/\" \/>\n<meta property=\"og:site_name\" content=\"Nuovi Lavori\" \/>\n<meta property=\"article:published_time\" content=\"2023-07-04T14:46:50+00:00\" \/>\n<meta property=\"article:modified_time\" content=\"2023-07-04T14:47:58+00:00\" \/>\n<meta property=\"og:image\" content=\"https:\/\/nuovi-lavori.it\/wp-content\/uploads\/2023\/07\/frutto.jpeg\" \/>\n\t<meta property=\"og:image:width\" content=\"275\" \/>\n\t<meta property=\"og:image:height\" content=\"183\" \/>\n\t<meta property=\"og:image:type\" content=\"image\/jpeg\" \/>\n<meta name=\"author\" content=\"Raffaele Morese\" \/>\n<meta name=\"twitter:card\" content=\"summary_large_image\" \/>\n<meta name=\"twitter:label1\" content=\"Scritto da\" \/>\n\t<meta name=\"twitter:data1\" content=\"Raffaele Morese\" \/>\n\t<meta name=\"twitter:label2\" content=\"Tempo di lettura stimato\" \/>\n\t<meta name=\"twitter:data2\" content=\"5 minuti\" \/>\n<script type=\"application\/ld+json\" class=\"yoast-schema-graph\">{\"@context\":\"https:\\\/\\\/schema.org\",\"@graph\":[{\"@type\":\"Article\",\"@id\":\"https:\\\/\\\/nuovi-lavori.it\\\/index.php\\\/il-frutto-di-un-esasperato-opinionismo\\\/#article\",\"isPartOf\":{\"@id\":\"https:\\\/\\\/nuovi-lavori.it\\\/index.php\\\/il-frutto-di-un-esasperato-opinionismo\\\/\"},\"author\":{\"name\":\"Raffaele Morese\",\"@id\":\"https:\\\/\\\/nuovi-lavori.it\\\/#\\\/schema\\\/person\\\/4768859afb8ce507df626060d213b701\"},\"headline\":\"Il frutto di un esasperato opinionismo\",\"datePublished\":\"2023-07-04T14:46:50+00:00\",\"dateModified\":\"2023-07-04T14:47:58+00:00\",\"mainEntityOfPage\":{\"@id\":\"https:\\\/\\\/nuovi-lavori.it\\\/index.php\\\/il-frutto-di-un-esasperato-opinionismo\\\/\"},\"wordCount\":794,\"publisher\":{\"@id\":\"https:\\\/\\\/nuovi-lavori.it\\\/#organization\"},\"image\":{\"@id\":\"https:\\\/\\\/nuovi-lavori.it\\\/index.php\\\/il-frutto-di-un-esasperato-opinionismo\\\/#primaryimage\"},\"thumbnailUrl\":\"https:\\\/\\\/nuovi-lavori.it\\\/wp-content\\\/uploads\\\/2023\\\/07\\\/frutto.jpeg\",\"articleSection\":[\"Newsletter\"],\"inLanguage\":\"it-IT\"},{\"@type\":\"WebPage\",\"@id\":\"https:\\\/\\\/nuovi-lavori.it\\\/index.php\\\/il-frutto-di-un-esasperato-opinionismo\\\/\",\"url\":\"https:\\\/\\\/nuovi-lavori.it\\\/index.php\\\/il-frutto-di-un-esasperato-opinionismo\\\/\",\"name\":\"Il frutto di un esasperato opinionismo - Nuovi Lavori\",\"isPartOf\":{\"@id\":\"https:\\\/\\\/nuovi-lavori.it\\\/#website\"},\"primaryImageOfPage\":{\"@id\":\"https:\\\/\\\/nuovi-lavori.it\\\/index.php\\\/il-frutto-di-un-esasperato-opinionismo\\\/#primaryimage\"},\"image\":{\"@id\":\"https:\\\/\\\/nuovi-lavori.it\\\/index.php\\\/il-frutto-di-un-esasperato-opinionismo\\\/#primaryimage\"},\"thumbnailUrl\":\"https:\\\/\\\/nuovi-lavori.it\\\/wp-content\\\/uploads\\\/2023\\\/07\\\/frutto.jpeg\",\"datePublished\":\"2023-07-04T14:46:50+00:00\",\"dateModified\":\"2023-07-04T14:47:58+00:00\",\"breadcrumb\":{\"@id\":\"https:\\\/\\\/nuovi-lavori.it\\\/index.php\\\/il-frutto-di-un-esasperato-opinionismo\\\/#breadcrumb\"},\"inLanguage\":\"it-IT\",\"potentialAction\":[{\"@type\":\"ReadAction\",\"target\":[\"https:\\\/\\\/nuovi-lavori.it\\\/index.php\\\/il-frutto-di-un-esasperato-opinionismo\\\/\"]}]},{\"@type\":\"ImageObject\",\"inLanguage\":\"it-IT\",\"@id\":\"https:\\\/\\\/nuovi-lavori.it\\\/index.php\\\/il-frutto-di-un-esasperato-opinionismo\\\/#primaryimage\",\"url\":\"https:\\\/\\\/nuovi-lavori.it\\\/wp-content\\\/uploads\\\/2023\\\/07\\\/frutto.jpeg\",\"contentUrl\":\"https:\\\/\\\/nuovi-lavori.it\\\/wp-content\\\/uploads\\\/2023\\\/07\\\/frutto.jpeg\",\"width\":275,\"height\":183},{\"@type\":\"BreadcrumbList\",\"@id\":\"https:\\\/\\\/nuovi-lavori.it\\\/index.php\\\/il-frutto-di-un-esasperato-opinionismo\\\/#breadcrumb\",\"itemListElement\":[{\"@type\":\"ListItem\",\"position\":1,\"name\":\"Home\",\"item\":\"https:\\\/\\\/nuovi-lavori.it\\\/\"},{\"@type\":\"ListItem\",\"position\":2,\"name\":\"Newsletter\",\"item\":\"https:\\\/\\\/nuovi-lavori.it\\\/index.php\\\/category\\\/newsletter\\\/\"},{\"@type\":\"ListItem\",\"position\":3,\"name\":\"Il frutto di un esasperato opinionismo\"}]},{\"@type\":\"WebSite\",\"@id\":\"https:\\\/\\\/nuovi-lavori.it\\\/#website\",\"url\":\"https:\\\/\\\/nuovi-lavori.it\\\/\",\"name\":\"Nuovi Lavori\",\"description\":\"\",\"publisher\":{\"@id\":\"https:\\\/\\\/nuovi-lavori.it\\\/#organization\"},\"potentialAction\":[{\"@type\":\"SearchAction\",\"target\":{\"@type\":\"EntryPoint\",\"urlTemplate\":\"https:\\\/\\\/nuovi-lavori.it\\\/?s={search_term_string}\"},\"query-input\":{\"@type\":\"PropertyValueSpecification\",\"valueRequired\":true,\"valueName\":\"search_term_string\"}}],\"inLanguage\":\"it-IT\"},{\"@type\":\"Organization\",\"@id\":\"https:\\\/\\\/nuovi-lavori.it\\\/#organization\",\"name\":\"Nuovi Lavori\",\"url\":\"https:\\\/\\\/nuovi-lavori.it\\\/\",\"logo\":{\"@type\":\"ImageObject\",\"inLanguage\":\"it-IT\",\"@id\":\"https:\\\/\\\/nuovi-lavori.it\\\/#\\\/schema\\\/logo\\\/image\\\/\",\"url\":\"http:\\\/\\\/5.249.146.118\\\/wp-content\\\/uploads\\\/2013\\\/11\\\/images_logonl.jpg\",\"contentUrl\":\"http:\\\/\\\/5.249.146.118\\\/wp-content\\\/uploads\\\/2013\\\/11\\\/images_logonl.jpg\",\"width\":400,\"height\":327,\"caption\":\"Nuovi Lavori\"},\"image\":{\"@id\":\"https:\\\/\\\/nuovi-lavori.it\\\/#\\\/schema\\\/logo\\\/image\\\/\"},\"sameAs\":[\"https:\\\/\\\/www.youtube.com\\\/user\\\/newsletteranl\"]},{\"@type\":\"Person\",\"@id\":\"https:\\\/\\\/nuovi-lavori.it\\\/#\\\/schema\\\/person\\\/4768859afb8ce507df626060d213b701\",\"name\":\"Raffaele Morese\",\"image\":{\"@type\":\"ImageObject\",\"inLanguage\":\"it-IT\",\"@id\":\"https:\\\/\\\/secure.gravatar.com\\\/avatar\\\/c9e93dd33a56fe3d005bd3f6c40cb88951704b941daa4f4dd789da460905d0d7?s=96&d=mm&r=g\",\"url\":\"https:\\\/\\\/secure.gravatar.com\\\/avatar\\\/c9e93dd33a56fe3d005bd3f6c40cb88951704b941daa4f4dd789da460905d0d7?s=96&d=mm&r=g\",\"contentUrl\":\"https:\\\/\\\/secure.gravatar.com\\\/avatar\\\/c9e93dd33a56fe3d005bd3f6c40cb88951704b941daa4f4dd789da460905d0d7?s=96&d=mm&r=g\",\"caption\":\"Raffaele Morese\"},\"description\":\"Laureato in economia e commercio all'Universit\u00e0 Cattolica di Milano. Nel 1966 \u00e8 responsabile dell'Ufficio Studi e Marketing della Rinascente S.p.A., nel 1967 entra all\u2019Ufficio Studi della CISL. Nel 1969 avvia la sua attivit\u00e0 sindacale come operatore nella Fim-Cisl nazionale, di cui diviene segretario nazionale nel 1975, ricoprendo la responsabilit\u00e0 di vari settori (elettromeccanica, informatica, siderurgia, e infine auto e trasporti) e assumendo il coordinamento delle politiche sindacali. Nel 1983 succede a Franco Bentivogli come segretario generale della Fim-Cisl e nel 1989 passa alla segreteria nazionale della confederazione, di cui diviene segretario generale aggiunto, in coppia con Sergio D'Antoni segretario generale. Nel 1998 si conclude la sua esperienza sindacale e si apre una fase di impegno politico nelle file del centro-sinistra. Dal 1998 al 2001 \u00e8 Sottosegretario con delega al Ministero del Lavoro. Dal 2002 al 2009 \u00e8 stato presidente di Trambus, la societ\u00e0 per azioni del Comune di Roma che gestisce la maggior parte del trasporto pubblico di Roma. Dal 2004 al 2009 \u00e8 stato presidente di Confservizi, la confederazione nazionale che rappresenta le aziende e gli enti che gestiscono i Servizi Pubblici Locali. Morese \u00e8 stato inoltre Consigliere del Consiglio Nazionale dell'Economia e del Lavoro (CNEL) nella IV Consiliatura, e nel 2005 \u00e8 stato nominato presidente della Commissione per le grandi opere e le reti infrastrutturali, per le politiche energetiche e i servizi di rete. Dal 1996 al 2009 \u00e8 stato Presidente di Intersos, la pi\u00f9 grande ONG italiana per l\u2019intervento umanitario nelle situazioni di guerra, di calamit\u00e0 naturali, di epidemie. Ha inoltre collaborato con numerosi quotidiani e settimanali, quali Sette giorni, Mondo Operaio, Il Popolo, Il Nuovo e L\u2019Europa, ed \u00e8 autore di diverse pubblicazioni sul mondo del lavoro, come Lavorare meno, lavorare tutti, Le Frontiere della partecipazione, Contare fino a uno e Ridistribuire il lavoro. Attualmente \u00e8 Segretario Generale di \\\"Nuovi Lavori\\\" (NL) e Presidente del think tank Koin\u00e8.\",\"url\":\"https:\\\/\\\/nuovi-lavori.it\\\/index.php\\\/author\\\/raffaele-morese\\\/\"}]}<\/script>\n<!-- \/ Yoast SEO plugin. -->","yoast_head_json":{"title":"Il frutto di un esasperato opinionismo - Nuovi Lavori","robots":{"index":"index","follow":"follow","max-snippet":"max-snippet:-1","max-image-preview":"max-image-preview:large","max-video-preview":"max-video-preview:-1"},"canonical":"https:\/\/nuovi-lavori.it\/index.php\/il-frutto-di-un-esasperato-opinionismo\/","og_locale":"it_IT","og_type":"article","og_title":"Il frutto di un esasperato opinionismo - Nuovi Lavori","og_description":"Nella storica alternanza tra verticalizzazione del potere e della organizzazione della societ\u00e0 e orizzontalizzazione capillare di essi, l\u2019autonomia differenziata si pone come un\u00a0 ectoplasma concettuale.","og_url":"https:\/\/nuovi-lavori.it\/index.php\/il-frutto-di-un-esasperato-opinionismo\/","og_site_name":"Nuovi Lavori","article_published_time":"2023-07-04T14:46:50+00:00","article_modified_time":"2023-07-04T14:47:58+00:00","og_image":[{"width":275,"height":183,"url":"https:\/\/nuovi-lavori.it\/wp-content\/uploads\/2023\/07\/frutto.jpeg","type":"image\/jpeg"}],"author":"Raffaele Morese","twitter_card":"summary_large_image","twitter_misc":{"Scritto da":"Raffaele Morese","Tempo di lettura stimato":"5 minuti"},"schema":{"@context":"https:\/\/schema.org","@graph":[{"@type":"Article","@id":"https:\/\/nuovi-lavori.it\/index.php\/il-frutto-di-un-esasperato-opinionismo\/#article","isPartOf":{"@id":"https:\/\/nuovi-lavori.it\/index.php\/il-frutto-di-un-esasperato-opinionismo\/"},"author":{"name":"Raffaele Morese","@id":"https:\/\/nuovi-lavori.it\/#\/schema\/person\/4768859afb8ce507df626060d213b701"},"headline":"Il frutto di un esasperato opinionismo","datePublished":"2023-07-04T14:46:50+00:00","dateModified":"2023-07-04T14:47:58+00:00","mainEntityOfPage":{"@id":"https:\/\/nuovi-lavori.it\/index.php\/il-frutto-di-un-esasperato-opinionismo\/"},"wordCount":794,"publisher":{"@id":"https:\/\/nuovi-lavori.it\/#organization"},"image":{"@id":"https:\/\/nuovi-lavori.it\/index.php\/il-frutto-di-un-esasperato-opinionismo\/#primaryimage"},"thumbnailUrl":"https:\/\/nuovi-lavori.it\/wp-content\/uploads\/2023\/07\/frutto.jpeg","articleSection":["Newsletter"],"inLanguage":"it-IT"},{"@type":"WebPage","@id":"https:\/\/nuovi-lavori.it\/index.php\/il-frutto-di-un-esasperato-opinionismo\/","url":"https:\/\/nuovi-lavori.it\/index.php\/il-frutto-di-un-esasperato-opinionismo\/","name":"Il frutto di un esasperato opinionismo - Nuovi Lavori","isPartOf":{"@id":"https:\/\/nuovi-lavori.it\/#website"},"primaryImageOfPage":{"@id":"https:\/\/nuovi-lavori.it\/index.php\/il-frutto-di-un-esasperato-opinionismo\/#primaryimage"},"image":{"@id":"https:\/\/nuovi-lavori.it\/index.php\/il-frutto-di-un-esasperato-opinionismo\/#primaryimage"},"thumbnailUrl":"https:\/\/nuovi-lavori.it\/wp-content\/uploads\/2023\/07\/frutto.jpeg","datePublished":"2023-07-04T14:46:50+00:00","dateModified":"2023-07-04T14:47:58+00:00","breadcrumb":{"@id":"https:\/\/nuovi-lavori.it\/index.php\/il-frutto-di-un-esasperato-opinionismo\/#breadcrumb"},"inLanguage":"it-IT","potentialAction":[{"@type":"ReadAction","target":["https:\/\/nuovi-lavori.it\/index.php\/il-frutto-di-un-esasperato-opinionismo\/"]}]},{"@type":"ImageObject","inLanguage":"it-IT","@id":"https:\/\/nuovi-lavori.it\/index.php\/il-frutto-di-un-esasperato-opinionismo\/#primaryimage","url":"https:\/\/nuovi-lavori.it\/wp-content\/uploads\/2023\/07\/frutto.jpeg","contentUrl":"https:\/\/nuovi-lavori.it\/wp-content\/uploads\/2023\/07\/frutto.jpeg","width":275,"height":183},{"@type":"BreadcrumbList","@id":"https:\/\/nuovi-lavori.it\/index.php\/il-frutto-di-un-esasperato-opinionismo\/#breadcrumb","itemListElement":[{"@type":"ListItem","position":1,"name":"Home","item":"https:\/\/nuovi-lavori.it\/"},{"@type":"ListItem","position":2,"name":"Newsletter","item":"https:\/\/nuovi-lavori.it\/index.php\/category\/newsletter\/"},{"@type":"ListItem","position":3,"name":"Il frutto di un esasperato opinionismo"}]},{"@type":"WebSite","@id":"https:\/\/nuovi-lavori.it\/#website","url":"https:\/\/nuovi-lavori.it\/","name":"Nuovi Lavori","description":"","publisher":{"@id":"https:\/\/nuovi-lavori.it\/#organization"},"potentialAction":[{"@type":"SearchAction","target":{"@type":"EntryPoint","urlTemplate":"https:\/\/nuovi-lavori.it\/?s={search_term_string}"},"query-input":{"@type":"PropertyValueSpecification","valueRequired":true,"valueName":"search_term_string"}}],"inLanguage":"it-IT"},{"@type":"Organization","@id":"https:\/\/nuovi-lavori.it\/#organization","name":"Nuovi Lavori","url":"https:\/\/nuovi-lavori.it\/","logo":{"@type":"ImageObject","inLanguage":"it-IT","@id":"https:\/\/nuovi-lavori.it\/#\/schema\/logo\/image\/","url":"http:\/\/5.249.146.118\/wp-content\/uploads\/2013\/11\/images_logonl.jpg","contentUrl":"http:\/\/5.249.146.118\/wp-content\/uploads\/2013\/11\/images_logonl.jpg","width":400,"height":327,"caption":"Nuovi Lavori"},"image":{"@id":"https:\/\/nuovi-lavori.it\/#\/schema\/logo\/image\/"},"sameAs":["https:\/\/www.youtube.com\/user\/newsletteranl"]},{"@type":"Person","@id":"https:\/\/nuovi-lavori.it\/#\/schema\/person\/4768859afb8ce507df626060d213b701","name":"Raffaele Morese","image":{"@type":"ImageObject","inLanguage":"it-IT","@id":"https:\/\/secure.gravatar.com\/avatar\/c9e93dd33a56fe3d005bd3f6c40cb88951704b941daa4f4dd789da460905d0d7?s=96&d=mm&r=g","url":"https:\/\/secure.gravatar.com\/avatar\/c9e93dd33a56fe3d005bd3f6c40cb88951704b941daa4f4dd789da460905d0d7?s=96&d=mm&r=g","contentUrl":"https:\/\/secure.gravatar.com\/avatar\/c9e93dd33a56fe3d005bd3f6c40cb88951704b941daa4f4dd789da460905d0d7?s=96&d=mm&r=g","caption":"Raffaele Morese"},"description":"Laureato in economia e commercio all'Universit\u00e0 Cattolica di Milano. Nel 1966 \u00e8 responsabile dell'Ufficio Studi e Marketing della Rinascente S.p.A., nel 1967 entra all\u2019Ufficio Studi della CISL. Nel 1969 avvia la sua attivit\u00e0 sindacale come operatore nella Fim-Cisl nazionale, di cui diviene segretario nazionale nel 1975, ricoprendo la responsabilit\u00e0 di vari settori (elettromeccanica, informatica, siderurgia, e infine auto e trasporti) e assumendo il coordinamento delle politiche sindacali. Nel 1983 succede a Franco Bentivogli come segretario generale della Fim-Cisl e nel 1989 passa alla segreteria nazionale della confederazione, di cui diviene segretario generale aggiunto, in coppia con Sergio D'Antoni segretario generale. Nel 1998 si conclude la sua esperienza sindacale e si apre una fase di impegno politico nelle file del centro-sinistra. Dal 1998 al 2001 \u00e8 Sottosegretario con delega al Ministero del Lavoro. Dal 2002 al 2009 \u00e8 stato presidente di Trambus, la societ\u00e0 per azioni del Comune di Roma che gestisce la maggior parte del trasporto pubblico di Roma. Dal 2004 al 2009 \u00e8 stato presidente di Confservizi, la confederazione nazionale che rappresenta le aziende e gli enti che gestiscono i Servizi Pubblici Locali. Morese \u00e8 stato inoltre Consigliere del Consiglio Nazionale dell'Economia e del Lavoro (CNEL) nella IV Consiliatura, e nel 2005 \u00e8 stato nominato presidente della Commissione per le grandi opere e le reti infrastrutturali, per le politiche energetiche e i servizi di rete. Dal 1996 al 2009 \u00e8 stato Presidente di Intersos, la pi\u00f9 grande ONG italiana per l\u2019intervento umanitario nelle situazioni di guerra, di calamit\u00e0 naturali, di epidemie. Ha inoltre collaborato con numerosi quotidiani e settimanali, quali Sette giorni, Mondo Operaio, Il Popolo, Il Nuovo e L\u2019Europa, ed \u00e8 autore di diverse pubblicazioni sul mondo del lavoro, come Lavorare meno, lavorare tutti, Le Frontiere della partecipazione, Contare fino a uno e Ridistribuire il lavoro. Attualmente \u00e8 Segretario Generale di \"Nuovi Lavori\" (NL) e Presidente del think tank Koin\u00e8.","url":"https:\/\/nuovi-lavori.it\/index.php\/author\/raffaele-morese\/"}]}},"_links":{"self":[{"href":"https:\/\/nuovi-lavori.it\/index.php\/wp-json\/wp\/v2\/posts\/19258","targetHints":{"allow":["GET"]}}],"collection":[{"href":"https:\/\/nuovi-lavori.it\/index.php\/wp-json\/wp\/v2\/posts"}],"about":[{"href":"https:\/\/nuovi-lavori.it\/index.php\/wp-json\/wp\/v2\/types\/post"}],"author":[{"embeddable":true,"href":"https:\/\/nuovi-lavori.it\/index.php\/wp-json\/wp\/v2\/users\/6341"}],"replies":[{"embeddable":true,"href":"https:\/\/nuovi-lavori.it\/index.php\/wp-json\/wp\/v2\/comments?post=19258"}],"version-history":[{"count":1,"href":"https:\/\/nuovi-lavori.it\/index.php\/wp-json\/wp\/v2\/posts\/19258\/revisions"}],"predecessor-version":[{"id":19260,"href":"https:\/\/nuovi-lavori.it\/index.php\/wp-json\/wp\/v2\/posts\/19258\/revisions\/19260"}],"wp:featuredmedia":[{"embeddable":true,"href":"https:\/\/nuovi-lavori.it\/index.php\/wp-json\/wp\/v2\/media\/19259"}],"wp:attachment":[{"href":"https:\/\/nuovi-lavori.it\/index.php\/wp-json\/wp\/v2\/media?parent=19258"}],"wp:term":[{"taxonomy":"category","embeddable":true,"href":"https:\/\/nuovi-lavori.it\/index.php\/wp-json\/wp\/v2\/categories?post=19258"},{"taxonomy":"post_tag","embeddable":true,"href":"https:\/\/nuovi-lavori.it\/index.php\/wp-json\/wp\/v2\/tags?post=19258"}],"curies":[{"name":"wp","href":"https:\/\/api.w.org\/{rel}","templated":true}]}}