{"id":19931,"date":"2024-01-30T11:02:10","date_gmt":"2024-01-30T10:02:10","guid":{"rendered":"https:\/\/nuovi-lavori.it\/?p=19931"},"modified":"2024-01-30T19:11:42","modified_gmt":"2024-01-30T18:11:42","slug":"le-citta-tra-transizione-e-conoscenza","status":"publish","type":"post","link":"https:\/\/nuovi-lavori.it\/index.php\/le-citta-tra-transizione-e-conoscenza\/","title":{"rendered":"L&#8217;assetto urbano tra mutazione e conoscenza"},"content":{"rendered":"\n<p>L\u2019impatto delle citt\u00e0 sui cambiamenti climatici, oltre ad essere aumentato nel corso del tempo, ha subito un processo di accelerazione negli ultimi 40 anni: i numeri ci dicono che nel 2050, secondo le stime ONU, \u00e8 previsto che circa il 70% della popolazione vivr\u00e0 in citt\u00e0. \u201cL\u2019azione umana degrada sempre pi\u00f9 la biosfera, l\u2019atmosfera, gli oceani, i continenti e, a livello locale le citt\u00e0, i fiumi, le colture.\u201d (Morin)&nbsp;<\/p>\n\n\n\n<p>Molte citt\u00e0 stanno cercando di far fronte alle conseguenze di questo impatto, con le proprie governance che si stanno orientando sempre pi\u00f9 nell\u2019individuare nel <em>Piano per i Cambiamenti Climatici<\/em> lo strumento strategico per un futuro diverso da quelli immaginati nel passato. \u00c8 indispensabile cambiare strada, trovare una nuova via, un nuovo cammino: nuove direzioni per raggiungere un rinnovamento, la speranza di un diverso futuro. I sindaci pi\u00f9 illuminati si stanno rendendo conto della portata della sfida e stanno adottando misure per proteggere le loro comunit\u00e0 e il rapporto uomo-natura. Le citt\u00e0 stanno aprendo la strada verso un diverso futuro mettendo le persone e il Pianeta al centro della transizione verso un\u2019energia sicura e pulita.<\/p>\n\n\n\n<p>\u201cRoma non \u00e8 stata costruita in un giorno\u201d, allo stesso modo questo processo ha necessit\u00e0 della gestione di due variabili fondamentali: <strong>il tempo e la conoscenza<\/strong>.<\/p>\n\n\n\n<p>Questo significa che queste aree dovranno educarsi alla transizione, come un processo maieutico reciproco che possa gradualmente formarsi nella coscienza di amministratori e cittadini per poter agire in maniera pro-attiva, al contenimento prima e alla coesistenza dopo, rispetto una serie di stili di vita che possano essere orientati all\u2019equilibrio tra uomo e natura.<\/p>\n\n\n\n<p>Spesso all\u2019interno delle citt\u00e0 le strategie, le scelte, gli scenari futuri sono imposti: progetti architettonici, piani urbanistici, piani strategici, decisioni. Spesso, perch\u00e9 il tempo \u00e8 tiranno, perch\u00e9 si deve fare entro una data, perch\u00e9 prevale il criterio dell\u2019emergenza, dell\u2019intervento straordinario rispetto a quello ordinario. Sarebbe opportuno ripensare la variabile <em>tempo<\/em>, anche perch\u00e9 \u201c \u2026 \u00e8 il tempo che tu hai perduto per la tua rosa che ha fatto la tua rosa cos\u00ec importante.\u201d (Antoine de Saint-Exup\u00e9ry). Probabilmente dovremmo pensare ad addomesticarci (per citare ancora Saint-Exup\u00e9ry) tra noi cittadini, per poter far s\u00ec che questa variabile abbia maggior peso nei processi decisionali riferiti al proprio futuro e al futuro dell\u2019umanit\u00e0 e del pianeta che ci ospita. La maggior parte degli abitanti della Terra non ha la conoscenza, sia tecnica che intellettuale, per poter intervenire in quei processi decisionali che organizzano, progettano, gestiscono la nostra vita presente e, soprattutto, futura. A questo punto si potrebbe obiettare che sino ad oggi si \u00e8 cercato di attivare processi di conoscenza e di scelte per ridurre l\u2019impatto dei cambiamenti climatici, attraverso molteplici strumenti e metodologie, tutti eventi che hanno in comune la mancanza di un fattore fondamentale: <em>la continuit\u00e0 nel tempo<\/em>. Tre sono le parole chiave per poter attivare e seguire il processo maieutico che possa educare nel tempo: <strong>saper-fare, competenza e pazienza<\/strong>. Per fare ci\u00f2 va ripensato il concetto di tempo: deve essere un processo continuo, con attivit\u00e0 diversificate che vanno dalla formazione nelle scuole primarie alla gestione dei piani strategici. Tutte queste attivit\u00e0 necessitano di un elemento fondamentale: <strong>la continuit\u00e0 nel tempo<\/strong>. La continuit\u00e0 diventa una delle parole chiave che deve essere tenuta in considerazione nell\u2019educazione alla transizione: <strong>non pi\u00f9 processi, ma stili di vita<\/strong>. Se l\u2019uomo vuole vivere, deve cambiare, e per poter fare questo \u00e8 necessaria una rivoluzione culturale che possa portare a una nuova evoluzione che possa far cambiare i principi del cambiamento. (Morin)&nbsp;<\/p>\n\n\n\n<p>Il fulcro diventa il passaggio tra i tempi della natura, i tempi dell&#8217;uomo e i tempi della tecnologia, che hanno velocit\u00e0 diverse: la nostra missione \u00e8 cercare di rendere questi processi armonici tra loro. Durante la pandemia abbiamo visto che numerosi indicatori ambientali sono migliorati, abbiamo visto una rinascita delle componenti naturali. Non si pu\u00f2 ignorare quel tempo e, anzi, quel tempo ci ha dato la conferma che bisogna eliminare progressivamente tutte le fonti inquinanti.&nbsp;<\/p>\n\n\n\n<p>Questo ci conferma che abbiamo necessit\u00e0 che ci sia uno sviluppo in armonia con i tempi degli eventi, senza che questi possano travolgerci e senza \u201cl\u2019assenza\u201d di sviluppo: in una parola abbiamo necessit\u00e0 di una <em>#transizione<\/em> che sia principalmente culturale e che possa coinvolgere pi\u00f9 persone possibili, una transizione che possa renderci consapevoli che dobbiamo essere solidali con il nostro pianeta e averne cura.<\/p>\n\n\n\n<p>*Esperto in Pianificazione strategica per lo sviluppo e la governance locale&nbsp;<\/p>\n","protected":false},"excerpt":{"rendered":"<p>L\u2019impatto delle citt\u00e0 sui cambiamenti climatici, oltre ad essere aumentato nel corso del tempo, ha subito un processo di accelerazione negli ultimi 40 anni: i numeri ci dicono che nel 2050, secondo le stime ONU, \u00e8 previsto che circa il 70% della popolazione vivr\u00e0 in citt\u00e0. <\/p>\n","protected":false},"author":6463,"featured_media":19934,"comment_status":"closed","ping_status":"closed","sticky":false,"template":"","format":"standard","meta":{"footnotes":""},"categories":[9],"tags":[],"class_list":["post-19931","post","type-post","status-publish","format-standard","has-post-thumbnail","hentry","category-newsletter"],"yoast_head":"<!-- This site is optimized with the Yoast SEO plugin v27.5 - https:\/\/yoast.com\/product\/yoast-seo-wordpress\/ -->\n<title>L&#039;assetto urbano tra mutazione e conoscenza - Nuovi Lavori<\/title>\n<meta name=\"robots\" content=\"index, follow, max-snippet:-1, max-image-preview:large, max-video-preview:-1\" \/>\n<link rel=\"canonical\" href=\"https:\/\/nuovi-lavori.it\/index.php\/le-citta-tra-transizione-e-conoscenza\/\" \/>\n<meta property=\"og:locale\" content=\"it_IT\" \/>\n<meta property=\"og:type\" content=\"article\" \/>\n<meta property=\"og:title\" content=\"L&#039;assetto urbano tra mutazione e conoscenza - Nuovi Lavori\" \/>\n<meta property=\"og:description\" content=\"L\u2019impatto delle citt\u00e0 sui cambiamenti climatici, oltre ad essere aumentato nel corso del tempo, ha subito un processo di accelerazione negli ultimi 40 anni: i numeri ci dicono che nel 2050, secondo le stime ONU, \u00e8 previsto che circa il 70% della popolazione vivr\u00e0 in citt\u00e0.\" \/>\n<meta property=\"og:url\" content=\"https:\/\/nuovi-lavori.it\/index.php\/le-citta-tra-transizione-e-conoscenza\/\" \/>\n<meta property=\"og:site_name\" content=\"Nuovi Lavori\" \/>\n<meta property=\"article:published_time\" content=\"2024-01-30T10:02:10+00:00\" \/>\n<meta property=\"article:modified_time\" content=\"2024-01-30T18:11:42+00:00\" \/>\n<meta property=\"og:image\" content=\"https:\/\/nuovi-lavori.it\/wp-content\/uploads\/2024\/01\/milano-2.jpg\" \/>\n\t<meta property=\"og:image:width\" content=\"1217\" \/>\n\t<meta property=\"og:image:height\" content=\"694\" \/>\n\t<meta property=\"og:image:type\" content=\"image\/jpeg\" \/>\n<meta name=\"author\" content=\"Francesco Vita*\" \/>\n<meta name=\"twitter:card\" content=\"summary_large_image\" \/>\n<meta name=\"twitter:label1\" content=\"Scritto da\" \/>\n\t<meta name=\"twitter:data1\" content=\"Francesco Vita*\" \/>\n\t<meta name=\"twitter:label2\" content=\"Tempo di lettura stimato\" \/>\n\t<meta name=\"twitter:data2\" content=\"4 minuti\" \/>\n<script type=\"application\/ld+json\" class=\"yoast-schema-graph\">{\"@context\":\"https:\\\/\\\/schema.org\",\"@graph\":[{\"@type\":\"Article\",\"@id\":\"https:\\\/\\\/nuovi-lavori.it\\\/index.php\\\/le-citta-tra-transizione-e-conoscenza\\\/#article\",\"isPartOf\":{\"@id\":\"https:\\\/\\\/nuovi-lavori.it\\\/index.php\\\/le-citta-tra-transizione-e-conoscenza\\\/\"},\"author\":{\"name\":\"Francesco Vita*\",\"@id\":\"https:\\\/\\\/nuovi-lavori.it\\\/#\\\/schema\\\/person\\\/816131829b9fb1f4fdb01799a9b5df2e\"},\"headline\":\"L&#8217;assetto urbano tra mutazione e conoscenza\",\"datePublished\":\"2024-01-30T10:02:10+00:00\",\"dateModified\":\"2024-01-30T18:11:42+00:00\",\"mainEntityOfPage\":{\"@id\":\"https:\\\/\\\/nuovi-lavori.it\\\/index.php\\\/le-citta-tra-transizione-e-conoscenza\\\/\"},\"wordCount\":739,\"publisher\":{\"@id\":\"https:\\\/\\\/nuovi-lavori.it\\\/#organization\"},\"image\":{\"@id\":\"https:\\\/\\\/nuovi-lavori.it\\\/index.php\\\/le-citta-tra-transizione-e-conoscenza\\\/#primaryimage\"},\"thumbnailUrl\":\"https:\\\/\\\/nuovi-lavori.it\\\/wp-content\\\/uploads\\\/2024\\\/01\\\/milano-2.jpg\",\"articleSection\":[\"Newsletter\"],\"inLanguage\":\"it-IT\"},{\"@type\":\"WebPage\",\"@id\":\"https:\\\/\\\/nuovi-lavori.it\\\/index.php\\\/le-citta-tra-transizione-e-conoscenza\\\/\",\"url\":\"https:\\\/\\\/nuovi-lavori.it\\\/index.php\\\/le-citta-tra-transizione-e-conoscenza\\\/\",\"name\":\"L'assetto urbano tra mutazione e conoscenza - Nuovi Lavori\",\"isPartOf\":{\"@id\":\"https:\\\/\\\/nuovi-lavori.it\\\/#website\"},\"primaryImageOfPage\":{\"@id\":\"https:\\\/\\\/nuovi-lavori.it\\\/index.php\\\/le-citta-tra-transizione-e-conoscenza\\\/#primaryimage\"},\"image\":{\"@id\":\"https:\\\/\\\/nuovi-lavori.it\\\/index.php\\\/le-citta-tra-transizione-e-conoscenza\\\/#primaryimage\"},\"thumbnailUrl\":\"https:\\\/\\\/nuovi-lavori.it\\\/wp-content\\\/uploads\\\/2024\\\/01\\\/milano-2.jpg\",\"datePublished\":\"2024-01-30T10:02:10+00:00\",\"dateModified\":\"2024-01-30T18:11:42+00:00\",\"breadcrumb\":{\"@id\":\"https:\\\/\\\/nuovi-lavori.it\\\/index.php\\\/le-citta-tra-transizione-e-conoscenza\\\/#breadcrumb\"},\"inLanguage\":\"it-IT\",\"potentialAction\":[{\"@type\":\"ReadAction\",\"target\":[\"https:\\\/\\\/nuovi-lavori.it\\\/index.php\\\/le-citta-tra-transizione-e-conoscenza\\\/\"]}]},{\"@type\":\"ImageObject\",\"inLanguage\":\"it-IT\",\"@id\":\"https:\\\/\\\/nuovi-lavori.it\\\/index.php\\\/le-citta-tra-transizione-e-conoscenza\\\/#primaryimage\",\"url\":\"https:\\\/\\\/nuovi-lavori.it\\\/wp-content\\\/uploads\\\/2024\\\/01\\\/milano-2.jpg\",\"contentUrl\":\"https:\\\/\\\/nuovi-lavori.it\\\/wp-content\\\/uploads\\\/2024\\\/01\\\/milano-2.jpg\",\"width\":1217,\"height\":694},{\"@type\":\"BreadcrumbList\",\"@id\":\"https:\\\/\\\/nuovi-lavori.it\\\/index.php\\\/le-citta-tra-transizione-e-conoscenza\\\/#breadcrumb\",\"itemListElement\":[{\"@type\":\"ListItem\",\"position\":1,\"name\":\"Home\",\"item\":\"https:\\\/\\\/nuovi-lavori.it\\\/\"},{\"@type\":\"ListItem\",\"position\":2,\"name\":\"Newsletter\",\"item\":\"https:\\\/\\\/nuovi-lavori.it\\\/index.php\\\/category\\\/newsletter\\\/\"},{\"@type\":\"ListItem\",\"position\":3,\"name\":\"L&#8217;assetto urbano tra mutazione e conoscenza\"}]},{\"@type\":\"WebSite\",\"@id\":\"https:\\\/\\\/nuovi-lavori.it\\\/#website\",\"url\":\"https:\\\/\\\/nuovi-lavori.it\\\/\",\"name\":\"Nuovi Lavori\",\"description\":\"\",\"publisher\":{\"@id\":\"https:\\\/\\\/nuovi-lavori.it\\\/#organization\"},\"potentialAction\":[{\"@type\":\"SearchAction\",\"target\":{\"@type\":\"EntryPoint\",\"urlTemplate\":\"https:\\\/\\\/nuovi-lavori.it\\\/?s={search_term_string}\"},\"query-input\":{\"@type\":\"PropertyValueSpecification\",\"valueRequired\":true,\"valueName\":\"search_term_string\"}}],\"inLanguage\":\"it-IT\"},{\"@type\":\"Organization\",\"@id\":\"https:\\\/\\\/nuovi-lavori.it\\\/#organization\",\"name\":\"Nuovi Lavori\",\"url\":\"https:\\\/\\\/nuovi-lavori.it\\\/\",\"logo\":{\"@type\":\"ImageObject\",\"inLanguage\":\"it-IT\",\"@id\":\"https:\\\/\\\/nuovi-lavori.it\\\/#\\\/schema\\\/logo\\\/image\\\/\",\"url\":\"http:\\\/\\\/5.249.146.118\\\/wp-content\\\/uploads\\\/2013\\\/11\\\/images_logonl.jpg\",\"contentUrl\":\"http:\\\/\\\/5.249.146.118\\\/wp-content\\\/uploads\\\/2013\\\/11\\\/images_logonl.jpg\",\"width\":400,\"height\":327,\"caption\":\"Nuovi Lavori\"},\"image\":{\"@id\":\"https:\\\/\\\/nuovi-lavori.it\\\/#\\\/schema\\\/logo\\\/image\\\/\"},\"sameAs\":[\"https:\\\/\\\/www.youtube.com\\\/user\\\/newsletteranl\"]},{\"@type\":\"Person\",\"@id\":\"https:\\\/\\\/nuovi-lavori.it\\\/#\\\/schema\\\/person\\\/816131829b9fb1f4fdb01799a9b5df2e\",\"name\":\"Francesco Vita*\",\"image\":{\"@type\":\"ImageObject\",\"inLanguage\":\"it-IT\",\"@id\":\"https:\\\/\\\/secure.gravatar.com\\\/avatar\\\/41ed2ac6c0bdc5c77d22fd3fb190d3a781d8418db13740e8cc5bb7ad7411c91d?s=96&d=mm&r=g\",\"url\":\"https:\\\/\\\/secure.gravatar.com\\\/avatar\\\/41ed2ac6c0bdc5c77d22fd3fb190d3a781d8418db13740e8cc5bb7ad7411c91d?s=96&d=mm&r=g\",\"contentUrl\":\"https:\\\/\\\/secure.gravatar.com\\\/avatar\\\/41ed2ac6c0bdc5c77d22fd3fb190d3a781d8418db13740e8cc5bb7ad7411c91d?s=96&d=mm&r=g\",\"caption\":\"Francesco Vita*\"},\"url\":\"https:\\\/\\\/nuovi-lavori.it\\\/index.php\\\/author\\\/francesco-vita\\\/\"}]}<\/script>\n<!-- \/ Yoast SEO plugin. -->","yoast_head_json":{"title":"L'assetto urbano tra mutazione e conoscenza - Nuovi Lavori","robots":{"index":"index","follow":"follow","max-snippet":"max-snippet:-1","max-image-preview":"max-image-preview:large","max-video-preview":"max-video-preview:-1"},"canonical":"https:\/\/nuovi-lavori.it\/index.php\/le-citta-tra-transizione-e-conoscenza\/","og_locale":"it_IT","og_type":"article","og_title":"L'assetto urbano tra mutazione e conoscenza - Nuovi Lavori","og_description":"L\u2019impatto delle citt\u00e0 sui cambiamenti climatici, oltre ad essere aumentato nel corso del tempo, ha subito un processo di accelerazione negli ultimi 40 anni: i numeri ci dicono che nel 2050, secondo le stime ONU, \u00e8 previsto che circa il 70% della popolazione vivr\u00e0 in citt\u00e0.","og_url":"https:\/\/nuovi-lavori.it\/index.php\/le-citta-tra-transizione-e-conoscenza\/","og_site_name":"Nuovi Lavori","article_published_time":"2024-01-30T10:02:10+00:00","article_modified_time":"2024-01-30T18:11:42+00:00","og_image":[{"width":1217,"height":694,"url":"https:\/\/nuovi-lavori.it\/wp-content\/uploads\/2024\/01\/milano-2.jpg","type":"image\/jpeg"}],"author":"Francesco Vita*","twitter_card":"summary_large_image","twitter_misc":{"Scritto da":"Francesco Vita*","Tempo di lettura stimato":"4 minuti"},"schema":{"@context":"https:\/\/schema.org","@graph":[{"@type":"Article","@id":"https:\/\/nuovi-lavori.it\/index.php\/le-citta-tra-transizione-e-conoscenza\/#article","isPartOf":{"@id":"https:\/\/nuovi-lavori.it\/index.php\/le-citta-tra-transizione-e-conoscenza\/"},"author":{"name":"Francesco Vita*","@id":"https:\/\/nuovi-lavori.it\/#\/schema\/person\/816131829b9fb1f4fdb01799a9b5df2e"},"headline":"L&#8217;assetto urbano tra mutazione e conoscenza","datePublished":"2024-01-30T10:02:10+00:00","dateModified":"2024-01-30T18:11:42+00:00","mainEntityOfPage":{"@id":"https:\/\/nuovi-lavori.it\/index.php\/le-citta-tra-transizione-e-conoscenza\/"},"wordCount":739,"publisher":{"@id":"https:\/\/nuovi-lavori.it\/#organization"},"image":{"@id":"https:\/\/nuovi-lavori.it\/index.php\/le-citta-tra-transizione-e-conoscenza\/#primaryimage"},"thumbnailUrl":"https:\/\/nuovi-lavori.it\/wp-content\/uploads\/2024\/01\/milano-2.jpg","articleSection":["Newsletter"],"inLanguage":"it-IT"},{"@type":"WebPage","@id":"https:\/\/nuovi-lavori.it\/index.php\/le-citta-tra-transizione-e-conoscenza\/","url":"https:\/\/nuovi-lavori.it\/index.php\/le-citta-tra-transizione-e-conoscenza\/","name":"L'assetto urbano tra mutazione e conoscenza - Nuovi Lavori","isPartOf":{"@id":"https:\/\/nuovi-lavori.it\/#website"},"primaryImageOfPage":{"@id":"https:\/\/nuovi-lavori.it\/index.php\/le-citta-tra-transizione-e-conoscenza\/#primaryimage"},"image":{"@id":"https:\/\/nuovi-lavori.it\/index.php\/le-citta-tra-transizione-e-conoscenza\/#primaryimage"},"thumbnailUrl":"https:\/\/nuovi-lavori.it\/wp-content\/uploads\/2024\/01\/milano-2.jpg","datePublished":"2024-01-30T10:02:10+00:00","dateModified":"2024-01-30T18:11:42+00:00","breadcrumb":{"@id":"https:\/\/nuovi-lavori.it\/index.php\/le-citta-tra-transizione-e-conoscenza\/#breadcrumb"},"inLanguage":"it-IT","potentialAction":[{"@type":"ReadAction","target":["https:\/\/nuovi-lavori.it\/index.php\/le-citta-tra-transizione-e-conoscenza\/"]}]},{"@type":"ImageObject","inLanguage":"it-IT","@id":"https:\/\/nuovi-lavori.it\/index.php\/le-citta-tra-transizione-e-conoscenza\/#primaryimage","url":"https:\/\/nuovi-lavori.it\/wp-content\/uploads\/2024\/01\/milano-2.jpg","contentUrl":"https:\/\/nuovi-lavori.it\/wp-content\/uploads\/2024\/01\/milano-2.jpg","width":1217,"height":694},{"@type":"BreadcrumbList","@id":"https:\/\/nuovi-lavori.it\/index.php\/le-citta-tra-transizione-e-conoscenza\/#breadcrumb","itemListElement":[{"@type":"ListItem","position":1,"name":"Home","item":"https:\/\/nuovi-lavori.it\/"},{"@type":"ListItem","position":2,"name":"Newsletter","item":"https:\/\/nuovi-lavori.it\/index.php\/category\/newsletter\/"},{"@type":"ListItem","position":3,"name":"L&#8217;assetto urbano tra mutazione e conoscenza"}]},{"@type":"WebSite","@id":"https:\/\/nuovi-lavori.it\/#website","url":"https:\/\/nuovi-lavori.it\/","name":"Nuovi Lavori","description":"","publisher":{"@id":"https:\/\/nuovi-lavori.it\/#organization"},"potentialAction":[{"@type":"SearchAction","target":{"@type":"EntryPoint","urlTemplate":"https:\/\/nuovi-lavori.it\/?s={search_term_string}"},"query-input":{"@type":"PropertyValueSpecification","valueRequired":true,"valueName":"search_term_string"}}],"inLanguage":"it-IT"},{"@type":"Organization","@id":"https:\/\/nuovi-lavori.it\/#organization","name":"Nuovi Lavori","url":"https:\/\/nuovi-lavori.it\/","logo":{"@type":"ImageObject","inLanguage":"it-IT","@id":"https:\/\/nuovi-lavori.it\/#\/schema\/logo\/image\/","url":"http:\/\/5.249.146.118\/wp-content\/uploads\/2013\/11\/images_logonl.jpg","contentUrl":"http:\/\/5.249.146.118\/wp-content\/uploads\/2013\/11\/images_logonl.jpg","width":400,"height":327,"caption":"Nuovi Lavori"},"image":{"@id":"https:\/\/nuovi-lavori.it\/#\/schema\/logo\/image\/"},"sameAs":["https:\/\/www.youtube.com\/user\/newsletteranl"]},{"@type":"Person","@id":"https:\/\/nuovi-lavori.it\/#\/schema\/person\/816131829b9fb1f4fdb01799a9b5df2e","name":"Francesco Vita*","image":{"@type":"ImageObject","inLanguage":"it-IT","@id":"https:\/\/secure.gravatar.com\/avatar\/41ed2ac6c0bdc5c77d22fd3fb190d3a781d8418db13740e8cc5bb7ad7411c91d?s=96&d=mm&r=g","url":"https:\/\/secure.gravatar.com\/avatar\/41ed2ac6c0bdc5c77d22fd3fb190d3a781d8418db13740e8cc5bb7ad7411c91d?s=96&d=mm&r=g","contentUrl":"https:\/\/secure.gravatar.com\/avatar\/41ed2ac6c0bdc5c77d22fd3fb190d3a781d8418db13740e8cc5bb7ad7411c91d?s=96&d=mm&r=g","caption":"Francesco Vita*"},"url":"https:\/\/nuovi-lavori.it\/index.php\/author\/francesco-vita\/"}]}},"_links":{"self":[{"href":"https:\/\/nuovi-lavori.it\/index.php\/wp-json\/wp\/v2\/posts\/19931","targetHints":{"allow":["GET"]}}],"collection":[{"href":"https:\/\/nuovi-lavori.it\/index.php\/wp-json\/wp\/v2\/posts"}],"about":[{"href":"https:\/\/nuovi-lavori.it\/index.php\/wp-json\/wp\/v2\/types\/post"}],"author":[{"embeddable":true,"href":"https:\/\/nuovi-lavori.it\/index.php\/wp-json\/wp\/v2\/users\/6463"}],"replies":[{"embeddable":true,"href":"https:\/\/nuovi-lavori.it\/index.php\/wp-json\/wp\/v2\/comments?post=19931"}],"version-history":[{"count":3,"href":"https:\/\/nuovi-lavori.it\/index.php\/wp-json\/wp\/v2\/posts\/19931\/revisions"}],"predecessor-version":[{"id":19993,"href":"https:\/\/nuovi-lavori.it\/index.php\/wp-json\/wp\/v2\/posts\/19931\/revisions\/19993"}],"wp:featuredmedia":[{"embeddable":true,"href":"https:\/\/nuovi-lavori.it\/index.php\/wp-json\/wp\/v2\/media\/19934"}],"wp:attachment":[{"href":"https:\/\/nuovi-lavori.it\/index.php\/wp-json\/wp\/v2\/media?parent=19931"}],"wp:term":[{"taxonomy":"category","embeddable":true,"href":"https:\/\/nuovi-lavori.it\/index.php\/wp-json\/wp\/v2\/categories?post=19931"},{"taxonomy":"post_tag","embeddable":true,"href":"https:\/\/nuovi-lavori.it\/index.php\/wp-json\/wp\/v2\/tags?post=19931"}],"curies":[{"name":"wp","href":"https:\/\/api.w.org\/{rel}","templated":true}]}}