{"id":20277,"date":"2024-04-05T18:42:45","date_gmt":"2024-04-05T16:42:45","guid":{"rendered":"https:\/\/nuovi-lavori.it\/?p=20277"},"modified":"2024-04-05T18:44:29","modified_gmt":"2024-04-05T16:44:29","slug":"lettera-aperta-al-pd","status":"publish","type":"post","link":"https:\/\/nuovi-lavori.it\/index.php\/lettera-aperta-al-pd\/","title":{"rendered":"LETTERA APERTA AL PD"},"content":{"rendered":"\n<p><strong>L\u2019 8 e il 9 giugno andremo a votare per il nuovo Parlamento europeo. In gioco vi \u00e8 il successo della definitiva integrazione politica e istituzionale dell\u2019Europa.&nbsp;<\/strong><\/p>\n\n\n\n<p>Il voto sar\u00e0 per i singoli partiti e non per le coalizioni. Nella consapevolezza che soltanto uniti si vince e che ovviamente divisi si pu\u00f2 competere ma si perde, resta l\u2019esigenza che le forze politiche che si identificano nella prospettiva di un\u2019Europa federale sappiano delineare un insieme di politiche convergenti. Questa prospettiva \u00e8 opposta a quella delle forze sovraniste, che vogliono far prevalere sempre e comunque le prerogative dei singoli Stati dell\u2019Unione.&nbsp; Invece, l\u2019europeismo \u00e8 l\u2019unica, vera patria possibile.<\/p>\n\n\n\n<p><strong>Per questo, indipendentemente dalle singole opzioni politiche dei firmatari, ci rivolgiamo soprattutto<\/strong> <strong>al PD, in quanto principale forza politica dello schieramento di centro sinistra, perch\u00e8 non si limiti a generici appelli volontaristici, ma esponga proposte chiare, capaci di coinvolgere le diverse anime del riformismo italiano e recuperare al voto la crescente quota di disaffezione registrata nelle pi\u00f9 vicine elezioni. Quest\u2019ultima va considerata la priorit\u00e0 assoluta in questa fase.<\/strong><\/p>\n\n\n\n<p>Si deve, innanzitutto, sottolineare la volont\u00e0 di mettere subito in cantiere la&nbsp; costruzione di un\u2019<strong>Europa che sia una compiuta comunit\u00e0 di cittadini<\/strong>, definendo una struttura statuale federale, nella quale si decide a maggioranza; dove il Governo dell\u2019Europa sia eletto dal Parlamento europeo; che abbia un&nbsp; bilancio pi\u00f9 consistente per una &#8220;governance&#8221; economica dell&#8217;Unione accanto a quella monetaria; che si attuino politiche economiche, industriali, sociali, emigratorie comuni; che si doti di una politica estera unica oltre ad un sistema comune di difesa e un esercito europeo.&nbsp;<\/p>\n\n\n\n<p>Una Europa federale \u00e8 necessaria anche a seguito dei mutamenti geopolitici internazionali che impongono di dare risposta in modo sostenibile e inclusivo alle nuove sfide sociali, emigratorie, economiche, ambientali, tecnologiche. Risposte essenziali per riconquistare anche la pace tra i popoli. <strong>Senza un\u2019Europa autorevole, nessun Paese europeo potr\u00e0 sentirsi sicuro sia di mantenere l\u2019attuale e la futura prosperit\u00e0, sia di partecipare alla costruzione di una pace e una sicurezza globali.&nbsp;<\/strong><\/p>\n\n\n\n<p>Il processo di formazione di una forte identit\u00e0 europea pu\u00f2 essere meglio condiviso, quanto pi\u00f9 si <strong>valorizzer\u00e0 il comune patrimonio culturale e si ridimensioneranno le diseguaglianze sociali, economiche, territoriali e di genere.<\/strong>&nbsp; L\u2019area di azione ha confini vasti, tocca decisivi e delicati aspetti della vita civile e politica dei 450 milioni di europee ed europei. Ma su tutti spicca la questione fiscale, come garante di un welfare pubblico dignitoso e di un benessere diffuso. Per questo, occorre realizzare&nbsp; un <strong>radicale azzeramento della concorrenza fiscale tra i Paesi,<\/strong> sia nei confronti dei singoli cittadini che delle imprese.&nbsp;<\/p>\n\n\n\n<p>In questo contesto, il sistema fiscale italiano, si deve europeizzare, perdere la sua impronta novecentesca e diventare capace di intercettare i cambiamenti nella distribuzione della ricchezza, per non mettere a rischio la tenuta dello Stato sociale e produrre un progressivo svuotamento della norma costituzionale sulla progressivit\u00e0 del prelievo. Di conseguenza, non basta la lotta all\u2019elusione e all\u2019evasione fiscali e contributive. Contrariamente a quanto avvenuto negli ultimi 20 anni, va ristabilita un\u2019alleanza tra ceti medi e le aree pi\u00f9 povere del Paese, facendo perno soprattutto sul conflitto d\u2019interesse e sull\u2019intercettazione delle tante forme di rendite cresciute negli ultimi decenni.<\/p>\n\n\n\n<p>Infine, l\u2019Europa deve mettere al <strong>centro delle sue politiche anche il complesso tema del lavoro e della sua dignit\u00e0.<\/strong> Va affrontato il cambiamento epocale della sua qualit\u00e0 per effetto della transizione ambientale ed energetica, della informatizzazione crescente delle attivit\u00e0 produttive e della diffusione dell\u2019Intelligenza artificiale. Non sappiamo ancora dove approder\u00e0 questo mutamento. Ma, da un lato, l\u2019intervento di politica economica e industriale dell\u2019Europa deve diventare strutturale, sia per non snaturare gli apparati produttivi dei vari Paesi, sia per sostenere politiche nazionali di formazione continua e di qualit\u00e0 che evitino nuove sacche di disoccupazione ed esclusione. <strong>Dall\u2019altro lato, impone una molteplicit\u00e0 di problematiche<\/strong>: il lavoro povero polarizzato con il lavoro altamente qualificato; il lavoro sempre pi\u00f9 integrato con i sistemi di apprendimento nell\u2019intero arco della vita lavorativa; la riduzione del tempo di lavoro in un nuovo equilibrio con il tempo di vita; il lavoro penalizzato dallo squilibrio produttivo e di servizi pubblici tra i territori (specie tra Nord e Sud dell\u2019Italia); &nbsp; il lavoro e il tempo del pensionamento, passivo ma anche attivo, in continua evoluzione in rapporto all\u2019aumento dell\u2019et\u00e0 media.<\/p>\n\n\n\n<p><strong>Prima ancora dell\u2019iniziativa legislativa, spetta soprattutto alla contrattazione collettiva e alle parti sociali europee e al dialogo sociale nei singoli Stati trovare le soluzioni pi\u00f9 idonee perch\u00e9 la dignit\u00e0 delle persone<\/strong> e il loro pieno coinvolgimento nell\u2019attivit\u00e0 produttiva e di servizi sia costantemente assicurato in modo da mantenere alta la solidariet\u00e0 tra lavoratori e lavoratrici europee.<strong> Il<\/strong> <strong>sindacalismo confederale europeo, sostenuto da quelli nazionali, deve scegliere di lottare per una nuova stagione di riformismo strutturale.<\/strong><strong>&nbsp;<\/strong><\/p>\n\n\n\n<p><strong>Per tutto ci\u00f2, riteniamo che sarebbe utile e significativo che il PD organizzasse iniziative programmatiche che individuino le priorit\u00e0 che qualificheranno la prossima campagna elettorale. Deve essere un confronto diffuso, con le modalit\u00e0 e nelle sedi pi\u00f9 appropriate, per assicurare una partecipazione reale delle persone.<\/strong><\/p>\n\n\n\n<p>Franco Aloia, Aldo Amoretti, Pier Vittorio Antoniazzi, Sandro Antoniazzi, Emilio Bartezzaghi,&nbsp; Maurizio Benetti, Giorgio Benvenuto, Salvatore Biondo, Cecilia Brighi, Duccio Campagnoli, Domenico Carrieri, Pinuccia Cazzaniga, Mario Colombo, Mario Conclave, Giuseppe D\u2019Ercole, Emilio Gabaglio, Giovanni Guerisoli, Franco Liso, Marino Lizza, Franco Lotito, Luigi Marelli, Renato Matteucci, Enzo Mattina, Pierluigi Mele, Raffaele Morese, Giorgio Panizzi, Luciano Pero, Sandro Roazzi, Gaetano Sateriale, Cosmano Spagnolo, Carole Tarantelli, Tiziano Treu, Leonello Tronti, Manlio Vendittelli, Silvano Veronese, Luigi Viviani.<\/p>\n","protected":false},"excerpt":{"rendered":"<p>L\u2019 8 e il 9 giugno andremo a votare per il nuovo Parlamento europeo. In gioco vi \u00e8 il successo della definitiva integrazione politica e istituzionale dell\u2019Europa.&nbsp; Il voto sar\u00e0 per i singoli partiti e non per le coalizioni. Nella consapevolezza che soltanto uniti si vince e che ovviamente divisi si pu\u00f2 competere ma si [&hellip;]<\/p>\n","protected":false},"author":1,"featured_media":0,"comment_status":"closed","ping_status":"open","sticky":false,"template":"","format":"standard","meta":{"footnotes":""},"categories":[154],"tags":[],"class_list":["post-20277","post","type-post","status-publish","format-standard","hentry","category-koine"],"yoast_head":"<!-- This site is optimized with the Yoast SEO plugin v27.4 - https:\/\/yoast.com\/product\/yoast-seo-wordpress\/ -->\n<title>LETTERA APERTA AL PD - Nuovi Lavori<\/title>\n<meta name=\"robots\" content=\"index, follow, max-snippet:-1, max-image-preview:large, max-video-preview:-1\" \/>\n<link rel=\"canonical\" href=\"https:\/\/nuovi-lavori.it\/index.php\/lettera-aperta-al-pd\/\" \/>\n<meta property=\"og:locale\" content=\"it_IT\" \/>\n<meta property=\"og:type\" content=\"article\" \/>\n<meta property=\"og:title\" content=\"LETTERA APERTA AL PD - Nuovi Lavori\" \/>\n<meta property=\"og:description\" content=\"L\u2019 8 e il 9 giugno andremo a votare per il nuovo Parlamento europeo. In gioco vi \u00e8 il successo della definitiva integrazione politica e istituzionale dell\u2019Europa.&nbsp; Il voto sar\u00e0 per i singoli partiti e non per le coalizioni. Nella consapevolezza che soltanto uniti si vince e che ovviamente divisi si pu\u00f2 competere ma si [&hellip;]\" \/>\n<meta property=\"og:url\" content=\"https:\/\/nuovi-lavori.it\/index.php\/lettera-aperta-al-pd\/\" \/>\n<meta property=\"og:site_name\" content=\"Nuovi Lavori\" \/>\n<meta property=\"article:published_time\" content=\"2024-04-05T16:42:45+00:00\" \/>\n<meta property=\"article:modified_time\" content=\"2024-04-05T16:44:29+00:00\" \/>\n<meta name=\"author\" content=\"admin\" \/>\n<meta name=\"twitter:card\" content=\"summary_large_image\" \/>\n<meta name=\"twitter:label1\" content=\"Scritto da\" \/>\n\t<meta name=\"twitter:data1\" content=\"admin\" \/>\n\t<meta name=\"twitter:label2\" content=\"Tempo di lettura stimato\" \/>\n\t<meta name=\"twitter:data2\" content=\"5 minuti\" \/>\n<script type=\"application\/ld+json\" class=\"yoast-schema-graph\">{\"@context\":\"https:\\\/\\\/schema.org\",\"@graph\":[{\"@type\":\"Article\",\"@id\":\"https:\\\/\\\/nuovi-lavori.it\\\/index.php\\\/lettera-aperta-al-pd\\\/#article\",\"isPartOf\":{\"@id\":\"https:\\\/\\\/nuovi-lavori.it\\\/index.php\\\/lettera-aperta-al-pd\\\/\"},\"author\":{\"name\":\"admin\",\"@id\":\"https:\\\/\\\/nuovi-lavori.it\\\/#\\\/schema\\\/person\\\/98b1760ec9c658af8834034508c2a49f\"},\"headline\":\"LETTERA APERTA AL PD\",\"datePublished\":\"2024-04-05T16:42:45+00:00\",\"dateModified\":\"2024-04-05T16:44:29+00:00\",\"mainEntityOfPage\":{\"@id\":\"https:\\\/\\\/nuovi-lavori.it\\\/index.php\\\/lettera-aperta-al-pd\\\/\"},\"wordCount\":931,\"publisher\":{\"@id\":\"https:\\\/\\\/nuovi-lavori.it\\\/#organization\"},\"articleSection\":[\"Koin\u00e8\"],\"inLanguage\":\"it-IT\"},{\"@type\":\"WebPage\",\"@id\":\"https:\\\/\\\/nuovi-lavori.it\\\/index.php\\\/lettera-aperta-al-pd\\\/\",\"url\":\"https:\\\/\\\/nuovi-lavori.it\\\/index.php\\\/lettera-aperta-al-pd\\\/\",\"name\":\"LETTERA APERTA AL PD - Nuovi Lavori\",\"isPartOf\":{\"@id\":\"https:\\\/\\\/nuovi-lavori.it\\\/#website\"},\"datePublished\":\"2024-04-05T16:42:45+00:00\",\"dateModified\":\"2024-04-05T16:44:29+00:00\",\"breadcrumb\":{\"@id\":\"https:\\\/\\\/nuovi-lavori.it\\\/index.php\\\/lettera-aperta-al-pd\\\/#breadcrumb\"},\"inLanguage\":\"it-IT\",\"potentialAction\":[{\"@type\":\"ReadAction\",\"target\":[\"https:\\\/\\\/nuovi-lavori.it\\\/index.php\\\/lettera-aperta-al-pd\\\/\"]}]},{\"@type\":\"BreadcrumbList\",\"@id\":\"https:\\\/\\\/nuovi-lavori.it\\\/index.php\\\/lettera-aperta-al-pd\\\/#breadcrumb\",\"itemListElement\":[{\"@type\":\"ListItem\",\"position\":1,\"name\":\"Home\",\"item\":\"https:\\\/\\\/nuovi-lavori.it\\\/\"},{\"@type\":\"ListItem\",\"position\":2,\"name\":\"Koin\u00e8\",\"item\":\"https:\\\/\\\/nuovi-lavori.it\\\/index.php\\\/category\\\/koine\\\/\"},{\"@type\":\"ListItem\",\"position\":3,\"name\":\"LETTERA APERTA AL PD\"}]},{\"@type\":\"WebSite\",\"@id\":\"https:\\\/\\\/nuovi-lavori.it\\\/#website\",\"url\":\"https:\\\/\\\/nuovi-lavori.it\\\/\",\"name\":\"Nuovi Lavori\",\"description\":\"\",\"publisher\":{\"@id\":\"https:\\\/\\\/nuovi-lavori.it\\\/#organization\"},\"potentialAction\":[{\"@type\":\"SearchAction\",\"target\":{\"@type\":\"EntryPoint\",\"urlTemplate\":\"https:\\\/\\\/nuovi-lavori.it\\\/?s={search_term_string}\"},\"query-input\":{\"@type\":\"PropertyValueSpecification\",\"valueRequired\":true,\"valueName\":\"search_term_string\"}}],\"inLanguage\":\"it-IT\"},{\"@type\":\"Organization\",\"@id\":\"https:\\\/\\\/nuovi-lavori.it\\\/#organization\",\"name\":\"Nuovi Lavori\",\"url\":\"https:\\\/\\\/nuovi-lavori.it\\\/\",\"logo\":{\"@type\":\"ImageObject\",\"inLanguage\":\"it-IT\",\"@id\":\"https:\\\/\\\/nuovi-lavori.it\\\/#\\\/schema\\\/logo\\\/image\\\/\",\"url\":\"http:\\\/\\\/5.249.146.118\\\/wp-content\\\/uploads\\\/2013\\\/11\\\/images_logonl.jpg\",\"contentUrl\":\"http:\\\/\\\/5.249.146.118\\\/wp-content\\\/uploads\\\/2013\\\/11\\\/images_logonl.jpg\",\"width\":400,\"height\":327,\"caption\":\"Nuovi Lavori\"},\"image\":{\"@id\":\"https:\\\/\\\/nuovi-lavori.it\\\/#\\\/schema\\\/logo\\\/image\\\/\"},\"sameAs\":[\"https:\\\/\\\/www.youtube.com\\\/user\\\/newsletteranl\"]},{\"@type\":\"Person\",\"@id\":\"https:\\\/\\\/nuovi-lavori.it\\\/#\\\/schema\\\/person\\\/98b1760ec9c658af8834034508c2a49f\",\"name\":\"admin\",\"image\":{\"@type\":\"ImageObject\",\"inLanguage\":\"it-IT\",\"@id\":\"https:\\\/\\\/secure.gravatar.com\\\/avatar\\\/53ebef64f749ebd1182c54b3a9dae92f6541d8bab2dc4921ca99e5672677d76a?s=96&d=mm&r=g\",\"url\":\"https:\\\/\\\/secure.gravatar.com\\\/avatar\\\/53ebef64f749ebd1182c54b3a9dae92f6541d8bab2dc4921ca99e5672677d76a?s=96&d=mm&r=g\",\"contentUrl\":\"https:\\\/\\\/secure.gravatar.com\\\/avatar\\\/53ebef64f749ebd1182c54b3a9dae92f6541d8bab2dc4921ca99e5672677d76a?s=96&d=mm&r=g\",\"caption\":\"admin\"},\"sameAs\":[\"http:\\\/\\\/5.249.146.118\"],\"url\":\"https:\\\/\\\/nuovi-lavori.it\\\/index.php\\\/author\\\/admin\\\/\"}]}<\/script>\n<!-- \/ Yoast SEO plugin. -->","yoast_head_json":{"title":"LETTERA APERTA AL PD - Nuovi Lavori","robots":{"index":"index","follow":"follow","max-snippet":"max-snippet:-1","max-image-preview":"max-image-preview:large","max-video-preview":"max-video-preview:-1"},"canonical":"https:\/\/nuovi-lavori.it\/index.php\/lettera-aperta-al-pd\/","og_locale":"it_IT","og_type":"article","og_title":"LETTERA APERTA AL PD - Nuovi Lavori","og_description":"L\u2019 8 e il 9 giugno andremo a votare per il nuovo Parlamento europeo. In gioco vi \u00e8 il successo della definitiva integrazione politica e istituzionale dell\u2019Europa.&nbsp; Il voto sar\u00e0 per i singoli partiti e non per le coalizioni. Nella consapevolezza che soltanto uniti si vince e che ovviamente divisi si pu\u00f2 competere ma si [&hellip;]","og_url":"https:\/\/nuovi-lavori.it\/index.php\/lettera-aperta-al-pd\/","og_site_name":"Nuovi Lavori","article_published_time":"2024-04-05T16:42:45+00:00","article_modified_time":"2024-04-05T16:44:29+00:00","author":"admin","twitter_card":"summary_large_image","twitter_misc":{"Scritto da":"admin","Tempo di lettura stimato":"5 minuti"},"schema":{"@context":"https:\/\/schema.org","@graph":[{"@type":"Article","@id":"https:\/\/nuovi-lavori.it\/index.php\/lettera-aperta-al-pd\/#article","isPartOf":{"@id":"https:\/\/nuovi-lavori.it\/index.php\/lettera-aperta-al-pd\/"},"author":{"name":"admin","@id":"https:\/\/nuovi-lavori.it\/#\/schema\/person\/98b1760ec9c658af8834034508c2a49f"},"headline":"LETTERA APERTA AL PD","datePublished":"2024-04-05T16:42:45+00:00","dateModified":"2024-04-05T16:44:29+00:00","mainEntityOfPage":{"@id":"https:\/\/nuovi-lavori.it\/index.php\/lettera-aperta-al-pd\/"},"wordCount":931,"publisher":{"@id":"https:\/\/nuovi-lavori.it\/#organization"},"articleSection":["Koin\u00e8"],"inLanguage":"it-IT"},{"@type":"WebPage","@id":"https:\/\/nuovi-lavori.it\/index.php\/lettera-aperta-al-pd\/","url":"https:\/\/nuovi-lavori.it\/index.php\/lettera-aperta-al-pd\/","name":"LETTERA APERTA AL PD - Nuovi Lavori","isPartOf":{"@id":"https:\/\/nuovi-lavori.it\/#website"},"datePublished":"2024-04-05T16:42:45+00:00","dateModified":"2024-04-05T16:44:29+00:00","breadcrumb":{"@id":"https:\/\/nuovi-lavori.it\/index.php\/lettera-aperta-al-pd\/#breadcrumb"},"inLanguage":"it-IT","potentialAction":[{"@type":"ReadAction","target":["https:\/\/nuovi-lavori.it\/index.php\/lettera-aperta-al-pd\/"]}]},{"@type":"BreadcrumbList","@id":"https:\/\/nuovi-lavori.it\/index.php\/lettera-aperta-al-pd\/#breadcrumb","itemListElement":[{"@type":"ListItem","position":1,"name":"Home","item":"https:\/\/nuovi-lavori.it\/"},{"@type":"ListItem","position":2,"name":"Koin\u00e8","item":"https:\/\/nuovi-lavori.it\/index.php\/category\/koine\/"},{"@type":"ListItem","position":3,"name":"LETTERA APERTA AL PD"}]},{"@type":"WebSite","@id":"https:\/\/nuovi-lavori.it\/#website","url":"https:\/\/nuovi-lavori.it\/","name":"Nuovi Lavori","description":"","publisher":{"@id":"https:\/\/nuovi-lavori.it\/#organization"},"potentialAction":[{"@type":"SearchAction","target":{"@type":"EntryPoint","urlTemplate":"https:\/\/nuovi-lavori.it\/?s={search_term_string}"},"query-input":{"@type":"PropertyValueSpecification","valueRequired":true,"valueName":"search_term_string"}}],"inLanguage":"it-IT"},{"@type":"Organization","@id":"https:\/\/nuovi-lavori.it\/#organization","name":"Nuovi Lavori","url":"https:\/\/nuovi-lavori.it\/","logo":{"@type":"ImageObject","inLanguage":"it-IT","@id":"https:\/\/nuovi-lavori.it\/#\/schema\/logo\/image\/","url":"http:\/\/5.249.146.118\/wp-content\/uploads\/2013\/11\/images_logonl.jpg","contentUrl":"http:\/\/5.249.146.118\/wp-content\/uploads\/2013\/11\/images_logonl.jpg","width":400,"height":327,"caption":"Nuovi Lavori"},"image":{"@id":"https:\/\/nuovi-lavori.it\/#\/schema\/logo\/image\/"},"sameAs":["https:\/\/www.youtube.com\/user\/newsletteranl"]},{"@type":"Person","@id":"https:\/\/nuovi-lavori.it\/#\/schema\/person\/98b1760ec9c658af8834034508c2a49f","name":"admin","image":{"@type":"ImageObject","inLanguage":"it-IT","@id":"https:\/\/secure.gravatar.com\/avatar\/53ebef64f749ebd1182c54b3a9dae92f6541d8bab2dc4921ca99e5672677d76a?s=96&d=mm&r=g","url":"https:\/\/secure.gravatar.com\/avatar\/53ebef64f749ebd1182c54b3a9dae92f6541d8bab2dc4921ca99e5672677d76a?s=96&d=mm&r=g","contentUrl":"https:\/\/secure.gravatar.com\/avatar\/53ebef64f749ebd1182c54b3a9dae92f6541d8bab2dc4921ca99e5672677d76a?s=96&d=mm&r=g","caption":"admin"},"sameAs":["http:\/\/5.249.146.118"],"url":"https:\/\/nuovi-lavori.it\/index.php\/author\/admin\/"}]}},"_links":{"self":[{"href":"https:\/\/nuovi-lavori.it\/index.php\/wp-json\/wp\/v2\/posts\/20277","targetHints":{"allow":["GET"]}}],"collection":[{"href":"https:\/\/nuovi-lavori.it\/index.php\/wp-json\/wp\/v2\/posts"}],"about":[{"href":"https:\/\/nuovi-lavori.it\/index.php\/wp-json\/wp\/v2\/types\/post"}],"author":[{"embeddable":true,"href":"https:\/\/nuovi-lavori.it\/index.php\/wp-json\/wp\/v2\/users\/1"}],"replies":[{"embeddable":true,"href":"https:\/\/nuovi-lavori.it\/index.php\/wp-json\/wp\/v2\/comments?post=20277"}],"version-history":[{"count":1,"href":"https:\/\/nuovi-lavori.it\/index.php\/wp-json\/wp\/v2\/posts\/20277\/revisions"}],"predecessor-version":[{"id":20278,"href":"https:\/\/nuovi-lavori.it\/index.php\/wp-json\/wp\/v2\/posts\/20277\/revisions\/20278"}],"wp:attachment":[{"href":"https:\/\/nuovi-lavori.it\/index.php\/wp-json\/wp\/v2\/media?parent=20277"}],"wp:term":[{"taxonomy":"category","embeddable":true,"href":"https:\/\/nuovi-lavori.it\/index.php\/wp-json\/wp\/v2\/categories?post=20277"},{"taxonomy":"post_tag","embeddable":true,"href":"https:\/\/nuovi-lavori.it\/index.php\/wp-json\/wp\/v2\/tags?post=20277"}],"curies":[{"name":"wp","href":"https:\/\/api.w.org\/{rel}","templated":true}]}}