{"id":20630,"date":"2024-06-19T11:18:54","date_gmt":"2024-06-19T09:18:54","guid":{"rendered":"https:\/\/nuovi-lavori.it\/?p=20630"},"modified":"2024-06-19T15:29:02","modified_gmt":"2024-06-19T13:29:02","slug":"citta-dellio-e-citta-del-noi","status":"publish","type":"post","link":"https:\/\/nuovi-lavori.it\/index.php\/citta-dellio-e-citta-del-noi\/","title":{"rendered":"Citt\u00e0 dell\u2019uomo e Citt\u00e0 delle macchine"},"content":{"rendered":"\n<p>Le citt\u00e0 hanno avuto innumerevoli cambiamenti ed altri ce ne saranno. Dobbiamo poter immaginare di incidere su questi cambiamenti, incidendo sui processi che li generano. Dobbiamo rimettere gli interessi dell\u2019umanit\u00e0, del noi, al centro del pensiero della citt\u00e0: gli interessi dell\u2019umanit\u00e0 e non del singolo uomo, gli interessi del noi in cui \u00e8 compreso l\u2019io.&nbsp;<\/p>\n\n\n\n<p>Come ci ricorda Morin: \u201cdobbiamo dare alle citt\u00e0 tutte le funzioni materne e protettive della vita, le attivit\u00e0 autonome e le associazioni solidali che da molto tempo sono state trascurate se non soppresse. Perch\u00e9 la citt\u00e0 deve essere un\u2019istituzione d\u2019amore e la migliore economia della citt\u00e0 consiste nel coltivare la solidariet\u00e0<sup>\u201d.<\/sup>&nbsp;<\/p>\n\n\n\n<p>Per poter fare ci\u00f2 \u00e8 necessario ripensare i paradigmi e gli statuti disciplinari dell\u2019Urbanistica e di chi opera per il futuro dell\u2019umanit\u00e0. Bisogna analizzare il rapporto tra individuo, professione e societ\u00e0 trascurato negli anni: si tratta della produzione di vantaggi solo per la specie umana, dell\u2019accettazione acritica dello sviluppo della tecnologia, della ricerca della specializzazione attraverso una conoscenza approfondita, ma limitata nella capacit\u00e0 di creare connessioni.&nbsp;<\/p>\n\n\n\n<p>Abbiamo necessit\u00e0 di cambiare i paradigmi della professione utilizzando un approccio ecologico dove la complessit\u00e0 guida un pensiero in grado di cogliere la multidimensionalit\u00e0 della realt\u00e0, di riconoscere il gioco interattivo e retroattivo, di affrontare la complessit\u00e0 piuttosto che di cedere alle parcellizzazioni tecnocratiche: abbiamo necessit\u00e0 di cambiare la professione individuandola come patrimonio collettivo e curatore del nostro ecosistema Terra. Il nostro terreno di gioco \u00e8 la citt\u00e0, dove oggi i tradizionali approcci nel campo della pianificazione e della programmazione e progettazione urbanistica evidenziano alcuni limiti sia sul fronte conoscitivo e interpretativo, sia su quello pratico e normativo.&nbsp;<\/p>\n\n\n\n<p>La nascita dell\u2019urbanistica moderna come disciplina autonoma all&#8217;incrocio di molteplici saperi e competenze segna un tratto distintivo e duraturo di questo campo di studio e applicazione. Fin dalle sue origini, l&#8217;urbanistica si \u00e8 caratterizzata per la sua capacit\u00e0 di integrare conoscenze provenienti da diverse aree del sapere, dalla storia all&#8217;economia, dall&#8217;architettura all&#8217;ingegneria, dalla sociologia al diritto. Questa originale sintesi di saperi ha permesso all&#8217;urbanistica di definire il proprio ruolo e la propria validit\u00e0 nel panorama delle discipline, consolidando il suo statuto e ampliando il suo ambito di applicazione: come non pensare ad Adriano Olivetti, pioniere di una cultura umanistica applicata all&#8217;urbanistica, che ha promosso la progettazione di citt\u00e0 a misura d&#8217;uomo, attente alle esigenze dei cittadini o a Gaetano Marzotto con la sua Citt\u00e0 Sociale (o citt\u00e0 dell\u2019Armonia) primo esempio di welfare aziendale.&nbsp;<\/p>\n\n\n\n<p>Ancora oggi, l&#8217;urbanistica ha la necessit\u00e0 di confrontarsi con sfide attuali e future, come gli impatti socio-ambientali e demografici a livello urbano derivanti dalla crisi climatica globale e dai divari socio-economici tra diverse regioni della Terra. In questo contesto, l\u2019urbanistica \u00e8 chiamata a giocare un ruolo chiave nella costruzione di citt\u00e0 fatte da comunit\u00e0 di individui: citt\u00e0 pi\u00f9 resilienti, sostenibili ed eque.&nbsp;<\/p>\n\n\n\n<p>Attraverso la sua capacit\u00e0 di integrare diverse discipline e competenze, l\u2019urbanistica pu\u00f2 offrire soluzioni innovative e concrete ai problemi complessi che le citt\u00e0 si trovano ad affrontare. Ma Il futuro dell\u2019urbanistica \u00e8 strettamente legato alla sua capacit\u00e0 di rispondere alle esigenze in continua evoluzione delle comunit\u00e0 urbane e di contribuire a creare un diverso futuro, attraverso un approccio alla conoscenza transdisciplinare.&nbsp;<\/p>\n\n\n\n<p>Il problema \u00e8 che la conoscenza, il<em> Knowledge<\/em> caro agli anglosassoni, nel nostro tempo \u00e8 un concetto che si sgretola facilmente, che ha vita breve a meno che non avvenga un continuo rinnovamento ottenuto attraverso scambi e trasformazioni. Oggi esistono innumerevoli nuove forme di conoscenza e nuovi modi di trasmettere la conoscenza.&nbsp;<\/p>\n\n\n\n<p>Per poter operare il cambiamento del cambiamento per l\u2019urbanistica \u00e8 necessario un salto di paradigma, andare oltre la conoscenza: le parole vecchie portano il peso dei significati stabiliti. Bisogna avere una visione rivoluzionaria e una strategia da esploratori, e come ci ricordano Paganelli e Sorrentino \u201cmantenendo aperte tutte le opzioni di direzione e cercando di individuare i sentieri di migrazione pi\u00f9 sicuri\u201d.&nbsp;<\/p>\n\n\n\n<p>Secondo l\u2019epistemologia, i rapporti tra conoscenze vengono classificati con tre livelli di complessit\u00e0: multidisciplinare, interdisciplinare, transdisciplinare. L\u2019approccio transdisciplinare sembra essere quello idoneo per poter agire sul cambiamento, per poter passare dalla citt\u00e0 dell\u2019io alla citt\u00e0 del noi: conoscere per problemi e per processi si configura come uno strumento prezioso per svelare le connessioni tra elementi apparentemente distinti.&nbsp;<\/p>\n\n\n\n<p>Nell\u2019approccio transdisciplinare si superano i confini propri delle discipline per generare ibridazioni e contaminazioni che generano sistemi conoscitivi pi\u00f9 evoluti e di maggiore complessit\u00e0. Attraverso questa lente, diviene possibile integrare in modo transdisciplinare differenti competenze e saperi, favorendo una visione olistica e sinergica della realt\u00e0. Questo approccio ci invita ad assumere consapevolezza della complessit\u00e0 intrinseca della realt\u00e0. La comprensione del mondo diviene un processo in continua evoluzione, dove la conoscenza \u00e8 per sua natura approssimativa.&nbsp;<\/p>\n\n\n\n<p>La realt\u00e0 emerge dall&#8217;interazione dinamica di molteplici elementi, spesso imprevedibili e difficilmente misurabili. L&#8217;adozione di un approccio per problemi risulta particolarmente efficace se attuato attraverso la collaborazione. L&#8217;integrazione di percorsi individuali con percorsi di gruppo (io e noi non io vs noi), permette di potenziare la costruzione della citt\u00e0 come patrimonio collettivo. La condivisione di conoscenze, esperienze e competenze favorisce una crescita professionale sinergica e un arricchimento reciproco. In sintesi, l&#8217;approccio alla conoscenza per problemi e per processi si configura come un metodo flessibile e adattabile a molteplici contesti: attraverso questo approccio, la conoscenza diviene un processo continuo di scoperta e di costruzione collettiva e contribuisce a cambiare per costruire un diverso futuro per le nostre citt\u00e0.<\/p>\n\n\n\n<p>Dall\u2019I(A)O al NOI<\/p>\n\n\n\n<p>Rivedendo di recente la versione restaurata di Tempi Moderni, capolavoro di Charlie Chaplin, l\u2019ho trovato tremendamente attuale: i tempi moderni, oggi tecnologici, ci permettono di incrementare la produttivit\u00e0 con la ripetizione di gesti semplici e automatici che \u201canche un bambino di tre anni avrebbe saputo compiere\u201d.&nbsp;<\/p>\n\n\n\n<p>Ma oggi questi Tempi Tecnologici, accelerati sempre pi\u00f9 dai progressi dell\u2019Intelligenza Artificiale, creano sempre pi\u00f9 disequilibri tra quello che si sa fare e quello che serve: questo processo diacronico genera una progressiva eliminazione dell\u2019azione umana nelle operazioni meno complesse: scompaiono o sono trasformati radicalmente interi segmenti di professione.&nbsp;<\/p>\n\n\n\n<p>La natura del lavoro muta rapidamente con l\u2019apparire di nuove professioni che richiedono competenze diverse. La multiprofessionalit\u00e0 sostituir\u00e0 progressivamente la monoprofessionalit\u00e0 nelle nuove generazioni. Questa rivoluzione imminente aumenter\u00e0 la complessit\u00e0 e dovr\u00e0 essere affrontata dalle discipline che si occupano di futuro, come l&#8217;urbanistica. La sopravvivenza delle citt\u00e0 dipender\u00e0 dalla loro capacit\u00e0 di gestire l&#8217;aumento della complessit\u00e0 e di affrontare l&#8217;incertezza e l&#8217;imprevedibilit\u00e0.&nbsp;<\/p>\n\n\n\n<p>Mentre l&#8217;azione del progetto si basa su un paradigma logico-razionale che tenta di prevedere il futuro attraverso connessioni causali con eventi passati, la funzione del \u201cprogrammare\u201d richiede la capacit\u00e0 dei sistemi complessi di autoregolarsi e auto-adattarsi dinamicamente ai cambiamenti. Ed ancora l\u2019idea del progetto architettonico, del progetto legato alla propria idea in funzione dell\u2019io, si contrappone al progetto urbanistico, il progetto del noi, che comprende sia il significato che il significante del noi, attraverso una declinazione ecologica del noi.&nbsp;<\/p>\n\n\n\n<p>Questo cambio di paradigma ha necessit\u00e0 di un nuovo lessico alternativo a quello tradizionale. L\u2019urbanistica sar\u00e0 condizionata soprattutto dal diacronismo dei tempi, dall\u2019incertezza, e dalla complessit\u00e0. &nbsp;<\/p>\n\n\n\n<p>L\u2019Urbanistica dovr\u00e0 farsi carico di essere come una levatrice, ed attraverso l\u2019arte della maieutica, dovr\u00e0 educare, in maniera alternativa a quello fatto fino ad ora, le citt\u00e0 del futuro, le citt\u00e0 del noi, ad affrontare l\u2019incerto attraverso processi complessi e mitigando, per quanto possibile, il diacronismo tra Tempi Storici, tipici dell\u2019uomo, e Tempi Tecnologici, tipici delle macchine ora guidate dall\u2019intelligenza artificiale.<\/p>\n\n\n\n<ul class=\"wp-block-list\">\n<li>Esperto in Pianificazione strategica per lo sviluppo e la governance locale<\/li>\n<\/ul>\n","protected":false},"excerpt":{"rendered":"<p>Le citt\u00e0 hanno avuto innumerevoli cambiamenti ed altri ce ne saranno. Dobbiamo poter immaginare di incidere su questi cambiamenti, incidendo sui processi che li generano. <\/p>\n","protected":false},"author":6463,"featured_media":20631,"comment_status":"closed","ping_status":"open","sticky":false,"template":"","format":"standard","meta":{"footnotes":""},"categories":[9],"tags":[],"class_list":["post-20630","post","type-post","status-publish","format-standard","has-post-thumbnail","hentry","category-newsletter"],"yoast_head":"<!-- This site is optimized with the Yoast SEO plugin v27.5 - https:\/\/yoast.com\/product\/yoast-seo-wordpress\/ -->\n<title>Citt\u00e0 dell\u2019uomo e Citt\u00e0 delle macchine - Nuovi Lavori<\/title>\n<meta name=\"robots\" content=\"index, follow, max-snippet:-1, max-image-preview:large, max-video-preview:-1\" \/>\n<link rel=\"canonical\" href=\"https:\/\/nuovi-lavori.it\/index.php\/citta-dellio-e-citta-del-noi\/\" \/>\n<meta property=\"og:locale\" content=\"it_IT\" \/>\n<meta property=\"og:type\" content=\"article\" \/>\n<meta property=\"og:title\" content=\"Citt\u00e0 dell\u2019uomo e Citt\u00e0 delle macchine - Nuovi Lavori\" \/>\n<meta property=\"og:description\" content=\"Le citt\u00e0 hanno avuto innumerevoli cambiamenti ed altri ce ne saranno. Dobbiamo poter immaginare di incidere su questi cambiamenti, incidendo sui processi che li generano.\" \/>\n<meta property=\"og:url\" content=\"https:\/\/nuovi-lavori.it\/index.php\/citta-dellio-e-citta-del-noi\/\" \/>\n<meta property=\"og:site_name\" content=\"Nuovi Lavori\" \/>\n<meta property=\"article:published_time\" content=\"2024-06-19T09:18:54+00:00\" \/>\n<meta property=\"article:modified_time\" content=\"2024-06-19T13:29:02+00:00\" \/>\n<meta property=\"og:image\" content=\"https:\/\/nuovi-lavori.it\/wp-content\/uploads\/2024\/06\/9509-10265-1-scaled.jpg\" \/>\n\t<meta property=\"og:image:width\" content=\"2560\" \/>\n\t<meta property=\"og:image:height\" content=\"1548\" \/>\n\t<meta property=\"og:image:type\" content=\"image\/jpeg\" \/>\n<meta name=\"author\" content=\"Francesco Vita*\" \/>\n<meta name=\"twitter:card\" content=\"summary_large_image\" \/>\n<meta name=\"twitter:label1\" content=\"Scritto da\" \/>\n\t<meta name=\"twitter:data1\" content=\"Francesco Vita*\" \/>\n\t<meta name=\"twitter:label2\" content=\"Tempo di lettura stimato\" \/>\n\t<meta name=\"twitter:data2\" content=\"7 minuti\" \/>\n<script type=\"application\/ld+json\" class=\"yoast-schema-graph\">{\"@context\":\"https:\\\/\\\/schema.org\",\"@graph\":[{\"@type\":\"Article\",\"@id\":\"https:\\\/\\\/nuovi-lavori.it\\\/index.php\\\/citta-dellio-e-citta-del-noi\\\/#article\",\"isPartOf\":{\"@id\":\"https:\\\/\\\/nuovi-lavori.it\\\/index.php\\\/citta-dellio-e-citta-del-noi\\\/\"},\"author\":{\"name\":\"Francesco Vita*\",\"@id\":\"https:\\\/\\\/nuovi-lavori.it\\\/#\\\/schema\\\/person\\\/816131829b9fb1f4fdb01799a9b5df2e\"},\"headline\":\"Citt\u00e0 dell\u2019uomo e Citt\u00e0 delle macchine\",\"datePublished\":\"2024-06-19T09:18:54+00:00\",\"dateModified\":\"2024-06-19T13:29:02+00:00\",\"mainEntityOfPage\":{\"@id\":\"https:\\\/\\\/nuovi-lavori.it\\\/index.php\\\/citta-dellio-e-citta-del-noi\\\/\"},\"wordCount\":1272,\"publisher\":{\"@id\":\"https:\\\/\\\/nuovi-lavori.it\\\/#organization\"},\"image\":{\"@id\":\"https:\\\/\\\/nuovi-lavori.it\\\/index.php\\\/citta-dellio-e-citta-del-noi\\\/#primaryimage\"},\"thumbnailUrl\":\"https:\\\/\\\/nuovi-lavori.it\\\/wp-content\\\/uploads\\\/2024\\\/06\\\/9509-10265-1-scaled.jpg\",\"articleSection\":[\"Newsletter\"],\"inLanguage\":\"it-IT\"},{\"@type\":\"WebPage\",\"@id\":\"https:\\\/\\\/nuovi-lavori.it\\\/index.php\\\/citta-dellio-e-citta-del-noi\\\/\",\"url\":\"https:\\\/\\\/nuovi-lavori.it\\\/index.php\\\/citta-dellio-e-citta-del-noi\\\/\",\"name\":\"Citt\u00e0 dell\u2019uomo e Citt\u00e0 delle macchine - Nuovi Lavori\",\"isPartOf\":{\"@id\":\"https:\\\/\\\/nuovi-lavori.it\\\/#website\"},\"primaryImageOfPage\":{\"@id\":\"https:\\\/\\\/nuovi-lavori.it\\\/index.php\\\/citta-dellio-e-citta-del-noi\\\/#primaryimage\"},\"image\":{\"@id\":\"https:\\\/\\\/nuovi-lavori.it\\\/index.php\\\/citta-dellio-e-citta-del-noi\\\/#primaryimage\"},\"thumbnailUrl\":\"https:\\\/\\\/nuovi-lavori.it\\\/wp-content\\\/uploads\\\/2024\\\/06\\\/9509-10265-1-scaled.jpg\",\"datePublished\":\"2024-06-19T09:18:54+00:00\",\"dateModified\":\"2024-06-19T13:29:02+00:00\",\"breadcrumb\":{\"@id\":\"https:\\\/\\\/nuovi-lavori.it\\\/index.php\\\/citta-dellio-e-citta-del-noi\\\/#breadcrumb\"},\"inLanguage\":\"it-IT\",\"potentialAction\":[{\"@type\":\"ReadAction\",\"target\":[\"https:\\\/\\\/nuovi-lavori.it\\\/index.php\\\/citta-dellio-e-citta-del-noi\\\/\"]}]},{\"@type\":\"ImageObject\",\"inLanguage\":\"it-IT\",\"@id\":\"https:\\\/\\\/nuovi-lavori.it\\\/index.php\\\/citta-dellio-e-citta-del-noi\\\/#primaryimage\",\"url\":\"https:\\\/\\\/nuovi-lavori.it\\\/wp-content\\\/uploads\\\/2024\\\/06\\\/9509-10265-1-scaled.jpg\",\"contentUrl\":\"https:\\\/\\\/nuovi-lavori.it\\\/wp-content\\\/uploads\\\/2024\\\/06\\\/9509-10265-1-scaled.jpg\",\"width\":2560,\"height\":1548,\"caption\":\"Os Protagonistas - Conceito de Individualismo\"},{\"@type\":\"BreadcrumbList\",\"@id\":\"https:\\\/\\\/nuovi-lavori.it\\\/index.php\\\/citta-dellio-e-citta-del-noi\\\/#breadcrumb\",\"itemListElement\":[{\"@type\":\"ListItem\",\"position\":1,\"name\":\"Home\",\"item\":\"https:\\\/\\\/nuovi-lavori.it\\\/\"},{\"@type\":\"ListItem\",\"position\":2,\"name\":\"Newsletter\",\"item\":\"https:\\\/\\\/nuovi-lavori.it\\\/index.php\\\/category\\\/newsletter\\\/\"},{\"@type\":\"ListItem\",\"position\":3,\"name\":\"Citt\u00e0 dell\u2019uomo e Citt\u00e0 delle macchine\"}]},{\"@type\":\"WebSite\",\"@id\":\"https:\\\/\\\/nuovi-lavori.it\\\/#website\",\"url\":\"https:\\\/\\\/nuovi-lavori.it\\\/\",\"name\":\"Nuovi Lavori\",\"description\":\"\",\"publisher\":{\"@id\":\"https:\\\/\\\/nuovi-lavori.it\\\/#organization\"},\"potentialAction\":[{\"@type\":\"SearchAction\",\"target\":{\"@type\":\"EntryPoint\",\"urlTemplate\":\"https:\\\/\\\/nuovi-lavori.it\\\/?s={search_term_string}\"},\"query-input\":{\"@type\":\"PropertyValueSpecification\",\"valueRequired\":true,\"valueName\":\"search_term_string\"}}],\"inLanguage\":\"it-IT\"},{\"@type\":\"Organization\",\"@id\":\"https:\\\/\\\/nuovi-lavori.it\\\/#organization\",\"name\":\"Nuovi Lavori\",\"url\":\"https:\\\/\\\/nuovi-lavori.it\\\/\",\"logo\":{\"@type\":\"ImageObject\",\"inLanguage\":\"it-IT\",\"@id\":\"https:\\\/\\\/nuovi-lavori.it\\\/#\\\/schema\\\/logo\\\/image\\\/\",\"url\":\"http:\\\/\\\/5.249.146.118\\\/wp-content\\\/uploads\\\/2013\\\/11\\\/images_logonl.jpg\",\"contentUrl\":\"http:\\\/\\\/5.249.146.118\\\/wp-content\\\/uploads\\\/2013\\\/11\\\/images_logonl.jpg\",\"width\":400,\"height\":327,\"caption\":\"Nuovi Lavori\"},\"image\":{\"@id\":\"https:\\\/\\\/nuovi-lavori.it\\\/#\\\/schema\\\/logo\\\/image\\\/\"},\"sameAs\":[\"https:\\\/\\\/www.youtube.com\\\/user\\\/newsletteranl\"]},{\"@type\":\"Person\",\"@id\":\"https:\\\/\\\/nuovi-lavori.it\\\/#\\\/schema\\\/person\\\/816131829b9fb1f4fdb01799a9b5df2e\",\"name\":\"Francesco Vita*\",\"image\":{\"@type\":\"ImageObject\",\"inLanguage\":\"it-IT\",\"@id\":\"https:\\\/\\\/secure.gravatar.com\\\/avatar\\\/41ed2ac6c0bdc5c77d22fd3fb190d3a781d8418db13740e8cc5bb7ad7411c91d?s=96&d=mm&r=g\",\"url\":\"https:\\\/\\\/secure.gravatar.com\\\/avatar\\\/41ed2ac6c0bdc5c77d22fd3fb190d3a781d8418db13740e8cc5bb7ad7411c91d?s=96&d=mm&r=g\",\"contentUrl\":\"https:\\\/\\\/secure.gravatar.com\\\/avatar\\\/41ed2ac6c0bdc5c77d22fd3fb190d3a781d8418db13740e8cc5bb7ad7411c91d?s=96&d=mm&r=g\",\"caption\":\"Francesco Vita*\"},\"url\":\"https:\\\/\\\/nuovi-lavori.it\\\/index.php\\\/author\\\/francesco-vita\\\/\"}]}<\/script>\n<!-- \/ Yoast SEO plugin. -->","yoast_head_json":{"title":"Citt\u00e0 dell\u2019uomo e Citt\u00e0 delle macchine - Nuovi Lavori","robots":{"index":"index","follow":"follow","max-snippet":"max-snippet:-1","max-image-preview":"max-image-preview:large","max-video-preview":"max-video-preview:-1"},"canonical":"https:\/\/nuovi-lavori.it\/index.php\/citta-dellio-e-citta-del-noi\/","og_locale":"it_IT","og_type":"article","og_title":"Citt\u00e0 dell\u2019uomo e Citt\u00e0 delle macchine - Nuovi Lavori","og_description":"Le citt\u00e0 hanno avuto innumerevoli cambiamenti ed altri ce ne saranno. Dobbiamo poter immaginare di incidere su questi cambiamenti, incidendo sui processi che li generano.","og_url":"https:\/\/nuovi-lavori.it\/index.php\/citta-dellio-e-citta-del-noi\/","og_site_name":"Nuovi Lavori","article_published_time":"2024-06-19T09:18:54+00:00","article_modified_time":"2024-06-19T13:29:02+00:00","og_image":[{"width":2560,"height":1548,"url":"https:\/\/nuovi-lavori.it\/wp-content\/uploads\/2024\/06\/9509-10265-1-scaled.jpg","type":"image\/jpeg"}],"author":"Francesco Vita*","twitter_card":"summary_large_image","twitter_misc":{"Scritto da":"Francesco Vita*","Tempo di lettura stimato":"7 minuti"},"schema":{"@context":"https:\/\/schema.org","@graph":[{"@type":"Article","@id":"https:\/\/nuovi-lavori.it\/index.php\/citta-dellio-e-citta-del-noi\/#article","isPartOf":{"@id":"https:\/\/nuovi-lavori.it\/index.php\/citta-dellio-e-citta-del-noi\/"},"author":{"name":"Francesco Vita*","@id":"https:\/\/nuovi-lavori.it\/#\/schema\/person\/816131829b9fb1f4fdb01799a9b5df2e"},"headline":"Citt\u00e0 dell\u2019uomo e Citt\u00e0 delle macchine","datePublished":"2024-06-19T09:18:54+00:00","dateModified":"2024-06-19T13:29:02+00:00","mainEntityOfPage":{"@id":"https:\/\/nuovi-lavori.it\/index.php\/citta-dellio-e-citta-del-noi\/"},"wordCount":1272,"publisher":{"@id":"https:\/\/nuovi-lavori.it\/#organization"},"image":{"@id":"https:\/\/nuovi-lavori.it\/index.php\/citta-dellio-e-citta-del-noi\/#primaryimage"},"thumbnailUrl":"https:\/\/nuovi-lavori.it\/wp-content\/uploads\/2024\/06\/9509-10265-1-scaled.jpg","articleSection":["Newsletter"],"inLanguage":"it-IT"},{"@type":"WebPage","@id":"https:\/\/nuovi-lavori.it\/index.php\/citta-dellio-e-citta-del-noi\/","url":"https:\/\/nuovi-lavori.it\/index.php\/citta-dellio-e-citta-del-noi\/","name":"Citt\u00e0 dell\u2019uomo e Citt\u00e0 delle macchine - Nuovi Lavori","isPartOf":{"@id":"https:\/\/nuovi-lavori.it\/#website"},"primaryImageOfPage":{"@id":"https:\/\/nuovi-lavori.it\/index.php\/citta-dellio-e-citta-del-noi\/#primaryimage"},"image":{"@id":"https:\/\/nuovi-lavori.it\/index.php\/citta-dellio-e-citta-del-noi\/#primaryimage"},"thumbnailUrl":"https:\/\/nuovi-lavori.it\/wp-content\/uploads\/2024\/06\/9509-10265-1-scaled.jpg","datePublished":"2024-06-19T09:18:54+00:00","dateModified":"2024-06-19T13:29:02+00:00","breadcrumb":{"@id":"https:\/\/nuovi-lavori.it\/index.php\/citta-dellio-e-citta-del-noi\/#breadcrumb"},"inLanguage":"it-IT","potentialAction":[{"@type":"ReadAction","target":["https:\/\/nuovi-lavori.it\/index.php\/citta-dellio-e-citta-del-noi\/"]}]},{"@type":"ImageObject","inLanguage":"it-IT","@id":"https:\/\/nuovi-lavori.it\/index.php\/citta-dellio-e-citta-del-noi\/#primaryimage","url":"https:\/\/nuovi-lavori.it\/wp-content\/uploads\/2024\/06\/9509-10265-1-scaled.jpg","contentUrl":"https:\/\/nuovi-lavori.it\/wp-content\/uploads\/2024\/06\/9509-10265-1-scaled.jpg","width":2560,"height":1548,"caption":"Os Protagonistas - Conceito de Individualismo"},{"@type":"BreadcrumbList","@id":"https:\/\/nuovi-lavori.it\/index.php\/citta-dellio-e-citta-del-noi\/#breadcrumb","itemListElement":[{"@type":"ListItem","position":1,"name":"Home","item":"https:\/\/nuovi-lavori.it\/"},{"@type":"ListItem","position":2,"name":"Newsletter","item":"https:\/\/nuovi-lavori.it\/index.php\/category\/newsletter\/"},{"@type":"ListItem","position":3,"name":"Citt\u00e0 dell\u2019uomo e Citt\u00e0 delle macchine"}]},{"@type":"WebSite","@id":"https:\/\/nuovi-lavori.it\/#website","url":"https:\/\/nuovi-lavori.it\/","name":"Nuovi Lavori","description":"","publisher":{"@id":"https:\/\/nuovi-lavori.it\/#organization"},"potentialAction":[{"@type":"SearchAction","target":{"@type":"EntryPoint","urlTemplate":"https:\/\/nuovi-lavori.it\/?s={search_term_string}"},"query-input":{"@type":"PropertyValueSpecification","valueRequired":true,"valueName":"search_term_string"}}],"inLanguage":"it-IT"},{"@type":"Organization","@id":"https:\/\/nuovi-lavori.it\/#organization","name":"Nuovi Lavori","url":"https:\/\/nuovi-lavori.it\/","logo":{"@type":"ImageObject","inLanguage":"it-IT","@id":"https:\/\/nuovi-lavori.it\/#\/schema\/logo\/image\/","url":"http:\/\/5.249.146.118\/wp-content\/uploads\/2013\/11\/images_logonl.jpg","contentUrl":"http:\/\/5.249.146.118\/wp-content\/uploads\/2013\/11\/images_logonl.jpg","width":400,"height":327,"caption":"Nuovi Lavori"},"image":{"@id":"https:\/\/nuovi-lavori.it\/#\/schema\/logo\/image\/"},"sameAs":["https:\/\/www.youtube.com\/user\/newsletteranl"]},{"@type":"Person","@id":"https:\/\/nuovi-lavori.it\/#\/schema\/person\/816131829b9fb1f4fdb01799a9b5df2e","name":"Francesco Vita*","image":{"@type":"ImageObject","inLanguage":"it-IT","@id":"https:\/\/secure.gravatar.com\/avatar\/41ed2ac6c0bdc5c77d22fd3fb190d3a781d8418db13740e8cc5bb7ad7411c91d?s=96&d=mm&r=g","url":"https:\/\/secure.gravatar.com\/avatar\/41ed2ac6c0bdc5c77d22fd3fb190d3a781d8418db13740e8cc5bb7ad7411c91d?s=96&d=mm&r=g","contentUrl":"https:\/\/secure.gravatar.com\/avatar\/41ed2ac6c0bdc5c77d22fd3fb190d3a781d8418db13740e8cc5bb7ad7411c91d?s=96&d=mm&r=g","caption":"Francesco Vita*"},"url":"https:\/\/nuovi-lavori.it\/index.php\/author\/francesco-vita\/"}]}},"_links":{"self":[{"href":"https:\/\/nuovi-lavori.it\/index.php\/wp-json\/wp\/v2\/posts\/20630","targetHints":{"allow":["GET"]}}],"collection":[{"href":"https:\/\/nuovi-lavori.it\/index.php\/wp-json\/wp\/v2\/posts"}],"about":[{"href":"https:\/\/nuovi-lavori.it\/index.php\/wp-json\/wp\/v2\/types\/post"}],"author":[{"embeddable":true,"href":"https:\/\/nuovi-lavori.it\/index.php\/wp-json\/wp\/v2\/users\/6463"}],"replies":[{"embeddable":true,"href":"https:\/\/nuovi-lavori.it\/index.php\/wp-json\/wp\/v2\/comments?post=20630"}],"version-history":[{"count":3,"href":"https:\/\/nuovi-lavori.it\/index.php\/wp-json\/wp\/v2\/posts\/20630\/revisions"}],"predecessor-version":[{"id":20674,"href":"https:\/\/nuovi-lavori.it\/index.php\/wp-json\/wp\/v2\/posts\/20630\/revisions\/20674"}],"wp:featuredmedia":[{"embeddable":true,"href":"https:\/\/nuovi-lavori.it\/index.php\/wp-json\/wp\/v2\/media\/20631"}],"wp:attachment":[{"href":"https:\/\/nuovi-lavori.it\/index.php\/wp-json\/wp\/v2\/media?parent=20630"}],"wp:term":[{"taxonomy":"category","embeddable":true,"href":"https:\/\/nuovi-lavori.it\/index.php\/wp-json\/wp\/v2\/categories?post=20630"},{"taxonomy":"post_tag","embeddable":true,"href":"https:\/\/nuovi-lavori.it\/index.php\/wp-json\/wp\/v2\/tags?post=20630"}],"curies":[{"name":"wp","href":"https:\/\/api.w.org\/{rel}","templated":true}]}}