{"id":207,"date":"2013-11-05T09:20:14","date_gmt":"2013-11-05T08:20:14","guid":{"rendered":"http:\/\/5.249.146.118\/si-profila-un-conflitto-tra-pensionandi-e-pensionati\/"},"modified":"2013-11-05T09:20:14","modified_gmt":"2013-11-05T08:20:14","slug":"si-profila-un-conflitto-tra-pensionandi-e-pensionati","status":"publish","type":"post","link":"https:\/\/nuovi-lavori.it\/index.php\/si-profila-un-conflitto-tra-pensionandi-e-pensionati\/","title":{"rendered":"Si profila un conflitto tra pensionandi e pensionati (*)"},"content":{"rendered":"<p style=\"text-align: justify;\">La legge di stabilit\u00e0 di Monti nel 2011 ha segnato, con tutta probabilit\u00e0, uno spartiacque negli interventi sul sistema pensionistico. Da un lato, \u00e8 intervenuta sull\u2019et\u00e0 di accesso alla pensione portando a compimento un processo iniziato nel 1992 con la riforma Amato, dall\u2019altro, ha limitato pesantemente sull\u2019indicizzazione delle pensioni.<\/p>\n<p style=\"text-align: justify;\">Il primo tipo d\u2019intervento \u00e8 quello che, unitamente al cambiamento della modalit\u00e0 di calcolo delle pensioni introdotto con il metodo contributivo nel 1995, ha caratterizzato tutte le riforme del sistema pensionistico dal 1992 al 2011. Tutte queste misure hanno avuto come platea d\u2019intervento i futuri pensionati, ossia i lavoratori, colpendoli progressivamente in misura via via maggiore sia nelle modalit\u00e0 di computo della pensione sia nell\u2019et\u00e0 di pensionamento. Questo processo \u00e8 ora giunto a compimento e le previsioni a medio-lungo termine della Ragioneria Generale dello Stato sulla spesa pensionistica indicano \u201c<em>come, nel panorama europeo, l\u2019Italia risulti uno dei paesi con la pi\u00f9 bassa crescita della spesa pensionistica in rapporto al PIL segnalando, sotto questo aspetto, un rischio contenuto in termini di impatto dell\u2019invecchiamento demografico sulla sostenibilit\u00e0 delle finanze pubbliche\u201d.<\/em>\u00a0<\/p>\n<p style=\"text-align: justify;\">Questo significa che se nelle prossime leggi di stabilit\u00e0 si volesse ancora fare cassa sulle pensioni come si \u00e8 fatto sino al 2011, la platea d\u2019intervento non potr\u00e0 pi\u00f9 riguardare i lavoratori-pensionandi, ma dovr\u00e0 riguardare i pensionati.<\/p>\n<p style=\"text-align: justify;\">Monti-Fornero l\u2019hanno gi\u00e0 fatto attraverso il blocco dell\u2019indicizzazione delle pensioni superiori a tre volte l\u2019integrazione al minimo e l\u2019ha ripetuto in forma pi\u00f9 attenuata Letta, modificando in peggio le norme sull\u2019indicizzazione.<\/p>\n<p style=\"text-align: justify;\">Gi\u00e0 negli anni novanta si \u00e8 intervenuti sull\u2019indicizzazione delle pensioni, eliminando l\u2019aggancio ai salari e con blocchi ripetuti della perequazione per le pensioni superiori a 8 volte il minimo. Con Monti e Letta si \u00e8 abbassato questo limite da 8 a 3 volte il minimo intervenendo, quindi per la prima volta, sulle pensioni medio-basse pari a 1.400\/1.500 euro lordi al mese (1.150\/1.250 euro netti). A questa novit\u00e0 si aggiunge oggi il fatto, come detto, che le pensioni in essere sono nel sistema pensionistico l\u2019unica fonte a cui il governo pu\u00f2 attingere per drenare risorse.<\/p>\n<p style=\"text-align: justify;\">A questa nuova situazione di fatto si aggiunge un altro importante elemento su cui nessuno in ambito sindacale sembra riflettere e che trova invece udienza in qualche politico, vedi Renzi e Grillo, e in qualche economista, vedi Boeri. \u00a0<\/p>\n<p style=\"text-align: justify;\">Un sistema pensionistico a ripartizione, con le pensioni finanziate dai contributi di chi lavora, \u00e8 accettabile dai lavoratori nella misura in cui le loro pensioni attese siano simili a quelle per le quali versano i contributi. Diventa non accettabile se i lavoratori debbono finanziare con i loro contributi pensioni sensibilmente pi\u00f9 alte di quelle che potranno avere. Nel nostro sistema pensionistico siamo oggi di fronte a quest\u2019ultimo scenario per effetto da un lato delle riforme fatte e dall\u2019altro di un mercato del lavoro che ha reso precarie, oltre al lavoro, anche le aspettative pensionistiche.<\/p>\n<p style=\"text-align: justify;\">Basta fare un giro in internet per accorgersi di quale sia l\u2019umore di molti lavoratori specialmente, ma non solo, precari verso gli attuali pensionati e le loro pensioni. E la critica non riguarda solo le cosiddette \u201cpensioni d\u2019oro\u201d, bens\u00ec il livello delle pensioni percepite come d\u2019oro ed esso, spesso, coincide con quello individuato da Monti\/Letta. Del resto un lavoratore con tanti anni di precariato e con un futuro atteso non particolarmente migliore pu\u00f2 considerare \u201cd\u2019oro\u201d, rispetto alla pensione che riuscir\u00e0 a percepire dopo i 70 anni, una pensione attuale di 1.500 euro, soprattutto se pensa che non corrisponda ai contributi versati. Da qui il diffondersi in rete di richieste d\u2019intervento drastico sulle pensioni in essere.<\/p>\n<p style=\"text-align: justify;\">Si profila una frattura tra mondo del lavoro e pensionati sempre maggiore, con una spinta crescente a trovare nello stock di spesa pensionistica una riserva di risorse per ridurre la spesa pubblica e\/o finanziare interventi di spesa.\u00a0<\/p>\n<p style=\"text-align: justify;\">Rispetto a questa insofferenza del mondo del lavoro, o di una sua parte, vi \u00e8 una colpevole disattenzione e sottovalutazione del fenomeno e vi sono anche risposte demagogiche e, spesso, ignoranza dei numeri concreti. \u00a0<\/p>\n<p style=\"text-align: justify;\">Il governo Letta ha introdotto un nuovo contributo di solidariet\u00e0 (<em>\u00e8 dovuto un contributo di solidariet\u00e0 a favore delle gestioni previdenziali obbligatorie, <\/em>motivazione considerata utile per superare lo scoglio della Corte Costituzionale) per gli importi di pensione sopra i 150.000 euro. Il gettito del contributo \u00e8 quantificato nella Relazione tecnica in 12 milioni netti di euro all\u2019anno a fronte di una spesa pensionistica stimata nella stessa relazione in 250 miliardi di euro annui. In base ai dati del Casellario l\u2019importo complessivo annuo delle pensioni soggette al contributo \u00e8 di circa 1 mld; i 12 milioni risparmiati dallo stato corrispondono all\u20191,2%. Pi\u00f9 che un contributo di solidariet\u00e0 \u00e8 un obolo. E\u2019 evidente che il governo \u00e8 incapace\/o non vuole\/o non pu\u00f2 intervenire sulle pensioni pi\u00f9 alte; un contributo mensile, per lo pi\u00f9 lordo, di 2.250 euro su importi di pensioni di 30.000 euro non solo, come \u00e8 ovvio, non da risposte dal punto di vista macroeconomico, ma nemmeno da quello di equit\u00e0.\u00a0<\/p>\n<p style=\"text-align: justify;\">Ma quanto potrebbe dare un intervento pi\u00f9 drastico sulle pensioni? E\u2019 ragionevole pensare di poter passare dai 12 milioni della legge di stabilit\u00e0 ai diversi miliardi a volte ipotizzati? E ancora, a cosa destinare queste eventuali risorse?<\/p>\n<p style=\"text-align: justify;\">L\u2019ammontare di risorse che si possono ottenere, tralasciando i non piccoli aspetti giuridici, dipende dalle modalit\u00e0 d\u2019intervento e dal livello d\u2019importo da cui operare. Riferirsi alle pensioni d\u2019oro non significa nulla, finch\u00e9 non si indica la cifra, sapendo che pi\u00f9 in alto si colloca l\u2019asticella dell\u2019intervento pi\u00f9 limitato \u00e8 l\u2019importo su cui intervenire.\u00a0<\/p>\n<p style=\"text-align: justify;\">Il casellario Inps valuta la spesa pensionistica annua in circa 270 miliardi di lire. Un intervento sulle pensioni superiori a 10 volte il minimo, ossia circa 5.000 euro mensili lordi nel 2014, interesserebbe una platea di 190.000 persone con un importo pensionistico complessivo di 15,6 miliardi di euro. Se si volesse intervenire su di un ammontare maggiore, bisognerebbe spostare in basso l\u2019asticella. I pensionati con un importo superiore a 8 volte il minimo (4.000 euro lordi mensili) sono 350.000 con un ammontare complessivo di pensione pari a 24 mld; quelli con un importo superiore a 6 volte il minimo (3.000 euro lordi mensili) sono 800.000 con un ammontare complessivo di pensione pari a 44 mld.<\/p>\n<p style=\"text-align: justify;\">Boeri ipotizza tre diversi scenari con contributi di diverso importo operanti sulle pensioni superiori a 6 volte il minimo. A seconda dei livelli del contributo (che dall\u20191% per le pensioni pi\u00f9 basse arriva al 15% per le pensioni pi\u00f9 alte) ottiene un ammontare che varia da 800 a 900 milioni. Boeri considera il prelievo lordo trascurando che questo contributo sarebbe deducibile e trattandosi di fasce di pensione soggette ad aliquote del 38%, 41% e 43%, il risparmio netto ottenuto andrebbe ridotto del 40%, scendendo a 500 milioni circa. Inoltre, Boeri applica il contributo all\u2019intera pensione e non sola alla parte superiore a 6 volte il minimo. Se si adottasse quest\u2019 ultima soluzione, come fa il governo, il contributo darebbe un gettito netto inferiore ai 100 milioni di euro.\u00a0<\/p>\n<p style=\"text-align: justify;\">Applicando le ipotesi di Boeri anche alle pensioni sopra tre volte il minimo (5 milioni di persone per un importo complessivo di 155 miliardi) si otterrebbero risorse <span>nette<\/span> per circa 1,2 miliardi di euro.<\/p>\n<p style=\"text-align: justify;\">Yoram Gutgeld ipotizza un contributo del 10% sulle pensioni sopra i 3.500 euro, con un risparmio di circa 3,3 mld se \u00e8 colpito l\u2019intero importo della pensione. Calcolo corretto, ma anche lui dimentica che il contributo \u00e8 deducibile e quindi il risparmio netto scenderebbe a 2 mld.<\/p>\n<p style=\"text-align: justify;\">La strada del contributo, pur esteso a livelli bassi di pensione e\/o con aliquote alte, non pu\u00f2 quindi dare le risorse spesso indicate di diversi miliardi, a meno di aliquote espropriative.<\/p>\n<p style=\"text-align: justify;\">Un altro intervento ipotizzato \u00e8 quello di un \u201ctaglio\u201d delle pensioni legato al rapporto tra importo goduto e versamenti effettuati, intervento che non sfugge comunque al fatto che a una minore spesa pensionistica corrisponderebbe anche un minor incasso fiscale per lo stato. Questo tipo d\u2019intervento, tuttavia, se correlato anche all\u2019et\u00e0 di accesso alla pensione, colpirebbe in primo luogo le pensioni di anzianit\u00e0 del settore privato, pensioni normalmente d\u2019importo medio e medio-basso, e potrebbe colpire meno le pensioni alte di dirigenti pubblici e privati, medici, magistrati e categorie simili che solitamente sono andati e vanno in pensione a et\u00e0 molto pi\u00f9 alte rispetto ai percettori di pensioni di anzianit\u00e0. Sarebbe singolare ridurre una pensione di anzianit\u00e0 1.500 euro e non ridurre, o ridurre in misura percentuale minore, una pensione di vecchiaia di 5\/10.000 euro.<\/p>\n<p style=\"text-align: justify;\">Chi propone questa strada generalmente la limita alle pensioni sopra una certa soglia. Questo, tuttavia, riduce fortemente la massa di spesa su cui intervenire, come si \u00e8 visto. Vi sarebbero poi numerosi problemi per la sua applicabilit\u00e0 concreta, specie nel settore pubblico, quello per altro in cui sono maggiormente presenti le alte pensioni, particolarmente carente dei dati necessari per questo ricalcolo delle pensioni. Ai giuristi infine il compito di capire se un intervento che modifica ex-post il calcolo della pensione \u00e8 fattibile o meno. \u00a0<\/p>\n<p style=\"text-align: justify;\">In merito al punto relativo a come utilizzare queste eventuali risorse, credo sia da respingere l\u2019ipotesi prospettata da Amato e altri di usarle per alzare le pensioni basse. Si tratterebbe di un trasferimento tra pensionati, non necessariamente equo, che lascerebbe inalterata la situazione e le prospettive dei lavoratori non ricomponendo la frattura tra il mondo dei pensionati e quello del lavoro.<\/p>\n<p style=\"text-align: justify;\">Si fa spesso demagogia sulle pensioni pi\u00f9 basse trascurando sempre la loro origine. Bisognerebbe in primo luogo parlare di pensionati e non di pensioni considerando che a fronte di pi\u00f9 di 23 milioni di pensioni vi sono circa 16 milioni di pensionati, il 33% dei quali percepisce due, tre o quattro pensioni.\u00a0<\/p>\n<p style=\"text-align: justify;\">Vi sono certamente pi\u00f9 di 5 milioni di pensionati con una pensione tra 500 e 1.000 euro e poco pi\u00f9 di 2 milioni con una pensione inferiore a 500 euro, ma chi sono? I pensionati sociali, sotto i 500 euro, sono circa 1 milione, le pensioni integrate totalmente o parzialmente al minimo sono circa 3,4 milioni, d\u2019importo medio di poco superiore ai 500 euro mensili. Vi sono poi buona parte delle pensioni di guerra e molte pensioni di reversibilit\u00e0. Da ultimo, molte pensioni delle gestioni dei commercianti e degli artigiani, spesso integrate al minimo.<\/p>\n<p style=\"text-align: justify;\">\u00a0Le pensioni sociali e quelle integrate gi\u00e0 ricevono un aiuto dalla collettivit\u00e0 per l\u2019intero importo della pensione o per parte di essa. Molte delle pensioni degli autonomi sono frutto di autonome \u201cscelte\u201d contributive da parte degli attuali percettori. A fronte della mancanza totale di misure contro la povert\u00e0 e di sostegno al reddito dei disoccupati e dei mai occupati, a fronte della diffusione di retribuzioni inferiori ai 1.000 euro lordi, che senso avrebbe indirizzare risorse ulteriori verso chi gi\u00e0 usufruisce di un aiuto o verso chi ha una pensione bassa per propria scelta?<\/p>\n<p style=\"text-align: justify;\">Se queste risorse ci saranno, dovranno essere utilizzate all\u2019interno del sistema pensionistico per ridurre il divario tra le attuali prestazioni e quelle future.<\/p>\n<p style=\"text-align: justify;\">\u00a0<\/p>\n<p style=\"text-align: justify;\">(*) Articolo tratto dal sito di &#8220;Eguaglianza &amp; Libert\u00e0&#8221;<\/p>\n","protected":false},"excerpt":{"rendered":"<p>La legge di stabilit\u00e0 di Monti nel 2011 ha segnato, con tutta probabilit\u00e0, uno spartiacque negli interventi sul sistema pensionistico. Da un lato, \u00e8 intervenuta sull\u2019et\u00e0 di accesso alla pensione portando a compimento un processo iniziato nel 1992 con la riforma Amato, dall\u2019altro, ha limitato pesantemente sull\u2019indicizzazione delle pensioni. Il primo tipo d\u2019intervento \u00e8 quello [&hellip;]<\/p>\n","protected":false},"author":2,"featured_media":153,"comment_status":"open","ping_status":"open","sticky":false,"template":"","format":"standard","meta":{"footnotes":""},"categories":[17],"tags":[],"class_list":["post-207","post","type-post","status-publish","format-standard","has-post-thumbnail","hentry","category-welfare"],"yoast_head":"<!-- This site is optimized with the Yoast SEO plugin v27.4 - https:\/\/yoast.com\/product\/yoast-seo-wordpress\/ -->\n<title>Si profila un conflitto tra pensionandi e pensionati (*) - Nuovi Lavori<\/title>\n<meta name=\"robots\" content=\"index, follow, max-snippet:-1, max-image-preview:large, max-video-preview:-1\" \/>\n<link rel=\"canonical\" href=\"https:\/\/nuovi-lavori.it\/index.php\/si-profila-un-conflitto-tra-pensionandi-e-pensionati\/\" \/>\n<meta property=\"og:locale\" content=\"it_IT\" \/>\n<meta property=\"og:type\" content=\"article\" \/>\n<meta property=\"og:title\" content=\"Si profila un conflitto tra pensionandi e pensionati (*) - Nuovi Lavori\" \/>\n<meta property=\"og:description\" content=\"La legge di stabilit\u00e0 di Monti nel 2011 ha segnato, con tutta probabilit\u00e0, uno spartiacque negli interventi sul sistema pensionistico. Da un lato, \u00e8 intervenuta sull\u2019et\u00e0 di accesso alla pensione portando a compimento un processo iniziato nel 1992 con la riforma Amato, dall\u2019altro, ha limitato pesantemente sull\u2019indicizzazione delle pensioni. Il primo tipo d\u2019intervento \u00e8 quello [&hellip;]\" \/>\n<meta property=\"og:url\" content=\"https:\/\/nuovi-lavori.it\/index.php\/si-profila-un-conflitto-tra-pensionandi-e-pensionati\/\" \/>\n<meta property=\"og:site_name\" content=\"Nuovi Lavori\" \/>\n<meta property=\"article:published_time\" content=\"2013-11-05T08:20:14+00:00\" \/>\n<meta property=\"og:image\" content=\"https:\/\/nuovi-lavori.it\/wp-content\/uploads\/2013\/09\/images_immagininewsletter_images-37.jpeg\" \/>\n\t<meta property=\"og:image:width\" content=\"275\" \/>\n\t<meta property=\"og:image:height\" content=\"183\" \/>\n\t<meta property=\"og:image:type\" content=\"image\/jpeg\" \/>\n<meta name=\"author\" content=\"Lia\" \/>\n<meta name=\"twitter:card\" content=\"summary_large_image\" \/>\n<meta name=\"twitter:label1\" content=\"Scritto da\" \/>\n\t<meta name=\"twitter:data1\" content=\"Lia\" \/>\n\t<meta name=\"twitter:label2\" content=\"Tempo di lettura stimato\" \/>\n\t<meta name=\"twitter:data2\" content=\"9 minuti\" \/>\n<script type=\"application\/ld+json\" class=\"yoast-schema-graph\">{\"@context\":\"https:\\\/\\\/schema.org\",\"@graph\":[{\"@type\":\"Article\",\"@id\":\"https:\\\/\\\/nuovi-lavori.it\\\/index.php\\\/si-profila-un-conflitto-tra-pensionandi-e-pensionati\\\/#article\",\"isPartOf\":{\"@id\":\"https:\\\/\\\/nuovi-lavori.it\\\/index.php\\\/si-profila-un-conflitto-tra-pensionandi-e-pensionati\\\/\"},\"author\":{\"name\":\"Lia\",\"@id\":\"https:\\\/\\\/nuovi-lavori.it\\\/#\\\/schema\\\/person\\\/381e9894ea394d41738d8d55e63fc0da\"},\"headline\":\"Si profila un conflitto tra pensionandi e pensionati (*)\",\"datePublished\":\"2013-11-05T08:20:14+00:00\",\"mainEntityOfPage\":{\"@id\":\"https:\\\/\\\/nuovi-lavori.it\\\/index.php\\\/si-profila-un-conflitto-tra-pensionandi-e-pensionati\\\/\"},\"wordCount\":1779,\"commentCount\":0,\"publisher\":{\"@id\":\"https:\\\/\\\/nuovi-lavori.it\\\/#organization\"},\"image\":{\"@id\":\"https:\\\/\\\/nuovi-lavori.it\\\/index.php\\\/si-profila-un-conflitto-tra-pensionandi-e-pensionati\\\/#primaryimage\"},\"thumbnailUrl\":\"https:\\\/\\\/nuovi-lavori.it\\\/wp-content\\\/uploads\\\/2013\\\/09\\\/images_immagininewsletter_images-37.jpeg\",\"articleSection\":[\"Welfare NL\"],\"inLanguage\":\"it-IT\",\"potentialAction\":[{\"@type\":\"CommentAction\",\"name\":\"Comment\",\"target\":[\"https:\\\/\\\/nuovi-lavori.it\\\/index.php\\\/si-profila-un-conflitto-tra-pensionandi-e-pensionati\\\/#respond\"]}]},{\"@type\":\"WebPage\",\"@id\":\"https:\\\/\\\/nuovi-lavori.it\\\/index.php\\\/si-profila-un-conflitto-tra-pensionandi-e-pensionati\\\/\",\"url\":\"https:\\\/\\\/nuovi-lavori.it\\\/index.php\\\/si-profila-un-conflitto-tra-pensionandi-e-pensionati\\\/\",\"name\":\"Si profila un conflitto tra pensionandi e pensionati (*) - Nuovi Lavori\",\"isPartOf\":{\"@id\":\"https:\\\/\\\/nuovi-lavori.it\\\/#website\"},\"primaryImageOfPage\":{\"@id\":\"https:\\\/\\\/nuovi-lavori.it\\\/index.php\\\/si-profila-un-conflitto-tra-pensionandi-e-pensionati\\\/#primaryimage\"},\"image\":{\"@id\":\"https:\\\/\\\/nuovi-lavori.it\\\/index.php\\\/si-profila-un-conflitto-tra-pensionandi-e-pensionati\\\/#primaryimage\"},\"thumbnailUrl\":\"https:\\\/\\\/nuovi-lavori.it\\\/wp-content\\\/uploads\\\/2013\\\/09\\\/images_immagininewsletter_images-37.jpeg\",\"datePublished\":\"2013-11-05T08:20:14+00:00\",\"breadcrumb\":{\"@id\":\"https:\\\/\\\/nuovi-lavori.it\\\/index.php\\\/si-profila-un-conflitto-tra-pensionandi-e-pensionati\\\/#breadcrumb\"},\"inLanguage\":\"it-IT\",\"potentialAction\":[{\"@type\":\"ReadAction\",\"target\":[\"https:\\\/\\\/nuovi-lavori.it\\\/index.php\\\/si-profila-un-conflitto-tra-pensionandi-e-pensionati\\\/\"]}]},{\"@type\":\"ImageObject\",\"inLanguage\":\"it-IT\",\"@id\":\"https:\\\/\\\/nuovi-lavori.it\\\/index.php\\\/si-profila-un-conflitto-tra-pensionandi-e-pensionati\\\/#primaryimage\",\"url\":\"https:\\\/\\\/nuovi-lavori.it\\\/wp-content\\\/uploads\\\/2013\\\/09\\\/images_immagininewsletter_images-37.jpeg\",\"contentUrl\":\"https:\\\/\\\/nuovi-lavori.it\\\/wp-content\\\/uploads\\\/2013\\\/09\\\/images_immagininewsletter_images-37.jpeg\",\"width\":275,\"height\":183},{\"@type\":\"BreadcrumbList\",\"@id\":\"https:\\\/\\\/nuovi-lavori.it\\\/index.php\\\/si-profila-un-conflitto-tra-pensionandi-e-pensionati\\\/#breadcrumb\",\"itemListElement\":[{\"@type\":\"ListItem\",\"position\":1,\"name\":\"Home\",\"item\":\"https:\\\/\\\/nuovi-lavori.it\\\/\"},{\"@type\":\"ListItem\",\"position\":2,\"name\":\"Newsletter\",\"item\":\"https:\\\/\\\/nuovi-lavori.it\\\/index.php\\\/category\\\/newsletter\\\/\"},{\"@type\":\"ListItem\",\"position\":3,\"name\":\"Welfare NL\",\"item\":\"https:\\\/\\\/nuovi-lavori.it\\\/index.php\\\/category\\\/newsletter\\\/welfare\\\/\"},{\"@type\":\"ListItem\",\"position\":4,\"name\":\"Si profila un conflitto tra pensionandi e pensionati (*)\"}]},{\"@type\":\"WebSite\",\"@id\":\"https:\\\/\\\/nuovi-lavori.it\\\/#website\",\"url\":\"https:\\\/\\\/nuovi-lavori.it\\\/\",\"name\":\"Nuovi Lavori\",\"description\":\"\",\"publisher\":{\"@id\":\"https:\\\/\\\/nuovi-lavori.it\\\/#organization\"},\"potentialAction\":[{\"@type\":\"SearchAction\",\"target\":{\"@type\":\"EntryPoint\",\"urlTemplate\":\"https:\\\/\\\/nuovi-lavori.it\\\/?s={search_term_string}\"},\"query-input\":{\"@type\":\"PropertyValueSpecification\",\"valueRequired\":true,\"valueName\":\"search_term_string\"}}],\"inLanguage\":\"it-IT\"},{\"@type\":\"Organization\",\"@id\":\"https:\\\/\\\/nuovi-lavori.it\\\/#organization\",\"name\":\"Nuovi Lavori\",\"url\":\"https:\\\/\\\/nuovi-lavori.it\\\/\",\"logo\":{\"@type\":\"ImageObject\",\"inLanguage\":\"it-IT\",\"@id\":\"https:\\\/\\\/nuovi-lavori.it\\\/#\\\/schema\\\/logo\\\/image\\\/\",\"url\":\"http:\\\/\\\/5.249.146.118\\\/wp-content\\\/uploads\\\/2013\\\/11\\\/images_logonl.jpg\",\"contentUrl\":\"http:\\\/\\\/5.249.146.118\\\/wp-content\\\/uploads\\\/2013\\\/11\\\/images_logonl.jpg\",\"width\":400,\"height\":327,\"caption\":\"Nuovi Lavori\"},\"image\":{\"@id\":\"https:\\\/\\\/nuovi-lavori.it\\\/#\\\/schema\\\/logo\\\/image\\\/\"},\"sameAs\":[\"https:\\\/\\\/www.youtube.com\\\/user\\\/newsletteranl\"]},{\"@type\":\"Person\",\"@id\":\"https:\\\/\\\/nuovi-lavori.it\\\/#\\\/schema\\\/person\\\/381e9894ea394d41738d8d55e63fc0da\",\"name\":\"Lia\",\"image\":{\"@type\":\"ImageObject\",\"inLanguage\":\"it-IT\",\"@id\":\"https:\\\/\\\/secure.gravatar.com\\\/avatar\\\/1c1ab5e88d6553d3bd7303b8f064565e43a5f4bcf8fa0acc18820db78be45882?s=96&d=mm&r=g\",\"url\":\"https:\\\/\\\/secure.gravatar.com\\\/avatar\\\/1c1ab5e88d6553d3bd7303b8f064565e43a5f4bcf8fa0acc18820db78be45882?s=96&d=mm&r=g\",\"contentUrl\":\"https:\\\/\\\/secure.gravatar.com\\\/avatar\\\/1c1ab5e88d6553d3bd7303b8f064565e43a5f4bcf8fa0acc18820db78be45882?s=96&d=mm&r=g\",\"caption\":\"Lia\"},\"url\":\"https:\\\/\\\/nuovi-lavori.it\\\/index.php\\\/author\\\/lia\\\/\"}]}<\/script>\n<!-- \/ Yoast SEO plugin. -->","yoast_head_json":{"title":"Si profila un conflitto tra pensionandi e pensionati (*) - Nuovi Lavori","robots":{"index":"index","follow":"follow","max-snippet":"max-snippet:-1","max-image-preview":"max-image-preview:large","max-video-preview":"max-video-preview:-1"},"canonical":"https:\/\/nuovi-lavori.it\/index.php\/si-profila-un-conflitto-tra-pensionandi-e-pensionati\/","og_locale":"it_IT","og_type":"article","og_title":"Si profila un conflitto tra pensionandi e pensionati (*) - Nuovi Lavori","og_description":"La legge di stabilit\u00e0 di Monti nel 2011 ha segnato, con tutta probabilit\u00e0, uno spartiacque negli interventi sul sistema pensionistico. Da un lato, \u00e8 intervenuta sull\u2019et\u00e0 di accesso alla pensione portando a compimento un processo iniziato nel 1992 con la riforma Amato, dall\u2019altro, ha limitato pesantemente sull\u2019indicizzazione delle pensioni. Il primo tipo d\u2019intervento \u00e8 quello [&hellip;]","og_url":"https:\/\/nuovi-lavori.it\/index.php\/si-profila-un-conflitto-tra-pensionandi-e-pensionati\/","og_site_name":"Nuovi Lavori","article_published_time":"2013-11-05T08:20:14+00:00","og_image":[{"width":275,"height":183,"url":"https:\/\/nuovi-lavori.it\/wp-content\/uploads\/2013\/09\/images_immagininewsletter_images-37.jpeg","type":"image\/jpeg"}],"author":"Lia","twitter_card":"summary_large_image","twitter_misc":{"Scritto da":"Lia","Tempo di lettura stimato":"9 minuti"},"schema":{"@context":"https:\/\/schema.org","@graph":[{"@type":"Article","@id":"https:\/\/nuovi-lavori.it\/index.php\/si-profila-un-conflitto-tra-pensionandi-e-pensionati\/#article","isPartOf":{"@id":"https:\/\/nuovi-lavori.it\/index.php\/si-profila-un-conflitto-tra-pensionandi-e-pensionati\/"},"author":{"name":"Lia","@id":"https:\/\/nuovi-lavori.it\/#\/schema\/person\/381e9894ea394d41738d8d55e63fc0da"},"headline":"Si profila un conflitto tra pensionandi e pensionati (*)","datePublished":"2013-11-05T08:20:14+00:00","mainEntityOfPage":{"@id":"https:\/\/nuovi-lavori.it\/index.php\/si-profila-un-conflitto-tra-pensionandi-e-pensionati\/"},"wordCount":1779,"commentCount":0,"publisher":{"@id":"https:\/\/nuovi-lavori.it\/#organization"},"image":{"@id":"https:\/\/nuovi-lavori.it\/index.php\/si-profila-un-conflitto-tra-pensionandi-e-pensionati\/#primaryimage"},"thumbnailUrl":"https:\/\/nuovi-lavori.it\/wp-content\/uploads\/2013\/09\/images_immagininewsletter_images-37.jpeg","articleSection":["Welfare NL"],"inLanguage":"it-IT","potentialAction":[{"@type":"CommentAction","name":"Comment","target":["https:\/\/nuovi-lavori.it\/index.php\/si-profila-un-conflitto-tra-pensionandi-e-pensionati\/#respond"]}]},{"@type":"WebPage","@id":"https:\/\/nuovi-lavori.it\/index.php\/si-profila-un-conflitto-tra-pensionandi-e-pensionati\/","url":"https:\/\/nuovi-lavori.it\/index.php\/si-profila-un-conflitto-tra-pensionandi-e-pensionati\/","name":"Si profila un conflitto tra pensionandi e pensionati (*) - Nuovi Lavori","isPartOf":{"@id":"https:\/\/nuovi-lavori.it\/#website"},"primaryImageOfPage":{"@id":"https:\/\/nuovi-lavori.it\/index.php\/si-profila-un-conflitto-tra-pensionandi-e-pensionati\/#primaryimage"},"image":{"@id":"https:\/\/nuovi-lavori.it\/index.php\/si-profila-un-conflitto-tra-pensionandi-e-pensionati\/#primaryimage"},"thumbnailUrl":"https:\/\/nuovi-lavori.it\/wp-content\/uploads\/2013\/09\/images_immagininewsletter_images-37.jpeg","datePublished":"2013-11-05T08:20:14+00:00","breadcrumb":{"@id":"https:\/\/nuovi-lavori.it\/index.php\/si-profila-un-conflitto-tra-pensionandi-e-pensionati\/#breadcrumb"},"inLanguage":"it-IT","potentialAction":[{"@type":"ReadAction","target":["https:\/\/nuovi-lavori.it\/index.php\/si-profila-un-conflitto-tra-pensionandi-e-pensionati\/"]}]},{"@type":"ImageObject","inLanguage":"it-IT","@id":"https:\/\/nuovi-lavori.it\/index.php\/si-profila-un-conflitto-tra-pensionandi-e-pensionati\/#primaryimage","url":"https:\/\/nuovi-lavori.it\/wp-content\/uploads\/2013\/09\/images_immagininewsletter_images-37.jpeg","contentUrl":"https:\/\/nuovi-lavori.it\/wp-content\/uploads\/2013\/09\/images_immagininewsletter_images-37.jpeg","width":275,"height":183},{"@type":"BreadcrumbList","@id":"https:\/\/nuovi-lavori.it\/index.php\/si-profila-un-conflitto-tra-pensionandi-e-pensionati\/#breadcrumb","itemListElement":[{"@type":"ListItem","position":1,"name":"Home","item":"https:\/\/nuovi-lavori.it\/"},{"@type":"ListItem","position":2,"name":"Newsletter","item":"https:\/\/nuovi-lavori.it\/index.php\/category\/newsletter\/"},{"@type":"ListItem","position":3,"name":"Welfare NL","item":"https:\/\/nuovi-lavori.it\/index.php\/category\/newsletter\/welfare\/"},{"@type":"ListItem","position":4,"name":"Si profila un conflitto tra pensionandi e pensionati (*)"}]},{"@type":"WebSite","@id":"https:\/\/nuovi-lavori.it\/#website","url":"https:\/\/nuovi-lavori.it\/","name":"Nuovi Lavori","description":"","publisher":{"@id":"https:\/\/nuovi-lavori.it\/#organization"},"potentialAction":[{"@type":"SearchAction","target":{"@type":"EntryPoint","urlTemplate":"https:\/\/nuovi-lavori.it\/?s={search_term_string}"},"query-input":{"@type":"PropertyValueSpecification","valueRequired":true,"valueName":"search_term_string"}}],"inLanguage":"it-IT"},{"@type":"Organization","@id":"https:\/\/nuovi-lavori.it\/#organization","name":"Nuovi Lavori","url":"https:\/\/nuovi-lavori.it\/","logo":{"@type":"ImageObject","inLanguage":"it-IT","@id":"https:\/\/nuovi-lavori.it\/#\/schema\/logo\/image\/","url":"http:\/\/5.249.146.118\/wp-content\/uploads\/2013\/11\/images_logonl.jpg","contentUrl":"http:\/\/5.249.146.118\/wp-content\/uploads\/2013\/11\/images_logonl.jpg","width":400,"height":327,"caption":"Nuovi Lavori"},"image":{"@id":"https:\/\/nuovi-lavori.it\/#\/schema\/logo\/image\/"},"sameAs":["https:\/\/www.youtube.com\/user\/newsletteranl"]},{"@type":"Person","@id":"https:\/\/nuovi-lavori.it\/#\/schema\/person\/381e9894ea394d41738d8d55e63fc0da","name":"Lia","image":{"@type":"ImageObject","inLanguage":"it-IT","@id":"https:\/\/secure.gravatar.com\/avatar\/1c1ab5e88d6553d3bd7303b8f064565e43a5f4bcf8fa0acc18820db78be45882?s=96&d=mm&r=g","url":"https:\/\/secure.gravatar.com\/avatar\/1c1ab5e88d6553d3bd7303b8f064565e43a5f4bcf8fa0acc18820db78be45882?s=96&d=mm&r=g","contentUrl":"https:\/\/secure.gravatar.com\/avatar\/1c1ab5e88d6553d3bd7303b8f064565e43a5f4bcf8fa0acc18820db78be45882?s=96&d=mm&r=g","caption":"Lia"},"url":"https:\/\/nuovi-lavori.it\/index.php\/author\/lia\/"}]}},"_links":{"self":[{"href":"https:\/\/nuovi-lavori.it\/index.php\/wp-json\/wp\/v2\/posts\/207","targetHints":{"allow":["GET"]}}],"collection":[{"href":"https:\/\/nuovi-lavori.it\/index.php\/wp-json\/wp\/v2\/posts"}],"about":[{"href":"https:\/\/nuovi-lavori.it\/index.php\/wp-json\/wp\/v2\/types\/post"}],"author":[{"embeddable":true,"href":"https:\/\/nuovi-lavori.it\/index.php\/wp-json\/wp\/v2\/users\/2"}],"replies":[{"embeddable":true,"href":"https:\/\/nuovi-lavori.it\/index.php\/wp-json\/wp\/v2\/comments?post=207"}],"version-history":[{"count":0,"href":"https:\/\/nuovi-lavori.it\/index.php\/wp-json\/wp\/v2\/posts\/207\/revisions"}],"wp:featuredmedia":[{"embeddable":true,"href":"https:\/\/nuovi-lavori.it\/index.php\/wp-json\/wp\/v2\/media\/153"}],"wp:attachment":[{"href":"https:\/\/nuovi-lavori.it\/index.php\/wp-json\/wp\/v2\/media?parent=207"}],"wp:term":[{"taxonomy":"category","embeddable":true,"href":"https:\/\/nuovi-lavori.it\/index.php\/wp-json\/wp\/v2\/categories?post=207"},{"taxonomy":"post_tag","embeddable":true,"href":"https:\/\/nuovi-lavori.it\/index.php\/wp-json\/wp\/v2\/tags?post=207"}],"curies":[{"name":"wp","href":"https:\/\/api.w.org\/{rel}","templated":true}]}}