{"id":20736,"date":"2024-07-02T14:56:03","date_gmt":"2024-07-02T12:56:03","guid":{"rendered":"https:\/\/nuovi-lavori.it\/?p=20736"},"modified":"2024-07-02T14:56:05","modified_gmt":"2024-07-02T12:56:05","slug":"lastensione-elettorale-va-curata-non-sopportata","status":"publish","type":"post","link":"https:\/\/nuovi-lavori.it\/index.php\/lastensione-elettorale-va-curata-non-sopportata\/","title":{"rendered":"L&#8217;astensione elettorale va curata, non sopportata"},"content":{"rendered":"\n<p>Appartengo a quella met\u00e0 dei votanti che \u00e8 andata al seggio, in queste elezioni europee. Incomincio a sentirmi come l\u2019orso bruno marsicano. Non per il carattere, alquanto schivo, il suo e quindi che non mi si conf\u00e0. Ma perch\u00e9 \u00e8 catalogato tra le prime dieci specie di animali in via di estinzione in Italia. A quale percentuale deve arrivare l\u2019astensionismo, per considerarlo un problema serio per la democrazia di questo Paese? A oggi, se ne parla soltanto due settimane prima delle elezioni e una dopo. Fiumi di parole di biasimo, di ricerca di scusanti, di colpevolizzazioni degli assenti, di invocazioni al senso civico per la prossima volta.<\/p>\n\n\n\n<p>Lo statistico Roberto Volpi, nel ricordare che dal 72,9% delle politiche del 2018 si \u00e8 passati al 63,9% del 2022 e al 49,7 delle europee di quest\u2019anno \u2013 quindi un calo \u201cmonstre\u201d del 23,2% in 6 anni \u2013 invita a non chiamarlo assenteismo, \u201cvocabolo menzognero che fa pensare che gli italiani, debilitati dalle fatiche del voto, scelgano di risparmiarsela con qualche sotterfugio\u201d (Dal 93,84% al non voto, una parabola italiana, La lettura, Corriere della sera, 30\/06\/2024). Volpi ha ragione; \u00e8 piuttosto una specie di pandemia per la quale non sembra che ci siano scienziati della politica e politici di professione che investano in conoscenza e proposte per l\u2019inversione della tendenza.<\/p>\n\n\n\n<p>Infatti, non ci sono studi approfonditi, al di l\u00e0 della sondaggistica, che mettano in correlazione la non partecipazione al voto alla condizione reddituale, culturale, professionale, territoriale, di genere e di et\u00e0. Non c\u2019\u00e8 stato finora Ministro degli Interni che si sia posto il problema di facilitare la partecipazione. Non c\u2019\u00e8 notizia che ci sia stato un Presidente del Consiglio che avesse messo al lavoro qualcuno per capire se si tratta di ammutinamento sia pure non organizzato (c\u2019\u00e8 un magnifico romanzo di Jos\u00e9 Saramago, Saggio sulla lucidit\u00e0, ed. Feltrinelli che indaga su questa insinuazione) o di disinteresse verso la cosa pubblica, o di ben altro.<\/p>\n\n\n\n<p>In attesa che qualcuno prenda di petto la questione, si pu\u00f2 avanzare qualche considerazione, con la consapevolezza che si tratta di una faccenda complessa e fondamentalmente inedita.&nbsp; Fino alle elezioni politiche del 2008 in cui vot\u00f2 l\u201980,5% degli aventi diritto, il tema era inesistente, anche se \u00e8 stata percentuale lontana dalla punta massima che si raggiunse nel 1953 con il 93,84%. Il crollo \u00e8 avvenuto con il trionfo dell\u2019antipolitica. Quindi, pur sapendo che si sa poco, ci inoltriamo in questo magma che \u00e8 il mondo del non voto per almeno tenere aperta la discussione.<\/p>\n\n\n\n<p>Innanzitutto, bisognerebbe sburocratizzare l\u2019esercizio del voto. Niente di risolutivo, ma sicuramente utile a non scoraggiare ulteriormente l\u2019affluenza. Al seggio mi hanno chiesto la carta di identit\u00e0 per votare. Di conseguenza, mi sono chiesto: a che serve la tessera elettorale? Per sapere il numero della sezione in cui devo votare? Basterebbe scrivermela sulla tessera di identit\u00e0. Per identificare chi ha diritto al voto e chi no? Per questo basterebbe che negli elenchi in mano agli scrutatori risultasse il nome di quel malfattore che per sentenza definitiva \u00e8 stata privato del diritto al voto. Per di pi\u00f9 mi hanno creato un sacco di problemi perch\u00e9 non c\u2019era pi\u00f9 posto per il timbro. Ho dovuto alzare la voce per poter procedere verso la cabina, continuando a chiedermi quale valore cos\u00ec essenziale avesse quella attestazione. Quanti vecchietti, quanti giovani, quanti di ogni et\u00e0 non votano perch\u00e9 hanno perso la tessera, perch\u00e9 non hanno mezza mattinata da perdere per procurarsene una nuova, perch\u00e9 scoprono all\u2019ultimo momento dell\u2019ultima ora utile che ne sono sprovvisti? &nbsp;<\/p>\n\n\n\n<p>Il mondo dei \u201cvorrei ma non posso\u201d si allarga ulteriormente a chi lavora o studia fuori sede. A questi \u00e8 consentito votare nel luogo dove vivono regolarmente, ma chi glielo ha detto che per farlo devono registrarsi due mesi prima? Nessuno. In una realt\u00e0 globalizzata dove si sta ampliando l\u2019uso del voto da remoto, del voto con i cellulari, la situazione nostrana sembra volutamente arretrata, ferma ai tempi dell\u2019acculturazione alla democrazia.&nbsp;<\/p>\n\n\n\n<p>Inoltre, c\u2019\u00e8 la questione della legge elettorale. Cambiarla in modo frequente, soprattutto per quanto riguarda il rapporto tra candidato ed elettore, pu\u00f2 allontanare e non avvicinare la gente alle urne. Un rapporto che pu\u00f2 avere anche la sgradevolezza del clientelismo, ma alimenta un minimo di controllo dal basso dell\u2019attivit\u00e0 politica. Invece, chi pensa che il recupero di questo rapporto debba passare attraverso il premierato super dotato di poteri decisori e quindi con un Parlamento azzoppato e un Presidente della Repubblica dimezzato, vuol dire che rema esattamente nella direzione opposta. Non gli interessa creare pi\u00f9 empatia tra elettore ed eletto prima, durante e dopo l\u2019atto elettorale. Vuole convincere i pi\u00f9 che dato il voto, la delega \u00e8 una cambiale in bianco, senza momenti di mediazione fino alla nuova tornata elettorale. Cos\u00ec, per\u00f2, funzionano le democrature, gi\u00e0 presenti in giro per il mondo, sia pure con sfumature significativamente diverse le une dalle altre ma con la costante di considerare l\u2019elezione un rito senza anima. Eppure, dovrebbe essere chiaro che il rispetto per il cittadino, per una scelta consapevole che sia determinante per la gestione del potere, sia condizione essenziale per ribaltare la tendenza all\u2019astensionismo.<\/p>\n\n\n\n<p>Infine, c\u2019\u00e8 un problema di contenuti dell\u2019azione politica. Finita l\u2019epoca delle contrapposizioni ideologiche, si sta affermando il personalismo identitario. Eccelle a destra (ovunque e solo\u201d vota Giorgia\u201d), ci sono tentazioni anche a sinistra (il PD si \u00e8 per un attimo diviso se lanciare il \u201cvota Elly\u201d). Questa esasperazione del \u201ccapo\u201d va bene a chi tifa, ma chi vuole programmi e scelte per valutare su quale simbolo apporre la croce, viene spiazzato. Se poi, l\u2019elettore o l\u2019elettrice si convincono che ci\u00f2 che ha sempre visto come il cuore del ruolo dello Stato &#8211; il lavoro e il welfare &#8211; da questo viene sottovalutato, bistrattato o ridimenzionato sempre pi\u00f9, \u00e8 legittimo che perda fiducia e rinunci alla partecipazione.&nbsp;<\/p>\n\n\n\n<p>Su entrambi i fronti, i deficit progettuali per gestire i cambiamenti che tutti vedono incombenti, pesano come macigni sulla quadratura del cerchio tra IO e NOI, invogliando alla diserzione. Sul lavoro e il welfare bisogna tornare ad elaborare proposte di medio-lungo periodo, per le quali la regola non pu\u00f2 essere che vanno &nbsp; accontentati tutti, anche perch\u00e9 implicano strategie di sviluppo e di tutela del benessere quantomeno europee, profonde modifiche del sistema fiscale, valorizzazione della qualit\u00e0 dell\u2019educazione di base e permanente dei cittadini, riduzione delle disuguaglianze di genere, sociali, economiche e territoriali. Tutte questioni che, anche se non ci fosse l\u2019alto tasso di astensionismo, andrebbero messe in fila e tradotte in programmi condivisi.&nbsp;<\/p>\n\n\n\n<p>Soprattutto per le forze politiche progressiste, non \u00e8 sufficiente lanciare parole d\u2019ordine allettanti. Per essere forze di governo, occorre sia recuperare i voti scappati via (anche in Francia e altri paesi della socialdemocrazia europea una parte consistente degli operai vota a destra), sia rimotivare chi \u00e8 finito nel mega bacino dell\u2019astensionismo pur non parteggiando per l\u2019antipolitica. C\u2019\u00e8 la necessit\u00e0 di trovare risposte adeguate a tante questioni cruciali, quelle che alimentano paure e incertezze: le guerre, i capovolgimenti climatici, le violenze urbane, l\u2019immigrazione incontrollata, i fanatismi religiosi. Ma &nbsp; anche le &nbsp; tre aree di problemi appena sintetizzate devono essere affrontate senza sotterfugi.&nbsp;<\/p>\n\n\n\n<p>C\u2019\u00e8 anche la necessit\u00e0 che i corpi intermedi della societ\u00e0, primi fra tutti i sindacati confederali, intervengano nella costruzione di una coscienza e cultura della partecipazione forte ed unitaria. Purtroppo stiamo assistendo ad un oscuramento del ruolo dell\u2019associazionismo sociale, ad un crescendo di corporativizzazione delle loro istanze; crescenti al crescere delle mancate risposte. Invece, pi\u00f9 c\u2019\u00e8 aggregazione sociale, pi\u00f9 c\u2019\u00e8 mobilitazione riformistica, pi\u00f9 netta diventa la qualit\u00e0 delle proposte, meno facile potr\u00e0 risultare l\u2019offensiva di quanti, indifferenti all\u2019andamento astensionistico, puntano soltanto all\u2019occupazione del potere politico.&nbsp; &nbsp; &nbsp;<\/p>\n","protected":false},"excerpt":{"rendered":"<p>Appartengo a quella met\u00e0 dei votanti che \u00e8 andata al seggio, in queste elezioni europee. Incomincio a sentirmi come l\u2019orso bruno marsicano. Non per il carattere, alquanto schivo, il suo e quindi che non mi si conf\u00e0. <\/p>\n","protected":false},"author":6341,"featured_media":20738,"comment_status":"closed","ping_status":"open","sticky":false,"template":"","format":"standard","meta":{"footnotes":""},"categories":[9],"tags":[],"class_list":["post-20736","post","type-post","status-publish","format-standard","has-post-thumbnail","hentry","category-newsletter"],"yoast_head":"<!-- This site is optimized with the Yoast SEO plugin v27.5 - https:\/\/yoast.com\/product\/yoast-seo-wordpress\/ -->\n<title>L&#039;astensione elettorale va curata, non sopportata - Nuovi Lavori<\/title>\n<meta name=\"robots\" content=\"index, follow, max-snippet:-1, max-image-preview:large, max-video-preview:-1\" \/>\n<link rel=\"canonical\" href=\"https:\/\/nuovi-lavori.it\/index.php\/lastensione-elettorale-va-curata-non-sopportata\/\" \/>\n<meta property=\"og:locale\" content=\"it_IT\" \/>\n<meta property=\"og:type\" content=\"article\" \/>\n<meta property=\"og:title\" content=\"L&#039;astensione elettorale va curata, non sopportata - Nuovi Lavori\" \/>\n<meta property=\"og:description\" content=\"Appartengo a quella met\u00e0 dei votanti che \u00e8 andata al seggio, in queste elezioni europee. Incomincio a sentirmi come l\u2019orso bruno marsicano. Non per il carattere, alquanto schivo, il suo e quindi che non mi si conf\u00e0.\" \/>\n<meta property=\"og:url\" content=\"https:\/\/nuovi-lavori.it\/index.php\/lastensione-elettorale-va-curata-non-sopportata\/\" \/>\n<meta property=\"og:site_name\" content=\"Nuovi Lavori\" \/>\n<meta property=\"article:published_time\" content=\"2024-07-02T12:56:03+00:00\" \/>\n<meta property=\"article:modified_time\" content=\"2024-07-02T12:56:05+00:00\" \/>\n<meta property=\"og:image\" content=\"https:\/\/nuovi-lavori.it\/wp-content\/uploads\/2024\/07\/astensionismo-1.jpg\" \/>\n\t<meta property=\"og:image:width\" content=\"1280\" \/>\n\t<meta property=\"og:image:height\" content=\"720\" \/>\n\t<meta property=\"og:image:type\" content=\"image\/jpeg\" \/>\n<meta name=\"author\" content=\"Raffaele Morese\" \/>\n<meta name=\"twitter:card\" content=\"summary_large_image\" \/>\n<meta name=\"twitter:label1\" content=\"Scritto da\" \/>\n\t<meta name=\"twitter:data1\" content=\"Raffaele Morese\" \/>\n\t<meta name=\"twitter:label2\" content=\"Tempo di lettura stimato\" \/>\n\t<meta name=\"twitter:data2\" content=\"7 minuti\" \/>\n<script type=\"application\/ld+json\" class=\"yoast-schema-graph\">{\"@context\":\"https:\\\/\\\/schema.org\",\"@graph\":[{\"@type\":\"Article\",\"@id\":\"https:\\\/\\\/nuovi-lavori.it\\\/index.php\\\/lastensione-elettorale-va-curata-non-sopportata\\\/#article\",\"isPartOf\":{\"@id\":\"https:\\\/\\\/nuovi-lavori.it\\\/index.php\\\/lastensione-elettorale-va-curata-non-sopportata\\\/\"},\"author\":{\"name\":\"Raffaele Morese\",\"@id\":\"https:\\\/\\\/nuovi-lavori.it\\\/#\\\/schema\\\/person\\\/4768859afb8ce507df626060d213b701\"},\"headline\":\"L&#8217;astensione elettorale va curata, non sopportata\",\"datePublished\":\"2024-07-02T12:56:03+00:00\",\"dateModified\":\"2024-07-02T12:56:05+00:00\",\"mainEntityOfPage\":{\"@id\":\"https:\\\/\\\/nuovi-lavori.it\\\/index.php\\\/lastensione-elettorale-va-curata-non-sopportata\\\/\"},\"wordCount\":1279,\"publisher\":{\"@id\":\"https:\\\/\\\/nuovi-lavori.it\\\/#organization\"},\"image\":{\"@id\":\"https:\\\/\\\/nuovi-lavori.it\\\/index.php\\\/lastensione-elettorale-va-curata-non-sopportata\\\/#primaryimage\"},\"thumbnailUrl\":\"https:\\\/\\\/nuovi-lavori.it\\\/wp-content\\\/uploads\\\/2024\\\/07\\\/astensionismo-1.jpg\",\"articleSection\":[\"Newsletter\"],\"inLanguage\":\"it-IT\"},{\"@type\":\"WebPage\",\"@id\":\"https:\\\/\\\/nuovi-lavori.it\\\/index.php\\\/lastensione-elettorale-va-curata-non-sopportata\\\/\",\"url\":\"https:\\\/\\\/nuovi-lavori.it\\\/index.php\\\/lastensione-elettorale-va-curata-non-sopportata\\\/\",\"name\":\"L'astensione elettorale va curata, non sopportata - Nuovi Lavori\",\"isPartOf\":{\"@id\":\"https:\\\/\\\/nuovi-lavori.it\\\/#website\"},\"primaryImageOfPage\":{\"@id\":\"https:\\\/\\\/nuovi-lavori.it\\\/index.php\\\/lastensione-elettorale-va-curata-non-sopportata\\\/#primaryimage\"},\"image\":{\"@id\":\"https:\\\/\\\/nuovi-lavori.it\\\/index.php\\\/lastensione-elettorale-va-curata-non-sopportata\\\/#primaryimage\"},\"thumbnailUrl\":\"https:\\\/\\\/nuovi-lavori.it\\\/wp-content\\\/uploads\\\/2024\\\/07\\\/astensionismo-1.jpg\",\"datePublished\":\"2024-07-02T12:56:03+00:00\",\"dateModified\":\"2024-07-02T12:56:05+00:00\",\"breadcrumb\":{\"@id\":\"https:\\\/\\\/nuovi-lavori.it\\\/index.php\\\/lastensione-elettorale-va-curata-non-sopportata\\\/#breadcrumb\"},\"inLanguage\":\"it-IT\",\"potentialAction\":[{\"@type\":\"ReadAction\",\"target\":[\"https:\\\/\\\/nuovi-lavori.it\\\/index.php\\\/lastensione-elettorale-va-curata-non-sopportata\\\/\"]}]},{\"@type\":\"ImageObject\",\"inLanguage\":\"it-IT\",\"@id\":\"https:\\\/\\\/nuovi-lavori.it\\\/index.php\\\/lastensione-elettorale-va-curata-non-sopportata\\\/#primaryimage\",\"url\":\"https:\\\/\\\/nuovi-lavori.it\\\/wp-content\\\/uploads\\\/2024\\\/07\\\/astensionismo-1.jpg\",\"contentUrl\":\"https:\\\/\\\/nuovi-lavori.it\\\/wp-content\\\/uploads\\\/2024\\\/07\\\/astensionismo-1.jpg\",\"width\":1280,\"height\":720},{\"@type\":\"BreadcrumbList\",\"@id\":\"https:\\\/\\\/nuovi-lavori.it\\\/index.php\\\/lastensione-elettorale-va-curata-non-sopportata\\\/#breadcrumb\",\"itemListElement\":[{\"@type\":\"ListItem\",\"position\":1,\"name\":\"Home\",\"item\":\"https:\\\/\\\/nuovi-lavori.it\\\/\"},{\"@type\":\"ListItem\",\"position\":2,\"name\":\"Newsletter\",\"item\":\"https:\\\/\\\/nuovi-lavori.it\\\/index.php\\\/category\\\/newsletter\\\/\"},{\"@type\":\"ListItem\",\"position\":3,\"name\":\"L&#8217;astensione elettorale va curata, non sopportata\"}]},{\"@type\":\"WebSite\",\"@id\":\"https:\\\/\\\/nuovi-lavori.it\\\/#website\",\"url\":\"https:\\\/\\\/nuovi-lavori.it\\\/\",\"name\":\"Nuovi Lavori\",\"description\":\"\",\"publisher\":{\"@id\":\"https:\\\/\\\/nuovi-lavori.it\\\/#organization\"},\"potentialAction\":[{\"@type\":\"SearchAction\",\"target\":{\"@type\":\"EntryPoint\",\"urlTemplate\":\"https:\\\/\\\/nuovi-lavori.it\\\/?s={search_term_string}\"},\"query-input\":{\"@type\":\"PropertyValueSpecification\",\"valueRequired\":true,\"valueName\":\"search_term_string\"}}],\"inLanguage\":\"it-IT\"},{\"@type\":\"Organization\",\"@id\":\"https:\\\/\\\/nuovi-lavori.it\\\/#organization\",\"name\":\"Nuovi Lavori\",\"url\":\"https:\\\/\\\/nuovi-lavori.it\\\/\",\"logo\":{\"@type\":\"ImageObject\",\"inLanguage\":\"it-IT\",\"@id\":\"https:\\\/\\\/nuovi-lavori.it\\\/#\\\/schema\\\/logo\\\/image\\\/\",\"url\":\"http:\\\/\\\/5.249.146.118\\\/wp-content\\\/uploads\\\/2013\\\/11\\\/images_logonl.jpg\",\"contentUrl\":\"http:\\\/\\\/5.249.146.118\\\/wp-content\\\/uploads\\\/2013\\\/11\\\/images_logonl.jpg\",\"width\":400,\"height\":327,\"caption\":\"Nuovi Lavori\"},\"image\":{\"@id\":\"https:\\\/\\\/nuovi-lavori.it\\\/#\\\/schema\\\/logo\\\/image\\\/\"},\"sameAs\":[\"https:\\\/\\\/www.youtube.com\\\/user\\\/newsletteranl\"]},{\"@type\":\"Person\",\"@id\":\"https:\\\/\\\/nuovi-lavori.it\\\/#\\\/schema\\\/person\\\/4768859afb8ce507df626060d213b701\",\"name\":\"Raffaele Morese\",\"image\":{\"@type\":\"ImageObject\",\"inLanguage\":\"it-IT\",\"@id\":\"https:\\\/\\\/secure.gravatar.com\\\/avatar\\\/c9e93dd33a56fe3d005bd3f6c40cb88951704b941daa4f4dd789da460905d0d7?s=96&d=mm&r=g\",\"url\":\"https:\\\/\\\/secure.gravatar.com\\\/avatar\\\/c9e93dd33a56fe3d005bd3f6c40cb88951704b941daa4f4dd789da460905d0d7?s=96&d=mm&r=g\",\"contentUrl\":\"https:\\\/\\\/secure.gravatar.com\\\/avatar\\\/c9e93dd33a56fe3d005bd3f6c40cb88951704b941daa4f4dd789da460905d0d7?s=96&d=mm&r=g\",\"caption\":\"Raffaele Morese\"},\"description\":\"Laureato in economia e commercio all'Universit\u00e0 Cattolica di Milano. Nel 1966 \u00e8 responsabile dell'Ufficio Studi e Marketing della Rinascente S.p.A., nel 1967 entra all\u2019Ufficio Studi della CISL. Nel 1969 avvia la sua attivit\u00e0 sindacale come operatore nella Fim-Cisl nazionale, di cui diviene segretario nazionale nel 1975, ricoprendo la responsabilit\u00e0 di vari settori (elettromeccanica, informatica, siderurgia, e infine auto e trasporti) e assumendo il coordinamento delle politiche sindacali. Nel 1983 succede a Franco Bentivogli come segretario generale della Fim-Cisl e nel 1989 passa alla segreteria nazionale della confederazione, di cui diviene segretario generale aggiunto, in coppia con Sergio D'Antoni segretario generale. Nel 1998 si conclude la sua esperienza sindacale e si apre una fase di impegno politico nelle file del centro-sinistra. Dal 1998 al 2001 \u00e8 Sottosegretario con delega al Ministero del Lavoro. Dal 2002 al 2009 \u00e8 stato presidente di Trambus, la societ\u00e0 per azioni del Comune di Roma che gestisce la maggior parte del trasporto pubblico di Roma. Dal 2004 al 2009 \u00e8 stato presidente di Confservizi, la confederazione nazionale che rappresenta le aziende e gli enti che gestiscono i Servizi Pubblici Locali. Morese \u00e8 stato inoltre Consigliere del Consiglio Nazionale dell'Economia e del Lavoro (CNEL) nella IV Consiliatura, e nel 2005 \u00e8 stato nominato presidente della Commissione per le grandi opere e le reti infrastrutturali, per le politiche energetiche e i servizi di rete. Dal 1996 al 2009 \u00e8 stato Presidente di Intersos, la pi\u00f9 grande ONG italiana per l\u2019intervento umanitario nelle situazioni di guerra, di calamit\u00e0 naturali, di epidemie. Ha inoltre collaborato con numerosi quotidiani e settimanali, quali Sette giorni, Mondo Operaio, Il Popolo, Il Nuovo e L\u2019Europa, ed \u00e8 autore di diverse pubblicazioni sul mondo del lavoro, come Lavorare meno, lavorare tutti, Le Frontiere della partecipazione, Contare fino a uno e Ridistribuire il lavoro. Attualmente \u00e8 Segretario Generale di \\\"Nuovi Lavori\\\" (NL) e Presidente del think tank Koin\u00e8.\",\"url\":\"https:\\\/\\\/nuovi-lavori.it\\\/index.php\\\/author\\\/raffaele-morese\\\/\"}]}<\/script>\n<!-- \/ Yoast SEO plugin. -->","yoast_head_json":{"title":"L'astensione elettorale va curata, non sopportata - Nuovi Lavori","robots":{"index":"index","follow":"follow","max-snippet":"max-snippet:-1","max-image-preview":"max-image-preview:large","max-video-preview":"max-video-preview:-1"},"canonical":"https:\/\/nuovi-lavori.it\/index.php\/lastensione-elettorale-va-curata-non-sopportata\/","og_locale":"it_IT","og_type":"article","og_title":"L'astensione elettorale va curata, non sopportata - Nuovi Lavori","og_description":"Appartengo a quella met\u00e0 dei votanti che \u00e8 andata al seggio, in queste elezioni europee. Incomincio a sentirmi come l\u2019orso bruno marsicano. Non per il carattere, alquanto schivo, il suo e quindi che non mi si conf\u00e0.","og_url":"https:\/\/nuovi-lavori.it\/index.php\/lastensione-elettorale-va-curata-non-sopportata\/","og_site_name":"Nuovi Lavori","article_published_time":"2024-07-02T12:56:03+00:00","article_modified_time":"2024-07-02T12:56:05+00:00","og_image":[{"width":1280,"height":720,"url":"https:\/\/nuovi-lavori.it\/wp-content\/uploads\/2024\/07\/astensionismo-1.jpg","type":"image\/jpeg"}],"author":"Raffaele Morese","twitter_card":"summary_large_image","twitter_misc":{"Scritto da":"Raffaele Morese","Tempo di lettura stimato":"7 minuti"},"schema":{"@context":"https:\/\/schema.org","@graph":[{"@type":"Article","@id":"https:\/\/nuovi-lavori.it\/index.php\/lastensione-elettorale-va-curata-non-sopportata\/#article","isPartOf":{"@id":"https:\/\/nuovi-lavori.it\/index.php\/lastensione-elettorale-va-curata-non-sopportata\/"},"author":{"name":"Raffaele Morese","@id":"https:\/\/nuovi-lavori.it\/#\/schema\/person\/4768859afb8ce507df626060d213b701"},"headline":"L&#8217;astensione elettorale va curata, non sopportata","datePublished":"2024-07-02T12:56:03+00:00","dateModified":"2024-07-02T12:56:05+00:00","mainEntityOfPage":{"@id":"https:\/\/nuovi-lavori.it\/index.php\/lastensione-elettorale-va-curata-non-sopportata\/"},"wordCount":1279,"publisher":{"@id":"https:\/\/nuovi-lavori.it\/#organization"},"image":{"@id":"https:\/\/nuovi-lavori.it\/index.php\/lastensione-elettorale-va-curata-non-sopportata\/#primaryimage"},"thumbnailUrl":"https:\/\/nuovi-lavori.it\/wp-content\/uploads\/2024\/07\/astensionismo-1.jpg","articleSection":["Newsletter"],"inLanguage":"it-IT"},{"@type":"WebPage","@id":"https:\/\/nuovi-lavori.it\/index.php\/lastensione-elettorale-va-curata-non-sopportata\/","url":"https:\/\/nuovi-lavori.it\/index.php\/lastensione-elettorale-va-curata-non-sopportata\/","name":"L'astensione elettorale va curata, non sopportata - Nuovi Lavori","isPartOf":{"@id":"https:\/\/nuovi-lavori.it\/#website"},"primaryImageOfPage":{"@id":"https:\/\/nuovi-lavori.it\/index.php\/lastensione-elettorale-va-curata-non-sopportata\/#primaryimage"},"image":{"@id":"https:\/\/nuovi-lavori.it\/index.php\/lastensione-elettorale-va-curata-non-sopportata\/#primaryimage"},"thumbnailUrl":"https:\/\/nuovi-lavori.it\/wp-content\/uploads\/2024\/07\/astensionismo-1.jpg","datePublished":"2024-07-02T12:56:03+00:00","dateModified":"2024-07-02T12:56:05+00:00","breadcrumb":{"@id":"https:\/\/nuovi-lavori.it\/index.php\/lastensione-elettorale-va-curata-non-sopportata\/#breadcrumb"},"inLanguage":"it-IT","potentialAction":[{"@type":"ReadAction","target":["https:\/\/nuovi-lavori.it\/index.php\/lastensione-elettorale-va-curata-non-sopportata\/"]}]},{"@type":"ImageObject","inLanguage":"it-IT","@id":"https:\/\/nuovi-lavori.it\/index.php\/lastensione-elettorale-va-curata-non-sopportata\/#primaryimage","url":"https:\/\/nuovi-lavori.it\/wp-content\/uploads\/2024\/07\/astensionismo-1.jpg","contentUrl":"https:\/\/nuovi-lavori.it\/wp-content\/uploads\/2024\/07\/astensionismo-1.jpg","width":1280,"height":720},{"@type":"BreadcrumbList","@id":"https:\/\/nuovi-lavori.it\/index.php\/lastensione-elettorale-va-curata-non-sopportata\/#breadcrumb","itemListElement":[{"@type":"ListItem","position":1,"name":"Home","item":"https:\/\/nuovi-lavori.it\/"},{"@type":"ListItem","position":2,"name":"Newsletter","item":"https:\/\/nuovi-lavori.it\/index.php\/category\/newsletter\/"},{"@type":"ListItem","position":3,"name":"L&#8217;astensione elettorale va curata, non sopportata"}]},{"@type":"WebSite","@id":"https:\/\/nuovi-lavori.it\/#website","url":"https:\/\/nuovi-lavori.it\/","name":"Nuovi Lavori","description":"","publisher":{"@id":"https:\/\/nuovi-lavori.it\/#organization"},"potentialAction":[{"@type":"SearchAction","target":{"@type":"EntryPoint","urlTemplate":"https:\/\/nuovi-lavori.it\/?s={search_term_string}"},"query-input":{"@type":"PropertyValueSpecification","valueRequired":true,"valueName":"search_term_string"}}],"inLanguage":"it-IT"},{"@type":"Organization","@id":"https:\/\/nuovi-lavori.it\/#organization","name":"Nuovi Lavori","url":"https:\/\/nuovi-lavori.it\/","logo":{"@type":"ImageObject","inLanguage":"it-IT","@id":"https:\/\/nuovi-lavori.it\/#\/schema\/logo\/image\/","url":"http:\/\/5.249.146.118\/wp-content\/uploads\/2013\/11\/images_logonl.jpg","contentUrl":"http:\/\/5.249.146.118\/wp-content\/uploads\/2013\/11\/images_logonl.jpg","width":400,"height":327,"caption":"Nuovi Lavori"},"image":{"@id":"https:\/\/nuovi-lavori.it\/#\/schema\/logo\/image\/"},"sameAs":["https:\/\/www.youtube.com\/user\/newsletteranl"]},{"@type":"Person","@id":"https:\/\/nuovi-lavori.it\/#\/schema\/person\/4768859afb8ce507df626060d213b701","name":"Raffaele Morese","image":{"@type":"ImageObject","inLanguage":"it-IT","@id":"https:\/\/secure.gravatar.com\/avatar\/c9e93dd33a56fe3d005bd3f6c40cb88951704b941daa4f4dd789da460905d0d7?s=96&d=mm&r=g","url":"https:\/\/secure.gravatar.com\/avatar\/c9e93dd33a56fe3d005bd3f6c40cb88951704b941daa4f4dd789da460905d0d7?s=96&d=mm&r=g","contentUrl":"https:\/\/secure.gravatar.com\/avatar\/c9e93dd33a56fe3d005bd3f6c40cb88951704b941daa4f4dd789da460905d0d7?s=96&d=mm&r=g","caption":"Raffaele Morese"},"description":"Laureato in economia e commercio all'Universit\u00e0 Cattolica di Milano. Nel 1966 \u00e8 responsabile dell'Ufficio Studi e Marketing della Rinascente S.p.A., nel 1967 entra all\u2019Ufficio Studi della CISL. Nel 1969 avvia la sua attivit\u00e0 sindacale come operatore nella Fim-Cisl nazionale, di cui diviene segretario nazionale nel 1975, ricoprendo la responsabilit\u00e0 di vari settori (elettromeccanica, informatica, siderurgia, e infine auto e trasporti) e assumendo il coordinamento delle politiche sindacali. Nel 1983 succede a Franco Bentivogli come segretario generale della Fim-Cisl e nel 1989 passa alla segreteria nazionale della confederazione, di cui diviene segretario generale aggiunto, in coppia con Sergio D'Antoni segretario generale. Nel 1998 si conclude la sua esperienza sindacale e si apre una fase di impegno politico nelle file del centro-sinistra. Dal 1998 al 2001 \u00e8 Sottosegretario con delega al Ministero del Lavoro. Dal 2002 al 2009 \u00e8 stato presidente di Trambus, la societ\u00e0 per azioni del Comune di Roma che gestisce la maggior parte del trasporto pubblico di Roma. Dal 2004 al 2009 \u00e8 stato presidente di Confservizi, la confederazione nazionale che rappresenta le aziende e gli enti che gestiscono i Servizi Pubblici Locali. Morese \u00e8 stato inoltre Consigliere del Consiglio Nazionale dell'Economia e del Lavoro (CNEL) nella IV Consiliatura, e nel 2005 \u00e8 stato nominato presidente della Commissione per le grandi opere e le reti infrastrutturali, per le politiche energetiche e i servizi di rete. Dal 1996 al 2009 \u00e8 stato Presidente di Intersos, la pi\u00f9 grande ONG italiana per l\u2019intervento umanitario nelle situazioni di guerra, di calamit\u00e0 naturali, di epidemie. Ha inoltre collaborato con numerosi quotidiani e settimanali, quali Sette giorni, Mondo Operaio, Il Popolo, Il Nuovo e L\u2019Europa, ed \u00e8 autore di diverse pubblicazioni sul mondo del lavoro, come Lavorare meno, lavorare tutti, Le Frontiere della partecipazione, Contare fino a uno e Ridistribuire il lavoro. Attualmente \u00e8 Segretario Generale di \"Nuovi Lavori\" (NL) e Presidente del think tank Koin\u00e8.","url":"https:\/\/nuovi-lavori.it\/index.php\/author\/raffaele-morese\/"}]}},"_links":{"self":[{"href":"https:\/\/nuovi-lavori.it\/index.php\/wp-json\/wp\/v2\/posts\/20736","targetHints":{"allow":["GET"]}}],"collection":[{"href":"https:\/\/nuovi-lavori.it\/index.php\/wp-json\/wp\/v2\/posts"}],"about":[{"href":"https:\/\/nuovi-lavori.it\/index.php\/wp-json\/wp\/v2\/types\/post"}],"author":[{"embeddable":true,"href":"https:\/\/nuovi-lavori.it\/index.php\/wp-json\/wp\/v2\/users\/6341"}],"replies":[{"embeddable":true,"href":"https:\/\/nuovi-lavori.it\/index.php\/wp-json\/wp\/v2\/comments?post=20736"}],"version-history":[{"count":1,"href":"https:\/\/nuovi-lavori.it\/index.php\/wp-json\/wp\/v2\/posts\/20736\/revisions"}],"predecessor-version":[{"id":20739,"href":"https:\/\/nuovi-lavori.it\/index.php\/wp-json\/wp\/v2\/posts\/20736\/revisions\/20739"}],"wp:featuredmedia":[{"embeddable":true,"href":"https:\/\/nuovi-lavori.it\/index.php\/wp-json\/wp\/v2\/media\/20738"}],"wp:attachment":[{"href":"https:\/\/nuovi-lavori.it\/index.php\/wp-json\/wp\/v2\/media?parent=20736"}],"wp:term":[{"taxonomy":"category","embeddable":true,"href":"https:\/\/nuovi-lavori.it\/index.php\/wp-json\/wp\/v2\/categories?post=20736"},{"taxonomy":"post_tag","embeddable":true,"href":"https:\/\/nuovi-lavori.it\/index.php\/wp-json\/wp\/v2\/tags?post=20736"}],"curies":[{"name":"wp","href":"https:\/\/api.w.org\/{rel}","templated":true}]}}