{"id":20996,"date":"2024-09-24T17:54:13","date_gmt":"2024-09-24T15:54:13","guid":{"rendered":"https:\/\/nuovi-lavori.it\/?p=20996"},"modified":"2024-09-25T10:17:25","modified_gmt":"2024-09-25T08:17:25","slug":"mons-bravo-ci-vuole-trasparenza-e-verita","status":"publish","type":"post","link":"https:\/\/nuovi-lavori.it\/index.php\/mons-bravo-ci-vuole-trasparenza-e-verita\/","title":{"rendered":"Mons. Bravo: \u201cCi vuole trasparenza e verit\u00e0\u201d"},"content":{"rendered":"\n<p>A una domenica vissuta come una \u201cfesta democratica\u201d, ha fatto seguito una settimana di scoraggiamento e paura. \u00c8 accaduto in tutto il Venezuela, ma particolarmente nei quartieri popolari un tempo feudi del chavismo, che oggi voltano le spalle al regime. I tanti, troppi poveri che non sono ancora fuggiti dal Paese, come invece hanno fatto 8 milioni e mezzo di connazionali, assistono alla repressione dei \u201ccolectivos\u201d legati al presidente Nicol\u00e1s Maduro, il quale, dopo essersi rifiutato di rendere disponibili gli atti elettorali delle presidenziali di domenica 28 luglio (tutti gli indizi e varie prove sono concordi nell\u2019affermare che Maduro \u00e8 stato eletto vincitore solo in seguito a una manipolazione dei dati elettorali), prosegue in una doppia azione di intimidazione e di persuasione che \u201ctutto \u00e8 tornato alla normalit\u00e0\u201d.<\/p>\n\n\n\n<p>\u201cGli attacchi ai leader di base e ai coordinatori delle sezioni elettorali stanno passando ogni limite. Proseguono i raid dei \u2018colectivos\u2019, le sparizioni e le detenzioni arbitrarie\u201d, confida al Sir una voce anonima, la quale aggiunge che in questi gruppi sono presenti anche stranieri, verosimilmente cubani. Voci, in qualche modo, confermate dai numeri che vengono forniti dall\u2019ong Covavic, che in un primo rapporto sulle violazioni dei diritti umani commesse a partire da domenica scorsa, denunciano pi\u00f9 di 1.200 arresti, 14 esecuzioni extragiudiziali, 168 detenzioni arbitrarie e 16 sparizioni forzate.&nbsp;<\/p>\n\n\n\n<p>Tutte situazioni che vengono vissute in modo particolarmente acuto in quello che \u00e8 considerato il luogo pi\u00f9 povero del Venezuela, almeno a livello urbano, e una delle pi\u00f9 grandi \u201cbidonville\u201d del Sudamerica, se non la pi\u00f9 grande: Petare, citt\u00e0 satellite di Caracas. Questa porzione dell\u2019hinterland della capitale \u00e8 stata costituita come diocesi da un paio d\u2019anni e ne \u00e8 vescovo mons. Juan Carlos Bravo che, intervistato del Sir, racconta come si stano vivendo questi giorni drammatici in un luogo cos\u00ec particolare.&nbsp;<\/p>\n\n\n\n<p>Un colloquio interessante, perch\u00e9 ci rivela i sentimenti attuali delle classi popolari, dopo le contestate elezioni, ma anche perch\u00e9 proprio a Petare il vescovo sta cercando di coinvolgere il maggior numero di persone possibile, in un esercizio di sinodalit\u00e0 che \u00e8 incentrato proprio sull\u2019attualit\u00e0. Tra i poveri di Petare una grande speranza frustrata. \u201c\u00c8 vero \u2013 conferma mons. Bravo &#8211; il nostro \u00e8 un territorio molto piccolo, di 177 chilometri quadrati, con una popolazione ufficiale di 1 milione e 200mila abitanti, ma in realt\u00e0 sono probabilmente due milioni coloro che vivono qui. Una densit\u00e0 di oltre un abitante al metro quadrato, tra le maggiori al mondo. Fin dalla mia nomina, ho sperimentato una vicinanza fraterna alle persone di questi quartieri popolari, dove si vivono quattro problemi fondamentali: la scuola, con una mancanza molto forte di insegnanti e lezioni che si tengono solo due volte alla settimana; la mancanza di strutture sanitarie; la fortissima carenza di servizi essenziali, a partire da acqua e luce; l\u2019insicurezza rispetto alla propria esistenza, non solo per la criminalit\u00e0, ma proprio per questa mancanza di ci\u00f2 che \u00e8 necessario per vivere. Il popolo soffre e vive in un clima di grande scontentezza. Le elezioni avevano portato una speranza impressionante, tutti qui speravano in un cambiamento. E, gi\u00e0 luned\u00ec, sono iniziati spontaneamente i \u2018cacerolazos\u2019, con pi\u00f9 di un milione in piazza in tutta la capitale. Anche a Petare ci sono state proteste, per fortuna qui non abbiamo avuto vittime\u201d.&nbsp;<\/p>\n\n\n\n<p>Ma anche qui non sono mancati momenti di repressione e minacce, anche con la presenza di persone straniere. In quartieri dove il 90% della popolazione vive in povert\u00e0, la grande maggioranza ha voltato le spalle a Maduro, e allo stesso chavismo. Racconta il vescovo: \u201cIn queste zone, venticinque anni fa, Hugo Ch\u00e1vez aveva un grande consenso. Va detto che, per molti, Ch\u00e1vez ha rappresentato una grande speranza, per una vita pi\u00f9 giusta e umana, per un popolo protagonista. Oggi la frustrazione \u00e8 grande, come vivere e recuperare la speranza \u00e8 qualcosa di molto complicato.<\/p>\n\n\n\n<p>Difficile uscire da questa situazione senza trasparenza e verit\u00e0, il che significa, in concreto, mostrare tutti gli atti elettorali, come ha chiesto anche la Conferenza episcopale\u201d. Ascolto sinodale sui fatti di questi giorni. Il vescovo, che lo scorso anno ha partecipato in Vaticano al Sinodo, ha ritenuto che, in questo difficile contesto, fosse suo compito aprire spazi di ascolto e discussione su quanto si sta vivendo, con uno stile sinodale. Gi\u00e0 il marted\u00ec successivo alle elezioni, ha convocato prima un incontro in modalit\u00e0 virtuale con i sacerdoti, poi le consultazioni si sono allagate a religiose e religiosi e ai laici. \u201cMai come in questo momento, noi cristiani siamo chiamati a essere luce, a testimoniare il Regno di Dio, caratterizzato da giustizia e amore \u2013 spiega mons. Bravo -. In quest\u2019ottica, ci stiamo raccomandando in tutti i modi che non sia dato spazio a sentimenti di vendetta, ad azioni violente. Abbiamo anticipato l\u2019orario delle messe domenicali, che sono solo di mattina, anche per evitare che possano sovrapporsi ad altre situazioni\u201d.&nbsp;<\/p>\n\n\n\n<p>Molte di queste considerazioni sono il frutto dell\u2019ascolto e della consultazione di questi giorni, rispetto alla quale \u00e8 stato sempre redatto un attento resoconto. Da sacerdoti e laici sono arrivate considerazioni e proposte che mettono in luce la necessit\u00e0 che le comunit\u00e0 parrocchiali restino luoghi aperti e tutti, in cui si testimoniano la speranza, la riconciliazione e la pace, luoghi di incontro, fiducia, ascolto e fede. Perci\u00f2, \u00e8 stato lanciato un appello a continuare ad accompagnare efficacemente le comunit\u00e0 e a mantenere la speranza in mezzo alle difficolt\u00e0.&nbsp;<\/p>\n\n\n\n<p>Tra le proposte concrete, quelle di offrire informazioni alla popolazione su come comportarsi nel caso di detenzioni arbitrarie, di allestire spazi di supporto psicologico, di incoraggiare i laici, soprattutto i giovani, a organizzare e partecipare ad azioni pacifiche di continuare ad accompagnare la comunit\u00e0, soprattutto nei momenti di paura e di ansia, e di promuovere la riconciliazione e la fraternit\u00e0, anche attraverso specifici gesti durante le celebrazioni. Confida mons. Bravo: \u201cIl mio sogno \u00e8 che succeda come quando si gioca a carte in famiglia. Ognuno le tiene nascoste, ci possono essere momenti di tensione, ma poi, alla fine, tutte le carte vengono messe sul tavolo. \u00c8 quello che dovrebbe accadere per i risultati elettorali\u201d. Purtroppo, al momento, la realt\u00e0 \u00e8 un\u2019altra, la gente \u00e8 scoraggiata, si teme un\u2019ulteriore ondata migratoria, torna a scarseggiare il cibo. \u201cMa il nostro compito \u2013 conclude \u2013 \u00e8 quello di agire in modo evangelico, con lo stile di Ges\u00f9\u201d.<\/p>\n\n\n\n<p>*giornalista de &#8220;La vita del popolo&#8221;<\/p>\n","protected":false},"excerpt":{"rendered":"<p>A una domenica vissuta come una \u201cfesta democratica\u201d, ha fatto seguito una settimana di scoraggiamento e paura. \u00c8 accaduto in tutto il Venezuela, ma particolarmente nei quartieri popolari un tempo feudi del chavismo, che oggi voltano le spalle al regime.<\/p>\n","protected":false},"author":6507,"featured_media":21020,"comment_status":"closed","ping_status":"open","sticky":false,"template":"","format":"standard","meta":{"footnotes":""},"categories":[9],"tags":[],"class_list":["post-20996","post","type-post","status-publish","format-standard","has-post-thumbnail","hentry","category-newsletter"],"yoast_head":"<!-- This site is optimized with the Yoast SEO plugin v27.5 - https:\/\/yoast.com\/product\/yoast-seo-wordpress\/ -->\n<title>Mons. Bravo: \u201cCi vuole trasparenza e verit\u00e0\u201d - Nuovi Lavori<\/title>\n<meta name=\"robots\" content=\"index, follow, max-snippet:-1, max-image-preview:large, max-video-preview:-1\" \/>\n<link rel=\"canonical\" href=\"https:\/\/nuovi-lavori.it\/index.php\/mons-bravo-ci-vuole-trasparenza-e-verita\/\" \/>\n<meta property=\"og:locale\" content=\"it_IT\" \/>\n<meta property=\"og:type\" content=\"article\" \/>\n<meta property=\"og:title\" content=\"Mons. Bravo: \u201cCi vuole trasparenza e verit\u00e0\u201d - Nuovi Lavori\" \/>\n<meta property=\"og:description\" content=\"A una domenica vissuta come una \u201cfesta democratica\u201d, ha fatto seguito una settimana di scoraggiamento e paura. \u00c8 accaduto in tutto il Venezuela, ma particolarmente nei quartieri popolari un tempo feudi del chavismo, che oggi voltano le spalle al regime.\" \/>\n<meta property=\"og:url\" content=\"https:\/\/nuovi-lavori.it\/index.php\/mons-bravo-ci-vuole-trasparenza-e-verita\/\" \/>\n<meta property=\"og:site_name\" content=\"Nuovi Lavori\" \/>\n<meta property=\"article:published_time\" content=\"2024-09-24T15:54:13+00:00\" \/>\n<meta property=\"article:modified_time\" content=\"2024-09-25T08:17:25+00:00\" \/>\n<meta property=\"og:image\" content=\"https:\/\/nuovi-lavori.it\/wp-content\/uploads\/2024\/09\/PERFIL-Juan-Carlos-Bravo-el-monsenor-que-tomara-posesion.jpg\" \/>\n\t<meta property=\"og:image:width\" content=\"523\" \/>\n\t<meta property=\"og:image:height\" content=\"322\" \/>\n\t<meta property=\"og:image:type\" content=\"image\/jpeg\" \/>\n<meta name=\"author\" content=\"Bruno Desidera*\" \/>\n<meta name=\"twitter:card\" content=\"summary_large_image\" \/>\n<meta name=\"twitter:label1\" content=\"Scritto da\" \/>\n\t<meta name=\"twitter:data1\" content=\"Bruno Desidera*\" \/>\n\t<meta name=\"twitter:label2\" content=\"Tempo di lettura stimato\" \/>\n\t<meta name=\"twitter:data2\" content=\"6 minuti\" \/>\n<script type=\"application\/ld+json\" class=\"yoast-schema-graph\">{\"@context\":\"https:\\\/\\\/schema.org\",\"@graph\":[{\"@type\":\"Article\",\"@id\":\"https:\\\/\\\/nuovi-lavori.it\\\/index.php\\\/mons-bravo-ci-vuole-trasparenza-e-verita\\\/#article\",\"isPartOf\":{\"@id\":\"https:\\\/\\\/nuovi-lavori.it\\\/index.php\\\/mons-bravo-ci-vuole-trasparenza-e-verita\\\/\"},\"author\":{\"name\":\"Bruno Desidera*\",\"@id\":\"https:\\\/\\\/nuovi-lavori.it\\\/#\\\/schema\\\/person\\\/128bd81e1d4c1ea4305069af310b4351\"},\"headline\":\"Mons. Bravo: \u201cCi vuole trasparenza e verit\u00e0\u201d\",\"datePublished\":\"2024-09-24T15:54:13+00:00\",\"dateModified\":\"2024-09-25T08:17:25+00:00\",\"mainEntityOfPage\":{\"@id\":\"https:\\\/\\\/nuovi-lavori.it\\\/index.php\\\/mons-bravo-ci-vuole-trasparenza-e-verita\\\/\"},\"wordCount\":1045,\"publisher\":{\"@id\":\"https:\\\/\\\/nuovi-lavori.it\\\/#organization\"},\"image\":{\"@id\":\"https:\\\/\\\/nuovi-lavori.it\\\/index.php\\\/mons-bravo-ci-vuole-trasparenza-e-verita\\\/#primaryimage\"},\"thumbnailUrl\":\"https:\\\/\\\/nuovi-lavori.it\\\/wp-content\\\/uploads\\\/2024\\\/09\\\/PERFIL-Juan-Carlos-Bravo-el-monsenor-que-tomara-posesion.jpg\",\"articleSection\":[\"Newsletter\"],\"inLanguage\":\"it-IT\"},{\"@type\":\"WebPage\",\"@id\":\"https:\\\/\\\/nuovi-lavori.it\\\/index.php\\\/mons-bravo-ci-vuole-trasparenza-e-verita\\\/\",\"url\":\"https:\\\/\\\/nuovi-lavori.it\\\/index.php\\\/mons-bravo-ci-vuole-trasparenza-e-verita\\\/\",\"name\":\"Mons. Bravo: \u201cCi vuole trasparenza e verit\u00e0\u201d - Nuovi Lavori\",\"isPartOf\":{\"@id\":\"https:\\\/\\\/nuovi-lavori.it\\\/#website\"},\"primaryImageOfPage\":{\"@id\":\"https:\\\/\\\/nuovi-lavori.it\\\/index.php\\\/mons-bravo-ci-vuole-trasparenza-e-verita\\\/#primaryimage\"},\"image\":{\"@id\":\"https:\\\/\\\/nuovi-lavori.it\\\/index.php\\\/mons-bravo-ci-vuole-trasparenza-e-verita\\\/#primaryimage\"},\"thumbnailUrl\":\"https:\\\/\\\/nuovi-lavori.it\\\/wp-content\\\/uploads\\\/2024\\\/09\\\/PERFIL-Juan-Carlos-Bravo-el-monsenor-que-tomara-posesion.jpg\",\"datePublished\":\"2024-09-24T15:54:13+00:00\",\"dateModified\":\"2024-09-25T08:17:25+00:00\",\"breadcrumb\":{\"@id\":\"https:\\\/\\\/nuovi-lavori.it\\\/index.php\\\/mons-bravo-ci-vuole-trasparenza-e-verita\\\/#breadcrumb\"},\"inLanguage\":\"it-IT\",\"potentialAction\":[{\"@type\":\"ReadAction\",\"target\":[\"https:\\\/\\\/nuovi-lavori.it\\\/index.php\\\/mons-bravo-ci-vuole-trasparenza-e-verita\\\/\"]}]},{\"@type\":\"ImageObject\",\"inLanguage\":\"it-IT\",\"@id\":\"https:\\\/\\\/nuovi-lavori.it\\\/index.php\\\/mons-bravo-ci-vuole-trasparenza-e-verita\\\/#primaryimage\",\"url\":\"https:\\\/\\\/nuovi-lavori.it\\\/wp-content\\\/uploads\\\/2024\\\/09\\\/PERFIL-Juan-Carlos-Bravo-el-monsenor-que-tomara-posesion.jpg\",\"contentUrl\":\"https:\\\/\\\/nuovi-lavori.it\\\/wp-content\\\/uploads\\\/2024\\\/09\\\/PERFIL-Juan-Carlos-Bravo-el-monsenor-que-tomara-posesion.jpg\",\"width\":523,\"height\":322},{\"@type\":\"BreadcrumbList\",\"@id\":\"https:\\\/\\\/nuovi-lavori.it\\\/index.php\\\/mons-bravo-ci-vuole-trasparenza-e-verita\\\/#breadcrumb\",\"itemListElement\":[{\"@type\":\"ListItem\",\"position\":1,\"name\":\"Home\",\"item\":\"https:\\\/\\\/nuovi-lavori.it\\\/\"},{\"@type\":\"ListItem\",\"position\":2,\"name\":\"Newsletter\",\"item\":\"https:\\\/\\\/nuovi-lavori.it\\\/index.php\\\/category\\\/newsletter\\\/\"},{\"@type\":\"ListItem\",\"position\":3,\"name\":\"Mons. Bravo: \u201cCi vuole trasparenza e verit\u00e0\u201d\"}]},{\"@type\":\"WebSite\",\"@id\":\"https:\\\/\\\/nuovi-lavori.it\\\/#website\",\"url\":\"https:\\\/\\\/nuovi-lavori.it\\\/\",\"name\":\"Nuovi Lavori\",\"description\":\"\",\"publisher\":{\"@id\":\"https:\\\/\\\/nuovi-lavori.it\\\/#organization\"},\"potentialAction\":[{\"@type\":\"SearchAction\",\"target\":{\"@type\":\"EntryPoint\",\"urlTemplate\":\"https:\\\/\\\/nuovi-lavori.it\\\/?s={search_term_string}\"},\"query-input\":{\"@type\":\"PropertyValueSpecification\",\"valueRequired\":true,\"valueName\":\"search_term_string\"}}],\"inLanguage\":\"it-IT\"},{\"@type\":\"Organization\",\"@id\":\"https:\\\/\\\/nuovi-lavori.it\\\/#organization\",\"name\":\"Nuovi Lavori\",\"url\":\"https:\\\/\\\/nuovi-lavori.it\\\/\",\"logo\":{\"@type\":\"ImageObject\",\"inLanguage\":\"it-IT\",\"@id\":\"https:\\\/\\\/nuovi-lavori.it\\\/#\\\/schema\\\/logo\\\/image\\\/\",\"url\":\"http:\\\/\\\/5.249.146.118\\\/wp-content\\\/uploads\\\/2013\\\/11\\\/images_logonl.jpg\",\"contentUrl\":\"http:\\\/\\\/5.249.146.118\\\/wp-content\\\/uploads\\\/2013\\\/11\\\/images_logonl.jpg\",\"width\":400,\"height\":327,\"caption\":\"Nuovi Lavori\"},\"image\":{\"@id\":\"https:\\\/\\\/nuovi-lavori.it\\\/#\\\/schema\\\/logo\\\/image\\\/\"},\"sameAs\":[\"https:\\\/\\\/www.youtube.com\\\/user\\\/newsletteranl\"]},{\"@type\":\"Person\",\"@id\":\"https:\\\/\\\/nuovi-lavori.it\\\/#\\\/schema\\\/person\\\/128bd81e1d4c1ea4305069af310b4351\",\"name\":\"Bruno Desidera*\",\"image\":{\"@type\":\"ImageObject\",\"inLanguage\":\"it-IT\",\"@id\":\"https:\\\/\\\/secure.gravatar.com\\\/avatar\\\/1ccd9949c5b911e17e84af570912d7c3389f43947c3d3ac2da1d650dc995d0a1?s=96&d=mm&r=g\",\"url\":\"https:\\\/\\\/secure.gravatar.com\\\/avatar\\\/1ccd9949c5b911e17e84af570912d7c3389f43947c3d3ac2da1d650dc995d0a1?s=96&d=mm&r=g\",\"contentUrl\":\"https:\\\/\\\/secure.gravatar.com\\\/avatar\\\/1ccd9949c5b911e17e84af570912d7c3389f43947c3d3ac2da1d650dc995d0a1?s=96&d=mm&r=g\",\"caption\":\"Bruno Desidera*\"},\"url\":\"https:\\\/\\\/nuovi-lavori.it\\\/index.php\\\/author\\\/bruno-desidera\\\/\"}]}<\/script>\n<!-- \/ Yoast SEO plugin. -->","yoast_head_json":{"title":"Mons. Bravo: \u201cCi vuole trasparenza e verit\u00e0\u201d - Nuovi Lavori","robots":{"index":"index","follow":"follow","max-snippet":"max-snippet:-1","max-image-preview":"max-image-preview:large","max-video-preview":"max-video-preview:-1"},"canonical":"https:\/\/nuovi-lavori.it\/index.php\/mons-bravo-ci-vuole-trasparenza-e-verita\/","og_locale":"it_IT","og_type":"article","og_title":"Mons. Bravo: \u201cCi vuole trasparenza e verit\u00e0\u201d - Nuovi Lavori","og_description":"A una domenica vissuta come una \u201cfesta democratica\u201d, ha fatto seguito una settimana di scoraggiamento e paura. \u00c8 accaduto in tutto il Venezuela, ma particolarmente nei quartieri popolari un tempo feudi del chavismo, che oggi voltano le spalle al regime.","og_url":"https:\/\/nuovi-lavori.it\/index.php\/mons-bravo-ci-vuole-trasparenza-e-verita\/","og_site_name":"Nuovi Lavori","article_published_time":"2024-09-24T15:54:13+00:00","article_modified_time":"2024-09-25T08:17:25+00:00","og_image":[{"width":523,"height":322,"url":"https:\/\/nuovi-lavori.it\/wp-content\/uploads\/2024\/09\/PERFIL-Juan-Carlos-Bravo-el-monsenor-que-tomara-posesion.jpg","type":"image\/jpeg"}],"author":"Bruno Desidera*","twitter_card":"summary_large_image","twitter_misc":{"Scritto da":"Bruno Desidera*","Tempo di lettura stimato":"6 minuti"},"schema":{"@context":"https:\/\/schema.org","@graph":[{"@type":"Article","@id":"https:\/\/nuovi-lavori.it\/index.php\/mons-bravo-ci-vuole-trasparenza-e-verita\/#article","isPartOf":{"@id":"https:\/\/nuovi-lavori.it\/index.php\/mons-bravo-ci-vuole-trasparenza-e-verita\/"},"author":{"name":"Bruno Desidera*","@id":"https:\/\/nuovi-lavori.it\/#\/schema\/person\/128bd81e1d4c1ea4305069af310b4351"},"headline":"Mons. Bravo: \u201cCi vuole trasparenza e verit\u00e0\u201d","datePublished":"2024-09-24T15:54:13+00:00","dateModified":"2024-09-25T08:17:25+00:00","mainEntityOfPage":{"@id":"https:\/\/nuovi-lavori.it\/index.php\/mons-bravo-ci-vuole-trasparenza-e-verita\/"},"wordCount":1045,"publisher":{"@id":"https:\/\/nuovi-lavori.it\/#organization"},"image":{"@id":"https:\/\/nuovi-lavori.it\/index.php\/mons-bravo-ci-vuole-trasparenza-e-verita\/#primaryimage"},"thumbnailUrl":"https:\/\/nuovi-lavori.it\/wp-content\/uploads\/2024\/09\/PERFIL-Juan-Carlos-Bravo-el-monsenor-que-tomara-posesion.jpg","articleSection":["Newsletter"],"inLanguage":"it-IT"},{"@type":"WebPage","@id":"https:\/\/nuovi-lavori.it\/index.php\/mons-bravo-ci-vuole-trasparenza-e-verita\/","url":"https:\/\/nuovi-lavori.it\/index.php\/mons-bravo-ci-vuole-trasparenza-e-verita\/","name":"Mons. Bravo: \u201cCi vuole trasparenza e verit\u00e0\u201d - Nuovi Lavori","isPartOf":{"@id":"https:\/\/nuovi-lavori.it\/#website"},"primaryImageOfPage":{"@id":"https:\/\/nuovi-lavori.it\/index.php\/mons-bravo-ci-vuole-trasparenza-e-verita\/#primaryimage"},"image":{"@id":"https:\/\/nuovi-lavori.it\/index.php\/mons-bravo-ci-vuole-trasparenza-e-verita\/#primaryimage"},"thumbnailUrl":"https:\/\/nuovi-lavori.it\/wp-content\/uploads\/2024\/09\/PERFIL-Juan-Carlos-Bravo-el-monsenor-que-tomara-posesion.jpg","datePublished":"2024-09-24T15:54:13+00:00","dateModified":"2024-09-25T08:17:25+00:00","breadcrumb":{"@id":"https:\/\/nuovi-lavori.it\/index.php\/mons-bravo-ci-vuole-trasparenza-e-verita\/#breadcrumb"},"inLanguage":"it-IT","potentialAction":[{"@type":"ReadAction","target":["https:\/\/nuovi-lavori.it\/index.php\/mons-bravo-ci-vuole-trasparenza-e-verita\/"]}]},{"@type":"ImageObject","inLanguage":"it-IT","@id":"https:\/\/nuovi-lavori.it\/index.php\/mons-bravo-ci-vuole-trasparenza-e-verita\/#primaryimage","url":"https:\/\/nuovi-lavori.it\/wp-content\/uploads\/2024\/09\/PERFIL-Juan-Carlos-Bravo-el-monsenor-que-tomara-posesion.jpg","contentUrl":"https:\/\/nuovi-lavori.it\/wp-content\/uploads\/2024\/09\/PERFIL-Juan-Carlos-Bravo-el-monsenor-que-tomara-posesion.jpg","width":523,"height":322},{"@type":"BreadcrumbList","@id":"https:\/\/nuovi-lavori.it\/index.php\/mons-bravo-ci-vuole-trasparenza-e-verita\/#breadcrumb","itemListElement":[{"@type":"ListItem","position":1,"name":"Home","item":"https:\/\/nuovi-lavori.it\/"},{"@type":"ListItem","position":2,"name":"Newsletter","item":"https:\/\/nuovi-lavori.it\/index.php\/category\/newsletter\/"},{"@type":"ListItem","position":3,"name":"Mons. Bravo: \u201cCi vuole trasparenza e verit\u00e0\u201d"}]},{"@type":"WebSite","@id":"https:\/\/nuovi-lavori.it\/#website","url":"https:\/\/nuovi-lavori.it\/","name":"Nuovi Lavori","description":"","publisher":{"@id":"https:\/\/nuovi-lavori.it\/#organization"},"potentialAction":[{"@type":"SearchAction","target":{"@type":"EntryPoint","urlTemplate":"https:\/\/nuovi-lavori.it\/?s={search_term_string}"},"query-input":{"@type":"PropertyValueSpecification","valueRequired":true,"valueName":"search_term_string"}}],"inLanguage":"it-IT"},{"@type":"Organization","@id":"https:\/\/nuovi-lavori.it\/#organization","name":"Nuovi Lavori","url":"https:\/\/nuovi-lavori.it\/","logo":{"@type":"ImageObject","inLanguage":"it-IT","@id":"https:\/\/nuovi-lavori.it\/#\/schema\/logo\/image\/","url":"http:\/\/5.249.146.118\/wp-content\/uploads\/2013\/11\/images_logonl.jpg","contentUrl":"http:\/\/5.249.146.118\/wp-content\/uploads\/2013\/11\/images_logonl.jpg","width":400,"height":327,"caption":"Nuovi Lavori"},"image":{"@id":"https:\/\/nuovi-lavori.it\/#\/schema\/logo\/image\/"},"sameAs":["https:\/\/www.youtube.com\/user\/newsletteranl"]},{"@type":"Person","@id":"https:\/\/nuovi-lavori.it\/#\/schema\/person\/128bd81e1d4c1ea4305069af310b4351","name":"Bruno Desidera*","image":{"@type":"ImageObject","inLanguage":"it-IT","@id":"https:\/\/secure.gravatar.com\/avatar\/1ccd9949c5b911e17e84af570912d7c3389f43947c3d3ac2da1d650dc995d0a1?s=96&d=mm&r=g","url":"https:\/\/secure.gravatar.com\/avatar\/1ccd9949c5b911e17e84af570912d7c3389f43947c3d3ac2da1d650dc995d0a1?s=96&d=mm&r=g","contentUrl":"https:\/\/secure.gravatar.com\/avatar\/1ccd9949c5b911e17e84af570912d7c3389f43947c3d3ac2da1d650dc995d0a1?s=96&d=mm&r=g","caption":"Bruno Desidera*"},"url":"https:\/\/nuovi-lavori.it\/index.php\/author\/bruno-desidera\/"}]}},"_links":{"self":[{"href":"https:\/\/nuovi-lavori.it\/index.php\/wp-json\/wp\/v2\/posts\/20996","targetHints":{"allow":["GET"]}}],"collection":[{"href":"https:\/\/nuovi-lavori.it\/index.php\/wp-json\/wp\/v2\/posts"}],"about":[{"href":"https:\/\/nuovi-lavori.it\/index.php\/wp-json\/wp\/v2\/types\/post"}],"author":[{"embeddable":true,"href":"https:\/\/nuovi-lavori.it\/index.php\/wp-json\/wp\/v2\/users\/6507"}],"replies":[{"embeddable":true,"href":"https:\/\/nuovi-lavori.it\/index.php\/wp-json\/wp\/v2\/comments?post=20996"}],"version-history":[{"count":1,"href":"https:\/\/nuovi-lavori.it\/index.php\/wp-json\/wp\/v2\/posts\/20996\/revisions"}],"predecessor-version":[{"id":20997,"href":"https:\/\/nuovi-lavori.it\/index.php\/wp-json\/wp\/v2\/posts\/20996\/revisions\/20997"}],"wp:featuredmedia":[{"embeddable":true,"href":"https:\/\/nuovi-lavori.it\/index.php\/wp-json\/wp\/v2\/media\/21020"}],"wp:attachment":[{"href":"https:\/\/nuovi-lavori.it\/index.php\/wp-json\/wp\/v2\/media?parent=20996"}],"wp:term":[{"taxonomy":"category","embeddable":true,"href":"https:\/\/nuovi-lavori.it\/index.php\/wp-json\/wp\/v2\/categories?post=20996"},{"taxonomy":"post_tag","embeddable":true,"href":"https:\/\/nuovi-lavori.it\/index.php\/wp-json\/wp\/v2\/tags?post=20996"}],"curies":[{"name":"wp","href":"https:\/\/api.w.org\/{rel}","templated":true}]}}