{"id":21184,"date":"2024-11-04T13:13:12","date_gmt":"2024-11-04T12:13:12","guid":{"rendered":"https:\/\/nuovi-lavori.it\/?p=21184"},"modified":"2024-11-05T11:12:07","modified_gmt":"2024-11-05T10:12:07","slug":"gustavo-gutierrez-la-teologia-come-inno-al-dio-della-vita","status":"publish","type":"post","link":"https:\/\/nuovi-lavori.it\/index.php\/gustavo-gutierrez-la-teologia-come-inno-al-dio-della-vita\/","title":{"rendered":"Gustavo Guti\u00e8rrez: la teologia come inno al dio della vita"},"content":{"rendered":"\n<p>Nato a Lima l&#8217;8 giugno 1928, Guti\u00e9rrez studi\u00f2 nella capitale del Per\u00f9 prima medicina all&#8217;Universit\u00e0 San Marcos, poi psichiatria e filosofia presso l&#8217;Universit\u00e0 Cattolica. La lettura degli scritti di Karl Marx lo spinse a far parte del movimento degli studenti cristiani, che protestavano contro le ingiustizie sociali e politiche del suo paese. Per\u00f2 il marxismo non fu mai la sua fonte di ispirazione. Anzi per lui, Gutierrez, la Teologia della Liberazione era contro il marxismo (in quanto, per Marx, il cristianesimo era una oppressione, per Gutierrez era fonte di Liberazione).<\/p>\n\n\n\n<p>Dopo aver studiato teologia in Cile, complet\u00f2 gli studi di filosofia e psicologia all&#8217;Universit\u00e0 Cattolica di Lovanio e di teologia a Lione.&nbsp;<\/p>\n\n\n\n<p>Fu ordinato sacerdote nel 1959. &nbsp;Ritornato in patria, divenne parroco a Lima, insegnante nel&nbsp;Dipartimento di Teologia e Scienze sociali presso l&#8217;Universit\u00e0&nbsp;Cattolica e cappellano dell&#8217;Unione nazionale degli studenti cattolici. &nbsp; Sensibile alla situazione dei poveri, Guti\u00e9rrez inizi\u00f2 a elaborare una teologia che potesse dare una speranza di redenzione ai popoli latino-americani oppressi dalla povert\u00e0, dall&#8217;ingiustizia, dalla disuguaglianza sociale.&nbsp;<\/p>\n\n\n\n<p>A Medell\u00edn, nel 1968, durante la seconda Conferenza generale dell&#8217;episcopato latino-americano, si fece portavoce della &#8221;scelta preferenziale dei poveri&#8221;. Nello stesso anno pubblic\u00f2 le sue riflessioni nel saggio &#8220;La pastoral de la Iglesia en &nbsp;Am\u00e9rica Latina&#8221;, e nel 1969 un opuscolo che prelude gi\u00e0 alla sua opera maggiore, &#8220;Hacia una teolog\u00eda de la liberaci\u00f3n\u201d.<\/p>\n\n\n\n<p>Nel 1979, pur essendo consultore di alcuni vescovi latino-americani, non partecip\u00f2 alla terza Conferenza generale dell&#8217;episcopato latino-americano a Puebla. In quello stesso anno pubblic\u00f2 &#8220;La forza&nbsp;storica dei poveri&#8221;, che sottolinea l&#8217;irruzione del povero come protagonista della storia.<\/p>\n\n\n\n<p>Questo \u00e8 colui che fa parte dei \u201cpopoli dominati\u201d, delle \u201cclassi sociali sfruttate\u201d, degli \u201cassenti della storia\u201d, dei \u201ccondannati della terra\u201d, delle \u201crazze disprezzate\u201d, delle \u201cdonne doppiamente discriminate\u201d, delle \u201cculture emarginate\u201d.&nbsp; Insomma \u201ci poveri cristi flagellati dell\u2019America Latina\u201d (riprendendo, cos\u00ec, un concetto del grande missionario domenicano Bartolom\u00e9 de Las Casas cui Gutierrez dedicher\u00e0 una grande opera).<\/p>\n\n\n\n<p>La sua teologia parte, quindi, dal \u201crovescio della storia\u201d e ispira cos\u00ec una prassi di Liberazione.<\/p>\n\n\n\n<p>Il Dio della vita, il titolo di un\u2019altra sua opera, \u00e8 un Dio di Liberazione.&nbsp;<\/p>\n\n\n\n<p>Per cui, come scrive il teologo brasiliano Joao Batista Libanio, \u201cIl destino di questa teologia \u00e8 visceralmente coinvolto con il destino dei poveri\u201d.<\/p>\n\n\n\n<p>Guti\u00e9rrez, poi, \u00e8 stato quello che pi\u00f9 ha approfondito la spiritualit\u00e0 della liberazione, come dimostrano le opere &#8220;Bere al proprio pozzo&#8221; (Queriniana, 1984) e &#8220;Parlare di Dio a partire dalla sofferenza dell&#8217;innocente&#8221; (Queriniana, 1986).&nbsp;<\/p>\n\n\n\n<p>Quest\u2019ultima \u00e8 una intensa riflessione sul libro di Giobbe. Proprio la ricerca del linguaggio giusto di parlare su Dio, contro ogni \u201cconsolazione stucchevole\u201d porta Gutierrez ad affermare: che solo sapendo compromettersi con i poveri, quelli che sono i veri Giobbe della Terra, si potr\u00e0 parlare loro di speranza.<\/p>\n\n\n\n<p>Per il teologo domenicano la liberazione non \u00e8 solo d&#8217;indole socio-economica, ma anche spirituale, per lui, infatti, c&#8217;\u00e8 grande armonia e reciprocit\u00e0 tra spiritualit\u00e0 e azione. &nbsp; &nbsp;<\/p>\n\n\n\n<p>Nel 1985 ricevette a Lione il dottorato in teologia, presentando le sue opere. In occasione del quinto centenario della scoperta e dell&#8217;evangelizzazione dell&#8217;America Latina, Guti\u00e9rrez ha pubblicato&nbsp;&#8220;Alla ricerca dei poveri di Ges\u00f9 Cristo. Il pensiero di Bartolom\u00e9 de Las Casas&#8221; (Queriniana, 1991), in cui traccia un profilo di Bartolom\u00e9&nbsp;de Las Casas, in quanto difensore, nel XVI secolo, dei diritti degli indios nei confronti dei conquistatori.&nbsp;<\/p>\n\n\n\n<p>Guti\u00e9rrez, che ha fondato e diretto il Centro studi dell&#8217;Istituto Bartolom\u00e9 de Las Casas di Lima, vedeva nel pensiero di Las Casas, come accennato poco sopra, l&#8217;affermazione di una teologia come opzione dei poveri e degli oppressi, quasi profezia di quella che poi \u00e8 stata la sua teologia della liberazione.<\/p>\n\n\n\n<p>Guti\u00e9rrez \u00e8 stato professore emerito dell\u2019Universit\u00e0 cattolica del Per\u00f9 e dell\u2019Universit\u00e0 di Notre Dame, nell\u2019Indiana (USA), ma ha tenuto corsi anche presso le universit\u00e0 del Michigan, di Cambridge, di Montr\u00e9al, di Harvard, di S\u00e3o Paulo, di Berkeley, di Layon, l\u2019Universidad Pontificia Comillas, la Sophia University di Tokyo.<\/p>\n\n\n\n<p>Insomma la sua \u00e8 stata una vita di un intellettuale \u201ccompromesso\u201d con il destino dei poveri dell\u2019AMERICA LATINA. PER DARE TESTIMONIANZA AL DIO DELLA VITA.<\/p>\n\n\n\n<p>Di seguito il link per leggere l\u2019omelia del Cardinale di Lima, Carlos Castillo, al funerale di Gustavo Guti\u00e9rrez. Il Cardinale \u00e8 stato amico e allievo del grande teologo domenicano.<\/p>\n\n\n\n<p><a href=\"https:\/\/www.landino.it\/blog\/ricordando-gustavo-gutierrez-omelia-di-se-carlos-gustavo-castillo\">https:\/\/www.landino.it\/blog\/ricordando-gustavo-gutierrez-omelia-di-se-carlos-gustavo-castillo<\/a><\/p>\n","protected":false},"excerpt":{"rendered":"<p>Nato a Lima l&#8217;8 giugno 1928, Guti\u00e9rrez studi\u00f2 nella capitale del Per\u00f9 prima medicina all&#8217;Universit\u00e0 San Marcos, poi psichiatria e filosofia presso l&#8217;Universit\u00e0 Cattolica. <\/p>\n","protected":false},"author":6358,"featured_media":21185,"comment_status":"closed","ping_status":"closed","sticky":false,"template":"","format":"standard","meta":{"footnotes":""},"categories":[9],"tags":[],"class_list":["post-21184","post","type-post","status-publish","format-standard","has-post-thumbnail","hentry","category-newsletter"],"yoast_head":"<!-- This site is optimized with the Yoast SEO plugin v27.4 - https:\/\/yoast.com\/product\/yoast-seo-wordpress\/ -->\n<title>Gustavo Guti\u00e8rrez: la teologia come inno al dio della vita - Nuovi Lavori<\/title>\n<meta name=\"robots\" content=\"index, follow, max-snippet:-1, max-image-preview:large, max-video-preview:-1\" \/>\n<link rel=\"canonical\" href=\"https:\/\/nuovi-lavori.it\/index.php\/gustavo-gutierrez-la-teologia-come-inno-al-dio-della-vita\/\" \/>\n<meta property=\"og:locale\" content=\"it_IT\" \/>\n<meta property=\"og:type\" content=\"article\" \/>\n<meta property=\"og:title\" content=\"Gustavo Guti\u00e8rrez: la teologia come inno al dio della vita - Nuovi Lavori\" \/>\n<meta property=\"og:description\" content=\"Nato a Lima l&#039;8 giugno 1928, Guti\u00e9rrez studi\u00f2 nella capitale del Per\u00f9 prima medicina all&#039;Universit\u00e0 San Marcos, poi psichiatria e filosofia presso l&#039;Universit\u00e0 Cattolica.\" \/>\n<meta property=\"og:url\" content=\"https:\/\/nuovi-lavori.it\/index.php\/gustavo-gutierrez-la-teologia-come-inno-al-dio-della-vita\/\" \/>\n<meta property=\"og:site_name\" content=\"Nuovi Lavori\" \/>\n<meta property=\"article:published_time\" content=\"2024-11-04T12:13:12+00:00\" \/>\n<meta property=\"article:modified_time\" content=\"2024-11-05T10:12:07+00:00\" \/>\n<meta property=\"og:image\" content=\"https:\/\/nuovi-lavori.it\/wp-content\/uploads\/2024\/11\/Gustavo-Gutierrez.jpg\" \/>\n\t<meta property=\"og:image:width\" content=\"678\" \/>\n\t<meta property=\"og:image:height\" content=\"452\" \/>\n\t<meta property=\"og:image:type\" content=\"image\/jpeg\" \/>\n<meta name=\"author\" content=\"Pierluigi Mele\" \/>\n<meta name=\"twitter:card\" content=\"summary_large_image\" \/>\n<meta name=\"twitter:label1\" content=\"Scritto da\" \/>\n\t<meta name=\"twitter:data1\" content=\"Pierluigi Mele\" \/>\n\t<meta name=\"twitter:label2\" content=\"Tempo di lettura stimato\" \/>\n\t<meta name=\"twitter:data2\" content=\"4 minuti\" \/>\n<script type=\"application\/ld+json\" class=\"yoast-schema-graph\">{\"@context\":\"https:\\\/\\\/schema.org\",\"@graph\":[{\"@type\":\"Article\",\"@id\":\"https:\\\/\\\/nuovi-lavori.it\\\/index.php\\\/gustavo-gutierrez-la-teologia-come-inno-al-dio-della-vita\\\/#article\",\"isPartOf\":{\"@id\":\"https:\\\/\\\/nuovi-lavori.it\\\/index.php\\\/gustavo-gutierrez-la-teologia-come-inno-al-dio-della-vita\\\/\"},\"author\":{\"name\":\"Pierluigi Mele\",\"@id\":\"https:\\\/\\\/nuovi-lavori.it\\\/#\\\/schema\\\/person\\\/9eaf2b92e5244284c7b802d840acab22\"},\"headline\":\"Gustavo Guti\u00e8rrez: la teologia come inno al dio della vita\",\"datePublished\":\"2024-11-04T12:13:12+00:00\",\"dateModified\":\"2024-11-05T10:12:07+00:00\",\"mainEntityOfPage\":{\"@id\":\"https:\\\/\\\/nuovi-lavori.it\\\/index.php\\\/gustavo-gutierrez-la-teologia-come-inno-al-dio-della-vita\\\/\"},\"wordCount\":734,\"publisher\":{\"@id\":\"https:\\\/\\\/nuovi-lavori.it\\\/#organization\"},\"image\":{\"@id\":\"https:\\\/\\\/nuovi-lavori.it\\\/index.php\\\/gustavo-gutierrez-la-teologia-come-inno-al-dio-della-vita\\\/#primaryimage\"},\"thumbnailUrl\":\"https:\\\/\\\/nuovi-lavori.it\\\/wp-content\\\/uploads\\\/2024\\\/11\\\/Gustavo-Gutierrez.jpg\",\"articleSection\":[\"Newsletter\"],\"inLanguage\":\"it-IT\"},{\"@type\":\"WebPage\",\"@id\":\"https:\\\/\\\/nuovi-lavori.it\\\/index.php\\\/gustavo-gutierrez-la-teologia-come-inno-al-dio-della-vita\\\/\",\"url\":\"https:\\\/\\\/nuovi-lavori.it\\\/index.php\\\/gustavo-gutierrez-la-teologia-come-inno-al-dio-della-vita\\\/\",\"name\":\"Gustavo Guti\u00e8rrez: la teologia come inno al dio della vita - Nuovi Lavori\",\"isPartOf\":{\"@id\":\"https:\\\/\\\/nuovi-lavori.it\\\/#website\"},\"primaryImageOfPage\":{\"@id\":\"https:\\\/\\\/nuovi-lavori.it\\\/index.php\\\/gustavo-gutierrez-la-teologia-come-inno-al-dio-della-vita\\\/#primaryimage\"},\"image\":{\"@id\":\"https:\\\/\\\/nuovi-lavori.it\\\/index.php\\\/gustavo-gutierrez-la-teologia-come-inno-al-dio-della-vita\\\/#primaryimage\"},\"thumbnailUrl\":\"https:\\\/\\\/nuovi-lavori.it\\\/wp-content\\\/uploads\\\/2024\\\/11\\\/Gustavo-Gutierrez.jpg\",\"datePublished\":\"2024-11-04T12:13:12+00:00\",\"dateModified\":\"2024-11-05T10:12:07+00:00\",\"breadcrumb\":{\"@id\":\"https:\\\/\\\/nuovi-lavori.it\\\/index.php\\\/gustavo-gutierrez-la-teologia-come-inno-al-dio-della-vita\\\/#breadcrumb\"},\"inLanguage\":\"it-IT\",\"potentialAction\":[{\"@type\":\"ReadAction\",\"target\":[\"https:\\\/\\\/nuovi-lavori.it\\\/index.php\\\/gustavo-gutierrez-la-teologia-come-inno-al-dio-della-vita\\\/\"]}]},{\"@type\":\"ImageObject\",\"inLanguage\":\"it-IT\",\"@id\":\"https:\\\/\\\/nuovi-lavori.it\\\/index.php\\\/gustavo-gutierrez-la-teologia-come-inno-al-dio-della-vita\\\/#primaryimage\",\"url\":\"https:\\\/\\\/nuovi-lavori.it\\\/wp-content\\\/uploads\\\/2024\\\/11\\\/Gustavo-Gutierrez.jpg\",\"contentUrl\":\"https:\\\/\\\/nuovi-lavori.it\\\/wp-content\\\/uploads\\\/2024\\\/11\\\/Gustavo-Gutierrez.jpg\",\"width\":678,\"height\":452},{\"@type\":\"BreadcrumbList\",\"@id\":\"https:\\\/\\\/nuovi-lavori.it\\\/index.php\\\/gustavo-gutierrez-la-teologia-come-inno-al-dio-della-vita\\\/#breadcrumb\",\"itemListElement\":[{\"@type\":\"ListItem\",\"position\":1,\"name\":\"Home\",\"item\":\"https:\\\/\\\/nuovi-lavori.it\\\/\"},{\"@type\":\"ListItem\",\"position\":2,\"name\":\"Newsletter\",\"item\":\"https:\\\/\\\/nuovi-lavori.it\\\/index.php\\\/category\\\/newsletter\\\/\"},{\"@type\":\"ListItem\",\"position\":3,\"name\":\"Gustavo Guti\u00e8rrez: la teologia come inno al dio della vita\"}]},{\"@type\":\"WebSite\",\"@id\":\"https:\\\/\\\/nuovi-lavori.it\\\/#website\",\"url\":\"https:\\\/\\\/nuovi-lavori.it\\\/\",\"name\":\"Nuovi Lavori\",\"description\":\"\",\"publisher\":{\"@id\":\"https:\\\/\\\/nuovi-lavori.it\\\/#organization\"},\"potentialAction\":[{\"@type\":\"SearchAction\",\"target\":{\"@type\":\"EntryPoint\",\"urlTemplate\":\"https:\\\/\\\/nuovi-lavori.it\\\/?s={search_term_string}\"},\"query-input\":{\"@type\":\"PropertyValueSpecification\",\"valueRequired\":true,\"valueName\":\"search_term_string\"}}],\"inLanguage\":\"it-IT\"},{\"@type\":\"Organization\",\"@id\":\"https:\\\/\\\/nuovi-lavori.it\\\/#organization\",\"name\":\"Nuovi Lavori\",\"url\":\"https:\\\/\\\/nuovi-lavori.it\\\/\",\"logo\":{\"@type\":\"ImageObject\",\"inLanguage\":\"it-IT\",\"@id\":\"https:\\\/\\\/nuovi-lavori.it\\\/#\\\/schema\\\/logo\\\/image\\\/\",\"url\":\"http:\\\/\\\/5.249.146.118\\\/wp-content\\\/uploads\\\/2013\\\/11\\\/images_logonl.jpg\",\"contentUrl\":\"http:\\\/\\\/5.249.146.118\\\/wp-content\\\/uploads\\\/2013\\\/11\\\/images_logonl.jpg\",\"width\":400,\"height\":327,\"caption\":\"Nuovi Lavori\"},\"image\":{\"@id\":\"https:\\\/\\\/nuovi-lavori.it\\\/#\\\/schema\\\/logo\\\/image\\\/\"},\"sameAs\":[\"https:\\\/\\\/www.youtube.com\\\/user\\\/newsletteranl\"]},{\"@type\":\"Person\",\"@id\":\"https:\\\/\\\/nuovi-lavori.it\\\/#\\\/schema\\\/person\\\/9eaf2b92e5244284c7b802d840acab22\",\"name\":\"Pierluigi Mele\",\"image\":{\"@type\":\"ImageObject\",\"inLanguage\":\"it-IT\",\"@id\":\"https:\\\/\\\/secure.gravatar.com\\\/avatar\\\/d33d7099b67075c1f4465a6f9c2bf3bc484b6c9640b1b30d007517928393ab01?s=96&d=mm&r=g\",\"url\":\"https:\\\/\\\/secure.gravatar.com\\\/avatar\\\/d33d7099b67075c1f4465a6f9c2bf3bc484b6c9640b1b30d007517928393ab01?s=96&d=mm&r=g\",\"contentUrl\":\"https:\\\/\\\/secure.gravatar.com\\\/avatar\\\/d33d7099b67075c1f4465a6f9c2bf3bc484b6c9640b1b30d007517928393ab01?s=96&d=mm&r=g\",\"caption\":\"Pierluigi Mele\"},\"url\":\"https:\\\/\\\/nuovi-lavori.it\\\/index.php\\\/author\\\/pierluigi-mele\\\/\"}]}<\/script>\n<!-- \/ Yoast SEO plugin. -->","yoast_head_json":{"title":"Gustavo Guti\u00e8rrez: la teologia come inno al dio della vita - Nuovi Lavori","robots":{"index":"index","follow":"follow","max-snippet":"max-snippet:-1","max-image-preview":"max-image-preview:large","max-video-preview":"max-video-preview:-1"},"canonical":"https:\/\/nuovi-lavori.it\/index.php\/gustavo-gutierrez-la-teologia-come-inno-al-dio-della-vita\/","og_locale":"it_IT","og_type":"article","og_title":"Gustavo Guti\u00e8rrez: la teologia come inno al dio della vita - Nuovi Lavori","og_description":"Nato a Lima l'8 giugno 1928, Guti\u00e9rrez studi\u00f2 nella capitale del Per\u00f9 prima medicina all'Universit\u00e0 San Marcos, poi psichiatria e filosofia presso l'Universit\u00e0 Cattolica.","og_url":"https:\/\/nuovi-lavori.it\/index.php\/gustavo-gutierrez-la-teologia-come-inno-al-dio-della-vita\/","og_site_name":"Nuovi Lavori","article_published_time":"2024-11-04T12:13:12+00:00","article_modified_time":"2024-11-05T10:12:07+00:00","og_image":[{"width":678,"height":452,"url":"https:\/\/nuovi-lavori.it\/wp-content\/uploads\/2024\/11\/Gustavo-Gutierrez.jpg","type":"image\/jpeg"}],"author":"Pierluigi Mele","twitter_card":"summary_large_image","twitter_misc":{"Scritto da":"Pierluigi Mele","Tempo di lettura stimato":"4 minuti"},"schema":{"@context":"https:\/\/schema.org","@graph":[{"@type":"Article","@id":"https:\/\/nuovi-lavori.it\/index.php\/gustavo-gutierrez-la-teologia-come-inno-al-dio-della-vita\/#article","isPartOf":{"@id":"https:\/\/nuovi-lavori.it\/index.php\/gustavo-gutierrez-la-teologia-come-inno-al-dio-della-vita\/"},"author":{"name":"Pierluigi Mele","@id":"https:\/\/nuovi-lavori.it\/#\/schema\/person\/9eaf2b92e5244284c7b802d840acab22"},"headline":"Gustavo Guti\u00e8rrez: la teologia come inno al dio della vita","datePublished":"2024-11-04T12:13:12+00:00","dateModified":"2024-11-05T10:12:07+00:00","mainEntityOfPage":{"@id":"https:\/\/nuovi-lavori.it\/index.php\/gustavo-gutierrez-la-teologia-come-inno-al-dio-della-vita\/"},"wordCount":734,"publisher":{"@id":"https:\/\/nuovi-lavori.it\/#organization"},"image":{"@id":"https:\/\/nuovi-lavori.it\/index.php\/gustavo-gutierrez-la-teologia-come-inno-al-dio-della-vita\/#primaryimage"},"thumbnailUrl":"https:\/\/nuovi-lavori.it\/wp-content\/uploads\/2024\/11\/Gustavo-Gutierrez.jpg","articleSection":["Newsletter"],"inLanguage":"it-IT"},{"@type":"WebPage","@id":"https:\/\/nuovi-lavori.it\/index.php\/gustavo-gutierrez-la-teologia-come-inno-al-dio-della-vita\/","url":"https:\/\/nuovi-lavori.it\/index.php\/gustavo-gutierrez-la-teologia-come-inno-al-dio-della-vita\/","name":"Gustavo Guti\u00e8rrez: la teologia come inno al dio della vita - Nuovi Lavori","isPartOf":{"@id":"https:\/\/nuovi-lavori.it\/#website"},"primaryImageOfPage":{"@id":"https:\/\/nuovi-lavori.it\/index.php\/gustavo-gutierrez-la-teologia-come-inno-al-dio-della-vita\/#primaryimage"},"image":{"@id":"https:\/\/nuovi-lavori.it\/index.php\/gustavo-gutierrez-la-teologia-come-inno-al-dio-della-vita\/#primaryimage"},"thumbnailUrl":"https:\/\/nuovi-lavori.it\/wp-content\/uploads\/2024\/11\/Gustavo-Gutierrez.jpg","datePublished":"2024-11-04T12:13:12+00:00","dateModified":"2024-11-05T10:12:07+00:00","breadcrumb":{"@id":"https:\/\/nuovi-lavori.it\/index.php\/gustavo-gutierrez-la-teologia-come-inno-al-dio-della-vita\/#breadcrumb"},"inLanguage":"it-IT","potentialAction":[{"@type":"ReadAction","target":["https:\/\/nuovi-lavori.it\/index.php\/gustavo-gutierrez-la-teologia-come-inno-al-dio-della-vita\/"]}]},{"@type":"ImageObject","inLanguage":"it-IT","@id":"https:\/\/nuovi-lavori.it\/index.php\/gustavo-gutierrez-la-teologia-come-inno-al-dio-della-vita\/#primaryimage","url":"https:\/\/nuovi-lavori.it\/wp-content\/uploads\/2024\/11\/Gustavo-Gutierrez.jpg","contentUrl":"https:\/\/nuovi-lavori.it\/wp-content\/uploads\/2024\/11\/Gustavo-Gutierrez.jpg","width":678,"height":452},{"@type":"BreadcrumbList","@id":"https:\/\/nuovi-lavori.it\/index.php\/gustavo-gutierrez-la-teologia-come-inno-al-dio-della-vita\/#breadcrumb","itemListElement":[{"@type":"ListItem","position":1,"name":"Home","item":"https:\/\/nuovi-lavori.it\/"},{"@type":"ListItem","position":2,"name":"Newsletter","item":"https:\/\/nuovi-lavori.it\/index.php\/category\/newsletter\/"},{"@type":"ListItem","position":3,"name":"Gustavo Guti\u00e8rrez: la teologia come inno al dio della vita"}]},{"@type":"WebSite","@id":"https:\/\/nuovi-lavori.it\/#website","url":"https:\/\/nuovi-lavori.it\/","name":"Nuovi Lavori","description":"","publisher":{"@id":"https:\/\/nuovi-lavori.it\/#organization"},"potentialAction":[{"@type":"SearchAction","target":{"@type":"EntryPoint","urlTemplate":"https:\/\/nuovi-lavori.it\/?s={search_term_string}"},"query-input":{"@type":"PropertyValueSpecification","valueRequired":true,"valueName":"search_term_string"}}],"inLanguage":"it-IT"},{"@type":"Organization","@id":"https:\/\/nuovi-lavori.it\/#organization","name":"Nuovi Lavori","url":"https:\/\/nuovi-lavori.it\/","logo":{"@type":"ImageObject","inLanguage":"it-IT","@id":"https:\/\/nuovi-lavori.it\/#\/schema\/logo\/image\/","url":"http:\/\/5.249.146.118\/wp-content\/uploads\/2013\/11\/images_logonl.jpg","contentUrl":"http:\/\/5.249.146.118\/wp-content\/uploads\/2013\/11\/images_logonl.jpg","width":400,"height":327,"caption":"Nuovi Lavori"},"image":{"@id":"https:\/\/nuovi-lavori.it\/#\/schema\/logo\/image\/"},"sameAs":["https:\/\/www.youtube.com\/user\/newsletteranl"]},{"@type":"Person","@id":"https:\/\/nuovi-lavori.it\/#\/schema\/person\/9eaf2b92e5244284c7b802d840acab22","name":"Pierluigi Mele","image":{"@type":"ImageObject","inLanguage":"it-IT","@id":"https:\/\/secure.gravatar.com\/avatar\/d33d7099b67075c1f4465a6f9c2bf3bc484b6c9640b1b30d007517928393ab01?s=96&d=mm&r=g","url":"https:\/\/secure.gravatar.com\/avatar\/d33d7099b67075c1f4465a6f9c2bf3bc484b6c9640b1b30d007517928393ab01?s=96&d=mm&r=g","contentUrl":"https:\/\/secure.gravatar.com\/avatar\/d33d7099b67075c1f4465a6f9c2bf3bc484b6c9640b1b30d007517928393ab01?s=96&d=mm&r=g","caption":"Pierluigi Mele"},"url":"https:\/\/nuovi-lavori.it\/index.php\/author\/pierluigi-mele\/"}]}},"_links":{"self":[{"href":"https:\/\/nuovi-lavori.it\/index.php\/wp-json\/wp\/v2\/posts\/21184","targetHints":{"allow":["GET"]}}],"collection":[{"href":"https:\/\/nuovi-lavori.it\/index.php\/wp-json\/wp\/v2\/posts"}],"about":[{"href":"https:\/\/nuovi-lavori.it\/index.php\/wp-json\/wp\/v2\/types\/post"}],"author":[{"embeddable":true,"href":"https:\/\/nuovi-lavori.it\/index.php\/wp-json\/wp\/v2\/users\/6358"}],"replies":[{"embeddable":true,"href":"https:\/\/nuovi-lavori.it\/index.php\/wp-json\/wp\/v2\/comments?post=21184"}],"version-history":[{"count":2,"href":"https:\/\/nuovi-lavori.it\/index.php\/wp-json\/wp\/v2\/posts\/21184\/revisions"}],"predecessor-version":[{"id":21235,"href":"https:\/\/nuovi-lavori.it\/index.php\/wp-json\/wp\/v2\/posts\/21184\/revisions\/21235"}],"wp:featuredmedia":[{"embeddable":true,"href":"https:\/\/nuovi-lavori.it\/index.php\/wp-json\/wp\/v2\/media\/21185"}],"wp:attachment":[{"href":"https:\/\/nuovi-lavori.it\/index.php\/wp-json\/wp\/v2\/media?parent=21184"}],"wp:term":[{"taxonomy":"category","embeddable":true,"href":"https:\/\/nuovi-lavori.it\/index.php\/wp-json\/wp\/v2\/categories?post=21184"},{"taxonomy":"post_tag","embeddable":true,"href":"https:\/\/nuovi-lavori.it\/index.php\/wp-json\/wp\/v2\/tags?post=21184"}],"curies":[{"name":"wp","href":"https:\/\/api.w.org\/{rel}","templated":true}]}}