{"id":21250,"date":"2024-11-19T10:35:25","date_gmt":"2024-11-19T09:35:25","guid":{"rendered":"https:\/\/nuovi-lavori.it\/?p=21250"},"modified":"2024-11-20T12:41:18","modified_gmt":"2024-11-20T11:41:18","slug":"d-gros-lue-ha-perso-25-anni-sul-tech-inutile-un-campione-paneuropeo","status":"publish","type":"post","link":"https:\/\/nuovi-lavori.it\/index.php\/d-gros-lue-ha-perso-25-anni-sul-tech-inutile-un-campione-paneuropeo\/","title":{"rendered":"D. Gros, \u201cL&#8217;Ue ha perso 25 anni sul tech. Inutile un campione paneuropeo\u201d"},"content":{"rendered":"\n<p>L\u2019industria europea deve cambiare la sua struttura. Macchinari, aerospazio, difesa e software sono i settori chiave. Si deve accelerare e smettere di perdere tempo\u00bb. Daniel Gros, direttore dell Institute for European policymking dell&#8217;Universit\u00e0 Bocconi, analizza la crisi industriale che sta vivendo il Vecchio continente: \u00abBisognava investire di pi\u00f9 in passato ma c&#8217;\u00e8 ancora spazio per competere, specie puntando sulla qualit\u00e0 invece che sulla quantit\u00e0\u00bb.<\/p>\n\n\n\n<p><strong>La manifattura europea, in particolare in Germania, \u00e8 in difficolt\u00e0.<\/strong><\/p>\n\n\n\n<p>\u00abIl punto chiave oggi non \u00e8 la componente energetica. Questo era vero nel 2022 e in buona parte nel 2023, ma oramai siamo tornati a livelli accettabili. Non quelli precrisi, ovviamente. Sono pi\u00f9 alti, ma comunque gestibili. Le imprese gi\u00e0 avevano scontato questa situazione. Non si tratta di un fattore aggiuntivo, quindi\u00bb.<\/p>\n\n\n\n<p><strong>Come mai?<\/strong><\/p>\n\n\n\n<p>\u00abAlcune industrie tradizionali adesso hanno nuova concorrenza globale. E vale anche per gli Usa. Le vere vittime di questa situazione sono le cosiddette \u201cmid-tech\u201d\u00bb.<\/p>\n\n\n\n<p><strong>Cosa fare?<\/strong><\/p>\n\n\n\n<p>\u00abLa struttura industriale europea deve cambiare. Il caso pi\u00f9 evidente \u00e8 quello del settore automobilistico. Da un lato si \u00e8 in mezzo al guado, fra il vecchio modello imprenditoriale legato al motore a scoppio e quello nuovo dettato dall&#8217;elettrico. Il quale richiede meno manodopera e meno pezzi di ricambio. I costruttori europei si sono preparati per vendere moltissime vetture elettriche senza incontrare il favore dei consumatori\u00bb.<\/p>\n\n\n\n<p><strong>Perch\u00e9?<\/strong><\/p>\n\n\n\n<p>\u00abNon tanto per la presenza delle auto cinesi a basso costo, ma perch\u00e9&nbsp; i clienti si attendono che la stessa vettura costi di meno fra un anno. E questo vale anche per altri segmenti dell\u2019industria europea\u00bb.<\/p>\n\n\n\n<p><strong>Si rimandano gli acquisti.<\/strong><\/p>\n\n\n\n<p>\u00abNon solo. A incidere sono anche gli incentivi alle vendite. Quando sono stati tolti, l&#8217;effetto \u00e8 stato immediato\u00bb.<\/p>\n\n\n\n<p><strong>C\u2019\u00e8 solo questo?<\/strong><\/p>\n\n\n\n<p>\u00abNo. L&#8217;industria europea, in particolar modo quella italiana e quella tedesca, dipendono molto dalla Cina. Il rallentamento di Pechino \u00e8 stato netto e non ne si conosce a pieno la profondit\u00e0. A patire di pi\u00f9 sono componentistica, macchinari e lusso\u00bb.<\/p>\n\n\n\n<p><strong>Quanto \u00e8 grave il ritardo?<\/strong><\/p>\n\n\n\n<p>\u00abSe prendiamo l&#8217;industria europea al netto di software e information technology, I&#8217;Ue \u00e8 allo stesso livello degli Stati Uniti. E pi\u00f9 o meno Usa ed Europa hanno fatto lo stesso percorso per circa 25 anni. La differenza \u00e8 che gli Usa hanno sviluppato una seconda sorgente industriale, il tech\u00bb<\/p>\n\n\n\n<p><strong>Perch\u00e9 non \u00e8 stato possibile in Europa?<\/strong><\/p>\n\n\n\n<p>\u00able nostre industrie hanno preferito investire nei settori che gi\u00e0 conoscevano. Si sono fatte piccole innovazioni, ma non si \u00e8 rischiato come si \u00e8 fatto altrove\u00bb.<\/p>\n\n\n\n<p><strong>Su quali i settori puntare?<\/strong><\/p>\n\n\n\n<p>\u00abTutti quelli in cui non ci sono economie di scala. Dove si tratta di produzioni di massa, la Cina avr\u00e0 sempre la meglio.<\/p>\n\n\n\n<p>Noi possiamo vincere sui macchinari, come quelli per produrre chip e semiconduttori\u00bb.<\/p>\n\n\n\n<p><strong>Poi?<\/strong><\/p>\n\n\n\n<p>\u00abL&#8217;aerospazio, gli armamenti e il settore della Difesa. Ma anche il software per le imprese, come il backoffice\u00bb.<\/p>\n\n\n\n<p><strong>Molti osservatori invocano campioni paneuropei dell&#8217;industria, citando Airbus.<\/strong><\/p>\n\n\n\n<p><strong>Pu\u00f2 funzionare?<\/strong><\/p>\n\n\n\n<p>\u00abNon avrebbe nemmeno senso provarci. Tesla non \u00e8 nata attraverso un programma governativo o una politica industriale nazionale, no? Airbus \u00e8 un caso a s\u00e9 stante\u00bb<\/p>\n\n\n\n<p><strong>Quindi?<\/strong><\/p>\n\n\n\n<p>\u00abLa priorit\u00e0 \u00e8 avere un ecosistema di startup europee in grado di crescere e competere. Quindi con capitali privati di rischio e con una burocrazia favorevole. La velocit\u00e0 \u00e8 la chiave di tutto\u00bb.<\/p>\n\n\n\n<p>*da La Stampa, 08\/11\/2024<\/p>\n\n\n\n<p><\/p>\n","protected":false},"excerpt":{"rendered":"<p>L\u2019industria europea deve cambiare la sua struttura. Macchinari, aerospazio, difesa e software sono i settori chiave. Si deve accelerare e smettere di perdere tempo\u00bb. <\/p>\n","protected":false},"author":6522,"featured_media":21303,"comment_status":"closed","ping_status":"closed","sticky":false,"template":"","format":"standard","meta":{"footnotes":""},"categories":[9],"tags":[],"class_list":["post-21250","post","type-post","status-publish","format-standard","has-post-thumbnail","hentry","category-newsletter"],"yoast_head":"<!-- This site is optimized with the Yoast SEO plugin v27.5 - https:\/\/yoast.com\/product\/yoast-seo-wordpress\/ -->\n<title>D. Gros, \u201cL&#039;Ue ha perso 25 anni sul tech. Inutile un campione paneuropeo\u201d - Nuovi Lavori<\/title>\n<meta name=\"robots\" content=\"index, follow, max-snippet:-1, max-image-preview:large, max-video-preview:-1\" \/>\n<link rel=\"canonical\" href=\"https:\/\/nuovi-lavori.it\/index.php\/d-gros-lue-ha-perso-25-anni-sul-tech-inutile-un-campione-paneuropeo\/\" \/>\n<meta property=\"og:locale\" content=\"it_IT\" \/>\n<meta property=\"og:type\" content=\"article\" \/>\n<meta property=\"og:title\" content=\"D. Gros, \u201cL&#039;Ue ha perso 25 anni sul tech. Inutile un campione paneuropeo\u201d - Nuovi Lavori\" \/>\n<meta property=\"og:description\" content=\"L\u2019industria europea deve cambiare la sua struttura. Macchinari, aerospazio, difesa e software sono i settori chiave. Si deve accelerare e smettere di perdere tempo\u00bb.\" \/>\n<meta property=\"og:url\" content=\"https:\/\/nuovi-lavori.it\/index.php\/d-gros-lue-ha-perso-25-anni-sul-tech-inutile-un-campione-paneuropeo\/\" \/>\n<meta property=\"og:site_name\" content=\"Nuovi Lavori\" \/>\n<meta property=\"article:published_time\" content=\"2024-11-19T09:35:25+00:00\" \/>\n<meta property=\"article:modified_time\" content=\"2024-11-20T11:41:18+00:00\" \/>\n<meta property=\"og:image\" content=\"https:\/\/nuovi-lavori.it\/wp-content\/uploads\/2024\/11\/DanielGros_web.jpg\" \/>\n\t<meta property=\"og:image:width\" content=\"720\" \/>\n\t<meta property=\"og:image:height\" content=\"360\" \/>\n\t<meta property=\"og:image:type\" content=\"image\/jpeg\" \/>\n<meta name=\"author\" content=\"Fabrizio Goria*\" \/>\n<meta name=\"twitter:card\" content=\"summary_large_image\" \/>\n<meta name=\"twitter:label1\" content=\"Scritto da\" \/>\n\t<meta name=\"twitter:data1\" content=\"Fabrizio Goria*\" \/>\n\t<meta name=\"twitter:label2\" content=\"Tempo di lettura stimato\" \/>\n\t<meta name=\"twitter:data2\" content=\"4 minuti\" \/>\n<script type=\"application\/ld+json\" class=\"yoast-schema-graph\">{\"@context\":\"https:\\\/\\\/schema.org\",\"@graph\":[{\"@type\":\"Article\",\"@id\":\"https:\\\/\\\/nuovi-lavori.it\\\/index.php\\\/d-gros-lue-ha-perso-25-anni-sul-tech-inutile-un-campione-paneuropeo\\\/#article\",\"isPartOf\":{\"@id\":\"https:\\\/\\\/nuovi-lavori.it\\\/index.php\\\/d-gros-lue-ha-perso-25-anni-sul-tech-inutile-un-campione-paneuropeo\\\/\"},\"author\":{\"name\":\"Fabrizio Goria*\",\"@id\":\"https:\\\/\\\/nuovi-lavori.it\\\/#\\\/schema\\\/person\\\/19eb1a6f9309f2eba66fc5959c5bf8fd\"},\"headline\":\"D. Gros, \u201cL&#8217;Ue ha perso 25 anni sul tech. Inutile un campione paneuropeo\u201d\",\"datePublished\":\"2024-11-19T09:35:25+00:00\",\"dateModified\":\"2024-11-20T11:41:18+00:00\",\"mainEntityOfPage\":{\"@id\":\"https:\\\/\\\/nuovi-lavori.it\\\/index.php\\\/d-gros-lue-ha-perso-25-anni-sul-tech-inutile-un-campione-paneuropeo\\\/\"},\"wordCount\":537,\"publisher\":{\"@id\":\"https:\\\/\\\/nuovi-lavori.it\\\/#organization\"},\"image\":{\"@id\":\"https:\\\/\\\/nuovi-lavori.it\\\/index.php\\\/d-gros-lue-ha-perso-25-anni-sul-tech-inutile-un-campione-paneuropeo\\\/#primaryimage\"},\"thumbnailUrl\":\"https:\\\/\\\/nuovi-lavori.it\\\/wp-content\\\/uploads\\\/2024\\\/11\\\/DanielGros_web.jpg\",\"articleSection\":[\"Newsletter\"],\"inLanguage\":\"it-IT\"},{\"@type\":\"WebPage\",\"@id\":\"https:\\\/\\\/nuovi-lavori.it\\\/index.php\\\/d-gros-lue-ha-perso-25-anni-sul-tech-inutile-un-campione-paneuropeo\\\/\",\"url\":\"https:\\\/\\\/nuovi-lavori.it\\\/index.php\\\/d-gros-lue-ha-perso-25-anni-sul-tech-inutile-un-campione-paneuropeo\\\/\",\"name\":\"D. Gros, \u201cL'Ue ha perso 25 anni sul tech. Inutile un campione paneuropeo\u201d - Nuovi Lavori\",\"isPartOf\":{\"@id\":\"https:\\\/\\\/nuovi-lavori.it\\\/#website\"},\"primaryImageOfPage\":{\"@id\":\"https:\\\/\\\/nuovi-lavori.it\\\/index.php\\\/d-gros-lue-ha-perso-25-anni-sul-tech-inutile-un-campione-paneuropeo\\\/#primaryimage\"},\"image\":{\"@id\":\"https:\\\/\\\/nuovi-lavori.it\\\/index.php\\\/d-gros-lue-ha-perso-25-anni-sul-tech-inutile-un-campione-paneuropeo\\\/#primaryimage\"},\"thumbnailUrl\":\"https:\\\/\\\/nuovi-lavori.it\\\/wp-content\\\/uploads\\\/2024\\\/11\\\/DanielGros_web.jpg\",\"datePublished\":\"2024-11-19T09:35:25+00:00\",\"dateModified\":\"2024-11-20T11:41:18+00:00\",\"breadcrumb\":{\"@id\":\"https:\\\/\\\/nuovi-lavori.it\\\/index.php\\\/d-gros-lue-ha-perso-25-anni-sul-tech-inutile-un-campione-paneuropeo\\\/#breadcrumb\"},\"inLanguage\":\"it-IT\",\"potentialAction\":[{\"@type\":\"ReadAction\",\"target\":[\"https:\\\/\\\/nuovi-lavori.it\\\/index.php\\\/d-gros-lue-ha-perso-25-anni-sul-tech-inutile-un-campione-paneuropeo\\\/\"]}]},{\"@type\":\"ImageObject\",\"inLanguage\":\"it-IT\",\"@id\":\"https:\\\/\\\/nuovi-lavori.it\\\/index.php\\\/d-gros-lue-ha-perso-25-anni-sul-tech-inutile-un-campione-paneuropeo\\\/#primaryimage\",\"url\":\"https:\\\/\\\/nuovi-lavori.it\\\/wp-content\\\/uploads\\\/2024\\\/11\\\/DanielGros_web.jpg\",\"contentUrl\":\"https:\\\/\\\/nuovi-lavori.it\\\/wp-content\\\/uploads\\\/2024\\\/11\\\/DanielGros_web.jpg\",\"width\":720,\"height\":360},{\"@type\":\"BreadcrumbList\",\"@id\":\"https:\\\/\\\/nuovi-lavori.it\\\/index.php\\\/d-gros-lue-ha-perso-25-anni-sul-tech-inutile-un-campione-paneuropeo\\\/#breadcrumb\",\"itemListElement\":[{\"@type\":\"ListItem\",\"position\":1,\"name\":\"Home\",\"item\":\"https:\\\/\\\/nuovi-lavori.it\\\/\"},{\"@type\":\"ListItem\",\"position\":2,\"name\":\"Newsletter\",\"item\":\"https:\\\/\\\/nuovi-lavori.it\\\/index.php\\\/category\\\/newsletter\\\/\"},{\"@type\":\"ListItem\",\"position\":3,\"name\":\"D. Gros, \u201cL&#8217;Ue ha perso 25 anni sul tech. Inutile un campione paneuropeo\u201d\"}]},{\"@type\":\"WebSite\",\"@id\":\"https:\\\/\\\/nuovi-lavori.it\\\/#website\",\"url\":\"https:\\\/\\\/nuovi-lavori.it\\\/\",\"name\":\"Nuovi Lavori\",\"description\":\"\",\"publisher\":{\"@id\":\"https:\\\/\\\/nuovi-lavori.it\\\/#organization\"},\"potentialAction\":[{\"@type\":\"SearchAction\",\"target\":{\"@type\":\"EntryPoint\",\"urlTemplate\":\"https:\\\/\\\/nuovi-lavori.it\\\/?s={search_term_string}\"},\"query-input\":{\"@type\":\"PropertyValueSpecification\",\"valueRequired\":true,\"valueName\":\"search_term_string\"}}],\"inLanguage\":\"it-IT\"},{\"@type\":\"Organization\",\"@id\":\"https:\\\/\\\/nuovi-lavori.it\\\/#organization\",\"name\":\"Nuovi Lavori\",\"url\":\"https:\\\/\\\/nuovi-lavori.it\\\/\",\"logo\":{\"@type\":\"ImageObject\",\"inLanguage\":\"it-IT\",\"@id\":\"https:\\\/\\\/nuovi-lavori.it\\\/#\\\/schema\\\/logo\\\/image\\\/\",\"url\":\"http:\\\/\\\/5.249.146.118\\\/wp-content\\\/uploads\\\/2013\\\/11\\\/images_logonl.jpg\",\"contentUrl\":\"http:\\\/\\\/5.249.146.118\\\/wp-content\\\/uploads\\\/2013\\\/11\\\/images_logonl.jpg\",\"width\":400,\"height\":327,\"caption\":\"Nuovi Lavori\"},\"image\":{\"@id\":\"https:\\\/\\\/nuovi-lavori.it\\\/#\\\/schema\\\/logo\\\/image\\\/\"},\"sameAs\":[\"https:\\\/\\\/www.youtube.com\\\/user\\\/newsletteranl\"]},{\"@type\":\"Person\",\"@id\":\"https:\\\/\\\/nuovi-lavori.it\\\/#\\\/schema\\\/person\\\/19eb1a6f9309f2eba66fc5959c5bf8fd\",\"name\":\"Fabrizio Goria*\",\"image\":{\"@type\":\"ImageObject\",\"inLanguage\":\"it-IT\",\"@id\":\"https:\\\/\\\/secure.gravatar.com\\\/avatar\\\/f767022bb776dfa39f99f02f390dea38495c895aef012870cb46858b0b2f559d?s=96&d=mm&r=g\",\"url\":\"https:\\\/\\\/secure.gravatar.com\\\/avatar\\\/f767022bb776dfa39f99f02f390dea38495c895aef012870cb46858b0b2f559d?s=96&d=mm&r=g\",\"contentUrl\":\"https:\\\/\\\/secure.gravatar.com\\\/avatar\\\/f767022bb776dfa39f99f02f390dea38495c895aef012870cb46858b0b2f559d?s=96&d=mm&r=g\",\"caption\":\"Fabrizio Goria*\"},\"url\":\"https:\\\/\\\/nuovi-lavori.it\\\/index.php\\\/author\\\/fabrizio-goria\\\/\"}]}<\/script>\n<!-- \/ Yoast SEO plugin. -->","yoast_head_json":{"title":"D. Gros, \u201cL'Ue ha perso 25 anni sul tech. Inutile un campione paneuropeo\u201d - Nuovi Lavori","robots":{"index":"index","follow":"follow","max-snippet":"max-snippet:-1","max-image-preview":"max-image-preview:large","max-video-preview":"max-video-preview:-1"},"canonical":"https:\/\/nuovi-lavori.it\/index.php\/d-gros-lue-ha-perso-25-anni-sul-tech-inutile-un-campione-paneuropeo\/","og_locale":"it_IT","og_type":"article","og_title":"D. Gros, \u201cL'Ue ha perso 25 anni sul tech. Inutile un campione paneuropeo\u201d - Nuovi Lavori","og_description":"L\u2019industria europea deve cambiare la sua struttura. Macchinari, aerospazio, difesa e software sono i settori chiave. Si deve accelerare e smettere di perdere tempo\u00bb.","og_url":"https:\/\/nuovi-lavori.it\/index.php\/d-gros-lue-ha-perso-25-anni-sul-tech-inutile-un-campione-paneuropeo\/","og_site_name":"Nuovi Lavori","article_published_time":"2024-11-19T09:35:25+00:00","article_modified_time":"2024-11-20T11:41:18+00:00","og_image":[{"width":720,"height":360,"url":"https:\/\/nuovi-lavori.it\/wp-content\/uploads\/2024\/11\/DanielGros_web.jpg","type":"image\/jpeg"}],"author":"Fabrizio Goria*","twitter_card":"summary_large_image","twitter_misc":{"Scritto da":"Fabrizio Goria*","Tempo di lettura stimato":"4 minuti"},"schema":{"@context":"https:\/\/schema.org","@graph":[{"@type":"Article","@id":"https:\/\/nuovi-lavori.it\/index.php\/d-gros-lue-ha-perso-25-anni-sul-tech-inutile-un-campione-paneuropeo\/#article","isPartOf":{"@id":"https:\/\/nuovi-lavori.it\/index.php\/d-gros-lue-ha-perso-25-anni-sul-tech-inutile-un-campione-paneuropeo\/"},"author":{"name":"Fabrizio Goria*","@id":"https:\/\/nuovi-lavori.it\/#\/schema\/person\/19eb1a6f9309f2eba66fc5959c5bf8fd"},"headline":"D. Gros, \u201cL&#8217;Ue ha perso 25 anni sul tech. Inutile un campione paneuropeo\u201d","datePublished":"2024-11-19T09:35:25+00:00","dateModified":"2024-11-20T11:41:18+00:00","mainEntityOfPage":{"@id":"https:\/\/nuovi-lavori.it\/index.php\/d-gros-lue-ha-perso-25-anni-sul-tech-inutile-un-campione-paneuropeo\/"},"wordCount":537,"publisher":{"@id":"https:\/\/nuovi-lavori.it\/#organization"},"image":{"@id":"https:\/\/nuovi-lavori.it\/index.php\/d-gros-lue-ha-perso-25-anni-sul-tech-inutile-un-campione-paneuropeo\/#primaryimage"},"thumbnailUrl":"https:\/\/nuovi-lavori.it\/wp-content\/uploads\/2024\/11\/DanielGros_web.jpg","articleSection":["Newsletter"],"inLanguage":"it-IT"},{"@type":"WebPage","@id":"https:\/\/nuovi-lavori.it\/index.php\/d-gros-lue-ha-perso-25-anni-sul-tech-inutile-un-campione-paneuropeo\/","url":"https:\/\/nuovi-lavori.it\/index.php\/d-gros-lue-ha-perso-25-anni-sul-tech-inutile-un-campione-paneuropeo\/","name":"D. Gros, \u201cL'Ue ha perso 25 anni sul tech. Inutile un campione paneuropeo\u201d - Nuovi Lavori","isPartOf":{"@id":"https:\/\/nuovi-lavori.it\/#website"},"primaryImageOfPage":{"@id":"https:\/\/nuovi-lavori.it\/index.php\/d-gros-lue-ha-perso-25-anni-sul-tech-inutile-un-campione-paneuropeo\/#primaryimage"},"image":{"@id":"https:\/\/nuovi-lavori.it\/index.php\/d-gros-lue-ha-perso-25-anni-sul-tech-inutile-un-campione-paneuropeo\/#primaryimage"},"thumbnailUrl":"https:\/\/nuovi-lavori.it\/wp-content\/uploads\/2024\/11\/DanielGros_web.jpg","datePublished":"2024-11-19T09:35:25+00:00","dateModified":"2024-11-20T11:41:18+00:00","breadcrumb":{"@id":"https:\/\/nuovi-lavori.it\/index.php\/d-gros-lue-ha-perso-25-anni-sul-tech-inutile-un-campione-paneuropeo\/#breadcrumb"},"inLanguage":"it-IT","potentialAction":[{"@type":"ReadAction","target":["https:\/\/nuovi-lavori.it\/index.php\/d-gros-lue-ha-perso-25-anni-sul-tech-inutile-un-campione-paneuropeo\/"]}]},{"@type":"ImageObject","inLanguage":"it-IT","@id":"https:\/\/nuovi-lavori.it\/index.php\/d-gros-lue-ha-perso-25-anni-sul-tech-inutile-un-campione-paneuropeo\/#primaryimage","url":"https:\/\/nuovi-lavori.it\/wp-content\/uploads\/2024\/11\/DanielGros_web.jpg","contentUrl":"https:\/\/nuovi-lavori.it\/wp-content\/uploads\/2024\/11\/DanielGros_web.jpg","width":720,"height":360},{"@type":"BreadcrumbList","@id":"https:\/\/nuovi-lavori.it\/index.php\/d-gros-lue-ha-perso-25-anni-sul-tech-inutile-un-campione-paneuropeo\/#breadcrumb","itemListElement":[{"@type":"ListItem","position":1,"name":"Home","item":"https:\/\/nuovi-lavori.it\/"},{"@type":"ListItem","position":2,"name":"Newsletter","item":"https:\/\/nuovi-lavori.it\/index.php\/category\/newsletter\/"},{"@type":"ListItem","position":3,"name":"D. Gros, \u201cL&#8217;Ue ha perso 25 anni sul tech. Inutile un campione paneuropeo\u201d"}]},{"@type":"WebSite","@id":"https:\/\/nuovi-lavori.it\/#website","url":"https:\/\/nuovi-lavori.it\/","name":"Nuovi Lavori","description":"","publisher":{"@id":"https:\/\/nuovi-lavori.it\/#organization"},"potentialAction":[{"@type":"SearchAction","target":{"@type":"EntryPoint","urlTemplate":"https:\/\/nuovi-lavori.it\/?s={search_term_string}"},"query-input":{"@type":"PropertyValueSpecification","valueRequired":true,"valueName":"search_term_string"}}],"inLanguage":"it-IT"},{"@type":"Organization","@id":"https:\/\/nuovi-lavori.it\/#organization","name":"Nuovi Lavori","url":"https:\/\/nuovi-lavori.it\/","logo":{"@type":"ImageObject","inLanguage":"it-IT","@id":"https:\/\/nuovi-lavori.it\/#\/schema\/logo\/image\/","url":"http:\/\/5.249.146.118\/wp-content\/uploads\/2013\/11\/images_logonl.jpg","contentUrl":"http:\/\/5.249.146.118\/wp-content\/uploads\/2013\/11\/images_logonl.jpg","width":400,"height":327,"caption":"Nuovi Lavori"},"image":{"@id":"https:\/\/nuovi-lavori.it\/#\/schema\/logo\/image\/"},"sameAs":["https:\/\/www.youtube.com\/user\/newsletteranl"]},{"@type":"Person","@id":"https:\/\/nuovi-lavori.it\/#\/schema\/person\/19eb1a6f9309f2eba66fc5959c5bf8fd","name":"Fabrizio Goria*","image":{"@type":"ImageObject","inLanguage":"it-IT","@id":"https:\/\/secure.gravatar.com\/avatar\/f767022bb776dfa39f99f02f390dea38495c895aef012870cb46858b0b2f559d?s=96&d=mm&r=g","url":"https:\/\/secure.gravatar.com\/avatar\/f767022bb776dfa39f99f02f390dea38495c895aef012870cb46858b0b2f559d?s=96&d=mm&r=g","contentUrl":"https:\/\/secure.gravatar.com\/avatar\/f767022bb776dfa39f99f02f390dea38495c895aef012870cb46858b0b2f559d?s=96&d=mm&r=g","caption":"Fabrizio Goria*"},"url":"https:\/\/nuovi-lavori.it\/index.php\/author\/fabrizio-goria\/"}]}},"_links":{"self":[{"href":"https:\/\/nuovi-lavori.it\/index.php\/wp-json\/wp\/v2\/posts\/21250","targetHints":{"allow":["GET"]}}],"collection":[{"href":"https:\/\/nuovi-lavori.it\/index.php\/wp-json\/wp\/v2\/posts"}],"about":[{"href":"https:\/\/nuovi-lavori.it\/index.php\/wp-json\/wp\/v2\/types\/post"}],"author":[{"embeddable":true,"href":"https:\/\/nuovi-lavori.it\/index.php\/wp-json\/wp\/v2\/users\/6522"}],"replies":[{"embeddable":true,"href":"https:\/\/nuovi-lavori.it\/index.php\/wp-json\/wp\/v2\/comments?post=21250"}],"version-history":[{"count":1,"href":"https:\/\/nuovi-lavori.it\/index.php\/wp-json\/wp\/v2\/posts\/21250\/revisions"}],"predecessor-version":[{"id":21252,"href":"https:\/\/nuovi-lavori.it\/index.php\/wp-json\/wp\/v2\/posts\/21250\/revisions\/21252"}],"wp:featuredmedia":[{"embeddable":true,"href":"https:\/\/nuovi-lavori.it\/index.php\/wp-json\/wp\/v2\/media\/21303"}],"wp:attachment":[{"href":"https:\/\/nuovi-lavori.it\/index.php\/wp-json\/wp\/v2\/media?parent=21250"}],"wp:term":[{"taxonomy":"category","embeddable":true,"href":"https:\/\/nuovi-lavori.it\/index.php\/wp-json\/wp\/v2\/categories?post=21250"},{"taxonomy":"post_tag","embeddable":true,"href":"https:\/\/nuovi-lavori.it\/index.php\/wp-json\/wp\/v2\/tags?post=21250"}],"curies":[{"name":"wp","href":"https:\/\/api.w.org\/{rel}","templated":true}]}}