{"id":21253,"date":"2024-11-19T10:42:33","date_gmt":"2024-11-19T09:42:33","guid":{"rendered":"https:\/\/nuovi-lavori.it\/?p=21253"},"modified":"2024-11-20T11:49:47","modified_gmt":"2024-11-20T10:49:47","slug":"francis-fukuyama-trump-demolira-la-democrazia-liberale-e-contagera-anche-la-ue","status":"publish","type":"post","link":"https:\/\/nuovi-lavori.it\/index.php\/francis-fukuyama-trump-demolira-la-democrazia-liberale-e-contagera-anche-la-ue\/","title":{"rendered":"Francis Fukuyama: \u201cTrump demolir\u00e0 la democrazia liberale e contager\u00e0 anche la Ue\u201d"},"content":{"rendered":"\n<p><em>L<\/em>\u2019<em>intervista al politologo. \u201c\u00c8 simile a Orb\u00e1n e spinger\u00e0 leader come Meloni a seguire il suo populismo. Cercher\u00e0 di usare il sistema giudiziario per punire i nemici\u201d<\/em><\/p>\n\n\n\n<p>\u00abTrump alla Casa Bianca accelerer\u00e0 la progressiva dissoluzione della democrazia liberale, e altri governi populisti europei come quello italiano lo seguiranno\u00bb. Secondo lo studioso di Stanford\u00a0Francis Fukuyama\u00a0la storia accelera, ma nella direzione sbagliata. Apre la porta a minacce come\u00a0l\u2019invasione di Taiwan, aggressioni russe in Europa, conflitto Usa-Iran, guerre commerciali, fine della stabilit\u00e0 che l\u2019ordine basato sulle regole emerso dopo la Seconda guerra mondiale ci ha garantito finora.<\/p>\n\n\n\n<p>Perch\u00e9 gli americani sono tornati a Trump?<\/p>\n\n\n\n<p>\u00abUn simile terremoto sociale ha cause complesse, ma due in particolare hanno determinato il risultato delle elezioni. I partiti si sono scambiati posto e la classe lavoratrice \u00e8 passata dai democratici ai repubblicani. Il processo era in corso da trent\u2019anni, ma ha accelerato con Trump. I democratici sono visti come il partito dell\u2019elite, che ha perso contatto con la classe media e lavoratrice. Professionisti istruiti che si preoccupano delle minacce alla democrazia, ma non dell\u2019inflazione, e sul piano culturale hanno abbracciato tematiche woke che li allontanano dal popolo. A ci\u00f2 si \u00e8 aggiunta la questione del genere. I democratici hanno scommesso sulle donne pensando di vincere grazie all\u2019aborto, ma cos\u00ec hanno perso gli uomini, in particolare i giovani\u00bb.<\/p>\n\n\n\n<p>Gli americani non credono pi\u00f9 al liberalismo classico?<\/p>\n\n\n\n<p>\u00abNo, ma rifiutano le sue distorsioni. Tipo il neoliberismo, che spingendo la globalizzazione ha devastato<\/p>\n\n\n\n<p>la classe lavoratrice, e le politiche dell\u2019identit\u00e0, dove razza, genere e orientamento sessuale ti definiscono prima di giudicarti come persona\u00bb.<br><\/p>\n\n\n\n<p>Sta accadendo anche in Europa?<\/p>\n\n\n\n<p>\u00abCerto, guardate gli ex comunisti italiani che votano Meloni. \u00c8 lo stesso fenomeno: la sinistra ha perso contatto con la classe lavoratrice. La sua agenda, ad esempio, \u00e8 stata costruita intorno ai partiti verdi, spazzati via nelle ultime elezioni europee\u00bb.<br><\/p>\n\n\n\n<p>Meloni seguir\u00e0 Trump?<\/p>\n\n\n\n<p>\u00abAssolutamente. Vedere la pi\u00f9 grande e antica democrazia che si muove verso il populismo sar\u00e0 un\u2019enorme ispirazione per questi partiti, e un pericolo per tutti gli altri\u00bb.<br><\/p>\n\n\n\n<p>Alcuni hanno denunciato il rischio di derive fasciste negli Usa.<\/p>\n\n\n\n<p>\u00abVedo un progressivo deterioramento della democrazia liberale, come Orb\u00e1n in Ungheria, pi\u00f9 che Hitler. Trump \u00e8 ossessionato dalla vendetta e potrebbe cercare di usare il sistema giudiziario per perseguitare quelli che considera nemici interni\u00bb.<br><\/p>\n\n\n\n<p>Minaccia la libert\u00e0 di espressione, lo stato di diritto, il sistema democratico in generale?<\/p>\n\n\n\n<p>\u00abHa detto che vuole togliere le licenze ai media critici verso di lui. Potrebbe usare mezzi come il fisco per perseguitare giornalisti, ceo, organizzazioni, ed erodere lo stato di diritto\u00bb.<\/p>\n\n\n\n<p>\u00c8 stato accusato di essere \u201cfascista nell\u2019animo\u201d.<\/p>\n\n\n\n<p>\u00ab\u00c8 probabile un deterioramento della democrazia liberale, pi\u00f9 di un collasso. A meno che non esageri su iniziative come le tariffe, che avrebbero un effetto devastante sull\u2019economia, o l\u2019epurazione dei nemici e i rastrellamenti degli immigrati, che potrebbero generare una forte reazione elettorale nel 2026\u00bb.<br><\/p>\n\n\n\n<p>Perch\u00e9 i dazi sono sbagliati?<\/p>\n\n\n\n<p>\u00abAgli americani non piace l\u2019inflazione, ma le tariffe la scateneranno, facendo salire i prezzi. Poi dovremo aspettarci ritorsioni dai partner commerciali, come negli anni Trenta, quando le guerre commerciali avevano inasprito la Grande depressione\u00bb.<br><\/p>\n\n\n\n<p>L\u2019Unione Europea dovr\u00e0 reagire con misure simili?<\/p>\n\n\n\n<p>\u00abNon vuole la guerra commerciale, ma non vedo come possa accettare dazi unilaterali americani che la danneggiano profondamente\u00bb.<br><\/p>\n\n\n\n<p>Le tariffe non sono lo strumento principale contro Pechino?<\/p>\n\n\n\n<p>\u00abS\u00ec, e lo stesso Biden le ha lasciate in vigore. Ma la Cina compra molti beni da noi, come i prodotti agricoli, e se Trump lancer\u00e0 un\u2019escalation ha il potere di scatenare rappresaglie dolorose\u00bb.<br><\/p>\n\n\n\n<p>Difender\u00e0 Taiwan?<\/p>\n\n\n\n<p>\u00abNon si \u00e8 mai impegnato come Biden, suggerendo che Taipei non paga per la protezione. Se Pechino vuole invadere, sa che non deve aspettarsi una reazione forte da Trump, perch\u00e9 non ha alcuna intenzione di coinvolgere l\u2019America nel conflitto internazionale pi\u00f9 grande delle nostre vite. Ci\u00f2 rende l\u2019attacco pi\u00f9 probabile\u00bb.<br><\/p>\n\n\n\n<p>Cosa si aspetta in Ucraina?<\/p>\n\n\n\n<p>\u00abKiev sar\u00e0 la grande perdente. \u00c8 gi\u00e0 in difficolt\u00e0 per mancanza di uomini e i limiti imposti da Biden all\u2019uso delle armi. Il vice Vance ha proposto il piano di pace di Putin. L\u2019unica maniera di ottenere un cessate il fuoco sarebbe dare all\u2019Ucraina le garanzie della Nato, ma Trump non lo far\u00e0 mai, lasciandola vulnerabile\u00bb.<br><\/p>\n\n\n\n<p>Trump uscir\u00e0 dall\u2019Alleanza Atlantica?<\/p>\n\n\n\n<p>\u00abAbbandonarla formalmente richiederebbe troppo lavoro. \u00c8 pi\u00f9 facile che indichi la volont\u00e0 di non onorare l\u2019Articolo V\u00bb.<\/p>\n\n\n\n<p><br>Putin si sentirebbe incoraggiato ad attaccare altri Paesi europei?<\/p>\n\n\n\n<p>\u00abCerto, \u00e8 interamente possibile. Sta gi\u00e0 facendo molto per destabilizzare Moldova e Georgia. I baltici sono pi\u00f9 protetti, ma se Trump rinnega l\u2019Articolo V Putin sar\u00e0 tentato di attaccarli\u00bb.<br><\/p>\n\n\n\n<p>In Medio Oriente dar\u00e0 mano libera a Netanyahu, o cercher\u00e0 di allargare gli Accordi di Abramo all\u2019Arabia Saudita?<\/p>\n\n\n\n<p>\u00abCi prover\u00e0, ma non credo che andr\u00e0 lontano, perch\u00e9 i sauditi non sono interessati. Se invece dar\u00e0 mano libera a Netanyahu rischiamo una guerra con l\u2019Iran, che trasciner\u00e0 dentro anche gli Usa\u00bb.<br><\/p>\n\n\n\n<p>L\u2019ordine globale nato dalla Seconda guerra mondiale \u00e8 finito?<\/p>\n\n\n\n<p>\u00abTemo di s\u00ec. Gli elettori americani hanno votato Trump per altre ragioni, inflazione e immigrazione, ma l\u2019impegno per la difesa dei valori di quel sistema \u00e8 indebolito\u00bb.<br><\/p>\n\n\n\n<p>Esistono ancora \u201cguardrail\u201d che possono contenerlo?<\/p>\n\n\n\n<p>\u00abForse i tribunali, o le elezioni Midterm del 2026. Non tutto \u00e8 perduto\u00bb.<\/p>\n","protected":false},"excerpt":{"rendered":"<p>\u00abTrump alla Casa Bianca accelerer\u00e0 la progressiva dissoluzione della democrazia liberale, e altri governi populisti europei come quello italiano lo seguiranno\u00bb. <\/p>\n","protected":false},"author":6524,"featured_media":21254,"comment_status":"closed","ping_status":"closed","sticky":false,"template":"","format":"standard","meta":{"footnotes":""},"categories":[9],"tags":[],"class_list":["post-21253","post","type-post","status-publish","format-standard","has-post-thumbnail","hentry","category-newsletter"],"yoast_head":"<!-- This site is optimized with the Yoast SEO plugin v27.5 - https:\/\/yoast.com\/product\/yoast-seo-wordpress\/ -->\n<title>Francis Fukuyama: \u201cTrump demolir\u00e0 la democrazia liberale e contager\u00e0 anche la Ue\u201d - Nuovi Lavori<\/title>\n<meta name=\"robots\" content=\"index, follow, max-snippet:-1, max-image-preview:large, max-video-preview:-1\" \/>\n<link rel=\"canonical\" href=\"https:\/\/nuovi-lavori.it\/index.php\/francis-fukuyama-trump-demolira-la-democrazia-liberale-e-contagera-anche-la-ue\/\" \/>\n<meta property=\"og:locale\" content=\"it_IT\" \/>\n<meta property=\"og:type\" content=\"article\" \/>\n<meta property=\"og:title\" content=\"Francis Fukuyama: \u201cTrump demolir\u00e0 la democrazia liberale e contager\u00e0 anche la Ue\u201d - Nuovi Lavori\" \/>\n<meta property=\"og:description\" content=\"\u00abTrump alla Casa Bianca accelerer\u00e0 la progressiva dissoluzione della democrazia liberale, e altri governi populisti europei come quello italiano lo seguiranno\u00bb.\" \/>\n<meta property=\"og:url\" content=\"https:\/\/nuovi-lavori.it\/index.php\/francis-fukuyama-trump-demolira-la-democrazia-liberale-e-contagera-anche-la-ue\/\" \/>\n<meta property=\"og:site_name\" content=\"Nuovi Lavori\" \/>\n<meta property=\"article:published_time\" content=\"2024-11-19T09:42:33+00:00\" \/>\n<meta property=\"article:modified_time\" content=\"2024-11-20T10:49:47+00:00\" \/>\n<meta property=\"og:image\" content=\"https:\/\/nuovi-lavori.it\/wp-content\/uploads\/2024\/11\/Francis-Fukuyama.jpg\" \/>\n\t<meta property=\"og:image:width\" content=\"520\" \/>\n\t<meta property=\"og:image:height\" content=\"294\" \/>\n\t<meta property=\"og:image:type\" content=\"image\/jpeg\" \/>\n<meta name=\"author\" content=\"Paolo Mastrolilli*\" \/>\n<meta name=\"twitter:card\" content=\"summary_large_image\" \/>\n<meta name=\"twitter:label1\" content=\"Scritto da\" \/>\n\t<meta name=\"twitter:data1\" content=\"Paolo Mastrolilli*\" \/>\n\t<meta name=\"twitter:label2\" content=\"Tempo di lettura stimato\" \/>\n\t<meta name=\"twitter:data2\" content=\"5 minuti\" \/>\n<script type=\"application\/ld+json\" class=\"yoast-schema-graph\">{\"@context\":\"https:\\\/\\\/schema.org\",\"@graph\":[{\"@type\":\"Article\",\"@id\":\"https:\\\/\\\/nuovi-lavori.it\\\/index.php\\\/francis-fukuyama-trump-demolira-la-democrazia-liberale-e-contagera-anche-la-ue\\\/#article\",\"isPartOf\":{\"@id\":\"https:\\\/\\\/nuovi-lavori.it\\\/index.php\\\/francis-fukuyama-trump-demolira-la-democrazia-liberale-e-contagera-anche-la-ue\\\/\"},\"author\":{\"name\":\"Paolo Mastrolilli*\",\"@id\":\"https:\\\/\\\/nuovi-lavori.it\\\/#\\\/schema\\\/person\\\/8a4ec0f21c5f22c70cf4f197d64dc9b6\"},\"headline\":\"Francis Fukuyama: \u201cTrump demolir\u00e0 la democrazia liberale e contager\u00e0 anche la Ue\u201d\",\"datePublished\":\"2024-11-19T09:42:33+00:00\",\"dateModified\":\"2024-11-20T10:49:47+00:00\",\"mainEntityOfPage\":{\"@id\":\"https:\\\/\\\/nuovi-lavori.it\\\/index.php\\\/francis-fukuyama-trump-demolira-la-democrazia-liberale-e-contagera-anche-la-ue\\\/\"},\"wordCount\":888,\"publisher\":{\"@id\":\"https:\\\/\\\/nuovi-lavori.it\\\/#organization\"},\"image\":{\"@id\":\"https:\\\/\\\/nuovi-lavori.it\\\/index.php\\\/francis-fukuyama-trump-demolira-la-democrazia-liberale-e-contagera-anche-la-ue\\\/#primaryimage\"},\"thumbnailUrl\":\"https:\\\/\\\/nuovi-lavori.it\\\/wp-content\\\/uploads\\\/2024\\\/11\\\/Francis-Fukuyama.jpg\",\"articleSection\":[\"Newsletter\"],\"inLanguage\":\"it-IT\"},{\"@type\":\"WebPage\",\"@id\":\"https:\\\/\\\/nuovi-lavori.it\\\/index.php\\\/francis-fukuyama-trump-demolira-la-democrazia-liberale-e-contagera-anche-la-ue\\\/\",\"url\":\"https:\\\/\\\/nuovi-lavori.it\\\/index.php\\\/francis-fukuyama-trump-demolira-la-democrazia-liberale-e-contagera-anche-la-ue\\\/\",\"name\":\"Francis Fukuyama: \u201cTrump demolir\u00e0 la democrazia liberale e contager\u00e0 anche la Ue\u201d - Nuovi Lavori\",\"isPartOf\":{\"@id\":\"https:\\\/\\\/nuovi-lavori.it\\\/#website\"},\"primaryImageOfPage\":{\"@id\":\"https:\\\/\\\/nuovi-lavori.it\\\/index.php\\\/francis-fukuyama-trump-demolira-la-democrazia-liberale-e-contagera-anche-la-ue\\\/#primaryimage\"},\"image\":{\"@id\":\"https:\\\/\\\/nuovi-lavori.it\\\/index.php\\\/francis-fukuyama-trump-demolira-la-democrazia-liberale-e-contagera-anche-la-ue\\\/#primaryimage\"},\"thumbnailUrl\":\"https:\\\/\\\/nuovi-lavori.it\\\/wp-content\\\/uploads\\\/2024\\\/11\\\/Francis-Fukuyama.jpg\",\"datePublished\":\"2024-11-19T09:42:33+00:00\",\"dateModified\":\"2024-11-20T10:49:47+00:00\",\"breadcrumb\":{\"@id\":\"https:\\\/\\\/nuovi-lavori.it\\\/index.php\\\/francis-fukuyama-trump-demolira-la-democrazia-liberale-e-contagera-anche-la-ue\\\/#breadcrumb\"},\"inLanguage\":\"it-IT\",\"potentialAction\":[{\"@type\":\"ReadAction\",\"target\":[\"https:\\\/\\\/nuovi-lavori.it\\\/index.php\\\/francis-fukuyama-trump-demolira-la-democrazia-liberale-e-contagera-anche-la-ue\\\/\"]}]},{\"@type\":\"ImageObject\",\"inLanguage\":\"it-IT\",\"@id\":\"https:\\\/\\\/nuovi-lavori.it\\\/index.php\\\/francis-fukuyama-trump-demolira-la-democrazia-liberale-e-contagera-anche-la-ue\\\/#primaryimage\",\"url\":\"https:\\\/\\\/nuovi-lavori.it\\\/wp-content\\\/uploads\\\/2024\\\/11\\\/Francis-Fukuyama.jpg\",\"contentUrl\":\"https:\\\/\\\/nuovi-lavori.it\\\/wp-content\\\/uploads\\\/2024\\\/11\\\/Francis-Fukuyama.jpg\",\"width\":520,\"height\":294},{\"@type\":\"BreadcrumbList\",\"@id\":\"https:\\\/\\\/nuovi-lavori.it\\\/index.php\\\/francis-fukuyama-trump-demolira-la-democrazia-liberale-e-contagera-anche-la-ue\\\/#breadcrumb\",\"itemListElement\":[{\"@type\":\"ListItem\",\"position\":1,\"name\":\"Home\",\"item\":\"https:\\\/\\\/nuovi-lavori.it\\\/\"},{\"@type\":\"ListItem\",\"position\":2,\"name\":\"Newsletter\",\"item\":\"https:\\\/\\\/nuovi-lavori.it\\\/index.php\\\/category\\\/newsletter\\\/\"},{\"@type\":\"ListItem\",\"position\":3,\"name\":\"Francis Fukuyama: \u201cTrump demolir\u00e0 la democrazia liberale e contager\u00e0 anche la Ue\u201d\"}]},{\"@type\":\"WebSite\",\"@id\":\"https:\\\/\\\/nuovi-lavori.it\\\/#website\",\"url\":\"https:\\\/\\\/nuovi-lavori.it\\\/\",\"name\":\"Nuovi Lavori\",\"description\":\"\",\"publisher\":{\"@id\":\"https:\\\/\\\/nuovi-lavori.it\\\/#organization\"},\"potentialAction\":[{\"@type\":\"SearchAction\",\"target\":{\"@type\":\"EntryPoint\",\"urlTemplate\":\"https:\\\/\\\/nuovi-lavori.it\\\/?s={search_term_string}\"},\"query-input\":{\"@type\":\"PropertyValueSpecification\",\"valueRequired\":true,\"valueName\":\"search_term_string\"}}],\"inLanguage\":\"it-IT\"},{\"@type\":\"Organization\",\"@id\":\"https:\\\/\\\/nuovi-lavori.it\\\/#organization\",\"name\":\"Nuovi Lavori\",\"url\":\"https:\\\/\\\/nuovi-lavori.it\\\/\",\"logo\":{\"@type\":\"ImageObject\",\"inLanguage\":\"it-IT\",\"@id\":\"https:\\\/\\\/nuovi-lavori.it\\\/#\\\/schema\\\/logo\\\/image\\\/\",\"url\":\"http:\\\/\\\/5.249.146.118\\\/wp-content\\\/uploads\\\/2013\\\/11\\\/images_logonl.jpg\",\"contentUrl\":\"http:\\\/\\\/5.249.146.118\\\/wp-content\\\/uploads\\\/2013\\\/11\\\/images_logonl.jpg\",\"width\":400,\"height\":327,\"caption\":\"Nuovi Lavori\"},\"image\":{\"@id\":\"https:\\\/\\\/nuovi-lavori.it\\\/#\\\/schema\\\/logo\\\/image\\\/\"},\"sameAs\":[\"https:\\\/\\\/www.youtube.com\\\/user\\\/newsletteranl\"]},{\"@type\":\"Person\",\"@id\":\"https:\\\/\\\/nuovi-lavori.it\\\/#\\\/schema\\\/person\\\/8a4ec0f21c5f22c70cf4f197d64dc9b6\",\"name\":\"Paolo Mastrolilli*\",\"image\":{\"@type\":\"ImageObject\",\"inLanguage\":\"it-IT\",\"@id\":\"https:\\\/\\\/secure.gravatar.com\\\/avatar\\\/b95661ab8988ec4e084fbd32696b264518690f42353b9e0ddaac41c8c8d01349?s=96&d=mm&r=g\",\"url\":\"https:\\\/\\\/secure.gravatar.com\\\/avatar\\\/b95661ab8988ec4e084fbd32696b264518690f42353b9e0ddaac41c8c8d01349?s=96&d=mm&r=g\",\"contentUrl\":\"https:\\\/\\\/secure.gravatar.com\\\/avatar\\\/b95661ab8988ec4e084fbd32696b264518690f42353b9e0ddaac41c8c8d01349?s=96&d=mm&r=g\",\"caption\":\"Paolo Mastrolilli*\"},\"url\":\"https:\\\/\\\/nuovi-lavori.it\\\/index.php\\\/author\\\/paolo-mastrolilli\\\/\"}]}<\/script>\n<!-- \/ Yoast SEO plugin. -->","yoast_head_json":{"title":"Francis Fukuyama: \u201cTrump demolir\u00e0 la democrazia liberale e contager\u00e0 anche la Ue\u201d - Nuovi Lavori","robots":{"index":"index","follow":"follow","max-snippet":"max-snippet:-1","max-image-preview":"max-image-preview:large","max-video-preview":"max-video-preview:-1"},"canonical":"https:\/\/nuovi-lavori.it\/index.php\/francis-fukuyama-trump-demolira-la-democrazia-liberale-e-contagera-anche-la-ue\/","og_locale":"it_IT","og_type":"article","og_title":"Francis Fukuyama: \u201cTrump demolir\u00e0 la democrazia liberale e contager\u00e0 anche la Ue\u201d - Nuovi Lavori","og_description":"\u00abTrump alla Casa Bianca accelerer\u00e0 la progressiva dissoluzione della democrazia liberale, e altri governi populisti europei come quello italiano lo seguiranno\u00bb.","og_url":"https:\/\/nuovi-lavori.it\/index.php\/francis-fukuyama-trump-demolira-la-democrazia-liberale-e-contagera-anche-la-ue\/","og_site_name":"Nuovi Lavori","article_published_time":"2024-11-19T09:42:33+00:00","article_modified_time":"2024-11-20T10:49:47+00:00","og_image":[{"width":520,"height":294,"url":"https:\/\/nuovi-lavori.it\/wp-content\/uploads\/2024\/11\/Francis-Fukuyama.jpg","type":"image\/jpeg"}],"author":"Paolo Mastrolilli*","twitter_card":"summary_large_image","twitter_misc":{"Scritto da":"Paolo Mastrolilli*","Tempo di lettura stimato":"5 minuti"},"schema":{"@context":"https:\/\/schema.org","@graph":[{"@type":"Article","@id":"https:\/\/nuovi-lavori.it\/index.php\/francis-fukuyama-trump-demolira-la-democrazia-liberale-e-contagera-anche-la-ue\/#article","isPartOf":{"@id":"https:\/\/nuovi-lavori.it\/index.php\/francis-fukuyama-trump-demolira-la-democrazia-liberale-e-contagera-anche-la-ue\/"},"author":{"name":"Paolo Mastrolilli*","@id":"https:\/\/nuovi-lavori.it\/#\/schema\/person\/8a4ec0f21c5f22c70cf4f197d64dc9b6"},"headline":"Francis Fukuyama: \u201cTrump demolir\u00e0 la democrazia liberale e contager\u00e0 anche la Ue\u201d","datePublished":"2024-11-19T09:42:33+00:00","dateModified":"2024-11-20T10:49:47+00:00","mainEntityOfPage":{"@id":"https:\/\/nuovi-lavori.it\/index.php\/francis-fukuyama-trump-demolira-la-democrazia-liberale-e-contagera-anche-la-ue\/"},"wordCount":888,"publisher":{"@id":"https:\/\/nuovi-lavori.it\/#organization"},"image":{"@id":"https:\/\/nuovi-lavori.it\/index.php\/francis-fukuyama-trump-demolira-la-democrazia-liberale-e-contagera-anche-la-ue\/#primaryimage"},"thumbnailUrl":"https:\/\/nuovi-lavori.it\/wp-content\/uploads\/2024\/11\/Francis-Fukuyama.jpg","articleSection":["Newsletter"],"inLanguage":"it-IT"},{"@type":"WebPage","@id":"https:\/\/nuovi-lavori.it\/index.php\/francis-fukuyama-trump-demolira-la-democrazia-liberale-e-contagera-anche-la-ue\/","url":"https:\/\/nuovi-lavori.it\/index.php\/francis-fukuyama-trump-demolira-la-democrazia-liberale-e-contagera-anche-la-ue\/","name":"Francis Fukuyama: \u201cTrump demolir\u00e0 la democrazia liberale e contager\u00e0 anche la Ue\u201d - Nuovi Lavori","isPartOf":{"@id":"https:\/\/nuovi-lavori.it\/#website"},"primaryImageOfPage":{"@id":"https:\/\/nuovi-lavori.it\/index.php\/francis-fukuyama-trump-demolira-la-democrazia-liberale-e-contagera-anche-la-ue\/#primaryimage"},"image":{"@id":"https:\/\/nuovi-lavori.it\/index.php\/francis-fukuyama-trump-demolira-la-democrazia-liberale-e-contagera-anche-la-ue\/#primaryimage"},"thumbnailUrl":"https:\/\/nuovi-lavori.it\/wp-content\/uploads\/2024\/11\/Francis-Fukuyama.jpg","datePublished":"2024-11-19T09:42:33+00:00","dateModified":"2024-11-20T10:49:47+00:00","breadcrumb":{"@id":"https:\/\/nuovi-lavori.it\/index.php\/francis-fukuyama-trump-demolira-la-democrazia-liberale-e-contagera-anche-la-ue\/#breadcrumb"},"inLanguage":"it-IT","potentialAction":[{"@type":"ReadAction","target":["https:\/\/nuovi-lavori.it\/index.php\/francis-fukuyama-trump-demolira-la-democrazia-liberale-e-contagera-anche-la-ue\/"]}]},{"@type":"ImageObject","inLanguage":"it-IT","@id":"https:\/\/nuovi-lavori.it\/index.php\/francis-fukuyama-trump-demolira-la-democrazia-liberale-e-contagera-anche-la-ue\/#primaryimage","url":"https:\/\/nuovi-lavori.it\/wp-content\/uploads\/2024\/11\/Francis-Fukuyama.jpg","contentUrl":"https:\/\/nuovi-lavori.it\/wp-content\/uploads\/2024\/11\/Francis-Fukuyama.jpg","width":520,"height":294},{"@type":"BreadcrumbList","@id":"https:\/\/nuovi-lavori.it\/index.php\/francis-fukuyama-trump-demolira-la-democrazia-liberale-e-contagera-anche-la-ue\/#breadcrumb","itemListElement":[{"@type":"ListItem","position":1,"name":"Home","item":"https:\/\/nuovi-lavori.it\/"},{"@type":"ListItem","position":2,"name":"Newsletter","item":"https:\/\/nuovi-lavori.it\/index.php\/category\/newsletter\/"},{"@type":"ListItem","position":3,"name":"Francis Fukuyama: \u201cTrump demolir\u00e0 la democrazia liberale e contager\u00e0 anche la Ue\u201d"}]},{"@type":"WebSite","@id":"https:\/\/nuovi-lavori.it\/#website","url":"https:\/\/nuovi-lavori.it\/","name":"Nuovi Lavori","description":"","publisher":{"@id":"https:\/\/nuovi-lavori.it\/#organization"},"potentialAction":[{"@type":"SearchAction","target":{"@type":"EntryPoint","urlTemplate":"https:\/\/nuovi-lavori.it\/?s={search_term_string}"},"query-input":{"@type":"PropertyValueSpecification","valueRequired":true,"valueName":"search_term_string"}}],"inLanguage":"it-IT"},{"@type":"Organization","@id":"https:\/\/nuovi-lavori.it\/#organization","name":"Nuovi Lavori","url":"https:\/\/nuovi-lavori.it\/","logo":{"@type":"ImageObject","inLanguage":"it-IT","@id":"https:\/\/nuovi-lavori.it\/#\/schema\/logo\/image\/","url":"http:\/\/5.249.146.118\/wp-content\/uploads\/2013\/11\/images_logonl.jpg","contentUrl":"http:\/\/5.249.146.118\/wp-content\/uploads\/2013\/11\/images_logonl.jpg","width":400,"height":327,"caption":"Nuovi Lavori"},"image":{"@id":"https:\/\/nuovi-lavori.it\/#\/schema\/logo\/image\/"},"sameAs":["https:\/\/www.youtube.com\/user\/newsletteranl"]},{"@type":"Person","@id":"https:\/\/nuovi-lavori.it\/#\/schema\/person\/8a4ec0f21c5f22c70cf4f197d64dc9b6","name":"Paolo Mastrolilli*","image":{"@type":"ImageObject","inLanguage":"it-IT","@id":"https:\/\/secure.gravatar.com\/avatar\/b95661ab8988ec4e084fbd32696b264518690f42353b9e0ddaac41c8c8d01349?s=96&d=mm&r=g","url":"https:\/\/secure.gravatar.com\/avatar\/b95661ab8988ec4e084fbd32696b264518690f42353b9e0ddaac41c8c8d01349?s=96&d=mm&r=g","contentUrl":"https:\/\/secure.gravatar.com\/avatar\/b95661ab8988ec4e084fbd32696b264518690f42353b9e0ddaac41c8c8d01349?s=96&d=mm&r=g","caption":"Paolo Mastrolilli*"},"url":"https:\/\/nuovi-lavori.it\/index.php\/author\/paolo-mastrolilli\/"}]}},"_links":{"self":[{"href":"https:\/\/nuovi-lavori.it\/index.php\/wp-json\/wp\/v2\/posts\/21253","targetHints":{"allow":["GET"]}}],"collection":[{"href":"https:\/\/nuovi-lavori.it\/index.php\/wp-json\/wp\/v2\/posts"}],"about":[{"href":"https:\/\/nuovi-lavori.it\/index.php\/wp-json\/wp\/v2\/types\/post"}],"author":[{"embeddable":true,"href":"https:\/\/nuovi-lavori.it\/index.php\/wp-json\/wp\/v2\/users\/6524"}],"replies":[{"embeddable":true,"href":"https:\/\/nuovi-lavori.it\/index.php\/wp-json\/wp\/v2\/comments?post=21253"}],"version-history":[{"count":1,"href":"https:\/\/nuovi-lavori.it\/index.php\/wp-json\/wp\/v2\/posts\/21253\/revisions"}],"predecessor-version":[{"id":21255,"href":"https:\/\/nuovi-lavori.it\/index.php\/wp-json\/wp\/v2\/posts\/21253\/revisions\/21255"}],"wp:featuredmedia":[{"embeddable":true,"href":"https:\/\/nuovi-lavori.it\/index.php\/wp-json\/wp\/v2\/media\/21254"}],"wp:attachment":[{"href":"https:\/\/nuovi-lavori.it\/index.php\/wp-json\/wp\/v2\/media?parent=21253"}],"wp:term":[{"taxonomy":"category","embeddable":true,"href":"https:\/\/nuovi-lavori.it\/index.php\/wp-json\/wp\/v2\/categories?post=21253"},{"taxonomy":"post_tag","embeddable":true,"href":"https:\/\/nuovi-lavori.it\/index.php\/wp-json\/wp\/v2\/tags?post=21253"}],"curies":[{"name":"wp","href":"https:\/\/api.w.org\/{rel}","templated":true}]}}