{"id":21453,"date":"2025-01-21T10:37:05","date_gmt":"2025-01-21T09:37:05","guid":{"rendered":"https:\/\/nuovi-lavori.it\/?p=21453"},"modified":"2025-01-21T18:17:25","modified_gmt":"2025-01-21T17:17:25","slug":"barcail-piano-draghi-un-danno-per-leu","status":"publish","type":"post","link":"https:\/\/nuovi-lavori.it\/index.php\/barcail-piano-draghi-un-danno-per-leu\/","title":{"rendered":"Barca:\u2018\u2019Il piano Draghi? Un danno per l\u2019EU\u2019\u2019\u00a0"},"content":{"rendered":"\n<p>La politica di coesione segna la biografia di Fabrizio Barca, oggi co-coordinatore del Forum Disuguaglianze e Diversit\u00e0. Nel 2008 la Commissione Ue gli ha assegnato la stesura di una &#8220;Agenda per la riforma della politica di coesione&#8221;. Nel 2011 Mario Monti gli ha affidato l&#8217;incarico di ministro per la Coesione territoriale.<\/p>\n\n\n\n<p><strong>Il rapporto Draghi e il tormentone della competitivit\u00e0 permeano la riforma del bilancio Ue che Ursula von der Leyen ha in mente. L&#8217;idea di finanziare i &#8220;grandi campioni&#8221; non \u00e8 antitetica allo spirito della coesione?<\/strong><\/p>\n\n\n\n<p>L&#8217;idea in s\u00e9 di ridurre il divario di ricerca e innovazione tra l&#8217;Ue e altri attori internazionali pu\u00f2 essere compatibile con gli obiettivi della coesione se la si intende come possibilit\u00e0 per ogni territorio di esprimere le sue capacit\u00e0 di innovazione. Ma &#8211; anche se \u00e8 una buona notizia che l&#8217;Ue si doti di un piano &#8211; quello di Draghi la danneggia: l&#8217;obiettivo di rafforzare la capacit\u00e0 innovativa viene giocato in un modo superato e antisociale, che trascura e nega i punti di forza dell&#8217;Europa. Se Fitto, in riferimento alla coesione, metter\u00e0 fondi per creare campioni europei realizzer\u00e0 un micidiale combinato disposto tra ridurre la tutela della concorrenza e dare incentivi a corporation che non hanno vincoli europei e potranno andarsene senza neppure ringraziare una volta sfruttate le risorse (si veda Stellantis). La forza dell&#8217;Europa, Italia in primis, sta invece nello straordinario sistema di aziende medio grandi che all&#8217;Ue chiedono anzitutto certezze per poter investire. Nel rapporto stilato nel 2008 individuavamo missioni strategiche di grande attualit\u00e0 come l&#8217;adattamento climatico. A Fitto direi: concentrati su missioni che parlino ai bisogni e anticipino le devastazioni in arrivo.<\/p>\n\n\n\n<p><strong>Sono passati 15 anni da quando \u00e8 stato pubblicato il rapporto Barca, voluto dalla commissaria H\u00fcbner. Gli sviluppi sono stati all&#8217;altezza di quella agenda?<\/strong><\/p>\n\n\n\n<p>Sono stati paradossali. Il rapporto ha trasmesso un metodo che stava maturando nella pratica dei territori e nelle accademie, sdoganando politiche che tenessero insieme l&#8217;individuazione di obiettivi lungimiranti a livello europeo e saperi e aspirazioni dei territori con un processo dialettico continuo. Al contempo questa eredit\u00e0 non ha mai vinto il cuore delle classi dirigenti. Si \u00e8 andati all\u2019indietro.<\/p>\n\n\n\n<p><strong>Il Porr non ha avviato cambi virtuosi?<\/strong><\/p>\n\n\n\n<p>Sulla carta, quel modello contiene una battaglia nostra del 2008-9: lo sganciamento dei pagamenti dalla realizzazione della spesa e l&#8217;aggancio a target di contenuto, risultato, riforma. Ma nei fatti, l&#8217;allontanamento dell&#8217;esperienza del Pnri dalla logica di coesione \u00e8 altissimo: sia nella costruzione dei piani che nell&#8217;attuazione non c&#8217;\u00e8 stata pressoch\u00e9 alcuna interazione coi vari livelli di governo e con la societ\u00e0 civile. Nel 2012, quando ero ministro del governo Monti, costruimmo lo strumento di monitoraggio Open Coesione. Obama premi\u00f2 l&#8217;Italia per la qualit\u00e0 del monitoraggio, mentre oggi neppure i parlamentari sanno con esattezza quali siano i progetti del Pnrr che camminano. I fondi possono essere usati in due modi opposti, ed \u00e8 per questo che il monitoraggio \u00e8 crucia-le: uno \u00e8 distribuire rendite per acquietare momentaneamente; l&#8217;altro \u00e8 cambiare la vita delle persone, tirarle fuori dalla trappola del sottosviluppo con un salto definitivo. Una qualit\u00e0 di monitoraggio bassa implica un deficit di controllo collettivo. E poi c&#8217;\u00e8 la fretta: in teoria il Pnrr \u00e8 legato ai target; di fatto in nome dell&#8217;urgenza sono stati abbassati al punto da rischiare la spesa in nome della spesa.<\/p>\n\n\n\n<p><strong>Cosa si rischia se si usa il &#8220;modello Pnrr&#8221; su pi\u00f9 ampia scala, modificando cosi anche la coesione?<\/strong><\/p>\n\n\n\n<p>Il limite che segnalavo \u00e8 un altro, clamoroso: per Next Generation EU la Commissione non si \u00e8 dotata di una struttura tale da accompagnare i paesi e garantire ai cittadini la qualit\u00e0 dell&#8217;intervento. Una politica sensibile a luoghi e persone \u00e8 esattamente il contrario di uno spezzatino localistico, richiede una squadra robusta o potente a livello centrale e missioni strategiche chiare: met\u00e0 del mio rapporto era dedicata a definirle, e se le ripercorro suonano attuali. L&#8217;intero piano Draghi \u00e8 improntato al keynesismo bastardo; chiede di caricare su figli e nipoti enormi debiti a livello europeo, e per fare cosa? In larga misura, per costruire armi e per creare piccoli Musk europei, stravolgendo cos\u00ec il sistema di imprese che regge l&#8217;innovazione in Europa; e poi per realizzare infrastrutture a scelta dei singoli governi, senza missioni che rispondano alle angosce di milioni di europei.<\/p>\n\n\n\n<p><strong>Le sue riflessioni sottintendono due tendenze: il deterioramento dei processi democratici in Ue e l&#8217;inasprimento del suo versante neoliberista.<\/strong><\/p>\n\n\n\n<p>Esatto. Missioni strategiche implicano un processo democratico, invece von der Leyen accentra: indebolisce ogni commissario con la logica dello spezzati-no; \u00e8 evidente il senso di fragilit\u00e0 di una Commissione che non si radica su una solida coalizione. Il pensiero neoliberista \u2014 per cui la complessit\u00e0 \u00e8 risolvibile con la concentrazione delle decisioni in mano alle corporation &#8211; \u00e8 una delle ragioni per le quali il mio rapporto non ha conquistato i cuori della classe dirigente. Il neoliberismo \u00e8 profondamente antiliberale. Non a caso il rapporto Draghi ammazza l&#8217;anti trust che Biden ci invidiava. Lo straordinario tessuto di imprese europee \u00e8 stato tutelato finora dalle regole sulla concorrenza, principio liberale ma contrario al neoliberismo, che non d\u00e0 limiti all&#8217;iniziativa privata e si alimenta di slogan come &#8220;semplificazione&#8221; (interpretandola come abbattimento di vincoli e regole). Tutto ci\u00f2 comporta lo smantellamento degli strumenti che avevano reso l&#8217;Europa capace di affrontare le sfide. Draghi \u00e8 convinto che la democrazia sia ortogonale alla competitivit\u00e0, non comprendendo che invece le due cose vanno insieme: non ho problemi con la competitivit\u00e0 in s\u00e9, ma giocando con le mie carte. L&#8217;Europarlamento \u00e8 il posto dove fare queste battaglie, e lo \u00e8 specialmente ora che non c&#8217;\u00e8 pi\u00f9 maggioranza stabile: questa \u00e8 una occasione per le destre, certo, ma potrebbe pure venir voglia ai socialisti di fare opposizione&#8230; Il neoliberismo di Thatcher, Reagan, persino di Berlusconi, ha provocato danni paurosi, ma prometteva che dietro l&#8217;angolo della diseguaglianza ci fosse l&#8217;uguaglianza per tutti. Questo neoliberismo invece non \u00e8 neppure in grado di promettere questo. Dunque ha bisogno dell&#8217;autoritarismo, dell&#8217;ossessione compulsiva della difesa; attraversa una fase gramscianamente involutiva, ha bisogno di dominare, della concentrazione di poteri, del ddl 660.<\/p>\n\n\n\n<p><em>*Questo contenuto giornalistico fa parte del progetto &#8220;#Coesioneltalia. L&#8217;Europa vicina&#8221;, che \u00e8 finanziato dall&#8217;Ue. I punti di vista e le opinioni espresse sono tuttavia esclusivamente quelli dell&#8217;autore e non riflettono necessariamente quelli dell&#8217;Ue. N\u00e9 l&#8217;Ue n\u00e9 l&#8217;autorit\u00e0 che eroga il finanziamento possono essere ritenute responsabili per tali opinioni.<\/em><\/p>\n\n\n\n<p><\/p>\n","protected":false},"excerpt":{"rendered":"<p>La politica di coesione segna la biografia di Fabrizio Barca, oggi co-coordinatore del Forum Disuguaglianze e Diversit\u00e0.<\/p>\n","protected":false},"author":6538,"featured_media":21454,"comment_status":"closed","ping_status":"closed","sticky":false,"template":"","format":"standard","meta":{"footnotes":""},"categories":[9],"tags":[],"class_list":["post-21453","post","type-post","status-publish","format-standard","has-post-thumbnail","hentry","category-newsletter"],"yoast_head":"<!-- This site is optimized with the Yoast SEO plugin v27.5 - https:\/\/yoast.com\/product\/yoast-seo-wordpress\/ -->\n<title>Barca:\u2018\u2019Il piano Draghi? Un danno per l\u2019EU\u2019\u2019\u00a0 - Nuovi Lavori<\/title>\n<meta name=\"robots\" content=\"index, follow, max-snippet:-1, max-image-preview:large, max-video-preview:-1\" \/>\n<link rel=\"canonical\" href=\"https:\/\/nuovi-lavori.it\/index.php\/barcail-piano-draghi-un-danno-per-leu\/\" \/>\n<meta property=\"og:locale\" content=\"it_IT\" \/>\n<meta property=\"og:type\" content=\"article\" \/>\n<meta property=\"og:title\" content=\"Barca:\u2018\u2019Il piano Draghi? Un danno per l\u2019EU\u2019\u2019\u00a0 - Nuovi Lavori\" \/>\n<meta property=\"og:description\" content=\"La politica di coesione segna la biografia di Fabrizio Barca, oggi co-coordinatore del Forum Disuguaglianze e Diversit\u00e0.\" \/>\n<meta property=\"og:url\" content=\"https:\/\/nuovi-lavori.it\/index.php\/barcail-piano-draghi-un-danno-per-leu\/\" \/>\n<meta property=\"og:site_name\" content=\"Nuovi Lavori\" \/>\n<meta property=\"article:published_time\" content=\"2025-01-21T09:37:05+00:00\" \/>\n<meta property=\"article:modified_time\" content=\"2025-01-21T17:17:25+00:00\" \/>\n<meta property=\"og:image\" content=\"https:\/\/nuovi-lavori.it\/wp-content\/uploads\/2025\/01\/pianodraghi.png\" \/>\n\t<meta property=\"og:image:width\" content=\"818\" \/>\n\t<meta property=\"og:image:height\" content=\"583\" \/>\n\t<meta property=\"og:image:type\" content=\"image\/png\" \/>\n<meta name=\"author\" content=\"Francesca De Benedetti*\" \/>\n<meta name=\"twitter:card\" content=\"summary_large_image\" \/>\n<meta name=\"twitter:label1\" content=\"Scritto da\" \/>\n\t<meta name=\"twitter:data1\" content=\"Francesca De Benedetti*\" \/>\n\t<meta name=\"twitter:label2\" content=\"Tempo di lettura stimato\" \/>\n\t<meta name=\"twitter:data2\" content=\"6 minuti\" \/>\n<script type=\"application\/ld+json\" class=\"yoast-schema-graph\">{\"@context\":\"https:\\\/\\\/schema.org\",\"@graph\":[{\"@type\":\"Article\",\"@id\":\"https:\\\/\\\/nuovi-lavori.it\\\/index.php\\\/barcail-piano-draghi-un-danno-per-leu\\\/#article\",\"isPartOf\":{\"@id\":\"https:\\\/\\\/nuovi-lavori.it\\\/index.php\\\/barcail-piano-draghi-un-danno-per-leu\\\/\"},\"author\":{\"name\":\"Francesca De Benedetti*\",\"@id\":\"https:\\\/\\\/nuovi-lavori.it\\\/#\\\/schema\\\/person\\\/d9a86a0b95a5570b8217270e48a67aaa\"},\"headline\":\"Barca:\u2018\u2019Il piano Draghi? Un danno per l\u2019EU\u2019\u2019\u00a0\",\"datePublished\":\"2025-01-21T09:37:05+00:00\",\"dateModified\":\"2025-01-21T17:17:25+00:00\",\"mainEntityOfPage\":{\"@id\":\"https:\\\/\\\/nuovi-lavori.it\\\/index.php\\\/barcail-piano-draghi-un-danno-per-leu\\\/\"},\"wordCount\":1030,\"publisher\":{\"@id\":\"https:\\\/\\\/nuovi-lavori.it\\\/#organization\"},\"image\":{\"@id\":\"https:\\\/\\\/nuovi-lavori.it\\\/index.php\\\/barcail-piano-draghi-un-danno-per-leu\\\/#primaryimage\"},\"thumbnailUrl\":\"https:\\\/\\\/nuovi-lavori.it\\\/wp-content\\\/uploads\\\/2025\\\/01\\\/pianodraghi.png\",\"articleSection\":[\"Newsletter\"],\"inLanguage\":\"it-IT\"},{\"@type\":\"WebPage\",\"@id\":\"https:\\\/\\\/nuovi-lavori.it\\\/index.php\\\/barcail-piano-draghi-un-danno-per-leu\\\/\",\"url\":\"https:\\\/\\\/nuovi-lavori.it\\\/index.php\\\/barcail-piano-draghi-un-danno-per-leu\\\/\",\"name\":\"Barca:\u2018\u2019Il piano Draghi? Un danno per l\u2019EU\u2019\u2019\u00a0 - Nuovi Lavori\",\"isPartOf\":{\"@id\":\"https:\\\/\\\/nuovi-lavori.it\\\/#website\"},\"primaryImageOfPage\":{\"@id\":\"https:\\\/\\\/nuovi-lavori.it\\\/index.php\\\/barcail-piano-draghi-un-danno-per-leu\\\/#primaryimage\"},\"image\":{\"@id\":\"https:\\\/\\\/nuovi-lavori.it\\\/index.php\\\/barcail-piano-draghi-un-danno-per-leu\\\/#primaryimage\"},\"thumbnailUrl\":\"https:\\\/\\\/nuovi-lavori.it\\\/wp-content\\\/uploads\\\/2025\\\/01\\\/pianodraghi.png\",\"datePublished\":\"2025-01-21T09:37:05+00:00\",\"dateModified\":\"2025-01-21T17:17:25+00:00\",\"breadcrumb\":{\"@id\":\"https:\\\/\\\/nuovi-lavori.it\\\/index.php\\\/barcail-piano-draghi-un-danno-per-leu\\\/#breadcrumb\"},\"inLanguage\":\"it-IT\",\"potentialAction\":[{\"@type\":\"ReadAction\",\"target\":[\"https:\\\/\\\/nuovi-lavori.it\\\/index.php\\\/barcail-piano-draghi-un-danno-per-leu\\\/\"]}]},{\"@type\":\"ImageObject\",\"inLanguage\":\"it-IT\",\"@id\":\"https:\\\/\\\/nuovi-lavori.it\\\/index.php\\\/barcail-piano-draghi-un-danno-per-leu\\\/#primaryimage\",\"url\":\"https:\\\/\\\/nuovi-lavori.it\\\/wp-content\\\/uploads\\\/2025\\\/01\\\/pianodraghi.png\",\"contentUrl\":\"https:\\\/\\\/nuovi-lavori.it\\\/wp-content\\\/uploads\\\/2025\\\/01\\\/pianodraghi.png\",\"width\":818,\"height\":583},{\"@type\":\"BreadcrumbList\",\"@id\":\"https:\\\/\\\/nuovi-lavori.it\\\/index.php\\\/barcail-piano-draghi-un-danno-per-leu\\\/#breadcrumb\",\"itemListElement\":[{\"@type\":\"ListItem\",\"position\":1,\"name\":\"Home\",\"item\":\"https:\\\/\\\/nuovi-lavori.it\\\/\"},{\"@type\":\"ListItem\",\"position\":2,\"name\":\"Newsletter\",\"item\":\"https:\\\/\\\/nuovi-lavori.it\\\/index.php\\\/category\\\/newsletter\\\/\"},{\"@type\":\"ListItem\",\"position\":3,\"name\":\"Barca:\u2018\u2019Il piano Draghi? Un danno per l\u2019EU\u2019\u2019\u00a0\"}]},{\"@type\":\"WebSite\",\"@id\":\"https:\\\/\\\/nuovi-lavori.it\\\/#website\",\"url\":\"https:\\\/\\\/nuovi-lavori.it\\\/\",\"name\":\"Nuovi Lavori\",\"description\":\"\",\"publisher\":{\"@id\":\"https:\\\/\\\/nuovi-lavori.it\\\/#organization\"},\"potentialAction\":[{\"@type\":\"SearchAction\",\"target\":{\"@type\":\"EntryPoint\",\"urlTemplate\":\"https:\\\/\\\/nuovi-lavori.it\\\/?s={search_term_string}\"},\"query-input\":{\"@type\":\"PropertyValueSpecification\",\"valueRequired\":true,\"valueName\":\"search_term_string\"}}],\"inLanguage\":\"it-IT\"},{\"@type\":\"Organization\",\"@id\":\"https:\\\/\\\/nuovi-lavori.it\\\/#organization\",\"name\":\"Nuovi Lavori\",\"url\":\"https:\\\/\\\/nuovi-lavori.it\\\/\",\"logo\":{\"@type\":\"ImageObject\",\"inLanguage\":\"it-IT\",\"@id\":\"https:\\\/\\\/nuovi-lavori.it\\\/#\\\/schema\\\/logo\\\/image\\\/\",\"url\":\"http:\\\/\\\/5.249.146.118\\\/wp-content\\\/uploads\\\/2013\\\/11\\\/images_logonl.jpg\",\"contentUrl\":\"http:\\\/\\\/5.249.146.118\\\/wp-content\\\/uploads\\\/2013\\\/11\\\/images_logonl.jpg\",\"width\":400,\"height\":327,\"caption\":\"Nuovi Lavori\"},\"image\":{\"@id\":\"https:\\\/\\\/nuovi-lavori.it\\\/#\\\/schema\\\/logo\\\/image\\\/\"},\"sameAs\":[\"https:\\\/\\\/www.youtube.com\\\/user\\\/newsletteranl\"]},{\"@type\":\"Person\",\"@id\":\"https:\\\/\\\/nuovi-lavori.it\\\/#\\\/schema\\\/person\\\/d9a86a0b95a5570b8217270e48a67aaa\",\"name\":\"Francesca De Benedetti*\",\"image\":{\"@type\":\"ImageObject\",\"inLanguage\":\"it-IT\",\"@id\":\"https:\\\/\\\/secure.gravatar.com\\\/avatar\\\/41c6f55019991dc28de4114067486a2c651a489f73e2d4ab9e53d53b23727604?s=96&d=mm&r=g\",\"url\":\"https:\\\/\\\/secure.gravatar.com\\\/avatar\\\/41c6f55019991dc28de4114067486a2c651a489f73e2d4ab9e53d53b23727604?s=96&d=mm&r=g\",\"contentUrl\":\"https:\\\/\\\/secure.gravatar.com\\\/avatar\\\/41c6f55019991dc28de4114067486a2c651a489f73e2d4ab9e53d53b23727604?s=96&d=mm&r=g\",\"caption\":\"Francesca De Benedetti*\"},\"url\":\"https:\\\/\\\/nuovi-lavori.it\\\/index.php\\\/author\\\/francesca-de-benedetti\\\/\"}]}<\/script>\n<!-- \/ Yoast SEO plugin. -->","yoast_head_json":{"title":"Barca:\u2018\u2019Il piano Draghi? Un danno per l\u2019EU\u2019\u2019\u00a0 - Nuovi Lavori","robots":{"index":"index","follow":"follow","max-snippet":"max-snippet:-1","max-image-preview":"max-image-preview:large","max-video-preview":"max-video-preview:-1"},"canonical":"https:\/\/nuovi-lavori.it\/index.php\/barcail-piano-draghi-un-danno-per-leu\/","og_locale":"it_IT","og_type":"article","og_title":"Barca:\u2018\u2019Il piano Draghi? Un danno per l\u2019EU\u2019\u2019\u00a0 - Nuovi Lavori","og_description":"La politica di coesione segna la biografia di Fabrizio Barca, oggi co-coordinatore del Forum Disuguaglianze e Diversit\u00e0.","og_url":"https:\/\/nuovi-lavori.it\/index.php\/barcail-piano-draghi-un-danno-per-leu\/","og_site_name":"Nuovi Lavori","article_published_time":"2025-01-21T09:37:05+00:00","article_modified_time":"2025-01-21T17:17:25+00:00","og_image":[{"width":818,"height":583,"url":"https:\/\/nuovi-lavori.it\/wp-content\/uploads\/2025\/01\/pianodraghi.png","type":"image\/png"}],"author":"Francesca De Benedetti*","twitter_card":"summary_large_image","twitter_misc":{"Scritto da":"Francesca De Benedetti*","Tempo di lettura stimato":"6 minuti"},"schema":{"@context":"https:\/\/schema.org","@graph":[{"@type":"Article","@id":"https:\/\/nuovi-lavori.it\/index.php\/barcail-piano-draghi-un-danno-per-leu\/#article","isPartOf":{"@id":"https:\/\/nuovi-lavori.it\/index.php\/barcail-piano-draghi-un-danno-per-leu\/"},"author":{"name":"Francesca De Benedetti*","@id":"https:\/\/nuovi-lavori.it\/#\/schema\/person\/d9a86a0b95a5570b8217270e48a67aaa"},"headline":"Barca:\u2018\u2019Il piano Draghi? Un danno per l\u2019EU\u2019\u2019\u00a0","datePublished":"2025-01-21T09:37:05+00:00","dateModified":"2025-01-21T17:17:25+00:00","mainEntityOfPage":{"@id":"https:\/\/nuovi-lavori.it\/index.php\/barcail-piano-draghi-un-danno-per-leu\/"},"wordCount":1030,"publisher":{"@id":"https:\/\/nuovi-lavori.it\/#organization"},"image":{"@id":"https:\/\/nuovi-lavori.it\/index.php\/barcail-piano-draghi-un-danno-per-leu\/#primaryimage"},"thumbnailUrl":"https:\/\/nuovi-lavori.it\/wp-content\/uploads\/2025\/01\/pianodraghi.png","articleSection":["Newsletter"],"inLanguage":"it-IT"},{"@type":"WebPage","@id":"https:\/\/nuovi-lavori.it\/index.php\/barcail-piano-draghi-un-danno-per-leu\/","url":"https:\/\/nuovi-lavori.it\/index.php\/barcail-piano-draghi-un-danno-per-leu\/","name":"Barca:\u2018\u2019Il piano Draghi? Un danno per l\u2019EU\u2019\u2019\u00a0 - Nuovi Lavori","isPartOf":{"@id":"https:\/\/nuovi-lavori.it\/#website"},"primaryImageOfPage":{"@id":"https:\/\/nuovi-lavori.it\/index.php\/barcail-piano-draghi-un-danno-per-leu\/#primaryimage"},"image":{"@id":"https:\/\/nuovi-lavori.it\/index.php\/barcail-piano-draghi-un-danno-per-leu\/#primaryimage"},"thumbnailUrl":"https:\/\/nuovi-lavori.it\/wp-content\/uploads\/2025\/01\/pianodraghi.png","datePublished":"2025-01-21T09:37:05+00:00","dateModified":"2025-01-21T17:17:25+00:00","breadcrumb":{"@id":"https:\/\/nuovi-lavori.it\/index.php\/barcail-piano-draghi-un-danno-per-leu\/#breadcrumb"},"inLanguage":"it-IT","potentialAction":[{"@type":"ReadAction","target":["https:\/\/nuovi-lavori.it\/index.php\/barcail-piano-draghi-un-danno-per-leu\/"]}]},{"@type":"ImageObject","inLanguage":"it-IT","@id":"https:\/\/nuovi-lavori.it\/index.php\/barcail-piano-draghi-un-danno-per-leu\/#primaryimage","url":"https:\/\/nuovi-lavori.it\/wp-content\/uploads\/2025\/01\/pianodraghi.png","contentUrl":"https:\/\/nuovi-lavori.it\/wp-content\/uploads\/2025\/01\/pianodraghi.png","width":818,"height":583},{"@type":"BreadcrumbList","@id":"https:\/\/nuovi-lavori.it\/index.php\/barcail-piano-draghi-un-danno-per-leu\/#breadcrumb","itemListElement":[{"@type":"ListItem","position":1,"name":"Home","item":"https:\/\/nuovi-lavori.it\/"},{"@type":"ListItem","position":2,"name":"Newsletter","item":"https:\/\/nuovi-lavori.it\/index.php\/category\/newsletter\/"},{"@type":"ListItem","position":3,"name":"Barca:\u2018\u2019Il piano Draghi? Un danno per l\u2019EU\u2019\u2019\u00a0"}]},{"@type":"WebSite","@id":"https:\/\/nuovi-lavori.it\/#website","url":"https:\/\/nuovi-lavori.it\/","name":"Nuovi Lavori","description":"","publisher":{"@id":"https:\/\/nuovi-lavori.it\/#organization"},"potentialAction":[{"@type":"SearchAction","target":{"@type":"EntryPoint","urlTemplate":"https:\/\/nuovi-lavori.it\/?s={search_term_string}"},"query-input":{"@type":"PropertyValueSpecification","valueRequired":true,"valueName":"search_term_string"}}],"inLanguage":"it-IT"},{"@type":"Organization","@id":"https:\/\/nuovi-lavori.it\/#organization","name":"Nuovi Lavori","url":"https:\/\/nuovi-lavori.it\/","logo":{"@type":"ImageObject","inLanguage":"it-IT","@id":"https:\/\/nuovi-lavori.it\/#\/schema\/logo\/image\/","url":"http:\/\/5.249.146.118\/wp-content\/uploads\/2013\/11\/images_logonl.jpg","contentUrl":"http:\/\/5.249.146.118\/wp-content\/uploads\/2013\/11\/images_logonl.jpg","width":400,"height":327,"caption":"Nuovi Lavori"},"image":{"@id":"https:\/\/nuovi-lavori.it\/#\/schema\/logo\/image\/"},"sameAs":["https:\/\/www.youtube.com\/user\/newsletteranl"]},{"@type":"Person","@id":"https:\/\/nuovi-lavori.it\/#\/schema\/person\/d9a86a0b95a5570b8217270e48a67aaa","name":"Francesca De Benedetti*","image":{"@type":"ImageObject","inLanguage":"it-IT","@id":"https:\/\/secure.gravatar.com\/avatar\/41c6f55019991dc28de4114067486a2c651a489f73e2d4ab9e53d53b23727604?s=96&d=mm&r=g","url":"https:\/\/secure.gravatar.com\/avatar\/41c6f55019991dc28de4114067486a2c651a489f73e2d4ab9e53d53b23727604?s=96&d=mm&r=g","contentUrl":"https:\/\/secure.gravatar.com\/avatar\/41c6f55019991dc28de4114067486a2c651a489f73e2d4ab9e53d53b23727604?s=96&d=mm&r=g","caption":"Francesca De Benedetti*"},"url":"https:\/\/nuovi-lavori.it\/index.php\/author\/francesca-de-benedetti\/"}]}},"_links":{"self":[{"href":"https:\/\/nuovi-lavori.it\/index.php\/wp-json\/wp\/v2\/posts\/21453","targetHints":{"allow":["GET"]}}],"collection":[{"href":"https:\/\/nuovi-lavori.it\/index.php\/wp-json\/wp\/v2\/posts"}],"about":[{"href":"https:\/\/nuovi-lavori.it\/index.php\/wp-json\/wp\/v2\/types\/post"}],"author":[{"embeddable":true,"href":"https:\/\/nuovi-lavori.it\/index.php\/wp-json\/wp\/v2\/users\/6538"}],"replies":[{"embeddable":true,"href":"https:\/\/nuovi-lavori.it\/index.php\/wp-json\/wp\/v2\/comments?post=21453"}],"version-history":[{"count":1,"href":"https:\/\/nuovi-lavori.it\/index.php\/wp-json\/wp\/v2\/posts\/21453\/revisions"}],"predecessor-version":[{"id":21455,"href":"https:\/\/nuovi-lavori.it\/index.php\/wp-json\/wp\/v2\/posts\/21453\/revisions\/21455"}],"wp:featuredmedia":[{"embeddable":true,"href":"https:\/\/nuovi-lavori.it\/index.php\/wp-json\/wp\/v2\/media\/21454"}],"wp:attachment":[{"href":"https:\/\/nuovi-lavori.it\/index.php\/wp-json\/wp\/v2\/media?parent=21453"}],"wp:term":[{"taxonomy":"category","embeddable":true,"href":"https:\/\/nuovi-lavori.it\/index.php\/wp-json\/wp\/v2\/categories?post=21453"},{"taxonomy":"post_tag","embeddable":true,"href":"https:\/\/nuovi-lavori.it\/index.php\/wp-json\/wp\/v2\/tags?post=21453"}],"curies":[{"name":"wp","href":"https:\/\/api.w.org\/{rel}","templated":true}]}}