{"id":21470,"date":"2025-01-21T18:21:51","date_gmt":"2025-01-21T17:21:51","guid":{"rendered":"https:\/\/nuovi-lavori.it\/?p=21470"},"modified":"2025-02-03T17:54:28","modified_gmt":"2025-02-03T16:54:28","slug":"no-titolo-morese","status":"publish","type":"post","link":"https:\/\/nuovi-lavori.it\/index.php\/no-titolo-morese\/","title":{"rendered":"La concertazione ieri e oggi"},"content":{"rendered":"\n<p>Il venticinquesimo anniversario della morte di Bettino Craxi \u00e8 stato ricordato alquanto in sordina. Figura politica complessa, molto discussa e anche penalmente condannato. Ma che in ogni caso, \u00e8 da considerare comunque un cavallo di razza del panorama politico italiano ed europeo di tutti i tempi. Anche di quelli attuali.<br><br>Come ha ricordato il Presidente della Repubblica in modo garbato ma preciso, \u201cuna spiccata determinazione caratterizz\u00f2 le sue battaglie politiche, sia nel confronto tra i partiti, sia in campo sociale e sindacale, catalizzando sentimenti contrastanti nel Paese\u201d. Il riferimento \u00e8 evidentemente al lungo braccio di ferro di tipo egemonico con il PCI di Berlinguer e all\u2019accordo di San Valentino che diede un colpo mortale all\u2019inflazione pi\u00f9 alta della storia repubblicana ma fece anche tramontare la prospettiva dell\u2019unit\u00e0 sindacale.<br><br>Su quest\u2019ultima vicenda credo che non sar\u00e0 mai messo un punto fermo nella valutazione storica e politica. Eppure i fatti hanno dimostrato che fu un momento di alta concertazione tra Governo e parti sociali e di grande efficacia nella gestione della politica economica del Paese. Con quell\u2019accordo, si pass\u00f2 da una inflazione del 21% al 9% alla vigilia del referendum, che rappresent\u00f2 una cocente sconfitta del PCI che lo aveva voluto con testarda determinazione.<br><br>Un po\u2019 mi ha sorpreso la dichiarazione di Cofferati sulle intenzioni di Craxi. \u201cPer un Governo di centro sinistra sarebbe stato normale, secondo me, considerare importante e decisivo il confronto con il mondo del lavoro, invece Craxi ha lavorato per indebolirlo.\u201d (Il fatto quotidiano, 20\/01\/2025). In realt\u00e0, Benvenuto, Carniti e Lama contrattarono fino alle virgole un accordo che era pi\u00f9 ampio del taglio di 3 punti di scala mobile e che disegn\u00f2 la politica del lavoro per il decennio successivo. Ci furono anche dei tentativi di conciliare le posizioni.<br><br>Ma sul piano politico n\u00e9 Berlinguer, n\u00e9 Craxi potevano smentirsi. Il primo aveva alzato la bandiera della parlamentarizzazione della questione, il secondo non poteva manomettere un\u2019intesa con le parti sociali. Altro che indebolimento del ruolo del sindacato, come rappresentante primario del mondo del lavoro.<br><br>D\u2019altra parte, tanto Cofferati che io compartecipammo a quasi dieci anni di faticosa ricostruzione di un minimo di unit\u00e0 d\u2019azione e sulla scia di quell\u2019accordo realizzammo quelli del 1992 (Governo Amato) e del 1993 (Governo Ciampi) che riflettevano appunto la logica della concertazione tra governo e parti sociali.<br><br>Ma questa memoria, ci riporta ai giorni d\u2019oggi. Non perch\u00e9 vi siano assonanze di contesto economico, di dinamiche politiche, di omogeneit\u00e0 di tensioni sociali. Siamo in tutt\u2019altra situazione rispetto al 1984. Per\u00f2, la disunit\u00e0 sindacale persiste, ma con una peculiarit\u00e0 di comportamenti che si sta delineando non come fenomeno occasionale ma di lunga lena. Le Confederazioni CGIL, CISL e UIL hanno quasi azzerato le occasioni di comunanza propositiva (restano in piedi le manifestazioni del 1\u00b0 Maggio e il Concertone di piazza s. Giovanni) mentre le loro categorie, specie nel settore privato e soprattutto nella manifattura, agiscono unitariamente nell\u2019attivit\u00e0 contrattuale sia di base che nazionale. Situazione inedita e di difficile tenuta nel tempo, a meno che non si accetti il rischio che le strutture si connotino sempre pi\u00f9 ripiegate su s\u00e9 stesse e sempre meno solidaristiche tra loro e verso le aree pi\u00f9 deboli del mercato del lavoro.<br><br>Sia chiaro, il bisogno di confederalit\u00e0 non lo si impone con editti o invocando la tradizione; sono le vicende della condizione dei lavoratori che lievitano questa esigenza. Il bisogno di unit\u00e0 non \u00e8 un obbligo di legge, n\u00e9 una forzatura intellettualistica; \u00e8 la necessit\u00e0 di far fronte ai grandi cambiamenti che lo esige. Ma anche se si convenisse su queste opzioni, il passare dal dire al fare implica una scelta di fondo. Quella di una sincera condivisione della concezione dell\u2019autonomia che deve connotare il sindacato confederale del nuovo secolo.<br><br>Allo stato sembra che prevalgano due visioni dell\u2019autonomia sindacale. A vedere le scelte che vengono fatte, sembra che si oscilli tra un\u2019idea di autonomia tutta politica, quasi di tipo laburistica da inizio del secolo scorso, per cui il sindacato definisce la sua agenda che trascende la dimensione contrattualistica, ma la detta anche alla sinistra politica e un\u2019altra che nella sua gerarchia dei valori mette al primo posto gli interessi contrattuali e dei servizi al lavoratore e poi le esigenze di carattere generali. Una competizione tra queste due visioni \u00e8 veramente inevitabile? Oppure posso essere conciliate, alzando e non abbassando la visione strategica e il livello delle richieste?<br><br>Sia guardando alle prospettive europee che a quelle del nostro Paese appare con sempre pi\u00f9 urgenza che ci\u00f2 che necessita sia un grande sforzo propositivo e una forte energia per non affidarsi allo stellone (c\u2019\u00e8 qualcuno che sa quale futuro per l\u2019Italia hanno in testa Meloni e la sua maggioranza?). Il sindacato non pu\u00f2 sottrarsi da questo impegno; deve rilanciare la concertazione come unico modo per governare la transizione da un esausto modello di sviluppo ad uno pi\u00f9 nuovo e possibilmente non egemonizzato dal tecnopotere delle propriet\u00e0 delle piattaforme digitali.<br><br>Punti di forza di questa scelta potrebbero essere due. Una concertazione europea tra Commissione europea e rappresentanze europee delle parti sociali per definire come utilizzare nella maniera pi\u00f9 socialmente accettabile la realizzazione del Rapporto Draghi. Un\u2019altra, tutta interna all\u2019Italia, che possa conciliare stabilit\u00e0 dell\u2019occupazione &#8211; pur in presenza di complesse mutazioni delle professionalit\u00e0 richieste \u2013 e crescita dei salari, sia ridefinendo il sistema contrattuale e la rappresentativit\u00e0 dei soggetti sociali, sia ponendo mano al sistema fiscale che sempre pi\u00f9 taglieggia il mondo del lavoro e mette in pericolo lo Stato sociale.<br><br>In altre parole, dopo un periodo non breve e collaudato nel rapporto tanto con controparti, purtroppo interessate a fasi alterne al confronto di ordine generale, quanto con Governi di varia composizione, si dovrebbe per lo meno fare un bilancio dei costi\/benefici della disunit\u00e0 del sindacalismo confederale. E quindi trarre valutazioni finalizzate a superarla. Di certo, nessun dialogo sociale pu\u00f2 prendere corpo, men che meno quello che \u00e8 utile in Europa e in Italia, se non ci sar\u00e0 una forte iniziativa sindacale che costringa gli altri soggetti sociali e istituzionali a rimboccarsi le maniche e incominciare a disegnare i percorsi per governare con il minor conflitto possibile gli sbocchi individuati.<\/p>\n","protected":false},"excerpt":{"rendered":"<p>Il venticinquesimo anniversario della morte di Bettino Craxi \u00e8 stato ricordato alquanto in sordina. Figura politica complessa, molto discussa e anche penalmente condannato. <\/p>\n","protected":false},"author":6341,"featured_media":21480,"comment_status":"closed","ping_status":"closed","sticky":false,"template":"","format":"standard","meta":{"footnotes":""},"categories":[9],"tags":[],"class_list":["post-21470","post","type-post","status-publish","format-standard","has-post-thumbnail","hentry","category-newsletter"],"yoast_head":"<!-- This site is optimized with the Yoast SEO plugin v27.5 - https:\/\/yoast.com\/product\/yoast-seo-wordpress\/ -->\n<title>La concertazione ieri e oggi - Nuovi Lavori<\/title>\n<meta name=\"robots\" content=\"index, follow, max-snippet:-1, max-image-preview:large, max-video-preview:-1\" \/>\n<link rel=\"canonical\" href=\"https:\/\/nuovi-lavori.it\/index.php\/no-titolo-morese\/\" \/>\n<meta property=\"og:locale\" content=\"it_IT\" \/>\n<meta property=\"og:type\" content=\"article\" \/>\n<meta property=\"og:title\" content=\"La concertazione ieri e oggi - Nuovi Lavori\" \/>\n<meta property=\"og:description\" content=\"Il venticinquesimo anniversario della morte di Bettino Craxi \u00e8 stato ricordato alquanto in sordina. Figura politica complessa, molto discussa e anche penalmente condannato.\" \/>\n<meta property=\"og:url\" content=\"https:\/\/nuovi-lavori.it\/index.php\/no-titolo-morese\/\" \/>\n<meta property=\"og:site_name\" content=\"Nuovi Lavori\" \/>\n<meta property=\"article:published_time\" content=\"2025-01-21T17:21:51+00:00\" \/>\n<meta property=\"article:modified_time\" content=\"2025-02-03T16:54:28+00:00\" \/>\n<meta property=\"og:image\" content=\"https:\/\/nuovi-lavori.it\/wp-content\/uploads\/2025\/01\/tavoloconcertazione.jpg\" \/>\n\t<meta property=\"og:image:width\" content=\"290\" \/>\n\t<meta property=\"og:image:height\" content=\"174\" \/>\n\t<meta property=\"og:image:type\" content=\"image\/jpeg\" \/>\n<meta name=\"author\" content=\"Raffaele Morese\" \/>\n<meta name=\"twitter:card\" content=\"summary_large_image\" \/>\n<meta name=\"twitter:label1\" content=\"Scritto da\" \/>\n\t<meta name=\"twitter:data1\" content=\"Raffaele Morese\" \/>\n\t<meta name=\"twitter:label2\" content=\"Tempo di lettura stimato\" \/>\n\t<meta name=\"twitter:data2\" content=\"6 minuti\" \/>\n<script type=\"application\/ld+json\" class=\"yoast-schema-graph\">{\"@context\":\"https:\\\/\\\/schema.org\",\"@graph\":[{\"@type\":\"Article\",\"@id\":\"https:\\\/\\\/nuovi-lavori.it\\\/index.php\\\/no-titolo-morese\\\/#article\",\"isPartOf\":{\"@id\":\"https:\\\/\\\/nuovi-lavori.it\\\/index.php\\\/no-titolo-morese\\\/\"},\"author\":{\"name\":\"Raffaele Morese\",\"@id\":\"https:\\\/\\\/nuovi-lavori.it\\\/#\\\/schema\\\/person\\\/4768859afb8ce507df626060d213b701\"},\"headline\":\"La concertazione ieri e oggi\",\"datePublished\":\"2025-01-21T17:21:51+00:00\",\"dateModified\":\"2025-02-03T16:54:28+00:00\",\"mainEntityOfPage\":{\"@id\":\"https:\\\/\\\/nuovi-lavori.it\\\/index.php\\\/no-titolo-morese\\\/\"},\"wordCount\":1026,\"publisher\":{\"@id\":\"https:\\\/\\\/nuovi-lavori.it\\\/#organization\"},\"image\":{\"@id\":\"https:\\\/\\\/nuovi-lavori.it\\\/index.php\\\/no-titolo-morese\\\/#primaryimage\"},\"thumbnailUrl\":\"https:\\\/\\\/nuovi-lavori.it\\\/wp-content\\\/uploads\\\/2025\\\/01\\\/tavoloconcertazione.jpg\",\"articleSection\":[\"Newsletter\"],\"inLanguage\":\"it-IT\"},{\"@type\":\"WebPage\",\"@id\":\"https:\\\/\\\/nuovi-lavori.it\\\/index.php\\\/no-titolo-morese\\\/\",\"url\":\"https:\\\/\\\/nuovi-lavori.it\\\/index.php\\\/no-titolo-morese\\\/\",\"name\":\"La concertazione ieri e oggi - Nuovi Lavori\",\"isPartOf\":{\"@id\":\"https:\\\/\\\/nuovi-lavori.it\\\/#website\"},\"primaryImageOfPage\":{\"@id\":\"https:\\\/\\\/nuovi-lavori.it\\\/index.php\\\/no-titolo-morese\\\/#primaryimage\"},\"image\":{\"@id\":\"https:\\\/\\\/nuovi-lavori.it\\\/index.php\\\/no-titolo-morese\\\/#primaryimage\"},\"thumbnailUrl\":\"https:\\\/\\\/nuovi-lavori.it\\\/wp-content\\\/uploads\\\/2025\\\/01\\\/tavoloconcertazione.jpg\",\"datePublished\":\"2025-01-21T17:21:51+00:00\",\"dateModified\":\"2025-02-03T16:54:28+00:00\",\"breadcrumb\":{\"@id\":\"https:\\\/\\\/nuovi-lavori.it\\\/index.php\\\/no-titolo-morese\\\/#breadcrumb\"},\"inLanguage\":\"it-IT\",\"potentialAction\":[{\"@type\":\"ReadAction\",\"target\":[\"https:\\\/\\\/nuovi-lavori.it\\\/index.php\\\/no-titolo-morese\\\/\"]}]},{\"@type\":\"ImageObject\",\"inLanguage\":\"it-IT\",\"@id\":\"https:\\\/\\\/nuovi-lavori.it\\\/index.php\\\/no-titolo-morese\\\/#primaryimage\",\"url\":\"https:\\\/\\\/nuovi-lavori.it\\\/wp-content\\\/uploads\\\/2025\\\/01\\\/tavoloconcertazione.jpg\",\"contentUrl\":\"https:\\\/\\\/nuovi-lavori.it\\\/wp-content\\\/uploads\\\/2025\\\/01\\\/tavoloconcertazione.jpg\",\"width\":290,\"height\":174},{\"@type\":\"BreadcrumbList\",\"@id\":\"https:\\\/\\\/nuovi-lavori.it\\\/index.php\\\/no-titolo-morese\\\/#breadcrumb\",\"itemListElement\":[{\"@type\":\"ListItem\",\"position\":1,\"name\":\"Home\",\"item\":\"https:\\\/\\\/nuovi-lavori.it\\\/\"},{\"@type\":\"ListItem\",\"position\":2,\"name\":\"Newsletter\",\"item\":\"https:\\\/\\\/nuovi-lavori.it\\\/index.php\\\/category\\\/newsletter\\\/\"},{\"@type\":\"ListItem\",\"position\":3,\"name\":\"La concertazione ieri e oggi\"}]},{\"@type\":\"WebSite\",\"@id\":\"https:\\\/\\\/nuovi-lavori.it\\\/#website\",\"url\":\"https:\\\/\\\/nuovi-lavori.it\\\/\",\"name\":\"Nuovi Lavori\",\"description\":\"\",\"publisher\":{\"@id\":\"https:\\\/\\\/nuovi-lavori.it\\\/#organization\"},\"potentialAction\":[{\"@type\":\"SearchAction\",\"target\":{\"@type\":\"EntryPoint\",\"urlTemplate\":\"https:\\\/\\\/nuovi-lavori.it\\\/?s={search_term_string}\"},\"query-input\":{\"@type\":\"PropertyValueSpecification\",\"valueRequired\":true,\"valueName\":\"search_term_string\"}}],\"inLanguage\":\"it-IT\"},{\"@type\":\"Organization\",\"@id\":\"https:\\\/\\\/nuovi-lavori.it\\\/#organization\",\"name\":\"Nuovi Lavori\",\"url\":\"https:\\\/\\\/nuovi-lavori.it\\\/\",\"logo\":{\"@type\":\"ImageObject\",\"inLanguage\":\"it-IT\",\"@id\":\"https:\\\/\\\/nuovi-lavori.it\\\/#\\\/schema\\\/logo\\\/image\\\/\",\"url\":\"http:\\\/\\\/5.249.146.118\\\/wp-content\\\/uploads\\\/2013\\\/11\\\/images_logonl.jpg\",\"contentUrl\":\"http:\\\/\\\/5.249.146.118\\\/wp-content\\\/uploads\\\/2013\\\/11\\\/images_logonl.jpg\",\"width\":400,\"height\":327,\"caption\":\"Nuovi Lavori\"},\"image\":{\"@id\":\"https:\\\/\\\/nuovi-lavori.it\\\/#\\\/schema\\\/logo\\\/image\\\/\"},\"sameAs\":[\"https:\\\/\\\/www.youtube.com\\\/user\\\/newsletteranl\"]},{\"@type\":\"Person\",\"@id\":\"https:\\\/\\\/nuovi-lavori.it\\\/#\\\/schema\\\/person\\\/4768859afb8ce507df626060d213b701\",\"name\":\"Raffaele Morese\",\"image\":{\"@type\":\"ImageObject\",\"inLanguage\":\"it-IT\",\"@id\":\"https:\\\/\\\/secure.gravatar.com\\\/avatar\\\/c9e93dd33a56fe3d005bd3f6c40cb88951704b941daa4f4dd789da460905d0d7?s=96&d=mm&r=g\",\"url\":\"https:\\\/\\\/secure.gravatar.com\\\/avatar\\\/c9e93dd33a56fe3d005bd3f6c40cb88951704b941daa4f4dd789da460905d0d7?s=96&d=mm&r=g\",\"contentUrl\":\"https:\\\/\\\/secure.gravatar.com\\\/avatar\\\/c9e93dd33a56fe3d005bd3f6c40cb88951704b941daa4f4dd789da460905d0d7?s=96&d=mm&r=g\",\"caption\":\"Raffaele Morese\"},\"description\":\"Laureato in economia e commercio all'Universit\u00e0 Cattolica di Milano. Nel 1966 \u00e8 responsabile dell'Ufficio Studi e Marketing della Rinascente S.p.A., nel 1967 entra all\u2019Ufficio Studi della CISL. Nel 1969 avvia la sua attivit\u00e0 sindacale come operatore nella Fim-Cisl nazionale, di cui diviene segretario nazionale nel 1975, ricoprendo la responsabilit\u00e0 di vari settori (elettromeccanica, informatica, siderurgia, e infine auto e trasporti) e assumendo il coordinamento delle politiche sindacali. Nel 1983 succede a Franco Bentivogli come segretario generale della Fim-Cisl e nel 1989 passa alla segreteria nazionale della confederazione, di cui diviene segretario generale aggiunto, in coppia con Sergio D'Antoni segretario generale. Nel 1998 si conclude la sua esperienza sindacale e si apre una fase di impegno politico nelle file del centro-sinistra. Dal 1998 al 2001 \u00e8 Sottosegretario con delega al Ministero del Lavoro. Dal 2002 al 2009 \u00e8 stato presidente di Trambus, la societ\u00e0 per azioni del Comune di Roma che gestisce la maggior parte del trasporto pubblico di Roma. Dal 2004 al 2009 \u00e8 stato presidente di Confservizi, la confederazione nazionale che rappresenta le aziende e gli enti che gestiscono i Servizi Pubblici Locali. Morese \u00e8 stato inoltre Consigliere del Consiglio Nazionale dell'Economia e del Lavoro (CNEL) nella IV Consiliatura, e nel 2005 \u00e8 stato nominato presidente della Commissione per le grandi opere e le reti infrastrutturali, per le politiche energetiche e i servizi di rete. Dal 1996 al 2009 \u00e8 stato Presidente di Intersos, la pi\u00f9 grande ONG italiana per l\u2019intervento umanitario nelle situazioni di guerra, di calamit\u00e0 naturali, di epidemie. Ha inoltre collaborato con numerosi quotidiani e settimanali, quali Sette giorni, Mondo Operaio, Il Popolo, Il Nuovo e L\u2019Europa, ed \u00e8 autore di diverse pubblicazioni sul mondo del lavoro, come Lavorare meno, lavorare tutti, Le Frontiere della partecipazione, Contare fino a uno e Ridistribuire il lavoro. Attualmente \u00e8 Segretario Generale di \\\"Nuovi Lavori\\\" (NL) e Presidente del think tank Koin\u00e8.\",\"url\":\"https:\\\/\\\/nuovi-lavori.it\\\/index.php\\\/author\\\/raffaele-morese\\\/\"}]}<\/script>\n<!-- \/ Yoast SEO plugin. -->","yoast_head_json":{"title":"La concertazione ieri e oggi - Nuovi Lavori","robots":{"index":"index","follow":"follow","max-snippet":"max-snippet:-1","max-image-preview":"max-image-preview:large","max-video-preview":"max-video-preview:-1"},"canonical":"https:\/\/nuovi-lavori.it\/index.php\/no-titolo-morese\/","og_locale":"it_IT","og_type":"article","og_title":"La concertazione ieri e oggi - Nuovi Lavori","og_description":"Il venticinquesimo anniversario della morte di Bettino Craxi \u00e8 stato ricordato alquanto in sordina. Figura politica complessa, molto discussa e anche penalmente condannato.","og_url":"https:\/\/nuovi-lavori.it\/index.php\/no-titolo-morese\/","og_site_name":"Nuovi Lavori","article_published_time":"2025-01-21T17:21:51+00:00","article_modified_time":"2025-02-03T16:54:28+00:00","og_image":[{"width":290,"height":174,"url":"https:\/\/nuovi-lavori.it\/wp-content\/uploads\/2025\/01\/tavoloconcertazione.jpg","type":"image\/jpeg"}],"author":"Raffaele Morese","twitter_card":"summary_large_image","twitter_misc":{"Scritto da":"Raffaele Morese","Tempo di lettura stimato":"6 minuti"},"schema":{"@context":"https:\/\/schema.org","@graph":[{"@type":"Article","@id":"https:\/\/nuovi-lavori.it\/index.php\/no-titolo-morese\/#article","isPartOf":{"@id":"https:\/\/nuovi-lavori.it\/index.php\/no-titolo-morese\/"},"author":{"name":"Raffaele Morese","@id":"https:\/\/nuovi-lavori.it\/#\/schema\/person\/4768859afb8ce507df626060d213b701"},"headline":"La concertazione ieri e oggi","datePublished":"2025-01-21T17:21:51+00:00","dateModified":"2025-02-03T16:54:28+00:00","mainEntityOfPage":{"@id":"https:\/\/nuovi-lavori.it\/index.php\/no-titolo-morese\/"},"wordCount":1026,"publisher":{"@id":"https:\/\/nuovi-lavori.it\/#organization"},"image":{"@id":"https:\/\/nuovi-lavori.it\/index.php\/no-titolo-morese\/#primaryimage"},"thumbnailUrl":"https:\/\/nuovi-lavori.it\/wp-content\/uploads\/2025\/01\/tavoloconcertazione.jpg","articleSection":["Newsletter"],"inLanguage":"it-IT"},{"@type":"WebPage","@id":"https:\/\/nuovi-lavori.it\/index.php\/no-titolo-morese\/","url":"https:\/\/nuovi-lavori.it\/index.php\/no-titolo-morese\/","name":"La concertazione ieri e oggi - Nuovi Lavori","isPartOf":{"@id":"https:\/\/nuovi-lavori.it\/#website"},"primaryImageOfPage":{"@id":"https:\/\/nuovi-lavori.it\/index.php\/no-titolo-morese\/#primaryimage"},"image":{"@id":"https:\/\/nuovi-lavori.it\/index.php\/no-titolo-morese\/#primaryimage"},"thumbnailUrl":"https:\/\/nuovi-lavori.it\/wp-content\/uploads\/2025\/01\/tavoloconcertazione.jpg","datePublished":"2025-01-21T17:21:51+00:00","dateModified":"2025-02-03T16:54:28+00:00","breadcrumb":{"@id":"https:\/\/nuovi-lavori.it\/index.php\/no-titolo-morese\/#breadcrumb"},"inLanguage":"it-IT","potentialAction":[{"@type":"ReadAction","target":["https:\/\/nuovi-lavori.it\/index.php\/no-titolo-morese\/"]}]},{"@type":"ImageObject","inLanguage":"it-IT","@id":"https:\/\/nuovi-lavori.it\/index.php\/no-titolo-morese\/#primaryimage","url":"https:\/\/nuovi-lavori.it\/wp-content\/uploads\/2025\/01\/tavoloconcertazione.jpg","contentUrl":"https:\/\/nuovi-lavori.it\/wp-content\/uploads\/2025\/01\/tavoloconcertazione.jpg","width":290,"height":174},{"@type":"BreadcrumbList","@id":"https:\/\/nuovi-lavori.it\/index.php\/no-titolo-morese\/#breadcrumb","itemListElement":[{"@type":"ListItem","position":1,"name":"Home","item":"https:\/\/nuovi-lavori.it\/"},{"@type":"ListItem","position":2,"name":"Newsletter","item":"https:\/\/nuovi-lavori.it\/index.php\/category\/newsletter\/"},{"@type":"ListItem","position":3,"name":"La concertazione ieri e oggi"}]},{"@type":"WebSite","@id":"https:\/\/nuovi-lavori.it\/#website","url":"https:\/\/nuovi-lavori.it\/","name":"Nuovi Lavori","description":"","publisher":{"@id":"https:\/\/nuovi-lavori.it\/#organization"},"potentialAction":[{"@type":"SearchAction","target":{"@type":"EntryPoint","urlTemplate":"https:\/\/nuovi-lavori.it\/?s={search_term_string}"},"query-input":{"@type":"PropertyValueSpecification","valueRequired":true,"valueName":"search_term_string"}}],"inLanguage":"it-IT"},{"@type":"Organization","@id":"https:\/\/nuovi-lavori.it\/#organization","name":"Nuovi Lavori","url":"https:\/\/nuovi-lavori.it\/","logo":{"@type":"ImageObject","inLanguage":"it-IT","@id":"https:\/\/nuovi-lavori.it\/#\/schema\/logo\/image\/","url":"http:\/\/5.249.146.118\/wp-content\/uploads\/2013\/11\/images_logonl.jpg","contentUrl":"http:\/\/5.249.146.118\/wp-content\/uploads\/2013\/11\/images_logonl.jpg","width":400,"height":327,"caption":"Nuovi Lavori"},"image":{"@id":"https:\/\/nuovi-lavori.it\/#\/schema\/logo\/image\/"},"sameAs":["https:\/\/www.youtube.com\/user\/newsletteranl"]},{"@type":"Person","@id":"https:\/\/nuovi-lavori.it\/#\/schema\/person\/4768859afb8ce507df626060d213b701","name":"Raffaele Morese","image":{"@type":"ImageObject","inLanguage":"it-IT","@id":"https:\/\/secure.gravatar.com\/avatar\/c9e93dd33a56fe3d005bd3f6c40cb88951704b941daa4f4dd789da460905d0d7?s=96&d=mm&r=g","url":"https:\/\/secure.gravatar.com\/avatar\/c9e93dd33a56fe3d005bd3f6c40cb88951704b941daa4f4dd789da460905d0d7?s=96&d=mm&r=g","contentUrl":"https:\/\/secure.gravatar.com\/avatar\/c9e93dd33a56fe3d005bd3f6c40cb88951704b941daa4f4dd789da460905d0d7?s=96&d=mm&r=g","caption":"Raffaele Morese"},"description":"Laureato in economia e commercio all'Universit\u00e0 Cattolica di Milano. Nel 1966 \u00e8 responsabile dell'Ufficio Studi e Marketing della Rinascente S.p.A., nel 1967 entra all\u2019Ufficio Studi della CISL. Nel 1969 avvia la sua attivit\u00e0 sindacale come operatore nella Fim-Cisl nazionale, di cui diviene segretario nazionale nel 1975, ricoprendo la responsabilit\u00e0 di vari settori (elettromeccanica, informatica, siderurgia, e infine auto e trasporti) e assumendo il coordinamento delle politiche sindacali. Nel 1983 succede a Franco Bentivogli come segretario generale della Fim-Cisl e nel 1989 passa alla segreteria nazionale della confederazione, di cui diviene segretario generale aggiunto, in coppia con Sergio D'Antoni segretario generale. Nel 1998 si conclude la sua esperienza sindacale e si apre una fase di impegno politico nelle file del centro-sinistra. Dal 1998 al 2001 \u00e8 Sottosegretario con delega al Ministero del Lavoro. Dal 2002 al 2009 \u00e8 stato presidente di Trambus, la societ\u00e0 per azioni del Comune di Roma che gestisce la maggior parte del trasporto pubblico di Roma. Dal 2004 al 2009 \u00e8 stato presidente di Confservizi, la confederazione nazionale che rappresenta le aziende e gli enti che gestiscono i Servizi Pubblici Locali. Morese \u00e8 stato inoltre Consigliere del Consiglio Nazionale dell'Economia e del Lavoro (CNEL) nella IV Consiliatura, e nel 2005 \u00e8 stato nominato presidente della Commissione per le grandi opere e le reti infrastrutturali, per le politiche energetiche e i servizi di rete. Dal 1996 al 2009 \u00e8 stato Presidente di Intersos, la pi\u00f9 grande ONG italiana per l\u2019intervento umanitario nelle situazioni di guerra, di calamit\u00e0 naturali, di epidemie. Ha inoltre collaborato con numerosi quotidiani e settimanali, quali Sette giorni, Mondo Operaio, Il Popolo, Il Nuovo e L\u2019Europa, ed \u00e8 autore di diverse pubblicazioni sul mondo del lavoro, come Lavorare meno, lavorare tutti, Le Frontiere della partecipazione, Contare fino a uno e Ridistribuire il lavoro. Attualmente \u00e8 Segretario Generale di \"Nuovi Lavori\" (NL) e Presidente del think tank Koin\u00e8.","url":"https:\/\/nuovi-lavori.it\/index.php\/author\/raffaele-morese\/"}]}},"_links":{"self":[{"href":"https:\/\/nuovi-lavori.it\/index.php\/wp-json\/wp\/v2\/posts\/21470","targetHints":{"allow":["GET"]}}],"collection":[{"href":"https:\/\/nuovi-lavori.it\/index.php\/wp-json\/wp\/v2\/posts"}],"about":[{"href":"https:\/\/nuovi-lavori.it\/index.php\/wp-json\/wp\/v2\/types\/post"}],"author":[{"embeddable":true,"href":"https:\/\/nuovi-lavori.it\/index.php\/wp-json\/wp\/v2\/users\/6341"}],"replies":[{"embeddable":true,"href":"https:\/\/nuovi-lavori.it\/index.php\/wp-json\/wp\/v2\/comments?post=21470"}],"version-history":[{"count":3,"href":"https:\/\/nuovi-lavori.it\/index.php\/wp-json\/wp\/v2\/posts\/21470\/revisions"}],"predecessor-version":[{"id":21479,"href":"https:\/\/nuovi-lavori.it\/index.php\/wp-json\/wp\/v2\/posts\/21470\/revisions\/21479"}],"wp:featuredmedia":[{"embeddable":true,"href":"https:\/\/nuovi-lavori.it\/index.php\/wp-json\/wp\/v2\/media\/21480"}],"wp:attachment":[{"href":"https:\/\/nuovi-lavori.it\/index.php\/wp-json\/wp\/v2\/media?parent=21470"}],"wp:term":[{"taxonomy":"category","embeddable":true,"href":"https:\/\/nuovi-lavori.it\/index.php\/wp-json\/wp\/v2\/categories?post=21470"},{"taxonomy":"post_tag","embeddable":true,"href":"https:\/\/nuovi-lavori.it\/index.php\/wp-json\/wp\/v2\/tags?post=21470"}],"curies":[{"name":"wp","href":"https:\/\/api.w.org\/{rel}","templated":true}]}}