{"id":21589,"date":"2025-02-18T07:39:35","date_gmt":"2025-02-18T06:39:35","guid":{"rendered":"https:\/\/nuovi-lavori.it\/?p=21589"},"modified":"2025-02-18T16:07:07","modified_gmt":"2025-02-18T15:07:07","slug":"gli-schiaffoni-yenkees-di-j-d-vance-agli-europei","status":"publish","type":"post","link":"https:\/\/nuovi-lavori.it\/index.php\/gli-schiaffoni-yenkees-di-j-d-vance-agli-europei\/","title":{"rendered":"Gli sconclusionati schiaffoni di J D Vance agli europei*"},"content":{"rendered":"\n<p><em>Non ricordo a memoria un discorso di un leader o di un vicepresidente americano alla Conferenza per la Sicurezza di Monaco meno applaudito di quello di JD Vance. C\u2019era chi pensava che il N\u00b02 di Donald Trump avrebbe approfittato della vetrina in Baviera per annunciare un massiccio ritiro delle truppe statunitensi dall\u2019Europa; chi credeva che avrebbe chiarito la posizione della Casa Bianca sulla guerra in Ucraina. Nulla di tutto ci\u00f2. JD Vance, come Pete Hegseth qualche giorno fa a Bruxelles, ha semplicemente rifilato una serie di schiaffoni alla platea stracolma di importanti dignitari europei su argomenti come democrazia, libert\u00e0 di parola e immigrazione. Ho impiegato un po\u2019 di tempo, ma ho tradotto il suo discorso. E statene certi: pure di questo intervento si parler\u00e0 a lungo. A torto o a ragione, che siate d\u2019accordo oppure no con alcuni dei temi e delle opinioni sollevati da Vance, la mia impressione \u00e8 sempre la stessa: questa nuova amministrazione americana si muove in maniera atipica, senza precedenti, anche considerando il primo Trump. E la leadership europea \u00e8 ancora preda dello shock, chiaramente tramortita, incapace di prenderle le misure. Ps: occhio a JD Vance per il futuro. Ora buona lettura.<\/em>&nbsp;(commento e traduzione di <strong>Dario D\u2019Angelo<\/strong>)&nbsp;<\/p>\n\n\n\n<p>\u201cSono stato qui l\u2019anno scorso come senatore degli Stati Uniti. Ho visto un ministro degli Esteri, il segretario agli Esteri, David Lammy, e scherzato dicendo che l\u2019anno scorso entrambi avevamo un lavoro diverso da quello che abbiamo ora, ma ora \u00e8 il momento per tutti i nostri paesi, per tutti noi che abbiamo avuto la fortuna di ricevere potere politico dai nostri rispettivi popoli, di usarlo saggiamente per migliorare le loro vite.<\/p>\n\n\n\n<p>Sono stato fortunato nel mio tempo qui di poter trascorrere un po\u2019 di tempo fuori dalle mura di questa conferenza nelle ultime 24 ore, e sono rimasto cos\u00ec colpito dall\u2019ospitalit\u00e0 della gente, anche se ovviamente sono ancora scossi dall\u2019orribile attentato di ieri. La prima volta che sono stato a Monaco \u00e8 stato con mia moglie, che oggi \u00e8 qui con me, per un viaggio personale. Ho sempre amato la citt\u00e0 di Monaco e la sua gente, e voglio solo dire che siamo molto commossi e che i nostri pensieri e le nostre preghiere sono con Monaco e con tutti coloro che sono stati colpiti dal male inflitto a questa bellissima comunit\u00e0. Vi pensiamo. Stiamo pregando per voi e sicuramente vi sosterremo nei giorni e nelle settimane a venire.&nbsp; Spero che non sia l\u2019ultimo applauso che ricevo!<\/p>\n\n\n\n<p>Noi ci riuniamo a questa conferenza, ovviamente, per discutere di sicurezza e, normalmente, intendiamo le minacce esterne alla nostra sicurezza. Vedo molti grandi leader militari riuniti qui oggi. <strong>Ma mentre l\u2019amministrazione Trump \u00e8 molto preoccupata per la sicurezza europea e crede che si possa arrivare a un ragionevole accordo tra Russia e Ucraina, e anche noi crediamo che sia importante che nei prossimi anni l\u2019Europa si faccia avanti in modo deciso per provvedere alla propria difesa, la minaccia che pi\u00f9 mi preoccupa nei confronti dell\u2019Europa non \u00e8 la Russia, non \u00e8 la Cina, non \u00e8 nessun altro attore esterno.<\/strong><\/p>\n\n\n\n<p><strong>Ci\u00f2 che mi preoccupa \u00e8 la minaccia dall\u2019interno. La ritirata dell\u2019Europa da alcuni dei suoi valori pi\u00f9 fondamentali, valori condivisi con gli Stati Uniti d\u2019America<\/strong>.<\/p>\n\n\n\n<p>Ora, mi ha colpito che un ex commissario europeo sia andato in televisione di recente e si sia mostrato compiaciuto del fatto che il governo rumeno avesse appena annullato un\u2019intera elezione. Ha avvertito che se le cose non andranno secondo i piani, la stessa cosa potrebbe accadere anche in Germania. Queste dichiarazioni sprezzanti sono scioccanti per le orecchie americane. Per anni ci \u00e8 stato detto che tutto ci\u00f2 che finanziamo e sosteniamo \u00e8 in nome dei nostri valori democratici condivisi. Tutto, dalla nostra politica sull\u2019Ucraina alla censura digitale, \u00e8 presentato come una difesa della democrazia. Ma quando vediamo i tribunali europei annullare le elezioni e alti funzionari minacciare di annullarne altre, dovremmo chiederci se ci stiamo attenendo a uno standard adeguatamente elevato, e dico noi stessi perch\u00e9 credo fermamente che siamo nella stessa squadra. Dobbiamo fare di pi\u00f9 che parlare di valori democratici, dobbiamo viverli.<\/p>\n\n\n\n<p>Ora, come molti di voi in questa sala sapranno, la Guerra Fredda ha schierato i difensori della democrazia contro forze molto pi\u00f9 tiranniche in questo continente. E considerate la parte in quella lotta che censurava i dissidenti, che chiudeva le chiese, che annullava le elezioni. Erano i buoni? Certamente no. E grazie a Dio hanno perso la Guerra Fredda. Hanno perso perch\u00e9 non hanno valorizzato n\u00e9 rispettato tutte le straordinarie benedizioni della libert\u00e0. La libert\u00e0 di sorprendere, di sbagliare, di inventare, di costruire, poich\u00e9 a quanto pare non si pu\u00f2 imporre l\u2019innovazione o la creativit\u00e0, cos\u00ec come non si pu\u00f2 costringere le persone a pensare, a sentire o a credere a qualcosa, e noi crediamo che queste cose siano certamente collegate. E purtroppo, quando guardo all\u2019Europa di oggi, a volte non \u00e8 cos\u00ec chiaro cosa sia successo ad alcuni dei vincitori della Guerra Fredda.<\/p>\n\n\n\n<p>Guardo a Bruxelles, dove i commissari dell\u2019UE avvertono i cittadini che intendono chiudere i social media in tempi di disordini civili nel momento in cui individuano ci\u00f2 che hanno giudicato essere contenuti di odio. O in questo stesso paese, dove la polizia ha effettuato delle retate contro cittadini sospettati di aver postato commenti antifemministi online nell\u2019ambito di una giornata di azione contro la misoginia su Internet.<\/p>\n\n\n\n<p>Guardo alla Svezia, dove due settimane fa il governo ha condannato un attivista cristiano per aver partecipato a un rogo di Corano che ha portato all\u2019omicidio di un suo amico. E come ha notato in modo agghiacciante il giudice nel suo caso: le leggi svedesi che dovrebbero proteggere la libert\u00e0 di espressione non garantiscono, e cito testualmente, il permesso di fare o dire qualsiasi cosa senza rischiare di offendere il gruppo che sostiene tale convinzione.<\/p>\n\n\n\n<p>E forse la cosa pi\u00f9 preoccupante \u00e8 che mi rivolgo ai nostri cari amici, il Regno Unito, dove il regresso dei diritti di coscienza ha messo nel mirino le libert\u00e0 fondamentali dei britannici, religiosi in particolare. Poco pi\u00f9 di due anni fa, il governo britannico ha accusato Adam Smith Connor, un fisioterapista di 51 anni e veterano dell\u2019esercito, dell\u2019atroce crimine di essersi fermato a 50 metri da una clinica per aborti e di aver pregato in silenzio per tre minuti. Senza ostacolare nessuno, senza interagire con nessuno, semplicemente pregando in silenzio da solo. Dopo che le forze dell\u2019ordine britanniche lo hanno identificato e gli hanno chiesto per cosa stesse pregando, Adam ha risposto semplicemente che stava pregando per il figlio non ancora nato, che lui e la sua ex ragazza avevano abortito anni prima. Ma gli agenti non si sono commossi. Adam \u00e8 stato dichiarato colpevole di aver infranto la nuova legge sulle zone cuscinetto del governo, che criminalizza la preghiera silenziosa e altre azioni che potrebbero influenzare la decisione di una persona entro 200 metri da una struttura per aborti. \u00c8 stato condannato a pagare migliaia di sterline di spese legali alla pubblica accusa. Ora, vorrei poter dire che si \u00e8 trattato di un caso fortuito, un esempio folle e isolato di una legge scritta male che viene applicata contro una sola persona, ma no, lo scorso ottobre, solo pochi mesi fa, il governo scozzese ha iniziato a distribuire lettere ai cittadini le cui case si trovano all\u2019interno delle cosiddette zone di accesso sicuro. Avvertendoli che anche la preghiera privata all\u2019interno delle proprie case pu\u00f2 costituire una violazione della legge. Naturalmente, il governo invita segnalare qualsiasi concittadino sospettato di reato di pensiero. In Gran Bretagna e in tutta Europa, la libert\u00e0 di parola, temo, \u00e8 in ritirata.<\/p>\n\n\n\n<p>E nell\u2019interesse della comicit\u00e0, amici miei, ma anche nell\u2019interesse della verit\u00e0, ammetter\u00f2 che a volte le voci pi\u00f9 forti a favore della censura non sono venute dall\u2019Europa, ma dal mio stesso paese, dove l\u2019amministrazione precedente ha minacciato e intimidito le societ\u00e0 di social media affinch\u00e9 censurassero la cosiddetta disinformazione. Disinformazione come, ad esempio, l\u2019idea che il coronavirus fosse stato probabilmente diffuso da un laboratorio in Cina. Il nostro governo ha incoraggiato le aziende private a mettere a tacere le persone che hanno osato pronunciare quella che si \u00e8 rivelata essere una verit\u00e0 ovvia.&nbsp; Quindi oggi vengo qui non solo con un\u2019osservazione, ma con un\u2019offerta. E proprio come l\u2019amministrazione Biden sembrava disperata nel voler mettere a tacere le persone che esprimono le proprie opinioni, cos\u00ec l\u2019amministrazione Trump far\u00e0 esattamente il contrario, e spero che possiamo lavorare insieme su questo.&nbsp; <strong>A Washington c\u2019\u00e8 un nuovo sceriffo in citt\u00e0 e sotto la leadership di Donald Trump potremmo non essere d\u2019accordo con le vostre opinioni, ma lotteremo per difendere il vostro diritto di presentarle in pubblico, che siate d\u2019accordo o meno.<\/strong><\/p>\n\n\n\n<p>Ora siamo al punto in cui la situazione \u00e8 diventata cos\u00ec grave che lo scorso dicembre la Romania ha annullato i risultati delle elezioni presidenziali sulla base dei fragili sospetti di un\u2019agenzia di intelligence e delle enormi pressioni dei suoi vicini continentali. Per quanto ne so, la tesi era che la disinformazione russa aveva infettato le elezioni rumene, ma vorrei chiedere ai miei amici europei di avere un po\u2019 di prospettiva. Potete credere che sia sbagliato che la Russia acquisti pubblicit\u00e0 sui social media per influenzare le vostre elezioni. Noi certamente lo pensiamo. Si pu\u00f2 anche condannare sulla scena mondiale. Ma se la vostra democrazia pu\u00f2 essere distrutta con poche centinaia di migliaia di dollari di pubblicit\u00e0 digitale da un paese straniero, allora non era molto forte fin dall\u2019inizio.<\/p>\n\n\n\n<p>La buona notizia \u00e8 che mi capita di pensare che le vostre democrazie siano sostanzialmente meno fragili di quanto molti temano apparentemente, e credo davvero che permettere ai nostri cittadini di dire ci\u00f2 che pensano li render\u00e0 ancora pi\u00f9 forti, il che naturalmente ci riporta a Monaco. Dove gli organizzatori di questa stessa conferenza hanno vietato ai legislatori che rappresentano i partiti populisti sia di sinistra che di destra di partecipare a queste conversazioni. Ora, ancora una volta, non dobbiamo essere d\u2019accordo con tutto o con qualsiasi cosa la gente dica, ma quando le persone rappresentano, quando i leader politici rappresentano un\u2019importante comunit\u00e0, \u00e8 nostro dovere almeno partecipare al dialogo con loro. Per molti di noi dall\u2019altra parte dell\u2019Atlantico, sembra sempre pi\u00f9 che si tratti di vecchi interessi radicati che si nascondono dietro brutte parole dell\u2019era sovietica come disinformazione e misinformazione, a cui semplicemente non piace l\u2019idea che qualcuno con un punto di vista alternativo possa esprimere un\u2019opinione diversa o, Dio non voglia, votare in modo diverso o, peggio ancora, vincere un\u2019elezione.<\/p>\n\n\n\n<p>Ora, questa \u00e8 una conferenza sulla sicurezza e sono sicuro che siete tutti venuti qui preparati a parlare di come intendete esattamente aumentare la spesa per la difesa nei prossimi anni in linea con qualche nuovo obiettivo. E questo \u00e8 fantastico. Perch\u00e9, come ha chiarito abbondantemente il presidente Trump, egli ritiene che i nostri amici europei debbano svolgere un ruolo pi\u00f9 importante nel futuro di questo continente. Non pensiamo che abbiate sentito parlare di condivisione degli oneri, ma riteniamo che sia importante, nell\u2019ambito di un\u2019alleanza comune, che gli europei si facciano avanti mentre l\u2019America si concentra sulle aree del mondo che sono in grave pericolo.<\/p>\n\n\n\n<p>Ma lasciate che vi chieda anche: come potete iniziare a pensare a questioni di bilancio se non sappiamo innanzitutto cosa stiamo difendendo? Ho gi\u00e0 sentito molto nelle mie conversazioni e ho avuto molte, molte grandi conversazioni con molte persone riunite qui in questa stanza. Ho sentito molto su ci\u00f2 da cui dovete difendervi e, naturalmente, questo \u00e8 importante, ma ci\u00f2 che mi \u00e8 sembrato un po\u2019 meno chiaro, e certamente penso a molti cittadini europei, \u00e8 per cosa esattamente vi state difendendo. Qual \u00e8 la visione positiva che anima questo patto di sicurezza condiviso che tutti noi riteniamo cos\u00ec importante? E credo profondamente che non ci sia sicurezza se si ha paura delle voci, delle opinioni e della coscienza che guidano il proprio popolo.<\/p>\n\n\n\n<p>L\u2019Europa deve affrontare molte sfide, ma la crisi che questo continente sta affrontando in questo momento, la crisi che credo stiamo affrontando tutti insieme, \u00e8 una crisi che abbiamo creato noi stessi. Se avete paura dei vostri stessi elettori, non c\u2019\u00e8 niente che l\u2019America possa fare per voi, n\u00e9, del resto, c\u2019\u00e8 niente che voi possiate fare per il popolo americano che ha eletto me e ha eletto il presidente Trump. Avete bisogno di mandati democratici per realizzare qualcosa di valore nei prossimi anni. Non abbiamo imparato nulla dal fatto che mandati deboli producono risultati instabili, ma c\u2019\u00e8 cos\u00ec tanto valore che pu\u00f2 essere realizzato con il tipo di mandato democratico che penso verr\u00e0 dall\u2019essere pi\u00f9 reattivi alle voci dei vostri cittadini.<\/p>\n\n\n\n<p>Se volete godere di economie competitive, se volete godere di energia a prezzi accessibili e catene di approvvigionamento sicure, allora avete bisogno di mandati per governare perch\u00e9 dovete fare scelte difficili per godere di tutte queste cose e, ovviamente, lo sappiamo molto bene in America. Non si pu\u00f2 ottenere un mandato democratico censurando gli avversari o mettendoli in prigione, che si tratti del leader dell\u2019opposizione, di un\u2019umile cristiana che prega nella propria casa o di un giornalista che cerca di riportare la notizia. N\u00e9 si pu\u00f2 ottenerlo ignorando il proprio elettorato di base su questioni come chi pu\u00f2 far parte della nostra societ\u00e0. E di tutte le sfide urgenti che le nazioni qui rappresentate devono affrontare, credo che non ce ne sia una pi\u00f9 urgente della migrazione di massa.<\/p>\n\n\n\n<p>Oggi, quasi una persona su cinque che vive in questo paese si \u00e8 trasferita qui dall\u2019estero. Questo \u00e8, ovviamente, un record assoluto. \u00c8 un numero simile, tra l\u2019altro, negli Stati Uniti, anche questo un record assoluto. Il numero di immigrati che sono entrati nell\u2019UE da paesi extra UE \u00e8 raddoppiato solo tra il 2021 e il 2022, e ovviamente \u00e8 aumentato molto da allora, e sappiamo che la situazione non si \u00e8 creata dal nulla. \u00c8 il risultato di una serie di decisioni consapevoli prese dai politici di tutto il continente e di altri in tutto il mondo nell\u2019arco di un decennio. Abbiamo visto gli orrori causati da queste decisioni ieri in questa stessa citt\u00e0. E ovviamente non posso parlarne senza pensare alle terribili vittime che hanno visto rovinata una bellissima giornata invernale a Monaco. I nostri pensieri e le nostre preghiere sono con loro e lo saranno sempre. Ma perch\u00e9 \u00e8 successo tutto questo? \u00c8 una storia terribile, ma ne abbiamo sentite fin troppe in Europa e purtroppo anche negli Stati Uniti. Un richiedente asilo, spesso un giovane sulla ventina gi\u00e0 noto alla polizia, sperona un\u2019auto contro una folla e distrugge una comunit\u00e0.<\/p>\n\n\n\n<p>Quante volte dobbiamo subire questi terribili eventi prima di cambiare rotta e portare la nostra civilt\u00e0 condivisa in una nuova direzione? Nessun elettore di questo continente \u00e8 andato alle urne per aprire le porte a milioni di immigrati non controllati, ma sapete per cosa hanno votato. <strong>In Inghilterra hanno votato per la Brexit e, che siate d\u2019accordo o meno, l\u2019hanno votata. E sempre pi\u00f9 in tutta Europa stanno votando per leader politici che hanno promesso di porre fine alla migrazione fuori controllo. Ora, mi capita di essere d\u2019accordo con molte di queste preoccupazioni, ma non \u00e8 necessario che voi siate d\u2019accordo con me. Penso solo che le persone abbiano a cuore le loro case. Hanno a cuore i loro sogni, hanno a cuore la loro sicurezza e la loro capacit\u00e0 di provvedere a se stessi e ai loro figli. E sono intelligenti.<\/strong> Penso che questa sia una delle cose pi\u00f9 importanti che ho imparato nel mio breve periodo in politica. Contrariamente a quanto si potrebbe sentire un paio di montagne pi\u00f9 in l\u00e0, a Davos, i cittadini di tutte le nostre nazioni non si considerano generalmente come animali istruiti o come ingranaggi intercambiabili di un\u2019economia globale, e non sorprende che non vogliano essere trascinati qua e l\u00e0 o ignorati senza sosta dai loro leader.<\/p>\n\n\n\n<p>\u00c8 compito della democrazia giudicare queste grandi questioni alle urne. Credo che ignorare le persone, ignorare le loro preoccupazioni o, peggio ancora, chiudere i media, annullare le elezioni o escludere le persone dal processo politico non protegga nulla. In realt\u00e0, \u00e8 il modo pi\u00f9 sicuro per distruggere la democrazia. <strong>E parlare ed esprimere opinioni non \u00e8 un\u2019interferenza elettorale, anche quando le persone esprimono opinioni al di fuori del proprio paese e anche quando quelle persone sono molto influenti. E credetemi, lo dico con tutto il mio umorismo: se la democrazia americana pu\u00f2 sopravvivere a 10 anni di rimproveri di Greta Thunberg, voi potete sopravvivere a qualche mese di Elon Musk!<\/strong><\/p>\n\n\n\n<p>Ma ci\u00f2 a cui non sopravvivr\u00e0 la democrazia tedesca, o meglio nessuna democrazia, americana, tedesca o europea, \u00e8 dire a milioni di elettori che i loro pensieri e le loro preoccupazioni, le loro aspirazioni, le loro richieste di aiuto non sono legittime o non meritano nemmeno di essere prese in considerazione.&nbsp; La democrazia si basa sul sacro principio che la voce del popolo conta. Non c\u2019\u00e8 spazio per i firewall. O si sostiene il principio o non lo si fa.<\/p>\n\n\n\n<p>Europei, il popolo ha voce in capitolo. I leader europei hanno una scelta. E sono fermamente convinto che non dobbiamo avere paura del futuro. Abbracciate ci\u00f2 che il vostro popolo vi dice, anche quando \u00e8 sorprendente, anche quando non siete d\u2019accordo. E se lo fate, potete affrontare il futuro con certezza e fiducia, sapendo che la nazione \u00e8 al fianco di ognuno di voi, e questa per me \u00e8 la grande magia della democrazia. Non \u00e8 in questi edifici di pietra o in bellissimi hotel. Non \u00e8 nemmeno nelle grandi istituzioni che abbiamo costruito insieme come societ\u00e0 condivisa.<\/p>\n\n\n\n<p>Credere nella democrazia significa capire che ogni cittadino ha la propria saggezza e la propria voce, e se ci rifiutiamo di ascoltare quella voce, anche le nostre battaglie pi\u00f9 riuscite otterranno ben poco. Come disse una volta Papa Giovanni Paolo II, a mio avviso uno dei pi\u00f9 straordinari difensori della democrazia in questo continente e in qualsiasi altro, \u201cnon abbiate paura!\u201d. Non dovremmo avere paura del nostro popolo, anche quando esprime opinioni in disaccordo con la propria leadership. Grazie a tutti. Buona fortuna a tutti voi. Dio vi benedica\u201d.<\/p>\n\n\n\n<p>*Il discorso integrale del vicepresidente americano J D Vance alla Conferenza per la Sicurezza di Monaco<\/p>\n\n\n\n<p>15 Febbraio 2025&nbsp;<\/p>\n\n\n\n<p><\/p>\n","protected":false},"excerpt":{"rendered":"<p>Non ricordo a memoria un discorso di un leader o di un vicepresidente americano alla Conferenza per la Sicurezza di Monaco meno applaudito di quello di JD Vance. <\/p>\n","protected":false},"author":6546,"featured_media":21590,"comment_status":"closed","ping_status":"closed","sticky":false,"template":"","format":"standard","meta":{"footnotes":""},"categories":[9],"tags":[],"class_list":["post-21589","post","type-post","status-publish","format-standard","has-post-thumbnail","hentry","category-newsletter"],"yoast_head":"<!-- This site is optimized with the Yoast SEO plugin v27.5 - https:\/\/yoast.com\/product\/yoast-seo-wordpress\/ -->\n<title>Gli sconclusionati schiaffoni di J D Vance agli europei* - Nuovi Lavori<\/title>\n<meta name=\"robots\" content=\"index, follow, max-snippet:-1, max-image-preview:large, max-video-preview:-1\" \/>\n<link rel=\"canonical\" href=\"https:\/\/nuovi-lavori.it\/index.php\/gli-schiaffoni-yenkees-di-j-d-vance-agli-europei\/\" \/>\n<meta property=\"og:locale\" content=\"it_IT\" \/>\n<meta property=\"og:type\" content=\"article\" \/>\n<meta property=\"og:title\" content=\"Gli sconclusionati schiaffoni di J D Vance agli europei* - Nuovi Lavori\" \/>\n<meta property=\"og:description\" content=\"Non ricordo a memoria un discorso di un leader o di un vicepresidente americano alla Conferenza per la Sicurezza di Monaco meno applaudito di quello di JD Vance.\" \/>\n<meta property=\"og:url\" content=\"https:\/\/nuovi-lavori.it\/index.php\/gli-schiaffoni-yenkees-di-j-d-vance-agli-europei\/\" \/>\n<meta property=\"og:site_name\" content=\"Nuovi Lavori\" \/>\n<meta property=\"article:published_time\" content=\"2025-02-18T06:39:35+00:00\" \/>\n<meta property=\"article:modified_time\" content=\"2025-02-18T15:07:07+00:00\" \/>\n<meta property=\"og:image\" content=\"https:\/\/nuovi-lavori.it\/wp-content\/uploads\/2025\/02\/glischiaffoniynkeesdidjvance.jpg\" \/>\n\t<meta property=\"og:image:width\" content=\"263\" \/>\n\t<meta property=\"og:image:height\" content=\"191\" \/>\n\t<meta property=\"og:image:type\" content=\"image\/jpeg\" \/>\n<meta name=\"author\" content=\"Dario D&#039;Angelo*\" \/>\n<meta name=\"twitter:card\" content=\"summary_large_image\" \/>\n<meta name=\"twitter:label1\" content=\"Scritto da\" \/>\n\t<meta name=\"twitter:data1\" content=\"Dario D&#039;Angelo*\" \/>\n\t<meta name=\"twitter:label2\" content=\"Tempo di lettura stimato\" \/>\n\t<meta name=\"twitter:data2\" content=\"17 minuti\" \/>\n<script type=\"application\/ld+json\" class=\"yoast-schema-graph\">{\"@context\":\"https:\\\/\\\/schema.org\",\"@graph\":[{\"@type\":\"Article\",\"@id\":\"https:\\\/\\\/nuovi-lavori.it\\\/index.php\\\/gli-schiaffoni-yenkees-di-j-d-vance-agli-europei\\\/#article\",\"isPartOf\":{\"@id\":\"https:\\\/\\\/nuovi-lavori.it\\\/index.php\\\/gli-schiaffoni-yenkees-di-j-d-vance-agli-europei\\\/\"},\"author\":{\"name\":\"Dario D'Angelo*\",\"@id\":\"https:\\\/\\\/nuovi-lavori.it\\\/#\\\/schema\\\/person\\\/3518ef674fa12bffda2e142fc3dfd498\"},\"headline\":\"Gli sconclusionati schiaffoni di J D Vance agli europei*\",\"datePublished\":\"2025-02-18T06:39:35+00:00\",\"dateModified\":\"2025-02-18T15:07:07+00:00\",\"mainEntityOfPage\":{\"@id\":\"https:\\\/\\\/nuovi-lavori.it\\\/index.php\\\/gli-schiaffoni-yenkees-di-j-d-vance-agli-europei\\\/\"},\"wordCount\":3049,\"publisher\":{\"@id\":\"https:\\\/\\\/nuovi-lavori.it\\\/#organization\"},\"image\":{\"@id\":\"https:\\\/\\\/nuovi-lavori.it\\\/index.php\\\/gli-schiaffoni-yenkees-di-j-d-vance-agli-europei\\\/#primaryimage\"},\"thumbnailUrl\":\"https:\\\/\\\/nuovi-lavori.it\\\/wp-content\\\/uploads\\\/2025\\\/02\\\/glischiaffoniynkeesdidjvance.jpg\",\"articleSection\":[\"Newsletter\"],\"inLanguage\":\"it-IT\"},{\"@type\":\"WebPage\",\"@id\":\"https:\\\/\\\/nuovi-lavori.it\\\/index.php\\\/gli-schiaffoni-yenkees-di-j-d-vance-agli-europei\\\/\",\"url\":\"https:\\\/\\\/nuovi-lavori.it\\\/index.php\\\/gli-schiaffoni-yenkees-di-j-d-vance-agli-europei\\\/\",\"name\":\"Gli sconclusionati schiaffoni di J D Vance agli europei* - Nuovi Lavori\",\"isPartOf\":{\"@id\":\"https:\\\/\\\/nuovi-lavori.it\\\/#website\"},\"primaryImageOfPage\":{\"@id\":\"https:\\\/\\\/nuovi-lavori.it\\\/index.php\\\/gli-schiaffoni-yenkees-di-j-d-vance-agli-europei\\\/#primaryimage\"},\"image\":{\"@id\":\"https:\\\/\\\/nuovi-lavori.it\\\/index.php\\\/gli-schiaffoni-yenkees-di-j-d-vance-agli-europei\\\/#primaryimage\"},\"thumbnailUrl\":\"https:\\\/\\\/nuovi-lavori.it\\\/wp-content\\\/uploads\\\/2025\\\/02\\\/glischiaffoniynkeesdidjvance.jpg\",\"datePublished\":\"2025-02-18T06:39:35+00:00\",\"dateModified\":\"2025-02-18T15:07:07+00:00\",\"breadcrumb\":{\"@id\":\"https:\\\/\\\/nuovi-lavori.it\\\/index.php\\\/gli-schiaffoni-yenkees-di-j-d-vance-agli-europei\\\/#breadcrumb\"},\"inLanguage\":\"it-IT\",\"potentialAction\":[{\"@type\":\"ReadAction\",\"target\":[\"https:\\\/\\\/nuovi-lavori.it\\\/index.php\\\/gli-schiaffoni-yenkees-di-j-d-vance-agli-europei\\\/\"]}]},{\"@type\":\"ImageObject\",\"inLanguage\":\"it-IT\",\"@id\":\"https:\\\/\\\/nuovi-lavori.it\\\/index.php\\\/gli-schiaffoni-yenkees-di-j-d-vance-agli-europei\\\/#primaryimage\",\"url\":\"https:\\\/\\\/nuovi-lavori.it\\\/wp-content\\\/uploads\\\/2025\\\/02\\\/glischiaffoniynkeesdidjvance.jpg\",\"contentUrl\":\"https:\\\/\\\/nuovi-lavori.it\\\/wp-content\\\/uploads\\\/2025\\\/02\\\/glischiaffoniynkeesdidjvance.jpg\",\"width\":263,\"height\":191},{\"@type\":\"BreadcrumbList\",\"@id\":\"https:\\\/\\\/nuovi-lavori.it\\\/index.php\\\/gli-schiaffoni-yenkees-di-j-d-vance-agli-europei\\\/#breadcrumb\",\"itemListElement\":[{\"@type\":\"ListItem\",\"position\":1,\"name\":\"Home\",\"item\":\"https:\\\/\\\/nuovi-lavori.it\\\/\"},{\"@type\":\"ListItem\",\"position\":2,\"name\":\"Newsletter\",\"item\":\"https:\\\/\\\/nuovi-lavori.it\\\/index.php\\\/category\\\/newsletter\\\/\"},{\"@type\":\"ListItem\",\"position\":3,\"name\":\"Gli sconclusionati schiaffoni di J D Vance agli europei*\"}]},{\"@type\":\"WebSite\",\"@id\":\"https:\\\/\\\/nuovi-lavori.it\\\/#website\",\"url\":\"https:\\\/\\\/nuovi-lavori.it\\\/\",\"name\":\"Nuovi Lavori\",\"description\":\"\",\"publisher\":{\"@id\":\"https:\\\/\\\/nuovi-lavori.it\\\/#organization\"},\"potentialAction\":[{\"@type\":\"SearchAction\",\"target\":{\"@type\":\"EntryPoint\",\"urlTemplate\":\"https:\\\/\\\/nuovi-lavori.it\\\/?s={search_term_string}\"},\"query-input\":{\"@type\":\"PropertyValueSpecification\",\"valueRequired\":true,\"valueName\":\"search_term_string\"}}],\"inLanguage\":\"it-IT\"},{\"@type\":\"Organization\",\"@id\":\"https:\\\/\\\/nuovi-lavori.it\\\/#organization\",\"name\":\"Nuovi Lavori\",\"url\":\"https:\\\/\\\/nuovi-lavori.it\\\/\",\"logo\":{\"@type\":\"ImageObject\",\"inLanguage\":\"it-IT\",\"@id\":\"https:\\\/\\\/nuovi-lavori.it\\\/#\\\/schema\\\/logo\\\/image\\\/\",\"url\":\"http:\\\/\\\/5.249.146.118\\\/wp-content\\\/uploads\\\/2013\\\/11\\\/images_logonl.jpg\",\"contentUrl\":\"http:\\\/\\\/5.249.146.118\\\/wp-content\\\/uploads\\\/2013\\\/11\\\/images_logonl.jpg\",\"width\":400,\"height\":327,\"caption\":\"Nuovi Lavori\"},\"image\":{\"@id\":\"https:\\\/\\\/nuovi-lavori.it\\\/#\\\/schema\\\/logo\\\/image\\\/\"},\"sameAs\":[\"https:\\\/\\\/www.youtube.com\\\/user\\\/newsletteranl\"]},{\"@type\":\"Person\",\"@id\":\"https:\\\/\\\/nuovi-lavori.it\\\/#\\\/schema\\\/person\\\/3518ef674fa12bffda2e142fc3dfd498\",\"name\":\"Dario D'Angelo*\",\"image\":{\"@type\":\"ImageObject\",\"inLanguage\":\"it-IT\",\"@id\":\"https:\\\/\\\/secure.gravatar.com\\\/avatar\\\/183a8018e01ecd44143f8a88df55128263e555746e080c8943f58ebdf45fe80f?s=96&d=mm&r=g\",\"url\":\"https:\\\/\\\/secure.gravatar.com\\\/avatar\\\/183a8018e01ecd44143f8a88df55128263e555746e080c8943f58ebdf45fe80f?s=96&d=mm&r=g\",\"contentUrl\":\"https:\\\/\\\/secure.gravatar.com\\\/avatar\\\/183a8018e01ecd44143f8a88df55128263e555746e080c8943f58ebdf45fe80f?s=96&d=mm&r=g\",\"caption\":\"Dario D'Angelo*\"},\"url\":\"https:\\\/\\\/nuovi-lavori.it\\\/index.php\\\/author\\\/dario-d-angelo\\\/\"}]}<\/script>\n<!-- \/ Yoast SEO plugin. -->","yoast_head_json":{"title":"Gli sconclusionati schiaffoni di J D Vance agli europei* - Nuovi Lavori","robots":{"index":"index","follow":"follow","max-snippet":"max-snippet:-1","max-image-preview":"max-image-preview:large","max-video-preview":"max-video-preview:-1"},"canonical":"https:\/\/nuovi-lavori.it\/index.php\/gli-schiaffoni-yenkees-di-j-d-vance-agli-europei\/","og_locale":"it_IT","og_type":"article","og_title":"Gli sconclusionati schiaffoni di J D Vance agli europei* - Nuovi Lavori","og_description":"Non ricordo a memoria un discorso di un leader o di un vicepresidente americano alla Conferenza per la Sicurezza di Monaco meno applaudito di quello di JD Vance.","og_url":"https:\/\/nuovi-lavori.it\/index.php\/gli-schiaffoni-yenkees-di-j-d-vance-agli-europei\/","og_site_name":"Nuovi Lavori","article_published_time":"2025-02-18T06:39:35+00:00","article_modified_time":"2025-02-18T15:07:07+00:00","og_image":[{"width":263,"height":191,"url":"https:\/\/nuovi-lavori.it\/wp-content\/uploads\/2025\/02\/glischiaffoniynkeesdidjvance.jpg","type":"image\/jpeg"}],"author":"Dario D'Angelo*","twitter_card":"summary_large_image","twitter_misc":{"Scritto da":"Dario D'Angelo*","Tempo di lettura stimato":"17 minuti"},"schema":{"@context":"https:\/\/schema.org","@graph":[{"@type":"Article","@id":"https:\/\/nuovi-lavori.it\/index.php\/gli-schiaffoni-yenkees-di-j-d-vance-agli-europei\/#article","isPartOf":{"@id":"https:\/\/nuovi-lavori.it\/index.php\/gli-schiaffoni-yenkees-di-j-d-vance-agli-europei\/"},"author":{"name":"Dario D'Angelo*","@id":"https:\/\/nuovi-lavori.it\/#\/schema\/person\/3518ef674fa12bffda2e142fc3dfd498"},"headline":"Gli sconclusionati schiaffoni di J D Vance agli europei*","datePublished":"2025-02-18T06:39:35+00:00","dateModified":"2025-02-18T15:07:07+00:00","mainEntityOfPage":{"@id":"https:\/\/nuovi-lavori.it\/index.php\/gli-schiaffoni-yenkees-di-j-d-vance-agli-europei\/"},"wordCount":3049,"publisher":{"@id":"https:\/\/nuovi-lavori.it\/#organization"},"image":{"@id":"https:\/\/nuovi-lavori.it\/index.php\/gli-schiaffoni-yenkees-di-j-d-vance-agli-europei\/#primaryimage"},"thumbnailUrl":"https:\/\/nuovi-lavori.it\/wp-content\/uploads\/2025\/02\/glischiaffoniynkeesdidjvance.jpg","articleSection":["Newsletter"],"inLanguage":"it-IT"},{"@type":"WebPage","@id":"https:\/\/nuovi-lavori.it\/index.php\/gli-schiaffoni-yenkees-di-j-d-vance-agli-europei\/","url":"https:\/\/nuovi-lavori.it\/index.php\/gli-schiaffoni-yenkees-di-j-d-vance-agli-europei\/","name":"Gli sconclusionati schiaffoni di J D Vance agli europei* - Nuovi Lavori","isPartOf":{"@id":"https:\/\/nuovi-lavori.it\/#website"},"primaryImageOfPage":{"@id":"https:\/\/nuovi-lavori.it\/index.php\/gli-schiaffoni-yenkees-di-j-d-vance-agli-europei\/#primaryimage"},"image":{"@id":"https:\/\/nuovi-lavori.it\/index.php\/gli-schiaffoni-yenkees-di-j-d-vance-agli-europei\/#primaryimage"},"thumbnailUrl":"https:\/\/nuovi-lavori.it\/wp-content\/uploads\/2025\/02\/glischiaffoniynkeesdidjvance.jpg","datePublished":"2025-02-18T06:39:35+00:00","dateModified":"2025-02-18T15:07:07+00:00","breadcrumb":{"@id":"https:\/\/nuovi-lavori.it\/index.php\/gli-schiaffoni-yenkees-di-j-d-vance-agli-europei\/#breadcrumb"},"inLanguage":"it-IT","potentialAction":[{"@type":"ReadAction","target":["https:\/\/nuovi-lavori.it\/index.php\/gli-schiaffoni-yenkees-di-j-d-vance-agli-europei\/"]}]},{"@type":"ImageObject","inLanguage":"it-IT","@id":"https:\/\/nuovi-lavori.it\/index.php\/gli-schiaffoni-yenkees-di-j-d-vance-agli-europei\/#primaryimage","url":"https:\/\/nuovi-lavori.it\/wp-content\/uploads\/2025\/02\/glischiaffoniynkeesdidjvance.jpg","contentUrl":"https:\/\/nuovi-lavori.it\/wp-content\/uploads\/2025\/02\/glischiaffoniynkeesdidjvance.jpg","width":263,"height":191},{"@type":"BreadcrumbList","@id":"https:\/\/nuovi-lavori.it\/index.php\/gli-schiaffoni-yenkees-di-j-d-vance-agli-europei\/#breadcrumb","itemListElement":[{"@type":"ListItem","position":1,"name":"Home","item":"https:\/\/nuovi-lavori.it\/"},{"@type":"ListItem","position":2,"name":"Newsletter","item":"https:\/\/nuovi-lavori.it\/index.php\/category\/newsletter\/"},{"@type":"ListItem","position":3,"name":"Gli sconclusionati schiaffoni di J D Vance agli europei*"}]},{"@type":"WebSite","@id":"https:\/\/nuovi-lavori.it\/#website","url":"https:\/\/nuovi-lavori.it\/","name":"Nuovi Lavori","description":"","publisher":{"@id":"https:\/\/nuovi-lavori.it\/#organization"},"potentialAction":[{"@type":"SearchAction","target":{"@type":"EntryPoint","urlTemplate":"https:\/\/nuovi-lavori.it\/?s={search_term_string}"},"query-input":{"@type":"PropertyValueSpecification","valueRequired":true,"valueName":"search_term_string"}}],"inLanguage":"it-IT"},{"@type":"Organization","@id":"https:\/\/nuovi-lavori.it\/#organization","name":"Nuovi Lavori","url":"https:\/\/nuovi-lavori.it\/","logo":{"@type":"ImageObject","inLanguage":"it-IT","@id":"https:\/\/nuovi-lavori.it\/#\/schema\/logo\/image\/","url":"http:\/\/5.249.146.118\/wp-content\/uploads\/2013\/11\/images_logonl.jpg","contentUrl":"http:\/\/5.249.146.118\/wp-content\/uploads\/2013\/11\/images_logonl.jpg","width":400,"height":327,"caption":"Nuovi Lavori"},"image":{"@id":"https:\/\/nuovi-lavori.it\/#\/schema\/logo\/image\/"},"sameAs":["https:\/\/www.youtube.com\/user\/newsletteranl"]},{"@type":"Person","@id":"https:\/\/nuovi-lavori.it\/#\/schema\/person\/3518ef674fa12bffda2e142fc3dfd498","name":"Dario D'Angelo*","image":{"@type":"ImageObject","inLanguage":"it-IT","@id":"https:\/\/secure.gravatar.com\/avatar\/183a8018e01ecd44143f8a88df55128263e555746e080c8943f58ebdf45fe80f?s=96&d=mm&r=g","url":"https:\/\/secure.gravatar.com\/avatar\/183a8018e01ecd44143f8a88df55128263e555746e080c8943f58ebdf45fe80f?s=96&d=mm&r=g","contentUrl":"https:\/\/secure.gravatar.com\/avatar\/183a8018e01ecd44143f8a88df55128263e555746e080c8943f58ebdf45fe80f?s=96&d=mm&r=g","caption":"Dario D'Angelo*"},"url":"https:\/\/nuovi-lavori.it\/index.php\/author\/dario-d-angelo\/"}]}},"_links":{"self":[{"href":"https:\/\/nuovi-lavori.it\/index.php\/wp-json\/wp\/v2\/posts\/21589","targetHints":{"allow":["GET"]}}],"collection":[{"href":"https:\/\/nuovi-lavori.it\/index.php\/wp-json\/wp\/v2\/posts"}],"about":[{"href":"https:\/\/nuovi-lavori.it\/index.php\/wp-json\/wp\/v2\/types\/post"}],"author":[{"embeddable":true,"href":"https:\/\/nuovi-lavori.it\/index.php\/wp-json\/wp\/v2\/users\/6546"}],"replies":[{"embeddable":true,"href":"https:\/\/nuovi-lavori.it\/index.php\/wp-json\/wp\/v2\/comments?post=21589"}],"version-history":[{"count":3,"href":"https:\/\/nuovi-lavori.it\/index.php\/wp-json\/wp\/v2\/posts\/21589\/revisions"}],"predecessor-version":[{"id":21613,"href":"https:\/\/nuovi-lavori.it\/index.php\/wp-json\/wp\/v2\/posts\/21589\/revisions\/21613"}],"wp:featuredmedia":[{"embeddable":true,"href":"https:\/\/nuovi-lavori.it\/index.php\/wp-json\/wp\/v2\/media\/21590"}],"wp:attachment":[{"href":"https:\/\/nuovi-lavori.it\/index.php\/wp-json\/wp\/v2\/media?parent=21589"}],"wp:term":[{"taxonomy":"category","embeddable":true,"href":"https:\/\/nuovi-lavori.it\/index.php\/wp-json\/wp\/v2\/categories?post=21589"},{"taxonomy":"post_tag","embeddable":true,"href":"https:\/\/nuovi-lavori.it\/index.php\/wp-json\/wp\/v2\/tags?post=21589"}],"curies":[{"name":"wp","href":"https:\/\/api.w.org\/{rel}","templated":true}]}}