{"id":21595,"date":"2025-02-18T07:43:39","date_gmt":"2025-02-18T06:43:39","guid":{"rendered":"https:\/\/nuovi-lavori.it\/?p=21595"},"modified":"2025-02-18T15:38:01","modified_gmt":"2025-02-18T14:38:01","slug":"morese-350","status":"publish","type":"post","link":"https:\/\/nuovi-lavori.it\/index.php\/morese-350\/","title":{"rendered":"Disuniti sugli obiettivi, non sulle modalita&#8217; per perseguirli"},"content":{"rendered":"\n<p>Quasi in contemporanea, la scorsa settimana, CGIL e CISL hanno celebrato un momento di sindacalismo che si potrebbe definire \u201cextraparlamentare\u201d. Cio\u00e8 perseguire, anche se legittimamente, obiettivi di carattere generale con strumenti pi\u00f9 consoni ai soggetti della politica, pur rimanendo fuori dalla rappresentanza istituzionale. In altri tempi, a ridosso della fine del Novecento, il sindacalismo confederale, unitariamente, ha svolto un ruolo da soggetto politico autonomo ma lo ha esercitato con gli strumenti propri della contrattazione, della concertazione, della lotta per realizzare quanto richiesto, accrescendo fortemente la loro rilevanza sociale e politica. Ma veniamo ai fatti. &nbsp; &nbsp;<\/p>\n\n\n\n<p>La CGIL ha convocato a Bologna un\u2019ampia riunione di delegati e dirigenti per preparare la campagna referendaria sui cinque quesiti da essa richiesti e dalla Corte Costituzionale ritenuti ammissibili. Questi puntano ad abolire il job act e i relativi indennizzi; a ripristinare la causale per i contratti a tempo determinato; a estendere la responsabilit\u00e0 in caso di infortunio in capo al committente dell\u2019appalto; a ridurre da 10 a 5 anni gli anni di residenza legale per ottenere la cittadinanza italiana.&nbsp; L\u2019evento non ha avuto grande risonanza pubblica, anche perch\u00e9 non \u00e8 stata ancora fissata la data della realizzazione dei referendum, ma ha rappresentato un momento significativo della strategia dominante nella Confederazione: privilegiare la via legislativa.<\/p>\n\n\n\n<p>La manifestazione della CISL si \u00e8 svolta a Roma, ha avuto per tema \u201cil coraggio della partecipazione\u201d e ha riguardato la proposta di legge di iniziativa popolare sull\u2019attuazione dell\u2019articolo 46 della Costituzione, che sostiene la presenza dei lavoratori nella gestione dell\u2019impresa. Ha avuto pi\u00f9 fortuna mediatica sia perch\u00e9 l\u2019articolato \u00e8 entrato in un iter parlamentare deliberativo, sia perch\u00e9 convocata alla vigilia dell\u2019avvicendamento tra Luigi Sbarra e Daniela Fumarola alla guida dell\u2019organizzazione, sia e forse soprattutto perch\u00e9 ad essa ha partecipato Giorgia Meloni. Infatti, non sono mancate interpretazioni maliziose sui rapporti privilegiati tra Governo e CISL.<\/p>\n\n\n\n<p>Il fatto sostanziale \u00e8 che le due maggiori Confederazioni si trovano esposte nella stessa misura su un terreno squisitamente politico parlamentare. Scelta che le ha impegnate per mesi a cercare le centinaia di migliaia di firme necessarie per rispettare le procedure previste per iniziative del genere. Si tratta di uno sforzo mobilitativo di conferma della solidit\u00e0 associativa delle due organizzazioni (mai messa in discussione da alcuno). Ma anche di opzioni inedite che, al di l\u00e0 del merito delle questioni poste, affidano ad altri soggetti \u2013 il giudizio degli elettori la CGIL, il voto parlamentare la CISL \u2013 la sorte delle loro richieste. Questo implica la disponibilit\u00e0 ad un tasso di rischio, diversamente calibrato per ciascuna Confederazione, dato che il risultato di ci\u00f2 che si intende ottenere, non \u00e8 nella piena disponibilit\u00e0 dei proponenti. La mediazione e la sintesi conclusiva non sta nelle loro mani.&nbsp;<\/p>\n\n\n\n<p>Tra le Confederazioni, chi corre di pi\u00f9 l\u2019alea \u00e8 la CGIL. Ai suoi quesiti manca il traino del referendum sull\u2019autonomia differenziata, interdetto dalla Corte Costituzionale ma anche il raggiungimento del quorum (il 50% pi\u00f9 1 degli aventi diritto al voto) non appare scontato. E qualora si acquisisse, c\u2019\u00e8 lo scoglio della maggioranza del s\u00ec. Landini ha chiesto a ciascuno dei propri iscritti (sono dichiarati 5,1 milioni) di convincere 5 persone, almeno. C\u2019\u00e8 del titanismo nell\u2019ottimismo del Segretario della CGIL, ma \u00e8 comprensibile. Tanto se vince, il merito \u00e8 tutto della sua organizzazione. Se perde pu\u00f2 relativizzare la sconfitta, condividendola con i partiti che hanno appoggiato i referendum e che non si sono cautelati lasciando libert\u00e0 di voto ai loro elettori.<\/p>\n\n\n\n<p>La CISL ha scelto una strada pi\u00f9 istituzionale per alzare la bandiera della partecipazione dei lavoratori alle scelte gestionali ordinarie e straordinarie delle imprese. Prime crepe nella sua impostazione le ha gi\u00e0 subite nella riscrittura della Commissione Lavoro della Camera, che ha per\u00f2 fatto salva (ci mancherebbe altro!) la possibilit\u00e0 che la contrattazione nazionale o aziendale definisca contenuti e modalit\u00e0 dell\u2019applicazione della normativa di legge. E\u2019 sperabile che non vi siano ulteriori manipolazioni nel prosieguo dell\u2019iter parlamentare, ovvero che la maggioranza governativa accolga gli emendamenti dell\u2019opposizione che riavvicinerebbero il testo uscito dalla discussione in Commissione a quello della CISL.&nbsp;<\/p>\n\n\n\n<p>Ma al di l\u00e0 dell\u2019esito dell\u2019una e dell\u2019altra vicenda e fermo restando che entrambe le organizzazioni si sono esposte politicamente, resta che nei prossimi mesi il solco della differenziazione rester\u00e0 profondo. Finora non ha ancora intaccato i rapporti tra i lavoratori e bisogna dare merito ai gruppi dirigenti confederali centrali di non aver calcato la mano sui distinguo e a quelli delle categorie e dei territori di aver mantenuto in larga parte intatta, soprattutto nel settore privato, la capacit\u00e0 di contrattare unitariamente sia a livello nazionale che locale o aziendale. Ma si \u00e8 ad un palmo dal rendere inossidabile e scontata l\u2019abitudine che ciascuno parli ai propri iscritti, lasciando crescere l\u2019area dei lavoratori disinformati e non coinvolti.<\/p>\n\n\n\n<p>A chi giover\u00e0, questa prospettiva non \u00e8 data sapere. Non \u00e8 chiaro se questo dinamismo nell\u2019uso di strumenti propri all\u2019ambito della politica \u00e8 una parentesi nelle scelte del sindacalismo confederale o sar\u00e0 una costante. In questo caso, lo sbocco pi\u00f9 lineare sarebbe quello di farsi partito o corrente di partito. Sarebbe un bel salto all\u2019indietro, ma avrebbe una sua intrinseca coerenza. Nell\u2019altro caso, dovrebbe comportare un confronto serrato che intreccia il destino dell\u2019unit\u00e0 sindacale, con il declino della priorit\u00e0 finora assegnata all\u2019identit\u00e0 della \u201cditta\u201d e soprattutto con la complicata misurazione e trasformazione del lavoro che \u00e8 gi\u00e0 in atto.&nbsp;<\/p>\n\n\n\n<p>Essa riflette il profondo processo di transizione dal passato modello di sviluppo incentrato sulla manifattura e sulla dimensione nazionale delle politiche economiche verso un altro schema dominato dalla innovazione tecnologica e digitale e dalla dimensione come minimo europea delle scelte per assicurare benessere alle popolazioni. Se il sindacalismo confederale volesse rilanciare il suo ruolo di soggetto politico autonomo, dovr\u00e0 fare un\u2019accurata valutazione di questa esperienza sia alla luce di quelle passate che delle sfide che riserva il futuro.&nbsp;<\/p>\n","protected":false},"excerpt":{"rendered":"<p>Quasi in contemporanea, la scorsa settimana, CGIL e CISL hanno celebrato un momento di sindacalismo che si potrebbe definire \u201cextraparlamentare\u201d. <\/p>\n","protected":false},"author":6341,"featured_media":21600,"comment_status":"closed","ping_status":"closed","sticky":false,"template":"","format":"standard","meta":{"footnotes":""},"categories":[9],"tags":[],"class_list":["post-21595","post","type-post","status-publish","format-standard","has-post-thumbnail","hentry","category-newsletter"],"yoast_head":"<!-- This site is optimized with the Yoast SEO plugin v27.5 - https:\/\/yoast.com\/product\/yoast-seo-wordpress\/ -->\n<title>Disuniti sugli obiettivi, non sulle modalita&#039; per perseguirli - Nuovi Lavori<\/title>\n<meta name=\"robots\" content=\"index, follow, max-snippet:-1, max-image-preview:large, max-video-preview:-1\" \/>\n<link rel=\"canonical\" href=\"https:\/\/nuovi-lavori.it\/index.php\/morese-350\/\" \/>\n<meta property=\"og:locale\" content=\"it_IT\" \/>\n<meta property=\"og:type\" content=\"article\" \/>\n<meta property=\"og:title\" content=\"Disuniti sugli obiettivi, non sulle modalita&#039; per perseguirli - Nuovi Lavori\" \/>\n<meta property=\"og:description\" content=\"Quasi in contemporanea, la scorsa settimana, CGIL e CISL hanno celebrato un momento di sindacalismo che si potrebbe definire \u201cextraparlamentare\u201d.\" \/>\n<meta property=\"og:url\" content=\"https:\/\/nuovi-lavori.it\/index.php\/morese-350\/\" \/>\n<meta property=\"og:site_name\" content=\"Nuovi Lavori\" \/>\n<meta property=\"article:published_time\" content=\"2025-02-18T06:43:39+00:00\" \/>\n<meta property=\"article:modified_time\" content=\"2025-02-18T14:38:01+00:00\" \/>\n<meta property=\"og:image\" content=\"https:\/\/nuovi-lavori.it\/wp-content\/uploads\/2025\/02\/Schermata-2025-02-18-alle-15.36.21.jpg\" \/>\n\t<meta property=\"og:image:width\" content=\"554\" \/>\n\t<meta property=\"og:image:height\" content=\"513\" \/>\n\t<meta property=\"og:image:type\" content=\"image\/jpeg\" \/>\n<meta name=\"author\" content=\"Raffaele Morese\" \/>\n<meta name=\"twitter:card\" content=\"summary_large_image\" \/>\n<meta name=\"twitter:label1\" content=\"Scritto da\" \/>\n\t<meta name=\"twitter:data1\" content=\"Raffaele Morese\" \/>\n\t<meta name=\"twitter:label2\" content=\"Tempo di lettura stimato\" \/>\n\t<meta name=\"twitter:data2\" content=\"6 minuti\" \/>\n<script type=\"application\/ld+json\" class=\"yoast-schema-graph\">{\"@context\":\"https:\\\/\\\/schema.org\",\"@graph\":[{\"@type\":\"Article\",\"@id\":\"https:\\\/\\\/nuovi-lavori.it\\\/index.php\\\/morese-350\\\/#article\",\"isPartOf\":{\"@id\":\"https:\\\/\\\/nuovi-lavori.it\\\/index.php\\\/morese-350\\\/\"},\"author\":{\"name\":\"Raffaele Morese\",\"@id\":\"https:\\\/\\\/nuovi-lavori.it\\\/#\\\/schema\\\/person\\\/4768859afb8ce507df626060d213b701\"},\"headline\":\"Disuniti sugli obiettivi, non sulle modalita&#8217; per perseguirli\",\"datePublished\":\"2025-02-18T06:43:39+00:00\",\"dateModified\":\"2025-02-18T14:38:01+00:00\",\"mainEntityOfPage\":{\"@id\":\"https:\\\/\\\/nuovi-lavori.it\\\/index.php\\\/morese-350\\\/\"},\"wordCount\":981,\"publisher\":{\"@id\":\"https:\\\/\\\/nuovi-lavori.it\\\/#organization\"},\"image\":{\"@id\":\"https:\\\/\\\/nuovi-lavori.it\\\/index.php\\\/morese-350\\\/#primaryimage\"},\"thumbnailUrl\":\"https:\\\/\\\/nuovi-lavori.it\\\/wp-content\\\/uploads\\\/2025\\\/02\\\/Schermata-2025-02-18-alle-15.36.21.jpg\",\"articleSection\":[\"Newsletter\"],\"inLanguage\":\"it-IT\"},{\"@type\":\"WebPage\",\"@id\":\"https:\\\/\\\/nuovi-lavori.it\\\/index.php\\\/morese-350\\\/\",\"url\":\"https:\\\/\\\/nuovi-lavori.it\\\/index.php\\\/morese-350\\\/\",\"name\":\"Disuniti sugli obiettivi, non sulle modalita' per perseguirli - Nuovi Lavori\",\"isPartOf\":{\"@id\":\"https:\\\/\\\/nuovi-lavori.it\\\/#website\"},\"primaryImageOfPage\":{\"@id\":\"https:\\\/\\\/nuovi-lavori.it\\\/index.php\\\/morese-350\\\/#primaryimage\"},\"image\":{\"@id\":\"https:\\\/\\\/nuovi-lavori.it\\\/index.php\\\/morese-350\\\/#primaryimage\"},\"thumbnailUrl\":\"https:\\\/\\\/nuovi-lavori.it\\\/wp-content\\\/uploads\\\/2025\\\/02\\\/Schermata-2025-02-18-alle-15.36.21.jpg\",\"datePublished\":\"2025-02-18T06:43:39+00:00\",\"dateModified\":\"2025-02-18T14:38:01+00:00\",\"breadcrumb\":{\"@id\":\"https:\\\/\\\/nuovi-lavori.it\\\/index.php\\\/morese-350\\\/#breadcrumb\"},\"inLanguage\":\"it-IT\",\"potentialAction\":[{\"@type\":\"ReadAction\",\"target\":[\"https:\\\/\\\/nuovi-lavori.it\\\/index.php\\\/morese-350\\\/\"]}]},{\"@type\":\"ImageObject\",\"inLanguage\":\"it-IT\",\"@id\":\"https:\\\/\\\/nuovi-lavori.it\\\/index.php\\\/morese-350\\\/#primaryimage\",\"url\":\"https:\\\/\\\/nuovi-lavori.it\\\/wp-content\\\/uploads\\\/2025\\\/02\\\/Schermata-2025-02-18-alle-15.36.21.jpg\",\"contentUrl\":\"https:\\\/\\\/nuovi-lavori.it\\\/wp-content\\\/uploads\\\/2025\\\/02\\\/Schermata-2025-02-18-alle-15.36.21.jpg\",\"width\":554,\"height\":513,\"caption\":\"Screenshot\"},{\"@type\":\"BreadcrumbList\",\"@id\":\"https:\\\/\\\/nuovi-lavori.it\\\/index.php\\\/morese-350\\\/#breadcrumb\",\"itemListElement\":[{\"@type\":\"ListItem\",\"position\":1,\"name\":\"Home\",\"item\":\"https:\\\/\\\/nuovi-lavori.it\\\/\"},{\"@type\":\"ListItem\",\"position\":2,\"name\":\"Newsletter\",\"item\":\"https:\\\/\\\/nuovi-lavori.it\\\/index.php\\\/category\\\/newsletter\\\/\"},{\"@type\":\"ListItem\",\"position\":3,\"name\":\"Disuniti sugli obiettivi, non sulle modalita&#8217; per perseguirli\"}]},{\"@type\":\"WebSite\",\"@id\":\"https:\\\/\\\/nuovi-lavori.it\\\/#website\",\"url\":\"https:\\\/\\\/nuovi-lavori.it\\\/\",\"name\":\"Nuovi Lavori\",\"description\":\"\",\"publisher\":{\"@id\":\"https:\\\/\\\/nuovi-lavori.it\\\/#organization\"},\"potentialAction\":[{\"@type\":\"SearchAction\",\"target\":{\"@type\":\"EntryPoint\",\"urlTemplate\":\"https:\\\/\\\/nuovi-lavori.it\\\/?s={search_term_string}\"},\"query-input\":{\"@type\":\"PropertyValueSpecification\",\"valueRequired\":true,\"valueName\":\"search_term_string\"}}],\"inLanguage\":\"it-IT\"},{\"@type\":\"Organization\",\"@id\":\"https:\\\/\\\/nuovi-lavori.it\\\/#organization\",\"name\":\"Nuovi Lavori\",\"url\":\"https:\\\/\\\/nuovi-lavori.it\\\/\",\"logo\":{\"@type\":\"ImageObject\",\"inLanguage\":\"it-IT\",\"@id\":\"https:\\\/\\\/nuovi-lavori.it\\\/#\\\/schema\\\/logo\\\/image\\\/\",\"url\":\"http:\\\/\\\/5.249.146.118\\\/wp-content\\\/uploads\\\/2013\\\/11\\\/images_logonl.jpg\",\"contentUrl\":\"http:\\\/\\\/5.249.146.118\\\/wp-content\\\/uploads\\\/2013\\\/11\\\/images_logonl.jpg\",\"width\":400,\"height\":327,\"caption\":\"Nuovi Lavori\"},\"image\":{\"@id\":\"https:\\\/\\\/nuovi-lavori.it\\\/#\\\/schema\\\/logo\\\/image\\\/\"},\"sameAs\":[\"https:\\\/\\\/www.youtube.com\\\/user\\\/newsletteranl\"]},{\"@type\":\"Person\",\"@id\":\"https:\\\/\\\/nuovi-lavori.it\\\/#\\\/schema\\\/person\\\/4768859afb8ce507df626060d213b701\",\"name\":\"Raffaele Morese\",\"image\":{\"@type\":\"ImageObject\",\"inLanguage\":\"it-IT\",\"@id\":\"https:\\\/\\\/secure.gravatar.com\\\/avatar\\\/c9e93dd33a56fe3d005bd3f6c40cb88951704b941daa4f4dd789da460905d0d7?s=96&d=mm&r=g\",\"url\":\"https:\\\/\\\/secure.gravatar.com\\\/avatar\\\/c9e93dd33a56fe3d005bd3f6c40cb88951704b941daa4f4dd789da460905d0d7?s=96&d=mm&r=g\",\"contentUrl\":\"https:\\\/\\\/secure.gravatar.com\\\/avatar\\\/c9e93dd33a56fe3d005bd3f6c40cb88951704b941daa4f4dd789da460905d0d7?s=96&d=mm&r=g\",\"caption\":\"Raffaele Morese\"},\"description\":\"Laureato in economia e commercio all'Universit\u00e0 Cattolica di Milano. Nel 1966 \u00e8 responsabile dell'Ufficio Studi e Marketing della Rinascente S.p.A., nel 1967 entra all\u2019Ufficio Studi della CISL. Nel 1969 avvia la sua attivit\u00e0 sindacale come operatore nella Fim-Cisl nazionale, di cui diviene segretario nazionale nel 1975, ricoprendo la responsabilit\u00e0 di vari settori (elettromeccanica, informatica, siderurgia, e infine auto e trasporti) e assumendo il coordinamento delle politiche sindacali. Nel 1983 succede a Franco Bentivogli come segretario generale della Fim-Cisl e nel 1989 passa alla segreteria nazionale della confederazione, di cui diviene segretario generale aggiunto, in coppia con Sergio D'Antoni segretario generale. Nel 1998 si conclude la sua esperienza sindacale e si apre una fase di impegno politico nelle file del centro-sinistra. Dal 1998 al 2001 \u00e8 Sottosegretario con delega al Ministero del Lavoro. Dal 2002 al 2009 \u00e8 stato presidente di Trambus, la societ\u00e0 per azioni del Comune di Roma che gestisce la maggior parte del trasporto pubblico di Roma. Dal 2004 al 2009 \u00e8 stato presidente di Confservizi, la confederazione nazionale che rappresenta le aziende e gli enti che gestiscono i Servizi Pubblici Locali. Morese \u00e8 stato inoltre Consigliere del Consiglio Nazionale dell'Economia e del Lavoro (CNEL) nella IV Consiliatura, e nel 2005 \u00e8 stato nominato presidente della Commissione per le grandi opere e le reti infrastrutturali, per le politiche energetiche e i servizi di rete. Dal 1996 al 2009 \u00e8 stato Presidente di Intersos, la pi\u00f9 grande ONG italiana per l\u2019intervento umanitario nelle situazioni di guerra, di calamit\u00e0 naturali, di epidemie. Ha inoltre collaborato con numerosi quotidiani e settimanali, quali Sette giorni, Mondo Operaio, Il Popolo, Il Nuovo e L\u2019Europa, ed \u00e8 autore di diverse pubblicazioni sul mondo del lavoro, come Lavorare meno, lavorare tutti, Le Frontiere della partecipazione, Contare fino a uno e Ridistribuire il lavoro. Attualmente \u00e8 Segretario Generale di \\\"Nuovi Lavori\\\" (NL) e Presidente del think tank Koin\u00e8.\",\"url\":\"https:\\\/\\\/nuovi-lavori.it\\\/index.php\\\/author\\\/raffaele-morese\\\/\"}]}<\/script>\n<!-- \/ Yoast SEO plugin. -->","yoast_head_json":{"title":"Disuniti sugli obiettivi, non sulle modalita' per perseguirli - Nuovi Lavori","robots":{"index":"index","follow":"follow","max-snippet":"max-snippet:-1","max-image-preview":"max-image-preview:large","max-video-preview":"max-video-preview:-1"},"canonical":"https:\/\/nuovi-lavori.it\/index.php\/morese-350\/","og_locale":"it_IT","og_type":"article","og_title":"Disuniti sugli obiettivi, non sulle modalita' per perseguirli - Nuovi Lavori","og_description":"Quasi in contemporanea, la scorsa settimana, CGIL e CISL hanno celebrato un momento di sindacalismo che si potrebbe definire \u201cextraparlamentare\u201d.","og_url":"https:\/\/nuovi-lavori.it\/index.php\/morese-350\/","og_site_name":"Nuovi Lavori","article_published_time":"2025-02-18T06:43:39+00:00","article_modified_time":"2025-02-18T14:38:01+00:00","og_image":[{"width":554,"height":513,"url":"https:\/\/nuovi-lavori.it\/wp-content\/uploads\/2025\/02\/Schermata-2025-02-18-alle-15.36.21.jpg","type":"image\/jpeg"}],"author":"Raffaele Morese","twitter_card":"summary_large_image","twitter_misc":{"Scritto da":"Raffaele Morese","Tempo di lettura stimato":"6 minuti"},"schema":{"@context":"https:\/\/schema.org","@graph":[{"@type":"Article","@id":"https:\/\/nuovi-lavori.it\/index.php\/morese-350\/#article","isPartOf":{"@id":"https:\/\/nuovi-lavori.it\/index.php\/morese-350\/"},"author":{"name":"Raffaele Morese","@id":"https:\/\/nuovi-lavori.it\/#\/schema\/person\/4768859afb8ce507df626060d213b701"},"headline":"Disuniti sugli obiettivi, non sulle modalita&#8217; per perseguirli","datePublished":"2025-02-18T06:43:39+00:00","dateModified":"2025-02-18T14:38:01+00:00","mainEntityOfPage":{"@id":"https:\/\/nuovi-lavori.it\/index.php\/morese-350\/"},"wordCount":981,"publisher":{"@id":"https:\/\/nuovi-lavori.it\/#organization"},"image":{"@id":"https:\/\/nuovi-lavori.it\/index.php\/morese-350\/#primaryimage"},"thumbnailUrl":"https:\/\/nuovi-lavori.it\/wp-content\/uploads\/2025\/02\/Schermata-2025-02-18-alle-15.36.21.jpg","articleSection":["Newsletter"],"inLanguage":"it-IT"},{"@type":"WebPage","@id":"https:\/\/nuovi-lavori.it\/index.php\/morese-350\/","url":"https:\/\/nuovi-lavori.it\/index.php\/morese-350\/","name":"Disuniti sugli obiettivi, non sulle modalita' per perseguirli - Nuovi Lavori","isPartOf":{"@id":"https:\/\/nuovi-lavori.it\/#website"},"primaryImageOfPage":{"@id":"https:\/\/nuovi-lavori.it\/index.php\/morese-350\/#primaryimage"},"image":{"@id":"https:\/\/nuovi-lavori.it\/index.php\/morese-350\/#primaryimage"},"thumbnailUrl":"https:\/\/nuovi-lavori.it\/wp-content\/uploads\/2025\/02\/Schermata-2025-02-18-alle-15.36.21.jpg","datePublished":"2025-02-18T06:43:39+00:00","dateModified":"2025-02-18T14:38:01+00:00","breadcrumb":{"@id":"https:\/\/nuovi-lavori.it\/index.php\/morese-350\/#breadcrumb"},"inLanguage":"it-IT","potentialAction":[{"@type":"ReadAction","target":["https:\/\/nuovi-lavori.it\/index.php\/morese-350\/"]}]},{"@type":"ImageObject","inLanguage":"it-IT","@id":"https:\/\/nuovi-lavori.it\/index.php\/morese-350\/#primaryimage","url":"https:\/\/nuovi-lavori.it\/wp-content\/uploads\/2025\/02\/Schermata-2025-02-18-alle-15.36.21.jpg","contentUrl":"https:\/\/nuovi-lavori.it\/wp-content\/uploads\/2025\/02\/Schermata-2025-02-18-alle-15.36.21.jpg","width":554,"height":513,"caption":"Screenshot"},{"@type":"BreadcrumbList","@id":"https:\/\/nuovi-lavori.it\/index.php\/morese-350\/#breadcrumb","itemListElement":[{"@type":"ListItem","position":1,"name":"Home","item":"https:\/\/nuovi-lavori.it\/"},{"@type":"ListItem","position":2,"name":"Newsletter","item":"https:\/\/nuovi-lavori.it\/index.php\/category\/newsletter\/"},{"@type":"ListItem","position":3,"name":"Disuniti sugli obiettivi, non sulle modalita&#8217; per perseguirli"}]},{"@type":"WebSite","@id":"https:\/\/nuovi-lavori.it\/#website","url":"https:\/\/nuovi-lavori.it\/","name":"Nuovi Lavori","description":"","publisher":{"@id":"https:\/\/nuovi-lavori.it\/#organization"},"potentialAction":[{"@type":"SearchAction","target":{"@type":"EntryPoint","urlTemplate":"https:\/\/nuovi-lavori.it\/?s={search_term_string}"},"query-input":{"@type":"PropertyValueSpecification","valueRequired":true,"valueName":"search_term_string"}}],"inLanguage":"it-IT"},{"@type":"Organization","@id":"https:\/\/nuovi-lavori.it\/#organization","name":"Nuovi Lavori","url":"https:\/\/nuovi-lavori.it\/","logo":{"@type":"ImageObject","inLanguage":"it-IT","@id":"https:\/\/nuovi-lavori.it\/#\/schema\/logo\/image\/","url":"http:\/\/5.249.146.118\/wp-content\/uploads\/2013\/11\/images_logonl.jpg","contentUrl":"http:\/\/5.249.146.118\/wp-content\/uploads\/2013\/11\/images_logonl.jpg","width":400,"height":327,"caption":"Nuovi Lavori"},"image":{"@id":"https:\/\/nuovi-lavori.it\/#\/schema\/logo\/image\/"},"sameAs":["https:\/\/www.youtube.com\/user\/newsletteranl"]},{"@type":"Person","@id":"https:\/\/nuovi-lavori.it\/#\/schema\/person\/4768859afb8ce507df626060d213b701","name":"Raffaele Morese","image":{"@type":"ImageObject","inLanguage":"it-IT","@id":"https:\/\/secure.gravatar.com\/avatar\/c9e93dd33a56fe3d005bd3f6c40cb88951704b941daa4f4dd789da460905d0d7?s=96&d=mm&r=g","url":"https:\/\/secure.gravatar.com\/avatar\/c9e93dd33a56fe3d005bd3f6c40cb88951704b941daa4f4dd789da460905d0d7?s=96&d=mm&r=g","contentUrl":"https:\/\/secure.gravatar.com\/avatar\/c9e93dd33a56fe3d005bd3f6c40cb88951704b941daa4f4dd789da460905d0d7?s=96&d=mm&r=g","caption":"Raffaele Morese"},"description":"Laureato in economia e commercio all'Universit\u00e0 Cattolica di Milano. Nel 1966 \u00e8 responsabile dell'Ufficio Studi e Marketing della Rinascente S.p.A., nel 1967 entra all\u2019Ufficio Studi della CISL. Nel 1969 avvia la sua attivit\u00e0 sindacale come operatore nella Fim-Cisl nazionale, di cui diviene segretario nazionale nel 1975, ricoprendo la responsabilit\u00e0 di vari settori (elettromeccanica, informatica, siderurgia, e infine auto e trasporti) e assumendo il coordinamento delle politiche sindacali. Nel 1983 succede a Franco Bentivogli come segretario generale della Fim-Cisl e nel 1989 passa alla segreteria nazionale della confederazione, di cui diviene segretario generale aggiunto, in coppia con Sergio D'Antoni segretario generale. Nel 1998 si conclude la sua esperienza sindacale e si apre una fase di impegno politico nelle file del centro-sinistra. Dal 1998 al 2001 \u00e8 Sottosegretario con delega al Ministero del Lavoro. Dal 2002 al 2009 \u00e8 stato presidente di Trambus, la societ\u00e0 per azioni del Comune di Roma che gestisce la maggior parte del trasporto pubblico di Roma. Dal 2004 al 2009 \u00e8 stato presidente di Confservizi, la confederazione nazionale che rappresenta le aziende e gli enti che gestiscono i Servizi Pubblici Locali. Morese \u00e8 stato inoltre Consigliere del Consiglio Nazionale dell'Economia e del Lavoro (CNEL) nella IV Consiliatura, e nel 2005 \u00e8 stato nominato presidente della Commissione per le grandi opere e le reti infrastrutturali, per le politiche energetiche e i servizi di rete. Dal 1996 al 2009 \u00e8 stato Presidente di Intersos, la pi\u00f9 grande ONG italiana per l\u2019intervento umanitario nelle situazioni di guerra, di calamit\u00e0 naturali, di epidemie. Ha inoltre collaborato con numerosi quotidiani e settimanali, quali Sette giorni, Mondo Operaio, Il Popolo, Il Nuovo e L\u2019Europa, ed \u00e8 autore di diverse pubblicazioni sul mondo del lavoro, come Lavorare meno, lavorare tutti, Le Frontiere della partecipazione, Contare fino a uno e Ridistribuire il lavoro. Attualmente \u00e8 Segretario Generale di \"Nuovi Lavori\" (NL) e Presidente del think tank Koin\u00e8.","url":"https:\/\/nuovi-lavori.it\/index.php\/author\/raffaele-morese\/"}]}},"_links":{"self":[{"href":"https:\/\/nuovi-lavori.it\/index.php\/wp-json\/wp\/v2\/posts\/21595","targetHints":{"allow":["GET"]}}],"collection":[{"href":"https:\/\/nuovi-lavori.it\/index.php\/wp-json\/wp\/v2\/posts"}],"about":[{"href":"https:\/\/nuovi-lavori.it\/index.php\/wp-json\/wp\/v2\/types\/post"}],"author":[{"embeddable":true,"href":"https:\/\/nuovi-lavori.it\/index.php\/wp-json\/wp\/v2\/users\/6341"}],"replies":[{"embeddable":true,"href":"https:\/\/nuovi-lavori.it\/index.php\/wp-json\/wp\/v2\/comments?post=21595"}],"version-history":[{"count":2,"href":"https:\/\/nuovi-lavori.it\/index.php\/wp-json\/wp\/v2\/posts\/21595\/revisions"}],"predecessor-version":[{"id":21601,"href":"https:\/\/nuovi-lavori.it\/index.php\/wp-json\/wp\/v2\/posts\/21595\/revisions\/21601"}],"wp:featuredmedia":[{"embeddable":true,"href":"https:\/\/nuovi-lavori.it\/index.php\/wp-json\/wp\/v2\/media\/21600"}],"wp:attachment":[{"href":"https:\/\/nuovi-lavori.it\/index.php\/wp-json\/wp\/v2\/media?parent=21595"}],"wp:term":[{"taxonomy":"category","embeddable":true,"href":"https:\/\/nuovi-lavori.it\/index.php\/wp-json\/wp\/v2\/categories?post=21595"},{"taxonomy":"post_tag","embeddable":true,"href":"https:\/\/nuovi-lavori.it\/index.php\/wp-json\/wp\/v2\/tags?post=21595"}],"curies":[{"name":"wp","href":"https:\/\/api.w.org\/{rel}","templated":true}]}}