{"id":21687,"date":"2025-03-24T10:01:41","date_gmt":"2025-03-24T09:01:41","guid":{"rendered":"https:\/\/nuovi-lavori.it\/?p=21687"},"modified":"2025-03-26T11:04:45","modified_gmt":"2025-03-26T10:04:45","slug":"mele-4","status":"publish","type":"post","link":"https:\/\/nuovi-lavori.it\/index.php\/mele-4\/","title":{"rendered":"Guerra cognitiva e giornalismo"},"content":{"rendered":"\n<p>La guerra cognitiva \u00e8 un fenomeno complesso, molto complesso. Tocca la mente dell\u2019uomo, tocca la dimensione cognitiva della persona, ovvero la sua capacit\u00e0 di elaborazione della percezione degli eventi del mondo.<\/p>\n\n\n\n<p>Ho scritto, anche, che il bersaglio della cognitive warfare, citando uno dei suoi massimi esperti &#8211; du Cluzel &#8211; \u00e8 \u201cl\u2019intero capitale umano di una nazione\u201d.<\/p>\n\n\n\n<p>Pertanto, il suo raggio d\u2019azione \u00e8 decisamente ampio e non ha un limite di tempo (come per le PsyOp), ma si svolge nel tempo, come sta avvenendo, da diverso tempo, tra la Repubblica Popolare Cinese e quella Democratica di Taiwan. Una guerra cognitiva fatta dalla RPC senza risparmiare nessun mezzo, neppure quelli illeciti. Vale a dire che per influenzare l\u2019opinione pubblica di Taiwan non solo si \u00e8 fatto un uso massiccio delle tecnologie della rete, ma anche dei rapporti politici e di quelli con la criminalit\u00e0 organizzata.<\/p>\n\n\n\n<p>Come si vede, la guerra cognitiva intreccia tecnica e poteri di ogni tipo.<\/p>\n\n\n\n<p>E questo pone un problema etico non da poco per una democrazia che si vuole difendere dagli effetti devastanti di una guerra cognitiva.<\/p>\n\n\n\n<p>Quali mezzi di difesa pu\u00f2 avere una democrazia che non voglia ingannare s\u00e9 stessa e i suoi valori?<\/p>\n\n\n\n<p>Il tema \u00e8 complesso. Tra i diversi studiosi che se ne sono occupati citiamo il filosofo australiano Seumas Miller, docente anche in universit\u00e0 europee, che in un suo intenso articolo accademico, Cognitive warfare: an ethical analysis, prende in considerazione alcuni strumenti di difesa, tra cui la regolamentazione dei media digitali, l\u2019educazione culturale con le istituzioni universitarie e il giornalismo.<\/p>\n\n\n\n<p>Quindi si potrebbe dire che una democrazia, per difendersi dalla manipolazione della guerra cognitiva attuata attraverso la disinformazione, deve creare contronarrazioni basate sulla verit\u00e0 sostanziale.<\/p>\n\n\n\n<p>Miller esclude che una democrazia possa rispondere alla guerra cognitiva di un paese autoritario con la menzogna, perch\u00e9 ci\u00f2 sarebbe contraddittorio ed immorale e significherebbe il venir meno ad un compito democratico.<\/p>\n\n\n\n<p>Tra gli strumenti di difesa, abbiamo detto, c\u2019\u00e8 il giornalismo di qualit\u00e0 (cio\u00e8 quello capace di fare inchieste e fact-checking puntuali, un giornalismo attento alla verifica delle fonti).<\/p>\n\n\n\n<p>Ma il giornalismo pu\u00f2 essere uno strumento potente di guerra cognitiva avversa, ovvero un diffusore di fake news e di disinformazione.<\/p>\n\n\n\n<p>Come \u00e8 il caso delle testate russe Russia Today e Sputnik, sanzionate dall\u2019Unione europea con il blocco delle trasmissioni nel 2022.<\/p>\n\n\n\n<p>Ora, in questo periodo della storia del mondo, come ha scritto lucidamente Lucio Caracciolo, dove vige l\u2019Ordine del Caos, stiamo assistendo a pi\u00f9 guerre cognitive.<\/p>\n\n\n\n<p>Per cui, oggi tutta l\u2019informazione di qualunque fonte \u00e8 uno strumento di guerra.<\/p>\n\n\n\n<p>Infatti, come afferma il sociologo dell\u2019Universit\u00e0 Cattolica di Milano Marco Lombardi, siamo in una condizione di Guerra Cognitiva Globale (\u00e8 il carattere della Terza Guerra Mondiale a pezzi).<\/p>\n\n\n\n<p>Mi hanno colpito due episodi, avvenuti in questi ultimi due mesi, che hanno preso di mira proprio l\u2019Occidente: da un lato abbiamo il magnate Elon Musk, che attraverso l\u2019uso massiccio di X, di cui \u00e8 proprietario, ha condotto, e conduce, una vera propria guerra cognitiva contro governanti occidentali, tedeschi ma non solo, e il presidente ucraino Zelensky.<\/p>\n\n\n\n<p>Contro quest\u2019ultimo la campagna \u00e8 stata violenta, a supporto di quella di Trump, per farlo percepire come il vero colpevole della guerra in Ucraina (Trump stesso lo ha definito un dittatore).<\/p>\n\n\n\n<p>Trump poi si \u00e8 scagliato anche contro l\u2019Unione europea. Insomma, Trump ed Elon Musk stanno facendo guerra cognitiva a quelli che un tempo erano alleati.<\/p>\n\n\n\n<p>Una guerra cognitiva, come tutte le guerre cognitive, si prefigge di destabilizzare istituzioni e leadership europee (quelle pi\u00f9 lontane dal mondo MAGA).<\/p>\n\n\n\n<p>Siamo entrati nel mondo di X, come lo ha definito Ezio Mauro, nel suo editoriale su Repubblica del 23 febbraio 2025, il mondo di Trump e di Musk. Per Mauro questo segna il cambio di regime, non solo di governo.<\/p>\n\n\n\n<p>Questo \u00e8 anche il tempo della sospensione della storia, che cancella il passato e la sua eredit\u00e0 democratica, \u00e8 il nuovo alfabeto politico che sar\u00e0 narrato dalla nuova scienza ipertecnologica.<\/p>\n\n\n\n<p>La politica ridotta a forza, quanto basta per il nuovo impero in cui le alleanze saranno tali solo se significheranno affari (come dimostra la vicenda delle terre rare in Ucraina).<\/p>\n\n\n\n<p>Se questo \u00e8 il contesto dove si svilupperanno le nuove guerre cognitive, per il giornalismo capace di creare spirito critico, si tratta praticare quello che, il filosofo torinese Roberto Trinchero, chiama lo \u201cscetticismo attivo\u201d.<\/p>\n\n\n\n<p>Scetticismo attivo vuol dire analizzare sempre le informazioni e non cedere alla postverit\u00e0.<\/p>\n\n\n\n<p>In questo ambito la guerra cognitiva \u00e8 una grande sfida per riaffermare le ragioni del giornalismo.<\/p>\n\n\n\n<p>Tutte queste considerazioni sono un bel patrimonio acquisito in questo cammino fatto con il Master e questa tesi, spero, ne rappresenta il frutto maturo.<\/p>\n\n\n\n<p>*Conclusioni della tesi dell\u2019autore al Master in Intelligence and Emerging Technologies, Universit\u00e0 di Udine, Dipartimento Scienze Matematiche, Informatiche e Fisiche, 2025<\/p>\n","protected":false},"excerpt":{"rendered":"<p>La guerra cognitiva \u00e8 un fenomeno complesso, molto complesso. Tocca la mente dell\u2019uomo, tocca la dimensione cognitiva della persona, ovvero la sua capacit\u00e0 di elaborazione della percezione degli eventi del mondo.<\/p>\n","protected":false},"author":6358,"featured_media":21717,"comment_status":"closed","ping_status":"closed","sticky":false,"template":"","format":"standard","meta":{"footnotes":""},"categories":[9],"tags":[],"class_list":["post-21687","post","type-post","status-publish","format-standard","has-post-thumbnail","hentry","category-newsletter"],"yoast_head":"<!-- This site is optimized with the Yoast SEO plugin v27.5 - https:\/\/yoast.com\/product\/yoast-seo-wordpress\/ -->\n<title>Guerra cognitiva e giornalismo - Nuovi Lavori<\/title>\n<meta name=\"robots\" content=\"index, follow, max-snippet:-1, max-image-preview:large, max-video-preview:-1\" \/>\n<link rel=\"canonical\" href=\"https:\/\/nuovi-lavori.it\/index.php\/mele-4\/\" \/>\n<meta property=\"og:locale\" content=\"it_IT\" \/>\n<meta property=\"og:type\" content=\"article\" \/>\n<meta property=\"og:title\" content=\"Guerra cognitiva e giornalismo - Nuovi Lavori\" \/>\n<meta property=\"og:description\" content=\"La guerra cognitiva \u00e8 un fenomeno complesso, molto complesso. Tocca la mente dell\u2019uomo, tocca la dimensione cognitiva della persona, ovvero la sua capacit\u00e0 di elaborazione della percezione degli eventi del mondo.\" \/>\n<meta property=\"og:url\" content=\"https:\/\/nuovi-lavori.it\/index.php\/mele-4\/\" \/>\n<meta property=\"og:site_name\" content=\"Nuovi Lavori\" \/>\n<meta property=\"article:published_time\" content=\"2025-03-24T09:01:41+00:00\" \/>\n<meta property=\"article:modified_time\" content=\"2025-03-26T10:04:45+00:00\" \/>\n<meta property=\"og:image\" content=\"https:\/\/nuovi-lavori.it\/wp-content\/uploads\/2025\/03\/guerra_cognitiva.jpg\" \/>\n\t<meta property=\"og:image:width\" content=\"746\" \/>\n\t<meta property=\"og:image:height\" content=\"420\" \/>\n\t<meta property=\"og:image:type\" content=\"image\/jpeg\" \/>\n<meta name=\"author\" content=\"Pierluigi Mele\" \/>\n<meta name=\"twitter:card\" content=\"summary_large_image\" \/>\n<meta name=\"twitter:label1\" content=\"Scritto da\" \/>\n\t<meta name=\"twitter:data1\" content=\"Pierluigi Mele\" \/>\n\t<meta name=\"twitter:label2\" content=\"Tempo di lettura stimato\" \/>\n\t<meta name=\"twitter:data2\" content=\"5 minuti\" \/>\n<script type=\"application\/ld+json\" class=\"yoast-schema-graph\">{\"@context\":\"https:\\\/\\\/schema.org\",\"@graph\":[{\"@type\":\"Article\",\"@id\":\"https:\\\/\\\/nuovi-lavori.it\\\/index.php\\\/mele-4\\\/#article\",\"isPartOf\":{\"@id\":\"https:\\\/\\\/nuovi-lavori.it\\\/index.php\\\/mele-4\\\/\"},\"author\":{\"name\":\"Pierluigi Mele\",\"@id\":\"https:\\\/\\\/nuovi-lavori.it\\\/#\\\/schema\\\/person\\\/9eaf2b92e5244284c7b802d840acab22\"},\"headline\":\"Guerra cognitiva e giornalismo\",\"datePublished\":\"2025-03-24T09:01:41+00:00\",\"dateModified\":\"2025-03-26T10:04:45+00:00\",\"mainEntityOfPage\":{\"@id\":\"https:\\\/\\\/nuovi-lavori.it\\\/index.php\\\/mele-4\\\/\"},\"wordCount\":792,\"publisher\":{\"@id\":\"https:\\\/\\\/nuovi-lavori.it\\\/#organization\"},\"image\":{\"@id\":\"https:\\\/\\\/nuovi-lavori.it\\\/index.php\\\/mele-4\\\/#primaryimage\"},\"thumbnailUrl\":\"https:\\\/\\\/nuovi-lavori.it\\\/wp-content\\\/uploads\\\/2025\\\/03\\\/guerra_cognitiva.jpg\",\"articleSection\":[\"Newsletter\"],\"inLanguage\":\"it-IT\"},{\"@type\":\"WebPage\",\"@id\":\"https:\\\/\\\/nuovi-lavori.it\\\/index.php\\\/mele-4\\\/\",\"url\":\"https:\\\/\\\/nuovi-lavori.it\\\/index.php\\\/mele-4\\\/\",\"name\":\"Guerra cognitiva e giornalismo - Nuovi Lavori\",\"isPartOf\":{\"@id\":\"https:\\\/\\\/nuovi-lavori.it\\\/#website\"},\"primaryImageOfPage\":{\"@id\":\"https:\\\/\\\/nuovi-lavori.it\\\/index.php\\\/mele-4\\\/#primaryimage\"},\"image\":{\"@id\":\"https:\\\/\\\/nuovi-lavori.it\\\/index.php\\\/mele-4\\\/#primaryimage\"},\"thumbnailUrl\":\"https:\\\/\\\/nuovi-lavori.it\\\/wp-content\\\/uploads\\\/2025\\\/03\\\/guerra_cognitiva.jpg\",\"datePublished\":\"2025-03-24T09:01:41+00:00\",\"dateModified\":\"2025-03-26T10:04:45+00:00\",\"breadcrumb\":{\"@id\":\"https:\\\/\\\/nuovi-lavori.it\\\/index.php\\\/mele-4\\\/#breadcrumb\"},\"inLanguage\":\"it-IT\",\"potentialAction\":[{\"@type\":\"ReadAction\",\"target\":[\"https:\\\/\\\/nuovi-lavori.it\\\/index.php\\\/mele-4\\\/\"]}]},{\"@type\":\"ImageObject\",\"inLanguage\":\"it-IT\",\"@id\":\"https:\\\/\\\/nuovi-lavori.it\\\/index.php\\\/mele-4\\\/#primaryimage\",\"url\":\"https:\\\/\\\/nuovi-lavori.it\\\/wp-content\\\/uploads\\\/2025\\\/03\\\/guerra_cognitiva.jpg\",\"contentUrl\":\"https:\\\/\\\/nuovi-lavori.it\\\/wp-content\\\/uploads\\\/2025\\\/03\\\/guerra_cognitiva.jpg\",\"width\":746,\"height\":420},{\"@type\":\"BreadcrumbList\",\"@id\":\"https:\\\/\\\/nuovi-lavori.it\\\/index.php\\\/mele-4\\\/#breadcrumb\",\"itemListElement\":[{\"@type\":\"ListItem\",\"position\":1,\"name\":\"Home\",\"item\":\"https:\\\/\\\/nuovi-lavori.it\\\/\"},{\"@type\":\"ListItem\",\"position\":2,\"name\":\"Newsletter\",\"item\":\"https:\\\/\\\/nuovi-lavori.it\\\/index.php\\\/category\\\/newsletter\\\/\"},{\"@type\":\"ListItem\",\"position\":3,\"name\":\"Guerra cognitiva e giornalismo\"}]},{\"@type\":\"WebSite\",\"@id\":\"https:\\\/\\\/nuovi-lavori.it\\\/#website\",\"url\":\"https:\\\/\\\/nuovi-lavori.it\\\/\",\"name\":\"Nuovi Lavori\",\"description\":\"\",\"publisher\":{\"@id\":\"https:\\\/\\\/nuovi-lavori.it\\\/#organization\"},\"potentialAction\":[{\"@type\":\"SearchAction\",\"target\":{\"@type\":\"EntryPoint\",\"urlTemplate\":\"https:\\\/\\\/nuovi-lavori.it\\\/?s={search_term_string}\"},\"query-input\":{\"@type\":\"PropertyValueSpecification\",\"valueRequired\":true,\"valueName\":\"search_term_string\"}}],\"inLanguage\":\"it-IT\"},{\"@type\":\"Organization\",\"@id\":\"https:\\\/\\\/nuovi-lavori.it\\\/#organization\",\"name\":\"Nuovi Lavori\",\"url\":\"https:\\\/\\\/nuovi-lavori.it\\\/\",\"logo\":{\"@type\":\"ImageObject\",\"inLanguage\":\"it-IT\",\"@id\":\"https:\\\/\\\/nuovi-lavori.it\\\/#\\\/schema\\\/logo\\\/image\\\/\",\"url\":\"http:\\\/\\\/5.249.146.118\\\/wp-content\\\/uploads\\\/2013\\\/11\\\/images_logonl.jpg\",\"contentUrl\":\"http:\\\/\\\/5.249.146.118\\\/wp-content\\\/uploads\\\/2013\\\/11\\\/images_logonl.jpg\",\"width\":400,\"height\":327,\"caption\":\"Nuovi Lavori\"},\"image\":{\"@id\":\"https:\\\/\\\/nuovi-lavori.it\\\/#\\\/schema\\\/logo\\\/image\\\/\"},\"sameAs\":[\"https:\\\/\\\/www.youtube.com\\\/user\\\/newsletteranl\"]},{\"@type\":\"Person\",\"@id\":\"https:\\\/\\\/nuovi-lavori.it\\\/#\\\/schema\\\/person\\\/9eaf2b92e5244284c7b802d840acab22\",\"name\":\"Pierluigi Mele\",\"image\":{\"@type\":\"ImageObject\",\"inLanguage\":\"it-IT\",\"@id\":\"https:\\\/\\\/secure.gravatar.com\\\/avatar\\\/d33d7099b67075c1f4465a6f9c2bf3bc484b6c9640b1b30d007517928393ab01?s=96&d=mm&r=g\",\"url\":\"https:\\\/\\\/secure.gravatar.com\\\/avatar\\\/d33d7099b67075c1f4465a6f9c2bf3bc484b6c9640b1b30d007517928393ab01?s=96&d=mm&r=g\",\"contentUrl\":\"https:\\\/\\\/secure.gravatar.com\\\/avatar\\\/d33d7099b67075c1f4465a6f9c2bf3bc484b6c9640b1b30d007517928393ab01?s=96&d=mm&r=g\",\"caption\":\"Pierluigi Mele\"},\"url\":\"https:\\\/\\\/nuovi-lavori.it\\\/index.php\\\/author\\\/pierluigi-mele\\\/\"}]}<\/script>\n<!-- \/ Yoast SEO plugin. -->","yoast_head_json":{"title":"Guerra cognitiva e giornalismo - Nuovi Lavori","robots":{"index":"index","follow":"follow","max-snippet":"max-snippet:-1","max-image-preview":"max-image-preview:large","max-video-preview":"max-video-preview:-1"},"canonical":"https:\/\/nuovi-lavori.it\/index.php\/mele-4\/","og_locale":"it_IT","og_type":"article","og_title":"Guerra cognitiva e giornalismo - Nuovi Lavori","og_description":"La guerra cognitiva \u00e8 un fenomeno complesso, molto complesso. Tocca la mente dell\u2019uomo, tocca la dimensione cognitiva della persona, ovvero la sua capacit\u00e0 di elaborazione della percezione degli eventi del mondo.","og_url":"https:\/\/nuovi-lavori.it\/index.php\/mele-4\/","og_site_name":"Nuovi Lavori","article_published_time":"2025-03-24T09:01:41+00:00","article_modified_time":"2025-03-26T10:04:45+00:00","og_image":[{"width":746,"height":420,"url":"https:\/\/nuovi-lavori.it\/wp-content\/uploads\/2025\/03\/guerra_cognitiva.jpg","type":"image\/jpeg"}],"author":"Pierluigi Mele","twitter_card":"summary_large_image","twitter_misc":{"Scritto da":"Pierluigi Mele","Tempo di lettura stimato":"5 minuti"},"schema":{"@context":"https:\/\/schema.org","@graph":[{"@type":"Article","@id":"https:\/\/nuovi-lavori.it\/index.php\/mele-4\/#article","isPartOf":{"@id":"https:\/\/nuovi-lavori.it\/index.php\/mele-4\/"},"author":{"name":"Pierluigi Mele","@id":"https:\/\/nuovi-lavori.it\/#\/schema\/person\/9eaf2b92e5244284c7b802d840acab22"},"headline":"Guerra cognitiva e giornalismo","datePublished":"2025-03-24T09:01:41+00:00","dateModified":"2025-03-26T10:04:45+00:00","mainEntityOfPage":{"@id":"https:\/\/nuovi-lavori.it\/index.php\/mele-4\/"},"wordCount":792,"publisher":{"@id":"https:\/\/nuovi-lavori.it\/#organization"},"image":{"@id":"https:\/\/nuovi-lavori.it\/index.php\/mele-4\/#primaryimage"},"thumbnailUrl":"https:\/\/nuovi-lavori.it\/wp-content\/uploads\/2025\/03\/guerra_cognitiva.jpg","articleSection":["Newsletter"],"inLanguage":"it-IT"},{"@type":"WebPage","@id":"https:\/\/nuovi-lavori.it\/index.php\/mele-4\/","url":"https:\/\/nuovi-lavori.it\/index.php\/mele-4\/","name":"Guerra cognitiva e giornalismo - Nuovi Lavori","isPartOf":{"@id":"https:\/\/nuovi-lavori.it\/#website"},"primaryImageOfPage":{"@id":"https:\/\/nuovi-lavori.it\/index.php\/mele-4\/#primaryimage"},"image":{"@id":"https:\/\/nuovi-lavori.it\/index.php\/mele-4\/#primaryimage"},"thumbnailUrl":"https:\/\/nuovi-lavori.it\/wp-content\/uploads\/2025\/03\/guerra_cognitiva.jpg","datePublished":"2025-03-24T09:01:41+00:00","dateModified":"2025-03-26T10:04:45+00:00","breadcrumb":{"@id":"https:\/\/nuovi-lavori.it\/index.php\/mele-4\/#breadcrumb"},"inLanguage":"it-IT","potentialAction":[{"@type":"ReadAction","target":["https:\/\/nuovi-lavori.it\/index.php\/mele-4\/"]}]},{"@type":"ImageObject","inLanguage":"it-IT","@id":"https:\/\/nuovi-lavori.it\/index.php\/mele-4\/#primaryimage","url":"https:\/\/nuovi-lavori.it\/wp-content\/uploads\/2025\/03\/guerra_cognitiva.jpg","contentUrl":"https:\/\/nuovi-lavori.it\/wp-content\/uploads\/2025\/03\/guerra_cognitiva.jpg","width":746,"height":420},{"@type":"BreadcrumbList","@id":"https:\/\/nuovi-lavori.it\/index.php\/mele-4\/#breadcrumb","itemListElement":[{"@type":"ListItem","position":1,"name":"Home","item":"https:\/\/nuovi-lavori.it\/"},{"@type":"ListItem","position":2,"name":"Newsletter","item":"https:\/\/nuovi-lavori.it\/index.php\/category\/newsletter\/"},{"@type":"ListItem","position":3,"name":"Guerra cognitiva e giornalismo"}]},{"@type":"WebSite","@id":"https:\/\/nuovi-lavori.it\/#website","url":"https:\/\/nuovi-lavori.it\/","name":"Nuovi Lavori","description":"","publisher":{"@id":"https:\/\/nuovi-lavori.it\/#organization"},"potentialAction":[{"@type":"SearchAction","target":{"@type":"EntryPoint","urlTemplate":"https:\/\/nuovi-lavori.it\/?s={search_term_string}"},"query-input":{"@type":"PropertyValueSpecification","valueRequired":true,"valueName":"search_term_string"}}],"inLanguage":"it-IT"},{"@type":"Organization","@id":"https:\/\/nuovi-lavori.it\/#organization","name":"Nuovi Lavori","url":"https:\/\/nuovi-lavori.it\/","logo":{"@type":"ImageObject","inLanguage":"it-IT","@id":"https:\/\/nuovi-lavori.it\/#\/schema\/logo\/image\/","url":"http:\/\/5.249.146.118\/wp-content\/uploads\/2013\/11\/images_logonl.jpg","contentUrl":"http:\/\/5.249.146.118\/wp-content\/uploads\/2013\/11\/images_logonl.jpg","width":400,"height":327,"caption":"Nuovi Lavori"},"image":{"@id":"https:\/\/nuovi-lavori.it\/#\/schema\/logo\/image\/"},"sameAs":["https:\/\/www.youtube.com\/user\/newsletteranl"]},{"@type":"Person","@id":"https:\/\/nuovi-lavori.it\/#\/schema\/person\/9eaf2b92e5244284c7b802d840acab22","name":"Pierluigi Mele","image":{"@type":"ImageObject","inLanguage":"it-IT","@id":"https:\/\/secure.gravatar.com\/avatar\/d33d7099b67075c1f4465a6f9c2bf3bc484b6c9640b1b30d007517928393ab01?s=96&d=mm&r=g","url":"https:\/\/secure.gravatar.com\/avatar\/d33d7099b67075c1f4465a6f9c2bf3bc484b6c9640b1b30d007517928393ab01?s=96&d=mm&r=g","contentUrl":"https:\/\/secure.gravatar.com\/avatar\/d33d7099b67075c1f4465a6f9c2bf3bc484b6c9640b1b30d007517928393ab01?s=96&d=mm&r=g","caption":"Pierluigi Mele"},"url":"https:\/\/nuovi-lavori.it\/index.php\/author\/pierluigi-mele\/"}]}},"_links":{"self":[{"href":"https:\/\/nuovi-lavori.it\/index.php\/wp-json\/wp\/v2\/posts\/21687","targetHints":{"allow":["GET"]}}],"collection":[{"href":"https:\/\/nuovi-lavori.it\/index.php\/wp-json\/wp\/v2\/posts"}],"about":[{"href":"https:\/\/nuovi-lavori.it\/index.php\/wp-json\/wp\/v2\/types\/post"}],"author":[{"embeddable":true,"href":"https:\/\/nuovi-lavori.it\/index.php\/wp-json\/wp\/v2\/users\/6358"}],"replies":[{"embeddable":true,"href":"https:\/\/nuovi-lavori.it\/index.php\/wp-json\/wp\/v2\/comments?post=21687"}],"version-history":[{"count":3,"href":"https:\/\/nuovi-lavori.it\/index.php\/wp-json\/wp\/v2\/posts\/21687\/revisions"}],"predecessor-version":[{"id":21738,"href":"https:\/\/nuovi-lavori.it\/index.php\/wp-json\/wp\/v2\/posts\/21687\/revisions\/21738"}],"wp:featuredmedia":[{"embeddable":true,"href":"https:\/\/nuovi-lavori.it\/index.php\/wp-json\/wp\/v2\/media\/21717"}],"wp:attachment":[{"href":"https:\/\/nuovi-lavori.it\/index.php\/wp-json\/wp\/v2\/media?parent=21687"}],"wp:term":[{"taxonomy":"category","embeddable":true,"href":"https:\/\/nuovi-lavori.it\/index.php\/wp-json\/wp\/v2\/categories?post=21687"},{"taxonomy":"post_tag","embeddable":true,"href":"https:\/\/nuovi-lavori.it\/index.php\/wp-json\/wp\/v2\/tags?post=21687"}],"curies":[{"name":"wp","href":"https:\/\/api.w.org\/{rel}","templated":true}]}}