{"id":21689,"date":"2025-03-24T10:03:57","date_gmt":"2025-03-24T09:03:57","guid":{"rendered":"https:\/\/nuovi-lavori.it\/?p=21689"},"modified":"2025-03-25T18:18:24","modified_gmt":"2025-03-25T17:18:24","slug":"un-delitto-da-non-dimenticare-e-uneredita-culturale-da-non-smarrire","status":"publish","type":"post","link":"https:\/\/nuovi-lavori.it\/index.php\/un-delitto-da-non-dimenticare-e-uneredita-culturale-da-non-smarrire\/","title":{"rendered":"Un delitto da non dimenticare e un\u2019eredit\u00e0 da non smarrire"},"content":{"rendered":"\n<p>Il 19 marzo di ventitr\u00e9 anni orsono&nbsp;<strong>Marco Biagi<\/strong>&nbsp;stava rientrando da Modena, dove insegnava nella Facolt\u00e0 di economia, quando venne&nbsp;<strong>assassinato<\/strong>&nbsp;sotto casa, in via Valdonica, a due passi dalle Due Torri. La moglie e i figli sentirono il rumore degli spari e capirono ci\u00f2 che era accaduto. Il 19 marzo di quell\u2019anno cadeva di mercoled\u00ec. Il venerd\u00ec precedente, un autorevole settimanale pubblic\u00f2 una notizia attribuita ai servizi in cui si affermava che le&nbsp;<strong>nuove BR&nbsp;<\/strong>(che anni prima avevano ammazzato Massimo D\u2019Antona) preparavano altre azioni nei confronti non gi\u00e0 di personalit\u00e0 della politica, ma di esperti collaboratori a cui erano affidati compiti di elaborazione. Era il profilo di Marco Biagi; ma i terroristi anticiparono la riunione della commissione incaricata di reintrodurre o meno quella tutela di pubblica sicurezza che gli era stata inopinatamente tolta, lasciando il professore inerme nei confronti dei suoi assassini.<\/p>\n\n\n\n<p><strong>La burocrazia che ha tradito Marco Biagi<\/strong><\/p>\n\n\n\n<p>Quell\u2019ostinazione burocratica risult\u00f2 tanto pi\u00f9 deprecabile quando, nelle indagini, emerse che il commando brigatista non avrebbe agito se ci fosse stato il rischio di un conflitto a fuoco. Quando fu ucciso, Biagi ed io ci conoscevamo da trent\u2019anni. Col tempo si era consolidata la nostra amicizia; ci frequentavamo con le famiglie, mentre sul piano professionale, per le funzioni e le competenze di ciascuno di noi svolte in quegli anni, i rapporti erano intensi, integrati e complementari. Dopo quel tragico evento ho trovato una missione nella vita: quella di consentire che&nbsp;<strong>le idee di Marco Biag<\/strong>i avessero nel dibattito una&nbsp;<strong>legittimit\u00e0<\/strong>&nbsp;che gli era stata&nbsp;<strong>negata<\/strong>&nbsp;dai \u201cterrapiattisti\u201d del diritto del lavoro, legati a un concetto ossificato, ma considerato immutabile, del&nbsp;<strong>rapporto di lavoro a tempo indeterminato&nbsp;<\/strong>e presidiato dall\u2019articolo 18 dello Statuto. Biagi si azzard\u00f2 a valicare quel confine al di l\u00e0 del quale stava scritto \u201chic sunt leones\u201d.<\/p>\n\n\n\n<p><strong>Il silenzio e la distorsione dopo la sua morte<\/strong><\/p>\n\n\n\n<p>Nel breve tempo che gli rimase da vivere, Biagi veniva trattato come anni dopo capit\u00f2 ad Elsa Fornero in materia di pensioni: il Libro bianco era \u201climaccioso\u201d e basta. Alla stregua di come la riforma pensionistica del 2011 era accusata di penalizzare i lavoratori del diritto alla quiescenza. Certo, il sacrificio di Biagi ha imposto il silenzio a tanti critici. Anzi, inizi\u00f2 il tentativo di separare Marco dal suo lavoro, come se fosse stato strumentalizzato dal perfido governo di centrodestra. Questa tesi si basava su un dato di fatto: la&nbsp;<strong>legge<\/strong>&nbsp;<strong>Biagi<\/strong>&nbsp;era stata&nbsp;<strong>approvata dopo la sua uccisione<\/strong>&nbsp;e, soprattutto, i decreti legislativi in applicazione della delega furono varati in tempi successivi con il contributo di Michele Tiraboschi. Ma nel retro pensiero di troppi dirigenti politici e sindacali e di operatori del diritto, Biagi rimane l\u2019inventore della precariet\u00e0, come se la Luna esistesse solo perch\u00e9 qualcuno la indica col dito.<\/p>\n\n\n\n<p>Marco era convinto che la&nbsp;<strong>flessibilit\u00e0 dei rapporti di lavoro<\/strong>&nbsp;fosse un\u2019esigenza ineludibile e che il compito del&nbsp;<strong>giurista<\/strong>&nbsp;fosse quello di definire delle&nbsp;<strong>regole<\/strong>&nbsp;a<strong>&nbsp;tutela del lavoratore<\/strong>. \u201cOccorre prevedere \u2013 era scritto nel Libro Bianco \u2013 nuove tipologie contrattuali che abbiano la funzione di \u201cripulire\u201d il mercato del lavoro dall\u2019improprio utilizzo di alcuni strumenti oggi esistenti, in funzione elusiva o frodatoria della legislazione posta a tutela del lavoro subordinato, e che, nel contempo, tengano conto delle mutate esigenze produttive ed organizzative\u201d. Portare una regola pertinente dove non c\u2019era, per Biagi, era non solo il \u201cmestiere\u201d del giurista, ma anche l\u2019unico modo per tutelare il lavoratore.<\/p>\n\n\n\n<p><strong>Il pensiero di Marco Biagi e la lotta al lavoro irregolare<\/strong><\/p>\n\n\n\n<p>In un articolo pubblicato su&nbsp;<em>Il Sole 24 Ore<\/em>&nbsp;del 16 novembre 2001, Marco scriveva: \u201cSe si vuole davvero iniziare una&nbsp;<strong>lotta<\/strong>&nbsp;senza quartiere al&nbsp;<strong>lavoro irregolare<\/strong>, bisogna disporre di tutti gli strumenti idonei allo scopo: per stanare gli irriducibili del lavoro nero occorrono tutte le armi, anche le pi\u00f9 sofisticate\u2026 Si riducono le tutele? \u2013 si domandava \u2013 Forse per gli occupati, ma non per chi cerca lavoro\u201d. Marco segu\u00ec questa linea di pensiero fin dal suo contributo, nel febbraio del 2000, alla stesura del c.d. Patto per Milano, che altro non era se non un tentativo di includere, adibendoli a lavoretti di pubblica utilit\u00e0, gli \u201cultimi\u201d, i \u201cdannati della terra\u201d, gli immigrati senza occupazione: un modello che negli anni successivi venne imitato in tante altre citt\u00e0. Avendo quell\u2019intesa degli obiettivi essenzialmente inclusivi per i settori emarginati del mercato del lavoro, presupponeva livelli retributivi d\u2019accesso inferiori ai minimi contrattuali: il che offendeva i \u201csacri principi\u201d. Fu quella la circostanza in cui matur\u00f2 la rottura con la Cgil (che non volle aderire all\u2019intesa).<\/p>\n\n\n\n<p><strong>L\u2019impegno e le minacce che ha affrontato fino alla morte<\/strong><\/p>\n\n\n\n<p>Nei confronti del lavoro del professore, le manifestazioni di un normale dissenso di merito, peraltro legittimo ed utile, erano contornate da un clima contestuale di sgradevoli riprovazioni etiche che sfociavano in una sostanziale&nbsp;<strong>accusa di tradimento<\/strong>. Un\u2019accusa che si pu\u00f2 sopportare solo se si possiede una grande forza morale, perch\u00e9 la sinistra \u00e8 implacabile con chi si sottrae alla regola fondamentale dell\u2019appartenenza. Nei confronti dell\u2019avversario, infatti, la sinistra mantiene un distinguo morale, in conseguenza del quale chi abbandona il campo non \u00e8 uno che ha semplicemente cambiato opinione, ma \u00e8 un apostata della vera fede, mentre chi approda a sinistra \u00e8 un redento.<\/p>\n\n\n\n<p>Negli ultimi mesi di vita, il professore si impegn\u00f2 nel difendere in tante occasioni di dibattito aspro e fazioso quelle idee e proposte che erano raccolte nei testi elaborati. Lo faceva in un contesto di&nbsp;<strong>insicurezza<\/strong>&nbsp;personale che lo inquietava, ma non lo&nbsp;<strong>distoglieva<\/strong>&nbsp;dal suo&nbsp;<strong>impegno<\/strong>. In una delle tante lettere alle autorit\u00e0 chiamate (inutilmente) a provvedere alla sua sicurezza, Biagi assicurava al ministro del Lavoro,&nbsp;<strong>Roberto Maroni<\/strong>, che, nonostante le ricorrenti&nbsp;<strong>minacce<\/strong>, non intendeva \u201cdesistere dalla mia attivit\u00e0 di collaborazione con Lei e con il Ministero\u201d.<\/p>\n\n\n\n<p><strong>Il lascito di Marco Biagi<\/strong><\/p>\n\n\n\n<p>Il compito del giurista, secondo Biagi, era quello di individuare forme regolate e regolari per l\u2019inclusione sociale, nella consapevolezza che la pretesa di trasformare chiunque in un lavoratore stabile si trasforma al di l\u00e0 delle intenzioni in una preclusione, perch\u00e9 per divenire occupati occorre essere prima di tutto occupabili. La flessibilit\u00e0 \u201cnormata\u201d costituiva il nucleo centrale del suo pensiero. Da ben ventitr\u00e9 anni, la ricorrenza dell\u2019uccisione viene ricordata con tante&nbsp;<strong>iniziative<\/strong>&nbsp;da parte della Scuola da lui fondata, dalla fondazione a lui intestata, dalle istituzioni di Bologna, da amici e associazioni locali.<\/p>\n\n\n\n<p>Spesso mi chiedo che cosa avrebbe fatto il mio amico in questi 23 anni. Ora sarebbe in pensione a godersi le due nipotine, figlie di Francesco, il maggiore dei suoi ragazzi. Poi sarebbe molto orgoglioso dei successi del suo Bologna, la squadra del cuore. Spero che l\u00e0 dove si trova gli sia possibile assistere a quanto accade ai suoi cari e al lavoro dei suoi allievi. E che non si intristisca troppo per i quattro referendum della Cgil.<\/p>\n","protected":false},"excerpt":{"rendered":"<p>Il 19 marzo di ventitr\u00e9 anni orsono\u00a0Marco Biagi\u00a0stava rientrando da Modena, dove insegnava nella Facolt\u00e0 di economia, quando venne\u00a0assassinato\u00a0sotto casa, in via Valdonica, a due passi dalle Due Torri.<\/p>\n","protected":false},"author":6354,"featured_media":21690,"comment_status":"closed","ping_status":"closed","sticky":false,"template":"","format":"standard","meta":{"footnotes":""},"categories":[9],"tags":[],"class_list":["post-21689","post","type-post","status-publish","format-standard","has-post-thumbnail","hentry","category-newsletter"],"yoast_head":"<!-- This site is optimized with the Yoast SEO plugin v27.5 - https:\/\/yoast.com\/product\/yoast-seo-wordpress\/ -->\n<title>Un delitto da non dimenticare e un\u2019eredit\u00e0 da non smarrire - Nuovi Lavori<\/title>\n<meta name=\"robots\" content=\"index, follow, max-snippet:-1, max-image-preview:large, max-video-preview:-1\" \/>\n<link rel=\"canonical\" href=\"https:\/\/nuovi-lavori.it\/index.php\/un-delitto-da-non-dimenticare-e-uneredita-culturale-da-non-smarrire\/\" \/>\n<meta property=\"og:locale\" content=\"it_IT\" \/>\n<meta property=\"og:type\" content=\"article\" \/>\n<meta property=\"og:title\" content=\"Un delitto da non dimenticare e un\u2019eredit\u00e0 da non smarrire - Nuovi Lavori\" \/>\n<meta property=\"og:description\" content=\"Il 19 marzo di ventitr\u00e9 anni orsono\u00a0Marco Biagi\u00a0stava rientrando da Modena, dove insegnava nella Facolt\u00e0 di economia, quando venne\u00a0assassinato\u00a0sotto casa, in via Valdonica, a due passi dalle Due Torri.\" \/>\n<meta property=\"og:url\" content=\"https:\/\/nuovi-lavori.it\/index.php\/un-delitto-da-non-dimenticare-e-uneredita-culturale-da-non-smarrire\/\" \/>\n<meta property=\"og:site_name\" content=\"Nuovi Lavori\" \/>\n<meta property=\"article:published_time\" content=\"2025-03-24T09:03:57+00:00\" \/>\n<meta property=\"article:modified_time\" content=\"2025-03-25T17:18:24+00:00\" \/>\n<meta property=\"og:image\" content=\"https:\/\/nuovi-lavori.it\/wp-content\/uploads\/2025\/03\/mercobiagi.jpeg\" \/>\n\t<meta property=\"og:image:width\" content=\"739\" \/>\n\t<meta property=\"og:image:height\" content=\"415\" \/>\n\t<meta property=\"og:image:type\" content=\"image\/jpeg\" \/>\n<meta name=\"author\" content=\"Giuliano Cazzola\" \/>\n<meta name=\"twitter:card\" content=\"summary_large_image\" \/>\n<meta name=\"twitter:label1\" content=\"Scritto da\" \/>\n\t<meta name=\"twitter:data1\" content=\"Giuliano Cazzola\" \/>\n\t<meta name=\"twitter:label2\" content=\"Tempo di lettura stimato\" \/>\n\t<meta name=\"twitter:data2\" content=\"7 minuti\" \/>\n<script type=\"application\/ld+json\" class=\"yoast-schema-graph\">{\"@context\":\"https:\\\/\\\/schema.org\",\"@graph\":[{\"@type\":\"Article\",\"@id\":\"https:\\\/\\\/nuovi-lavori.it\\\/index.php\\\/un-delitto-da-non-dimenticare-e-uneredita-culturale-da-non-smarrire\\\/#article\",\"isPartOf\":{\"@id\":\"https:\\\/\\\/nuovi-lavori.it\\\/index.php\\\/un-delitto-da-non-dimenticare-e-uneredita-culturale-da-non-smarrire\\\/\"},\"author\":{\"name\":\"Giuliano Cazzola\",\"@id\":\"https:\\\/\\\/nuovi-lavori.it\\\/#\\\/schema\\\/person\\\/a25ca3159f1ed4dcd50b7b4ea61d2fa3\"},\"headline\":\"Un delitto da non dimenticare e un\u2019eredit\u00e0 da non smarrire\",\"datePublished\":\"2025-03-24T09:03:57+00:00\",\"dateModified\":\"2025-03-25T17:18:24+00:00\",\"mainEntityOfPage\":{\"@id\":\"https:\\\/\\\/nuovi-lavori.it\\\/index.php\\\/un-delitto-da-non-dimenticare-e-uneredita-culturale-da-non-smarrire\\\/\"},\"wordCount\":1182,\"publisher\":{\"@id\":\"https:\\\/\\\/nuovi-lavori.it\\\/#organization\"},\"image\":{\"@id\":\"https:\\\/\\\/nuovi-lavori.it\\\/index.php\\\/un-delitto-da-non-dimenticare-e-uneredita-culturale-da-non-smarrire\\\/#primaryimage\"},\"thumbnailUrl\":\"https:\\\/\\\/nuovi-lavori.it\\\/wp-content\\\/uploads\\\/2025\\\/03\\\/mercobiagi.jpeg\",\"articleSection\":[\"Newsletter\"],\"inLanguage\":\"it-IT\"},{\"@type\":\"WebPage\",\"@id\":\"https:\\\/\\\/nuovi-lavori.it\\\/index.php\\\/un-delitto-da-non-dimenticare-e-uneredita-culturale-da-non-smarrire\\\/\",\"url\":\"https:\\\/\\\/nuovi-lavori.it\\\/index.php\\\/un-delitto-da-non-dimenticare-e-uneredita-culturale-da-non-smarrire\\\/\",\"name\":\"Un delitto da non dimenticare e un\u2019eredit\u00e0 da non smarrire - Nuovi Lavori\",\"isPartOf\":{\"@id\":\"https:\\\/\\\/nuovi-lavori.it\\\/#website\"},\"primaryImageOfPage\":{\"@id\":\"https:\\\/\\\/nuovi-lavori.it\\\/index.php\\\/un-delitto-da-non-dimenticare-e-uneredita-culturale-da-non-smarrire\\\/#primaryimage\"},\"image\":{\"@id\":\"https:\\\/\\\/nuovi-lavori.it\\\/index.php\\\/un-delitto-da-non-dimenticare-e-uneredita-culturale-da-non-smarrire\\\/#primaryimage\"},\"thumbnailUrl\":\"https:\\\/\\\/nuovi-lavori.it\\\/wp-content\\\/uploads\\\/2025\\\/03\\\/mercobiagi.jpeg\",\"datePublished\":\"2025-03-24T09:03:57+00:00\",\"dateModified\":\"2025-03-25T17:18:24+00:00\",\"breadcrumb\":{\"@id\":\"https:\\\/\\\/nuovi-lavori.it\\\/index.php\\\/un-delitto-da-non-dimenticare-e-uneredita-culturale-da-non-smarrire\\\/#breadcrumb\"},\"inLanguage\":\"it-IT\",\"potentialAction\":[{\"@type\":\"ReadAction\",\"target\":[\"https:\\\/\\\/nuovi-lavori.it\\\/index.php\\\/un-delitto-da-non-dimenticare-e-uneredita-culturale-da-non-smarrire\\\/\"]}]},{\"@type\":\"ImageObject\",\"inLanguage\":\"it-IT\",\"@id\":\"https:\\\/\\\/nuovi-lavori.it\\\/index.php\\\/un-delitto-da-non-dimenticare-e-uneredita-culturale-da-non-smarrire\\\/#primaryimage\",\"url\":\"https:\\\/\\\/nuovi-lavori.it\\\/wp-content\\\/uploads\\\/2025\\\/03\\\/mercobiagi.jpeg\",\"contentUrl\":\"https:\\\/\\\/nuovi-lavori.it\\\/wp-content\\\/uploads\\\/2025\\\/03\\\/mercobiagi.jpeg\",\"width\":739,\"height\":415},{\"@type\":\"BreadcrumbList\",\"@id\":\"https:\\\/\\\/nuovi-lavori.it\\\/index.php\\\/un-delitto-da-non-dimenticare-e-uneredita-culturale-da-non-smarrire\\\/#breadcrumb\",\"itemListElement\":[{\"@type\":\"ListItem\",\"position\":1,\"name\":\"Home\",\"item\":\"https:\\\/\\\/nuovi-lavori.it\\\/\"},{\"@type\":\"ListItem\",\"position\":2,\"name\":\"Newsletter\",\"item\":\"https:\\\/\\\/nuovi-lavori.it\\\/index.php\\\/category\\\/newsletter\\\/\"},{\"@type\":\"ListItem\",\"position\":3,\"name\":\"Un delitto da non dimenticare e un\u2019eredit\u00e0 da non smarrire\"}]},{\"@type\":\"WebSite\",\"@id\":\"https:\\\/\\\/nuovi-lavori.it\\\/#website\",\"url\":\"https:\\\/\\\/nuovi-lavori.it\\\/\",\"name\":\"Nuovi Lavori\",\"description\":\"\",\"publisher\":{\"@id\":\"https:\\\/\\\/nuovi-lavori.it\\\/#organization\"},\"potentialAction\":[{\"@type\":\"SearchAction\",\"target\":{\"@type\":\"EntryPoint\",\"urlTemplate\":\"https:\\\/\\\/nuovi-lavori.it\\\/?s={search_term_string}\"},\"query-input\":{\"@type\":\"PropertyValueSpecification\",\"valueRequired\":true,\"valueName\":\"search_term_string\"}}],\"inLanguage\":\"it-IT\"},{\"@type\":\"Organization\",\"@id\":\"https:\\\/\\\/nuovi-lavori.it\\\/#organization\",\"name\":\"Nuovi Lavori\",\"url\":\"https:\\\/\\\/nuovi-lavori.it\\\/\",\"logo\":{\"@type\":\"ImageObject\",\"inLanguage\":\"it-IT\",\"@id\":\"https:\\\/\\\/nuovi-lavori.it\\\/#\\\/schema\\\/logo\\\/image\\\/\",\"url\":\"http:\\\/\\\/5.249.146.118\\\/wp-content\\\/uploads\\\/2013\\\/11\\\/images_logonl.jpg\",\"contentUrl\":\"http:\\\/\\\/5.249.146.118\\\/wp-content\\\/uploads\\\/2013\\\/11\\\/images_logonl.jpg\",\"width\":400,\"height\":327,\"caption\":\"Nuovi Lavori\"},\"image\":{\"@id\":\"https:\\\/\\\/nuovi-lavori.it\\\/#\\\/schema\\\/logo\\\/image\\\/\"},\"sameAs\":[\"https:\\\/\\\/www.youtube.com\\\/user\\\/newsletteranl\"]},{\"@type\":\"Person\",\"@id\":\"https:\\\/\\\/nuovi-lavori.it\\\/#\\\/schema\\\/person\\\/a25ca3159f1ed4dcd50b7b4ea61d2fa3\",\"name\":\"Giuliano Cazzola\",\"image\":{\"@type\":\"ImageObject\",\"inLanguage\":\"it-IT\",\"@id\":\"https:\\\/\\\/secure.gravatar.com\\\/avatar\\\/288592edff93561c0f9494ba9026d40b41e4c9ddbf38f1126d59a9ab934f6f80?s=96&d=mm&r=g\",\"url\":\"https:\\\/\\\/secure.gravatar.com\\\/avatar\\\/288592edff93561c0f9494ba9026d40b41e4c9ddbf38f1126d59a9ab934f6f80?s=96&d=mm&r=g\",\"contentUrl\":\"https:\\\/\\\/secure.gravatar.com\\\/avatar\\\/288592edff93561c0f9494ba9026d40b41e4c9ddbf38f1126d59a9ab934f6f80?s=96&d=mm&r=g\",\"caption\":\"Giuliano Cazzola\"},\"url\":\"https:\\\/\\\/nuovi-lavori.it\\\/index.php\\\/author\\\/giuliano-cazzola\\\/\"}]}<\/script>\n<!-- \/ Yoast SEO plugin. -->","yoast_head_json":{"title":"Un delitto da non dimenticare e un\u2019eredit\u00e0 da non smarrire - Nuovi Lavori","robots":{"index":"index","follow":"follow","max-snippet":"max-snippet:-1","max-image-preview":"max-image-preview:large","max-video-preview":"max-video-preview:-1"},"canonical":"https:\/\/nuovi-lavori.it\/index.php\/un-delitto-da-non-dimenticare-e-uneredita-culturale-da-non-smarrire\/","og_locale":"it_IT","og_type":"article","og_title":"Un delitto da non dimenticare e un\u2019eredit\u00e0 da non smarrire - Nuovi Lavori","og_description":"Il 19 marzo di ventitr\u00e9 anni orsono\u00a0Marco Biagi\u00a0stava rientrando da Modena, dove insegnava nella Facolt\u00e0 di economia, quando venne\u00a0assassinato\u00a0sotto casa, in via Valdonica, a due passi dalle Due Torri.","og_url":"https:\/\/nuovi-lavori.it\/index.php\/un-delitto-da-non-dimenticare-e-uneredita-culturale-da-non-smarrire\/","og_site_name":"Nuovi Lavori","article_published_time":"2025-03-24T09:03:57+00:00","article_modified_time":"2025-03-25T17:18:24+00:00","og_image":[{"width":739,"height":415,"url":"https:\/\/nuovi-lavori.it\/wp-content\/uploads\/2025\/03\/mercobiagi.jpeg","type":"image\/jpeg"}],"author":"Giuliano Cazzola","twitter_card":"summary_large_image","twitter_misc":{"Scritto da":"Giuliano Cazzola","Tempo di lettura stimato":"7 minuti"},"schema":{"@context":"https:\/\/schema.org","@graph":[{"@type":"Article","@id":"https:\/\/nuovi-lavori.it\/index.php\/un-delitto-da-non-dimenticare-e-uneredita-culturale-da-non-smarrire\/#article","isPartOf":{"@id":"https:\/\/nuovi-lavori.it\/index.php\/un-delitto-da-non-dimenticare-e-uneredita-culturale-da-non-smarrire\/"},"author":{"name":"Giuliano Cazzola","@id":"https:\/\/nuovi-lavori.it\/#\/schema\/person\/a25ca3159f1ed4dcd50b7b4ea61d2fa3"},"headline":"Un delitto da non dimenticare e un\u2019eredit\u00e0 da non smarrire","datePublished":"2025-03-24T09:03:57+00:00","dateModified":"2025-03-25T17:18:24+00:00","mainEntityOfPage":{"@id":"https:\/\/nuovi-lavori.it\/index.php\/un-delitto-da-non-dimenticare-e-uneredita-culturale-da-non-smarrire\/"},"wordCount":1182,"publisher":{"@id":"https:\/\/nuovi-lavori.it\/#organization"},"image":{"@id":"https:\/\/nuovi-lavori.it\/index.php\/un-delitto-da-non-dimenticare-e-uneredita-culturale-da-non-smarrire\/#primaryimage"},"thumbnailUrl":"https:\/\/nuovi-lavori.it\/wp-content\/uploads\/2025\/03\/mercobiagi.jpeg","articleSection":["Newsletter"],"inLanguage":"it-IT"},{"@type":"WebPage","@id":"https:\/\/nuovi-lavori.it\/index.php\/un-delitto-da-non-dimenticare-e-uneredita-culturale-da-non-smarrire\/","url":"https:\/\/nuovi-lavori.it\/index.php\/un-delitto-da-non-dimenticare-e-uneredita-culturale-da-non-smarrire\/","name":"Un delitto da non dimenticare e un\u2019eredit\u00e0 da non smarrire - Nuovi Lavori","isPartOf":{"@id":"https:\/\/nuovi-lavori.it\/#website"},"primaryImageOfPage":{"@id":"https:\/\/nuovi-lavori.it\/index.php\/un-delitto-da-non-dimenticare-e-uneredita-culturale-da-non-smarrire\/#primaryimage"},"image":{"@id":"https:\/\/nuovi-lavori.it\/index.php\/un-delitto-da-non-dimenticare-e-uneredita-culturale-da-non-smarrire\/#primaryimage"},"thumbnailUrl":"https:\/\/nuovi-lavori.it\/wp-content\/uploads\/2025\/03\/mercobiagi.jpeg","datePublished":"2025-03-24T09:03:57+00:00","dateModified":"2025-03-25T17:18:24+00:00","breadcrumb":{"@id":"https:\/\/nuovi-lavori.it\/index.php\/un-delitto-da-non-dimenticare-e-uneredita-culturale-da-non-smarrire\/#breadcrumb"},"inLanguage":"it-IT","potentialAction":[{"@type":"ReadAction","target":["https:\/\/nuovi-lavori.it\/index.php\/un-delitto-da-non-dimenticare-e-uneredita-culturale-da-non-smarrire\/"]}]},{"@type":"ImageObject","inLanguage":"it-IT","@id":"https:\/\/nuovi-lavori.it\/index.php\/un-delitto-da-non-dimenticare-e-uneredita-culturale-da-non-smarrire\/#primaryimage","url":"https:\/\/nuovi-lavori.it\/wp-content\/uploads\/2025\/03\/mercobiagi.jpeg","contentUrl":"https:\/\/nuovi-lavori.it\/wp-content\/uploads\/2025\/03\/mercobiagi.jpeg","width":739,"height":415},{"@type":"BreadcrumbList","@id":"https:\/\/nuovi-lavori.it\/index.php\/un-delitto-da-non-dimenticare-e-uneredita-culturale-da-non-smarrire\/#breadcrumb","itemListElement":[{"@type":"ListItem","position":1,"name":"Home","item":"https:\/\/nuovi-lavori.it\/"},{"@type":"ListItem","position":2,"name":"Newsletter","item":"https:\/\/nuovi-lavori.it\/index.php\/category\/newsletter\/"},{"@type":"ListItem","position":3,"name":"Un delitto da non dimenticare e un\u2019eredit\u00e0 da non smarrire"}]},{"@type":"WebSite","@id":"https:\/\/nuovi-lavori.it\/#website","url":"https:\/\/nuovi-lavori.it\/","name":"Nuovi Lavori","description":"","publisher":{"@id":"https:\/\/nuovi-lavori.it\/#organization"},"potentialAction":[{"@type":"SearchAction","target":{"@type":"EntryPoint","urlTemplate":"https:\/\/nuovi-lavori.it\/?s={search_term_string}"},"query-input":{"@type":"PropertyValueSpecification","valueRequired":true,"valueName":"search_term_string"}}],"inLanguage":"it-IT"},{"@type":"Organization","@id":"https:\/\/nuovi-lavori.it\/#organization","name":"Nuovi Lavori","url":"https:\/\/nuovi-lavori.it\/","logo":{"@type":"ImageObject","inLanguage":"it-IT","@id":"https:\/\/nuovi-lavori.it\/#\/schema\/logo\/image\/","url":"http:\/\/5.249.146.118\/wp-content\/uploads\/2013\/11\/images_logonl.jpg","contentUrl":"http:\/\/5.249.146.118\/wp-content\/uploads\/2013\/11\/images_logonl.jpg","width":400,"height":327,"caption":"Nuovi Lavori"},"image":{"@id":"https:\/\/nuovi-lavori.it\/#\/schema\/logo\/image\/"},"sameAs":["https:\/\/www.youtube.com\/user\/newsletteranl"]},{"@type":"Person","@id":"https:\/\/nuovi-lavori.it\/#\/schema\/person\/a25ca3159f1ed4dcd50b7b4ea61d2fa3","name":"Giuliano Cazzola","image":{"@type":"ImageObject","inLanguage":"it-IT","@id":"https:\/\/secure.gravatar.com\/avatar\/288592edff93561c0f9494ba9026d40b41e4c9ddbf38f1126d59a9ab934f6f80?s=96&d=mm&r=g","url":"https:\/\/secure.gravatar.com\/avatar\/288592edff93561c0f9494ba9026d40b41e4c9ddbf38f1126d59a9ab934f6f80?s=96&d=mm&r=g","contentUrl":"https:\/\/secure.gravatar.com\/avatar\/288592edff93561c0f9494ba9026d40b41e4c9ddbf38f1126d59a9ab934f6f80?s=96&d=mm&r=g","caption":"Giuliano Cazzola"},"url":"https:\/\/nuovi-lavori.it\/index.php\/author\/giuliano-cazzola\/"}]}},"_links":{"self":[{"href":"https:\/\/nuovi-lavori.it\/index.php\/wp-json\/wp\/v2\/posts\/21689","targetHints":{"allow":["GET"]}}],"collection":[{"href":"https:\/\/nuovi-lavori.it\/index.php\/wp-json\/wp\/v2\/posts"}],"about":[{"href":"https:\/\/nuovi-lavori.it\/index.php\/wp-json\/wp\/v2\/types\/post"}],"author":[{"embeddable":true,"href":"https:\/\/nuovi-lavori.it\/index.php\/wp-json\/wp\/v2\/users\/6354"}],"replies":[{"embeddable":true,"href":"https:\/\/nuovi-lavori.it\/index.php\/wp-json\/wp\/v2\/comments?post=21689"}],"version-history":[{"count":2,"href":"https:\/\/nuovi-lavori.it\/index.php\/wp-json\/wp\/v2\/posts\/21689\/revisions"}],"predecessor-version":[{"id":21724,"href":"https:\/\/nuovi-lavori.it\/index.php\/wp-json\/wp\/v2\/posts\/21689\/revisions\/21724"}],"wp:featuredmedia":[{"embeddable":true,"href":"https:\/\/nuovi-lavori.it\/index.php\/wp-json\/wp\/v2\/media\/21690"}],"wp:attachment":[{"href":"https:\/\/nuovi-lavori.it\/index.php\/wp-json\/wp\/v2\/media?parent=21689"}],"wp:term":[{"taxonomy":"category","embeddable":true,"href":"https:\/\/nuovi-lavori.it\/index.php\/wp-json\/wp\/v2\/categories?post=21689"},{"taxonomy":"post_tag","embeddable":true,"href":"https:\/\/nuovi-lavori.it\/index.php\/wp-json\/wp\/v2\/tags?post=21689"}],"curies":[{"name":"wp","href":"https:\/\/api.w.org\/{rel}","templated":true}]}}