{"id":22275,"date":"2025-09-09T15:13:33","date_gmt":"2025-09-09T13:13:33","guid":{"rendered":"https:\/\/nuovi-lavori.it\/?p=22275"},"modified":"2025-09-09T18:14:22","modified_gmt":"2025-09-09T16:14:22","slug":"pace-e-guerra-al-tempo-di-trump","status":"publish","type":"post","link":"https:\/\/nuovi-lavori.it\/index.php\/pace-e-guerra-al-tempo-di-trump\/","title":{"rendered":"Pace e guerra, al tempo di Trump"},"content":{"rendered":"\n<p>Jamil Chade, giornalista brasiliano e internazionale, ha espresso molto bene il progetto geopolitico di Donald Trump: \u201cEgli ha gi\u00e0 chiarito: non si impegner\u00e0 nella diplomazia. Agir\u00e0 con la <em>forza<\/em>, sia militare che economica e commerciale. La sua costruzione di un nuovo ordine non implica la <em>pace<\/em>. Ma piuttosto la <em>capitolazione<\/em> dell&#8217;avversario&#8221;. Gli accordi tariffari con quasi tutti i paesi sono pi\u00f9 imposizioni sue che il frutto di una negoziazione. Questa si chiama capitolazione. \u00c8 merito del governo brasiliano, riconosciuto da figure di spicco dell&#8217;economia e della politica mondiale, non essersi piegato, ma di aver respinto sovranamente l\u2019imposizione di dazi del 50% sui nostri prodotti, per ragioni ingiustificabili. Trump \u00e8 un militarista e un imperialista.<\/p>\n\n\n\n<p>Pertanto, dobbiamo ricercare le cause nascoste dietro questo imperialismo e la negazione della diplomazia, con la minaccia di guerra e capitolazione. \u00c8 la sua volont\u00e0 di dominio, secondo il mantra &#8220;un mondo &#8211; un solo impero&#8221; (quello degli USA). \u00c8 importante riconoscere che esiste un grave conflitto di interessi geopolitici, etnici ed economici, nonch\u00e9 l&#8217;esistenza di profonde disuguaglianze, soprattutto nel Sud globale, rispetto al Nord globale, che potrebbero minacciare l&#8217;impero costituito.\u00c8 essenziale identificare queste connessioni occulte, come condizione per comprendere la geopolitica di Trump e anche per raggiungere una pace vera e duratura. La risposta non \u00e8 un&#8217;altra guerra. Ma una <em>pace disarmata<\/em> <em>e disarmante<\/em>, secondo l&#8217;attuale Papa. Questa pace disarmata utilizza mezzi politici, diplomatici e la <em>partnership<\/em> con altri governi che a loro volta vogliono la pace, con i movimenti sociali, con la mobilitazione delle religioni e chiese e il coinvolgimento con gruppi che praticono alternative.<\/p>\n\n\n\n<p>Chico Mendes in Amazzonia era un sostenitore di questo tipo di pace disarmata. Ha mobilitato le popolazioni della foresta, i raccoglitori di caucci\u00f9 e i popoli indigeni per contrastare gli avamposti della deforestazione, organizzando i famosi &#8220;<em>empates<\/em>&#8221; (sit-in di persone di ogni tipo \u2013 bambini, donne, anziani e lavoratori con i loro attrezzi di lavoro \u2013 che si schieravano davanti ai trattori che distruggevano la foresta).Questo tipo di pace, che si oppone alla violenza, \u00e8 allo stesso tempo una geopolitica con la sua strategia e tattica, ma anche uno spirito di pace profonda che rinuncia all&#8217;uso della violenza come mezzo per risolvere e gestire i conflitti, impegnandosi a renderli il pi\u00f9 possibile non distruttivi. Cos\u00ec \u00e8 antimperialista ed esclude la guerra come mezzo per creare un nuovo ordine tra le nazioni, come vuole Trump. La guerra \u00e8 perversa perch\u00e9 decima vite, soprattutto, innocenti come nella Striscia di Gaza. Essa si oppone frontalmente al comandamento transculturale: &#8220;non uccidere\u201d.<\/p>\n\n\n\n<p>La pace armata non mira alla pace, ma \u00e8 una pacificazione imposta da Trump. Essa presuppone che la realt\u00e0 sia un&#8217;arena in cui si combattono costantemente conflitti e guerre. La coesistenza tra individui, comunit\u00e0 e popoli \u00e8 possibile, ma minacciata da continue rotture. Gli stati-nazione e i paesi centrali che egemonizzano la condotta della storia sono campi di battaglia per il potere, per determinare chi \u00e8 il pi\u00f9 forte, con l&#8217;eventuale &#8220;distruzione reciproca assicurata\u201d.<\/p>\n\n\n\n<p>Il grande giurista e politologo Carl Schmitt (1888-1986), nel suo libro <em>Le categorie del \u2018politico&#8217; <\/em>(il Mulino, 2014), sostiene la tesi che l&#8217;identit\u00e0 di un popolo si definisce e si riafferma nella misura in cui \u00e8 in grado di identificare un nemico e di impegnarsi in un combattimento permanente, attraverso il pregiudizio, la diffamazione e la demonizzazione dell&#8217;altro. Non a caso, fu l&#8217;ideologo di Adolf Hitler. Carl von Clausewitz (1780-1831: Sulla guerra, 1976) attribuisce centralit\u00e0 alla guerra nella condotta della storia e vede la politica come una guerra condotta con altri mezzi.&nbsp;<\/p>\n\n\n\n<p>Furono proprio queste visioni di violenza a dare origine all&#8217;omicidio amministrativo praticato dal colonialismo europeo in Africa, in America Latina e in Asia, decimando milioni di indigeni in pochi anni, come accadde in Messico e nei Caraibi nel XVI secolo.<\/p>\n\n\n\n<p>Con la guerra totale, inaugurata da Hitler nella Seconda Guerra Mondiale, si somma la &#8220;fabbricazione sistematica di cadaveri nei campi di sterminio nazisti&#8221; (Hannah Arendt). Queste &#8220;fabbriche di sterminio&#8221; non avevano alcuna necessit\u00e0 militare. L\u00ec prevaleva l&#8217;esecuzione banale, burocratica e tecnica della morte, senza alcun scrupolo e senza qualsiasi sentimento morale. Era la pura espressione del razzismo e dell\u2019odio. Solo nel XX secolo, sono state uccise 200 milioni di persone nelle numerose guerre che si verificarono. Ci\u00f2 rappresenta un alto livello di barbarie e negazione di qualsiasi principio di civilt\u00e0.<\/p>\n\n\n\n<p>Infine, negli ultimi anni sono emerse armi di distruzione di massa, in particolare quelle che utilizzano l&#8217;Intelligenza Artificiale Generale con i suoi miliardi di algoritmi, in grado di spazzare via la specie umana e gran parte della biosfera.&nbsp;<\/p>\n\n\n\n<p>Questa modalit\u00e0 di guerra ha profondamente alterato la percezione che l\u2019essere umano ha di s\u00e9 stesso. Egli pu\u00f2 autodistruggersi. La sua fine non deriva da un cataclisma naturale o dalla volont\u00e0 divina, ma dalle proprie decisioni umane o dalla delega a un&#8217;intelligenza artificiale autonoma, le cui decisioni sfuggono al controllo umano. Dopo essersi appropriato dell&#8217;alfabeto genetico della vita, l\u2019essere umano finisce per appropriarsi della propria morte.<\/p>\n\n\n\n<p>Questo fatto assume dimensioni metafisiche che ci fanno pensare su chi sia l\u2019essere umano e sul suo posto nell&#8217;universo. Lui \u00e8 stato l\u2019ultimo degli esseri superiori a entrare nel processo evolutivo: sar\u00e0 che non lo sia stato per porre fine a questo processo, diventando il grande killer del nostro sistema solare e colpendo l&#8217;intero processo della cosmogenesi?<\/p>\n\n\n\n<p>Sono queste constatazioni altamente perverse che affollano la mente di Trump. \u00c8 stato scoperto che gli USA, sin dalla loro fondazione, sono sempre stati coinvolti in qualche tipo di guerra, avendo conosciuto solo 17 anni di pace tra le guerre.<\/p>\n\n\n\n<p>Questo non significa che non abbiamo pi\u00f9 fiducia nell\u2019essere umano, capace di creare relazioni pacifiche e lasciando cos\u00ec spazio a una pace disarmata e non alla guerra.<\/p>\n\n\n\n<p>* ex professore presso l&#8217;Universit\u00e0 Statale di Rio de Janeiro (UERJ), professore ospite in diverse universit\u00e0 straniere e autore di oltre cento libri su vari argomenti. (Traduzione dal portoghese di Gianni Alioti)<\/p>\n\n\n\n<p><\/p>\n","protected":false},"excerpt":{"rendered":"<p>Jamil Chade, giornalista brasiliano e internazionale, ha espresso molto bene il progetto geopolitico di Donald Trump: \u201cEgli ha gi\u00e0 chiarito: non si impegner\u00e0 nella diplomazia. Agir\u00e0 con la forza, sia militare che economica e commerciale. La sua costruzione di un nuovo ordine non implica la pace. Ma piuttosto la capitolazione dell&#8217;avversario&#8221;. Gli accordi tariffari con [&hellip;]<\/p>\n","protected":false},"author":6385,"featured_media":22294,"comment_status":"closed","ping_status":"closed","sticky":false,"template":"","format":"standard","meta":{"footnotes":""},"categories":[9],"tags":[],"class_list":["post-22275","post","type-post","status-publish","format-standard","has-post-thumbnail","hentry","category-newsletter"],"yoast_head":"<!-- This site is optimized with the Yoast SEO plugin v27.5 - https:\/\/yoast.com\/product\/yoast-seo-wordpress\/ -->\n<title>Pace e guerra, al tempo di Trump - Nuovi Lavori<\/title>\n<meta name=\"robots\" content=\"index, follow, max-snippet:-1, max-image-preview:large, max-video-preview:-1\" \/>\n<link rel=\"canonical\" href=\"https:\/\/nuovi-lavori.it\/index.php\/pace-e-guerra-al-tempo-di-trump\/\" \/>\n<meta property=\"og:locale\" content=\"it_IT\" \/>\n<meta property=\"og:type\" content=\"article\" \/>\n<meta property=\"og:title\" content=\"Pace e guerra, al tempo di Trump - Nuovi Lavori\" \/>\n<meta property=\"og:description\" content=\"Jamil Chade, giornalista brasiliano e internazionale, ha espresso molto bene il progetto geopolitico di Donald Trump: \u201cEgli ha gi\u00e0 chiarito: non si impegner\u00e0 nella diplomazia. Agir\u00e0 con la forza, sia militare che economica e commerciale. La sua costruzione di un nuovo ordine non implica la pace. Ma piuttosto la capitolazione dell&#8217;avversario&#8221;. Gli accordi tariffari con [&hellip;]\" \/>\n<meta property=\"og:url\" content=\"https:\/\/nuovi-lavori.it\/index.php\/pace-e-guerra-al-tempo-di-trump\/\" \/>\n<meta property=\"og:site_name\" content=\"Nuovi Lavori\" \/>\n<meta property=\"article:published_time\" content=\"2025-09-09T13:13:33+00:00\" \/>\n<meta property=\"article:modified_time\" content=\"2025-09-09T16:14:22+00:00\" \/>\n<meta property=\"og:image\" content=\"https:\/\/nuovi-lavori.it\/wp-content\/uploads\/2025\/09\/Schermata-2025-09-09-alle-18.14.07.png\" \/>\n\t<meta property=\"og:image:width\" content=\"674\" \/>\n\t<meta property=\"og:image:height\" content=\"613\" \/>\n\t<meta property=\"og:image:type\" content=\"image\/png\" \/>\n<meta name=\"author\" content=\"Leonardo Boff*\" \/>\n<meta name=\"twitter:card\" content=\"summary_large_image\" \/>\n<meta name=\"twitter:label1\" content=\"Scritto da\" \/>\n\t<meta name=\"twitter:data1\" content=\"Leonardo Boff*\" \/>\n\t<meta name=\"twitter:label2\" content=\"Tempo di lettura stimato\" \/>\n\t<meta name=\"twitter:data2\" content=\"6 minuti\" \/>\n<script type=\"application\/ld+json\" class=\"yoast-schema-graph\">{\"@context\":\"https:\\\/\\\/schema.org\",\"@graph\":[{\"@type\":\"Article\",\"@id\":\"https:\\\/\\\/nuovi-lavori.it\\\/index.php\\\/pace-e-guerra-al-tempo-di-trump\\\/#article\",\"isPartOf\":{\"@id\":\"https:\\\/\\\/nuovi-lavori.it\\\/index.php\\\/pace-e-guerra-al-tempo-di-trump\\\/\"},\"author\":{\"name\":\"Leonardo Boff*\",\"@id\":\"https:\\\/\\\/nuovi-lavori.it\\\/#\\\/schema\\\/person\\\/18c89a9d626f278ec9756fd141362b09\"},\"headline\":\"Pace e guerra, al tempo di Trump\",\"datePublished\":\"2025-09-09T13:13:33+00:00\",\"dateModified\":\"2025-09-09T16:14:22+00:00\",\"mainEntityOfPage\":{\"@id\":\"https:\\\/\\\/nuovi-lavori.it\\\/index.php\\\/pace-e-guerra-al-tempo-di-trump\\\/\"},\"wordCount\":969,\"publisher\":{\"@id\":\"https:\\\/\\\/nuovi-lavori.it\\\/#organization\"},\"image\":{\"@id\":\"https:\\\/\\\/nuovi-lavori.it\\\/index.php\\\/pace-e-guerra-al-tempo-di-trump\\\/#primaryimage\"},\"thumbnailUrl\":\"https:\\\/\\\/nuovi-lavori.it\\\/wp-content\\\/uploads\\\/2025\\\/09\\\/Schermata-2025-09-09-alle-18.14.07.png\",\"articleSection\":[\"Newsletter\"],\"inLanguage\":\"it-IT\"},{\"@type\":\"WebPage\",\"@id\":\"https:\\\/\\\/nuovi-lavori.it\\\/index.php\\\/pace-e-guerra-al-tempo-di-trump\\\/\",\"url\":\"https:\\\/\\\/nuovi-lavori.it\\\/index.php\\\/pace-e-guerra-al-tempo-di-trump\\\/\",\"name\":\"Pace e guerra, al tempo di Trump - Nuovi Lavori\",\"isPartOf\":{\"@id\":\"https:\\\/\\\/nuovi-lavori.it\\\/#website\"},\"primaryImageOfPage\":{\"@id\":\"https:\\\/\\\/nuovi-lavori.it\\\/index.php\\\/pace-e-guerra-al-tempo-di-trump\\\/#primaryimage\"},\"image\":{\"@id\":\"https:\\\/\\\/nuovi-lavori.it\\\/index.php\\\/pace-e-guerra-al-tempo-di-trump\\\/#primaryimage\"},\"thumbnailUrl\":\"https:\\\/\\\/nuovi-lavori.it\\\/wp-content\\\/uploads\\\/2025\\\/09\\\/Schermata-2025-09-09-alle-18.14.07.png\",\"datePublished\":\"2025-09-09T13:13:33+00:00\",\"dateModified\":\"2025-09-09T16:14:22+00:00\",\"breadcrumb\":{\"@id\":\"https:\\\/\\\/nuovi-lavori.it\\\/index.php\\\/pace-e-guerra-al-tempo-di-trump\\\/#breadcrumb\"},\"inLanguage\":\"it-IT\",\"potentialAction\":[{\"@type\":\"ReadAction\",\"target\":[\"https:\\\/\\\/nuovi-lavori.it\\\/index.php\\\/pace-e-guerra-al-tempo-di-trump\\\/\"]}]},{\"@type\":\"ImageObject\",\"inLanguage\":\"it-IT\",\"@id\":\"https:\\\/\\\/nuovi-lavori.it\\\/index.php\\\/pace-e-guerra-al-tempo-di-trump\\\/#primaryimage\",\"url\":\"https:\\\/\\\/nuovi-lavori.it\\\/wp-content\\\/uploads\\\/2025\\\/09\\\/Schermata-2025-09-09-alle-18.14.07.png\",\"contentUrl\":\"https:\\\/\\\/nuovi-lavori.it\\\/wp-content\\\/uploads\\\/2025\\\/09\\\/Schermata-2025-09-09-alle-18.14.07.png\",\"width\":674,\"height\":613},{\"@type\":\"BreadcrumbList\",\"@id\":\"https:\\\/\\\/nuovi-lavori.it\\\/index.php\\\/pace-e-guerra-al-tempo-di-trump\\\/#breadcrumb\",\"itemListElement\":[{\"@type\":\"ListItem\",\"position\":1,\"name\":\"Home\",\"item\":\"https:\\\/\\\/nuovi-lavori.it\\\/\"},{\"@type\":\"ListItem\",\"position\":2,\"name\":\"Newsletter\",\"item\":\"https:\\\/\\\/nuovi-lavori.it\\\/index.php\\\/category\\\/newsletter\\\/\"},{\"@type\":\"ListItem\",\"position\":3,\"name\":\"Pace e guerra, al tempo di Trump\"}]},{\"@type\":\"WebSite\",\"@id\":\"https:\\\/\\\/nuovi-lavori.it\\\/#website\",\"url\":\"https:\\\/\\\/nuovi-lavori.it\\\/\",\"name\":\"Nuovi Lavori\",\"description\":\"\",\"publisher\":{\"@id\":\"https:\\\/\\\/nuovi-lavori.it\\\/#organization\"},\"potentialAction\":[{\"@type\":\"SearchAction\",\"target\":{\"@type\":\"EntryPoint\",\"urlTemplate\":\"https:\\\/\\\/nuovi-lavori.it\\\/?s={search_term_string}\"},\"query-input\":{\"@type\":\"PropertyValueSpecification\",\"valueRequired\":true,\"valueName\":\"search_term_string\"}}],\"inLanguage\":\"it-IT\"},{\"@type\":\"Organization\",\"@id\":\"https:\\\/\\\/nuovi-lavori.it\\\/#organization\",\"name\":\"Nuovi Lavori\",\"url\":\"https:\\\/\\\/nuovi-lavori.it\\\/\",\"logo\":{\"@type\":\"ImageObject\",\"inLanguage\":\"it-IT\",\"@id\":\"https:\\\/\\\/nuovi-lavori.it\\\/#\\\/schema\\\/logo\\\/image\\\/\",\"url\":\"http:\\\/\\\/5.249.146.118\\\/wp-content\\\/uploads\\\/2013\\\/11\\\/images_logonl.jpg\",\"contentUrl\":\"http:\\\/\\\/5.249.146.118\\\/wp-content\\\/uploads\\\/2013\\\/11\\\/images_logonl.jpg\",\"width\":400,\"height\":327,\"caption\":\"Nuovi Lavori\"},\"image\":{\"@id\":\"https:\\\/\\\/nuovi-lavori.it\\\/#\\\/schema\\\/logo\\\/image\\\/\"},\"sameAs\":[\"https:\\\/\\\/www.youtube.com\\\/user\\\/newsletteranl\"]},{\"@type\":\"Person\",\"@id\":\"https:\\\/\\\/nuovi-lavori.it\\\/#\\\/schema\\\/person\\\/18c89a9d626f278ec9756fd141362b09\",\"name\":\"Leonardo Boff*\",\"image\":{\"@type\":\"ImageObject\",\"inLanguage\":\"it-IT\",\"@id\":\"https:\\\/\\\/secure.gravatar.com\\\/avatar\\\/ba7e21f35f4fcbf199ea1fa66ea2fcdb6988c58e6dfee2decf500fefe8c86aa5?s=96&d=mm&r=g\",\"url\":\"https:\\\/\\\/secure.gravatar.com\\\/avatar\\\/ba7e21f35f4fcbf199ea1fa66ea2fcdb6988c58e6dfee2decf500fefe8c86aa5?s=96&d=mm&r=g\",\"contentUrl\":\"https:\\\/\\\/secure.gravatar.com\\\/avatar\\\/ba7e21f35f4fcbf199ea1fa66ea2fcdb6988c58e6dfee2decf500fefe8c86aa5?s=96&d=mm&r=g\",\"caption\":\"Leonardo Boff*\"},\"url\":\"https:\\\/\\\/nuovi-lavori.it\\\/index.php\\\/author\\\/leonardo-boff\\\/\"}]}<\/script>\n<!-- \/ Yoast SEO plugin. -->","yoast_head_json":{"title":"Pace e guerra, al tempo di Trump - Nuovi Lavori","robots":{"index":"index","follow":"follow","max-snippet":"max-snippet:-1","max-image-preview":"max-image-preview:large","max-video-preview":"max-video-preview:-1"},"canonical":"https:\/\/nuovi-lavori.it\/index.php\/pace-e-guerra-al-tempo-di-trump\/","og_locale":"it_IT","og_type":"article","og_title":"Pace e guerra, al tempo di Trump - Nuovi Lavori","og_description":"Jamil Chade, giornalista brasiliano e internazionale, ha espresso molto bene il progetto geopolitico di Donald Trump: \u201cEgli ha gi\u00e0 chiarito: non si impegner\u00e0 nella diplomazia. Agir\u00e0 con la forza, sia militare che economica e commerciale. La sua costruzione di un nuovo ordine non implica la pace. Ma piuttosto la capitolazione dell&#8217;avversario&#8221;. Gli accordi tariffari con [&hellip;]","og_url":"https:\/\/nuovi-lavori.it\/index.php\/pace-e-guerra-al-tempo-di-trump\/","og_site_name":"Nuovi Lavori","article_published_time":"2025-09-09T13:13:33+00:00","article_modified_time":"2025-09-09T16:14:22+00:00","og_image":[{"width":674,"height":613,"url":"https:\/\/nuovi-lavori.it\/wp-content\/uploads\/2025\/09\/Schermata-2025-09-09-alle-18.14.07.png","type":"image\/png"}],"author":"Leonardo Boff*","twitter_card":"summary_large_image","twitter_misc":{"Scritto da":"Leonardo Boff*","Tempo di lettura stimato":"6 minuti"},"schema":{"@context":"https:\/\/schema.org","@graph":[{"@type":"Article","@id":"https:\/\/nuovi-lavori.it\/index.php\/pace-e-guerra-al-tempo-di-trump\/#article","isPartOf":{"@id":"https:\/\/nuovi-lavori.it\/index.php\/pace-e-guerra-al-tempo-di-trump\/"},"author":{"name":"Leonardo Boff*","@id":"https:\/\/nuovi-lavori.it\/#\/schema\/person\/18c89a9d626f278ec9756fd141362b09"},"headline":"Pace e guerra, al tempo di Trump","datePublished":"2025-09-09T13:13:33+00:00","dateModified":"2025-09-09T16:14:22+00:00","mainEntityOfPage":{"@id":"https:\/\/nuovi-lavori.it\/index.php\/pace-e-guerra-al-tempo-di-trump\/"},"wordCount":969,"publisher":{"@id":"https:\/\/nuovi-lavori.it\/#organization"},"image":{"@id":"https:\/\/nuovi-lavori.it\/index.php\/pace-e-guerra-al-tempo-di-trump\/#primaryimage"},"thumbnailUrl":"https:\/\/nuovi-lavori.it\/wp-content\/uploads\/2025\/09\/Schermata-2025-09-09-alle-18.14.07.png","articleSection":["Newsletter"],"inLanguage":"it-IT"},{"@type":"WebPage","@id":"https:\/\/nuovi-lavori.it\/index.php\/pace-e-guerra-al-tempo-di-trump\/","url":"https:\/\/nuovi-lavori.it\/index.php\/pace-e-guerra-al-tempo-di-trump\/","name":"Pace e guerra, al tempo di Trump - Nuovi Lavori","isPartOf":{"@id":"https:\/\/nuovi-lavori.it\/#website"},"primaryImageOfPage":{"@id":"https:\/\/nuovi-lavori.it\/index.php\/pace-e-guerra-al-tempo-di-trump\/#primaryimage"},"image":{"@id":"https:\/\/nuovi-lavori.it\/index.php\/pace-e-guerra-al-tempo-di-trump\/#primaryimage"},"thumbnailUrl":"https:\/\/nuovi-lavori.it\/wp-content\/uploads\/2025\/09\/Schermata-2025-09-09-alle-18.14.07.png","datePublished":"2025-09-09T13:13:33+00:00","dateModified":"2025-09-09T16:14:22+00:00","breadcrumb":{"@id":"https:\/\/nuovi-lavori.it\/index.php\/pace-e-guerra-al-tempo-di-trump\/#breadcrumb"},"inLanguage":"it-IT","potentialAction":[{"@type":"ReadAction","target":["https:\/\/nuovi-lavori.it\/index.php\/pace-e-guerra-al-tempo-di-trump\/"]}]},{"@type":"ImageObject","inLanguage":"it-IT","@id":"https:\/\/nuovi-lavori.it\/index.php\/pace-e-guerra-al-tempo-di-trump\/#primaryimage","url":"https:\/\/nuovi-lavori.it\/wp-content\/uploads\/2025\/09\/Schermata-2025-09-09-alle-18.14.07.png","contentUrl":"https:\/\/nuovi-lavori.it\/wp-content\/uploads\/2025\/09\/Schermata-2025-09-09-alle-18.14.07.png","width":674,"height":613},{"@type":"BreadcrumbList","@id":"https:\/\/nuovi-lavori.it\/index.php\/pace-e-guerra-al-tempo-di-trump\/#breadcrumb","itemListElement":[{"@type":"ListItem","position":1,"name":"Home","item":"https:\/\/nuovi-lavori.it\/"},{"@type":"ListItem","position":2,"name":"Newsletter","item":"https:\/\/nuovi-lavori.it\/index.php\/category\/newsletter\/"},{"@type":"ListItem","position":3,"name":"Pace e guerra, al tempo di Trump"}]},{"@type":"WebSite","@id":"https:\/\/nuovi-lavori.it\/#website","url":"https:\/\/nuovi-lavori.it\/","name":"Nuovi Lavori","description":"","publisher":{"@id":"https:\/\/nuovi-lavori.it\/#organization"},"potentialAction":[{"@type":"SearchAction","target":{"@type":"EntryPoint","urlTemplate":"https:\/\/nuovi-lavori.it\/?s={search_term_string}"},"query-input":{"@type":"PropertyValueSpecification","valueRequired":true,"valueName":"search_term_string"}}],"inLanguage":"it-IT"},{"@type":"Organization","@id":"https:\/\/nuovi-lavori.it\/#organization","name":"Nuovi Lavori","url":"https:\/\/nuovi-lavori.it\/","logo":{"@type":"ImageObject","inLanguage":"it-IT","@id":"https:\/\/nuovi-lavori.it\/#\/schema\/logo\/image\/","url":"http:\/\/5.249.146.118\/wp-content\/uploads\/2013\/11\/images_logonl.jpg","contentUrl":"http:\/\/5.249.146.118\/wp-content\/uploads\/2013\/11\/images_logonl.jpg","width":400,"height":327,"caption":"Nuovi Lavori"},"image":{"@id":"https:\/\/nuovi-lavori.it\/#\/schema\/logo\/image\/"},"sameAs":["https:\/\/www.youtube.com\/user\/newsletteranl"]},{"@type":"Person","@id":"https:\/\/nuovi-lavori.it\/#\/schema\/person\/18c89a9d626f278ec9756fd141362b09","name":"Leonardo Boff*","image":{"@type":"ImageObject","inLanguage":"it-IT","@id":"https:\/\/secure.gravatar.com\/avatar\/ba7e21f35f4fcbf199ea1fa66ea2fcdb6988c58e6dfee2decf500fefe8c86aa5?s=96&d=mm&r=g","url":"https:\/\/secure.gravatar.com\/avatar\/ba7e21f35f4fcbf199ea1fa66ea2fcdb6988c58e6dfee2decf500fefe8c86aa5?s=96&d=mm&r=g","contentUrl":"https:\/\/secure.gravatar.com\/avatar\/ba7e21f35f4fcbf199ea1fa66ea2fcdb6988c58e6dfee2decf500fefe8c86aa5?s=96&d=mm&r=g","caption":"Leonardo Boff*"},"url":"https:\/\/nuovi-lavori.it\/index.php\/author\/leonardo-boff\/"}]}},"_links":{"self":[{"href":"https:\/\/nuovi-lavori.it\/index.php\/wp-json\/wp\/v2\/posts\/22275","targetHints":{"allow":["GET"]}}],"collection":[{"href":"https:\/\/nuovi-lavori.it\/index.php\/wp-json\/wp\/v2\/posts"}],"about":[{"href":"https:\/\/nuovi-lavori.it\/index.php\/wp-json\/wp\/v2\/types\/post"}],"author":[{"embeddable":true,"href":"https:\/\/nuovi-lavori.it\/index.php\/wp-json\/wp\/v2\/users\/6385"}],"replies":[{"embeddable":true,"href":"https:\/\/nuovi-lavori.it\/index.php\/wp-json\/wp\/v2\/comments?post=22275"}],"version-history":[{"count":1,"href":"https:\/\/nuovi-lavori.it\/index.php\/wp-json\/wp\/v2\/posts\/22275\/revisions"}],"predecessor-version":[{"id":22277,"href":"https:\/\/nuovi-lavori.it\/index.php\/wp-json\/wp\/v2\/posts\/22275\/revisions\/22277"}],"wp:featuredmedia":[{"embeddable":true,"href":"https:\/\/nuovi-lavori.it\/index.php\/wp-json\/wp\/v2\/media\/22294"}],"wp:attachment":[{"href":"https:\/\/nuovi-lavori.it\/index.php\/wp-json\/wp\/v2\/media?parent=22275"}],"wp:term":[{"taxonomy":"category","embeddable":true,"href":"https:\/\/nuovi-lavori.it\/index.php\/wp-json\/wp\/v2\/categories?post=22275"},{"taxonomy":"post_tag","embeddable":true,"href":"https:\/\/nuovi-lavori.it\/index.php\/wp-json\/wp\/v2\/tags?post=22275"}],"curies":[{"name":"wp","href":"https:\/\/api.w.org\/{rel}","templated":true}]}}