{"id":22287,"date":"2025-09-09T17:34:27","date_gmt":"2025-09-09T15:34:27","guid":{"rendered":"https:\/\/nuovi-lavori.it\/?p=22287"},"modified":"2025-09-09T17:50:18","modified_gmt":"2025-09-09T15:50:18","slug":"tagliare-le-unghie-a-google-mettere-le-ali-alleuropa","status":"publish","type":"post","link":"https:\/\/nuovi-lavori.it\/index.php\/tagliare-le-unghie-a-google-mettere-le-ali-alleuropa\/","title":{"rendered":"Tagliare le unghie a Google, mettere le ali all&#8217;Europa"},"content":{"rendered":"\n<p>L\u2019 Unione Europea ha sanzionato duramente Google, accusandola di continuare ad abusare \u201cdella sua posizione dominante nel settore della pubblicit\u00e0 su internet\u201d. La multa \u00e8 stata di 2,95 miliardi, ma soprattutto le ha concesso 90 giorni \u201cper presentare una soluzione seria per risolvere i suoi conflitti di interesse e se non lo far\u00e0, non esiteremo a imporre misure correttive severe\u201d (virgolettato dal comunicato emesso dal Commissario alla Concorrenza Teresa Ribera).&nbsp;<\/p>\n\n\n\n<p>A sua volta, la Federazione Europea degli Editori (EPC) ha ribadito che \u201csenza un rispetto forte e deciso delle norme, Google considerer\u00e0 questa sanzione come un costo aziendale, consolidando il proprio dominio nell\u2019era dell\u2019intelligenza artificiale, perpetuando la concorrenza sleale e indebolendo i media e le case editrici che dipendono dalla pubblicit\u00e0\u201d Ovviamente, la multinazionale ricorrer\u00e0, ma si \u00e8 fatta precedere da veementi dichiarazioni di Trump, seguite da minacciosi annunci, tanto per cambiare, di ritorsioni daziali.&nbsp;<\/p>\n\n\n\n<p>Su questa vicenda l\u2019Unione Europea si gioca non solo la faccia ma anche il suo futuro. Molti sono stati i commenti e i giudizi critici sulle conclusioni della trattativa sui dazi condotta dalla Commissione Europea. Finanche Friedrich Merz ha speso parole non gentili nei confronti di Ursula Von der Leyen, al riguardo.&nbsp;<\/p>\n\n\n\n<p>Personalmente, ritengo che abbia ragione Lorenzo Bini Smaghi che ha scritto: \u201cad essere irrilevante non \u00e8 l\u2019Europa, bens\u00ec i 27 Paesi che la compongono\u201d. In effetti, essi non hanno un\u2019idea comune e solida su cosa fare della loro forza economica e del loro potere politico. Cos\u00ec la questione dazi si \u00e8 conclusa in modo pesante per il sistema produttivo europeo e la strategia sulla guerra in Ucraina \u00e8 condotta in modo asmatico con un andamento divisivo e competitivo di fronte a Trump. In modo sarcastico, Prodi ha ricordato che mai era successo che una riunione di capi di Stato o di Governo si era svolta finora con uno dietro la scrivania e gli altri in fila davanti.<\/p>\n\n\n\n<p>La vera prova della vitalit\u00e0 dell\u2019Europa l\u2019avremo con le conclusioni del braccio di ferro che si \u00e8 innescato con gli USA sul rispetto sulle norme per la concorrenza. Se si terr\u00e0 il punto, non solo la dignit\u00e0 sar\u00e0 salva ma soprattutto, come dice il presidente Sergio Mattarella, le corporation mondiali non potranno comportarsi senza limiti \u201ccome se fossero nuove Compagnie delle Indie\u201d.&nbsp;<\/p>\n\n\n\n<p>Di giorno in giorno, ci stiamo rendendo conto che i grandi gestori delle piattaforme dell\u2019Intelligenza Artificiale stanno facendo massa critica per ottenere quanta pi\u00f9 libert\u00e0 di movimento dei loro mercati, per accrescere la loro capacit\u00e0 condizionante in tutti i campi: dalla cyberguerra, ai sistemi informativi e pubblicitari, dalla sicurezza delle nazioni, agli orientamenti dei consumi privati.<\/p>\n\n\n\n<p>Questo passaggio \u00e8 anche importante perch\u00e9 si intreccia con i cambiamenti nella geopolitica mondiale. Se si consolidasse, attorno alla Cina, un blocco di Paesi per lo pi\u00f9 autocratici &#8211; che complessivamente rappresenta pi\u00f9 della met\u00e0 della popolazione mondiale e che minaccia la improbabile costituzione di un sistema monetario che dovrebbe contare sulla solidit\u00e0 dello yuan &#8211; si delineerebbe un dualismo di fatto con l\u2019altra met\u00e0 del mondo, inevitabilmente guidata dagli Stati Uniti. Questo scenario non \u00e8 dietro l\u2019angolo, al di l\u00e0 della imponente scenografia militare e di presenze istituzionali, data nella Piazza Tienanmen di Pechino, alla parzialissima ricostruzione della sconfitta inflitta al Giappone nella seconda guerra mondiale (senza le bombe atomiche sganciate dagli Stati Uniti, chiss\u00e0 se la Cina avrebbe potuto intestarsi la vittoria in esclusiva).&nbsp;<\/p>\n\n\n\n<p>Ma la prudenza non deve andare a scapito della lungimiranza. Una visione miope di ci\u00f2 che sta accadendo, pu\u00f2 provocare danni irreparabili. Se, infatti, l\u2019opinione pubblica venisse sempre pi\u00f9 disorientata dagli smottamenti delle alleanze storiche, dal ripristino di politiche economiche protezionistiche a vasta scala, da guerre predatorie di territori e di scempio delle vite umane, \u00e8 inevitabile che si sfalderebbero le resistenze democratiche.<\/p>\n\n\n\n<p>Se anche la societ\u00e0 europea, che questo sistema delle libert\u00e0 ha faticosamente costruito dalla fine della seconda guerra mondiale, si convincesse che la forza del diritto viene progressivamente corrotta dal diritto della forza, saremmo alla frutta. Allora s\u00ec, che prevarr\u00e0, per assicurare occupazione e crescita, la facile proposta di sostituire alle politiche che mirano al benessere della gente, il potenziamento delle produzioni di guerra. Allora s\u00ec, si affievoliranno le difese delle libert\u00e0 individuali per consegnarle nelle mani dei manipolatori delle opinioni prima e delle coscienze poi. Allora s\u00ec, la gerarchia dei valori si stravolgerebbe e il richiamo della foresta varrebbe anche per i destini di popolazioni che fini ad ora hanno privilegiato i ponti e non i muri.<\/p>\n\n\n\n<p>Per questo, l\u2019Europa non deve spostarsi di un millimetro dalle politiche di tutela dei cittadini, rispetto allo strapotere che pretendono i nuovi signori delle tecnologie, chiedendo mano libera nella gestione dei loro mercati e nella scelta dello Stato pi\u00f9 accondiscendente per quanto riguarda il loro contributo tributario. I Governi dell\u2019Unione Europea sono messi alla prova decisiva della loro visione del futuro dell\u2019Unione. Dare un senso di alto valore politico alla lotta contro le pretese del tecnocapitalismo \u00e8 fondamentale per dimostrare con i fatti e non con le chiacchiere che serve l\u2019Europa unita. Per meglio dirla con Draghi, \u201cL\u2019Unione Europea deve mutare la sua organizzazione politica, che \u00e8 inseparabile dalla sua capacit\u00e0 di raggiungere i suoi obiettivi economici e strategici\u201d (discorso al Meeting di Comunione e Liberazione di Rimini 2025)<\/p>\n\n\n\n<p>Ma anche le organizzazioni della societ\u00e0 civile devono sensibilizzare le persone sulla gravit\u00e0 del momento; non devono favorire un malato quieto vivere e l\u2019allergia alla discussione complessa che \u00e8 fondamentale per spiegare quelle strategie. C\u2019\u00e8 bisogno di visioni ampie e prospettiche, non di frantumazione delle questioni sociali aperte, cercando di edulcorare la situazione che si vive. Non si tratta di mettere in piedi una o tante manifestazioni di consenso europeistico, sempre utili e necessarie, ma la creazione di una robusta cultura della costruzione dell\u2019Europa come terzo interlocutore mondiale, forte della propria capacit\u00e0 di dare priorit\u00e0 democratica al governo della economia, della scienza, del benessere economico e sociale dei popoli del mondo.<\/p>\n\n\n\n<p>In definitiva, le \u201csberle\u201d di Trump, l\u2019aggressivit\u00e0 di Putin, la sorniona scalata egemonica di Xi e soprattutto l\u2019avanzata di un capitalismo rapace di ogni rispetto della democrazia hanno prodotto un \u201cdisordine mondiale\u201d che per i Governi e le societ\u00e0 dei 27 Paesi dell\u2019Unione deve risultare come la campanella dell\u2019ultimo giro, durante il quale o si vince tutti insieme, o si campicchia facendo i vassalli da nuovo medioevo. &nbsp; &nbsp; &nbsp; &nbsp;<\/p>\n","protected":false},"excerpt":{"rendered":"<p>L\u2019 Unione Europea ha sanzionato duramente Google, accusandola di continuare ad abusare \u201cdella sua posizione dominante nel settore della pubblicit\u00e0 su internet\u201d.<\/p>\n","protected":false},"author":6341,"featured_media":22289,"comment_status":"closed","ping_status":"closed","sticky":false,"template":"","format":"standard","meta":{"footnotes":""},"categories":[9],"tags":[],"class_list":["post-22287","post","type-post","status-publish","format-standard","has-post-thumbnail","hentry","category-newsletter"],"yoast_head":"<!-- This site is optimized with the Yoast SEO plugin v27.5 - https:\/\/yoast.com\/product\/yoast-seo-wordpress\/ -->\n<title>Tagliare le unghie a Google, mettere le ali all&#039;Europa - Nuovi Lavori<\/title>\n<meta name=\"robots\" content=\"index, follow, max-snippet:-1, max-image-preview:large, max-video-preview:-1\" \/>\n<link rel=\"canonical\" href=\"https:\/\/nuovi-lavori.it\/index.php\/tagliare-le-unghie-a-google-mettere-le-ali-alleuropa\/\" \/>\n<meta property=\"og:locale\" content=\"it_IT\" \/>\n<meta property=\"og:type\" content=\"article\" \/>\n<meta property=\"og:title\" content=\"Tagliare le unghie a Google, mettere le ali all&#039;Europa - Nuovi Lavori\" \/>\n<meta property=\"og:description\" content=\"L\u2019 Unione Europea ha sanzionato duramente Google, accusandola di continuare ad abusare \u201cdella sua posizione dominante nel settore della pubblicit\u00e0 su internet\u201d.\" \/>\n<meta property=\"og:url\" content=\"https:\/\/nuovi-lavori.it\/index.php\/tagliare-le-unghie-a-google-mettere-le-ali-alleuropa\/\" \/>\n<meta property=\"og:site_name\" content=\"Nuovi Lavori\" \/>\n<meta property=\"article:published_time\" content=\"2025-09-09T15:34:27+00:00\" \/>\n<meta property=\"article:modified_time\" content=\"2025-09-09T15:50:18+00:00\" \/>\n<meta property=\"og:image\" content=\"https:\/\/nuovi-lavori.it\/wp-content\/uploads\/2025\/09\/alieuropa.jpg\" \/>\n\t<meta property=\"og:image:width\" content=\"533\" \/>\n\t<meta property=\"og:image:height\" content=\"400\" \/>\n\t<meta property=\"og:image:type\" content=\"image\/jpeg\" \/>\n<meta name=\"author\" content=\"Raffaele Morese\" \/>\n<meta name=\"twitter:card\" content=\"summary_large_image\" \/>\n<meta name=\"twitter:label1\" content=\"Scritto da\" \/>\n\t<meta name=\"twitter:data1\" content=\"Raffaele Morese\" \/>\n\t<meta name=\"twitter:label2\" content=\"Tempo di lettura stimato\" \/>\n\t<meta name=\"twitter:data2\" content=\"1 minuto\" \/>\n<script type=\"application\/ld+json\" class=\"yoast-schema-graph\">{\"@context\":\"https:\\\/\\\/schema.org\",\"@graph\":[{\"@type\":\"Article\",\"@id\":\"https:\\\/\\\/nuovi-lavori.it\\\/index.php\\\/tagliare-le-unghie-a-google-mettere-le-ali-alleuropa\\\/#article\",\"isPartOf\":{\"@id\":\"https:\\\/\\\/nuovi-lavori.it\\\/index.php\\\/tagliare-le-unghie-a-google-mettere-le-ali-alleuropa\\\/\"},\"author\":{\"name\":\"Raffaele Morese\",\"@id\":\"https:\\\/\\\/nuovi-lavori.it\\\/#\\\/schema\\\/person\\\/4768859afb8ce507df626060d213b701\"},\"headline\":\"Tagliare le unghie a Google, mettere le ali all&#8217;Europa\",\"datePublished\":\"2025-09-09T15:34:27+00:00\",\"dateModified\":\"2025-09-09T15:50:18+00:00\",\"mainEntityOfPage\":{\"@id\":\"https:\\\/\\\/nuovi-lavori.it\\\/index.php\\\/tagliare-le-unghie-a-google-mettere-le-ali-alleuropa\\\/\"},\"wordCount\":1069,\"publisher\":{\"@id\":\"https:\\\/\\\/nuovi-lavori.it\\\/#organization\"},\"image\":{\"@id\":\"https:\\\/\\\/nuovi-lavori.it\\\/index.php\\\/tagliare-le-unghie-a-google-mettere-le-ali-alleuropa\\\/#primaryimage\"},\"thumbnailUrl\":\"https:\\\/\\\/nuovi-lavori.it\\\/wp-content\\\/uploads\\\/2025\\\/09\\\/alieuropa.jpg\",\"articleSection\":[\"Newsletter\"],\"inLanguage\":\"it-IT\"},{\"@type\":\"WebPage\",\"@id\":\"https:\\\/\\\/nuovi-lavori.it\\\/index.php\\\/tagliare-le-unghie-a-google-mettere-le-ali-alleuropa\\\/\",\"url\":\"https:\\\/\\\/nuovi-lavori.it\\\/index.php\\\/tagliare-le-unghie-a-google-mettere-le-ali-alleuropa\\\/\",\"name\":\"Tagliare le unghie a Google, mettere le ali all'Europa - Nuovi Lavori\",\"isPartOf\":{\"@id\":\"https:\\\/\\\/nuovi-lavori.it\\\/#website\"},\"primaryImageOfPage\":{\"@id\":\"https:\\\/\\\/nuovi-lavori.it\\\/index.php\\\/tagliare-le-unghie-a-google-mettere-le-ali-alleuropa\\\/#primaryimage\"},\"image\":{\"@id\":\"https:\\\/\\\/nuovi-lavori.it\\\/index.php\\\/tagliare-le-unghie-a-google-mettere-le-ali-alleuropa\\\/#primaryimage\"},\"thumbnailUrl\":\"https:\\\/\\\/nuovi-lavori.it\\\/wp-content\\\/uploads\\\/2025\\\/09\\\/alieuropa.jpg\",\"datePublished\":\"2025-09-09T15:34:27+00:00\",\"dateModified\":\"2025-09-09T15:50:18+00:00\",\"breadcrumb\":{\"@id\":\"https:\\\/\\\/nuovi-lavori.it\\\/index.php\\\/tagliare-le-unghie-a-google-mettere-le-ali-alleuropa\\\/#breadcrumb\"},\"inLanguage\":\"it-IT\",\"potentialAction\":[{\"@type\":\"ReadAction\",\"target\":[\"https:\\\/\\\/nuovi-lavori.it\\\/index.php\\\/tagliare-le-unghie-a-google-mettere-le-ali-alleuropa\\\/\"]}]},{\"@type\":\"ImageObject\",\"inLanguage\":\"it-IT\",\"@id\":\"https:\\\/\\\/nuovi-lavori.it\\\/index.php\\\/tagliare-le-unghie-a-google-mettere-le-ali-alleuropa\\\/#primaryimage\",\"url\":\"https:\\\/\\\/nuovi-lavori.it\\\/wp-content\\\/uploads\\\/2025\\\/09\\\/alieuropa.jpg\",\"contentUrl\":\"https:\\\/\\\/nuovi-lavori.it\\\/wp-content\\\/uploads\\\/2025\\\/09\\\/alieuropa.jpg\",\"width\":533,\"height\":400},{\"@type\":\"BreadcrumbList\",\"@id\":\"https:\\\/\\\/nuovi-lavori.it\\\/index.php\\\/tagliare-le-unghie-a-google-mettere-le-ali-alleuropa\\\/#breadcrumb\",\"itemListElement\":[{\"@type\":\"ListItem\",\"position\":1,\"name\":\"Home\",\"item\":\"https:\\\/\\\/nuovi-lavori.it\\\/\"},{\"@type\":\"ListItem\",\"position\":2,\"name\":\"Newsletter\",\"item\":\"https:\\\/\\\/nuovi-lavori.it\\\/index.php\\\/category\\\/newsletter\\\/\"},{\"@type\":\"ListItem\",\"position\":3,\"name\":\"Tagliare le unghie a Google, mettere le ali all&#8217;Europa\"}]},{\"@type\":\"WebSite\",\"@id\":\"https:\\\/\\\/nuovi-lavori.it\\\/#website\",\"url\":\"https:\\\/\\\/nuovi-lavori.it\\\/\",\"name\":\"Nuovi Lavori\",\"description\":\"\",\"publisher\":{\"@id\":\"https:\\\/\\\/nuovi-lavori.it\\\/#organization\"},\"potentialAction\":[{\"@type\":\"SearchAction\",\"target\":{\"@type\":\"EntryPoint\",\"urlTemplate\":\"https:\\\/\\\/nuovi-lavori.it\\\/?s={search_term_string}\"},\"query-input\":{\"@type\":\"PropertyValueSpecification\",\"valueRequired\":true,\"valueName\":\"search_term_string\"}}],\"inLanguage\":\"it-IT\"},{\"@type\":\"Organization\",\"@id\":\"https:\\\/\\\/nuovi-lavori.it\\\/#organization\",\"name\":\"Nuovi Lavori\",\"url\":\"https:\\\/\\\/nuovi-lavori.it\\\/\",\"logo\":{\"@type\":\"ImageObject\",\"inLanguage\":\"it-IT\",\"@id\":\"https:\\\/\\\/nuovi-lavori.it\\\/#\\\/schema\\\/logo\\\/image\\\/\",\"url\":\"http:\\\/\\\/5.249.146.118\\\/wp-content\\\/uploads\\\/2013\\\/11\\\/images_logonl.jpg\",\"contentUrl\":\"http:\\\/\\\/5.249.146.118\\\/wp-content\\\/uploads\\\/2013\\\/11\\\/images_logonl.jpg\",\"width\":400,\"height\":327,\"caption\":\"Nuovi Lavori\"},\"image\":{\"@id\":\"https:\\\/\\\/nuovi-lavori.it\\\/#\\\/schema\\\/logo\\\/image\\\/\"},\"sameAs\":[\"https:\\\/\\\/www.youtube.com\\\/user\\\/newsletteranl\"]},{\"@type\":\"Person\",\"@id\":\"https:\\\/\\\/nuovi-lavori.it\\\/#\\\/schema\\\/person\\\/4768859afb8ce507df626060d213b701\",\"name\":\"Raffaele Morese\",\"image\":{\"@type\":\"ImageObject\",\"inLanguage\":\"it-IT\",\"@id\":\"https:\\\/\\\/secure.gravatar.com\\\/avatar\\\/c9e93dd33a56fe3d005bd3f6c40cb88951704b941daa4f4dd789da460905d0d7?s=96&d=mm&r=g\",\"url\":\"https:\\\/\\\/secure.gravatar.com\\\/avatar\\\/c9e93dd33a56fe3d005bd3f6c40cb88951704b941daa4f4dd789da460905d0d7?s=96&d=mm&r=g\",\"contentUrl\":\"https:\\\/\\\/secure.gravatar.com\\\/avatar\\\/c9e93dd33a56fe3d005bd3f6c40cb88951704b941daa4f4dd789da460905d0d7?s=96&d=mm&r=g\",\"caption\":\"Raffaele Morese\"},\"description\":\"Laureato in economia e commercio all'Universit\u00e0 Cattolica di Milano. Nel 1966 \u00e8 responsabile dell'Ufficio Studi e Marketing della Rinascente S.p.A., nel 1967 entra all\u2019Ufficio Studi della CISL. Nel 1969 avvia la sua attivit\u00e0 sindacale come operatore nella Fim-Cisl nazionale, di cui diviene segretario nazionale nel 1975, ricoprendo la responsabilit\u00e0 di vari settori (elettromeccanica, informatica, siderurgia, e infine auto e trasporti) e assumendo il coordinamento delle politiche sindacali. Nel 1983 succede a Franco Bentivogli come segretario generale della Fim-Cisl e nel 1989 passa alla segreteria nazionale della confederazione, di cui diviene segretario generale aggiunto, in coppia con Sergio D'Antoni segretario generale. Nel 1998 si conclude la sua esperienza sindacale e si apre una fase di impegno politico nelle file del centro-sinistra. Dal 1998 al 2001 \u00e8 Sottosegretario con delega al Ministero del Lavoro. Dal 2002 al 2009 \u00e8 stato presidente di Trambus, la societ\u00e0 per azioni del Comune di Roma che gestisce la maggior parte del trasporto pubblico di Roma. Dal 2004 al 2009 \u00e8 stato presidente di Confservizi, la confederazione nazionale che rappresenta le aziende e gli enti che gestiscono i Servizi Pubblici Locali. Morese \u00e8 stato inoltre Consigliere del Consiglio Nazionale dell'Economia e del Lavoro (CNEL) nella IV Consiliatura, e nel 2005 \u00e8 stato nominato presidente della Commissione per le grandi opere e le reti infrastrutturali, per le politiche energetiche e i servizi di rete. Dal 1996 al 2009 \u00e8 stato Presidente di Intersos, la pi\u00f9 grande ONG italiana per l\u2019intervento umanitario nelle situazioni di guerra, di calamit\u00e0 naturali, di epidemie. Ha inoltre collaborato con numerosi quotidiani e settimanali, quali Sette giorni, Mondo Operaio, Il Popolo, Il Nuovo e L\u2019Europa, ed \u00e8 autore di diverse pubblicazioni sul mondo del lavoro, come Lavorare meno, lavorare tutti, Le Frontiere della partecipazione, Contare fino a uno e Ridistribuire il lavoro. Attualmente \u00e8 Segretario Generale di \\\"Nuovi Lavori\\\" (NL) e Presidente del think tank Koin\u00e8.\",\"url\":\"https:\\\/\\\/nuovi-lavori.it\\\/index.php\\\/author\\\/raffaele-morese\\\/\"}]}<\/script>\n<!-- \/ Yoast SEO plugin. -->","yoast_head_json":{"title":"Tagliare le unghie a Google, mettere le ali all'Europa - Nuovi Lavori","robots":{"index":"index","follow":"follow","max-snippet":"max-snippet:-1","max-image-preview":"max-image-preview:large","max-video-preview":"max-video-preview:-1"},"canonical":"https:\/\/nuovi-lavori.it\/index.php\/tagliare-le-unghie-a-google-mettere-le-ali-alleuropa\/","og_locale":"it_IT","og_type":"article","og_title":"Tagliare le unghie a Google, mettere le ali all'Europa - Nuovi Lavori","og_description":"L\u2019 Unione Europea ha sanzionato duramente Google, accusandola di continuare ad abusare \u201cdella sua posizione dominante nel settore della pubblicit\u00e0 su internet\u201d.","og_url":"https:\/\/nuovi-lavori.it\/index.php\/tagliare-le-unghie-a-google-mettere-le-ali-alleuropa\/","og_site_name":"Nuovi Lavori","article_published_time":"2025-09-09T15:34:27+00:00","article_modified_time":"2025-09-09T15:50:18+00:00","og_image":[{"width":533,"height":400,"url":"https:\/\/nuovi-lavori.it\/wp-content\/uploads\/2025\/09\/alieuropa.jpg","type":"image\/jpeg"}],"author":"Raffaele Morese","twitter_card":"summary_large_image","twitter_misc":{"Scritto da":"Raffaele Morese","Tempo di lettura stimato":"1 minuto"},"schema":{"@context":"https:\/\/schema.org","@graph":[{"@type":"Article","@id":"https:\/\/nuovi-lavori.it\/index.php\/tagliare-le-unghie-a-google-mettere-le-ali-alleuropa\/#article","isPartOf":{"@id":"https:\/\/nuovi-lavori.it\/index.php\/tagliare-le-unghie-a-google-mettere-le-ali-alleuropa\/"},"author":{"name":"Raffaele Morese","@id":"https:\/\/nuovi-lavori.it\/#\/schema\/person\/4768859afb8ce507df626060d213b701"},"headline":"Tagliare le unghie a Google, mettere le ali all&#8217;Europa","datePublished":"2025-09-09T15:34:27+00:00","dateModified":"2025-09-09T15:50:18+00:00","mainEntityOfPage":{"@id":"https:\/\/nuovi-lavori.it\/index.php\/tagliare-le-unghie-a-google-mettere-le-ali-alleuropa\/"},"wordCount":1069,"publisher":{"@id":"https:\/\/nuovi-lavori.it\/#organization"},"image":{"@id":"https:\/\/nuovi-lavori.it\/index.php\/tagliare-le-unghie-a-google-mettere-le-ali-alleuropa\/#primaryimage"},"thumbnailUrl":"https:\/\/nuovi-lavori.it\/wp-content\/uploads\/2025\/09\/alieuropa.jpg","articleSection":["Newsletter"],"inLanguage":"it-IT"},{"@type":"WebPage","@id":"https:\/\/nuovi-lavori.it\/index.php\/tagliare-le-unghie-a-google-mettere-le-ali-alleuropa\/","url":"https:\/\/nuovi-lavori.it\/index.php\/tagliare-le-unghie-a-google-mettere-le-ali-alleuropa\/","name":"Tagliare le unghie a Google, mettere le ali all'Europa - Nuovi Lavori","isPartOf":{"@id":"https:\/\/nuovi-lavori.it\/#website"},"primaryImageOfPage":{"@id":"https:\/\/nuovi-lavori.it\/index.php\/tagliare-le-unghie-a-google-mettere-le-ali-alleuropa\/#primaryimage"},"image":{"@id":"https:\/\/nuovi-lavori.it\/index.php\/tagliare-le-unghie-a-google-mettere-le-ali-alleuropa\/#primaryimage"},"thumbnailUrl":"https:\/\/nuovi-lavori.it\/wp-content\/uploads\/2025\/09\/alieuropa.jpg","datePublished":"2025-09-09T15:34:27+00:00","dateModified":"2025-09-09T15:50:18+00:00","breadcrumb":{"@id":"https:\/\/nuovi-lavori.it\/index.php\/tagliare-le-unghie-a-google-mettere-le-ali-alleuropa\/#breadcrumb"},"inLanguage":"it-IT","potentialAction":[{"@type":"ReadAction","target":["https:\/\/nuovi-lavori.it\/index.php\/tagliare-le-unghie-a-google-mettere-le-ali-alleuropa\/"]}]},{"@type":"ImageObject","inLanguage":"it-IT","@id":"https:\/\/nuovi-lavori.it\/index.php\/tagliare-le-unghie-a-google-mettere-le-ali-alleuropa\/#primaryimage","url":"https:\/\/nuovi-lavori.it\/wp-content\/uploads\/2025\/09\/alieuropa.jpg","contentUrl":"https:\/\/nuovi-lavori.it\/wp-content\/uploads\/2025\/09\/alieuropa.jpg","width":533,"height":400},{"@type":"BreadcrumbList","@id":"https:\/\/nuovi-lavori.it\/index.php\/tagliare-le-unghie-a-google-mettere-le-ali-alleuropa\/#breadcrumb","itemListElement":[{"@type":"ListItem","position":1,"name":"Home","item":"https:\/\/nuovi-lavori.it\/"},{"@type":"ListItem","position":2,"name":"Newsletter","item":"https:\/\/nuovi-lavori.it\/index.php\/category\/newsletter\/"},{"@type":"ListItem","position":3,"name":"Tagliare le unghie a Google, mettere le ali all&#8217;Europa"}]},{"@type":"WebSite","@id":"https:\/\/nuovi-lavori.it\/#website","url":"https:\/\/nuovi-lavori.it\/","name":"Nuovi Lavori","description":"","publisher":{"@id":"https:\/\/nuovi-lavori.it\/#organization"},"potentialAction":[{"@type":"SearchAction","target":{"@type":"EntryPoint","urlTemplate":"https:\/\/nuovi-lavori.it\/?s={search_term_string}"},"query-input":{"@type":"PropertyValueSpecification","valueRequired":true,"valueName":"search_term_string"}}],"inLanguage":"it-IT"},{"@type":"Organization","@id":"https:\/\/nuovi-lavori.it\/#organization","name":"Nuovi Lavori","url":"https:\/\/nuovi-lavori.it\/","logo":{"@type":"ImageObject","inLanguage":"it-IT","@id":"https:\/\/nuovi-lavori.it\/#\/schema\/logo\/image\/","url":"http:\/\/5.249.146.118\/wp-content\/uploads\/2013\/11\/images_logonl.jpg","contentUrl":"http:\/\/5.249.146.118\/wp-content\/uploads\/2013\/11\/images_logonl.jpg","width":400,"height":327,"caption":"Nuovi Lavori"},"image":{"@id":"https:\/\/nuovi-lavori.it\/#\/schema\/logo\/image\/"},"sameAs":["https:\/\/www.youtube.com\/user\/newsletteranl"]},{"@type":"Person","@id":"https:\/\/nuovi-lavori.it\/#\/schema\/person\/4768859afb8ce507df626060d213b701","name":"Raffaele Morese","image":{"@type":"ImageObject","inLanguage":"it-IT","@id":"https:\/\/secure.gravatar.com\/avatar\/c9e93dd33a56fe3d005bd3f6c40cb88951704b941daa4f4dd789da460905d0d7?s=96&d=mm&r=g","url":"https:\/\/secure.gravatar.com\/avatar\/c9e93dd33a56fe3d005bd3f6c40cb88951704b941daa4f4dd789da460905d0d7?s=96&d=mm&r=g","contentUrl":"https:\/\/secure.gravatar.com\/avatar\/c9e93dd33a56fe3d005bd3f6c40cb88951704b941daa4f4dd789da460905d0d7?s=96&d=mm&r=g","caption":"Raffaele Morese"},"description":"Laureato in economia e commercio all'Universit\u00e0 Cattolica di Milano. Nel 1966 \u00e8 responsabile dell'Ufficio Studi e Marketing della Rinascente S.p.A., nel 1967 entra all\u2019Ufficio Studi della CISL. Nel 1969 avvia la sua attivit\u00e0 sindacale come operatore nella Fim-Cisl nazionale, di cui diviene segretario nazionale nel 1975, ricoprendo la responsabilit\u00e0 di vari settori (elettromeccanica, informatica, siderurgia, e infine auto e trasporti) e assumendo il coordinamento delle politiche sindacali. Nel 1983 succede a Franco Bentivogli come segretario generale della Fim-Cisl e nel 1989 passa alla segreteria nazionale della confederazione, di cui diviene segretario generale aggiunto, in coppia con Sergio D'Antoni segretario generale. Nel 1998 si conclude la sua esperienza sindacale e si apre una fase di impegno politico nelle file del centro-sinistra. Dal 1998 al 2001 \u00e8 Sottosegretario con delega al Ministero del Lavoro. Dal 2002 al 2009 \u00e8 stato presidente di Trambus, la societ\u00e0 per azioni del Comune di Roma che gestisce la maggior parte del trasporto pubblico di Roma. Dal 2004 al 2009 \u00e8 stato presidente di Confservizi, la confederazione nazionale che rappresenta le aziende e gli enti che gestiscono i Servizi Pubblici Locali. Morese \u00e8 stato inoltre Consigliere del Consiglio Nazionale dell'Economia e del Lavoro (CNEL) nella IV Consiliatura, e nel 2005 \u00e8 stato nominato presidente della Commissione per le grandi opere e le reti infrastrutturali, per le politiche energetiche e i servizi di rete. Dal 1996 al 2009 \u00e8 stato Presidente di Intersos, la pi\u00f9 grande ONG italiana per l\u2019intervento umanitario nelle situazioni di guerra, di calamit\u00e0 naturali, di epidemie. Ha inoltre collaborato con numerosi quotidiani e settimanali, quali Sette giorni, Mondo Operaio, Il Popolo, Il Nuovo e L\u2019Europa, ed \u00e8 autore di diverse pubblicazioni sul mondo del lavoro, come Lavorare meno, lavorare tutti, Le Frontiere della partecipazione, Contare fino a uno e Ridistribuire il lavoro. Attualmente \u00e8 Segretario Generale di \"Nuovi Lavori\" (NL) e Presidente del think tank Koin\u00e8.","url":"https:\/\/nuovi-lavori.it\/index.php\/author\/raffaele-morese\/"}]}},"_links":{"self":[{"href":"https:\/\/nuovi-lavori.it\/index.php\/wp-json\/wp\/v2\/posts\/22287","targetHints":{"allow":["GET"]}}],"collection":[{"href":"https:\/\/nuovi-lavori.it\/index.php\/wp-json\/wp\/v2\/posts"}],"about":[{"href":"https:\/\/nuovi-lavori.it\/index.php\/wp-json\/wp\/v2\/types\/post"}],"author":[{"embeddable":true,"href":"https:\/\/nuovi-lavori.it\/index.php\/wp-json\/wp\/v2\/users\/6341"}],"replies":[{"embeddable":true,"href":"https:\/\/nuovi-lavori.it\/index.php\/wp-json\/wp\/v2\/comments?post=22287"}],"version-history":[{"count":2,"href":"https:\/\/nuovi-lavori.it\/index.php\/wp-json\/wp\/v2\/posts\/22287\/revisions"}],"predecessor-version":[{"id":22290,"href":"https:\/\/nuovi-lavori.it\/index.php\/wp-json\/wp\/v2\/posts\/22287\/revisions\/22290"}],"wp:featuredmedia":[{"embeddable":true,"href":"https:\/\/nuovi-lavori.it\/index.php\/wp-json\/wp\/v2\/media\/22289"}],"wp:attachment":[{"href":"https:\/\/nuovi-lavori.it\/index.php\/wp-json\/wp\/v2\/media?parent=22287"}],"wp:term":[{"taxonomy":"category","embeddable":true,"href":"https:\/\/nuovi-lavori.it\/index.php\/wp-json\/wp\/v2\/categories?post=22287"},{"taxonomy":"post_tag","embeddable":true,"href":"https:\/\/nuovi-lavori.it\/index.php\/wp-json\/wp\/v2\/tags?post=22287"}],"curies":[{"name":"wp","href":"https:\/\/api.w.org\/{rel}","templated":true}]}}