{"id":22307,"date":"2025-09-29T20:34:42","date_gmt":"2025-09-29T18:34:42","guid":{"rendered":"https:\/\/nuovi-lavori.it\/?p=22307"},"modified":"2025-09-30T18:29:39","modified_gmt":"2025-09-30T16:29:39","slug":"desertum-fecerunt-et-pacem-appellaverunt","status":"publish","type":"post","link":"https:\/\/nuovi-lavori.it\/index.php\/desertum-fecerunt-et-pacem-appellaverunt\/","title":{"rendered":"Desertum fecerunt et pacem appellaverunt"},"content":{"rendered":"\n<p>Israele si prepara a reagire duramente al riconoscimento dello stato Palestinese che alcuni Paesi, tra i quali Francia e Gran Bretagna, annunceranno a New York a margine dell\u2019assemblea generale dell\u2019Onu di domani.&nbsp;<\/p>\n\n\n\n<p>Ci sono, \u00e8 vero, le esitazioni di Italia e Germania che non ritengono che ci siano le condizioni per il riconoscimento, ma oltre 150 Paesi lo hanno fatto e ricorrere a sotterfugi diplomatici per ritardare una dichiarazione che al momento ha un forte valore politico equivale a nascondersi dietro un dito.&nbsp;<\/p>\n\n\n\n<p>Netanyahu ha dichiarato che non vi sar\u00e0 mai uno Stato Palestinese e fa di tutto per eliminarne ogni parvenza. Per questo, all\u2019occupazione di Gaza seguir\u00e0 l&#8217;annessione di parti della Cisgiordania, in violazione di tutte le risoluzioni ONU e delle norme internazionali.&nbsp;<\/p>\n\n\n\n<p>L&#8217;attuale governo israeliano sostiene che il riconoscimento della Palestina \u00e8 un assist ad Hamas e fin quando il movimento non sar\u00e0 debellato definitivamente le operazioni di guerra continueranno.&nbsp;<\/p>\n\n\n\n<p>Ma se l&#8217;obbiettivo principale \u00e8 eliminare completamente Hamas, appare sempre pi\u00f9 evidente che l&#8217;attuale politica israeliana&nbsp; ha ormai trasformato tutti i palestinesi di Gaza e non solo, in simpatizzanti di Hamas, che \u00e8 si un&#8217;organizzazione terroristica, ma \u00e8 anche un partito politico che va sconfitto con le armi della politica.&nbsp;<\/p>\n\n\n\n<p>Agire solo militarmente porta alla conclusione che \u00e8 necessario uccidere o deportare quasi l&#8217;intera popolazione Gazawi. Non c&#8217;\u00e8 famiglia palestinese che non pianga morti e &nbsp; non covi vendetta contro Netanyahu e la sua compagine ultraortodossa.<\/p>\n\n\n\n<p>Con la politica dei massacri sistematici, Israele pagher\u00e0 prezzi altissimi, poich\u00e9 la sua sicurezza continuer\u00e0 ad essere a repentaglio. Circondato da Paesi le cui opinioni pubbliche saranno sempre pi\u00f9 ostili con una massa di sfollati pronti a trasformarsi in terroristi e schegge impazzite, Israele appare destinato a vivere senza tregua in uno stato di allerta perenne.&nbsp;<\/p>\n\n\n\n<p>Netanyahu riuscir\u00e0 probabilmente a spianare Gaza e dichiarer\u00e0 la pace (Desertum fecerunt et pacem appellaverunt afferma il re dei Caledoni nel &#8220;de agricola&#8221; di Tacito), ma sar\u00e0 una mera illusione e gli israeliani saranno in guerra permanente. Nonostante i bombardamenti indiscriminati e le uccisioni mirate, Hamas rimane saldo in sella. Continua a rappresentare l&#8217;interlocutore politico con il quale bene o male bisogna confrontarsi.&nbsp;<\/p>\n\n\n\n<p>Il Governo israeliano non persegue altre strade se non lo sterminio e la distruzione sistematica: \u00e8 come accecato dalla furia devastatrice e con l&#8217;occupazione coloniale della Cisgiordania mette in soffitta l&#8217;unica alternativa possibile ad Hamas, ovvero puntare su un&#8217;Autorit\u00e0 Palestinese rinnovata e politicamente affidabile, come si ripropone di fare la Conferenza sulla Palestina che si riunir\u00e0 a New York sotto Presidenza franco-saudita.<\/p>\n","protected":false},"excerpt":{"rendered":"<p>Israele si prepara a reagire duramente al riconoscimento dello stato Palestinese che alcuni Paesi, tra i quali Francia e Gran Bretagna, annunceranno a New York a margine dell\u2019assemblea generale dell\u2019Onu di domani.&nbsp; Ci sono, \u00e8 vero, le esitazioni di Italia e Germania che non ritengono che ci siano le condizioni per il riconoscimento, ma oltre [&hellip;]<\/p>\n","protected":false},"author":6588,"featured_media":22333,"comment_status":"closed","ping_status":"closed","sticky":false,"template":"","format":"standard","meta":{"footnotes":""},"categories":[9],"tags":[],"class_list":["post-22307","post","type-post","status-publish","format-standard","has-post-thumbnail","hentry","category-newsletter"],"yoast_head":"<!-- This site is optimized with the Yoast SEO plugin v27.5 - https:\/\/yoast.com\/product\/yoast-seo-wordpress\/ -->\n<title>Desertum fecerunt et pacem appellaverunt - Nuovi Lavori<\/title>\n<meta name=\"robots\" content=\"index, follow, max-snippet:-1, max-image-preview:large, max-video-preview:-1\" \/>\n<link rel=\"canonical\" href=\"https:\/\/nuovi-lavori.it\/index.php\/desertum-fecerunt-et-pacem-appellaverunt\/\" \/>\n<meta property=\"og:locale\" content=\"it_IT\" \/>\n<meta property=\"og:type\" content=\"article\" \/>\n<meta property=\"og:title\" content=\"Desertum fecerunt et pacem appellaverunt - Nuovi Lavori\" \/>\n<meta property=\"og:description\" content=\"Israele si prepara a reagire duramente al riconoscimento dello stato Palestinese che alcuni Paesi, tra i quali Francia e Gran Bretagna, annunceranno a New York a margine dell\u2019assemblea generale dell\u2019Onu di domani.&nbsp; Ci sono, \u00e8 vero, le esitazioni di Italia e Germania che non ritengono che ci siano le condizioni per il riconoscimento, ma oltre [&hellip;]\" \/>\n<meta property=\"og:url\" content=\"https:\/\/nuovi-lavori.it\/index.php\/desertum-fecerunt-et-pacem-appellaverunt\/\" \/>\n<meta property=\"og:site_name\" content=\"Nuovi Lavori\" \/>\n<meta property=\"article:published_time\" content=\"2025-09-29T18:34:42+00:00\" \/>\n<meta property=\"article:modified_time\" content=\"2025-09-30T16:29:39+00:00\" \/>\n<meta property=\"og:image\" content=\"https:\/\/nuovi-lavori.it\/wp-content\/uploads\/2025\/09\/deserto.jpg\" \/>\n\t<meta property=\"og:image:width\" content=\"318\" \/>\n\t<meta property=\"og:image:height\" content=\"159\" \/>\n\t<meta property=\"og:image:type\" content=\"image\/jpeg\" \/>\n<meta name=\"author\" content=\"Rocco Cangelosi*\" \/>\n<meta name=\"twitter:card\" content=\"summary_large_image\" \/>\n<meta name=\"twitter:label1\" content=\"Scritto da\" \/>\n\t<meta name=\"twitter:data1\" content=\"Rocco Cangelosi*\" \/>\n\t<meta name=\"twitter:label2\" content=\"Tempo di lettura stimato\" \/>\n\t<meta name=\"twitter:data2\" content=\"3 minuti\" \/>\n<script type=\"application\/ld+json\" class=\"yoast-schema-graph\">{\"@context\":\"https:\\\/\\\/schema.org\",\"@graph\":[{\"@type\":\"Article\",\"@id\":\"https:\\\/\\\/nuovi-lavori.it\\\/index.php\\\/desertum-fecerunt-et-pacem-appellaverunt\\\/#article\",\"isPartOf\":{\"@id\":\"https:\\\/\\\/nuovi-lavori.it\\\/index.php\\\/desertum-fecerunt-et-pacem-appellaverunt\\\/\"},\"author\":{\"name\":\"Rocco Cangelosi*\",\"@id\":\"https:\\\/\\\/nuovi-lavori.it\\\/#\\\/schema\\\/person\\\/f149f2aac38a19e386e36362b9f05d83\"},\"headline\":\"Desertum fecerunt et pacem appellaverunt\",\"datePublished\":\"2025-09-29T18:34:42+00:00\",\"dateModified\":\"2025-09-30T16:29:39+00:00\",\"mainEntityOfPage\":{\"@id\":\"https:\\\/\\\/nuovi-lavori.it\\\/index.php\\\/desertum-fecerunt-et-pacem-appellaverunt\\\/\"},\"wordCount\":427,\"publisher\":{\"@id\":\"https:\\\/\\\/nuovi-lavori.it\\\/#organization\"},\"image\":{\"@id\":\"https:\\\/\\\/nuovi-lavori.it\\\/index.php\\\/desertum-fecerunt-et-pacem-appellaverunt\\\/#primaryimage\"},\"thumbnailUrl\":\"https:\\\/\\\/nuovi-lavori.it\\\/wp-content\\\/uploads\\\/2025\\\/09\\\/deserto.jpg\",\"articleSection\":[\"Newsletter\"],\"inLanguage\":\"it-IT\"},{\"@type\":\"WebPage\",\"@id\":\"https:\\\/\\\/nuovi-lavori.it\\\/index.php\\\/desertum-fecerunt-et-pacem-appellaverunt\\\/\",\"url\":\"https:\\\/\\\/nuovi-lavori.it\\\/index.php\\\/desertum-fecerunt-et-pacem-appellaverunt\\\/\",\"name\":\"Desertum fecerunt et pacem appellaverunt - Nuovi Lavori\",\"isPartOf\":{\"@id\":\"https:\\\/\\\/nuovi-lavori.it\\\/#website\"},\"primaryImageOfPage\":{\"@id\":\"https:\\\/\\\/nuovi-lavori.it\\\/index.php\\\/desertum-fecerunt-et-pacem-appellaverunt\\\/#primaryimage\"},\"image\":{\"@id\":\"https:\\\/\\\/nuovi-lavori.it\\\/index.php\\\/desertum-fecerunt-et-pacem-appellaverunt\\\/#primaryimage\"},\"thumbnailUrl\":\"https:\\\/\\\/nuovi-lavori.it\\\/wp-content\\\/uploads\\\/2025\\\/09\\\/deserto.jpg\",\"datePublished\":\"2025-09-29T18:34:42+00:00\",\"dateModified\":\"2025-09-30T16:29:39+00:00\",\"breadcrumb\":{\"@id\":\"https:\\\/\\\/nuovi-lavori.it\\\/index.php\\\/desertum-fecerunt-et-pacem-appellaverunt\\\/#breadcrumb\"},\"inLanguage\":\"it-IT\",\"potentialAction\":[{\"@type\":\"ReadAction\",\"target\":[\"https:\\\/\\\/nuovi-lavori.it\\\/index.php\\\/desertum-fecerunt-et-pacem-appellaverunt\\\/\"]}]},{\"@type\":\"ImageObject\",\"inLanguage\":\"it-IT\",\"@id\":\"https:\\\/\\\/nuovi-lavori.it\\\/index.php\\\/desertum-fecerunt-et-pacem-appellaverunt\\\/#primaryimage\",\"url\":\"https:\\\/\\\/nuovi-lavori.it\\\/wp-content\\\/uploads\\\/2025\\\/09\\\/deserto.jpg\",\"contentUrl\":\"https:\\\/\\\/nuovi-lavori.it\\\/wp-content\\\/uploads\\\/2025\\\/09\\\/deserto.jpg\",\"width\":318,\"height\":159},{\"@type\":\"BreadcrumbList\",\"@id\":\"https:\\\/\\\/nuovi-lavori.it\\\/index.php\\\/desertum-fecerunt-et-pacem-appellaverunt\\\/#breadcrumb\",\"itemListElement\":[{\"@type\":\"ListItem\",\"position\":1,\"name\":\"Home\",\"item\":\"https:\\\/\\\/nuovi-lavori.it\\\/\"},{\"@type\":\"ListItem\",\"position\":2,\"name\":\"Newsletter\",\"item\":\"https:\\\/\\\/nuovi-lavori.it\\\/index.php\\\/category\\\/newsletter\\\/\"},{\"@type\":\"ListItem\",\"position\":3,\"name\":\"Desertum fecerunt et pacem appellaverunt\"}]},{\"@type\":\"WebSite\",\"@id\":\"https:\\\/\\\/nuovi-lavori.it\\\/#website\",\"url\":\"https:\\\/\\\/nuovi-lavori.it\\\/\",\"name\":\"Nuovi Lavori\",\"description\":\"\",\"publisher\":{\"@id\":\"https:\\\/\\\/nuovi-lavori.it\\\/#organization\"},\"potentialAction\":[{\"@type\":\"SearchAction\",\"target\":{\"@type\":\"EntryPoint\",\"urlTemplate\":\"https:\\\/\\\/nuovi-lavori.it\\\/?s={search_term_string}\"},\"query-input\":{\"@type\":\"PropertyValueSpecification\",\"valueRequired\":true,\"valueName\":\"search_term_string\"}}],\"inLanguage\":\"it-IT\"},{\"@type\":\"Organization\",\"@id\":\"https:\\\/\\\/nuovi-lavori.it\\\/#organization\",\"name\":\"Nuovi Lavori\",\"url\":\"https:\\\/\\\/nuovi-lavori.it\\\/\",\"logo\":{\"@type\":\"ImageObject\",\"inLanguage\":\"it-IT\",\"@id\":\"https:\\\/\\\/nuovi-lavori.it\\\/#\\\/schema\\\/logo\\\/image\\\/\",\"url\":\"http:\\\/\\\/5.249.146.118\\\/wp-content\\\/uploads\\\/2013\\\/11\\\/images_logonl.jpg\",\"contentUrl\":\"http:\\\/\\\/5.249.146.118\\\/wp-content\\\/uploads\\\/2013\\\/11\\\/images_logonl.jpg\",\"width\":400,\"height\":327,\"caption\":\"Nuovi Lavori\"},\"image\":{\"@id\":\"https:\\\/\\\/nuovi-lavori.it\\\/#\\\/schema\\\/logo\\\/image\\\/\"},\"sameAs\":[\"https:\\\/\\\/www.youtube.com\\\/user\\\/newsletteranl\"]},{\"@type\":\"Person\",\"@id\":\"https:\\\/\\\/nuovi-lavori.it\\\/#\\\/schema\\\/person\\\/f149f2aac38a19e386e36362b9f05d83\",\"name\":\"Rocco Cangelosi*\",\"image\":{\"@type\":\"ImageObject\",\"inLanguage\":\"it-IT\",\"@id\":\"https:\\\/\\\/secure.gravatar.com\\\/avatar\\\/a8c4a92c242fff1e1c8808d46dcd8daf7a9f5d7fb4bbb455cab63893bae73965?s=96&d=mm&r=g\",\"url\":\"https:\\\/\\\/secure.gravatar.com\\\/avatar\\\/a8c4a92c242fff1e1c8808d46dcd8daf7a9f5d7fb4bbb455cab63893bae73965?s=96&d=mm&r=g\",\"contentUrl\":\"https:\\\/\\\/secure.gravatar.com\\\/avatar\\\/a8c4a92c242fff1e1c8808d46dcd8daf7a9f5d7fb4bbb455cab63893bae73965?s=96&d=mm&r=g\",\"caption\":\"Rocco Cangelosi*\"},\"url\":\"https:\\\/\\\/nuovi-lavori.it\\\/index.php\\\/author\\\/rocco-cangelosi\\\/\"}]}<\/script>\n<!-- \/ Yoast SEO plugin. -->","yoast_head_json":{"title":"Desertum fecerunt et pacem appellaverunt - Nuovi Lavori","robots":{"index":"index","follow":"follow","max-snippet":"max-snippet:-1","max-image-preview":"max-image-preview:large","max-video-preview":"max-video-preview:-1"},"canonical":"https:\/\/nuovi-lavori.it\/index.php\/desertum-fecerunt-et-pacem-appellaverunt\/","og_locale":"it_IT","og_type":"article","og_title":"Desertum fecerunt et pacem appellaverunt - Nuovi Lavori","og_description":"Israele si prepara a reagire duramente al riconoscimento dello stato Palestinese che alcuni Paesi, tra i quali Francia e Gran Bretagna, annunceranno a New York a margine dell\u2019assemblea generale dell\u2019Onu di domani.&nbsp; Ci sono, \u00e8 vero, le esitazioni di Italia e Germania che non ritengono che ci siano le condizioni per il riconoscimento, ma oltre [&hellip;]","og_url":"https:\/\/nuovi-lavori.it\/index.php\/desertum-fecerunt-et-pacem-appellaverunt\/","og_site_name":"Nuovi Lavori","article_published_time":"2025-09-29T18:34:42+00:00","article_modified_time":"2025-09-30T16:29:39+00:00","og_image":[{"width":318,"height":159,"url":"https:\/\/nuovi-lavori.it\/wp-content\/uploads\/2025\/09\/deserto.jpg","type":"image\/jpeg"}],"author":"Rocco Cangelosi*","twitter_card":"summary_large_image","twitter_misc":{"Scritto da":"Rocco Cangelosi*","Tempo di lettura stimato":"3 minuti"},"schema":{"@context":"https:\/\/schema.org","@graph":[{"@type":"Article","@id":"https:\/\/nuovi-lavori.it\/index.php\/desertum-fecerunt-et-pacem-appellaverunt\/#article","isPartOf":{"@id":"https:\/\/nuovi-lavori.it\/index.php\/desertum-fecerunt-et-pacem-appellaverunt\/"},"author":{"name":"Rocco Cangelosi*","@id":"https:\/\/nuovi-lavori.it\/#\/schema\/person\/f149f2aac38a19e386e36362b9f05d83"},"headline":"Desertum fecerunt et pacem appellaverunt","datePublished":"2025-09-29T18:34:42+00:00","dateModified":"2025-09-30T16:29:39+00:00","mainEntityOfPage":{"@id":"https:\/\/nuovi-lavori.it\/index.php\/desertum-fecerunt-et-pacem-appellaverunt\/"},"wordCount":427,"publisher":{"@id":"https:\/\/nuovi-lavori.it\/#organization"},"image":{"@id":"https:\/\/nuovi-lavori.it\/index.php\/desertum-fecerunt-et-pacem-appellaverunt\/#primaryimage"},"thumbnailUrl":"https:\/\/nuovi-lavori.it\/wp-content\/uploads\/2025\/09\/deserto.jpg","articleSection":["Newsletter"],"inLanguage":"it-IT"},{"@type":"WebPage","@id":"https:\/\/nuovi-lavori.it\/index.php\/desertum-fecerunt-et-pacem-appellaverunt\/","url":"https:\/\/nuovi-lavori.it\/index.php\/desertum-fecerunt-et-pacem-appellaverunt\/","name":"Desertum fecerunt et pacem appellaverunt - Nuovi Lavori","isPartOf":{"@id":"https:\/\/nuovi-lavori.it\/#website"},"primaryImageOfPage":{"@id":"https:\/\/nuovi-lavori.it\/index.php\/desertum-fecerunt-et-pacem-appellaverunt\/#primaryimage"},"image":{"@id":"https:\/\/nuovi-lavori.it\/index.php\/desertum-fecerunt-et-pacem-appellaverunt\/#primaryimage"},"thumbnailUrl":"https:\/\/nuovi-lavori.it\/wp-content\/uploads\/2025\/09\/deserto.jpg","datePublished":"2025-09-29T18:34:42+00:00","dateModified":"2025-09-30T16:29:39+00:00","breadcrumb":{"@id":"https:\/\/nuovi-lavori.it\/index.php\/desertum-fecerunt-et-pacem-appellaverunt\/#breadcrumb"},"inLanguage":"it-IT","potentialAction":[{"@type":"ReadAction","target":["https:\/\/nuovi-lavori.it\/index.php\/desertum-fecerunt-et-pacem-appellaverunt\/"]}]},{"@type":"ImageObject","inLanguage":"it-IT","@id":"https:\/\/nuovi-lavori.it\/index.php\/desertum-fecerunt-et-pacem-appellaverunt\/#primaryimage","url":"https:\/\/nuovi-lavori.it\/wp-content\/uploads\/2025\/09\/deserto.jpg","contentUrl":"https:\/\/nuovi-lavori.it\/wp-content\/uploads\/2025\/09\/deserto.jpg","width":318,"height":159},{"@type":"BreadcrumbList","@id":"https:\/\/nuovi-lavori.it\/index.php\/desertum-fecerunt-et-pacem-appellaverunt\/#breadcrumb","itemListElement":[{"@type":"ListItem","position":1,"name":"Home","item":"https:\/\/nuovi-lavori.it\/"},{"@type":"ListItem","position":2,"name":"Newsletter","item":"https:\/\/nuovi-lavori.it\/index.php\/category\/newsletter\/"},{"@type":"ListItem","position":3,"name":"Desertum fecerunt et pacem appellaverunt"}]},{"@type":"WebSite","@id":"https:\/\/nuovi-lavori.it\/#website","url":"https:\/\/nuovi-lavori.it\/","name":"Nuovi Lavori","description":"","publisher":{"@id":"https:\/\/nuovi-lavori.it\/#organization"},"potentialAction":[{"@type":"SearchAction","target":{"@type":"EntryPoint","urlTemplate":"https:\/\/nuovi-lavori.it\/?s={search_term_string}"},"query-input":{"@type":"PropertyValueSpecification","valueRequired":true,"valueName":"search_term_string"}}],"inLanguage":"it-IT"},{"@type":"Organization","@id":"https:\/\/nuovi-lavori.it\/#organization","name":"Nuovi Lavori","url":"https:\/\/nuovi-lavori.it\/","logo":{"@type":"ImageObject","inLanguage":"it-IT","@id":"https:\/\/nuovi-lavori.it\/#\/schema\/logo\/image\/","url":"http:\/\/5.249.146.118\/wp-content\/uploads\/2013\/11\/images_logonl.jpg","contentUrl":"http:\/\/5.249.146.118\/wp-content\/uploads\/2013\/11\/images_logonl.jpg","width":400,"height":327,"caption":"Nuovi Lavori"},"image":{"@id":"https:\/\/nuovi-lavori.it\/#\/schema\/logo\/image\/"},"sameAs":["https:\/\/www.youtube.com\/user\/newsletteranl"]},{"@type":"Person","@id":"https:\/\/nuovi-lavori.it\/#\/schema\/person\/f149f2aac38a19e386e36362b9f05d83","name":"Rocco Cangelosi*","image":{"@type":"ImageObject","inLanguage":"it-IT","@id":"https:\/\/secure.gravatar.com\/avatar\/a8c4a92c242fff1e1c8808d46dcd8daf7a9f5d7fb4bbb455cab63893bae73965?s=96&d=mm&r=g","url":"https:\/\/secure.gravatar.com\/avatar\/a8c4a92c242fff1e1c8808d46dcd8daf7a9f5d7fb4bbb455cab63893bae73965?s=96&d=mm&r=g","contentUrl":"https:\/\/secure.gravatar.com\/avatar\/a8c4a92c242fff1e1c8808d46dcd8daf7a9f5d7fb4bbb455cab63893bae73965?s=96&d=mm&r=g","caption":"Rocco Cangelosi*"},"url":"https:\/\/nuovi-lavori.it\/index.php\/author\/rocco-cangelosi\/"}]}},"_links":{"self":[{"href":"https:\/\/nuovi-lavori.it\/index.php\/wp-json\/wp\/v2\/posts\/22307","targetHints":{"allow":["GET"]}}],"collection":[{"href":"https:\/\/nuovi-lavori.it\/index.php\/wp-json\/wp\/v2\/posts"}],"about":[{"href":"https:\/\/nuovi-lavori.it\/index.php\/wp-json\/wp\/v2\/types\/post"}],"author":[{"embeddable":true,"href":"https:\/\/nuovi-lavori.it\/index.php\/wp-json\/wp\/v2\/users\/6588"}],"replies":[{"embeddable":true,"href":"https:\/\/nuovi-lavori.it\/index.php\/wp-json\/wp\/v2\/comments?post=22307"}],"version-history":[{"count":1,"href":"https:\/\/nuovi-lavori.it\/index.php\/wp-json\/wp\/v2\/posts\/22307\/revisions"}],"predecessor-version":[{"id":22308,"href":"https:\/\/nuovi-lavori.it\/index.php\/wp-json\/wp\/v2\/posts\/22307\/revisions\/22308"}],"wp:featuredmedia":[{"embeddable":true,"href":"https:\/\/nuovi-lavori.it\/index.php\/wp-json\/wp\/v2\/media\/22333"}],"wp:attachment":[{"href":"https:\/\/nuovi-lavori.it\/index.php\/wp-json\/wp\/v2\/media?parent=22307"}],"wp:term":[{"taxonomy":"category","embeddable":true,"href":"https:\/\/nuovi-lavori.it\/index.php\/wp-json\/wp\/v2\/categories?post=22307"},{"taxonomy":"post_tag","embeddable":true,"href":"https:\/\/nuovi-lavori.it\/index.php\/wp-json\/wp\/v2\/tags?post=22307"}],"curies":[{"name":"wp","href":"https:\/\/api.w.org\/{rel}","templated":true}]}}