{"id":22315,"date":"2025-09-29T20:52:05","date_gmt":"2025-09-29T18:52:05","guid":{"rendered":"https:\/\/nuovi-lavori.it\/?p=22315"},"modified":"2025-09-30T18:29:18","modified_gmt":"2025-09-30T16:29:18","slug":"est-ovest-la-contesa-e-sul-conflitto-sociale","status":"publish","type":"post","link":"https:\/\/nuovi-lavori.it\/index.php\/est-ovest-la-contesa-e-sul-conflitto-sociale\/","title":{"rendered":"Est\/Ovest: la contesa \u00e8 sul conflitto sociale"},"content":{"rendered":"\n<p>La grande parata in piazza Tienanmen ha prodotto una singolare convergenza di attenzione, se non di trasporto emotivo, fra ceti moderati o apertamente reazionari del Paese e una certa sinistra inossidabile ancora in cerca di rivincite sul 1989. Sarebbe utile ragionare su quest\u2019assonanza di apprezzamenti, caricati di rancoroso sarcasmo nei confronti della povera Europa, che si concentravano su quella congrega di regimi autoritari, o esplicitamente dittatoriali, capeggiati oltre che dai padroni di casa cinesi, dalla Russia di Putin, che sventolava la bandiera zarista di San Giorgio, accanto al quale scodinzolava il leader nord-coreano, insieme con iraniani, turchi e pakistani.&nbsp;<\/p>\n\n\n\n<p>Fra loro \u2013 non senza un certo spaesamento \u2013 il presidente brasiliano Lula appariva un ostaggio da esibire ai fotografi, mentre l\u2019indiano Modi, che stringeva sorridente tutte le mani che gli capitavano a tiro, era ben attento a non capitare vicino ai vertici pakistani che stanno minacciando il suo Paese con le armi appena comprate dalla Cina. Nella conviviale foto finale, ha trovato posto \u2013 in alto, molto in alto a sinistra \u2013 anche l\u2019ex presidente del Consiglio italiano Massimo D\u2019Alema, con la qualifica di osservatore non si sa bene di cosa.<\/p>\n\n\n\n<p>La pressione deve essere stata registrata anche dal Quirinale, dove il presidente Mattarella ha sentito la necessit\u00e0 di usare il messaggio da mandare all\u2019annuale ritrovo di Cernobbio per lanciare un grido d\u2019allarme: l\u2019Europa rimane un\u2019isola di democrazia da difendere contro l\u2019assedio di Stati autocratici e anche di imperi tecnologici privati \u2013 la nuova Compagnie delle Indie, come si pu\u00f2 definire la Silicon Valley. In questo accostamento troviamo forse la chiave per interpretare la convergenza degli opposti estremismi \u2013 si potrebbe dire \u2013 che si registra in favore dei regimi autoritari. Una chiave che dovrebbe aiutarci a riflettere sull\u2019impasse, ideologica prima ancora che politica, di sinistre in cerca di identit\u00e0 e di ruolo.<\/p>\n\n\n\n<p>La banale richiesta di dialogo anche a Est, con cui D\u2019Alema ha giustificato la sua presenza, coronata da una trionfale intervista a uno dei canali minori della tv cinese \u2013 in cui ha glorificato il ruolo storico della Cina sia nella lotta contro il fascismo e il nazismo, sia nel presente per l\u2019emancipazione dei popoli \u2013, appare quanto meno superficiale, se non contraddittoria. Il nodo su cui lo stesso D\u2019Alema si era soffermato nelle sue ultime sortite in Italia, quando parlava da ex presidente del Consiglio e non da amministratore delegato di una societ\u00e0 di consulenza nella commercializzazione di tecnologie di vario tipo in cerca di clienti, che muta radicalmente lo scenario di una contrapposizione Est\/Ovest, sta in una dissoluzione del polo occidentale.<\/p>\n\n\n\n<p>Le acrobazie dell\u2019inquilino della Casa Bianca, addebitate tout court alle responsabilit\u00e0 europee, segnalano piuttosto una convergenza di una parte non marginale del capitalismo americano con il fronte orientale, che \u2013 proprio come Trump \u2013 considera la democrazia una burocrazia superata. In questo rapporto torbido e ancora da decifrare, in cui non mancano echi delle intrusioni di gruppi hacker nelle due elezioni del presidente statunitense (come documentato nelle inchieste di Cambridge Analytica), si sta giocando una nuova partita, dove quel fronte che abbiamo visto estasiato dinanzi alla sfilata di missili cinesi non \u00e8 certo un portatore n\u00e9 di libert\u00e0 n\u00e9, tanto meno, di potere negoziale per le classi subalterne europee.&nbsp;<\/p>\n\n\n\n<p>Tanto \u00e8 vero che ancora oggi, nel pieno della guerra in Ucraina, con la conclamata mobilitazione contro l\u2019aggressione russa, constatiamo che il grosso dei grandi gruppi industriali e tecnologici mantengono intatti i propri rapporti economici sia con i russi sia con i cinesi. L\u2019altalena dei dazi agitata da Trump non \u00e8 il segno di un revanscismo del capitalismo liberale, ma la dimostrazione di dove andremmo se i regimi autocratici prendessero il sopravvento.<\/p>\n\n\n\n<p>A differenza di quanto l\u2019Urss, nei suoi 75 anni di vita e d\u2019influenza internazionale, nonostante l\u2019involuzione totalitaria e burocratica del suo regime interno, ha garantito nella costante pressione sul capitalismo \u2013 costringendo il mercato solo con la sua ombra egemonica e la minaccia ideologica a scendere a patti con i movimenti del lavoro \u2013, le potenze asiatiche sono oggi caratterizzate da un\u2019ibridazione perniciosa fra un esasperato mercantilismo e l\u2019assenza di ogni ambizione di liberazione sociale. Non sono opzioni strategiche alternative al capitalismo ma degenerazioni del sistema di sfruttamento, che mirano a strappare privilegi per le proprie \u00e9lite di comando, senza effetti di destabilizzazione, o almeno di correzione, delle relazioni sociali a livello internazionale. Questa \u00e8 la realt\u00e0 che si \u00e8 ritrovata emblematicamente in piazza Tienanmen: un polo di competizione ipercapitalista privo dell\u2019impaccio della dialettica sociale.<\/p>\n\n\n\n<p>Infatti, pi\u00f9 che la democrazia rappresentativa, che sta consumando le sue ultime energie, quello che oggi \u00e8 al centro di una contesa antropologica, prima ancora che ideologica, \u00e8 la dimensione del comune, ossia di uno spazio pubblico che non coincide n\u00e9 con la propriet\u00e0 privata n\u00e9 con la centralizzazione statalista. Come spiegava Hannah Arendt, i regimi fascisti europei, e totalitari in genere, hanno sottratto alla politica lo spazio comune della vita sociale, disarticolando ogni relazione e negoziazione socio-politica.<\/p>\n\n\n\n<p>Nella societ\u00e0 digitale, dominata da processi di automazione delle decisioni, il presupposto per ingegnerizzare comportamenti coerenti con i processi tecnologici \u00e8 appunto quello di rimuovere ogni attrito. Come spiegava Elon Musk, nella fase del suo impegno nel governo di Trump, \u201cbisogna sostituire le regole con i dati\u201d. Questo \u00e8 il tratto che congiunge e identifica i regimi russo e cinese (o iraniano) con la nuova presidenza americana: rendere automatiche le decisioni, saltando ogni intermediazione istituzionale.<\/p>\n\n\n\n<p>Su questo punto il luciferino D\u2019Alema avrebbe dovuto cogliere il vero buco nero della sinistra europea, invece di lasciarsi andare, dopo averlo fatto con le \u00e9lite anglosassoni al tempo della sua presidenza del Consiglio, all\u2019ennesimo elogio di chi comanda: quali processi conflittuali innescare per rigenerare la democrazia, non per sostituirla con una semplificazione autoritaria?<\/p>\n\n\n\n<p>La mancanza di ogni intervento o considerazione da parte dei dirigenti delle diverse sinistre nazionali testimonia di un\u2019estraneit\u00e0 totale a ragionare in questi termini. Mentre si surriscalda il fronte della contesa, fra il fronte del Pacifico, dove si ritrovano gli Stati Uniti di Trump, la Cina di Xi e la Russia di Putin, contro la comunit\u00e0 dell\u2019Atlantico, dove Europa e Americhe centromeridionali, con cui si \u00e8 stipulato il nuovo patto del Mercosur, si interrogano su come darsi autonomia e protagonismo senza il \u201cgrande fratello\u201d statunitense, a Roma si preferiva occuparsi della candidatura in Puglia, soddisfatti di avere trovato l\u2019ennesimo stratagemma locale per fingere di essere uniti.<\/p>\n\n\n\n<p>Il premio Nobel dell\u2019economia Stiglitz, in un\u2019intervista a \u201cRepubblica\u201d di domenica 7 settembre, offre una schematica ricetta per non soccombere in questo scontro di civilt\u00e0: indipendenza strategica dell\u2019Europa, con una propria difesa e un pieno controllo delle tecnologie mediante un modello partecipativo e trasparente, alternativo ai monopoli americani e ai sorveglianti asiatici. Un programma non dissimile da quanto proposto qualche giorno fa da Draghi, con l\u2019aggiunta di una negoziazione sociale della potenza di calcolo, che metta in campo nuove comunit\u00e0 di contesa e conflittualit\u00e0 digitale. A meno che D\u2019Alema non abbia la sua ennesima altra idea.<\/p>\n\n\n\n<p>*da Terzo Giornale, 08\/09\/2025<\/p>\n","protected":false},"excerpt":{"rendered":"<p>La grande parata in piazza Tienanmen ha prodotto una singolare convergenza di attenzione, se non di trasporto emotivo, fra ceti moderati o apertamente reazionari del Paese e una certa sinistra inossidabile ancora in cerca di rivincite sul 1989. Sarebbe utile ragionare su quest\u2019assonanza di apprezzamenti, caricati di rancoroso sarcasmo nei confronti della povera Europa, che [&hellip;]<\/p>\n","protected":false},"author":6398,"featured_media":22327,"comment_status":"closed","ping_status":"closed","sticky":false,"template":"","format":"standard","meta":{"footnotes":""},"categories":[9],"tags":[],"class_list":["post-22315","post","type-post","status-publish","format-standard","has-post-thumbnail","hentry","category-newsletter"],"yoast_head":"<!-- This site is optimized with the Yoast SEO plugin v27.5 - https:\/\/yoast.com\/product\/yoast-seo-wordpress\/ -->\n<title>Est\/Ovest: la contesa \u00e8 sul conflitto sociale - Nuovi Lavori<\/title>\n<meta name=\"robots\" content=\"index, follow, max-snippet:-1, max-image-preview:large, max-video-preview:-1\" \/>\n<link rel=\"canonical\" href=\"https:\/\/nuovi-lavori.it\/index.php\/est-ovest-la-contesa-e-sul-conflitto-sociale\/\" \/>\n<meta property=\"og:locale\" content=\"it_IT\" \/>\n<meta property=\"og:type\" content=\"article\" \/>\n<meta property=\"og:title\" content=\"Est\/Ovest: la contesa \u00e8 sul conflitto sociale - Nuovi Lavori\" \/>\n<meta property=\"og:description\" content=\"La grande parata in piazza Tienanmen ha prodotto una singolare convergenza di attenzione, se non di trasporto emotivo, fra ceti moderati o apertamente reazionari del Paese e una certa sinistra inossidabile ancora in cerca di rivincite sul 1989. Sarebbe utile ragionare su quest\u2019assonanza di apprezzamenti, caricati di rancoroso sarcasmo nei confronti della povera Europa, che [&hellip;]\" \/>\n<meta property=\"og:url\" content=\"https:\/\/nuovi-lavori.it\/index.php\/est-ovest-la-contesa-e-sul-conflitto-sociale\/\" \/>\n<meta property=\"og:site_name\" content=\"Nuovi Lavori\" \/>\n<meta property=\"article:published_time\" content=\"2025-09-29T18:52:05+00:00\" \/>\n<meta property=\"article:modified_time\" content=\"2025-09-30T16:29:18+00:00\" \/>\n<meta property=\"og:image\" content=\"https:\/\/nuovi-lavori.it\/wp-content\/uploads\/2025\/09\/estovest.jpg\" \/>\n\t<meta property=\"og:image:width\" content=\"300\" \/>\n\t<meta property=\"og:image:height\" content=\"300\" \/>\n\t<meta property=\"og:image:type\" content=\"image\/jpeg\" \/>\n<meta name=\"author\" content=\"Michele Mezza**\" \/>\n<meta name=\"twitter:card\" content=\"summary_large_image\" \/>\n<meta name=\"twitter:label1\" content=\"Scritto da\" \/>\n\t<meta name=\"twitter:data1\" content=\"Michele Mezza**\" \/>\n\t<meta name=\"twitter:label2\" content=\"Tempo di lettura stimato\" \/>\n\t<meta name=\"twitter:data2\" content=\"7 minuti\" \/>\n<script type=\"application\/ld+json\" class=\"yoast-schema-graph\">{\"@context\":\"https:\\\/\\\/schema.org\",\"@graph\":[{\"@type\":\"Article\",\"@id\":\"https:\\\/\\\/nuovi-lavori.it\\\/index.php\\\/est-ovest-la-contesa-e-sul-conflitto-sociale\\\/#article\",\"isPartOf\":{\"@id\":\"https:\\\/\\\/nuovi-lavori.it\\\/index.php\\\/est-ovest-la-contesa-e-sul-conflitto-sociale\\\/\"},\"author\":{\"name\":\"Michele Mezza**\",\"@id\":\"https:\\\/\\\/nuovi-lavori.it\\\/#\\\/schema\\\/person\\\/78b2570c7d80c9fbaedf56c8adf33118\"},\"headline\":\"Est\\\/Ovest: la contesa \u00e8 sul conflitto sociale\",\"datePublished\":\"2025-09-29T18:52:05+00:00\",\"dateModified\":\"2025-09-30T16:29:18+00:00\",\"mainEntityOfPage\":{\"@id\":\"https:\\\/\\\/nuovi-lavori.it\\\/index.php\\\/est-ovest-la-contesa-e-sul-conflitto-sociale\\\/\"},\"wordCount\":1170,\"publisher\":{\"@id\":\"https:\\\/\\\/nuovi-lavori.it\\\/#organization\"},\"image\":{\"@id\":\"https:\\\/\\\/nuovi-lavori.it\\\/index.php\\\/est-ovest-la-contesa-e-sul-conflitto-sociale\\\/#primaryimage\"},\"thumbnailUrl\":\"https:\\\/\\\/nuovi-lavori.it\\\/wp-content\\\/uploads\\\/2025\\\/09\\\/estovest.jpg\",\"articleSection\":[\"Newsletter\"],\"inLanguage\":\"it-IT\"},{\"@type\":\"WebPage\",\"@id\":\"https:\\\/\\\/nuovi-lavori.it\\\/index.php\\\/est-ovest-la-contesa-e-sul-conflitto-sociale\\\/\",\"url\":\"https:\\\/\\\/nuovi-lavori.it\\\/index.php\\\/est-ovest-la-contesa-e-sul-conflitto-sociale\\\/\",\"name\":\"Est\\\/Ovest: la contesa \u00e8 sul conflitto sociale - Nuovi Lavori\",\"isPartOf\":{\"@id\":\"https:\\\/\\\/nuovi-lavori.it\\\/#website\"},\"primaryImageOfPage\":{\"@id\":\"https:\\\/\\\/nuovi-lavori.it\\\/index.php\\\/est-ovest-la-contesa-e-sul-conflitto-sociale\\\/#primaryimage\"},\"image\":{\"@id\":\"https:\\\/\\\/nuovi-lavori.it\\\/index.php\\\/est-ovest-la-contesa-e-sul-conflitto-sociale\\\/#primaryimage\"},\"thumbnailUrl\":\"https:\\\/\\\/nuovi-lavori.it\\\/wp-content\\\/uploads\\\/2025\\\/09\\\/estovest.jpg\",\"datePublished\":\"2025-09-29T18:52:05+00:00\",\"dateModified\":\"2025-09-30T16:29:18+00:00\",\"breadcrumb\":{\"@id\":\"https:\\\/\\\/nuovi-lavori.it\\\/index.php\\\/est-ovest-la-contesa-e-sul-conflitto-sociale\\\/#breadcrumb\"},\"inLanguage\":\"it-IT\",\"potentialAction\":[{\"@type\":\"ReadAction\",\"target\":[\"https:\\\/\\\/nuovi-lavori.it\\\/index.php\\\/est-ovest-la-contesa-e-sul-conflitto-sociale\\\/\"]}]},{\"@type\":\"ImageObject\",\"inLanguage\":\"it-IT\",\"@id\":\"https:\\\/\\\/nuovi-lavori.it\\\/index.php\\\/est-ovest-la-contesa-e-sul-conflitto-sociale\\\/#primaryimage\",\"url\":\"https:\\\/\\\/nuovi-lavori.it\\\/wp-content\\\/uploads\\\/2025\\\/09\\\/estovest.jpg\",\"contentUrl\":\"https:\\\/\\\/nuovi-lavori.it\\\/wp-content\\\/uploads\\\/2025\\\/09\\\/estovest.jpg\",\"width\":300,\"height\":300},{\"@type\":\"BreadcrumbList\",\"@id\":\"https:\\\/\\\/nuovi-lavori.it\\\/index.php\\\/est-ovest-la-contesa-e-sul-conflitto-sociale\\\/#breadcrumb\",\"itemListElement\":[{\"@type\":\"ListItem\",\"position\":1,\"name\":\"Home\",\"item\":\"https:\\\/\\\/nuovi-lavori.it\\\/\"},{\"@type\":\"ListItem\",\"position\":2,\"name\":\"Newsletter\",\"item\":\"https:\\\/\\\/nuovi-lavori.it\\\/index.php\\\/category\\\/newsletter\\\/\"},{\"@type\":\"ListItem\",\"position\":3,\"name\":\"Est\\\/Ovest: la contesa \u00e8 sul conflitto sociale\"}]},{\"@type\":\"WebSite\",\"@id\":\"https:\\\/\\\/nuovi-lavori.it\\\/#website\",\"url\":\"https:\\\/\\\/nuovi-lavori.it\\\/\",\"name\":\"Nuovi Lavori\",\"description\":\"\",\"publisher\":{\"@id\":\"https:\\\/\\\/nuovi-lavori.it\\\/#organization\"},\"potentialAction\":[{\"@type\":\"SearchAction\",\"target\":{\"@type\":\"EntryPoint\",\"urlTemplate\":\"https:\\\/\\\/nuovi-lavori.it\\\/?s={search_term_string}\"},\"query-input\":{\"@type\":\"PropertyValueSpecification\",\"valueRequired\":true,\"valueName\":\"search_term_string\"}}],\"inLanguage\":\"it-IT\"},{\"@type\":\"Organization\",\"@id\":\"https:\\\/\\\/nuovi-lavori.it\\\/#organization\",\"name\":\"Nuovi Lavori\",\"url\":\"https:\\\/\\\/nuovi-lavori.it\\\/\",\"logo\":{\"@type\":\"ImageObject\",\"inLanguage\":\"it-IT\",\"@id\":\"https:\\\/\\\/nuovi-lavori.it\\\/#\\\/schema\\\/logo\\\/image\\\/\",\"url\":\"http:\\\/\\\/5.249.146.118\\\/wp-content\\\/uploads\\\/2013\\\/11\\\/images_logonl.jpg\",\"contentUrl\":\"http:\\\/\\\/5.249.146.118\\\/wp-content\\\/uploads\\\/2013\\\/11\\\/images_logonl.jpg\",\"width\":400,\"height\":327,\"caption\":\"Nuovi Lavori\"},\"image\":{\"@id\":\"https:\\\/\\\/nuovi-lavori.it\\\/#\\\/schema\\\/logo\\\/image\\\/\"},\"sameAs\":[\"https:\\\/\\\/www.youtube.com\\\/user\\\/newsletteranl\"]},{\"@type\":\"Person\",\"@id\":\"https:\\\/\\\/nuovi-lavori.it\\\/#\\\/schema\\\/person\\\/78b2570c7d80c9fbaedf56c8adf33118\",\"name\":\"Michele Mezza**\",\"image\":{\"@type\":\"ImageObject\",\"inLanguage\":\"it-IT\",\"@id\":\"https:\\\/\\\/secure.gravatar.com\\\/avatar\\\/52a9cc0c28ef47164ff66b6622fa5e4e65b1ff5a45fae841c98bffcee393abc2?s=96&d=mm&r=g\",\"url\":\"https:\\\/\\\/secure.gravatar.com\\\/avatar\\\/52a9cc0c28ef47164ff66b6622fa5e4e65b1ff5a45fae841c98bffcee393abc2?s=96&d=mm&r=g\",\"contentUrl\":\"https:\\\/\\\/secure.gravatar.com\\\/avatar\\\/52a9cc0c28ef47164ff66b6622fa5e4e65b1ff5a45fae841c98bffcee393abc2?s=96&d=mm&r=g\",\"caption\":\"Michele Mezza**\"},\"url\":\"https:\\\/\\\/nuovi-lavori.it\\\/index.php\\\/author\\\/michele-mezza\\\/\"}]}<\/script>\n<!-- \/ Yoast SEO plugin. -->","yoast_head_json":{"title":"Est\/Ovest: la contesa \u00e8 sul conflitto sociale - Nuovi Lavori","robots":{"index":"index","follow":"follow","max-snippet":"max-snippet:-1","max-image-preview":"max-image-preview:large","max-video-preview":"max-video-preview:-1"},"canonical":"https:\/\/nuovi-lavori.it\/index.php\/est-ovest-la-contesa-e-sul-conflitto-sociale\/","og_locale":"it_IT","og_type":"article","og_title":"Est\/Ovest: la contesa \u00e8 sul conflitto sociale - Nuovi Lavori","og_description":"La grande parata in piazza Tienanmen ha prodotto una singolare convergenza di attenzione, se non di trasporto emotivo, fra ceti moderati o apertamente reazionari del Paese e una certa sinistra inossidabile ancora in cerca di rivincite sul 1989. Sarebbe utile ragionare su quest\u2019assonanza di apprezzamenti, caricati di rancoroso sarcasmo nei confronti della povera Europa, che [&hellip;]","og_url":"https:\/\/nuovi-lavori.it\/index.php\/est-ovest-la-contesa-e-sul-conflitto-sociale\/","og_site_name":"Nuovi Lavori","article_published_time":"2025-09-29T18:52:05+00:00","article_modified_time":"2025-09-30T16:29:18+00:00","og_image":[{"width":300,"height":300,"url":"https:\/\/nuovi-lavori.it\/wp-content\/uploads\/2025\/09\/estovest.jpg","type":"image\/jpeg"}],"author":"Michele Mezza**","twitter_card":"summary_large_image","twitter_misc":{"Scritto da":"Michele Mezza**","Tempo di lettura stimato":"7 minuti"},"schema":{"@context":"https:\/\/schema.org","@graph":[{"@type":"Article","@id":"https:\/\/nuovi-lavori.it\/index.php\/est-ovest-la-contesa-e-sul-conflitto-sociale\/#article","isPartOf":{"@id":"https:\/\/nuovi-lavori.it\/index.php\/est-ovest-la-contesa-e-sul-conflitto-sociale\/"},"author":{"name":"Michele Mezza**","@id":"https:\/\/nuovi-lavori.it\/#\/schema\/person\/78b2570c7d80c9fbaedf56c8adf33118"},"headline":"Est\/Ovest: la contesa \u00e8 sul conflitto sociale","datePublished":"2025-09-29T18:52:05+00:00","dateModified":"2025-09-30T16:29:18+00:00","mainEntityOfPage":{"@id":"https:\/\/nuovi-lavori.it\/index.php\/est-ovest-la-contesa-e-sul-conflitto-sociale\/"},"wordCount":1170,"publisher":{"@id":"https:\/\/nuovi-lavori.it\/#organization"},"image":{"@id":"https:\/\/nuovi-lavori.it\/index.php\/est-ovest-la-contesa-e-sul-conflitto-sociale\/#primaryimage"},"thumbnailUrl":"https:\/\/nuovi-lavori.it\/wp-content\/uploads\/2025\/09\/estovest.jpg","articleSection":["Newsletter"],"inLanguage":"it-IT"},{"@type":"WebPage","@id":"https:\/\/nuovi-lavori.it\/index.php\/est-ovest-la-contesa-e-sul-conflitto-sociale\/","url":"https:\/\/nuovi-lavori.it\/index.php\/est-ovest-la-contesa-e-sul-conflitto-sociale\/","name":"Est\/Ovest: la contesa \u00e8 sul conflitto sociale - Nuovi Lavori","isPartOf":{"@id":"https:\/\/nuovi-lavori.it\/#website"},"primaryImageOfPage":{"@id":"https:\/\/nuovi-lavori.it\/index.php\/est-ovest-la-contesa-e-sul-conflitto-sociale\/#primaryimage"},"image":{"@id":"https:\/\/nuovi-lavori.it\/index.php\/est-ovest-la-contesa-e-sul-conflitto-sociale\/#primaryimage"},"thumbnailUrl":"https:\/\/nuovi-lavori.it\/wp-content\/uploads\/2025\/09\/estovest.jpg","datePublished":"2025-09-29T18:52:05+00:00","dateModified":"2025-09-30T16:29:18+00:00","breadcrumb":{"@id":"https:\/\/nuovi-lavori.it\/index.php\/est-ovest-la-contesa-e-sul-conflitto-sociale\/#breadcrumb"},"inLanguage":"it-IT","potentialAction":[{"@type":"ReadAction","target":["https:\/\/nuovi-lavori.it\/index.php\/est-ovest-la-contesa-e-sul-conflitto-sociale\/"]}]},{"@type":"ImageObject","inLanguage":"it-IT","@id":"https:\/\/nuovi-lavori.it\/index.php\/est-ovest-la-contesa-e-sul-conflitto-sociale\/#primaryimage","url":"https:\/\/nuovi-lavori.it\/wp-content\/uploads\/2025\/09\/estovest.jpg","contentUrl":"https:\/\/nuovi-lavori.it\/wp-content\/uploads\/2025\/09\/estovest.jpg","width":300,"height":300},{"@type":"BreadcrumbList","@id":"https:\/\/nuovi-lavori.it\/index.php\/est-ovest-la-contesa-e-sul-conflitto-sociale\/#breadcrumb","itemListElement":[{"@type":"ListItem","position":1,"name":"Home","item":"https:\/\/nuovi-lavori.it\/"},{"@type":"ListItem","position":2,"name":"Newsletter","item":"https:\/\/nuovi-lavori.it\/index.php\/category\/newsletter\/"},{"@type":"ListItem","position":3,"name":"Est\/Ovest: la contesa \u00e8 sul conflitto sociale"}]},{"@type":"WebSite","@id":"https:\/\/nuovi-lavori.it\/#website","url":"https:\/\/nuovi-lavori.it\/","name":"Nuovi Lavori","description":"","publisher":{"@id":"https:\/\/nuovi-lavori.it\/#organization"},"potentialAction":[{"@type":"SearchAction","target":{"@type":"EntryPoint","urlTemplate":"https:\/\/nuovi-lavori.it\/?s={search_term_string}"},"query-input":{"@type":"PropertyValueSpecification","valueRequired":true,"valueName":"search_term_string"}}],"inLanguage":"it-IT"},{"@type":"Organization","@id":"https:\/\/nuovi-lavori.it\/#organization","name":"Nuovi Lavori","url":"https:\/\/nuovi-lavori.it\/","logo":{"@type":"ImageObject","inLanguage":"it-IT","@id":"https:\/\/nuovi-lavori.it\/#\/schema\/logo\/image\/","url":"http:\/\/5.249.146.118\/wp-content\/uploads\/2013\/11\/images_logonl.jpg","contentUrl":"http:\/\/5.249.146.118\/wp-content\/uploads\/2013\/11\/images_logonl.jpg","width":400,"height":327,"caption":"Nuovi Lavori"},"image":{"@id":"https:\/\/nuovi-lavori.it\/#\/schema\/logo\/image\/"},"sameAs":["https:\/\/www.youtube.com\/user\/newsletteranl"]},{"@type":"Person","@id":"https:\/\/nuovi-lavori.it\/#\/schema\/person\/78b2570c7d80c9fbaedf56c8adf33118","name":"Michele Mezza**","image":{"@type":"ImageObject","inLanguage":"it-IT","@id":"https:\/\/secure.gravatar.com\/avatar\/52a9cc0c28ef47164ff66b6622fa5e4e65b1ff5a45fae841c98bffcee393abc2?s=96&d=mm&r=g","url":"https:\/\/secure.gravatar.com\/avatar\/52a9cc0c28ef47164ff66b6622fa5e4e65b1ff5a45fae841c98bffcee393abc2?s=96&d=mm&r=g","contentUrl":"https:\/\/secure.gravatar.com\/avatar\/52a9cc0c28ef47164ff66b6622fa5e4e65b1ff5a45fae841c98bffcee393abc2?s=96&d=mm&r=g","caption":"Michele Mezza**"},"url":"https:\/\/nuovi-lavori.it\/index.php\/author\/michele-mezza\/"}]}},"_links":{"self":[{"href":"https:\/\/nuovi-lavori.it\/index.php\/wp-json\/wp\/v2\/posts\/22315","targetHints":{"allow":["GET"]}}],"collection":[{"href":"https:\/\/nuovi-lavori.it\/index.php\/wp-json\/wp\/v2\/posts"}],"about":[{"href":"https:\/\/nuovi-lavori.it\/index.php\/wp-json\/wp\/v2\/types\/post"}],"author":[{"embeddable":true,"href":"https:\/\/nuovi-lavori.it\/index.php\/wp-json\/wp\/v2\/users\/6398"}],"replies":[{"embeddable":true,"href":"https:\/\/nuovi-lavori.it\/index.php\/wp-json\/wp\/v2\/comments?post=22315"}],"version-history":[{"count":1,"href":"https:\/\/nuovi-lavori.it\/index.php\/wp-json\/wp\/v2\/posts\/22315\/revisions"}],"predecessor-version":[{"id":22316,"href":"https:\/\/nuovi-lavori.it\/index.php\/wp-json\/wp\/v2\/posts\/22315\/revisions\/22316"}],"wp:featuredmedia":[{"embeddable":true,"href":"https:\/\/nuovi-lavori.it\/index.php\/wp-json\/wp\/v2\/media\/22327"}],"wp:attachment":[{"href":"https:\/\/nuovi-lavori.it\/index.php\/wp-json\/wp\/v2\/media?parent=22315"}],"wp:term":[{"taxonomy":"category","embeddable":true,"href":"https:\/\/nuovi-lavori.it\/index.php\/wp-json\/wp\/v2\/categories?post=22315"},{"taxonomy":"post_tag","embeddable":true,"href":"https:\/\/nuovi-lavori.it\/index.php\/wp-json\/wp\/v2\/tags?post=22315"}],"curies":[{"name":"wp","href":"https:\/\/api.w.org\/{rel}","templated":true}]}}