{"id":22317,"date":"2025-09-29T20:53:37","date_gmt":"2025-09-29T18:53:37","guid":{"rendered":"https:\/\/nuovi-lavori.it\/?p=22317"},"modified":"2025-09-30T18:29:13","modified_gmt":"2025-09-30T16:29:13","slug":"cosa-distingue-benjamin-netanyahu-da-un-terrorista","status":"publish","type":"post","link":"https:\/\/nuovi-lavori.it\/index.php\/cosa-distingue-benjamin-netanyahu-da-un-terrorista\/","title":{"rendered":"Cosa distingue Benjamin Netanyahu da un\u00a0terrorista?"},"content":{"rendered":"\n<p>\u00c8&nbsp;terrorista chiunque uccida&nbsp;deliberatamente&nbsp;bambini,&nbsp;donne e uomini&nbsp;\u201ccivili\u201d&nbsp;in un\u2019azione di guerra compiuta da propri soldati regolari e\/o militanti e soldati irregolari.<\/p>\n\n\n\n<p>Questo \u00e8 quanto \u00e8&nbsp;stato compiuto da&nbsp;Hamas, questo \u00e8 quanto sta&nbsp;compiendo&nbsp;da due anni il governo Netanyahu&nbsp;con&nbsp;l\u2019esercito regolare israeliano.<\/p>\n\n\n\n<p>Due colpe non fanno una ragione: restano due colpe differenti e autonome&nbsp;in&nbsp;cui le responsabilit\u00e0 sono dirette&nbsp;e non giustificabili attraverso propriet\u00e0 transitive. Non solo.&nbsp;Uno Stato ha il diritto e il dovere di&nbsp;difendersi ma non pu\u00f2 usare il terrorismo, deve usare i mezzi e gli strumenti che le convenzioni internazionali permettono e la morale e l\u2019etica impongono.<\/p>\n\n\n\n<p>Per gli atti di terrorismo compiuti da Hamas, dal governo Netanyahu e dall\u2019esercito di Israele, le condanne non sono state per\u00f2 uguali, soprattutto da&nbsp;parte di&nbsp;molti governi&nbsp;e del Burattinaio principe di questa orribile vicenda di massacri.<\/p>\n\n\n\n<p>E poi la fame;&nbsp;usarla&nbsp;come arma di guerra \u00e8 contrario a tutte le leggi umane e, per nostra fortuna,&nbsp;\u00e8 contrario&nbsp;anche alle corti di giustizia internazionali.<\/p>\n\n\n\n<p>E poi distruggere gli ospedali dicendo che erano il rifugio di Hamas \u00e8 orribile e sciocco. Chiunque si occupi o si sia occupato di guerre compiute da eserciti regolari contro eserciti irregolari sa che non \u00e8 cos\u00ec che si vincono queste guerre.<\/p>\n\n\n\n<p>E poi dire che Hamas ruba gli aiuti alimentari per venderli alla \u201cborsa nera\u201d \u00e8 ridicolo e penoso; primo perch\u00e9 Hamas deve vivere in quel territorio da clandestino e deve essere \u201cpesce nell\u2019acqua\u201d, e poi perch\u00e9 tutti sappiamo che \u00e8 Netanyahu che ha chiuso i varchi umanitari e fatto marcire tonnellate di alimenti e medicinali al sole del deserto sui convogli ai confini con l\u2019Egitto.<\/p>\n\n\n\n<p>E poi la distruzione dei luoghi della memoria. Questo \u00e8 un atto che accresce la colpa e ci fa giudicare questa&nbsp;guerra-massacro non solo come genocidio ma anche come etnocidio. Non si distruggono civilt\u00e0 e luoghi, uomini e culture: chi lo fa deve essere condannato senza se e senza ma.<\/p>\n\n\n\n<p>E non si dica che chi manifesta il proprio dissenso verso l\u2019attuale governo di Israele sia anti-ebreo. Quando il nazismo e il fascismo hanno ucciso&nbsp;Ebrei, comunisti,&nbsp;socialisti, democratici,&nbsp;Rom,&nbsp;omosessuali, ci siamo dichiarati antifascisti e antinazisti, nessuno si \u00e8 dichiarato anti-italiano o anti-tedesco.<\/p>\n\n\n\n<p>Certo, chi \u00e8 legato ai valori culturali ed etici cos\u00ec come definiti dalle storie delle comunit\u00e0 e della pace, si aspetta una <em>reazione<\/em> al governo Netanyahu anche dall\u2019<em>altra<\/em> Israele, che contrasti l\u2019azione <em>sguaiata<\/em> del governo e dei coloni. Lo aspettiamo perch\u00e9 tutti sappiamo che gli Ebrei sono un grande popolo che ha sofferto per secoli e non pu\u00f2 condividere un genocidio dopo averlo subito.<\/p>\n\n\n\n<p>E poi la&nbsp;Flotilla. Perch\u00e9 non vogliono farla arrivare a Gaza?&nbsp;Perch\u00e9 i palestinesi devono morire di fame e il mondo non deve vedere, cos\u00ec come non doveva vedere dentro i lager in cui voi siete stati vittime innocenti? \u00c8 questo il motivo per cui il vostro esercito ha nel mirino giornalisti e fotografi?&nbsp;<\/p>\n\n\n\n<p>Se siete disposti <em>FORSE<\/em> ad accettare un corridoio umanitario gestito dalle religioni, allora il vero problema \u00e8&nbsp;la&nbsp;Flotilla, formata da \u00abcittadini\u00bb che, seguendo i dettati della morale, della convivenza e della libert\u00e0 dei popoli, si contrappone al&nbsp;terrorismo, al genocidio, all\u2019etnocidio di Netanyahu e dell\u2019esercito israeliano proponendosi come \u00abpartigiana\u00bb composta da \u00abcittadini per la libert\u00e0\u00bb.<\/p>\n\n\n\n<p>E poi <em>l\u2019indignazione <\/em>\u00e8 di tutti, laici e religiosi; citiamo l\u2019arcivescovo di Genova Marco Tasca: \u201c\u2026 e mi chiedo: qual \u00e8 la cosa pi\u00f9 utile per la gente a Gaza? Ma nel mio cuore io direi andiamo avanti &#8230; In un momento cos\u00ec grave in cui vediamo che stanno compiendo il male del mondo su gente inerme, su donne e bambini \u2026&nbsp; noi dobbiamo dare dei segnali. La missione della Flotilla ha proprio il merito di aver reso evidente la follia di quello che sta accadendo a Gaza\u201d.<\/p>\n\n\n\n<p>E poi cara Giorgia&nbsp;Meloni,&nbsp;se veramente puoi&nbsp;mandare&nbsp;nell\u2019arco di attimi gli stessi aiuti&nbsp;umanitari&nbsp;che porter\u00e0 la&nbsp;Flotilla,&nbsp;perch\u00e9 non lo fai?<\/p>\n\n\n\n<p>I nostri padri latini incoraggiano la Flotilla: <em>venire voluit, qui potuit subvenire<\/em> che, in modo libero, pu\u00f2 essere tradotta: <em>volle venire chi avrebbe potuto solo aiutarci<\/em>.<\/p>\n","protected":false},"excerpt":{"rendered":"<p>\u00c8&nbsp;terrorista chiunque uccida&nbsp;deliberatamente&nbsp;bambini,&nbsp;donne e uomini&nbsp;\u201ccivili\u201d&nbsp;in un\u2019azione di guerra compiuta da propri soldati regolari e\/o militanti e soldati irregolari. Questo \u00e8 quanto \u00e8&nbsp;stato compiuto da&nbsp;Hamas, questo \u00e8 quanto sta&nbsp;compiendo&nbsp;da due anni il governo Netanyahu&nbsp;con&nbsp;l\u2019esercito regolare israeliano. Due colpe non fanno una ragione: restano due colpe differenti e autonome&nbsp;in&nbsp;cui le responsabilit\u00e0 sono dirette&nbsp;e non giustificabili attraverso propriet\u00e0 [&hellip;]<\/p>\n","protected":false},"author":6355,"featured_media":22326,"comment_status":"closed","ping_status":"closed","sticky":false,"template":"","format":"standard","meta":{"footnotes":""},"categories":[9],"tags":[],"class_list":["post-22317","post","type-post","status-publish","format-standard","has-post-thumbnail","hentry","category-newsletter"],"yoast_head":"<!-- This site is optimized with the Yoast SEO plugin v27.5 - https:\/\/yoast.com\/product\/yoast-seo-wordpress\/ -->\n<title>Cosa distingue Benjamin Netanyahu da un\u00a0terrorista? - Nuovi Lavori<\/title>\n<meta name=\"robots\" content=\"index, follow, max-snippet:-1, max-image-preview:large, max-video-preview:-1\" \/>\n<link rel=\"canonical\" href=\"https:\/\/nuovi-lavori.it\/index.php\/cosa-distingue-benjamin-netanyahu-da-un-terrorista\/\" \/>\n<meta property=\"og:locale\" content=\"it_IT\" \/>\n<meta property=\"og:type\" content=\"article\" \/>\n<meta property=\"og:title\" content=\"Cosa distingue Benjamin Netanyahu da un\u00a0terrorista? - Nuovi Lavori\" \/>\n<meta property=\"og:description\" content=\"\u00c8&nbsp;terrorista chiunque uccida&nbsp;deliberatamente&nbsp;bambini,&nbsp;donne e uomini&nbsp;\u201ccivili\u201d&nbsp;in un\u2019azione di guerra compiuta da propri soldati regolari e\/o militanti e soldati irregolari. Questo \u00e8 quanto \u00e8&nbsp;stato compiuto da&nbsp;Hamas, questo \u00e8 quanto sta&nbsp;compiendo&nbsp;da due anni il governo Netanyahu&nbsp;con&nbsp;l\u2019esercito regolare israeliano. Due colpe non fanno una ragione: restano due colpe differenti e autonome&nbsp;in&nbsp;cui le responsabilit\u00e0 sono dirette&nbsp;e non giustificabili attraverso propriet\u00e0 [&hellip;]\" \/>\n<meta property=\"og:url\" content=\"https:\/\/nuovi-lavori.it\/index.php\/cosa-distingue-benjamin-netanyahu-da-un-terrorista\/\" \/>\n<meta property=\"og:site_name\" content=\"Nuovi Lavori\" \/>\n<meta property=\"article:published_time\" content=\"2025-09-29T18:53:37+00:00\" \/>\n<meta property=\"article:modified_time\" content=\"2025-09-30T16:29:13+00:00\" \/>\n<meta property=\"og:image\" content=\"https:\/\/nuovi-lavori.it\/wp-content\/uploads\/2025\/09\/comeun.jpg\" \/>\n\t<meta property=\"og:image:width\" content=\"495\" \/>\n\t<meta property=\"og:image:height\" content=\"345\" \/>\n\t<meta property=\"og:image:type\" content=\"image\/jpeg\" \/>\n<meta name=\"author\" content=\"Manlio Vendittelli\" \/>\n<meta name=\"twitter:card\" content=\"summary_large_image\" \/>\n<meta name=\"twitter:label1\" content=\"Scritto da\" \/>\n\t<meta name=\"twitter:data1\" content=\"Manlio Vendittelli\" \/>\n\t<meta name=\"twitter:label2\" content=\"Tempo di lettura stimato\" \/>\n\t<meta name=\"twitter:data2\" content=\"4 minuti\" \/>\n<script type=\"application\/ld+json\" class=\"yoast-schema-graph\">{\"@context\":\"https:\\\/\\\/schema.org\",\"@graph\":[{\"@type\":\"Article\",\"@id\":\"https:\\\/\\\/nuovi-lavori.it\\\/index.php\\\/cosa-distingue-benjamin-netanyahu-da-un-terrorista\\\/#article\",\"isPartOf\":{\"@id\":\"https:\\\/\\\/nuovi-lavori.it\\\/index.php\\\/cosa-distingue-benjamin-netanyahu-da-un-terrorista\\\/\"},\"author\":{\"name\":\"Manlio Vendittelli\",\"@id\":\"https:\\\/\\\/nuovi-lavori.it\\\/#\\\/schema\\\/person\\\/7d597f42e33e554cf817ae13db42318d\"},\"headline\":\"Cosa distingue Benjamin Netanyahu da un\u00a0terrorista?\",\"datePublished\":\"2025-09-29T18:53:37+00:00\",\"dateModified\":\"2025-09-30T16:29:13+00:00\",\"mainEntityOfPage\":{\"@id\":\"https:\\\/\\\/nuovi-lavori.it\\\/index.php\\\/cosa-distingue-benjamin-netanyahu-da-un-terrorista\\\/\"},\"wordCount\":732,\"publisher\":{\"@id\":\"https:\\\/\\\/nuovi-lavori.it\\\/#organization\"},\"image\":{\"@id\":\"https:\\\/\\\/nuovi-lavori.it\\\/index.php\\\/cosa-distingue-benjamin-netanyahu-da-un-terrorista\\\/#primaryimage\"},\"thumbnailUrl\":\"https:\\\/\\\/nuovi-lavori.it\\\/wp-content\\\/uploads\\\/2025\\\/09\\\/comeun.jpg\",\"articleSection\":[\"Newsletter\"],\"inLanguage\":\"it-IT\"},{\"@type\":\"WebPage\",\"@id\":\"https:\\\/\\\/nuovi-lavori.it\\\/index.php\\\/cosa-distingue-benjamin-netanyahu-da-un-terrorista\\\/\",\"url\":\"https:\\\/\\\/nuovi-lavori.it\\\/index.php\\\/cosa-distingue-benjamin-netanyahu-da-un-terrorista\\\/\",\"name\":\"Cosa distingue Benjamin Netanyahu da un\u00a0terrorista? - Nuovi Lavori\",\"isPartOf\":{\"@id\":\"https:\\\/\\\/nuovi-lavori.it\\\/#website\"},\"primaryImageOfPage\":{\"@id\":\"https:\\\/\\\/nuovi-lavori.it\\\/index.php\\\/cosa-distingue-benjamin-netanyahu-da-un-terrorista\\\/#primaryimage\"},\"image\":{\"@id\":\"https:\\\/\\\/nuovi-lavori.it\\\/index.php\\\/cosa-distingue-benjamin-netanyahu-da-un-terrorista\\\/#primaryimage\"},\"thumbnailUrl\":\"https:\\\/\\\/nuovi-lavori.it\\\/wp-content\\\/uploads\\\/2025\\\/09\\\/comeun.jpg\",\"datePublished\":\"2025-09-29T18:53:37+00:00\",\"dateModified\":\"2025-09-30T16:29:13+00:00\",\"breadcrumb\":{\"@id\":\"https:\\\/\\\/nuovi-lavori.it\\\/index.php\\\/cosa-distingue-benjamin-netanyahu-da-un-terrorista\\\/#breadcrumb\"},\"inLanguage\":\"it-IT\",\"potentialAction\":[{\"@type\":\"ReadAction\",\"target\":[\"https:\\\/\\\/nuovi-lavori.it\\\/index.php\\\/cosa-distingue-benjamin-netanyahu-da-un-terrorista\\\/\"]}]},{\"@type\":\"ImageObject\",\"inLanguage\":\"it-IT\",\"@id\":\"https:\\\/\\\/nuovi-lavori.it\\\/index.php\\\/cosa-distingue-benjamin-netanyahu-da-un-terrorista\\\/#primaryimage\",\"url\":\"https:\\\/\\\/nuovi-lavori.it\\\/wp-content\\\/uploads\\\/2025\\\/09\\\/comeun.jpg\",\"contentUrl\":\"https:\\\/\\\/nuovi-lavori.it\\\/wp-content\\\/uploads\\\/2025\\\/09\\\/comeun.jpg\",\"width\":495,\"height\":345,\"caption\":\"Screenshot\"},{\"@type\":\"BreadcrumbList\",\"@id\":\"https:\\\/\\\/nuovi-lavori.it\\\/index.php\\\/cosa-distingue-benjamin-netanyahu-da-un-terrorista\\\/#breadcrumb\",\"itemListElement\":[{\"@type\":\"ListItem\",\"position\":1,\"name\":\"Home\",\"item\":\"https:\\\/\\\/nuovi-lavori.it\\\/\"},{\"@type\":\"ListItem\",\"position\":2,\"name\":\"Newsletter\",\"item\":\"https:\\\/\\\/nuovi-lavori.it\\\/index.php\\\/category\\\/newsletter\\\/\"},{\"@type\":\"ListItem\",\"position\":3,\"name\":\"Cosa distingue Benjamin Netanyahu da un\u00a0terrorista?\"}]},{\"@type\":\"WebSite\",\"@id\":\"https:\\\/\\\/nuovi-lavori.it\\\/#website\",\"url\":\"https:\\\/\\\/nuovi-lavori.it\\\/\",\"name\":\"Nuovi Lavori\",\"description\":\"\",\"publisher\":{\"@id\":\"https:\\\/\\\/nuovi-lavori.it\\\/#organization\"},\"potentialAction\":[{\"@type\":\"SearchAction\",\"target\":{\"@type\":\"EntryPoint\",\"urlTemplate\":\"https:\\\/\\\/nuovi-lavori.it\\\/?s={search_term_string}\"},\"query-input\":{\"@type\":\"PropertyValueSpecification\",\"valueRequired\":true,\"valueName\":\"search_term_string\"}}],\"inLanguage\":\"it-IT\"},{\"@type\":\"Organization\",\"@id\":\"https:\\\/\\\/nuovi-lavori.it\\\/#organization\",\"name\":\"Nuovi Lavori\",\"url\":\"https:\\\/\\\/nuovi-lavori.it\\\/\",\"logo\":{\"@type\":\"ImageObject\",\"inLanguage\":\"it-IT\",\"@id\":\"https:\\\/\\\/nuovi-lavori.it\\\/#\\\/schema\\\/logo\\\/image\\\/\",\"url\":\"http:\\\/\\\/5.249.146.118\\\/wp-content\\\/uploads\\\/2013\\\/11\\\/images_logonl.jpg\",\"contentUrl\":\"http:\\\/\\\/5.249.146.118\\\/wp-content\\\/uploads\\\/2013\\\/11\\\/images_logonl.jpg\",\"width\":400,\"height\":327,\"caption\":\"Nuovi Lavori\"},\"image\":{\"@id\":\"https:\\\/\\\/nuovi-lavori.it\\\/#\\\/schema\\\/logo\\\/image\\\/\"},\"sameAs\":[\"https:\\\/\\\/www.youtube.com\\\/user\\\/newsletteranl\"]},{\"@type\":\"Person\",\"@id\":\"https:\\\/\\\/nuovi-lavori.it\\\/#\\\/schema\\\/person\\\/7d597f42e33e554cf817ae13db42318d\",\"name\":\"Manlio Vendittelli\",\"image\":{\"@type\":\"ImageObject\",\"inLanguage\":\"it-IT\",\"@id\":\"https:\\\/\\\/secure.gravatar.com\\\/avatar\\\/1fbffc6e60162988be9fc7e2b55f700528165dcff2047d0be30c4cc45e107117?s=96&d=mm&r=g\",\"url\":\"https:\\\/\\\/secure.gravatar.com\\\/avatar\\\/1fbffc6e60162988be9fc7e2b55f700528165dcff2047d0be30c4cc45e107117?s=96&d=mm&r=g\",\"contentUrl\":\"https:\\\/\\\/secure.gravatar.com\\\/avatar\\\/1fbffc6e60162988be9fc7e2b55f700528165dcff2047d0be30c4cc45e107117?s=96&d=mm&r=g\",\"caption\":\"Manlio Vendittelli\"},\"url\":\"https:\\\/\\\/nuovi-lavori.it\\\/index.php\\\/author\\\/manlio-vendittelli\\\/\"}]}<\/script>\n<!-- \/ Yoast SEO plugin. -->","yoast_head_json":{"title":"Cosa distingue Benjamin Netanyahu da un\u00a0terrorista? - Nuovi Lavori","robots":{"index":"index","follow":"follow","max-snippet":"max-snippet:-1","max-image-preview":"max-image-preview:large","max-video-preview":"max-video-preview:-1"},"canonical":"https:\/\/nuovi-lavori.it\/index.php\/cosa-distingue-benjamin-netanyahu-da-un-terrorista\/","og_locale":"it_IT","og_type":"article","og_title":"Cosa distingue Benjamin Netanyahu da un\u00a0terrorista? - Nuovi Lavori","og_description":"\u00c8&nbsp;terrorista chiunque uccida&nbsp;deliberatamente&nbsp;bambini,&nbsp;donne e uomini&nbsp;\u201ccivili\u201d&nbsp;in un\u2019azione di guerra compiuta da propri soldati regolari e\/o militanti e soldati irregolari. Questo \u00e8 quanto \u00e8&nbsp;stato compiuto da&nbsp;Hamas, questo \u00e8 quanto sta&nbsp;compiendo&nbsp;da due anni il governo Netanyahu&nbsp;con&nbsp;l\u2019esercito regolare israeliano. Due colpe non fanno una ragione: restano due colpe differenti e autonome&nbsp;in&nbsp;cui le responsabilit\u00e0 sono dirette&nbsp;e non giustificabili attraverso propriet\u00e0 [&hellip;]","og_url":"https:\/\/nuovi-lavori.it\/index.php\/cosa-distingue-benjamin-netanyahu-da-un-terrorista\/","og_site_name":"Nuovi Lavori","article_published_time":"2025-09-29T18:53:37+00:00","article_modified_time":"2025-09-30T16:29:13+00:00","og_image":[{"width":495,"height":345,"url":"https:\/\/nuovi-lavori.it\/wp-content\/uploads\/2025\/09\/comeun.jpg","type":"image\/jpeg"}],"author":"Manlio Vendittelli","twitter_card":"summary_large_image","twitter_misc":{"Scritto da":"Manlio Vendittelli","Tempo di lettura stimato":"4 minuti"},"schema":{"@context":"https:\/\/schema.org","@graph":[{"@type":"Article","@id":"https:\/\/nuovi-lavori.it\/index.php\/cosa-distingue-benjamin-netanyahu-da-un-terrorista\/#article","isPartOf":{"@id":"https:\/\/nuovi-lavori.it\/index.php\/cosa-distingue-benjamin-netanyahu-da-un-terrorista\/"},"author":{"name":"Manlio Vendittelli","@id":"https:\/\/nuovi-lavori.it\/#\/schema\/person\/7d597f42e33e554cf817ae13db42318d"},"headline":"Cosa distingue Benjamin Netanyahu da un\u00a0terrorista?","datePublished":"2025-09-29T18:53:37+00:00","dateModified":"2025-09-30T16:29:13+00:00","mainEntityOfPage":{"@id":"https:\/\/nuovi-lavori.it\/index.php\/cosa-distingue-benjamin-netanyahu-da-un-terrorista\/"},"wordCount":732,"publisher":{"@id":"https:\/\/nuovi-lavori.it\/#organization"},"image":{"@id":"https:\/\/nuovi-lavori.it\/index.php\/cosa-distingue-benjamin-netanyahu-da-un-terrorista\/#primaryimage"},"thumbnailUrl":"https:\/\/nuovi-lavori.it\/wp-content\/uploads\/2025\/09\/comeun.jpg","articleSection":["Newsletter"],"inLanguage":"it-IT"},{"@type":"WebPage","@id":"https:\/\/nuovi-lavori.it\/index.php\/cosa-distingue-benjamin-netanyahu-da-un-terrorista\/","url":"https:\/\/nuovi-lavori.it\/index.php\/cosa-distingue-benjamin-netanyahu-da-un-terrorista\/","name":"Cosa distingue Benjamin Netanyahu da un\u00a0terrorista? - Nuovi Lavori","isPartOf":{"@id":"https:\/\/nuovi-lavori.it\/#website"},"primaryImageOfPage":{"@id":"https:\/\/nuovi-lavori.it\/index.php\/cosa-distingue-benjamin-netanyahu-da-un-terrorista\/#primaryimage"},"image":{"@id":"https:\/\/nuovi-lavori.it\/index.php\/cosa-distingue-benjamin-netanyahu-da-un-terrorista\/#primaryimage"},"thumbnailUrl":"https:\/\/nuovi-lavori.it\/wp-content\/uploads\/2025\/09\/comeun.jpg","datePublished":"2025-09-29T18:53:37+00:00","dateModified":"2025-09-30T16:29:13+00:00","breadcrumb":{"@id":"https:\/\/nuovi-lavori.it\/index.php\/cosa-distingue-benjamin-netanyahu-da-un-terrorista\/#breadcrumb"},"inLanguage":"it-IT","potentialAction":[{"@type":"ReadAction","target":["https:\/\/nuovi-lavori.it\/index.php\/cosa-distingue-benjamin-netanyahu-da-un-terrorista\/"]}]},{"@type":"ImageObject","inLanguage":"it-IT","@id":"https:\/\/nuovi-lavori.it\/index.php\/cosa-distingue-benjamin-netanyahu-da-un-terrorista\/#primaryimage","url":"https:\/\/nuovi-lavori.it\/wp-content\/uploads\/2025\/09\/comeun.jpg","contentUrl":"https:\/\/nuovi-lavori.it\/wp-content\/uploads\/2025\/09\/comeun.jpg","width":495,"height":345,"caption":"Screenshot"},{"@type":"BreadcrumbList","@id":"https:\/\/nuovi-lavori.it\/index.php\/cosa-distingue-benjamin-netanyahu-da-un-terrorista\/#breadcrumb","itemListElement":[{"@type":"ListItem","position":1,"name":"Home","item":"https:\/\/nuovi-lavori.it\/"},{"@type":"ListItem","position":2,"name":"Newsletter","item":"https:\/\/nuovi-lavori.it\/index.php\/category\/newsletter\/"},{"@type":"ListItem","position":3,"name":"Cosa distingue Benjamin Netanyahu da un\u00a0terrorista?"}]},{"@type":"WebSite","@id":"https:\/\/nuovi-lavori.it\/#website","url":"https:\/\/nuovi-lavori.it\/","name":"Nuovi Lavori","description":"","publisher":{"@id":"https:\/\/nuovi-lavori.it\/#organization"},"potentialAction":[{"@type":"SearchAction","target":{"@type":"EntryPoint","urlTemplate":"https:\/\/nuovi-lavori.it\/?s={search_term_string}"},"query-input":{"@type":"PropertyValueSpecification","valueRequired":true,"valueName":"search_term_string"}}],"inLanguage":"it-IT"},{"@type":"Organization","@id":"https:\/\/nuovi-lavori.it\/#organization","name":"Nuovi Lavori","url":"https:\/\/nuovi-lavori.it\/","logo":{"@type":"ImageObject","inLanguage":"it-IT","@id":"https:\/\/nuovi-lavori.it\/#\/schema\/logo\/image\/","url":"http:\/\/5.249.146.118\/wp-content\/uploads\/2013\/11\/images_logonl.jpg","contentUrl":"http:\/\/5.249.146.118\/wp-content\/uploads\/2013\/11\/images_logonl.jpg","width":400,"height":327,"caption":"Nuovi Lavori"},"image":{"@id":"https:\/\/nuovi-lavori.it\/#\/schema\/logo\/image\/"},"sameAs":["https:\/\/www.youtube.com\/user\/newsletteranl"]},{"@type":"Person","@id":"https:\/\/nuovi-lavori.it\/#\/schema\/person\/7d597f42e33e554cf817ae13db42318d","name":"Manlio Vendittelli","image":{"@type":"ImageObject","inLanguage":"it-IT","@id":"https:\/\/secure.gravatar.com\/avatar\/1fbffc6e60162988be9fc7e2b55f700528165dcff2047d0be30c4cc45e107117?s=96&d=mm&r=g","url":"https:\/\/secure.gravatar.com\/avatar\/1fbffc6e60162988be9fc7e2b55f700528165dcff2047d0be30c4cc45e107117?s=96&d=mm&r=g","contentUrl":"https:\/\/secure.gravatar.com\/avatar\/1fbffc6e60162988be9fc7e2b55f700528165dcff2047d0be30c4cc45e107117?s=96&d=mm&r=g","caption":"Manlio Vendittelli"},"url":"https:\/\/nuovi-lavori.it\/index.php\/author\/manlio-vendittelli\/"}]}},"_links":{"self":[{"href":"https:\/\/nuovi-lavori.it\/index.php\/wp-json\/wp\/v2\/posts\/22317","targetHints":{"allow":["GET"]}}],"collection":[{"href":"https:\/\/nuovi-lavori.it\/index.php\/wp-json\/wp\/v2\/posts"}],"about":[{"href":"https:\/\/nuovi-lavori.it\/index.php\/wp-json\/wp\/v2\/types\/post"}],"author":[{"embeddable":true,"href":"https:\/\/nuovi-lavori.it\/index.php\/wp-json\/wp\/v2\/users\/6355"}],"replies":[{"embeddable":true,"href":"https:\/\/nuovi-lavori.it\/index.php\/wp-json\/wp\/v2\/comments?post=22317"}],"version-history":[{"count":1,"href":"https:\/\/nuovi-lavori.it\/index.php\/wp-json\/wp\/v2\/posts\/22317\/revisions"}],"predecessor-version":[{"id":22318,"href":"https:\/\/nuovi-lavori.it\/index.php\/wp-json\/wp\/v2\/posts\/22317\/revisions\/22318"}],"wp:featuredmedia":[{"embeddable":true,"href":"https:\/\/nuovi-lavori.it\/index.php\/wp-json\/wp\/v2\/media\/22326"}],"wp:attachment":[{"href":"https:\/\/nuovi-lavori.it\/index.php\/wp-json\/wp\/v2\/media?parent=22317"}],"wp:term":[{"taxonomy":"category","embeddable":true,"href":"https:\/\/nuovi-lavori.it\/index.php\/wp-json\/wp\/v2\/categories?post=22317"},{"taxonomy":"post_tag","embeddable":true,"href":"https:\/\/nuovi-lavori.it\/index.php\/wp-json\/wp\/v2\/tags?post=22317"}],"curies":[{"name":"wp","href":"https:\/\/api.w.org\/{rel}","templated":true}]}}