{"id":22321,"date":"2025-09-29T20:55:26","date_gmt":"2025-09-29T18:55:26","guid":{"rendered":"https:\/\/nuovi-lavori.it\/?p=22321"},"modified":"2025-09-30T18:39:32","modified_gmt":"2025-09-30T16:39:32","slug":"per-uneuropa-leader-della-pace","status":"publish","type":"post","link":"https:\/\/nuovi-lavori.it\/index.php\/per-uneuropa-leader-della-pace\/","title":{"rendered":"Per un&#8217; Europa leader della pace"},"content":{"rendered":"\n<p>Nel mondo ci sono 64 conflitti armati. Riguardano in molti casi guerre intestine, ma che hanno spesso sullo sfondo collegamenti internazionali ben precisi. Altre sono guerre in cui sono ben identificati gli invasori e gli invasi. Poi ci sono quella a noi vicina, in Ucraina che grida vendetta per il cinismo con cui \u00e8 condotta dalla Russia e quella pi\u00f9 impensabile fino a poco tempo fa in Palestina, dove in gioco non c\u2019\u00e8 solo la difesa di un territorio ma la sopravvivenza di un\u2019etnia. Entrambe molto preoccupanti e cariche di incognite, innanzitutto per l\u2019Europa.<\/p>\n\n\n\n<p>Per\u00f2, nonostante ci siano voci sempre pi\u00f9 autorevoli, allarmate dall\u2019avvicinarsi del rischio di una guerra pi\u00f9 estesa in Europa, indotta dalla solita Russia, l\u2019opinione pubblica italiana ma anche europea sembra essere indifferente o sconcertata. Siamo da 80 anni in pace; a partire dalla mia, le generazioni successive hanno una cognizione libresca o cinematografica della guerra in casa. Se si sono mobilitate \u00e8 per guerre lontane, nel Vietnam, in Iran, nell\u2019ex Jugoslavia. Ora per l\u2019Ucraina e la Palestina.&nbsp;<\/p>\n\n\n\n<p>Mai preso, finora, in seria considerazione che potesse riguardare l\u2019intera Europa. Ma Mattarella, che non parla mai a vanvera, non perde occasione per indicare il rischio di \u201cbaratro\u201d in cui potremmo precipitare se non agiamo ora, per tempo, introducendo anticorpi sufficienti a indebolire prima ed escludere poi che il \u201cbellicidio\u201d diventi necessit\u00e0.<\/p>\n\n\n\n<p>Tusck, premier polacco, alla Conferenza di Varsavia del 29 settembre ha detto esplicitamente che \u201cc\u2019\u00e8 la guerra, una guerra non voluta, a tratti strana, di nuovo tipo, ma pur sempre guerra\u201d.<\/p>\n\n\n\n<p>Un uomo di cultura giuridico-costituzionale come Gustavo Zagrebelsky alla domanda del direttore del quotidiani La Stampa Andrea Malaguti \u201csiamo destinati alla guerra?\u201d ha risposto \u201cla prospettiva c\u2019\u00e8. C\u2019\u00e8 addirittura chi ne fa l\u2019elogio e la considera inevitabile perch\u00e9 c\u2019\u00e8 sempre stata\u201d (La Stampa, 28\/09).&nbsp;<\/p>\n\n\n\n<p>Sul piano economico, c\u2019\u00e8 un costante arretramento degli investimenti green nel mondo a favore di quelli negli armamenti. Disinvoltamente, il Ministro Urso, ai tavoli di crisi del manifatturiero italiano, presenta sempre come ipotesi di riconversione produttiva quella di produrre armi e munizioni, per altro di vecchio stampo.<\/p>\n\n\n\n<p>Sul piano sociale, in questi giorni, gira la notizia che il finanziamento del programma GOL dell\u2019Unione Europea, destinato alla formazione delle nuove leve del lavoro, verr\u00e0 eliminato. Le risorse sarebbero destinate a ingrossare la dote per il riarmo comunitario oltre alle risorse che ogni Stato dell\u2019Unione si \u00e8 impegnato ad incrementare per il finanziamento della Nato.&nbsp;<\/p>\n\n\n\n<p>Come si sa, molti indizi fanno una realt\u00e0, ma la gente non ne \u00e8 ancora pienamente consapevole. Tutti i soggetti istituzionali, politici e sociali dovrebbero porsi il problema. Se una guerra, che potrebbe diventare mondiale si far\u00e0, questa sar\u00e0 in Europa. Restiamo il teatro pi\u00f9 instabile e pi\u00f9 ghiotto per tutti quelli che immaginano un mondo eterodiretto da poche grandi potenze militari, economiche e politiche. Nessun Paese europeo \u00e8 annoverabile come tale. Allo stato, tutti i Paesi europei messi insieme sono soltanto un grande mercato di consumatori, ma non di produttori post industriali e per di pi\u00f9 militarmente non autosufficienti.&nbsp;<\/p>\n\n\n\n<p>C\u2019\u00e8 quindi la necessit\u00e0 di orientare l\u2019opinione pubblica sulla necessit\u00e0 ineludibile di non farsi trascinare in una situazione di drammatica sconfitta della propria cultura solidaristica e democratica; quella che ha consentito, ben oltre l\u2019Europa, di far crescere un mondo con pi\u00f9 benessere materiale ma anche con una visione sociale pi\u00f9 umanistica emblematicamente rappresentata dal Welfare State.<\/p>\n\n\n\n<p>Ma va detto che non basta diventare pi\u00f9 autonomi militarmente. Certo, ci vuole un esercito europeo vero, frutto di un concreto coordinamento degli investimenti, della integrazione produttiva (ci sono 26 modelli di carri armati in Europa, pochi missili e aerei autoctoni, in fatto di droni l\u2019Ucraina \u00e8 la pi\u00f9 attrezzata, non abbiamo un sistema di scudo spaziale), della riqualificazione e ringiovanimento delle forze armate (l\u2019et\u00e0 media dell\u2019esercito italiano \u00e8 di 50 anni, parola del ministro Crosetto). Se ci si ferma a questa urgenza, la gente non capir\u00e0 la vera portata della svolta che si sta chiedendo di fare.<\/p>\n\n\n\n<p>L\u2019Europa deve avere un progetto pi\u00f9 robusto per farsi capire, riempiendo di contenuti strategici quattro fronti. Senza consistenza seria del progetto, si rischia di ingrossare le file di chi sostiene che \u00e8 meglio chiudersi in s\u00e9 stessi, in nome di una sovranit\u00e0 nazionale da quattro soldi e chi \u00e8 pacifista nel senso che vuole starsene in pace.&nbsp;<\/p>\n\n\n\n<p>Il primo fronte \u00e8 appunto, quello della pace. La deterrenza garantita da un crescendo di armamenti non \u00e8 pi\u00f9 una difesa contro la guerra. Questa ormai si fa con una cassetta degli attrezzi enormemente pi\u00f9 sofisticata. Non si combatte pi\u00f9 solo per mare, per cielo, per terra ma anche nello spazio, con il dominio della conoscenza e dell\u2019informazione. Ci vuole una visione meno tradizionale e pi\u00f9 complessa.&nbsp; L\u2019Europa deve dimostrare che vuole essere in pace con tutti. Per questo deve proporre una nuova \u201cConferenza di Helsinki\u201d che abbia come obiettivo principale quello di creare una diversa Nato che preveda la partecipazione di tutti gli Stati possessori di armi nucleari e cybernetiche. Soltanto cos\u00ec si pu\u00f2 assicurare al mondo intero che la prevenzione dei conflitti sia l\u2019unica, vera modalit\u00e0 per assicurare la pace.<\/p>\n\n\n\n<p>Il secondo fronte \u00e8 quello della qualit\u00e0 dello sviluppo e dell\u2019autonomia continentale sulle nuove tecnologie. L\u2019Europa \u00e8 nella stessa condizione dell\u2019Italia degli anni 50, quando decise di restare amica degli Stati Uniti ma non subalterna. Fondando l\u2019ENI, apr\u00ec l\u2019offensiva contro le 7 Sorelle petrolifere americane che volevano assolutamente essere le uniche fornitrici di petrolio nel nostro Paese. L\u2019Europa deve avere un grande produttore di tecnologie digitali, perch\u00e9 non basta una buona regolamentazione sull\u2019uso dei social e delle banche dati. Non bisogna correre il rischio che un Musk possa mettere in ginocchio l\u2019economia europea e con essa la stessa democrazia, decidendo a suo piacere di staccare la spina alle sue piattaforme digitali.<\/p>\n\n\n\n<p>Il terzo, riguarda il futuro del Welfare State. Da esso dipendono le tendenze demografiche di lungo periodo, la qualit\u00e0 della formazione continua per il lavoro, la tutela della salute delle persone, ma soprattutto la natura pubblica e universalistica di queste erogazioni. Occorrono scelte lungimiranti che non possono essere delegate ai singoli Stati. Come occorre accompagnare la loro innovazione e potenziamento con finanziamenti adeguati. In presenza di Stati indebitati pi\u00f9 o meno consistentemente, soltanto la UE \u00e8 in grado di sostenere questo obiettivo di civilt\u00e0.<\/p>\n\n\n\n<p>Un quarto fronte \u00e8 caratterizzato da un rafforzato impegno alla promozione e difesa della democrazia nel mondo, alla trasversalit\u00e0 di questo obiettivo strategico nelle politiche commerciali, economiche di sviluppo e di difesa.&nbsp; La UE dovrebbe attivamente lavorare per sostenere le organizzazioni democratiche che lavorano per promuovere questo obiettivo, superando gli ostacoli burocratici in atto. La democrazia non si esporta, ma pu\u00f2 essere alimentata da progetti di lunga lena, costruiti in collaborazione stretta con i Paesi individuati e competenze professionali non predatorie.&nbsp;<\/p>\n\n\n\n<p>Questi quattro fronti vanno considerati il minimo sindacale per rendere concreta la prospettiva di un\u2019Europa effettivamente unita e far diventare comprensibile la necessit\u00e0 di abbandonare la regola dell\u2019unanimit\u00e0 delle decisioni. Un\u2019Europa che vuole vivere in pace con tutti e non considera inevitabile essere trascinata in guerra.&nbsp;<\/p>\n\n\n\n<p><\/p>\n","protected":false},"excerpt":{"rendered":"<p>Nel mondo ci sono 64 conflitti armati. Riguardano in molti casi guerre intestine, ma che hanno spesso sullo sfondo collegamenti internazionali ben precisi. Altre sono guerre in cui sono ben identificati gli invasori e gli invasi. Poi ci sono quella a noi vicina, in Ucraina che grida vendetta per il cinismo con cui \u00e8 condotta [&hellip;]<\/p>\n","protected":false},"author":6341,"featured_media":22344,"comment_status":"closed","ping_status":"closed","sticky":false,"template":"","format":"standard","meta":{"footnotes":""},"categories":[9],"tags":[],"class_list":["post-22321","post","type-post","status-publish","format-standard","has-post-thumbnail","hentry","category-newsletter"],"yoast_head":"<!-- This site is optimized with the Yoast SEO plugin v27.5 - https:\/\/yoast.com\/product\/yoast-seo-wordpress\/ -->\n<title>Per un&#039; Europa leader della pace - Nuovi Lavori<\/title>\n<meta name=\"robots\" content=\"index, follow, max-snippet:-1, max-image-preview:large, max-video-preview:-1\" \/>\n<link rel=\"canonical\" href=\"https:\/\/nuovi-lavori.it\/index.php\/per-uneuropa-leader-della-pace\/\" \/>\n<meta property=\"og:locale\" content=\"it_IT\" \/>\n<meta property=\"og:type\" content=\"article\" \/>\n<meta property=\"og:title\" content=\"Per un&#039; Europa leader della pace - Nuovi Lavori\" \/>\n<meta property=\"og:description\" content=\"Nel mondo ci sono 64 conflitti armati. Riguardano in molti casi guerre intestine, ma che hanno spesso sullo sfondo collegamenti internazionali ben precisi. Altre sono guerre in cui sono ben identificati gli invasori e gli invasi. Poi ci sono quella a noi vicina, in Ucraina che grida vendetta per il cinismo con cui \u00e8 condotta [&hellip;]\" \/>\n<meta property=\"og:url\" content=\"https:\/\/nuovi-lavori.it\/index.php\/per-uneuropa-leader-della-pace\/\" \/>\n<meta property=\"og:site_name\" content=\"Nuovi Lavori\" \/>\n<meta property=\"article:published_time\" content=\"2025-09-29T18:55:26+00:00\" \/>\n<meta property=\"article:modified_time\" content=\"2025-09-30T16:39:32+00:00\" \/>\n<meta property=\"og:image\" content=\"https:\/\/nuovi-lavori.it\/wp-content\/uploads\/2025\/09\/64conflittiarmati.jpg\" \/>\n\t<meta property=\"og:image:width\" content=\"815\" \/>\n\t<meta property=\"og:image:height\" content=\"578\" \/>\n\t<meta property=\"og:image:type\" content=\"image\/jpeg\" \/>\n<meta name=\"author\" content=\"Raffaele Morese\" \/>\n<meta name=\"twitter:card\" content=\"summary_large_image\" \/>\n<meta name=\"twitter:label1\" content=\"Scritto da\" \/>\n\t<meta name=\"twitter:data1\" content=\"Raffaele Morese\" \/>\n\t<meta name=\"twitter:label2\" content=\"Tempo di lettura stimato\" \/>\n\t<meta name=\"twitter:data2\" content=\"7 minuti\" \/>\n<script type=\"application\/ld+json\" class=\"yoast-schema-graph\">{\"@context\":\"https:\\\/\\\/schema.org\",\"@graph\":[{\"@type\":\"Article\",\"@id\":\"https:\\\/\\\/nuovi-lavori.it\\\/index.php\\\/per-uneuropa-leader-della-pace\\\/#article\",\"isPartOf\":{\"@id\":\"https:\\\/\\\/nuovi-lavori.it\\\/index.php\\\/per-uneuropa-leader-della-pace\\\/\"},\"author\":{\"name\":\"Raffaele Morese\",\"@id\":\"https:\\\/\\\/nuovi-lavori.it\\\/#\\\/schema\\\/person\\\/4768859afb8ce507df626060d213b701\"},\"headline\":\"Per un&#8217; Europa leader della pace\",\"datePublished\":\"2025-09-29T18:55:26+00:00\",\"dateModified\":\"2025-09-30T16:39:32+00:00\",\"mainEntityOfPage\":{\"@id\":\"https:\\\/\\\/nuovi-lavori.it\\\/index.php\\\/per-uneuropa-leader-della-pace\\\/\"},\"wordCount\":1188,\"publisher\":{\"@id\":\"https:\\\/\\\/nuovi-lavori.it\\\/#organization\"},\"image\":{\"@id\":\"https:\\\/\\\/nuovi-lavori.it\\\/index.php\\\/per-uneuropa-leader-della-pace\\\/#primaryimage\"},\"thumbnailUrl\":\"https:\\\/\\\/nuovi-lavori.it\\\/wp-content\\\/uploads\\\/2025\\\/09\\\/64conflittiarmati.jpg\",\"articleSection\":[\"Newsletter\"],\"inLanguage\":\"it-IT\"},{\"@type\":\"WebPage\",\"@id\":\"https:\\\/\\\/nuovi-lavori.it\\\/index.php\\\/per-uneuropa-leader-della-pace\\\/\",\"url\":\"https:\\\/\\\/nuovi-lavori.it\\\/index.php\\\/per-uneuropa-leader-della-pace\\\/\",\"name\":\"Per un' Europa leader della pace - Nuovi Lavori\",\"isPartOf\":{\"@id\":\"https:\\\/\\\/nuovi-lavori.it\\\/#website\"},\"primaryImageOfPage\":{\"@id\":\"https:\\\/\\\/nuovi-lavori.it\\\/index.php\\\/per-uneuropa-leader-della-pace\\\/#primaryimage\"},\"image\":{\"@id\":\"https:\\\/\\\/nuovi-lavori.it\\\/index.php\\\/per-uneuropa-leader-della-pace\\\/#primaryimage\"},\"thumbnailUrl\":\"https:\\\/\\\/nuovi-lavori.it\\\/wp-content\\\/uploads\\\/2025\\\/09\\\/64conflittiarmati.jpg\",\"datePublished\":\"2025-09-29T18:55:26+00:00\",\"dateModified\":\"2025-09-30T16:39:32+00:00\",\"breadcrumb\":{\"@id\":\"https:\\\/\\\/nuovi-lavori.it\\\/index.php\\\/per-uneuropa-leader-della-pace\\\/#breadcrumb\"},\"inLanguage\":\"it-IT\",\"potentialAction\":[{\"@type\":\"ReadAction\",\"target\":[\"https:\\\/\\\/nuovi-lavori.it\\\/index.php\\\/per-uneuropa-leader-della-pace\\\/\"]}]},{\"@type\":\"ImageObject\",\"inLanguage\":\"it-IT\",\"@id\":\"https:\\\/\\\/nuovi-lavori.it\\\/index.php\\\/per-uneuropa-leader-della-pace\\\/#primaryimage\",\"url\":\"https:\\\/\\\/nuovi-lavori.it\\\/wp-content\\\/uploads\\\/2025\\\/09\\\/64conflittiarmati.jpg\",\"contentUrl\":\"https:\\\/\\\/nuovi-lavori.it\\\/wp-content\\\/uploads\\\/2025\\\/09\\\/64conflittiarmati.jpg\",\"width\":815,\"height\":578,\"caption\":\"Screenshot\"},{\"@type\":\"BreadcrumbList\",\"@id\":\"https:\\\/\\\/nuovi-lavori.it\\\/index.php\\\/per-uneuropa-leader-della-pace\\\/#breadcrumb\",\"itemListElement\":[{\"@type\":\"ListItem\",\"position\":1,\"name\":\"Home\",\"item\":\"https:\\\/\\\/nuovi-lavori.it\\\/\"},{\"@type\":\"ListItem\",\"position\":2,\"name\":\"Newsletter\",\"item\":\"https:\\\/\\\/nuovi-lavori.it\\\/index.php\\\/category\\\/newsletter\\\/\"},{\"@type\":\"ListItem\",\"position\":3,\"name\":\"Per un&#8217; Europa leader della pace\"}]},{\"@type\":\"WebSite\",\"@id\":\"https:\\\/\\\/nuovi-lavori.it\\\/#website\",\"url\":\"https:\\\/\\\/nuovi-lavori.it\\\/\",\"name\":\"Nuovi Lavori\",\"description\":\"\",\"publisher\":{\"@id\":\"https:\\\/\\\/nuovi-lavori.it\\\/#organization\"},\"potentialAction\":[{\"@type\":\"SearchAction\",\"target\":{\"@type\":\"EntryPoint\",\"urlTemplate\":\"https:\\\/\\\/nuovi-lavori.it\\\/?s={search_term_string}\"},\"query-input\":{\"@type\":\"PropertyValueSpecification\",\"valueRequired\":true,\"valueName\":\"search_term_string\"}}],\"inLanguage\":\"it-IT\"},{\"@type\":\"Organization\",\"@id\":\"https:\\\/\\\/nuovi-lavori.it\\\/#organization\",\"name\":\"Nuovi Lavori\",\"url\":\"https:\\\/\\\/nuovi-lavori.it\\\/\",\"logo\":{\"@type\":\"ImageObject\",\"inLanguage\":\"it-IT\",\"@id\":\"https:\\\/\\\/nuovi-lavori.it\\\/#\\\/schema\\\/logo\\\/image\\\/\",\"url\":\"http:\\\/\\\/5.249.146.118\\\/wp-content\\\/uploads\\\/2013\\\/11\\\/images_logonl.jpg\",\"contentUrl\":\"http:\\\/\\\/5.249.146.118\\\/wp-content\\\/uploads\\\/2013\\\/11\\\/images_logonl.jpg\",\"width\":400,\"height\":327,\"caption\":\"Nuovi Lavori\"},\"image\":{\"@id\":\"https:\\\/\\\/nuovi-lavori.it\\\/#\\\/schema\\\/logo\\\/image\\\/\"},\"sameAs\":[\"https:\\\/\\\/www.youtube.com\\\/user\\\/newsletteranl\"]},{\"@type\":\"Person\",\"@id\":\"https:\\\/\\\/nuovi-lavori.it\\\/#\\\/schema\\\/person\\\/4768859afb8ce507df626060d213b701\",\"name\":\"Raffaele Morese\",\"image\":{\"@type\":\"ImageObject\",\"inLanguage\":\"it-IT\",\"@id\":\"https:\\\/\\\/secure.gravatar.com\\\/avatar\\\/c9e93dd33a56fe3d005bd3f6c40cb88951704b941daa4f4dd789da460905d0d7?s=96&d=mm&r=g\",\"url\":\"https:\\\/\\\/secure.gravatar.com\\\/avatar\\\/c9e93dd33a56fe3d005bd3f6c40cb88951704b941daa4f4dd789da460905d0d7?s=96&d=mm&r=g\",\"contentUrl\":\"https:\\\/\\\/secure.gravatar.com\\\/avatar\\\/c9e93dd33a56fe3d005bd3f6c40cb88951704b941daa4f4dd789da460905d0d7?s=96&d=mm&r=g\",\"caption\":\"Raffaele Morese\"},\"description\":\"Laureato in economia e commercio all'Universit\u00e0 Cattolica di Milano. Nel 1966 \u00e8 responsabile dell'Ufficio Studi e Marketing della Rinascente S.p.A., nel 1967 entra all\u2019Ufficio Studi della CISL. Nel 1969 avvia la sua attivit\u00e0 sindacale come operatore nella Fim-Cisl nazionale, di cui diviene segretario nazionale nel 1975, ricoprendo la responsabilit\u00e0 di vari settori (elettromeccanica, informatica, siderurgia, e infine auto e trasporti) e assumendo il coordinamento delle politiche sindacali. Nel 1983 succede a Franco Bentivogli come segretario generale della Fim-Cisl e nel 1989 passa alla segreteria nazionale della confederazione, di cui diviene segretario generale aggiunto, in coppia con Sergio D'Antoni segretario generale. Nel 1998 si conclude la sua esperienza sindacale e si apre una fase di impegno politico nelle file del centro-sinistra. Dal 1998 al 2001 \u00e8 Sottosegretario con delega al Ministero del Lavoro. Dal 2002 al 2009 \u00e8 stato presidente di Trambus, la societ\u00e0 per azioni del Comune di Roma che gestisce la maggior parte del trasporto pubblico di Roma. Dal 2004 al 2009 \u00e8 stato presidente di Confservizi, la confederazione nazionale che rappresenta le aziende e gli enti che gestiscono i Servizi Pubblici Locali. Morese \u00e8 stato inoltre Consigliere del Consiglio Nazionale dell'Economia e del Lavoro (CNEL) nella IV Consiliatura, e nel 2005 \u00e8 stato nominato presidente della Commissione per le grandi opere e le reti infrastrutturali, per le politiche energetiche e i servizi di rete. Dal 1996 al 2009 \u00e8 stato Presidente di Intersos, la pi\u00f9 grande ONG italiana per l\u2019intervento umanitario nelle situazioni di guerra, di calamit\u00e0 naturali, di epidemie. Ha inoltre collaborato con numerosi quotidiani e settimanali, quali Sette giorni, Mondo Operaio, Il Popolo, Il Nuovo e L\u2019Europa, ed \u00e8 autore di diverse pubblicazioni sul mondo del lavoro, come Lavorare meno, lavorare tutti, Le Frontiere della partecipazione, Contare fino a uno e Ridistribuire il lavoro. Attualmente \u00e8 Segretario Generale di \\\"Nuovi Lavori\\\" (NL) e Presidente del think tank Koin\u00e8.\",\"url\":\"https:\\\/\\\/nuovi-lavori.it\\\/index.php\\\/author\\\/raffaele-morese\\\/\"}]}<\/script>\n<!-- \/ Yoast SEO plugin. -->","yoast_head_json":{"title":"Per un' Europa leader della pace - Nuovi Lavori","robots":{"index":"index","follow":"follow","max-snippet":"max-snippet:-1","max-image-preview":"max-image-preview:large","max-video-preview":"max-video-preview:-1"},"canonical":"https:\/\/nuovi-lavori.it\/index.php\/per-uneuropa-leader-della-pace\/","og_locale":"it_IT","og_type":"article","og_title":"Per un' Europa leader della pace - Nuovi Lavori","og_description":"Nel mondo ci sono 64 conflitti armati. Riguardano in molti casi guerre intestine, ma che hanno spesso sullo sfondo collegamenti internazionali ben precisi. Altre sono guerre in cui sono ben identificati gli invasori e gli invasi. Poi ci sono quella a noi vicina, in Ucraina che grida vendetta per il cinismo con cui \u00e8 condotta [&hellip;]","og_url":"https:\/\/nuovi-lavori.it\/index.php\/per-uneuropa-leader-della-pace\/","og_site_name":"Nuovi Lavori","article_published_time":"2025-09-29T18:55:26+00:00","article_modified_time":"2025-09-30T16:39:32+00:00","og_image":[{"width":815,"height":578,"url":"https:\/\/nuovi-lavori.it\/wp-content\/uploads\/2025\/09\/64conflittiarmati.jpg","type":"image\/jpeg"}],"author":"Raffaele Morese","twitter_card":"summary_large_image","twitter_misc":{"Scritto da":"Raffaele Morese","Tempo di lettura stimato":"7 minuti"},"schema":{"@context":"https:\/\/schema.org","@graph":[{"@type":"Article","@id":"https:\/\/nuovi-lavori.it\/index.php\/per-uneuropa-leader-della-pace\/#article","isPartOf":{"@id":"https:\/\/nuovi-lavori.it\/index.php\/per-uneuropa-leader-della-pace\/"},"author":{"name":"Raffaele Morese","@id":"https:\/\/nuovi-lavori.it\/#\/schema\/person\/4768859afb8ce507df626060d213b701"},"headline":"Per un&#8217; Europa leader della pace","datePublished":"2025-09-29T18:55:26+00:00","dateModified":"2025-09-30T16:39:32+00:00","mainEntityOfPage":{"@id":"https:\/\/nuovi-lavori.it\/index.php\/per-uneuropa-leader-della-pace\/"},"wordCount":1188,"publisher":{"@id":"https:\/\/nuovi-lavori.it\/#organization"},"image":{"@id":"https:\/\/nuovi-lavori.it\/index.php\/per-uneuropa-leader-della-pace\/#primaryimage"},"thumbnailUrl":"https:\/\/nuovi-lavori.it\/wp-content\/uploads\/2025\/09\/64conflittiarmati.jpg","articleSection":["Newsletter"],"inLanguage":"it-IT"},{"@type":"WebPage","@id":"https:\/\/nuovi-lavori.it\/index.php\/per-uneuropa-leader-della-pace\/","url":"https:\/\/nuovi-lavori.it\/index.php\/per-uneuropa-leader-della-pace\/","name":"Per un' Europa leader della pace - Nuovi Lavori","isPartOf":{"@id":"https:\/\/nuovi-lavori.it\/#website"},"primaryImageOfPage":{"@id":"https:\/\/nuovi-lavori.it\/index.php\/per-uneuropa-leader-della-pace\/#primaryimage"},"image":{"@id":"https:\/\/nuovi-lavori.it\/index.php\/per-uneuropa-leader-della-pace\/#primaryimage"},"thumbnailUrl":"https:\/\/nuovi-lavori.it\/wp-content\/uploads\/2025\/09\/64conflittiarmati.jpg","datePublished":"2025-09-29T18:55:26+00:00","dateModified":"2025-09-30T16:39:32+00:00","breadcrumb":{"@id":"https:\/\/nuovi-lavori.it\/index.php\/per-uneuropa-leader-della-pace\/#breadcrumb"},"inLanguage":"it-IT","potentialAction":[{"@type":"ReadAction","target":["https:\/\/nuovi-lavori.it\/index.php\/per-uneuropa-leader-della-pace\/"]}]},{"@type":"ImageObject","inLanguage":"it-IT","@id":"https:\/\/nuovi-lavori.it\/index.php\/per-uneuropa-leader-della-pace\/#primaryimage","url":"https:\/\/nuovi-lavori.it\/wp-content\/uploads\/2025\/09\/64conflittiarmati.jpg","contentUrl":"https:\/\/nuovi-lavori.it\/wp-content\/uploads\/2025\/09\/64conflittiarmati.jpg","width":815,"height":578,"caption":"Screenshot"},{"@type":"BreadcrumbList","@id":"https:\/\/nuovi-lavori.it\/index.php\/per-uneuropa-leader-della-pace\/#breadcrumb","itemListElement":[{"@type":"ListItem","position":1,"name":"Home","item":"https:\/\/nuovi-lavori.it\/"},{"@type":"ListItem","position":2,"name":"Newsletter","item":"https:\/\/nuovi-lavori.it\/index.php\/category\/newsletter\/"},{"@type":"ListItem","position":3,"name":"Per un&#8217; Europa leader della pace"}]},{"@type":"WebSite","@id":"https:\/\/nuovi-lavori.it\/#website","url":"https:\/\/nuovi-lavori.it\/","name":"Nuovi Lavori","description":"","publisher":{"@id":"https:\/\/nuovi-lavori.it\/#organization"},"potentialAction":[{"@type":"SearchAction","target":{"@type":"EntryPoint","urlTemplate":"https:\/\/nuovi-lavori.it\/?s={search_term_string}"},"query-input":{"@type":"PropertyValueSpecification","valueRequired":true,"valueName":"search_term_string"}}],"inLanguage":"it-IT"},{"@type":"Organization","@id":"https:\/\/nuovi-lavori.it\/#organization","name":"Nuovi Lavori","url":"https:\/\/nuovi-lavori.it\/","logo":{"@type":"ImageObject","inLanguage":"it-IT","@id":"https:\/\/nuovi-lavori.it\/#\/schema\/logo\/image\/","url":"http:\/\/5.249.146.118\/wp-content\/uploads\/2013\/11\/images_logonl.jpg","contentUrl":"http:\/\/5.249.146.118\/wp-content\/uploads\/2013\/11\/images_logonl.jpg","width":400,"height":327,"caption":"Nuovi Lavori"},"image":{"@id":"https:\/\/nuovi-lavori.it\/#\/schema\/logo\/image\/"},"sameAs":["https:\/\/www.youtube.com\/user\/newsletteranl"]},{"@type":"Person","@id":"https:\/\/nuovi-lavori.it\/#\/schema\/person\/4768859afb8ce507df626060d213b701","name":"Raffaele Morese","image":{"@type":"ImageObject","inLanguage":"it-IT","@id":"https:\/\/secure.gravatar.com\/avatar\/c9e93dd33a56fe3d005bd3f6c40cb88951704b941daa4f4dd789da460905d0d7?s=96&d=mm&r=g","url":"https:\/\/secure.gravatar.com\/avatar\/c9e93dd33a56fe3d005bd3f6c40cb88951704b941daa4f4dd789da460905d0d7?s=96&d=mm&r=g","contentUrl":"https:\/\/secure.gravatar.com\/avatar\/c9e93dd33a56fe3d005bd3f6c40cb88951704b941daa4f4dd789da460905d0d7?s=96&d=mm&r=g","caption":"Raffaele Morese"},"description":"Laureato in economia e commercio all'Universit\u00e0 Cattolica di Milano. Nel 1966 \u00e8 responsabile dell'Ufficio Studi e Marketing della Rinascente S.p.A., nel 1967 entra all\u2019Ufficio Studi della CISL. Nel 1969 avvia la sua attivit\u00e0 sindacale come operatore nella Fim-Cisl nazionale, di cui diviene segretario nazionale nel 1975, ricoprendo la responsabilit\u00e0 di vari settori (elettromeccanica, informatica, siderurgia, e infine auto e trasporti) e assumendo il coordinamento delle politiche sindacali. Nel 1983 succede a Franco Bentivogli come segretario generale della Fim-Cisl e nel 1989 passa alla segreteria nazionale della confederazione, di cui diviene segretario generale aggiunto, in coppia con Sergio D'Antoni segretario generale. Nel 1998 si conclude la sua esperienza sindacale e si apre una fase di impegno politico nelle file del centro-sinistra. Dal 1998 al 2001 \u00e8 Sottosegretario con delega al Ministero del Lavoro. Dal 2002 al 2009 \u00e8 stato presidente di Trambus, la societ\u00e0 per azioni del Comune di Roma che gestisce la maggior parte del trasporto pubblico di Roma. Dal 2004 al 2009 \u00e8 stato presidente di Confservizi, la confederazione nazionale che rappresenta le aziende e gli enti che gestiscono i Servizi Pubblici Locali. Morese \u00e8 stato inoltre Consigliere del Consiglio Nazionale dell'Economia e del Lavoro (CNEL) nella IV Consiliatura, e nel 2005 \u00e8 stato nominato presidente della Commissione per le grandi opere e le reti infrastrutturali, per le politiche energetiche e i servizi di rete. Dal 1996 al 2009 \u00e8 stato Presidente di Intersos, la pi\u00f9 grande ONG italiana per l\u2019intervento umanitario nelle situazioni di guerra, di calamit\u00e0 naturali, di epidemie. Ha inoltre collaborato con numerosi quotidiani e settimanali, quali Sette giorni, Mondo Operaio, Il Popolo, Il Nuovo e L\u2019Europa, ed \u00e8 autore di diverse pubblicazioni sul mondo del lavoro, come Lavorare meno, lavorare tutti, Le Frontiere della partecipazione, Contare fino a uno e Ridistribuire il lavoro. Attualmente \u00e8 Segretario Generale di \"Nuovi Lavori\" (NL) e Presidente del think tank Koin\u00e8.","url":"https:\/\/nuovi-lavori.it\/index.php\/author\/raffaele-morese\/"}]}},"_links":{"self":[{"href":"https:\/\/nuovi-lavori.it\/index.php\/wp-json\/wp\/v2\/posts\/22321","targetHints":{"allow":["GET"]}}],"collection":[{"href":"https:\/\/nuovi-lavori.it\/index.php\/wp-json\/wp\/v2\/posts"}],"about":[{"href":"https:\/\/nuovi-lavori.it\/index.php\/wp-json\/wp\/v2\/types\/post"}],"author":[{"embeddable":true,"href":"https:\/\/nuovi-lavori.it\/index.php\/wp-json\/wp\/v2\/users\/6341"}],"replies":[{"embeddable":true,"href":"https:\/\/nuovi-lavori.it\/index.php\/wp-json\/wp\/v2\/comments?post=22321"}],"version-history":[{"count":3,"href":"https:\/\/nuovi-lavori.it\/index.php\/wp-json\/wp\/v2\/posts\/22321\/revisions"}],"predecessor-version":[{"id":22353,"href":"https:\/\/nuovi-lavori.it\/index.php\/wp-json\/wp\/v2\/posts\/22321\/revisions\/22353"}],"wp:featuredmedia":[{"embeddable":true,"href":"https:\/\/nuovi-lavori.it\/index.php\/wp-json\/wp\/v2\/media\/22344"}],"wp:attachment":[{"href":"https:\/\/nuovi-lavori.it\/index.php\/wp-json\/wp\/v2\/media?parent=22321"}],"wp:term":[{"taxonomy":"category","embeddable":true,"href":"https:\/\/nuovi-lavori.it\/index.php\/wp-json\/wp\/v2\/categories?post=22321"},{"taxonomy":"post_tag","embeddable":true,"href":"https:\/\/nuovi-lavori.it\/index.php\/wp-json\/wp\/v2\/tags?post=22321"}],"curies":[{"name":"wp","href":"https:\/\/api.w.org\/{rel}","templated":true}]}}