{"id":22512,"date":"2025-11-18T17:41:03","date_gmt":"2025-11-18T16:41:03","guid":{"rendered":"https:\/\/nuovi-lavori.it\/?p=22512"},"modified":"2025-11-18T18:17:07","modified_gmt":"2025-11-18T17:17:07","slug":"alla-ricerca-dellequita-perduta","status":"publish","type":"post","link":"https:\/\/nuovi-lavori.it\/index.php\/alla-ricerca-dellequita-perduta\/","title":{"rendered":"Alla ricerca dell\u2019equit\u00e0 perduta"},"content":{"rendered":"\n<p>Ci sono delle storture della nostra economia che si sono cos\u00ec consolidate da non fare pi\u00f9 scalpore. Una di queste \u00e8 la cosiddetta economia sommersa. Al netto dell\u2019economia illegale, (contrabbando di droga, di sigarette, rapine, ecc.), la sua invisibilit\u00e0 non \u00e8 tanto assoluta se l\u2019ISTAT annualmente presenta una \u201cRelazione sull\u2019economia non osservata e sull\u2019evasione fiscale e contributiva\u201d. La notizia dell\u2019ultima, riferita al 2024, \u00e8 apparsa su pochi giornali; non so se telegiornali e talk show ne hanno parlato (li vedo e ascolto molto poco e distrattamente).&nbsp;<\/p>\n\n\n\n<p>Eppure quella Relazione \u00e8 una miniera di informazioni quantitative e qualitative sulla dinamica poliennale (riguarda il periodo 2019-2022), sulle aree di maggiore insistenza (l\u201982% del valore aggiunto riguarda i settori dell\u2019agricoltura, delle costruzioni, del commercio e dei servizi alle persone) , sulle caratteristiche dell\u2019occupazione occulta (prevalentemente non dipendente e meridionale).&nbsp;<\/p>\n\n\n\n<p>Ovviamente, l\u2019ISTAT accompagna queste indicazioni con una lunga nota esplicativa delle modalit\u00e0 e delle caratteristiche delle rilevazioni, che risentono di una consolidata raffinazione delle tecniche investigative e del continuo confronto con la raccolta dei dati realizzata dagli altri Paesi dell\u2019Unione Europea. L\u2019unica vera certezza \u00e8 che essi se peccano d\u2019inesattezza, \u00e8 per difetto e non per eccesso.&nbsp;<\/p>\n\n\n\n<p>Dunque nel 2022, ultimo anno preso in considerazione, la quota del PIL assegnata al sommerso \u00e8 stata del 9,1%. In termini assoluti ammonta a 182,6 miliardi di euro. Ipotizzando prudentemente un prelievo fiscale medio di un misero 10% si disporrebbe dell\u2019equivalente del valore complessivo della legge di Bilancio di quest\u2019anno. Quindi, non una bazzecola alla quale, va aggiunta una beffa. Per accordo europeo, il calcolo per definire la quota di finanziamento per la gestione delle istituzioni unionali \u00e8 fatto per tutti gli Stati includendo la partecipazione al PIL dell\u2019economia irregolare. Per cui i contribuenti corretti debbono sapere che pagano il loro pezzettino di finanziamento delle istituzioni europee anche per conto di chi \u00e8 ignoto all\u2019Amministrazione fiscale.<\/p>\n\n\n\n<p>Lo scetticismo che si accompagna alla lunga assuefazione di questo spaccato di economia farebbe dire che \u00e8 un fardello che si deve sopportare con santa pazienza. D\u2019altra parte nessun Paese ne \u00e8 esente e l\u2019Italia \u00e8 tra i pi\u00f9 \u201csofferenti\u201d, anche se \u00e8 il peggiore tra i Paesi con pi\u00f9 di 50 milioni di abitanti. Non \u00e8 neanche&nbsp; l\u2019unico problema di evasione fiscale di cui soffre il sistema di finanziamento dello Stato e a cascata delle altre strutture istituzionali. Di sicuro, per\u00f2, \u00e8 l\u2019indice di un deficit di trasparenza e identit\u00e0 del sistema produttivo del Paese e di una persistenza di lavoro nero, offesa permanente della dignit\u00e0 delle persone.<\/p>\n\n\n\n<p>Porvi mano \u00e8, come di consueto, una questione di volont\u00e0 politica, innanzitutto. Ma anche di conoscenza approfondita del fenomeno che ha mille sfaccettature. E di capacit\u00e0 di organizzare sistemi di controllo e di repressione efficaci anche se possibili. Circa la volont\u00e0 politica, \u00e8 merce che scarseggia da tempo, ma specialmente ora che al Governo del Paese c\u2019\u00e8 chi ha sostenuto con convinzione che la \u201ctassa \u00e8 l\u2019equivalente del pizzo\u201d. Quanto alla conoscenza, molti passi in avanti sono stati fatti, per\u00f2 la gran massa di dati e analisi restano pi\u00f9 un contributo culturale per pochi intimi che l\u2019avamposto di decisioni operative, sostenute da un consenso sociale diffuso. Infatti, la strumentazione investigativa \u00e8 largamente inadeguata e quella repressiva parecchio annacquata. Non a caso, fra quanto scoperto annualmente dalla Guardia di Finanza di azioni elusive ed evasive e quanto effettivamente riscosso dallo Stato, lo iato \u00e8 ancora incomprensibilmente enorme. &nbsp;<\/p>\n\n\n\n<p>Comunque un elemento \u00e8 certo.&nbsp; Il grimaldello per prosciugare questa anomalia dell\u2019economia sta in un efficace sistema fiscale. Quello attuale non consente di intervenire incisivamente. Esso non riesce a corrispondere ad un tessuto produttivo e di servizi troppo frantumato, le maglie per evadere sono ancora troppo lasche, le procedure accumulate nel tempo provocano ritardi e lentezze, la cultura del condono, che prima o poi arriva con incredibile puntualit\u00e0, convince chi vuole e pu\u00f2 che rimanere anonimi non \u00e8 che un far da s\u00e9 l\u2019annullamento del dovuto.<\/p>\n\n\n\n<p>Una nuova fiscalit\u00e0 che si ponesse veramente sulla scia del dettato costituzionale circa la progressivit\u00e0 del prelievo e in una logica di \u201cpagare meno, pagare tutti\u201d dovrebbe poggiarsi di pi\u00f9 su un articolato sistema di creazione del conflitto d\u2019interesse tra chi ha bisogno di un prodotto o un servizio e chi lo pu\u00f2 fornire. Questa situazione oggi non esiste.&nbsp;<\/p>\n\n\n\n<p>Se ho bisogno di fare la manutenzione del mio appartamento, della mia auto, della mia dentiera \u00e8 troppo spesso probabile che la persona o l\u2019azienda a cui mi rivolgo mi mette di fronte alla scelta, se mi va bene, di pagare in nero o con fattura. Ogni volta, la mia scelta sar\u00e0 o di diventare correo o di fare il sostituto dello Stato, perch\u00e9 il vantaggio \u00e8 soltanto per quest\u2019ultimo. La gran massa di miliardi che identifica l\u2019economia sommersa inizia da questo punto. Tutti correi e pochi cittadini che si mettono il cappello del finanziere?<\/p>\n\n\n\n<p>Un po\u2019 di copiatura del sistema fiscale statunitense non farebbe male all\u2019aumento della trasparenza del sistema produttivo di beni e servizi. D\u2019altra parte, far detrarre dalla dichiarazione del reddito tassabile, in tutto o in parte, almeno le spese ritenute essenziali per il benessere delle persone sarebbe uno scambio equo tra Stato e cittadino e renderebbe concretamente \u201camico\u201d il fisco. Inoltre, solo in questo contesto pu\u00f2 trovare consenso la ridefinizione della tassazione progressiva dei redditi e dei patrimoni, frenando la corsa ad assicurarsi flat tax da parte di corporazioni pi\u00f9 o meno forti, a scapito del finanziamento del welfare universalistico.<\/p>\n\n\n\n<p>Ma esiste una sede e una volont\u00e0 civica e politica per discutere e realizzare una diversa visione del futuro della convivenza sociale, interrompendo la discesa verso il qualunquismo, spesso spacciato per riformismo? Se entrambe non si trovano, continueremo a constatare che le disuguaglianze in questo Paese continueranno a crescere e attraverseranno sempre di pi\u00f9 tutti gli strati sociali da Nord a Sud.&nbsp;<\/p>\n","protected":false},"excerpt":{"rendered":"<p>Ci sono delle storture della nostra economia che si sono cos\u00ec consolidate da non fare pi\u00f9 scalpore. Una di queste \u00e8 la cosiddetta economia sommersa.<\/p>\n","protected":false},"author":6341,"featured_media":22513,"comment_status":"closed","ping_status":"closed","sticky":false,"template":"","format":"standard","meta":{"footnotes":""},"categories":[9],"tags":[],"class_list":["post-22512","post","type-post","status-publish","format-standard","has-post-thumbnail","hentry","category-newsletter"],"yoast_head":"<!-- This site is optimized with the Yoast SEO plugin v27.5 - https:\/\/yoast.com\/product\/yoast-seo-wordpress\/ -->\n<title>Alla ricerca dell\u2019equit\u00e0 perduta - Nuovi Lavori<\/title>\n<meta name=\"robots\" content=\"index, follow, max-snippet:-1, max-image-preview:large, max-video-preview:-1\" \/>\n<link rel=\"canonical\" href=\"https:\/\/nuovi-lavori.it\/index.php\/alla-ricerca-dellequita-perduta\/\" \/>\n<meta property=\"og:locale\" content=\"it_IT\" \/>\n<meta property=\"og:type\" content=\"article\" \/>\n<meta property=\"og:title\" content=\"Alla ricerca dell\u2019equit\u00e0 perduta - Nuovi Lavori\" \/>\n<meta property=\"og:description\" content=\"Ci sono delle storture della nostra economia che si sono cos\u00ec consolidate da non fare pi\u00f9 scalpore. Una di queste \u00e8 la cosiddetta economia sommersa.\" \/>\n<meta property=\"og:url\" content=\"https:\/\/nuovi-lavori.it\/index.php\/alla-ricerca-dellequita-perduta\/\" \/>\n<meta property=\"og:site_name\" content=\"Nuovi Lavori\" \/>\n<meta property=\"article:published_time\" content=\"2025-11-18T16:41:03+00:00\" \/>\n<meta property=\"article:modified_time\" content=\"2025-11-18T17:17:07+00:00\" \/>\n<meta property=\"og:image\" content=\"https:\/\/nuovi-lavori.it\/wp-content\/uploads\/2025\/11\/Schermata-2025-11-18-alle-17.40.33.png\" \/>\n\t<meta property=\"og:image:width\" content=\"496\" \/>\n\t<meta property=\"og:image:height\" content=\"331\" \/>\n\t<meta property=\"og:image:type\" content=\"image\/png\" \/>\n<meta name=\"author\" content=\"Raffaele Morese\" \/>\n<meta name=\"twitter:card\" content=\"summary_large_image\" \/>\n<meta name=\"twitter:label1\" content=\"Scritto da\" \/>\n\t<meta name=\"twitter:data1\" content=\"Raffaele Morese\" \/>\n\t<meta name=\"twitter:label2\" content=\"Tempo di lettura stimato\" \/>\n\t<meta name=\"twitter:data2\" content=\"6 minuti\" \/>\n<script type=\"application\/ld+json\" class=\"yoast-schema-graph\">{\"@context\":\"https:\\\/\\\/schema.org\",\"@graph\":[{\"@type\":\"Article\",\"@id\":\"https:\\\/\\\/nuovi-lavori.it\\\/index.php\\\/alla-ricerca-dellequita-perduta\\\/#article\",\"isPartOf\":{\"@id\":\"https:\\\/\\\/nuovi-lavori.it\\\/index.php\\\/alla-ricerca-dellequita-perduta\\\/\"},\"author\":{\"name\":\"Raffaele Morese\",\"@id\":\"https:\\\/\\\/nuovi-lavori.it\\\/#\\\/schema\\\/person\\\/4768859afb8ce507df626060d213b701\"},\"headline\":\"Alla ricerca dell\u2019equit\u00e0 perduta\",\"datePublished\":\"2025-11-18T16:41:03+00:00\",\"dateModified\":\"2025-11-18T17:17:07+00:00\",\"mainEntityOfPage\":{\"@id\":\"https:\\\/\\\/nuovi-lavori.it\\\/index.php\\\/alla-ricerca-dellequita-perduta\\\/\"},\"wordCount\":976,\"publisher\":{\"@id\":\"https:\\\/\\\/nuovi-lavori.it\\\/#organization\"},\"image\":{\"@id\":\"https:\\\/\\\/nuovi-lavori.it\\\/index.php\\\/alla-ricerca-dellequita-perduta\\\/#primaryimage\"},\"thumbnailUrl\":\"https:\\\/\\\/nuovi-lavori.it\\\/wp-content\\\/uploads\\\/2025\\\/11\\\/Schermata-2025-11-18-alle-17.40.33.png\",\"articleSection\":[\"Newsletter\"],\"inLanguage\":\"it-IT\"},{\"@type\":\"WebPage\",\"@id\":\"https:\\\/\\\/nuovi-lavori.it\\\/index.php\\\/alla-ricerca-dellequita-perduta\\\/\",\"url\":\"https:\\\/\\\/nuovi-lavori.it\\\/index.php\\\/alla-ricerca-dellequita-perduta\\\/\",\"name\":\"Alla ricerca dell\u2019equit\u00e0 perduta - Nuovi Lavori\",\"isPartOf\":{\"@id\":\"https:\\\/\\\/nuovi-lavori.it\\\/#website\"},\"primaryImageOfPage\":{\"@id\":\"https:\\\/\\\/nuovi-lavori.it\\\/index.php\\\/alla-ricerca-dellequita-perduta\\\/#primaryimage\"},\"image\":{\"@id\":\"https:\\\/\\\/nuovi-lavori.it\\\/index.php\\\/alla-ricerca-dellequita-perduta\\\/#primaryimage\"},\"thumbnailUrl\":\"https:\\\/\\\/nuovi-lavori.it\\\/wp-content\\\/uploads\\\/2025\\\/11\\\/Schermata-2025-11-18-alle-17.40.33.png\",\"datePublished\":\"2025-11-18T16:41:03+00:00\",\"dateModified\":\"2025-11-18T17:17:07+00:00\",\"breadcrumb\":{\"@id\":\"https:\\\/\\\/nuovi-lavori.it\\\/index.php\\\/alla-ricerca-dellequita-perduta\\\/#breadcrumb\"},\"inLanguage\":\"it-IT\",\"potentialAction\":[{\"@type\":\"ReadAction\",\"target\":[\"https:\\\/\\\/nuovi-lavori.it\\\/index.php\\\/alla-ricerca-dellequita-perduta\\\/\"]}]},{\"@type\":\"ImageObject\",\"inLanguage\":\"it-IT\",\"@id\":\"https:\\\/\\\/nuovi-lavori.it\\\/index.php\\\/alla-ricerca-dellequita-perduta\\\/#primaryimage\",\"url\":\"https:\\\/\\\/nuovi-lavori.it\\\/wp-content\\\/uploads\\\/2025\\\/11\\\/Schermata-2025-11-18-alle-17.40.33.png\",\"contentUrl\":\"https:\\\/\\\/nuovi-lavori.it\\\/wp-content\\\/uploads\\\/2025\\\/11\\\/Schermata-2025-11-18-alle-17.40.33.png\",\"width\":496,\"height\":331},{\"@type\":\"BreadcrumbList\",\"@id\":\"https:\\\/\\\/nuovi-lavori.it\\\/index.php\\\/alla-ricerca-dellequita-perduta\\\/#breadcrumb\",\"itemListElement\":[{\"@type\":\"ListItem\",\"position\":1,\"name\":\"Home\",\"item\":\"https:\\\/\\\/nuovi-lavori.it\\\/\"},{\"@type\":\"ListItem\",\"position\":2,\"name\":\"Newsletter\",\"item\":\"https:\\\/\\\/nuovi-lavori.it\\\/index.php\\\/category\\\/newsletter\\\/\"},{\"@type\":\"ListItem\",\"position\":3,\"name\":\"Alla ricerca dell\u2019equit\u00e0 perduta\"}]},{\"@type\":\"WebSite\",\"@id\":\"https:\\\/\\\/nuovi-lavori.it\\\/#website\",\"url\":\"https:\\\/\\\/nuovi-lavori.it\\\/\",\"name\":\"Nuovi Lavori\",\"description\":\"\",\"publisher\":{\"@id\":\"https:\\\/\\\/nuovi-lavori.it\\\/#organization\"},\"potentialAction\":[{\"@type\":\"SearchAction\",\"target\":{\"@type\":\"EntryPoint\",\"urlTemplate\":\"https:\\\/\\\/nuovi-lavori.it\\\/?s={search_term_string}\"},\"query-input\":{\"@type\":\"PropertyValueSpecification\",\"valueRequired\":true,\"valueName\":\"search_term_string\"}}],\"inLanguage\":\"it-IT\"},{\"@type\":\"Organization\",\"@id\":\"https:\\\/\\\/nuovi-lavori.it\\\/#organization\",\"name\":\"Nuovi Lavori\",\"url\":\"https:\\\/\\\/nuovi-lavori.it\\\/\",\"logo\":{\"@type\":\"ImageObject\",\"inLanguage\":\"it-IT\",\"@id\":\"https:\\\/\\\/nuovi-lavori.it\\\/#\\\/schema\\\/logo\\\/image\\\/\",\"url\":\"http:\\\/\\\/5.249.146.118\\\/wp-content\\\/uploads\\\/2013\\\/11\\\/images_logonl.jpg\",\"contentUrl\":\"http:\\\/\\\/5.249.146.118\\\/wp-content\\\/uploads\\\/2013\\\/11\\\/images_logonl.jpg\",\"width\":400,\"height\":327,\"caption\":\"Nuovi Lavori\"},\"image\":{\"@id\":\"https:\\\/\\\/nuovi-lavori.it\\\/#\\\/schema\\\/logo\\\/image\\\/\"},\"sameAs\":[\"https:\\\/\\\/www.youtube.com\\\/user\\\/newsletteranl\"]},{\"@type\":\"Person\",\"@id\":\"https:\\\/\\\/nuovi-lavori.it\\\/#\\\/schema\\\/person\\\/4768859afb8ce507df626060d213b701\",\"name\":\"Raffaele Morese\",\"image\":{\"@type\":\"ImageObject\",\"inLanguage\":\"it-IT\",\"@id\":\"https:\\\/\\\/secure.gravatar.com\\\/avatar\\\/c9e93dd33a56fe3d005bd3f6c40cb88951704b941daa4f4dd789da460905d0d7?s=96&d=mm&r=g\",\"url\":\"https:\\\/\\\/secure.gravatar.com\\\/avatar\\\/c9e93dd33a56fe3d005bd3f6c40cb88951704b941daa4f4dd789da460905d0d7?s=96&d=mm&r=g\",\"contentUrl\":\"https:\\\/\\\/secure.gravatar.com\\\/avatar\\\/c9e93dd33a56fe3d005bd3f6c40cb88951704b941daa4f4dd789da460905d0d7?s=96&d=mm&r=g\",\"caption\":\"Raffaele Morese\"},\"description\":\"Laureato in economia e commercio all'Universit\u00e0 Cattolica di Milano. Nel 1966 \u00e8 responsabile dell'Ufficio Studi e Marketing della Rinascente S.p.A., nel 1967 entra all\u2019Ufficio Studi della CISL. Nel 1969 avvia la sua attivit\u00e0 sindacale come operatore nella Fim-Cisl nazionale, di cui diviene segretario nazionale nel 1975, ricoprendo la responsabilit\u00e0 di vari settori (elettromeccanica, informatica, siderurgia, e infine auto e trasporti) e assumendo il coordinamento delle politiche sindacali. Nel 1983 succede a Franco Bentivogli come segretario generale della Fim-Cisl e nel 1989 passa alla segreteria nazionale della confederazione, di cui diviene segretario generale aggiunto, in coppia con Sergio D'Antoni segretario generale. Nel 1998 si conclude la sua esperienza sindacale e si apre una fase di impegno politico nelle file del centro-sinistra. Dal 1998 al 2001 \u00e8 Sottosegretario con delega al Ministero del Lavoro. Dal 2002 al 2009 \u00e8 stato presidente di Trambus, la societ\u00e0 per azioni del Comune di Roma che gestisce la maggior parte del trasporto pubblico di Roma. Dal 2004 al 2009 \u00e8 stato presidente di Confservizi, la confederazione nazionale che rappresenta le aziende e gli enti che gestiscono i Servizi Pubblici Locali. Morese \u00e8 stato inoltre Consigliere del Consiglio Nazionale dell'Economia e del Lavoro (CNEL) nella IV Consiliatura, e nel 2005 \u00e8 stato nominato presidente della Commissione per le grandi opere e le reti infrastrutturali, per le politiche energetiche e i servizi di rete. Dal 1996 al 2009 \u00e8 stato Presidente di Intersos, la pi\u00f9 grande ONG italiana per l\u2019intervento umanitario nelle situazioni di guerra, di calamit\u00e0 naturali, di epidemie. Ha inoltre collaborato con numerosi quotidiani e settimanali, quali Sette giorni, Mondo Operaio, Il Popolo, Il Nuovo e L\u2019Europa, ed \u00e8 autore di diverse pubblicazioni sul mondo del lavoro, come Lavorare meno, lavorare tutti, Le Frontiere della partecipazione, Contare fino a uno e Ridistribuire il lavoro. Attualmente \u00e8 Segretario Generale di \\\"Nuovi Lavori\\\" (NL) e Presidente del think tank Koin\u00e8.\",\"url\":\"https:\\\/\\\/nuovi-lavori.it\\\/index.php\\\/author\\\/raffaele-morese\\\/\"}]}<\/script>\n<!-- \/ Yoast SEO plugin. -->","yoast_head_json":{"title":"Alla ricerca dell\u2019equit\u00e0 perduta - Nuovi Lavori","robots":{"index":"index","follow":"follow","max-snippet":"max-snippet:-1","max-image-preview":"max-image-preview:large","max-video-preview":"max-video-preview:-1"},"canonical":"https:\/\/nuovi-lavori.it\/index.php\/alla-ricerca-dellequita-perduta\/","og_locale":"it_IT","og_type":"article","og_title":"Alla ricerca dell\u2019equit\u00e0 perduta - Nuovi Lavori","og_description":"Ci sono delle storture della nostra economia che si sono cos\u00ec consolidate da non fare pi\u00f9 scalpore. Una di queste \u00e8 la cosiddetta economia sommersa.","og_url":"https:\/\/nuovi-lavori.it\/index.php\/alla-ricerca-dellequita-perduta\/","og_site_name":"Nuovi Lavori","article_published_time":"2025-11-18T16:41:03+00:00","article_modified_time":"2025-11-18T17:17:07+00:00","og_image":[{"width":496,"height":331,"url":"https:\/\/nuovi-lavori.it\/wp-content\/uploads\/2025\/11\/Schermata-2025-11-18-alle-17.40.33.png","type":"image\/png"}],"author":"Raffaele Morese","twitter_card":"summary_large_image","twitter_misc":{"Scritto da":"Raffaele Morese","Tempo di lettura stimato":"6 minuti"},"schema":{"@context":"https:\/\/schema.org","@graph":[{"@type":"Article","@id":"https:\/\/nuovi-lavori.it\/index.php\/alla-ricerca-dellequita-perduta\/#article","isPartOf":{"@id":"https:\/\/nuovi-lavori.it\/index.php\/alla-ricerca-dellequita-perduta\/"},"author":{"name":"Raffaele Morese","@id":"https:\/\/nuovi-lavori.it\/#\/schema\/person\/4768859afb8ce507df626060d213b701"},"headline":"Alla ricerca dell\u2019equit\u00e0 perduta","datePublished":"2025-11-18T16:41:03+00:00","dateModified":"2025-11-18T17:17:07+00:00","mainEntityOfPage":{"@id":"https:\/\/nuovi-lavori.it\/index.php\/alla-ricerca-dellequita-perduta\/"},"wordCount":976,"publisher":{"@id":"https:\/\/nuovi-lavori.it\/#organization"},"image":{"@id":"https:\/\/nuovi-lavori.it\/index.php\/alla-ricerca-dellequita-perduta\/#primaryimage"},"thumbnailUrl":"https:\/\/nuovi-lavori.it\/wp-content\/uploads\/2025\/11\/Schermata-2025-11-18-alle-17.40.33.png","articleSection":["Newsletter"],"inLanguage":"it-IT"},{"@type":"WebPage","@id":"https:\/\/nuovi-lavori.it\/index.php\/alla-ricerca-dellequita-perduta\/","url":"https:\/\/nuovi-lavori.it\/index.php\/alla-ricerca-dellequita-perduta\/","name":"Alla ricerca dell\u2019equit\u00e0 perduta - Nuovi Lavori","isPartOf":{"@id":"https:\/\/nuovi-lavori.it\/#website"},"primaryImageOfPage":{"@id":"https:\/\/nuovi-lavori.it\/index.php\/alla-ricerca-dellequita-perduta\/#primaryimage"},"image":{"@id":"https:\/\/nuovi-lavori.it\/index.php\/alla-ricerca-dellequita-perduta\/#primaryimage"},"thumbnailUrl":"https:\/\/nuovi-lavori.it\/wp-content\/uploads\/2025\/11\/Schermata-2025-11-18-alle-17.40.33.png","datePublished":"2025-11-18T16:41:03+00:00","dateModified":"2025-11-18T17:17:07+00:00","breadcrumb":{"@id":"https:\/\/nuovi-lavori.it\/index.php\/alla-ricerca-dellequita-perduta\/#breadcrumb"},"inLanguage":"it-IT","potentialAction":[{"@type":"ReadAction","target":["https:\/\/nuovi-lavori.it\/index.php\/alla-ricerca-dellequita-perduta\/"]}]},{"@type":"ImageObject","inLanguage":"it-IT","@id":"https:\/\/nuovi-lavori.it\/index.php\/alla-ricerca-dellequita-perduta\/#primaryimage","url":"https:\/\/nuovi-lavori.it\/wp-content\/uploads\/2025\/11\/Schermata-2025-11-18-alle-17.40.33.png","contentUrl":"https:\/\/nuovi-lavori.it\/wp-content\/uploads\/2025\/11\/Schermata-2025-11-18-alle-17.40.33.png","width":496,"height":331},{"@type":"BreadcrumbList","@id":"https:\/\/nuovi-lavori.it\/index.php\/alla-ricerca-dellequita-perduta\/#breadcrumb","itemListElement":[{"@type":"ListItem","position":1,"name":"Home","item":"https:\/\/nuovi-lavori.it\/"},{"@type":"ListItem","position":2,"name":"Newsletter","item":"https:\/\/nuovi-lavori.it\/index.php\/category\/newsletter\/"},{"@type":"ListItem","position":3,"name":"Alla ricerca dell\u2019equit\u00e0 perduta"}]},{"@type":"WebSite","@id":"https:\/\/nuovi-lavori.it\/#website","url":"https:\/\/nuovi-lavori.it\/","name":"Nuovi Lavori","description":"","publisher":{"@id":"https:\/\/nuovi-lavori.it\/#organization"},"potentialAction":[{"@type":"SearchAction","target":{"@type":"EntryPoint","urlTemplate":"https:\/\/nuovi-lavori.it\/?s={search_term_string}"},"query-input":{"@type":"PropertyValueSpecification","valueRequired":true,"valueName":"search_term_string"}}],"inLanguage":"it-IT"},{"@type":"Organization","@id":"https:\/\/nuovi-lavori.it\/#organization","name":"Nuovi Lavori","url":"https:\/\/nuovi-lavori.it\/","logo":{"@type":"ImageObject","inLanguage":"it-IT","@id":"https:\/\/nuovi-lavori.it\/#\/schema\/logo\/image\/","url":"http:\/\/5.249.146.118\/wp-content\/uploads\/2013\/11\/images_logonl.jpg","contentUrl":"http:\/\/5.249.146.118\/wp-content\/uploads\/2013\/11\/images_logonl.jpg","width":400,"height":327,"caption":"Nuovi Lavori"},"image":{"@id":"https:\/\/nuovi-lavori.it\/#\/schema\/logo\/image\/"},"sameAs":["https:\/\/www.youtube.com\/user\/newsletteranl"]},{"@type":"Person","@id":"https:\/\/nuovi-lavori.it\/#\/schema\/person\/4768859afb8ce507df626060d213b701","name":"Raffaele Morese","image":{"@type":"ImageObject","inLanguage":"it-IT","@id":"https:\/\/secure.gravatar.com\/avatar\/c9e93dd33a56fe3d005bd3f6c40cb88951704b941daa4f4dd789da460905d0d7?s=96&d=mm&r=g","url":"https:\/\/secure.gravatar.com\/avatar\/c9e93dd33a56fe3d005bd3f6c40cb88951704b941daa4f4dd789da460905d0d7?s=96&d=mm&r=g","contentUrl":"https:\/\/secure.gravatar.com\/avatar\/c9e93dd33a56fe3d005bd3f6c40cb88951704b941daa4f4dd789da460905d0d7?s=96&d=mm&r=g","caption":"Raffaele Morese"},"description":"Laureato in economia e commercio all'Universit\u00e0 Cattolica di Milano. Nel 1966 \u00e8 responsabile dell'Ufficio Studi e Marketing della Rinascente S.p.A., nel 1967 entra all\u2019Ufficio Studi della CISL. Nel 1969 avvia la sua attivit\u00e0 sindacale come operatore nella Fim-Cisl nazionale, di cui diviene segretario nazionale nel 1975, ricoprendo la responsabilit\u00e0 di vari settori (elettromeccanica, informatica, siderurgia, e infine auto e trasporti) e assumendo il coordinamento delle politiche sindacali. Nel 1983 succede a Franco Bentivogli come segretario generale della Fim-Cisl e nel 1989 passa alla segreteria nazionale della confederazione, di cui diviene segretario generale aggiunto, in coppia con Sergio D'Antoni segretario generale. Nel 1998 si conclude la sua esperienza sindacale e si apre una fase di impegno politico nelle file del centro-sinistra. Dal 1998 al 2001 \u00e8 Sottosegretario con delega al Ministero del Lavoro. Dal 2002 al 2009 \u00e8 stato presidente di Trambus, la societ\u00e0 per azioni del Comune di Roma che gestisce la maggior parte del trasporto pubblico di Roma. Dal 2004 al 2009 \u00e8 stato presidente di Confservizi, la confederazione nazionale che rappresenta le aziende e gli enti che gestiscono i Servizi Pubblici Locali. Morese \u00e8 stato inoltre Consigliere del Consiglio Nazionale dell'Economia e del Lavoro (CNEL) nella IV Consiliatura, e nel 2005 \u00e8 stato nominato presidente della Commissione per le grandi opere e le reti infrastrutturali, per le politiche energetiche e i servizi di rete. Dal 1996 al 2009 \u00e8 stato Presidente di Intersos, la pi\u00f9 grande ONG italiana per l\u2019intervento umanitario nelle situazioni di guerra, di calamit\u00e0 naturali, di epidemie. Ha inoltre collaborato con numerosi quotidiani e settimanali, quali Sette giorni, Mondo Operaio, Il Popolo, Il Nuovo e L\u2019Europa, ed \u00e8 autore di diverse pubblicazioni sul mondo del lavoro, come Lavorare meno, lavorare tutti, Le Frontiere della partecipazione, Contare fino a uno e Ridistribuire il lavoro. Attualmente \u00e8 Segretario Generale di \"Nuovi Lavori\" (NL) e Presidente del think tank Koin\u00e8.","url":"https:\/\/nuovi-lavori.it\/index.php\/author\/raffaele-morese\/"}]}},"_links":{"self":[{"href":"https:\/\/nuovi-lavori.it\/index.php\/wp-json\/wp\/v2\/posts\/22512","targetHints":{"allow":["GET"]}}],"collection":[{"href":"https:\/\/nuovi-lavori.it\/index.php\/wp-json\/wp\/v2\/posts"}],"about":[{"href":"https:\/\/nuovi-lavori.it\/index.php\/wp-json\/wp\/v2\/types\/post"}],"author":[{"embeddable":true,"href":"https:\/\/nuovi-lavori.it\/index.php\/wp-json\/wp\/v2\/users\/6341"}],"replies":[{"embeddable":true,"href":"https:\/\/nuovi-lavori.it\/index.php\/wp-json\/wp\/v2\/comments?post=22512"}],"version-history":[{"count":2,"href":"https:\/\/nuovi-lavori.it\/index.php\/wp-json\/wp\/v2\/posts\/22512\/revisions"}],"predecessor-version":[{"id":22521,"href":"https:\/\/nuovi-lavori.it\/index.php\/wp-json\/wp\/v2\/posts\/22512\/revisions\/22521"}],"wp:featuredmedia":[{"embeddable":true,"href":"https:\/\/nuovi-lavori.it\/index.php\/wp-json\/wp\/v2\/media\/22513"}],"wp:attachment":[{"href":"https:\/\/nuovi-lavori.it\/index.php\/wp-json\/wp\/v2\/media?parent=22512"}],"wp:term":[{"taxonomy":"category","embeddable":true,"href":"https:\/\/nuovi-lavori.it\/index.php\/wp-json\/wp\/v2\/categories?post=22512"},{"taxonomy":"post_tag","embeddable":true,"href":"https:\/\/nuovi-lavori.it\/index.php\/wp-json\/wp\/v2\/tags?post=22512"}],"curies":[{"name":"wp","href":"https:\/\/api.w.org\/{rel}","templated":true}]}}