{"id":23040,"date":"2026-04-29T18:20:16","date_gmt":"2026-04-29T16:20:16","guid":{"rendered":"https:\/\/nuovi-lavori.it\/?p=23040"},"modified":"2026-04-29T19:14:43","modified_gmt":"2026-04-29T17:14:43","slug":"1-maggio-un-anniversario-necessario-che-ancora-ci-parla","status":"publish","type":"post","link":"https:\/\/nuovi-lavori.it\/index.php\/1-maggio-un-anniversario-necessario-che-ancora-ci-parla\/","title":{"rendered":"1\u00b0 Maggio: un anniversario necessario che ancora ci parla"},"content":{"rendered":"\n<p>La festa nazionale del lavoro, fissata il Primo Maggio, sembra estranea a questo nostro tempo. Tanto \u00e8 vero che il titolo di questa breve riflessione pare un tentativo maldestro e na\u00efve di giustificarne il senso, in un mondo in cui il lavoro subisce continue trasformazioni, spesso cos\u00ec velocemente da non riuscire a registrarne modalit\u00e0 e conseguenze.<\/p>\n\n\n\n<p>Gli argomenti citati in questa occasione li abbiamo in parte gi\u00e0 sentiti: si pensi, tra gli altri, alle morti sul lavoro, allo sfruttamento, al lavoro nero, a quello minorile, a una politica di redistribuzione del reddito che spesso nasce da prese di posizioni ideologiche e quindi sono per la gran parte inadatte all\u2019equit\u00e0, alle discriminazioni di provenienza e di genere negli ambienti professionali, a quelle legate alle carriere. All\u2019ignobile questione dei bassi salari, che tormenta l\u2019Italia da almeno due decenni e che nessun Governo finora ha ritenuto di volervi provvedere in modo strutturato.<\/p>\n\n\n\n<p>Importantissimi e vitali, come si pu\u00f2 vedere, eppure non sembra che abbia ancora senso convergere sul Primo Maggio per far sentire le voci dei lavoratori e delle lavoratrici, perch\u00e9 qualcosa si muova, perch\u00e9 la \u201cforza lavoro\u201d sia ancora tra i protagonisti della nostra storia.<\/p>\n\n\n\n<p>Forse due elementi fra gli altri possibili su cui si pu\u00f2 ragionare riguardo all\u2019insignificanza attuale del primo maggio e a una sua doverosa riscoperta, per tornare ad essere efficace avvio di processi di cambiamento, si possono individuare.<\/p>\n\n\n\n<p>Il primo potrebbe essere indicato nell\u2019assenza di passione verso il proprio lavoro, agganciandosi quindi ad un disagio prevalentemente personale; il secondo nella paura che il proprio lavoro non sia significativo per gli altri e le altre, per la societ\u00e0 intera, agganciandosi quindi a concetti di indole comunitaria e sociale. Vediamoli separatamente.<\/p>\n\n\n\n<p>Che il proprio lavoro debba appassionare \u00e8 un pensiero mai ovvio, in quanto mai reso concreto abbastanza. L\u2019imperativo che ha guidato i passi della nostra generazione, ma non solo, nel cercare di trovare una leva di competenza per entrare nel mondo del lavoro non \u00e8 mai stato quello che dovesse essere appassionante, ma quello che dovesse provvedere alla propria autonomia economica e a quella della famiglia. Cosa senz\u2019altro fondamentale, ma non sufficiente. Non oggi.<\/p>\n\n\n\n<p>La mancanza di passione nel vivere che oggi attraversa tutti i livelli della societ\u00e0 italiana, \u00e8 diventata endemica dopo la pandemia da Covid-19 e si \u00e8 strutturata con l\u2019aumento di guerre e follie che hanno distrutto le basi della convivenza civile. Se si volesse dare un nome cristiano a questo fenomeno si potrebbe dire che sia per larga parte diagnosticabile un\u2019acuta perdita della speranza nella possibilit\u00e0 di un futuro sereno. Lo sapeva bene papa Francesco, che ha indetto il Giubileo della Speranza; lo sa bene papa Leone, le prime parole del quale sono state \u201cPace a voi!\u201d.<\/p>\n\n\n\n<p>L\u2019impatto di questa dinamica profonda ed esistenziale sul lavoro \u00e8 feroce. Esso diviene il collo di bottiglia nel quale si incastrano insoddisfazioni, piccinerie, privazioni che si vivono in ambienti professionali tossici, rarefatti, senza relazioni che offrano sostegni strutturati, ancora pervicacemente bloccati in leadership piramidali, studiate ovunque come responsabili non solo di licenziamenti diffusi, ma anche di delusioni strutturali e diminuzione di produzione (se si vuole anche il dato economico).<\/p>\n\n\n\n<p>Senza speranza, senza pace, \u00e8 possibile affermare che il lavoro per necessit\u00e0 diventa un incubo e quello di elezione una parentesi. In entrambi i casi, la passione del futuro che si genera dall\u2019innovazione e nelle relazioni virtuose (e per questo produttive) \u00e8 una chimera.&nbsp;<\/p>\n\n\n\n<p>Il valore del Primo Maggio potrebbe e forse dovrebbe trovarsi anche qui.<\/p>\n\n\n\n<p>Il secondo punto citato sull\u2019insignificanza del lavoro per la societ\u00e0, si regge su pi\u00f9 di un pilastro; forse il pi\u00f9 significativo \u00e8 l\u2019ingresso dell\u2019AI generativa nel mercato del lavoro. In effetti, secondo varie ricerche (una prestigiosa del 2025 di Harvard), le professioni junior iniziano a essere sostituite dall\u2019uso dell\u2019intelligenza artificiale. Si tratta cio\u00e8 di un cambiamento che sembra avviarsi a una certa strutturazione: laddove i compiti sono \u201csemplici\u201d e \u201cripetitivi\u201d non \u00e8 necessario che siano svolti da un giovane o da una giovane che entra nel mercato del lavoro, ma possono essere delegati a una macchina con costi decisamente inferiori.<\/p>\n\n\n\n<p>Qui si possono aprire due scenari sincronici che a mio avviso giustificano tutte le manifestazioni del primo maggio, a qualunque titolo le si voglia organizzare. Anzi, le rendono necessarie e quanto pi\u00f9 possibile partecipate.<\/p>\n\n\n\n<p>Il primo scenario riguarda la marcia inarrestabile che il Paese sembra aver intrapreso contro l\u2019ultima sua generazione demografica. Non si tratta qui solo di avere possibilit\u00e0 di accedere equamente al mercato del lavoro; a mio avviso si tratta anche del legame fra quanto li abbiamo a cuore e come li formiamo e li accompagniamo.<\/p>\n\n\n\n<p>Sembra invece che il loro nucleo effettivamente problematico non importi a nessuno. Una societ\u00e0 che non si fa domande, una politica che risponde solo minacciando e condannando, una scuola senza strumenti efficaci, politiche pubbliche non strutturali, ma estemporanee, sia per le famiglie, sia per i giovani. Nessuna considerazione delle differenze, delle aspirazioni, delle potenzialit\u00e0, della loro voce, del loro esserci e vivere pi\u00f9 a lungo di ciascuno dei loro genitori. In una parola, insignificanti.<\/p>\n\n\n\n<p>MI chiedo come sia possibile non celebrare il Primo Maggio senza pensare a loro, ai ragazzi e alle ragazze, alla loro rabbia nei nostri riguardi, al loro disinteresse, alla loro paura di non avere il futuro che invece noi abbiamo avuto. Dovrebbero essere al nostro fianco venerd\u00ec e spero che siano in molti e molte.<\/p>\n\n\n\n<p>Il secondo scenario strettamente legato al desiderio di dare un senso al lavoro: non si pu\u00f2 lavorare solo per i soldi. Tutte le ricerche intervenute dopo le Grandi Dimissioni, all\u2019indomani della fine della pandemia, hanno riportato come fosse meno significativo per i lavoratori e le lavoratrici quanto guadagnato, rispetto alla tossicit\u00e0 dell\u2019ambiente di lavoro, all\u2019impatto visibile della propria professione sulle persone e sulla natura, alla possibilit\u00e0 di mantenere e curare le proprie relazioni significative. I soldi non sono l\u2019unica risposta al proprio impegno; \u00e8 quella che consente di portare significato ad altro. Al lavoro in quanto tale, alle relazioni, alla propria serenit\u00e0, al futuro.<\/p>\n\n\n\n<p>Se si vuole costruire un ponte fra quanto fin qui esposto e la dottrina sociale della chiesa, si pu\u00f2 senz\u2019altro sottolineare come la riflessione del magistero ecclesiale sul lavoro sia sempre ruotata intorno alla dignit\u00e0 della persona umana. Lo \u00e8 nella <em>Laborem excercens<\/em> di Giovanni Paolo II (1983), lo \u00e8 nella <em>Laudato si\u2019 <\/em>(2015) e nella <em>Fratelli tutti<\/em> (2020) di Francesco.&nbsp;<\/p>\n\n\n\n<p>Il Primo Maggio \u00e8 una ricorrenza laica \u2013 l\u2019Italia \u00e8 una repubblica fondata sul lavoro, come dice l\u2019art. 1 della Costituzione \u2013, ma \u00e8 un fatto rilevante che anche la riflessione ecclesiale sia proprio oggi dalla stessa parte, aumentandone cos\u00ec significato, portata e partecipazione.<\/p>\n\n\n\n<p>*Insegna Dottrina Sociale della Chiesa, Pontificia Universit\u00e0 Gregoriana&nbsp;<\/p>\n","protected":false},"excerpt":{"rendered":"<p>La festa nazionale del lavoro, fissata il Primo Maggio, sembra estranea a questo nostro tempo. <\/p>\n","protected":false},"author":6636,"featured_media":23070,"comment_status":"closed","ping_status":"closed","sticky":false,"template":"","format":"standard","meta":{"footnotes":""},"categories":[9],"tags":[],"class_list":["post-23040","post","type-post","status-publish","format-standard","has-post-thumbnail","hentry","category-newsletter"],"yoast_head":"<!-- This site is optimized with the Yoast SEO plugin v27.5 - https:\/\/yoast.com\/product\/yoast-seo-wordpress\/ -->\n<title>1\u00b0 Maggio: un anniversario necessario che ancora ci parla - Nuovi Lavori<\/title>\n<meta name=\"robots\" content=\"index, follow, max-snippet:-1, max-image-preview:large, max-video-preview:-1\" \/>\n<link rel=\"canonical\" href=\"https:\/\/nuovi-lavori.it\/index.php\/1-maggio-un-anniversario-necessario-che-ancora-ci-parla\/\" \/>\n<meta property=\"og:locale\" content=\"it_IT\" \/>\n<meta property=\"og:type\" content=\"article\" \/>\n<meta property=\"og:title\" content=\"1\u00b0 Maggio: un anniversario necessario che ancora ci parla - Nuovi Lavori\" \/>\n<meta property=\"og:description\" content=\"La festa nazionale del lavoro, fissata il Primo Maggio, sembra estranea a questo nostro tempo.\" \/>\n<meta property=\"og:url\" content=\"https:\/\/nuovi-lavori.it\/index.php\/1-maggio-un-anniversario-necessario-che-ancora-ci-parla\/\" \/>\n<meta property=\"og:site_name\" content=\"Nuovi Lavori\" \/>\n<meta property=\"article:published_time\" content=\"2026-04-29T16:20:16+00:00\" \/>\n<meta property=\"article:modified_time\" content=\"2026-04-29T17:14:43+00:00\" \/>\n<meta property=\"og:image\" content=\"https:\/\/nuovi-lavori.it\/wp-content\/uploads\/2026\/04\/dfgdgfdg.jpg\" \/>\n\t<meta property=\"og:image:width\" content=\"454\" \/>\n\t<meta property=\"og:image:height\" content=\"294\" \/>\n\t<meta property=\"og:image:type\" content=\"image\/jpeg\" \/>\n<meta name=\"author\" content=\"Emilia Palladino*\" \/>\n<meta name=\"twitter:card\" content=\"summary_large_image\" \/>\n<meta name=\"twitter:label1\" content=\"Scritto da\" \/>\n\t<meta name=\"twitter:data1\" content=\"Emilia Palladino*\" \/>\n\t<meta name=\"twitter:label2\" content=\"Tempo di lettura stimato\" \/>\n\t<meta name=\"twitter:data2\" content=\"7 minuti\" \/>\n<script type=\"application\/ld+json\" class=\"yoast-schema-graph\">{\"@context\":\"https:\\\/\\\/schema.org\",\"@graph\":[{\"@type\":\"Article\",\"@id\":\"https:\\\/\\\/nuovi-lavori.it\\\/index.php\\\/1-maggio-un-anniversario-necessario-che-ancora-ci-parla\\\/#article\",\"isPartOf\":{\"@id\":\"https:\\\/\\\/nuovi-lavori.it\\\/index.php\\\/1-maggio-un-anniversario-necessario-che-ancora-ci-parla\\\/\"},\"author\":{\"name\":\"Emilia Palladino*\",\"@id\":\"https:\\\/\\\/nuovi-lavori.it\\\/#\\\/schema\\\/person\\\/73762fa81166040cd97d98e8238bd5cb\"},\"headline\":\"1\u00b0 Maggio: un anniversario necessario che ancora ci parla\",\"datePublished\":\"2026-04-29T16:20:16+00:00\",\"dateModified\":\"2026-04-29T17:14:43+00:00\",\"mainEntityOfPage\":{\"@id\":\"https:\\\/\\\/nuovi-lavori.it\\\/index.php\\\/1-maggio-un-anniversario-necessario-che-ancora-ci-parla\\\/\"},\"wordCount\":1124,\"publisher\":{\"@id\":\"https:\\\/\\\/nuovi-lavori.it\\\/#organization\"},\"image\":{\"@id\":\"https:\\\/\\\/nuovi-lavori.it\\\/index.php\\\/1-maggio-un-anniversario-necessario-che-ancora-ci-parla\\\/#primaryimage\"},\"thumbnailUrl\":\"https:\\\/\\\/nuovi-lavori.it\\\/wp-content\\\/uploads\\\/2026\\\/04\\\/dfgdgfdg.jpg\",\"articleSection\":[\"Newsletter\"],\"inLanguage\":\"it-IT\"},{\"@type\":\"WebPage\",\"@id\":\"https:\\\/\\\/nuovi-lavori.it\\\/index.php\\\/1-maggio-un-anniversario-necessario-che-ancora-ci-parla\\\/\",\"url\":\"https:\\\/\\\/nuovi-lavori.it\\\/index.php\\\/1-maggio-un-anniversario-necessario-che-ancora-ci-parla\\\/\",\"name\":\"1\u00b0 Maggio: un anniversario necessario che ancora ci parla - Nuovi Lavori\",\"isPartOf\":{\"@id\":\"https:\\\/\\\/nuovi-lavori.it\\\/#website\"},\"primaryImageOfPage\":{\"@id\":\"https:\\\/\\\/nuovi-lavori.it\\\/index.php\\\/1-maggio-un-anniversario-necessario-che-ancora-ci-parla\\\/#primaryimage\"},\"image\":{\"@id\":\"https:\\\/\\\/nuovi-lavori.it\\\/index.php\\\/1-maggio-un-anniversario-necessario-che-ancora-ci-parla\\\/#primaryimage\"},\"thumbnailUrl\":\"https:\\\/\\\/nuovi-lavori.it\\\/wp-content\\\/uploads\\\/2026\\\/04\\\/dfgdgfdg.jpg\",\"datePublished\":\"2026-04-29T16:20:16+00:00\",\"dateModified\":\"2026-04-29T17:14:43+00:00\",\"breadcrumb\":{\"@id\":\"https:\\\/\\\/nuovi-lavori.it\\\/index.php\\\/1-maggio-un-anniversario-necessario-che-ancora-ci-parla\\\/#breadcrumb\"},\"inLanguage\":\"it-IT\",\"potentialAction\":[{\"@type\":\"ReadAction\",\"target\":[\"https:\\\/\\\/nuovi-lavori.it\\\/index.php\\\/1-maggio-un-anniversario-necessario-che-ancora-ci-parla\\\/\"]}]},{\"@type\":\"ImageObject\",\"inLanguage\":\"it-IT\",\"@id\":\"https:\\\/\\\/nuovi-lavori.it\\\/index.php\\\/1-maggio-un-anniversario-necessario-che-ancora-ci-parla\\\/#primaryimage\",\"url\":\"https:\\\/\\\/nuovi-lavori.it\\\/wp-content\\\/uploads\\\/2026\\\/04\\\/dfgdgfdg.jpg\",\"contentUrl\":\"https:\\\/\\\/nuovi-lavori.it\\\/wp-content\\\/uploads\\\/2026\\\/04\\\/dfgdgfdg.jpg\",\"width\":454,\"height\":294,\"caption\":\"Screenshot\"},{\"@type\":\"BreadcrumbList\",\"@id\":\"https:\\\/\\\/nuovi-lavori.it\\\/index.php\\\/1-maggio-un-anniversario-necessario-che-ancora-ci-parla\\\/#breadcrumb\",\"itemListElement\":[{\"@type\":\"ListItem\",\"position\":1,\"name\":\"Home\",\"item\":\"https:\\\/\\\/nuovi-lavori.it\\\/\"},{\"@type\":\"ListItem\",\"position\":2,\"name\":\"Newsletter\",\"item\":\"https:\\\/\\\/nuovi-lavori.it\\\/index.php\\\/category\\\/newsletter\\\/\"},{\"@type\":\"ListItem\",\"position\":3,\"name\":\"1\u00b0 Maggio: un anniversario necessario che ancora ci parla\"}]},{\"@type\":\"WebSite\",\"@id\":\"https:\\\/\\\/nuovi-lavori.it\\\/#website\",\"url\":\"https:\\\/\\\/nuovi-lavori.it\\\/\",\"name\":\"Nuovi Lavori\",\"description\":\"\",\"publisher\":{\"@id\":\"https:\\\/\\\/nuovi-lavori.it\\\/#organization\"},\"potentialAction\":[{\"@type\":\"SearchAction\",\"target\":{\"@type\":\"EntryPoint\",\"urlTemplate\":\"https:\\\/\\\/nuovi-lavori.it\\\/?s={search_term_string}\"},\"query-input\":{\"@type\":\"PropertyValueSpecification\",\"valueRequired\":true,\"valueName\":\"search_term_string\"}}],\"inLanguage\":\"it-IT\"},{\"@type\":\"Organization\",\"@id\":\"https:\\\/\\\/nuovi-lavori.it\\\/#organization\",\"name\":\"Nuovi Lavori\",\"url\":\"https:\\\/\\\/nuovi-lavori.it\\\/\",\"logo\":{\"@type\":\"ImageObject\",\"inLanguage\":\"it-IT\",\"@id\":\"https:\\\/\\\/nuovi-lavori.it\\\/#\\\/schema\\\/logo\\\/image\\\/\",\"url\":\"http:\\\/\\\/5.249.146.118\\\/wp-content\\\/uploads\\\/2013\\\/11\\\/images_logonl.jpg\",\"contentUrl\":\"http:\\\/\\\/5.249.146.118\\\/wp-content\\\/uploads\\\/2013\\\/11\\\/images_logonl.jpg\",\"width\":400,\"height\":327,\"caption\":\"Nuovi Lavori\"},\"image\":{\"@id\":\"https:\\\/\\\/nuovi-lavori.it\\\/#\\\/schema\\\/logo\\\/image\\\/\"},\"sameAs\":[\"https:\\\/\\\/www.youtube.com\\\/user\\\/newsletteranl\"]},{\"@type\":\"Person\",\"@id\":\"https:\\\/\\\/nuovi-lavori.it\\\/#\\\/schema\\\/person\\\/73762fa81166040cd97d98e8238bd5cb\",\"name\":\"Emilia Palladino*\",\"image\":{\"@type\":\"ImageObject\",\"inLanguage\":\"it-IT\",\"@id\":\"https:\\\/\\\/secure.gravatar.com\\\/avatar\\\/5d167820fa1d931a0cd8f4454dd7336ae1344c36e44516722534c9f4eaefe98d?s=96&d=mm&r=g\",\"url\":\"https:\\\/\\\/secure.gravatar.com\\\/avatar\\\/5d167820fa1d931a0cd8f4454dd7336ae1344c36e44516722534c9f4eaefe98d?s=96&d=mm&r=g\",\"contentUrl\":\"https:\\\/\\\/secure.gravatar.com\\\/avatar\\\/5d167820fa1d931a0cd8f4454dd7336ae1344c36e44516722534c9f4eaefe98d?s=96&d=mm&r=g\",\"caption\":\"Emilia Palladino*\"},\"url\":\"https:\\\/\\\/nuovi-lavori.it\\\/index.php\\\/author\\\/emilia-palladino\\\/\"}]}<\/script>\n<!-- \/ Yoast SEO plugin. -->","yoast_head_json":{"title":"1\u00b0 Maggio: un anniversario necessario che ancora ci parla - Nuovi Lavori","robots":{"index":"index","follow":"follow","max-snippet":"max-snippet:-1","max-image-preview":"max-image-preview:large","max-video-preview":"max-video-preview:-1"},"canonical":"https:\/\/nuovi-lavori.it\/index.php\/1-maggio-un-anniversario-necessario-che-ancora-ci-parla\/","og_locale":"it_IT","og_type":"article","og_title":"1\u00b0 Maggio: un anniversario necessario che ancora ci parla - Nuovi Lavori","og_description":"La festa nazionale del lavoro, fissata il Primo Maggio, sembra estranea a questo nostro tempo.","og_url":"https:\/\/nuovi-lavori.it\/index.php\/1-maggio-un-anniversario-necessario-che-ancora-ci-parla\/","og_site_name":"Nuovi Lavori","article_published_time":"2026-04-29T16:20:16+00:00","article_modified_time":"2026-04-29T17:14:43+00:00","og_image":[{"width":454,"height":294,"url":"https:\/\/nuovi-lavori.it\/wp-content\/uploads\/2026\/04\/dfgdgfdg.jpg","type":"image\/jpeg"}],"author":"Emilia Palladino*","twitter_card":"summary_large_image","twitter_misc":{"Scritto da":"Emilia Palladino*","Tempo di lettura stimato":"7 minuti"},"schema":{"@context":"https:\/\/schema.org","@graph":[{"@type":"Article","@id":"https:\/\/nuovi-lavori.it\/index.php\/1-maggio-un-anniversario-necessario-che-ancora-ci-parla\/#article","isPartOf":{"@id":"https:\/\/nuovi-lavori.it\/index.php\/1-maggio-un-anniversario-necessario-che-ancora-ci-parla\/"},"author":{"name":"Emilia Palladino*","@id":"https:\/\/nuovi-lavori.it\/#\/schema\/person\/73762fa81166040cd97d98e8238bd5cb"},"headline":"1\u00b0 Maggio: un anniversario necessario che ancora ci parla","datePublished":"2026-04-29T16:20:16+00:00","dateModified":"2026-04-29T17:14:43+00:00","mainEntityOfPage":{"@id":"https:\/\/nuovi-lavori.it\/index.php\/1-maggio-un-anniversario-necessario-che-ancora-ci-parla\/"},"wordCount":1124,"publisher":{"@id":"https:\/\/nuovi-lavori.it\/#organization"},"image":{"@id":"https:\/\/nuovi-lavori.it\/index.php\/1-maggio-un-anniversario-necessario-che-ancora-ci-parla\/#primaryimage"},"thumbnailUrl":"https:\/\/nuovi-lavori.it\/wp-content\/uploads\/2026\/04\/dfgdgfdg.jpg","articleSection":["Newsletter"],"inLanguage":"it-IT"},{"@type":"WebPage","@id":"https:\/\/nuovi-lavori.it\/index.php\/1-maggio-un-anniversario-necessario-che-ancora-ci-parla\/","url":"https:\/\/nuovi-lavori.it\/index.php\/1-maggio-un-anniversario-necessario-che-ancora-ci-parla\/","name":"1\u00b0 Maggio: un anniversario necessario che ancora ci parla - Nuovi Lavori","isPartOf":{"@id":"https:\/\/nuovi-lavori.it\/#website"},"primaryImageOfPage":{"@id":"https:\/\/nuovi-lavori.it\/index.php\/1-maggio-un-anniversario-necessario-che-ancora-ci-parla\/#primaryimage"},"image":{"@id":"https:\/\/nuovi-lavori.it\/index.php\/1-maggio-un-anniversario-necessario-che-ancora-ci-parla\/#primaryimage"},"thumbnailUrl":"https:\/\/nuovi-lavori.it\/wp-content\/uploads\/2026\/04\/dfgdgfdg.jpg","datePublished":"2026-04-29T16:20:16+00:00","dateModified":"2026-04-29T17:14:43+00:00","breadcrumb":{"@id":"https:\/\/nuovi-lavori.it\/index.php\/1-maggio-un-anniversario-necessario-che-ancora-ci-parla\/#breadcrumb"},"inLanguage":"it-IT","potentialAction":[{"@type":"ReadAction","target":["https:\/\/nuovi-lavori.it\/index.php\/1-maggio-un-anniversario-necessario-che-ancora-ci-parla\/"]}]},{"@type":"ImageObject","inLanguage":"it-IT","@id":"https:\/\/nuovi-lavori.it\/index.php\/1-maggio-un-anniversario-necessario-che-ancora-ci-parla\/#primaryimage","url":"https:\/\/nuovi-lavori.it\/wp-content\/uploads\/2026\/04\/dfgdgfdg.jpg","contentUrl":"https:\/\/nuovi-lavori.it\/wp-content\/uploads\/2026\/04\/dfgdgfdg.jpg","width":454,"height":294,"caption":"Screenshot"},{"@type":"BreadcrumbList","@id":"https:\/\/nuovi-lavori.it\/index.php\/1-maggio-un-anniversario-necessario-che-ancora-ci-parla\/#breadcrumb","itemListElement":[{"@type":"ListItem","position":1,"name":"Home","item":"https:\/\/nuovi-lavori.it\/"},{"@type":"ListItem","position":2,"name":"Newsletter","item":"https:\/\/nuovi-lavori.it\/index.php\/category\/newsletter\/"},{"@type":"ListItem","position":3,"name":"1\u00b0 Maggio: un anniversario necessario che ancora ci parla"}]},{"@type":"WebSite","@id":"https:\/\/nuovi-lavori.it\/#website","url":"https:\/\/nuovi-lavori.it\/","name":"Nuovi Lavori","description":"","publisher":{"@id":"https:\/\/nuovi-lavori.it\/#organization"},"potentialAction":[{"@type":"SearchAction","target":{"@type":"EntryPoint","urlTemplate":"https:\/\/nuovi-lavori.it\/?s={search_term_string}"},"query-input":{"@type":"PropertyValueSpecification","valueRequired":true,"valueName":"search_term_string"}}],"inLanguage":"it-IT"},{"@type":"Organization","@id":"https:\/\/nuovi-lavori.it\/#organization","name":"Nuovi Lavori","url":"https:\/\/nuovi-lavori.it\/","logo":{"@type":"ImageObject","inLanguage":"it-IT","@id":"https:\/\/nuovi-lavori.it\/#\/schema\/logo\/image\/","url":"http:\/\/5.249.146.118\/wp-content\/uploads\/2013\/11\/images_logonl.jpg","contentUrl":"http:\/\/5.249.146.118\/wp-content\/uploads\/2013\/11\/images_logonl.jpg","width":400,"height":327,"caption":"Nuovi Lavori"},"image":{"@id":"https:\/\/nuovi-lavori.it\/#\/schema\/logo\/image\/"},"sameAs":["https:\/\/www.youtube.com\/user\/newsletteranl"]},{"@type":"Person","@id":"https:\/\/nuovi-lavori.it\/#\/schema\/person\/73762fa81166040cd97d98e8238bd5cb","name":"Emilia Palladino*","image":{"@type":"ImageObject","inLanguage":"it-IT","@id":"https:\/\/secure.gravatar.com\/avatar\/5d167820fa1d931a0cd8f4454dd7336ae1344c36e44516722534c9f4eaefe98d?s=96&d=mm&r=g","url":"https:\/\/secure.gravatar.com\/avatar\/5d167820fa1d931a0cd8f4454dd7336ae1344c36e44516722534c9f4eaefe98d?s=96&d=mm&r=g","contentUrl":"https:\/\/secure.gravatar.com\/avatar\/5d167820fa1d931a0cd8f4454dd7336ae1344c36e44516722534c9f4eaefe98d?s=96&d=mm&r=g","caption":"Emilia Palladino*"},"url":"https:\/\/nuovi-lavori.it\/index.php\/author\/emilia-palladino\/"}]}},"_links":{"self":[{"href":"https:\/\/nuovi-lavori.it\/index.php\/wp-json\/wp\/v2\/posts\/23040","targetHints":{"allow":["GET"]}}],"collection":[{"href":"https:\/\/nuovi-lavori.it\/index.php\/wp-json\/wp\/v2\/posts"}],"about":[{"href":"https:\/\/nuovi-lavori.it\/index.php\/wp-json\/wp\/v2\/types\/post"}],"author":[{"embeddable":true,"href":"https:\/\/nuovi-lavori.it\/index.php\/wp-json\/wp\/v2\/users\/6636"}],"replies":[{"embeddable":true,"href":"https:\/\/nuovi-lavori.it\/index.php\/wp-json\/wp\/v2\/comments?post=23040"}],"version-history":[{"count":1,"href":"https:\/\/nuovi-lavori.it\/index.php\/wp-json\/wp\/v2\/posts\/23040\/revisions"}],"predecessor-version":[{"id":23041,"href":"https:\/\/nuovi-lavori.it\/index.php\/wp-json\/wp\/v2\/posts\/23040\/revisions\/23041"}],"wp:featuredmedia":[{"embeddable":true,"href":"https:\/\/nuovi-lavori.it\/index.php\/wp-json\/wp\/v2\/media\/23070"}],"wp:attachment":[{"href":"https:\/\/nuovi-lavori.it\/index.php\/wp-json\/wp\/v2\/media?parent=23040"}],"wp:term":[{"taxonomy":"category","embeddable":true,"href":"https:\/\/nuovi-lavori.it\/index.php\/wp-json\/wp\/v2\/categories?post=23040"},{"taxonomy":"post_tag","embeddable":true,"href":"https:\/\/nuovi-lavori.it\/index.php\/wp-json\/wp\/v2\/tags?post=23040"}],"curies":[{"name":"wp","href":"https:\/\/api.w.org\/{rel}","templated":true}]}}