{"id":23042,"date":"2026-04-29T18:22:45","date_gmt":"2026-04-29T16:22:45","guid":{"rendered":"https:\/\/nuovi-lavori.it\/?p=23042"},"modified":"2026-04-29T19:15:18","modified_gmt":"2026-04-29T17:15:18","slug":"liberazione25-aprile-1945-2026","status":"publish","type":"post","link":"https:\/\/nuovi-lavori.it\/index.php\/liberazione25-aprile-1945-2026\/","title":{"rendered":"Liberazione:25 aprile 1945\/2026"},"content":{"rendered":"\n<p>Oggi festeggiamo la Liberazione con la leggerezza del pensiero e con l\u2019allegria che ci danno il tempo libero e la primavera.<\/p>\n\n\n\n<p>Un momento di questa giornata lo dedichiamo all\u2019origine di questa data e ai ricordi che vi si affollano, rievocando l\u2019epopea della Resistenza, i molti atti di eroismo che la caratterizzarono, le azioni e i misfatti truci dei nazifascisti.<\/p>\n\n\n\n<p>Vivere questo momento \u00e8 un segno della consapevolezza del valore della Libert\u00e0 che non deve soggiacere alla ritualit\u00e0 ma deve sollecitarci a elaborare i ricordi e attualizzarne i significati, a confrontare con questo valore, con il valore della Libert\u00e0, ogni nostra interpretazione del presente, ogni nostra<\/p>\n\n\n\n<p>progettazione del futuro, ogni nostro anelito di speranza.<\/p>\n\n\n\n<p>Il 25 aprile del 1945, giorno della Liberazione, fu il giorno in cui i nazisti e i fascisti furono espulsi dall\u2019Italia.<\/p>\n\n\n\n<p>Noi romani vivemmo questo entusiasmo della Liberazione il 4 giugno del 1944, quando gli alleati liberarono Roma.<\/p>\n\n\n\n<p>Un altro giorno di entusiasmo fu il 9 maggio 1945, quando fu annunciata la fine della Seconda guerra mondiale e si apr\u00ec una speranza di Pace.<\/p>\n\n\n\n<p>Da allora la Pace fu la meta della speranza. Ognuno con una sua idea di Pace. Ognuno con una speranza, nella consapevolezza che la speranza non \u00e8 una fiducia cieca nella casualit\u00e0 ma \u00e8 il progredire di un\u2019azione che si inserisce nella storia, se ha sempre come caratteristica e come fine la Libert\u00e0.<\/p>\n\n\n\n<p>Queste riflessioni ci aiutano a dare senso alla Festa della Liberazione. Al nesso tra Liberazione e Libert\u00e0. Italo Calvino ci indicava questo percorso ne \u201cIl sentiero dei nidi di ragno\u201d.<\/p>\n\n\n\n<p>Un approfondimento ulteriore ci porta a una densa letteratura con autori quali Hannah Arendt, Isaiah Berlin e, pi\u00f9 lontano ancora, John Stuart Mill.<\/p>\n\n\n\n<p>Fermiamoci per\u00f2 tra di noi.<\/p>\n\n\n\n<p>Qui, sotto la lapide che ricorda Saverio Tunetti**, trucidato a La Storta il giorno della Liberazione di Roma, insieme a Bruno Buozzi e altri 13 antifascisti, detenuti in Via Tasso.<\/p>\n\n\n\n<p>Oppure, leggendo i nomi di tante strade intorno a noi che richiama antifascisti trucidati alle Fosse Ardeatine. Oppure, i nomi di alcuni martiri del Risorgimento, come i fratelli Archibugi ricordati in una via dietro Viale Tiziano.<\/p>\n\n\n\n<p>Perch\u00e9 ricordare? Perch\u00e9 celebrare? Perch\u00e9 ricordare e celebrare ci sollecitano la memoria, che \u00e8 un processo continuo di rielaborazione e di attualizzazione di quelle esperienze, vissute o celebrate come esempi e criteri per vedere, considerare, interpretare la realt\u00e0.<\/p>\n\n\n\n<p>La realt\u00e0 che vediamo oggi ci fa uscire da queste mura, da questi spazi. Ci fa vedere il mondo intero nelle sue realt\u00e0 e nelle sue tragedie, anche se ci limitiamo a vedere le ragioni e le regioni pi\u00f9 prossime.<\/p>\n\n\n\n<p>L\u2019invasione dell\u2019Ucraina da parte della Russia ci riporta alla Resistenza. Non solo alle sue gesta, ma ai suoi valori. Alla lotta per l\u2019indipendenza e per la Libert\u00e0.<\/p>\n\n\n\n<p>L\u2019efferatezza della prepotenza russa non si ferma alla sola invasione ma si espande con la distruzione delle citt\u00e0, con l\u2019uccisone di migliaia di civili, donne e bambini soprattutto, con la morte di migliaia di giovani soldati, non solo ucraini ma anche russi, mandati questi allo sbaraglio come accade alle<\/p>\n\n\n\n<p>dittature che sacrificano i loro popoli per smania di prepotenza e di predominio.<\/p>\n\n\n\n<p>Dall\u2019altra parte scendiamo nel Medioriente dove un\u2019eterna rivalit\u00e0 religiosa tra musulmani ed ebrei porta alla strage del 7 ottobre da parte di Hamas e alla reazione feroce e spropositata del governo, dittatoriale di fatto, di Netanyahu<\/p>\n\n\n\n<p>in Israele, che, per espugnare Hamas, fa strage di civili,<\/p>\n\n\n\n<p>Una strage, come quella di Gaza, che si espande, che rischia di coinvolgere l\u2019intero mondo in una guerra di religione che, in quanto tale, non avr\u00e0 mai fine e che diviene efferata se ai principi religiosi si affiancano mire di potenza, prepotenza e di potere, sollecitate da azioni e propositi miopi e prepotenti<\/p>\n\n\n\n<p>dell\u2018attuale Presidente degli Stati Uniti, che mettono per\u00f2 in luce rivalit\u00e0 di potere anche all\u2019interno dell\u2019Iran \u2013 tra autorit\u00e0 civili\/religiose e militari \u2013 che rischiano di allontanare ogni prospettiva, non solo di pace ma di tregua duratura.<\/p>\n\n\n\n<p>Da qui alleanze spurie. In particolare, quella degli Stati Uniti di Trump con Israele che sviluppa una pretesa di comando del governo attuale degli Stati Uniti che non comprende che la sua volont\u00e0 di potenza e della spartizione del mondo &#8211; con un\u2019interpretazione e rievocazione malintesa degli accordi di Yalta &#8211; fa s\u00ec che il contrasto tra il governo di Trump e l\u2019Europa pu\u00f2 solo indebolire, se non a breve, e frustrare quella cultura occidentale che nel corso dei secoli ha trovato confronti e dialoghi con le altre culture del mondo.<\/p>\n\n\n\n<p>Ecco, se rielaboriamo nella memoria la nostra storia, la nostra cultura, i sacrifici per liberarci delle dittature con prezzi altissimi, con la morte di tanti giovani nella guerra fascista iniziata nel 1940, di tanti civili morti nei bombardamenti<\/p>\n\n\n\n<p>Alleati ma anche nelle stragi naziste efferate di Marzabotto, di Sant\u2019Anna di Stazzema, delle Fosse Ardeatine, come la distruzione delle nostre citt\u00e0, die nostri porti, delle nostre strade, dei nostri monumenti e &#8211; io mi ricordo &#8211; nella<\/p>\n\n\n\n<p>mia citt\u00e0, la fucilazione di Dino Savelli e sette altri da parte dei nazisti, oppure la serie di stupri e di saccheggi da Cassino in su, riusciamo a comprendere i<\/p>\n\n\n\n<p>fatti che ci circondano, ci allarmano e gi\u00e0 ci danneggiano e molti altri pi\u00f9 lontani nel mondo.<\/p>\n\n\n\n<p>Ecco questi ricordi noi li elaboriamo nella memoria. Nonostante questi eventi cos\u00ec truci noi festeggiamo la Liberazione perch\u00e9 \u00e8 un prezzo pagato per la Libert\u00e0.<\/p>\n\n\n\n<p>Con la Liberazione, la Libert\u00e0 \u00e8 stata sancita dalla democrazia e dalla nostra Costituzione.<\/p>\n\n\n\n<p>La Costituzione non \u00e8 solo un insieme di norme. La Costituzione ci ispira, in particolare con l\u2019articolo 3**, che la Libert\u00e0 va costruita e mantenuta nel rispetto reciproco. Un<\/p>\n\n\n\n<p>rispetto che indica un\u2019etica alle singole persone, ma anche alla lotta politica.<\/p>\n\n\n\n<p>Che in questo caso, ne rende pi\u00f9 arduo il confronto che &#8211; prima che su problemi di economia, gestione e amministrazione &#8211; deve caratterizzarsi per l\u2019adesione alle norme e allo spirito della Costituzione. Nella politica interna come in quella estera.<\/p>\n\n\n\n<p>Una Costituzione che non tralascia la difesa e la sicurezza dei nostri confini ma che ripudia la guerra e incita alla Pace.<\/p>\n\n\n\n<p>Una Costituzione che rifugge dai principi nazionalisti ma vede nella cooperazione internazionale, nell\u2019interazione con altre culture, nel senso che trasmette a quelle e da quelle prende esempi e principi per sviluppare unaPcultura occidentale che ci ha caratterizzato nei secoli.<\/p>\n\n\n\n<p>Una Costituzione che in questi ottanta anni ha visto l\u2019Italia partecipe con altri paesi alla costruzione dell\u2019Europa, ancora da completare, a una collocazione internazionale aperta e coinvolgente con tutti i paesi che rispondono con comportamenti democratici reciproci, culturali e commerciali.<\/p>\n\n\n\n<p>Una Costituzione che insieme alla indicazione dei diritti da rispettare indica anche criteri di superamento delle diseguaglianze, di clemenza, e di superamento dei contrasti con gli strumenti della democrazia da attuare sia a livello pubblico che personale.<\/p>\n\n\n\n<p>Tutti questi criteri, da non irrigidire come principi, sono ispirati ai valori della Liberazione e alla Libert\u00e0 per cui si \u00e8 lottato.<\/p>\n\n\n\n<p>\u00c8 in questo senso che possiamo inneggiare e festeggiare la Liberazione perch\u00e9 Liberazione \u00e8 Libert\u00e0.<\/p>\n\n\n\n<p><em>*Vicepresidente Circolo Fratelli Rosselli, intervento sotto la lapide di Saverio Tunetti, in viale del Vignola, Roma 25\/04\/2026<\/em><\/p>\n\n\n\n<p><a href=\"mailto:panizzigiorgio@gmail.com\"><em>panizzigiorgio@gmail.com<\/em><\/a><\/p>\n\n\n\n<p><em>** Saverio Tunetti. Nato a Palermo il 29 novembre 1913, trucidato a La Storta (Roma) il 4 giugno 1944, maestro elementare, tenente. Militante socialista, dopo l&#8217;8 settembre 1943, entr\u00f2 a far parte a Roma (dove era stato mobilitato in Aeronautica), delle Brigate Matteotti. Con l&#8217;incarico di responsabile della III Zona, fu attivo sino al 5 maggio 1944, allorch\u00e9 fu arrestato dai nazisti. Rinchiuso nelle celle di via Tasso, Tunetti rifiut\u00f2 di cedere a minacce e torture e fu cos\u00ec raggruppato dai nazisti con i detenuti che si riservavano di eliminare alla prima rappresaglia a cui sarebbero ricorsi. All&#8217;atto di abbandonare Roma, Tunetti fu prelevato dai tedeschi con altri prigionieri (tra i quali Bruno Buozzi) e a La Storta fu abbattuto a raffiche di mitra con i suoi compagni. A Roma, dove gli \u00e8 stata intitolata una strada, una lapide lo ricorda in Viale del Vignola 73.<\/em><\/p>\n\n\n\n<p><em>*** Cost. art. 3: Tutti i cittadini hanno pari dignit\u00e0 sociale e sono eguali davanti alla legge, senzadistinzione di sesso, di razza, di lingua, di religione, di opinioni politiche, di condizioni personali e<\/em><\/p>\n\n\n\n<p><em>sociali. \u00c8 compito della Repubblica rimuovere gli ostacoli di ordine economico e sociale, che, limitando di fatto la libert\u00e0 e l&#8217;eguaglianza dei cittadini, impediscono il pieno sviluppo. della persona umana e l&#8217;effettiva partecipazione di tutti i lavoratori all&#8217;organizzazione politica, economica e sociale del Paese.<\/em><\/p>\n\n\n\n<p><\/p>\n","protected":false},"excerpt":{"rendered":"<p>Oggi festeggiamo la Liberazione con la leggerezza del pensiero e con l\u2019allegria che ci danno il tempo libero e la primavera.<\/p>\n","protected":false},"author":6371,"featured_media":23068,"comment_status":"closed","ping_status":"closed","sticky":false,"template":"","format":"standard","meta":{"footnotes":""},"categories":[9],"tags":[],"class_list":["post-23042","post","type-post","status-publish","format-standard","has-post-thumbnail","hentry","category-newsletter"],"yoast_head":"<!-- This site is optimized with the Yoast SEO plugin v27.5 - https:\/\/yoast.com\/product\/yoast-seo-wordpress\/ -->\n<title>Liberazione:25 aprile 1945\/2026 - Nuovi Lavori<\/title>\n<meta name=\"robots\" content=\"index, follow, max-snippet:-1, max-image-preview:large, max-video-preview:-1\" \/>\n<link rel=\"canonical\" href=\"https:\/\/nuovi-lavori.it\/index.php\/liberazione25-aprile-1945-2026\/\" \/>\n<meta property=\"og:locale\" content=\"it_IT\" \/>\n<meta property=\"og:type\" content=\"article\" \/>\n<meta property=\"og:title\" content=\"Liberazione:25 aprile 1945\/2026 - Nuovi Lavori\" \/>\n<meta property=\"og:description\" content=\"Oggi festeggiamo la Liberazione con la leggerezza del pensiero e con l\u2019allegria che ci danno il tempo libero e la primavera.\" \/>\n<meta property=\"og:url\" content=\"https:\/\/nuovi-lavori.it\/index.php\/liberazione25-aprile-1945-2026\/\" \/>\n<meta property=\"og:site_name\" content=\"Nuovi Lavori\" \/>\n<meta property=\"article:published_time\" content=\"2026-04-29T16:22:45+00:00\" \/>\n<meta property=\"article:modified_time\" content=\"2026-04-29T17:15:18+00:00\" \/>\n<meta property=\"og:image\" content=\"https:\/\/nuovi-lavori.it\/wp-content\/uploads\/2026\/04\/0000.jpg\" \/>\n\t<meta property=\"og:image:width\" content=\"628\" \/>\n\t<meta property=\"og:image:height\" content=\"396\" \/>\n\t<meta property=\"og:image:type\" content=\"image\/jpeg\" \/>\n<meta name=\"author\" content=\"Giorgio Panizzi *\" \/>\n<meta name=\"twitter:card\" content=\"summary_large_image\" \/>\n<meta name=\"twitter:label1\" content=\"Scritto da\" \/>\n\t<meta name=\"twitter:data1\" content=\"Giorgio Panizzi *\" \/>\n\t<meta name=\"twitter:label2\" content=\"Tempo di lettura stimato\" \/>\n\t<meta name=\"twitter:data2\" content=\"8 minuti\" \/>\n<script type=\"application\/ld+json\" class=\"yoast-schema-graph\">{\"@context\":\"https:\\\/\\\/schema.org\",\"@graph\":[{\"@type\":\"Article\",\"@id\":\"https:\\\/\\\/nuovi-lavori.it\\\/index.php\\\/liberazione25-aprile-1945-2026\\\/#article\",\"isPartOf\":{\"@id\":\"https:\\\/\\\/nuovi-lavori.it\\\/index.php\\\/liberazione25-aprile-1945-2026\\\/\"},\"author\":{\"name\":\"Giorgio Panizzi *\",\"@id\":\"https:\\\/\\\/nuovi-lavori.it\\\/#\\\/schema\\\/person\\\/2fdc0c56afa6cb20d49302a5845f24b4\"},\"headline\":\"Liberazione:25 aprile 1945\\\/2026\",\"datePublished\":\"2026-04-29T16:22:45+00:00\",\"dateModified\":\"2026-04-29T17:15:18+00:00\",\"mainEntityOfPage\":{\"@id\":\"https:\\\/\\\/nuovi-lavori.it\\\/index.php\\\/liberazione25-aprile-1945-2026\\\/\"},\"wordCount\":1401,\"publisher\":{\"@id\":\"https:\\\/\\\/nuovi-lavori.it\\\/#organization\"},\"image\":{\"@id\":\"https:\\\/\\\/nuovi-lavori.it\\\/index.php\\\/liberazione25-aprile-1945-2026\\\/#primaryimage\"},\"thumbnailUrl\":\"https:\\\/\\\/nuovi-lavori.it\\\/wp-content\\\/uploads\\\/2026\\\/04\\\/0000.jpg\",\"articleSection\":[\"Newsletter\"],\"inLanguage\":\"it-IT\"},{\"@type\":\"WebPage\",\"@id\":\"https:\\\/\\\/nuovi-lavori.it\\\/index.php\\\/liberazione25-aprile-1945-2026\\\/\",\"url\":\"https:\\\/\\\/nuovi-lavori.it\\\/index.php\\\/liberazione25-aprile-1945-2026\\\/\",\"name\":\"Liberazione:25 aprile 1945\\\/2026 - Nuovi Lavori\",\"isPartOf\":{\"@id\":\"https:\\\/\\\/nuovi-lavori.it\\\/#website\"},\"primaryImageOfPage\":{\"@id\":\"https:\\\/\\\/nuovi-lavori.it\\\/index.php\\\/liberazione25-aprile-1945-2026\\\/#primaryimage\"},\"image\":{\"@id\":\"https:\\\/\\\/nuovi-lavori.it\\\/index.php\\\/liberazione25-aprile-1945-2026\\\/#primaryimage\"},\"thumbnailUrl\":\"https:\\\/\\\/nuovi-lavori.it\\\/wp-content\\\/uploads\\\/2026\\\/04\\\/0000.jpg\",\"datePublished\":\"2026-04-29T16:22:45+00:00\",\"dateModified\":\"2026-04-29T17:15:18+00:00\",\"breadcrumb\":{\"@id\":\"https:\\\/\\\/nuovi-lavori.it\\\/index.php\\\/liberazione25-aprile-1945-2026\\\/#breadcrumb\"},\"inLanguage\":\"it-IT\",\"potentialAction\":[{\"@type\":\"ReadAction\",\"target\":[\"https:\\\/\\\/nuovi-lavori.it\\\/index.php\\\/liberazione25-aprile-1945-2026\\\/\"]}]},{\"@type\":\"ImageObject\",\"inLanguage\":\"it-IT\",\"@id\":\"https:\\\/\\\/nuovi-lavori.it\\\/index.php\\\/liberazione25-aprile-1945-2026\\\/#primaryimage\",\"url\":\"https:\\\/\\\/nuovi-lavori.it\\\/wp-content\\\/uploads\\\/2026\\\/04\\\/0000.jpg\",\"contentUrl\":\"https:\\\/\\\/nuovi-lavori.it\\\/wp-content\\\/uploads\\\/2026\\\/04\\\/0000.jpg\",\"width\":628,\"height\":396},{\"@type\":\"BreadcrumbList\",\"@id\":\"https:\\\/\\\/nuovi-lavori.it\\\/index.php\\\/liberazione25-aprile-1945-2026\\\/#breadcrumb\",\"itemListElement\":[{\"@type\":\"ListItem\",\"position\":1,\"name\":\"Home\",\"item\":\"https:\\\/\\\/nuovi-lavori.it\\\/\"},{\"@type\":\"ListItem\",\"position\":2,\"name\":\"Newsletter\",\"item\":\"https:\\\/\\\/nuovi-lavori.it\\\/index.php\\\/category\\\/newsletter\\\/\"},{\"@type\":\"ListItem\",\"position\":3,\"name\":\"Liberazione:25 aprile 1945\\\/2026\"}]},{\"@type\":\"WebSite\",\"@id\":\"https:\\\/\\\/nuovi-lavori.it\\\/#website\",\"url\":\"https:\\\/\\\/nuovi-lavori.it\\\/\",\"name\":\"Nuovi Lavori\",\"description\":\"\",\"publisher\":{\"@id\":\"https:\\\/\\\/nuovi-lavori.it\\\/#organization\"},\"potentialAction\":[{\"@type\":\"SearchAction\",\"target\":{\"@type\":\"EntryPoint\",\"urlTemplate\":\"https:\\\/\\\/nuovi-lavori.it\\\/?s={search_term_string}\"},\"query-input\":{\"@type\":\"PropertyValueSpecification\",\"valueRequired\":true,\"valueName\":\"search_term_string\"}}],\"inLanguage\":\"it-IT\"},{\"@type\":\"Organization\",\"@id\":\"https:\\\/\\\/nuovi-lavori.it\\\/#organization\",\"name\":\"Nuovi Lavori\",\"url\":\"https:\\\/\\\/nuovi-lavori.it\\\/\",\"logo\":{\"@type\":\"ImageObject\",\"inLanguage\":\"it-IT\",\"@id\":\"https:\\\/\\\/nuovi-lavori.it\\\/#\\\/schema\\\/logo\\\/image\\\/\",\"url\":\"http:\\\/\\\/5.249.146.118\\\/wp-content\\\/uploads\\\/2013\\\/11\\\/images_logonl.jpg\",\"contentUrl\":\"http:\\\/\\\/5.249.146.118\\\/wp-content\\\/uploads\\\/2013\\\/11\\\/images_logonl.jpg\",\"width\":400,\"height\":327,\"caption\":\"Nuovi Lavori\"},\"image\":{\"@id\":\"https:\\\/\\\/nuovi-lavori.it\\\/#\\\/schema\\\/logo\\\/image\\\/\"},\"sameAs\":[\"https:\\\/\\\/www.youtube.com\\\/user\\\/newsletteranl\"]},{\"@type\":\"Person\",\"@id\":\"https:\\\/\\\/nuovi-lavori.it\\\/#\\\/schema\\\/person\\\/2fdc0c56afa6cb20d49302a5845f24b4\",\"name\":\"Giorgio Panizzi *\",\"image\":{\"@type\":\"ImageObject\",\"inLanguage\":\"it-IT\",\"@id\":\"https:\\\/\\\/secure.gravatar.com\\\/avatar\\\/38d500134f448cfadac02685030cf0225bc813e86d27917291e1ca285f1b245c?s=96&d=mm&r=g\",\"url\":\"https:\\\/\\\/secure.gravatar.com\\\/avatar\\\/38d500134f448cfadac02685030cf0225bc813e86d27917291e1ca285f1b245c?s=96&d=mm&r=g\",\"contentUrl\":\"https:\\\/\\\/secure.gravatar.com\\\/avatar\\\/38d500134f448cfadac02685030cf0225bc813e86d27917291e1ca285f1b245c?s=96&d=mm&r=g\",\"caption\":\"Giorgio Panizzi *\"},\"url\":\"https:\\\/\\\/nuovi-lavori.it\\\/index.php\\\/author\\\/giorgio-panizzi\\\/\"}]}<\/script>\n<!-- \/ Yoast SEO plugin. -->","yoast_head_json":{"title":"Liberazione:25 aprile 1945\/2026 - Nuovi Lavori","robots":{"index":"index","follow":"follow","max-snippet":"max-snippet:-1","max-image-preview":"max-image-preview:large","max-video-preview":"max-video-preview:-1"},"canonical":"https:\/\/nuovi-lavori.it\/index.php\/liberazione25-aprile-1945-2026\/","og_locale":"it_IT","og_type":"article","og_title":"Liberazione:25 aprile 1945\/2026 - Nuovi Lavori","og_description":"Oggi festeggiamo la Liberazione con la leggerezza del pensiero e con l\u2019allegria che ci danno il tempo libero e la primavera.","og_url":"https:\/\/nuovi-lavori.it\/index.php\/liberazione25-aprile-1945-2026\/","og_site_name":"Nuovi Lavori","article_published_time":"2026-04-29T16:22:45+00:00","article_modified_time":"2026-04-29T17:15:18+00:00","og_image":[{"width":628,"height":396,"url":"https:\/\/nuovi-lavori.it\/wp-content\/uploads\/2026\/04\/0000.jpg","type":"image\/jpeg"}],"author":"Giorgio Panizzi *","twitter_card":"summary_large_image","twitter_misc":{"Scritto da":"Giorgio Panizzi *","Tempo di lettura stimato":"8 minuti"},"schema":{"@context":"https:\/\/schema.org","@graph":[{"@type":"Article","@id":"https:\/\/nuovi-lavori.it\/index.php\/liberazione25-aprile-1945-2026\/#article","isPartOf":{"@id":"https:\/\/nuovi-lavori.it\/index.php\/liberazione25-aprile-1945-2026\/"},"author":{"name":"Giorgio Panizzi *","@id":"https:\/\/nuovi-lavori.it\/#\/schema\/person\/2fdc0c56afa6cb20d49302a5845f24b4"},"headline":"Liberazione:25 aprile 1945\/2026","datePublished":"2026-04-29T16:22:45+00:00","dateModified":"2026-04-29T17:15:18+00:00","mainEntityOfPage":{"@id":"https:\/\/nuovi-lavori.it\/index.php\/liberazione25-aprile-1945-2026\/"},"wordCount":1401,"publisher":{"@id":"https:\/\/nuovi-lavori.it\/#organization"},"image":{"@id":"https:\/\/nuovi-lavori.it\/index.php\/liberazione25-aprile-1945-2026\/#primaryimage"},"thumbnailUrl":"https:\/\/nuovi-lavori.it\/wp-content\/uploads\/2026\/04\/0000.jpg","articleSection":["Newsletter"],"inLanguage":"it-IT"},{"@type":"WebPage","@id":"https:\/\/nuovi-lavori.it\/index.php\/liberazione25-aprile-1945-2026\/","url":"https:\/\/nuovi-lavori.it\/index.php\/liberazione25-aprile-1945-2026\/","name":"Liberazione:25 aprile 1945\/2026 - Nuovi Lavori","isPartOf":{"@id":"https:\/\/nuovi-lavori.it\/#website"},"primaryImageOfPage":{"@id":"https:\/\/nuovi-lavori.it\/index.php\/liberazione25-aprile-1945-2026\/#primaryimage"},"image":{"@id":"https:\/\/nuovi-lavori.it\/index.php\/liberazione25-aprile-1945-2026\/#primaryimage"},"thumbnailUrl":"https:\/\/nuovi-lavori.it\/wp-content\/uploads\/2026\/04\/0000.jpg","datePublished":"2026-04-29T16:22:45+00:00","dateModified":"2026-04-29T17:15:18+00:00","breadcrumb":{"@id":"https:\/\/nuovi-lavori.it\/index.php\/liberazione25-aprile-1945-2026\/#breadcrumb"},"inLanguage":"it-IT","potentialAction":[{"@type":"ReadAction","target":["https:\/\/nuovi-lavori.it\/index.php\/liberazione25-aprile-1945-2026\/"]}]},{"@type":"ImageObject","inLanguage":"it-IT","@id":"https:\/\/nuovi-lavori.it\/index.php\/liberazione25-aprile-1945-2026\/#primaryimage","url":"https:\/\/nuovi-lavori.it\/wp-content\/uploads\/2026\/04\/0000.jpg","contentUrl":"https:\/\/nuovi-lavori.it\/wp-content\/uploads\/2026\/04\/0000.jpg","width":628,"height":396},{"@type":"BreadcrumbList","@id":"https:\/\/nuovi-lavori.it\/index.php\/liberazione25-aprile-1945-2026\/#breadcrumb","itemListElement":[{"@type":"ListItem","position":1,"name":"Home","item":"https:\/\/nuovi-lavori.it\/"},{"@type":"ListItem","position":2,"name":"Newsletter","item":"https:\/\/nuovi-lavori.it\/index.php\/category\/newsletter\/"},{"@type":"ListItem","position":3,"name":"Liberazione:25 aprile 1945\/2026"}]},{"@type":"WebSite","@id":"https:\/\/nuovi-lavori.it\/#website","url":"https:\/\/nuovi-lavori.it\/","name":"Nuovi Lavori","description":"","publisher":{"@id":"https:\/\/nuovi-lavori.it\/#organization"},"potentialAction":[{"@type":"SearchAction","target":{"@type":"EntryPoint","urlTemplate":"https:\/\/nuovi-lavori.it\/?s={search_term_string}"},"query-input":{"@type":"PropertyValueSpecification","valueRequired":true,"valueName":"search_term_string"}}],"inLanguage":"it-IT"},{"@type":"Organization","@id":"https:\/\/nuovi-lavori.it\/#organization","name":"Nuovi Lavori","url":"https:\/\/nuovi-lavori.it\/","logo":{"@type":"ImageObject","inLanguage":"it-IT","@id":"https:\/\/nuovi-lavori.it\/#\/schema\/logo\/image\/","url":"http:\/\/5.249.146.118\/wp-content\/uploads\/2013\/11\/images_logonl.jpg","contentUrl":"http:\/\/5.249.146.118\/wp-content\/uploads\/2013\/11\/images_logonl.jpg","width":400,"height":327,"caption":"Nuovi Lavori"},"image":{"@id":"https:\/\/nuovi-lavori.it\/#\/schema\/logo\/image\/"},"sameAs":["https:\/\/www.youtube.com\/user\/newsletteranl"]},{"@type":"Person","@id":"https:\/\/nuovi-lavori.it\/#\/schema\/person\/2fdc0c56afa6cb20d49302a5845f24b4","name":"Giorgio Panizzi *","image":{"@type":"ImageObject","inLanguage":"it-IT","@id":"https:\/\/secure.gravatar.com\/avatar\/38d500134f448cfadac02685030cf0225bc813e86d27917291e1ca285f1b245c?s=96&d=mm&r=g","url":"https:\/\/secure.gravatar.com\/avatar\/38d500134f448cfadac02685030cf0225bc813e86d27917291e1ca285f1b245c?s=96&d=mm&r=g","contentUrl":"https:\/\/secure.gravatar.com\/avatar\/38d500134f448cfadac02685030cf0225bc813e86d27917291e1ca285f1b245c?s=96&d=mm&r=g","caption":"Giorgio Panizzi *"},"url":"https:\/\/nuovi-lavori.it\/index.php\/author\/giorgio-panizzi\/"}]}},"_links":{"self":[{"href":"https:\/\/nuovi-lavori.it\/index.php\/wp-json\/wp\/v2\/posts\/23042","targetHints":{"allow":["GET"]}}],"collection":[{"href":"https:\/\/nuovi-lavori.it\/index.php\/wp-json\/wp\/v2\/posts"}],"about":[{"href":"https:\/\/nuovi-lavori.it\/index.php\/wp-json\/wp\/v2\/types\/post"}],"author":[{"embeddable":true,"href":"https:\/\/nuovi-lavori.it\/index.php\/wp-json\/wp\/v2\/users\/6371"}],"replies":[{"embeddable":true,"href":"https:\/\/nuovi-lavori.it\/index.php\/wp-json\/wp\/v2\/comments?post=23042"}],"version-history":[{"count":1,"href":"https:\/\/nuovi-lavori.it\/index.php\/wp-json\/wp\/v2\/posts\/23042\/revisions"}],"predecessor-version":[{"id":23043,"href":"https:\/\/nuovi-lavori.it\/index.php\/wp-json\/wp\/v2\/posts\/23042\/revisions\/23043"}],"wp:featuredmedia":[{"embeddable":true,"href":"https:\/\/nuovi-lavori.it\/index.php\/wp-json\/wp\/v2\/media\/23068"}],"wp:attachment":[{"href":"https:\/\/nuovi-lavori.it\/index.php\/wp-json\/wp\/v2\/media?parent=23042"}],"wp:term":[{"taxonomy":"category","embeddable":true,"href":"https:\/\/nuovi-lavori.it\/index.php\/wp-json\/wp\/v2\/categories?post=23042"},{"taxonomy":"post_tag","embeddable":true,"href":"https:\/\/nuovi-lavori.it\/index.php\/wp-json\/wp\/v2\/tags?post=23042"}],"curies":[{"name":"wp","href":"https:\/\/api.w.org\/{rel}","templated":true}]}}