{"id":23044,"date":"2026-04-29T18:25:31","date_gmt":"2026-04-29T16:25:31","guid":{"rendered":"https:\/\/nuovi-lavori.it\/?p=23044"},"modified":"2026-04-29T19:13:30","modified_gmt":"2026-04-29T17:13:30","slug":"salari-contratti-rappresentanza-alcune-modeste-proposte","status":"publish","type":"post","link":"https:\/\/nuovi-lavori.it\/index.php\/salari-contratti-rappresentanza-alcune-modeste-proposte\/","title":{"rendered":"Salari, contratti, rappresentanza, alcune \u201cmodeste proposte\u201d"},"content":{"rendered":"\n<p>Il dibattito, in materia di lavoro, si sta focalizzando su alcune precise questioni: le basse retribuzioni, la tutela dei salari reali, il ruolo del CCNL, la rappresentanza sindacale. Tuttavia, mi sembra che, in tutte queste analisi, ci sia un limite comune. Quello del particolarismo.&nbsp; Ci si concentra su un aspetto particolare e si trascura il contesto di riferimento. Cos\u00ec&nbsp;facendo si presume di trovare una facile soluzione a problemi complessi, con scorciatoie che rischiano di non essere per\u00f2 una soluzione efficace.<\/p>\n\n\n\n<p>Parto da una considerazione generale &#8220;Ci sono pi\u00f9 cose tra cielo e terra di quante non ne contenga la tua filosofia\u2026Orazio&#8221;.<\/p>\n\n\n\n<p>Intendo dire, con questo, che l\u2019analisi delle questioni prima indicate, rischia di non approfondire le stesse, non tenendo conto di una pluralit\u00e0 di situazioni, molto eterogenee tra loro.&nbsp;<\/p>\n\n\n\n<p>Mi limito ad esprimere alcune considerazioni in ordine sparso.<\/p>\n\n\n\n<p>Prima questione: la tutela del potere di acquisto dei salari \u00e8 cosa diversa dalle basse retribuzioni presenti in Italia, rispetto ad altri paesi europei.&nbsp;<\/p>\n\n\n\n<p>La seconda questione prescinde dalla prima e temo si posso riferire essenzialmente alla struttura economico-produttiva del nostro paese (polverizzazione delle imprese, settori a scarso valore aggiunto, insufficiente innovazione tecnologica e infine stagnante produttivit\u00e0 dell\u2019intero \u201csistema paese\u201d).<\/p>\n\n\n\n<p>Invece la tutela del potere di acquisto degli attuali livelli retributivi, ha una stretta relazione con la contrattazione sindacale.<\/p>\n\n\n\n<p>La domanda che ci si pone \u00e8, correttamente, quella relativa al ruolo della contrattazione sindacale, specie negli ultimi anni, e alla sua capacit\u00e0 di tutelare il potere di acquisto delle retribuzioni.<\/p>\n\n\n\n<p>M riferisco ai rinnovi contrattuali nazionali, non gi\u00e0 alla contrattazione di secondo livello (Questa \u00e8 prevista dal nostro sistema industriale per distribuire gli incrementi di produttivit\u00e0,&nbsp;l\u00e0 dove&nbsp;ci sono stati, oltre la semplice tutela del potere di acquisto).<\/p>\n\n\n\n<p>Su questo punto \u00e8 bene non mischiare pere con mele.&nbsp;<\/p>\n\n\n\n<p>Direi che la sintesi pi\u00f9 efficace sia la seguente: in alcune categorie i rinnovi contrattuali sono riusciti, seppur con fatica, a tutelare il potere di acquisto delle retribuzioni, mentre in altre categorie no!&nbsp;<\/p>\n\n\n\n<p>Non ci sono riuscite le categorie del pubblico impiego (non certo per effetto di dumping dei contratti pirata, che non ci sono!) come non ci sono riuscite le categorie dei servizi e del terziario.<\/p>\n\n\n\n<p>A mio parere la causa principale risiede, essenzialmente nel ritardo dei rinnovi contrattuali. Quale la soluzione? inserire una clausola automatica&nbsp;di garanzia? Provate ad immaginare l&#8217;effetto perverso sul trascinamento dell&#8217;inflazione di questa &#8220;scorciatoia&#8221;.<\/p>\n\n\n\n<p>Ammesso e non concesso che tale clausola fosse in grado di recuperare anche solo il 90% della perdita di potere di acquisto, la domanda sorge spontanea: perch\u00e9 allora rinnovare i contratti? qualcuno mi direbbe che ci sono anche altri aspetti altrettanto importanti oltre a quello salariale.&nbsp; Ma come sa bene chi ha fatto il sindacalista &#8220;sul campo&#8221;, il rinnovo di contratti, disancorati dalla parte retributiva, rischia davvero di impantanarsi, per lungo tempo, in trattative estenuanti e inconcludenti.<\/p>\n\n\n\n<p>Un&#8217;altra strada sarebbe la c.d. &#8220;moral suasion&#8221; da parte di chi, come il Ministero del Lavoro, avrebbe titolo per intervenire nel conflitto tra le parti. Qualcuno ricorda il &#8220;lodo Scotti&#8221;? A parte che ci vorrebbero ministri autorevoli, ve lo immaginate il Ministro del Lavoro che convoca il Governo per il ritardo del rinnovo delle categorie del pubblico impiego? Allora non c&#8217;\u00e8 soluzione? Io ho una &#8220;modesta e piccola proposta&#8221; siano le parti sociali ad inserire, autonomamente, una clausola che affida ad un soggetto terzo (scelto&nbsp;precedentemente tra le parti) un arbitrato vincolante, su TUTTI gli aspetti del rinnovo contrattuale (magari dopo un periodo di tempo considerato un grave &#8220;vulnus&#8221; dell&#8217;assetto contrattuale stesso, per esempio non si pu\u00f2 saltare una tornata contrattuale).<\/p>\n\n\n\n<p>Pensate che sia poco? andate a vedere quanti sono i contratti (tutti i contratti) che hanno saltato un rinnovo e poi mi dite.<\/p>\n\n\n\n<p>Certamente questo richiede un elevato livello di autonomia delle parti e un elevato livello di cogenza della loro contrattazione. Sono per\u00f2 convinto che l\u2019istituto dell\u2019arbitrato, presente nel nostro sistema giuridico e contrattuale, debba essere ulteriormente valorizzato.&nbsp;<\/p>\n\n\n\n<p>Non \u00e8 una cessione di sovranit\u00e0, anzi sono le parti stesse che affidano a questo soggetto il compito di dirimere, nel rispetto della struttura, storicamente data, delle Relazioni Industriali, questioni che se non risulte rischierebbero di porre in discussione la struttura stessa della contrattazione. Si tratta di un pi\u00f9 alto livello di maturit\u00e0 del sistema relazionale.<\/p>\n\n\n\n<p>Andiamo al secondo problema: l&#8217;indice IPCA. Da pi\u00f9&nbsp;parti si \u00e8 detto che tale indice, non registrando gli effetti dell&#8217;inflazione&nbsp;importata delle materie prime, non \u00e8 in grado di assicurare la tutela del potere di acquisto nei periodi di fiammate inflazionistiche.&nbsp;Vero! Quindi che fare? Si torna alla contingenza?&nbsp;<\/p>\n\n\n\n<p>Qui vorrei essere esplicito, non ho sentito nessuna concreta proposta di superamento dell&#8217;IPCA, forse perch\u00e9 tutti temono che inserendo una clausola di rinnovo automatico dei minimi, l&#8217;effetto di trascinamento dell&#8217;inflazione sarebbe pi\u00f9 dannoso del proposito di tutelare gli stessi? (Tarantelli docet!).<\/p>\n\n\n\n<p>Che si fa quando assistiamo a fiammate&nbsp;inflazionistiche&nbsp;generate da fattori esogeni geopolitici (stretto di Hormuz)? Come si tutela in questo caso il potere di acquisto delle retribuzioni senza trascinare effetti perversi sull&#8217;inflazione stessa?&nbsp;<\/p>\n\n\n\n<p>Anche qui, una modesta proposta, che parte dalla&nbsp;constatazione che dobbiamo evitare impatti significativi con effetti di trascinamento quali l&#8217;aumento dei&nbsp;minimi contrattuali in linea con la fiammata inflazionistica e nello stesso tempo dare ristoro alla repentina caduta del potere di acquisto.&nbsp;<\/p>\n\n\n\n<p>Che ne pensate della vecchia&nbsp;e vituperata&nbsp;UNA TANTUM (peraltro applicata massicciamente in Francia durante il Covid)? Magari questa s\u00ec, non gli aumenti contrattuali, del tutto esente dal prelievo fiscale (IRPEF..non contributivo).<\/p>\n\n\n\n<p>Entro un tetto massimo, le parti potrebbero, in via emergenziale negoziare, come si dice, &#8220;comprando tempo&#8221; per vedere quale zoccolo duro inflazionistico poi andr\u00e0 davvero trasferito sui salari e sui prezzi a regime.<\/p>\n\n\n\n<p>Andiamo infine all&#8217;ultimo \u201cgroviglio\u201d di tematiche. Quello dei contratti pirata, della rappresentanza e del salario minimo per legge. Considero queste tre questioni collegate tra loro e prover\u00f2 a spiegare il perch\u00e9.<\/p>\n\n\n\n<p>Sui contratti pirata mi pare che il CNEL abbia recentemente fatto pulizia nei propri archivi registrando la semplice verit\u00e0, ossia che&nbsp;i 200 contratti &#8220;maggiormente applicati&#8221;&nbsp;coprono il 98 % dei lavoratori. Invece i c.d. contratti pirata interessano circa 350.000 lavoratori. Non \u00e8 una cifra significativa ma resta un problema serio.<\/p>\n\n\n\n<p>Si invoca da pi\u00f9 parti una legge sulla rappresentanza in applicazione dell&#8217;art. 39 cost. che eviterebbe il fenomeno dei c.d. contratti pirata. Vero!<\/p>\n\n\n\n<p>Peccato che nessuno ricordi che questa legge c&#8217;era gi\u00e0 (prima dello sciagurato referendum del 1995) ed era l&#8217;articolo 19 dello Statuto dei Lavoratori.<\/p>\n\n\n\n<p>Tale articolo prevedeva dei criteri per la definizione dei sindacati comparativamente maggiormente rappresentativi, criteri che la Giurisprudenza aveva pacificamente consolidato.<\/p>\n\n\n\n<p>Con il referendum del 1995, quei criteri sono stati sostituiti dalla semplice disposizione legislativa che erano legittimati&nbsp;a costituire le RSA i sindacati che sottoscrivevano contratti in azienda, qualunque sindacato, purch\u00e9&nbsp;riconosciuto dal suo datore di lavoro.&nbsp;<\/p>\n\n\n\n<p>Come direbbe M. Lutero \u201csi era consentito al cinghiale di entrare nella vigna del Signore\u201d<\/p>\n\n\n\n<p>Tanto per chiarire, andate a vedere quanti erano i contratti pirata prima del 1995 e quanti dopo.<\/p>\n\n\n\n<p>Sul tema della rappresentanza e sulla sua misurazione, evidenzio solo una questione a cui non risponde nemmeno l&#8217;accordo interconfederale sulla rappresentanza.<\/p>\n\n\n\n<p>Il motivo \u00e8&nbsp; semplice, tale accordo non \u00e8 in grado di definire &#8220;il perimetro&#8221; del campo di applicazione entro il quale la stessa rappresentanza&nbsp; si deve misurare.<\/p>\n\n\n\n<p>Come \u00e8 noto, ogni contratto collettivo individua nella sua prima parte &#8220;il campo di applicazione&#8221;.<\/p>\n\n\n\n<p>Se li leggete trovate che molti si sovrappongono, a parte quelli con una storia di tutto rispetto come il ccnl dei &#8220;marmi e lapidei&#8221; e quello di &#8220;trippa e budella&#8221;. Ci sono davvero controllate! e sono davvero bellissimi, altro che contratti pirata.&nbsp;<\/p>\n\n\n\n<p>Una piccola osservazione. Laddove i padri costituenti volevano esplicitamente che fosse la legge, in materia di lavoro, a regolare l&#8217;applicazione del dettato costituzionale, l&#8217;hanno esplicitamente scritto!!!&nbsp;<\/p>\n\n\n\n<p>Cos\u00ec nell&#8217;art. 40 sul diritto di sciopero, cos\u00ec nell&#8217;art. 46 sulla partecipazione.&nbsp;<\/p>\n\n\n\n<p>Se non l&#8217;hanno scritto per l&#8217;art. 39 e per l&#8217;art.36 \u00e8 perch\u00e9 erano distratti? e se ne sono dimenticati? o perch\u00e9 saggiamente&nbsp;coglievano i rischi di una &#8220;invasione&#8221; legislativa in materia?&nbsp;&nbsp;<\/p>\n\n\n\n<p>Questo vuol dire che la legge non deve e non pu\u00f2 fare nulla? io credo di no, la legge pu\u00f2 (come fece l&#8217;originario art. 19 dello Statuto)&nbsp;indicare alcuni criteri guida.<\/p>\n\n\n\n<p>Per esempio, nel caso dei perimetri contrattuali, sarebbe interessante cominciare a dire che i CCNL sono una materia complessa, che abbracciano diversi temi, tutti importanti per la regolamentazione delle modalit\u00e0 di prestazione del lavoro subordinato, e che non sono solo i minimi salariali. Quindi, perch\u00e9&nbsp;non dare piena legittimit\u00e0 alla previdenza integrativa? Sapete quanti sono i fondi integrativi sotto la vigilanza del COVIP? quelli contrattuali 33.&nbsp;<\/p>\n\n\n\n<p>Sarebbe cos\u00ec&nbsp;disdicevole indicare, per legge, tra i requisiti necessari per il riconoscimento della figura giuridica di &#8220;Contratto Collettivo Nazionale di Lavoro&#8221; quello di avere tra le altre regolazioni della parte obbligatoria anche quella della previdenza&nbsp;complementare collettiva? Magari entro questo perimetro la misurazione della rappresentanza diventa pi\u00f9 lineare.<\/p>\n\n\n\n<p>Vieppi\u00f9, un aiutino alle prospettive pensionistiche future, potrebbe anche venire dalla ovvia riflessione che l&#8217;adesione ai fondi complementari costituisce parte obbligatoria del rapporto di lavoro, sia del dipendente, sia del datore di lavoro, come il salario (in fondo si tratta di salario differito no?).<\/p>\n\n\n\n<p>Veniamo quindi al tema del salario minimo. Chiariamo per cortesia cosa NON pu\u00f2 fare il salario minimo. Cos\u00ec almeno facciamo un po\u2019 di pulizia concettuale: il salario minimo, lo dice la parola stessa, NON risolve il problema dei salari bassi! NON risolve il problema dei part time involontari (9 euro orarie per 20 ore fa sempre la met\u00e0 di 9 euro orarie per 40 ore), NON incentiva alcuna contrattazione collettiva&#8230;anzi.&nbsp;<\/p>\n\n\n\n<p>Serve per indicare quale retribuzione di riferimento considerare dignitosa in ottemperanza all&#8217;art. 36 cost?? ma allora torniamo al punto dei CCNL e della loro applicazione, si provi a leggere il combinato disposto dell&#8217;ART. 36 e dell&#8217;ART. 39 cost. magari qualche enigma troverebbe una sua soluzione.<\/p>\n\n\n\n<p>Saggi e beati costituenti!!.<\/p>\n\n\n\n<p>Ci\u00f2 detto il salario minimo per legge farebbe dei danni? NO finch\u00e8 appunto rimane MINIMO.<\/p>\n","protected":false},"excerpt":{"rendered":"<p>Il dibattito, in materia di lavoro, si sta focalizzando su alcune precise questioni: le basse retribuzioni, la tutela dei salari reali, il ruolo del CCNL, la rappresentanza sindacale<\/p>\n","protected":false},"author":6531,"featured_media":23067,"comment_status":"closed","ping_status":"closed","sticky":false,"template":"","format":"standard","meta":{"footnotes":""},"categories":[9],"tags":[],"class_list":["post-23044","post","type-post","status-publish","format-standard","has-post-thumbnail","hentry","category-newsletter"],"yoast_head":"<!-- This site is optimized with the Yoast SEO plugin v27.5 - https:\/\/yoast.com\/product\/yoast-seo-wordpress\/ -->\n<title>Salari, contratti, rappresentanza, alcune \u201cmodeste proposte\u201d - Nuovi Lavori<\/title>\n<meta name=\"robots\" content=\"index, follow, max-snippet:-1, max-image-preview:large, max-video-preview:-1\" \/>\n<link rel=\"canonical\" href=\"https:\/\/nuovi-lavori.it\/index.php\/salari-contratti-rappresentanza-alcune-modeste-proposte\/\" \/>\n<meta property=\"og:locale\" content=\"it_IT\" \/>\n<meta property=\"og:type\" content=\"article\" \/>\n<meta property=\"og:title\" content=\"Salari, contratti, rappresentanza, alcune \u201cmodeste proposte\u201d - Nuovi Lavori\" \/>\n<meta property=\"og:description\" content=\"Il dibattito, in materia di lavoro, si sta focalizzando su alcune precise questioni: le basse retribuzioni, la tutela dei salari reali, il ruolo del CCNL, la rappresentanza sindacale\" \/>\n<meta property=\"og:url\" content=\"https:\/\/nuovi-lavori.it\/index.php\/salari-contratti-rappresentanza-alcune-modeste-proposte\/\" \/>\n<meta property=\"og:site_name\" content=\"Nuovi Lavori\" \/>\n<meta property=\"article:published_time\" content=\"2026-04-29T16:25:31+00:00\" \/>\n<meta property=\"article:modified_time\" content=\"2026-04-29T17:13:30+00:00\" \/>\n<meta property=\"og:image\" content=\"https:\/\/nuovi-lavori.it\/wp-content\/uploads\/2026\/04\/modestaopinione.jpg\" \/>\n\t<meta property=\"og:image:width\" content=\"599\" \/>\n\t<meta property=\"og:image:height\" content=\"430\" \/>\n\t<meta property=\"og:image:type\" content=\"image\/jpeg\" \/>\n<meta name=\"author\" content=\"Luigi Marelli\" \/>\n<meta name=\"twitter:card\" content=\"summary_large_image\" \/>\n<meta name=\"twitter:label1\" content=\"Scritto da\" \/>\n\t<meta name=\"twitter:data1\" content=\"Luigi Marelli\" \/>\n\t<meta name=\"twitter:label2\" content=\"Tempo di lettura stimato\" \/>\n\t<meta name=\"twitter:data2\" content=\"10 minuti\" \/>\n<script type=\"application\/ld+json\" class=\"yoast-schema-graph\">{\"@context\":\"https:\\\/\\\/schema.org\",\"@graph\":[{\"@type\":\"Article\",\"@id\":\"https:\\\/\\\/nuovi-lavori.it\\\/index.php\\\/salari-contratti-rappresentanza-alcune-modeste-proposte\\\/#article\",\"isPartOf\":{\"@id\":\"https:\\\/\\\/nuovi-lavori.it\\\/index.php\\\/salari-contratti-rappresentanza-alcune-modeste-proposte\\\/\"},\"author\":{\"name\":\"Luigi Marelli\",\"@id\":\"https:\\\/\\\/nuovi-lavori.it\\\/#\\\/schema\\\/person\\\/69638a419089248df086a715801a71de\"},\"headline\":\"Salari, contratti, rappresentanza, alcune \u201cmodeste proposte\u201d\",\"datePublished\":\"2026-04-29T16:25:31+00:00\",\"dateModified\":\"2026-04-29T17:13:30+00:00\",\"mainEntityOfPage\":{\"@id\":\"https:\\\/\\\/nuovi-lavori.it\\\/index.php\\\/salari-contratti-rappresentanza-alcune-modeste-proposte\\\/\"},\"wordCount\":1682,\"publisher\":{\"@id\":\"https:\\\/\\\/nuovi-lavori.it\\\/#organization\"},\"image\":{\"@id\":\"https:\\\/\\\/nuovi-lavori.it\\\/index.php\\\/salari-contratti-rappresentanza-alcune-modeste-proposte\\\/#primaryimage\"},\"thumbnailUrl\":\"https:\\\/\\\/nuovi-lavori.it\\\/wp-content\\\/uploads\\\/2026\\\/04\\\/modestaopinione.jpg\",\"articleSection\":[\"Newsletter\"],\"inLanguage\":\"it-IT\"},{\"@type\":\"WebPage\",\"@id\":\"https:\\\/\\\/nuovi-lavori.it\\\/index.php\\\/salari-contratti-rappresentanza-alcune-modeste-proposte\\\/\",\"url\":\"https:\\\/\\\/nuovi-lavori.it\\\/index.php\\\/salari-contratti-rappresentanza-alcune-modeste-proposte\\\/\",\"name\":\"Salari, contratti, rappresentanza, alcune \u201cmodeste proposte\u201d - Nuovi Lavori\",\"isPartOf\":{\"@id\":\"https:\\\/\\\/nuovi-lavori.it\\\/#website\"},\"primaryImageOfPage\":{\"@id\":\"https:\\\/\\\/nuovi-lavori.it\\\/index.php\\\/salari-contratti-rappresentanza-alcune-modeste-proposte\\\/#primaryimage\"},\"image\":{\"@id\":\"https:\\\/\\\/nuovi-lavori.it\\\/index.php\\\/salari-contratti-rappresentanza-alcune-modeste-proposte\\\/#primaryimage\"},\"thumbnailUrl\":\"https:\\\/\\\/nuovi-lavori.it\\\/wp-content\\\/uploads\\\/2026\\\/04\\\/modestaopinione.jpg\",\"datePublished\":\"2026-04-29T16:25:31+00:00\",\"dateModified\":\"2026-04-29T17:13:30+00:00\",\"breadcrumb\":{\"@id\":\"https:\\\/\\\/nuovi-lavori.it\\\/index.php\\\/salari-contratti-rappresentanza-alcune-modeste-proposte\\\/#breadcrumb\"},\"inLanguage\":\"it-IT\",\"potentialAction\":[{\"@type\":\"ReadAction\",\"target\":[\"https:\\\/\\\/nuovi-lavori.it\\\/index.php\\\/salari-contratti-rappresentanza-alcune-modeste-proposte\\\/\"]}]},{\"@type\":\"ImageObject\",\"inLanguage\":\"it-IT\",\"@id\":\"https:\\\/\\\/nuovi-lavori.it\\\/index.php\\\/salari-contratti-rappresentanza-alcune-modeste-proposte\\\/#primaryimage\",\"url\":\"https:\\\/\\\/nuovi-lavori.it\\\/wp-content\\\/uploads\\\/2026\\\/04\\\/modestaopinione.jpg\",\"contentUrl\":\"https:\\\/\\\/nuovi-lavori.it\\\/wp-content\\\/uploads\\\/2026\\\/04\\\/modestaopinione.jpg\",\"width\":599,\"height\":430,\"caption\":\"Screenshot\"},{\"@type\":\"BreadcrumbList\",\"@id\":\"https:\\\/\\\/nuovi-lavori.it\\\/index.php\\\/salari-contratti-rappresentanza-alcune-modeste-proposte\\\/#breadcrumb\",\"itemListElement\":[{\"@type\":\"ListItem\",\"position\":1,\"name\":\"Home\",\"item\":\"https:\\\/\\\/nuovi-lavori.it\\\/\"},{\"@type\":\"ListItem\",\"position\":2,\"name\":\"Newsletter\",\"item\":\"https:\\\/\\\/nuovi-lavori.it\\\/index.php\\\/category\\\/newsletter\\\/\"},{\"@type\":\"ListItem\",\"position\":3,\"name\":\"Salari, contratti, rappresentanza, alcune \u201cmodeste proposte\u201d\"}]},{\"@type\":\"WebSite\",\"@id\":\"https:\\\/\\\/nuovi-lavori.it\\\/#website\",\"url\":\"https:\\\/\\\/nuovi-lavori.it\\\/\",\"name\":\"Nuovi Lavori\",\"description\":\"\",\"publisher\":{\"@id\":\"https:\\\/\\\/nuovi-lavori.it\\\/#organization\"},\"potentialAction\":[{\"@type\":\"SearchAction\",\"target\":{\"@type\":\"EntryPoint\",\"urlTemplate\":\"https:\\\/\\\/nuovi-lavori.it\\\/?s={search_term_string}\"},\"query-input\":{\"@type\":\"PropertyValueSpecification\",\"valueRequired\":true,\"valueName\":\"search_term_string\"}}],\"inLanguage\":\"it-IT\"},{\"@type\":\"Organization\",\"@id\":\"https:\\\/\\\/nuovi-lavori.it\\\/#organization\",\"name\":\"Nuovi Lavori\",\"url\":\"https:\\\/\\\/nuovi-lavori.it\\\/\",\"logo\":{\"@type\":\"ImageObject\",\"inLanguage\":\"it-IT\",\"@id\":\"https:\\\/\\\/nuovi-lavori.it\\\/#\\\/schema\\\/logo\\\/image\\\/\",\"url\":\"http:\\\/\\\/5.249.146.118\\\/wp-content\\\/uploads\\\/2013\\\/11\\\/images_logonl.jpg\",\"contentUrl\":\"http:\\\/\\\/5.249.146.118\\\/wp-content\\\/uploads\\\/2013\\\/11\\\/images_logonl.jpg\",\"width\":400,\"height\":327,\"caption\":\"Nuovi Lavori\"},\"image\":{\"@id\":\"https:\\\/\\\/nuovi-lavori.it\\\/#\\\/schema\\\/logo\\\/image\\\/\"},\"sameAs\":[\"https:\\\/\\\/www.youtube.com\\\/user\\\/newsletteranl\"]},{\"@type\":\"Person\",\"@id\":\"https:\\\/\\\/nuovi-lavori.it\\\/#\\\/schema\\\/person\\\/69638a419089248df086a715801a71de\",\"name\":\"Luigi Marelli\",\"image\":{\"@type\":\"ImageObject\",\"inLanguage\":\"it-IT\",\"@id\":\"https:\\\/\\\/secure.gravatar.com\\\/avatar\\\/d9bf2e6cb9f0f0d1ccefc7950641658640a9525f013c486f0dd9f4173a256e72?s=96&d=mm&r=g\",\"url\":\"https:\\\/\\\/secure.gravatar.com\\\/avatar\\\/d9bf2e6cb9f0f0d1ccefc7950641658640a9525f013c486f0dd9f4173a256e72?s=96&d=mm&r=g\",\"contentUrl\":\"https:\\\/\\\/secure.gravatar.com\\\/avatar\\\/d9bf2e6cb9f0f0d1ccefc7950641658640a9525f013c486f0dd9f4173a256e72?s=96&d=mm&r=g\",\"caption\":\"Luigi Marelli\"},\"url\":\"https:\\\/\\\/nuovi-lavori.it\\\/index.php\\\/author\\\/luigi-marelli\\\/\"}]}<\/script>\n<!-- \/ Yoast SEO plugin. -->","yoast_head_json":{"title":"Salari, contratti, rappresentanza, alcune \u201cmodeste proposte\u201d - Nuovi Lavori","robots":{"index":"index","follow":"follow","max-snippet":"max-snippet:-1","max-image-preview":"max-image-preview:large","max-video-preview":"max-video-preview:-1"},"canonical":"https:\/\/nuovi-lavori.it\/index.php\/salari-contratti-rappresentanza-alcune-modeste-proposte\/","og_locale":"it_IT","og_type":"article","og_title":"Salari, contratti, rappresentanza, alcune \u201cmodeste proposte\u201d - Nuovi Lavori","og_description":"Il dibattito, in materia di lavoro, si sta focalizzando su alcune precise questioni: le basse retribuzioni, la tutela dei salari reali, il ruolo del CCNL, la rappresentanza sindacale","og_url":"https:\/\/nuovi-lavori.it\/index.php\/salari-contratti-rappresentanza-alcune-modeste-proposte\/","og_site_name":"Nuovi Lavori","article_published_time":"2026-04-29T16:25:31+00:00","article_modified_time":"2026-04-29T17:13:30+00:00","og_image":[{"width":599,"height":430,"url":"https:\/\/nuovi-lavori.it\/wp-content\/uploads\/2026\/04\/modestaopinione.jpg","type":"image\/jpeg"}],"author":"Luigi Marelli","twitter_card":"summary_large_image","twitter_misc":{"Scritto da":"Luigi Marelli","Tempo di lettura stimato":"10 minuti"},"schema":{"@context":"https:\/\/schema.org","@graph":[{"@type":"Article","@id":"https:\/\/nuovi-lavori.it\/index.php\/salari-contratti-rappresentanza-alcune-modeste-proposte\/#article","isPartOf":{"@id":"https:\/\/nuovi-lavori.it\/index.php\/salari-contratti-rappresentanza-alcune-modeste-proposte\/"},"author":{"name":"Luigi Marelli","@id":"https:\/\/nuovi-lavori.it\/#\/schema\/person\/69638a419089248df086a715801a71de"},"headline":"Salari, contratti, rappresentanza, alcune \u201cmodeste proposte\u201d","datePublished":"2026-04-29T16:25:31+00:00","dateModified":"2026-04-29T17:13:30+00:00","mainEntityOfPage":{"@id":"https:\/\/nuovi-lavori.it\/index.php\/salari-contratti-rappresentanza-alcune-modeste-proposte\/"},"wordCount":1682,"publisher":{"@id":"https:\/\/nuovi-lavori.it\/#organization"},"image":{"@id":"https:\/\/nuovi-lavori.it\/index.php\/salari-contratti-rappresentanza-alcune-modeste-proposte\/#primaryimage"},"thumbnailUrl":"https:\/\/nuovi-lavori.it\/wp-content\/uploads\/2026\/04\/modestaopinione.jpg","articleSection":["Newsletter"],"inLanguage":"it-IT"},{"@type":"WebPage","@id":"https:\/\/nuovi-lavori.it\/index.php\/salari-contratti-rappresentanza-alcune-modeste-proposte\/","url":"https:\/\/nuovi-lavori.it\/index.php\/salari-contratti-rappresentanza-alcune-modeste-proposte\/","name":"Salari, contratti, rappresentanza, alcune \u201cmodeste proposte\u201d - Nuovi Lavori","isPartOf":{"@id":"https:\/\/nuovi-lavori.it\/#website"},"primaryImageOfPage":{"@id":"https:\/\/nuovi-lavori.it\/index.php\/salari-contratti-rappresentanza-alcune-modeste-proposte\/#primaryimage"},"image":{"@id":"https:\/\/nuovi-lavori.it\/index.php\/salari-contratti-rappresentanza-alcune-modeste-proposte\/#primaryimage"},"thumbnailUrl":"https:\/\/nuovi-lavori.it\/wp-content\/uploads\/2026\/04\/modestaopinione.jpg","datePublished":"2026-04-29T16:25:31+00:00","dateModified":"2026-04-29T17:13:30+00:00","breadcrumb":{"@id":"https:\/\/nuovi-lavori.it\/index.php\/salari-contratti-rappresentanza-alcune-modeste-proposte\/#breadcrumb"},"inLanguage":"it-IT","potentialAction":[{"@type":"ReadAction","target":["https:\/\/nuovi-lavori.it\/index.php\/salari-contratti-rappresentanza-alcune-modeste-proposte\/"]}]},{"@type":"ImageObject","inLanguage":"it-IT","@id":"https:\/\/nuovi-lavori.it\/index.php\/salari-contratti-rappresentanza-alcune-modeste-proposte\/#primaryimage","url":"https:\/\/nuovi-lavori.it\/wp-content\/uploads\/2026\/04\/modestaopinione.jpg","contentUrl":"https:\/\/nuovi-lavori.it\/wp-content\/uploads\/2026\/04\/modestaopinione.jpg","width":599,"height":430,"caption":"Screenshot"},{"@type":"BreadcrumbList","@id":"https:\/\/nuovi-lavori.it\/index.php\/salari-contratti-rappresentanza-alcune-modeste-proposte\/#breadcrumb","itemListElement":[{"@type":"ListItem","position":1,"name":"Home","item":"https:\/\/nuovi-lavori.it\/"},{"@type":"ListItem","position":2,"name":"Newsletter","item":"https:\/\/nuovi-lavori.it\/index.php\/category\/newsletter\/"},{"@type":"ListItem","position":3,"name":"Salari, contratti, rappresentanza, alcune \u201cmodeste proposte\u201d"}]},{"@type":"WebSite","@id":"https:\/\/nuovi-lavori.it\/#website","url":"https:\/\/nuovi-lavori.it\/","name":"Nuovi Lavori","description":"","publisher":{"@id":"https:\/\/nuovi-lavori.it\/#organization"},"potentialAction":[{"@type":"SearchAction","target":{"@type":"EntryPoint","urlTemplate":"https:\/\/nuovi-lavori.it\/?s={search_term_string}"},"query-input":{"@type":"PropertyValueSpecification","valueRequired":true,"valueName":"search_term_string"}}],"inLanguage":"it-IT"},{"@type":"Organization","@id":"https:\/\/nuovi-lavori.it\/#organization","name":"Nuovi Lavori","url":"https:\/\/nuovi-lavori.it\/","logo":{"@type":"ImageObject","inLanguage":"it-IT","@id":"https:\/\/nuovi-lavori.it\/#\/schema\/logo\/image\/","url":"http:\/\/5.249.146.118\/wp-content\/uploads\/2013\/11\/images_logonl.jpg","contentUrl":"http:\/\/5.249.146.118\/wp-content\/uploads\/2013\/11\/images_logonl.jpg","width":400,"height":327,"caption":"Nuovi Lavori"},"image":{"@id":"https:\/\/nuovi-lavori.it\/#\/schema\/logo\/image\/"},"sameAs":["https:\/\/www.youtube.com\/user\/newsletteranl"]},{"@type":"Person","@id":"https:\/\/nuovi-lavori.it\/#\/schema\/person\/69638a419089248df086a715801a71de","name":"Luigi Marelli","image":{"@type":"ImageObject","inLanguage":"it-IT","@id":"https:\/\/secure.gravatar.com\/avatar\/d9bf2e6cb9f0f0d1ccefc7950641658640a9525f013c486f0dd9f4173a256e72?s=96&d=mm&r=g","url":"https:\/\/secure.gravatar.com\/avatar\/d9bf2e6cb9f0f0d1ccefc7950641658640a9525f013c486f0dd9f4173a256e72?s=96&d=mm&r=g","contentUrl":"https:\/\/secure.gravatar.com\/avatar\/d9bf2e6cb9f0f0d1ccefc7950641658640a9525f013c486f0dd9f4173a256e72?s=96&d=mm&r=g","caption":"Luigi Marelli"},"url":"https:\/\/nuovi-lavori.it\/index.php\/author\/luigi-marelli\/"}]}},"_links":{"self":[{"href":"https:\/\/nuovi-lavori.it\/index.php\/wp-json\/wp\/v2\/posts\/23044","targetHints":{"allow":["GET"]}}],"collection":[{"href":"https:\/\/nuovi-lavori.it\/index.php\/wp-json\/wp\/v2\/posts"}],"about":[{"href":"https:\/\/nuovi-lavori.it\/index.php\/wp-json\/wp\/v2\/types\/post"}],"author":[{"embeddable":true,"href":"https:\/\/nuovi-lavori.it\/index.php\/wp-json\/wp\/v2\/users\/6531"}],"replies":[{"embeddable":true,"href":"https:\/\/nuovi-lavori.it\/index.php\/wp-json\/wp\/v2\/comments?post=23044"}],"version-history":[{"count":1,"href":"https:\/\/nuovi-lavori.it\/index.php\/wp-json\/wp\/v2\/posts\/23044\/revisions"}],"predecessor-version":[{"id":23045,"href":"https:\/\/nuovi-lavori.it\/index.php\/wp-json\/wp\/v2\/posts\/23044\/revisions\/23045"}],"wp:featuredmedia":[{"embeddable":true,"href":"https:\/\/nuovi-lavori.it\/index.php\/wp-json\/wp\/v2\/media\/23067"}],"wp:attachment":[{"href":"https:\/\/nuovi-lavori.it\/index.php\/wp-json\/wp\/v2\/media?parent=23044"}],"wp:term":[{"taxonomy":"category","embeddable":true,"href":"https:\/\/nuovi-lavori.it\/index.php\/wp-json\/wp\/v2\/categories?post=23044"},{"taxonomy":"post_tag","embeddable":true,"href":"https:\/\/nuovi-lavori.it\/index.php\/wp-json\/wp\/v2\/tags?post=23044"}],"curies":[{"name":"wp","href":"https:\/\/api.w.org\/{rel}","templated":true}]}}