{"id":23046,"date":"2026-04-29T18:27:24","date_gmt":"2026-04-29T16:27:24","guid":{"rendered":"https:\/\/nuovi-lavori.it\/?p=23046"},"modified":"2026-04-29T19:18:07","modified_gmt":"2026-04-29T17:18:07","slug":"la-prospettiva-e-flessibilita-in-cambio-di-stabilita","status":"publish","type":"post","link":"https:\/\/nuovi-lavori.it\/index.php\/la-prospettiva-e-flessibilita-in-cambio-di-stabilita\/","title":{"rendered":"La prospettiva \u00e8 flessibilit\u00e0 in cambio di stabilit\u00e0"},"content":{"rendered":"\n<p>In Italia, oggi, ci sono circa tre milioni di lavoratori poveri. In 60 anni c\u2019\u00e8 stato un capovolgimento di prospettiva: prima la parola lavoro si coniugava con benessere e non con povert\u00e0. La globalizzazione senza regole non ha realizzato il binomio flessibilit\u00e0\/sicurezza ma si \u00e8 andati a senso unico: flessibilit\u00e0 per le aziende, insicurezza per i lavoratori.&nbsp;<\/p>\n\n\n\n<p>Guardando i dati Ocse, dal 1992 al 2024, in Italia il potere d\u2019acquisto delle retribuzioni \u00e8 arretrato, in media, di quasi 3 punti percentuali, cosa non accaduta in Francia e in Germania dove c\u2019\u00e8 stato invece un aumento superiore al 30%.<\/p>\n\n\n\n<p>Il salario minimo pu\u00f2 essere uno degli strumenti per costruire una soluzione, ma non l\u2019unico. I 9 euro andrebbero aggiornati in base all\u2019inflazione. Il Governo, sbagliando, dice no al salario minimo. Ma, andando al muro contro muro, la situazione non si sblocca.&nbsp;<\/p>\n\n\n\n<p>Il Governo va sfidato aprendo dei varchi intanto per quelle categorie di lavoratori (si tratta di circa il 3% della forza lavoro) che non hanno ancora un contratto di lavoro di riferimento, come possono essere i rider: se non hanno un contratto devono avere intanto il salario minimo per legge.&nbsp;<\/p>\n\n\n\n<p>Fatto questo, si possono recepire i minimi dei contratti di categoria maggiormente rappresentativi rendendoli inderogabili; infine, continuare sulla via della diminuzione strutturale del cuneo fiscale e rivedere l\u2019Ipca, con un\u2019indicizzazione dei salari che tenga conto anche dei fattori energetici.<\/p>\n\n\n\n<p>Il problema, oggi, \u00e8 che il Governo si basa molto sulla propaganda, anzich\u00e9 studiare a fondo i dati del mercato del lavoro. Abbiamo aumentato di un milione i posti di lavoro? Vero, ma in quale contesto? In Europa, nello stesso periodo, gli occupati sono aumentati di dieci milioni, in Francia di un milione e mezzo e in Spagna di due e mezzo: quindi, pur aumentando gli occupati, siamo scivolati in fondo alla classifica per quanto riguarda il tasso di occupazione.&nbsp;<\/p>\n\n\n\n<p>Inoltre, il tasso di inattivit\u00e0 \u00e8 aumentato, soprattutto tra i giovani e nel 2025 la cassa integrazione si chiude con un incremento del 10%, soprattutto a carico della manifattura e c\u2019\u00e8 stato lo spostamento di ore lavorate dai settori pi\u00f9 ricchi (appunto la manifattura) ai settori pi\u00f9 poveri dei servizi, per non parlare di fenomeni di ritorno alla schiavit\u00f9 intollerabili, come nel caso dei rider.&nbsp;<\/p>\n\n\n\n<p>Va disboscata la giungla dei rapporti di lavoro: a chiamata, a termine, a progetto quando il progetto non c\u2019\u00e8, con finte partite Iva, stage, tirocini. Sono per la flexstability, che vuol dire che \u00e8 giusta la flessibilit\u00e0 della prestazione, ma in cambio ci deve essere la stabilit\u00e0 dell\u2019impiego.<\/p>\n\n\n\n<p>Tirando le somme, la politica non \u00e8 stata in grado di imboccare la giusta direzione: anche a sinistra si \u00e8 data un\u2019interpretazione ottimistica della globalizzazione che ha spostato la fabbrica del mondo verso la Cina e l\u2019Estremo Oriente.&nbsp;<\/p>\n\n\n\n<p>Oggi ci accorgiamo che quei Paesi non producono solo le parti meno pregiate del ciclo produttivo, ma sono competitivi sulla innovazione e in molti casi la guidano. L\u2019idea del reshoring, di far tornare ci\u00f2 che abbiamo decentrato, \u00e8 insensato.&nbsp;<\/p>\n\n\n\n<p>La sinistra, a livello internazionale, ha commesso alcuni errori: penso ai Democratici che, con Clinton, hanno favorito il mercato finanziario a scapito della manifattura. Penso alla terza via di Toni Blair, importata, in salsa italiana, da Matteo Renzi.&nbsp;<\/p>\n\n\n\n<p>Quando agli operai comunichi, con un Governo di centrosinistra, che, con il Jobs act diminuisci la tutela in caso di licenziamento ingiustificato, non ci stupiamo se il loro voto si sposta, illusoriamente, verso una destra che non ha come obiettivo il lavoro stabile e di qualit\u00e0, ma che ne enfatizza propagandisticamente i fattori di ascolto e di identit\u00e0 che si sono smarriti.<\/p>\n","protected":false},"excerpt":{"rendered":"<p>In Italia, oggi, ci sono circa tre milioni di lavoratori poveri. In 60 anni c\u2019\u00e8 stato un capovolgimento di prospettiva: prima la parola lavoro si coniugava con benessere e non con povert\u00e0<\/p>\n","protected":false},"author":6394,"featured_media":23066,"comment_status":"closed","ping_status":"closed","sticky":false,"template":"","format":"standard","meta":{"footnotes":""},"categories":[9],"tags":[],"class_list":["post-23046","post","type-post","status-publish","format-standard","has-post-thumbnail","hentry","category-newsletter"],"yoast_head":"<!-- This site is optimized with the Yoast SEO plugin v27.5 - https:\/\/yoast.com\/product\/yoast-seo-wordpress\/ -->\n<title>La prospettiva \u00e8 flessibilit\u00e0 in cambio di stabilit\u00e0 - Nuovi Lavori<\/title>\n<meta name=\"robots\" content=\"index, follow, max-snippet:-1, max-image-preview:large, max-video-preview:-1\" \/>\n<link rel=\"canonical\" href=\"https:\/\/nuovi-lavori.it\/index.php\/la-prospettiva-e-flessibilita-in-cambio-di-stabilita\/\" \/>\n<meta property=\"og:locale\" content=\"it_IT\" \/>\n<meta property=\"og:type\" content=\"article\" \/>\n<meta property=\"og:title\" content=\"La prospettiva \u00e8 flessibilit\u00e0 in cambio di stabilit\u00e0 - Nuovi Lavori\" \/>\n<meta property=\"og:description\" content=\"In Italia, oggi, ci sono circa tre milioni di lavoratori poveri. In 60 anni c\u2019\u00e8 stato un capovolgimento di prospettiva: prima la parola lavoro si coniugava con benessere e non con povert\u00e0\" \/>\n<meta property=\"og:url\" content=\"https:\/\/nuovi-lavori.it\/index.php\/la-prospettiva-e-flessibilita-in-cambio-di-stabilita\/\" \/>\n<meta property=\"og:site_name\" content=\"Nuovi Lavori\" \/>\n<meta property=\"article:published_time\" content=\"2026-04-29T16:27:24+00:00\" \/>\n<meta property=\"article:modified_time\" content=\"2026-04-29T17:18:07+00:00\" \/>\n<meta property=\"og:image\" content=\"https:\/\/nuovi-lavori.it\/wp-content\/uploads\/2026\/04\/flexstab.jpg\" \/>\n\t<meta property=\"og:image:width\" content=\"1200\" \/>\n\t<meta property=\"og:image:height\" content=\"655\" \/>\n\t<meta property=\"og:image:type\" content=\"image\/jpeg\" \/>\n<meta name=\"author\" content=\"Cesare Damiano*\" \/>\n<meta name=\"twitter:card\" content=\"summary_large_image\" \/>\n<meta name=\"twitter:label1\" content=\"Scritto da\" \/>\n\t<meta name=\"twitter:data1\" content=\"Cesare Damiano*\" \/>\n\t<meta name=\"twitter:label2\" content=\"Tempo di lettura stimato\" \/>\n\t<meta name=\"twitter:data2\" content=\"4 minuti\" \/>\n<script type=\"application\/ld+json\" class=\"yoast-schema-graph\">{\"@context\":\"https:\\\/\\\/schema.org\",\"@graph\":[{\"@type\":\"Article\",\"@id\":\"https:\\\/\\\/nuovi-lavori.it\\\/index.php\\\/la-prospettiva-e-flessibilita-in-cambio-di-stabilita\\\/#article\",\"isPartOf\":{\"@id\":\"https:\\\/\\\/nuovi-lavori.it\\\/index.php\\\/la-prospettiva-e-flessibilita-in-cambio-di-stabilita\\\/\"},\"author\":{\"name\":\"Cesare Damiano*\",\"@id\":\"https:\\\/\\\/nuovi-lavori.it\\\/#\\\/schema\\\/person\\\/547eb4627b3777b99914ffcaa588527a\"},\"headline\":\"La prospettiva \u00e8 flessibilit\u00e0 in cambio di stabilit\u00e0\",\"datePublished\":\"2026-04-29T16:27:24+00:00\",\"dateModified\":\"2026-04-29T17:18:07+00:00\",\"mainEntityOfPage\":{\"@id\":\"https:\\\/\\\/nuovi-lavori.it\\\/index.php\\\/la-prospettiva-e-flessibilita-in-cambio-di-stabilita\\\/\"},\"wordCount\":607,\"publisher\":{\"@id\":\"https:\\\/\\\/nuovi-lavori.it\\\/#organization\"},\"image\":{\"@id\":\"https:\\\/\\\/nuovi-lavori.it\\\/index.php\\\/la-prospettiva-e-flessibilita-in-cambio-di-stabilita\\\/#primaryimage\"},\"thumbnailUrl\":\"https:\\\/\\\/nuovi-lavori.it\\\/wp-content\\\/uploads\\\/2026\\\/04\\\/flexstab.jpg\",\"articleSection\":[\"Newsletter\"],\"inLanguage\":\"it-IT\"},{\"@type\":\"WebPage\",\"@id\":\"https:\\\/\\\/nuovi-lavori.it\\\/index.php\\\/la-prospettiva-e-flessibilita-in-cambio-di-stabilita\\\/\",\"url\":\"https:\\\/\\\/nuovi-lavori.it\\\/index.php\\\/la-prospettiva-e-flessibilita-in-cambio-di-stabilita\\\/\",\"name\":\"La prospettiva \u00e8 flessibilit\u00e0 in cambio di stabilit\u00e0 - Nuovi Lavori\",\"isPartOf\":{\"@id\":\"https:\\\/\\\/nuovi-lavori.it\\\/#website\"},\"primaryImageOfPage\":{\"@id\":\"https:\\\/\\\/nuovi-lavori.it\\\/index.php\\\/la-prospettiva-e-flessibilita-in-cambio-di-stabilita\\\/#primaryimage\"},\"image\":{\"@id\":\"https:\\\/\\\/nuovi-lavori.it\\\/index.php\\\/la-prospettiva-e-flessibilita-in-cambio-di-stabilita\\\/#primaryimage\"},\"thumbnailUrl\":\"https:\\\/\\\/nuovi-lavori.it\\\/wp-content\\\/uploads\\\/2026\\\/04\\\/flexstab.jpg\",\"datePublished\":\"2026-04-29T16:27:24+00:00\",\"dateModified\":\"2026-04-29T17:18:07+00:00\",\"breadcrumb\":{\"@id\":\"https:\\\/\\\/nuovi-lavori.it\\\/index.php\\\/la-prospettiva-e-flessibilita-in-cambio-di-stabilita\\\/#breadcrumb\"},\"inLanguage\":\"it-IT\",\"potentialAction\":[{\"@type\":\"ReadAction\",\"target\":[\"https:\\\/\\\/nuovi-lavori.it\\\/index.php\\\/la-prospettiva-e-flessibilita-in-cambio-di-stabilita\\\/\"]}]},{\"@type\":\"ImageObject\",\"inLanguage\":\"it-IT\",\"@id\":\"https:\\\/\\\/nuovi-lavori.it\\\/index.php\\\/la-prospettiva-e-flessibilita-in-cambio-di-stabilita\\\/#primaryimage\",\"url\":\"https:\\\/\\\/nuovi-lavori.it\\\/wp-content\\\/uploads\\\/2026\\\/04\\\/flexstab.jpg\",\"contentUrl\":\"https:\\\/\\\/nuovi-lavori.it\\\/wp-content\\\/uploads\\\/2026\\\/04\\\/flexstab.jpg\",\"width\":1200,\"height\":655,\"caption\":\"Flexible business - woman with laptob\"},{\"@type\":\"BreadcrumbList\",\"@id\":\"https:\\\/\\\/nuovi-lavori.it\\\/index.php\\\/la-prospettiva-e-flessibilita-in-cambio-di-stabilita\\\/#breadcrumb\",\"itemListElement\":[{\"@type\":\"ListItem\",\"position\":1,\"name\":\"Home\",\"item\":\"https:\\\/\\\/nuovi-lavori.it\\\/\"},{\"@type\":\"ListItem\",\"position\":2,\"name\":\"Newsletter\",\"item\":\"https:\\\/\\\/nuovi-lavori.it\\\/index.php\\\/category\\\/newsletter\\\/\"},{\"@type\":\"ListItem\",\"position\":3,\"name\":\"La prospettiva \u00e8 flessibilit\u00e0 in cambio di stabilit\u00e0\"}]},{\"@type\":\"WebSite\",\"@id\":\"https:\\\/\\\/nuovi-lavori.it\\\/#website\",\"url\":\"https:\\\/\\\/nuovi-lavori.it\\\/\",\"name\":\"Nuovi Lavori\",\"description\":\"\",\"publisher\":{\"@id\":\"https:\\\/\\\/nuovi-lavori.it\\\/#organization\"},\"potentialAction\":[{\"@type\":\"SearchAction\",\"target\":{\"@type\":\"EntryPoint\",\"urlTemplate\":\"https:\\\/\\\/nuovi-lavori.it\\\/?s={search_term_string}\"},\"query-input\":{\"@type\":\"PropertyValueSpecification\",\"valueRequired\":true,\"valueName\":\"search_term_string\"}}],\"inLanguage\":\"it-IT\"},{\"@type\":\"Organization\",\"@id\":\"https:\\\/\\\/nuovi-lavori.it\\\/#organization\",\"name\":\"Nuovi Lavori\",\"url\":\"https:\\\/\\\/nuovi-lavori.it\\\/\",\"logo\":{\"@type\":\"ImageObject\",\"inLanguage\":\"it-IT\",\"@id\":\"https:\\\/\\\/nuovi-lavori.it\\\/#\\\/schema\\\/logo\\\/image\\\/\",\"url\":\"http:\\\/\\\/5.249.146.118\\\/wp-content\\\/uploads\\\/2013\\\/11\\\/images_logonl.jpg\",\"contentUrl\":\"http:\\\/\\\/5.249.146.118\\\/wp-content\\\/uploads\\\/2013\\\/11\\\/images_logonl.jpg\",\"width\":400,\"height\":327,\"caption\":\"Nuovi Lavori\"},\"image\":{\"@id\":\"https:\\\/\\\/nuovi-lavori.it\\\/#\\\/schema\\\/logo\\\/image\\\/\"},\"sameAs\":[\"https:\\\/\\\/www.youtube.com\\\/user\\\/newsletteranl\"]},{\"@type\":\"Person\",\"@id\":\"https:\\\/\\\/nuovi-lavori.it\\\/#\\\/schema\\\/person\\\/547eb4627b3777b99914ffcaa588527a\",\"name\":\"Cesare Damiano*\",\"image\":{\"@type\":\"ImageObject\",\"inLanguage\":\"it-IT\",\"@id\":\"https:\\\/\\\/secure.gravatar.com\\\/avatar\\\/401b610bf4eb9e53a537869ea17510dbced4cebd206e3b552fb38fe577302ea7?s=96&d=mm&r=g\",\"url\":\"https:\\\/\\\/secure.gravatar.com\\\/avatar\\\/401b610bf4eb9e53a537869ea17510dbced4cebd206e3b552fb38fe577302ea7?s=96&d=mm&r=g\",\"contentUrl\":\"https:\\\/\\\/secure.gravatar.com\\\/avatar\\\/401b610bf4eb9e53a537869ea17510dbced4cebd206e3b552fb38fe577302ea7?s=96&d=mm&r=g\",\"caption\":\"Cesare Damiano*\"},\"url\":\"https:\\\/\\\/nuovi-lavori.it\\\/index.php\\\/author\\\/cesare-damiano\\\/\"}]}<\/script>\n<!-- \/ Yoast SEO plugin. -->","yoast_head_json":{"title":"La prospettiva \u00e8 flessibilit\u00e0 in cambio di stabilit\u00e0 - Nuovi Lavori","robots":{"index":"index","follow":"follow","max-snippet":"max-snippet:-1","max-image-preview":"max-image-preview:large","max-video-preview":"max-video-preview:-1"},"canonical":"https:\/\/nuovi-lavori.it\/index.php\/la-prospettiva-e-flessibilita-in-cambio-di-stabilita\/","og_locale":"it_IT","og_type":"article","og_title":"La prospettiva \u00e8 flessibilit\u00e0 in cambio di stabilit\u00e0 - Nuovi Lavori","og_description":"In Italia, oggi, ci sono circa tre milioni di lavoratori poveri. In 60 anni c\u2019\u00e8 stato un capovolgimento di prospettiva: prima la parola lavoro si coniugava con benessere e non con povert\u00e0","og_url":"https:\/\/nuovi-lavori.it\/index.php\/la-prospettiva-e-flessibilita-in-cambio-di-stabilita\/","og_site_name":"Nuovi Lavori","article_published_time":"2026-04-29T16:27:24+00:00","article_modified_time":"2026-04-29T17:18:07+00:00","og_image":[{"width":1200,"height":655,"url":"https:\/\/nuovi-lavori.it\/wp-content\/uploads\/2026\/04\/flexstab.jpg","type":"image\/jpeg"}],"author":"Cesare Damiano*","twitter_card":"summary_large_image","twitter_misc":{"Scritto da":"Cesare Damiano*","Tempo di lettura stimato":"4 minuti"},"schema":{"@context":"https:\/\/schema.org","@graph":[{"@type":"Article","@id":"https:\/\/nuovi-lavori.it\/index.php\/la-prospettiva-e-flessibilita-in-cambio-di-stabilita\/#article","isPartOf":{"@id":"https:\/\/nuovi-lavori.it\/index.php\/la-prospettiva-e-flessibilita-in-cambio-di-stabilita\/"},"author":{"name":"Cesare Damiano*","@id":"https:\/\/nuovi-lavori.it\/#\/schema\/person\/547eb4627b3777b99914ffcaa588527a"},"headline":"La prospettiva \u00e8 flessibilit\u00e0 in cambio di stabilit\u00e0","datePublished":"2026-04-29T16:27:24+00:00","dateModified":"2026-04-29T17:18:07+00:00","mainEntityOfPage":{"@id":"https:\/\/nuovi-lavori.it\/index.php\/la-prospettiva-e-flessibilita-in-cambio-di-stabilita\/"},"wordCount":607,"publisher":{"@id":"https:\/\/nuovi-lavori.it\/#organization"},"image":{"@id":"https:\/\/nuovi-lavori.it\/index.php\/la-prospettiva-e-flessibilita-in-cambio-di-stabilita\/#primaryimage"},"thumbnailUrl":"https:\/\/nuovi-lavori.it\/wp-content\/uploads\/2026\/04\/flexstab.jpg","articleSection":["Newsletter"],"inLanguage":"it-IT"},{"@type":"WebPage","@id":"https:\/\/nuovi-lavori.it\/index.php\/la-prospettiva-e-flessibilita-in-cambio-di-stabilita\/","url":"https:\/\/nuovi-lavori.it\/index.php\/la-prospettiva-e-flessibilita-in-cambio-di-stabilita\/","name":"La prospettiva \u00e8 flessibilit\u00e0 in cambio di stabilit\u00e0 - Nuovi Lavori","isPartOf":{"@id":"https:\/\/nuovi-lavori.it\/#website"},"primaryImageOfPage":{"@id":"https:\/\/nuovi-lavori.it\/index.php\/la-prospettiva-e-flessibilita-in-cambio-di-stabilita\/#primaryimage"},"image":{"@id":"https:\/\/nuovi-lavori.it\/index.php\/la-prospettiva-e-flessibilita-in-cambio-di-stabilita\/#primaryimage"},"thumbnailUrl":"https:\/\/nuovi-lavori.it\/wp-content\/uploads\/2026\/04\/flexstab.jpg","datePublished":"2026-04-29T16:27:24+00:00","dateModified":"2026-04-29T17:18:07+00:00","breadcrumb":{"@id":"https:\/\/nuovi-lavori.it\/index.php\/la-prospettiva-e-flessibilita-in-cambio-di-stabilita\/#breadcrumb"},"inLanguage":"it-IT","potentialAction":[{"@type":"ReadAction","target":["https:\/\/nuovi-lavori.it\/index.php\/la-prospettiva-e-flessibilita-in-cambio-di-stabilita\/"]}]},{"@type":"ImageObject","inLanguage":"it-IT","@id":"https:\/\/nuovi-lavori.it\/index.php\/la-prospettiva-e-flessibilita-in-cambio-di-stabilita\/#primaryimage","url":"https:\/\/nuovi-lavori.it\/wp-content\/uploads\/2026\/04\/flexstab.jpg","contentUrl":"https:\/\/nuovi-lavori.it\/wp-content\/uploads\/2026\/04\/flexstab.jpg","width":1200,"height":655,"caption":"Flexible business - woman with laptob"},{"@type":"BreadcrumbList","@id":"https:\/\/nuovi-lavori.it\/index.php\/la-prospettiva-e-flessibilita-in-cambio-di-stabilita\/#breadcrumb","itemListElement":[{"@type":"ListItem","position":1,"name":"Home","item":"https:\/\/nuovi-lavori.it\/"},{"@type":"ListItem","position":2,"name":"Newsletter","item":"https:\/\/nuovi-lavori.it\/index.php\/category\/newsletter\/"},{"@type":"ListItem","position":3,"name":"La prospettiva \u00e8 flessibilit\u00e0 in cambio di stabilit\u00e0"}]},{"@type":"WebSite","@id":"https:\/\/nuovi-lavori.it\/#website","url":"https:\/\/nuovi-lavori.it\/","name":"Nuovi Lavori","description":"","publisher":{"@id":"https:\/\/nuovi-lavori.it\/#organization"},"potentialAction":[{"@type":"SearchAction","target":{"@type":"EntryPoint","urlTemplate":"https:\/\/nuovi-lavori.it\/?s={search_term_string}"},"query-input":{"@type":"PropertyValueSpecification","valueRequired":true,"valueName":"search_term_string"}}],"inLanguage":"it-IT"},{"@type":"Organization","@id":"https:\/\/nuovi-lavori.it\/#organization","name":"Nuovi Lavori","url":"https:\/\/nuovi-lavori.it\/","logo":{"@type":"ImageObject","inLanguage":"it-IT","@id":"https:\/\/nuovi-lavori.it\/#\/schema\/logo\/image\/","url":"http:\/\/5.249.146.118\/wp-content\/uploads\/2013\/11\/images_logonl.jpg","contentUrl":"http:\/\/5.249.146.118\/wp-content\/uploads\/2013\/11\/images_logonl.jpg","width":400,"height":327,"caption":"Nuovi Lavori"},"image":{"@id":"https:\/\/nuovi-lavori.it\/#\/schema\/logo\/image\/"},"sameAs":["https:\/\/www.youtube.com\/user\/newsletteranl"]},{"@type":"Person","@id":"https:\/\/nuovi-lavori.it\/#\/schema\/person\/547eb4627b3777b99914ffcaa588527a","name":"Cesare Damiano*","image":{"@type":"ImageObject","inLanguage":"it-IT","@id":"https:\/\/secure.gravatar.com\/avatar\/401b610bf4eb9e53a537869ea17510dbced4cebd206e3b552fb38fe577302ea7?s=96&d=mm&r=g","url":"https:\/\/secure.gravatar.com\/avatar\/401b610bf4eb9e53a537869ea17510dbced4cebd206e3b552fb38fe577302ea7?s=96&d=mm&r=g","contentUrl":"https:\/\/secure.gravatar.com\/avatar\/401b610bf4eb9e53a537869ea17510dbced4cebd206e3b552fb38fe577302ea7?s=96&d=mm&r=g","caption":"Cesare Damiano*"},"url":"https:\/\/nuovi-lavori.it\/index.php\/author\/cesare-damiano\/"}]}},"_links":{"self":[{"href":"https:\/\/nuovi-lavori.it\/index.php\/wp-json\/wp\/v2\/posts\/23046","targetHints":{"allow":["GET"]}}],"collection":[{"href":"https:\/\/nuovi-lavori.it\/index.php\/wp-json\/wp\/v2\/posts"}],"about":[{"href":"https:\/\/nuovi-lavori.it\/index.php\/wp-json\/wp\/v2\/types\/post"}],"author":[{"embeddable":true,"href":"https:\/\/nuovi-lavori.it\/index.php\/wp-json\/wp\/v2\/users\/6394"}],"replies":[{"embeddable":true,"href":"https:\/\/nuovi-lavori.it\/index.php\/wp-json\/wp\/v2\/comments?post=23046"}],"version-history":[{"count":2,"href":"https:\/\/nuovi-lavori.it\/index.php\/wp-json\/wp\/v2\/posts\/23046\/revisions"}],"predecessor-version":[{"id":23065,"href":"https:\/\/nuovi-lavori.it\/index.php\/wp-json\/wp\/v2\/posts\/23046\/revisions\/23065"}],"wp:featuredmedia":[{"embeddable":true,"href":"https:\/\/nuovi-lavori.it\/index.php\/wp-json\/wp\/v2\/media\/23066"}],"wp:attachment":[{"href":"https:\/\/nuovi-lavori.it\/index.php\/wp-json\/wp\/v2\/media?parent=23046"}],"wp:term":[{"taxonomy":"category","embeddable":true,"href":"https:\/\/nuovi-lavori.it\/index.php\/wp-json\/wp\/v2\/categories?post=23046"},{"taxonomy":"post_tag","embeddable":true,"href":"https:\/\/nuovi-lavori.it\/index.php\/wp-json\/wp\/v2\/tags?post=23046"}],"curies":[{"name":"wp","href":"https:\/\/api.w.org\/{rel}","templated":true}]}}