{"id":23048,"date":"2026-04-29T18:30:06","date_gmt":"2026-04-29T16:30:06","guid":{"rendered":"https:\/\/nuovi-lavori.it\/?p=23048"},"modified":"2026-04-29T19:12:52","modified_gmt":"2026-04-29T17:12:52","slug":"solatanto-i-bassi-salari-sono-stati-tutelati-dallinflazione","status":"publish","type":"post","link":"https:\/\/nuovi-lavori.it\/index.php\/solatanto-i-bassi-salari-sono-stati-tutelati-dallinflazione\/","title":{"rendered":"Soltanto i bassi salari sono stati tutelati dall&#8217;inflazione"},"content":{"rendered":"\n<p>La Cisl ha da poco pubblicato un Report sulla contrattazione in cui si afferma che il risultato congiunto di contrattazione e benefici fiscali dati dal governo hanno permesso alle retribuzioni di fatto di recuperare gran parte dell\u2019inflazione del periodo 2019\/25, smentendo quanto affermato da vari commentatori che si fermano alle sole retribuzioni contrattuali.<\/p>\n\n\n\n<p>M. Leonardi in un articolo ha contestato duramente il Report della Cisl criticando in primo luogo al Report dal punto di vista tecnico l\u2019uso del denominatore per calcolare la retribuzione da lavoro dipendente di fatto. Il report usa gli occupati, mentre secondo Leonardi il denominatore corretto sono le ore lavorate.<\/p>\n\n\n\n<p>Verrebbe facile citare Trilussa e la statistica, e in parte si coglierebbe il punto. In effetti il denominatore usato nel Report Cisl \u00e8 quanto meno anomalo, non mi risulta usato di norma per calcolare la retribuzione di fatto dei lavoratori dipendenti. L\u2019Istat si riferisce normalmente alle retribuzioni e al costo del lavoro per ULA e qui introduciamo un terzo denominatore che personalmente ho sempre usato nel calcolare le retribuzioni di fatto con i dati di contabilit\u00e0 nazionale.<\/p>\n\n\n\n<p>Le unit\u00e0 di lavoro (ULA) misurano il numero di posizioni lavorative ricondotte a misure standard a tempo pieno. L&#8217;insieme delle unit\u00e0 di lavoro \u00e8 ottenuto sommando alle posizioni lavorative a tempo pieno, le posizioni lavorative a tempo ridotto ricondotte a tempo pieno, un lavoratore part-time al 50 per cento conta come 0,5 Ula.<\/p>\n\n\n\n<p>L\u2019Istat a marzo ha pubblicato i dati grezzi di C.N. relativi al 2025 con una tavola che contiene dati&nbsp; con valori pro capite fino al 2025. In questa tavola vi sono i valori delle Retribuzioni interne lorde per occupato dipendente,&nbsp; delle Retribuzioni interne lorde per unit\u00e0 di lavoro dipendente e delle&nbsp; Retribuzioni interne lorde per ora lavorata da occupato dipendente.<\/p>\n\n\n\n<p>Possiamo quindi considerare tutto il 2025 e l\u2019intero periodo che va dal 2019 all\u2019intero scorso anno. In questi 6 anni le tre variabili hanno subito questa variazione confrontata con l\u2019andamento dell\u2019indice NIC dei prezzi e con l\u2019indice Ipca.<\/p>\n\n\n\n<p>Variazioni % 2019\/2025<\/p>\n\n\n\n<figure class=\"wp-block-table\"><table class=\"has-fixed-layout\"><tbody><tr><td>Retribuzioni interne lorde per unit\u00e0 di lavoro dipendente &nbsp;<\/td><td>14,2<\/td><\/tr><tr><td>Retribuzioni interne lorde per occupato dipendente &nbsp;<\/td><td>16,2<\/td><\/tr><tr><td>Retribuzioni interne lorde per ora lavorata da occupato dipendente &nbsp;<\/td><td>12,9<\/td><\/tr><tr><td>Variazione NIC<\/td><td>19,1<\/td><\/tr><tr><td>Variazione IPCA<\/td><td>20,4<\/td><\/tr><\/tbody><\/table><\/figure>\n\n\n\n<p>\u00c8 ovvio che le considerazioni che si possono trarre dalla tabella sono diverse a seconda della variabile che si prende in considerazione.<\/p>\n\n\n\n<p>Intanto se si considera l\u2019intero 2025 e non solo i primi trimestri, come nel report Cisl, si vede come anche la retribuzione interna lorda per occupato dipendente mostra di non aver recuperato rispetto all\u2019inflazione, con un gap di 3 punti sul NIC e di 4 punti sull\u2019IPCA. Ben maggiore naturalmente il mancato recupero della retribuzione per U.L.D. e soprattutto per ora lavorata come afferma Leonardi.<\/p>\n\n\n\n<p>L\u2019attivit\u00e0 contrattuale, le indennit\u00e0 di vacanza contrattuale, gli aumenti di merito e quant\u2019altro non sono stati quindi sufficienti dopo la crisi del biennio di inflazione 2022\/23 a recuperare il gap inflazionistico sommato alla crisi Covid.<\/p>\n\n\n\n<p>Molto poi hanno inciso i ritardi nei rinnovi contrattuali. Negli ultimi mesi del 2025 sono stati chiusi alcuni contratti pendenti da tempo, alcuni da anni come quello del Commercio, ma altri restano ancora non rinnovati e, nel pubblico impiego ci sono salti di tornata contrattuale con inflazione non recuperata. Solo il contratto dei metalmeccanici prevede con una clausola di garanzia un recupero di inflazione anche in assenza di rinnovo contrattuale.<\/p>\n\n\n\n<p>Per le retribuzioni sotto i 35.000 euro vi \u00e8 stata certamente una compensazione a livello fiscale, iniziata con il governo Draghi e proseguita dall\u2019attuale governo.<\/p>\n\n\n\n<p>Se prendiamo i valori indicati dalla Contabilit\u00e0 nazionale 2026 come Retribuzioni interne lorde per unit\u00e0 di lavoro dipendente, queste nel periodo considerato usufruiscono pienamente del taglio contributivo e grazie a questo recuperano il gap inflazionistico esistente a livello lordo.<\/p>\n\n\n\n<p>Altrettanto non avviene per le retribuzioni sopra i 35.000 euro che non hanno beneficiato del taglio contributivo e delle modifiche fiscali.<\/p>\n\n\n\n<p>Il mercato del lavoro italiano \u00e8&nbsp; notevolmente frammentato. Abbiamo il lavoratore metalmeccanico o chimico della media o grande impresa, il bancario, tutelati dalla contrattazione nazionale a cui si accompagna una contrattazione di secondo livello. A queste si affianca un sistema di welfare di categoria con previdenza e sanit\u00e0 integrative e vantaggi fiscali legati a fringe benefits e a premi aziendali contrattuali.<\/p>\n\n\n\n<p>Ma esistono anche lavoratori che non godono di queste tutele, che hanno solo la contrattazione nazionale, che non hanno le risorse per aderire al welfare aziendale, che non hanno la contrattazione aziendale e i vantaggi fiscali che questa comporta.<\/p>\n\n\n\n<p>E naturalmente c&#8217;\u00e8&nbsp; anche chi sta peggio.<\/p>\n\n\n\n<p>\u00c8&nbsp; giusto certamente dire che il dato sulle retribuzioni contrattuali non esaurisce il quadro della dinamica retributiva, ma certamente \u00e8 quanto meno azzardato affermare che la contrattazione oggi cos\u00ec&nbsp; come \u00e8&nbsp; strutturata ha tutelato in buona misura tutti i lavoratori in questa prima met\u00e0&nbsp; del decennio ed \u00e8 in grado di farlo nel futuro.<\/p>\n\n\n\n<p>Credo che nelle tesi del Report Cisl pesino due fattori, uno tradizionale nel sindacato tutto, uno specifico nella Cisl attuale.<\/p>\n\n\n\n<p>Il primo \u00e8 la convinzione di rappresentare tutti e\/o che il mondo del lavoro finisca con i propri iscritti. Ne ebbi la rappresentazione pi\u00f9 vivida nel lontano 1992 quando Amato port\u00f2&nbsp; l&#8217;et\u00e0&nbsp; della pensione di vecchiaia da 55\/60 a 60\/65 anni. Non mi ero mai occupato di pensioni, ci capivo poco. Immaginavo i metalmeccanici sul sentiero di guerra. Con mia sorpresa trovai a Bologna, a un Consiglio generale unitario Fim-Fiom-Uilm, i segretari generali piuttosto freddi sul tema e uno alla fine mi disse ( non ha importanza chi, erano tutti e tre d&#8217;accordo in proposito) &#8220;a noi non ci ha toccato&#8221;. Fu un vecchio compagno della Fiom che aveva assistito al dialogo e aveva compreso la mia perplessit\u00e0 a spiegarmi che i metalmeccanici non erano stati toccati perch\u00e9 Amato non aveva toccato il pensionamento a 35 anni. Quella era l&#8217;et\u00e0 di pensionamento tipica dei metalmeccanici, i 55\/60 riguardavano gli altri. Tre anni dopo durante la trattativa per la 335 questa distinzione fu chiarissima, il \u201cvituperato\u201d dalla Fim D\u2019Antoni ricevette un\u2019ovazione dai fimmini quando al Consiglio generale della Fim, in prossimit\u00e0 delle trattative, afferm\u00f2 che i 35 anni non sarebbero stati toccati.<\/p>\n\n\n\n<p>Quindi il sindacato ha sempre teso a guardare a quanto accade ai propri iscritti.<\/p>\n\n\n\n<p>Poi ho l&#8217;impressione che oggi vi sia anche un fattore di linea politica tendente a giustifica una posizione di vicinanza o quantomeno di non scontro a priori con questo governo.<\/p>\n\n\n\n<p>Infine, che effetto ha avuto la perdita di potere di acquisto delle retribuzioni sulla distribuzione del reddito nazionale?&nbsp;<\/p>\n\n\n\n<p>Una prima risposta si pu\u00f2 avere dai dati di Contabilit\u00e0 Nazionale. Il forte aumento di inflazione del biennio 2022-23, con la netta caduta dei salari reali, aveva determinato una consistente redistribuzione del reddito. Secondo i dati di Contabilit\u00e0 Nazionale la quota di Valore Aggiunto era scesa dal picco del 45,3% raggiunto nel 2020 al 42,8% del 2023 con una brusca caduta. Nei due anni successivi i dati indicano invece un progressivo recupero con una quota di Valore Aggiunto che va in retribuzione pari al 44% nel 2024 e al 44,7% nel 2025, tornando quindi ai livelli preCovid.<\/p>\n\n\n\n<p>Il recupero \u00e8 dovuto in parte agli aumenti retributivi degli ultimi due anni, 2024\/25 rispetto ai precedenti, ma soprattutto alla crescita dell\u2019occupazione che ha determinata un aumento sensibile della massa salariale. Il recupero della quota di reddito spettante al lavoro \u00e8 confermato anche dal rapporto Mediobanca con riferimento alle aziende private.<\/p>\n\n\n\n<p>% Redditi da lavoro dipendente \/Valore Aggiunto<\/p>\n\n\n\n<p>(Totale economia)<\/p>\n\n\n\n<figure class=\"wp-block-image size-full\"><img fetchpriority=\"high\" decoding=\"async\" width=\"477\" height=\"376\" src=\"https:\/\/nuovi-lavori.it\/wp-content\/uploads\/2026\/04\/Schermata-2026-04-29-alle-18.28.27.png\" alt=\"\" class=\"wp-image-23049\" srcset=\"https:\/\/nuovi-lavori.it\/wp-content\/uploads\/2026\/04\/Schermata-2026-04-29-alle-18.28.27.png 477w, https:\/\/nuovi-lavori.it\/wp-content\/uploads\/2026\/04\/Schermata-2026-04-29-alle-18.28.27-300x236.png 300w\" sizes=\"(max-width: 477px) 100vw, 477px\" \/><\/figure>\n","protected":false},"excerpt":{"rendered":"<p>La Cisl ha da poco pubblicato un Report sulla contrattazione in cui si afferma che il risultato congiunto di contrattazione e benefici fiscali &#8230;<\/p>\n","protected":false},"author":6372,"featured_media":23063,"comment_status":"closed","ping_status":"closed","sticky":false,"template":"","format":"standard","meta":{"footnotes":""},"categories":[9],"tags":[],"class_list":["post-23048","post","type-post","status-publish","format-standard","has-post-thumbnail","hentry","category-newsletter"],"yoast_head":"<!-- This site is optimized with the Yoast SEO plugin v27.5 - https:\/\/yoast.com\/product\/yoast-seo-wordpress\/ -->\n<title>Soltanto i bassi salari sono stati tutelati dall&#039;inflazione - Nuovi Lavori<\/title>\n<meta name=\"robots\" content=\"index, follow, max-snippet:-1, max-image-preview:large, max-video-preview:-1\" \/>\n<link rel=\"canonical\" href=\"https:\/\/nuovi-lavori.it\/index.php\/solatanto-i-bassi-salari-sono-stati-tutelati-dallinflazione\/\" \/>\n<meta property=\"og:locale\" content=\"it_IT\" \/>\n<meta property=\"og:type\" content=\"article\" \/>\n<meta property=\"og:title\" content=\"Soltanto i bassi salari sono stati tutelati dall&#039;inflazione - Nuovi Lavori\" \/>\n<meta property=\"og:description\" content=\"La Cisl ha da poco pubblicato un Report sulla contrattazione in cui si afferma che il risultato congiunto di contrattazione e benefici fiscali ...\" \/>\n<meta property=\"og:url\" content=\"https:\/\/nuovi-lavori.it\/index.php\/solatanto-i-bassi-salari-sono-stati-tutelati-dallinflazione\/\" \/>\n<meta property=\"og:site_name\" content=\"Nuovi Lavori\" \/>\n<meta property=\"article:published_time\" content=\"2026-04-29T16:30:06+00:00\" \/>\n<meta property=\"article:modified_time\" content=\"2026-04-29T17:12:52+00:00\" \/>\n<meta property=\"og:image\" content=\"https:\/\/nuovi-lavori.it\/wp-content\/uploads\/2026\/04\/bassisalari00.jpg\" \/>\n\t<meta property=\"og:image:width\" content=\"840\" \/>\n\t<meta property=\"og:image:height\" content=\"505\" \/>\n\t<meta property=\"og:image:type\" content=\"image\/jpeg\" \/>\n<meta name=\"author\" content=\"Maurizio Benetti\" \/>\n<meta name=\"twitter:card\" content=\"summary_large_image\" \/>\n<meta name=\"twitter:label1\" content=\"Scritto da\" \/>\n\t<meta name=\"twitter:data1\" content=\"Maurizio Benetti\" \/>\n\t<meta name=\"twitter:label2\" content=\"Tempo di lettura stimato\" \/>\n\t<meta name=\"twitter:data2\" content=\"7 minuti\" \/>\n<script type=\"application\/ld+json\" class=\"yoast-schema-graph\">{\"@context\":\"https:\\\/\\\/schema.org\",\"@graph\":[{\"@type\":\"Article\",\"@id\":\"https:\\\/\\\/nuovi-lavori.it\\\/index.php\\\/solatanto-i-bassi-salari-sono-stati-tutelati-dallinflazione\\\/#article\",\"isPartOf\":{\"@id\":\"https:\\\/\\\/nuovi-lavori.it\\\/index.php\\\/solatanto-i-bassi-salari-sono-stati-tutelati-dallinflazione\\\/\"},\"author\":{\"name\":\"Maurizio Benetti\",\"@id\":\"https:\\\/\\\/nuovi-lavori.it\\\/#\\\/schema\\\/person\\\/f57720244e8a792adac051909e05411f\"},\"headline\":\"Soltanto i bassi salari sono stati tutelati dall&#8217;inflazione\",\"datePublished\":\"2026-04-29T16:30:06+00:00\",\"dateModified\":\"2026-04-29T17:12:52+00:00\",\"mainEntityOfPage\":{\"@id\":\"https:\\\/\\\/nuovi-lavori.it\\\/index.php\\\/solatanto-i-bassi-salari-sono-stati-tutelati-dallinflazione\\\/\"},\"wordCount\":1226,\"publisher\":{\"@id\":\"https:\\\/\\\/nuovi-lavori.it\\\/#organization\"},\"image\":{\"@id\":\"https:\\\/\\\/nuovi-lavori.it\\\/index.php\\\/solatanto-i-bassi-salari-sono-stati-tutelati-dallinflazione\\\/#primaryimage\"},\"thumbnailUrl\":\"https:\\\/\\\/nuovi-lavori.it\\\/wp-content\\\/uploads\\\/2026\\\/04\\\/bassisalari00.jpg\",\"articleSection\":[\"Newsletter\"],\"inLanguage\":\"it-IT\"},{\"@type\":\"WebPage\",\"@id\":\"https:\\\/\\\/nuovi-lavori.it\\\/index.php\\\/solatanto-i-bassi-salari-sono-stati-tutelati-dallinflazione\\\/\",\"url\":\"https:\\\/\\\/nuovi-lavori.it\\\/index.php\\\/solatanto-i-bassi-salari-sono-stati-tutelati-dallinflazione\\\/\",\"name\":\"Soltanto i bassi salari sono stati tutelati dall'inflazione - Nuovi Lavori\",\"isPartOf\":{\"@id\":\"https:\\\/\\\/nuovi-lavori.it\\\/#website\"},\"primaryImageOfPage\":{\"@id\":\"https:\\\/\\\/nuovi-lavori.it\\\/index.php\\\/solatanto-i-bassi-salari-sono-stati-tutelati-dallinflazione\\\/#primaryimage\"},\"image\":{\"@id\":\"https:\\\/\\\/nuovi-lavori.it\\\/index.php\\\/solatanto-i-bassi-salari-sono-stati-tutelati-dallinflazione\\\/#primaryimage\"},\"thumbnailUrl\":\"https:\\\/\\\/nuovi-lavori.it\\\/wp-content\\\/uploads\\\/2026\\\/04\\\/bassisalari00.jpg\",\"datePublished\":\"2026-04-29T16:30:06+00:00\",\"dateModified\":\"2026-04-29T17:12:52+00:00\",\"breadcrumb\":{\"@id\":\"https:\\\/\\\/nuovi-lavori.it\\\/index.php\\\/solatanto-i-bassi-salari-sono-stati-tutelati-dallinflazione\\\/#breadcrumb\"},\"inLanguage\":\"it-IT\",\"potentialAction\":[{\"@type\":\"ReadAction\",\"target\":[\"https:\\\/\\\/nuovi-lavori.it\\\/index.php\\\/solatanto-i-bassi-salari-sono-stati-tutelati-dallinflazione\\\/\"]}]},{\"@type\":\"ImageObject\",\"inLanguage\":\"it-IT\",\"@id\":\"https:\\\/\\\/nuovi-lavori.it\\\/index.php\\\/solatanto-i-bassi-salari-sono-stati-tutelati-dallinflazione\\\/#primaryimage\",\"url\":\"https:\\\/\\\/nuovi-lavori.it\\\/wp-content\\\/uploads\\\/2026\\\/04\\\/bassisalari00.jpg\",\"contentUrl\":\"https:\\\/\\\/nuovi-lavori.it\\\/wp-content\\\/uploads\\\/2026\\\/04\\\/bassisalari00.jpg\",\"width\":840,\"height\":505},{\"@type\":\"BreadcrumbList\",\"@id\":\"https:\\\/\\\/nuovi-lavori.it\\\/index.php\\\/solatanto-i-bassi-salari-sono-stati-tutelati-dallinflazione\\\/#breadcrumb\",\"itemListElement\":[{\"@type\":\"ListItem\",\"position\":1,\"name\":\"Home\",\"item\":\"https:\\\/\\\/nuovi-lavori.it\\\/\"},{\"@type\":\"ListItem\",\"position\":2,\"name\":\"Newsletter\",\"item\":\"https:\\\/\\\/nuovi-lavori.it\\\/index.php\\\/category\\\/newsletter\\\/\"},{\"@type\":\"ListItem\",\"position\":3,\"name\":\"Soltanto i bassi salari sono stati tutelati dall&#8217;inflazione\"}]},{\"@type\":\"WebSite\",\"@id\":\"https:\\\/\\\/nuovi-lavori.it\\\/#website\",\"url\":\"https:\\\/\\\/nuovi-lavori.it\\\/\",\"name\":\"Nuovi Lavori\",\"description\":\"\",\"publisher\":{\"@id\":\"https:\\\/\\\/nuovi-lavori.it\\\/#organization\"},\"potentialAction\":[{\"@type\":\"SearchAction\",\"target\":{\"@type\":\"EntryPoint\",\"urlTemplate\":\"https:\\\/\\\/nuovi-lavori.it\\\/?s={search_term_string}\"},\"query-input\":{\"@type\":\"PropertyValueSpecification\",\"valueRequired\":true,\"valueName\":\"search_term_string\"}}],\"inLanguage\":\"it-IT\"},{\"@type\":\"Organization\",\"@id\":\"https:\\\/\\\/nuovi-lavori.it\\\/#organization\",\"name\":\"Nuovi Lavori\",\"url\":\"https:\\\/\\\/nuovi-lavori.it\\\/\",\"logo\":{\"@type\":\"ImageObject\",\"inLanguage\":\"it-IT\",\"@id\":\"https:\\\/\\\/nuovi-lavori.it\\\/#\\\/schema\\\/logo\\\/image\\\/\",\"url\":\"http:\\\/\\\/5.249.146.118\\\/wp-content\\\/uploads\\\/2013\\\/11\\\/images_logonl.jpg\",\"contentUrl\":\"http:\\\/\\\/5.249.146.118\\\/wp-content\\\/uploads\\\/2013\\\/11\\\/images_logonl.jpg\",\"width\":400,\"height\":327,\"caption\":\"Nuovi Lavori\"},\"image\":{\"@id\":\"https:\\\/\\\/nuovi-lavori.it\\\/#\\\/schema\\\/logo\\\/image\\\/\"},\"sameAs\":[\"https:\\\/\\\/www.youtube.com\\\/user\\\/newsletteranl\"]},{\"@type\":\"Person\",\"@id\":\"https:\\\/\\\/nuovi-lavori.it\\\/#\\\/schema\\\/person\\\/f57720244e8a792adac051909e05411f\",\"name\":\"Maurizio Benetti\",\"image\":{\"@type\":\"ImageObject\",\"inLanguage\":\"it-IT\",\"@id\":\"https:\\\/\\\/secure.gravatar.com\\\/avatar\\\/d2e4c5be86702a87b452b6ffd2802e871b12c0b6040b6bae67c0e4dc73c998f0?s=96&d=mm&r=g\",\"url\":\"https:\\\/\\\/secure.gravatar.com\\\/avatar\\\/d2e4c5be86702a87b452b6ffd2802e871b12c0b6040b6bae67c0e4dc73c998f0?s=96&d=mm&r=g\",\"contentUrl\":\"https:\\\/\\\/secure.gravatar.com\\\/avatar\\\/d2e4c5be86702a87b452b6ffd2802e871b12c0b6040b6bae67c0e4dc73c998f0?s=96&d=mm&r=g\",\"caption\":\"Maurizio Benetti\"},\"url\":\"https:\\\/\\\/nuovi-lavori.it\\\/index.php\\\/author\\\/maurizio-benetti\\\/\"}]}<\/script>\n<!-- \/ Yoast SEO plugin. -->","yoast_head_json":{"title":"Soltanto i bassi salari sono stati tutelati dall'inflazione - Nuovi Lavori","robots":{"index":"index","follow":"follow","max-snippet":"max-snippet:-1","max-image-preview":"max-image-preview:large","max-video-preview":"max-video-preview:-1"},"canonical":"https:\/\/nuovi-lavori.it\/index.php\/solatanto-i-bassi-salari-sono-stati-tutelati-dallinflazione\/","og_locale":"it_IT","og_type":"article","og_title":"Soltanto i bassi salari sono stati tutelati dall'inflazione - Nuovi Lavori","og_description":"La Cisl ha da poco pubblicato un Report sulla contrattazione in cui si afferma che il risultato congiunto di contrattazione e benefici fiscali ...","og_url":"https:\/\/nuovi-lavori.it\/index.php\/solatanto-i-bassi-salari-sono-stati-tutelati-dallinflazione\/","og_site_name":"Nuovi Lavori","article_published_time":"2026-04-29T16:30:06+00:00","article_modified_time":"2026-04-29T17:12:52+00:00","og_image":[{"width":840,"height":505,"url":"https:\/\/nuovi-lavori.it\/wp-content\/uploads\/2026\/04\/bassisalari00.jpg","type":"image\/jpeg"}],"author":"Maurizio Benetti","twitter_card":"summary_large_image","twitter_misc":{"Scritto da":"Maurizio Benetti","Tempo di lettura stimato":"7 minuti"},"schema":{"@context":"https:\/\/schema.org","@graph":[{"@type":"Article","@id":"https:\/\/nuovi-lavori.it\/index.php\/solatanto-i-bassi-salari-sono-stati-tutelati-dallinflazione\/#article","isPartOf":{"@id":"https:\/\/nuovi-lavori.it\/index.php\/solatanto-i-bassi-salari-sono-stati-tutelati-dallinflazione\/"},"author":{"name":"Maurizio Benetti","@id":"https:\/\/nuovi-lavori.it\/#\/schema\/person\/f57720244e8a792adac051909e05411f"},"headline":"Soltanto i bassi salari sono stati tutelati dall&#8217;inflazione","datePublished":"2026-04-29T16:30:06+00:00","dateModified":"2026-04-29T17:12:52+00:00","mainEntityOfPage":{"@id":"https:\/\/nuovi-lavori.it\/index.php\/solatanto-i-bassi-salari-sono-stati-tutelati-dallinflazione\/"},"wordCount":1226,"publisher":{"@id":"https:\/\/nuovi-lavori.it\/#organization"},"image":{"@id":"https:\/\/nuovi-lavori.it\/index.php\/solatanto-i-bassi-salari-sono-stati-tutelati-dallinflazione\/#primaryimage"},"thumbnailUrl":"https:\/\/nuovi-lavori.it\/wp-content\/uploads\/2026\/04\/bassisalari00.jpg","articleSection":["Newsletter"],"inLanguage":"it-IT"},{"@type":"WebPage","@id":"https:\/\/nuovi-lavori.it\/index.php\/solatanto-i-bassi-salari-sono-stati-tutelati-dallinflazione\/","url":"https:\/\/nuovi-lavori.it\/index.php\/solatanto-i-bassi-salari-sono-stati-tutelati-dallinflazione\/","name":"Soltanto i bassi salari sono stati tutelati dall'inflazione - Nuovi Lavori","isPartOf":{"@id":"https:\/\/nuovi-lavori.it\/#website"},"primaryImageOfPage":{"@id":"https:\/\/nuovi-lavori.it\/index.php\/solatanto-i-bassi-salari-sono-stati-tutelati-dallinflazione\/#primaryimage"},"image":{"@id":"https:\/\/nuovi-lavori.it\/index.php\/solatanto-i-bassi-salari-sono-stati-tutelati-dallinflazione\/#primaryimage"},"thumbnailUrl":"https:\/\/nuovi-lavori.it\/wp-content\/uploads\/2026\/04\/bassisalari00.jpg","datePublished":"2026-04-29T16:30:06+00:00","dateModified":"2026-04-29T17:12:52+00:00","breadcrumb":{"@id":"https:\/\/nuovi-lavori.it\/index.php\/solatanto-i-bassi-salari-sono-stati-tutelati-dallinflazione\/#breadcrumb"},"inLanguage":"it-IT","potentialAction":[{"@type":"ReadAction","target":["https:\/\/nuovi-lavori.it\/index.php\/solatanto-i-bassi-salari-sono-stati-tutelati-dallinflazione\/"]}]},{"@type":"ImageObject","inLanguage":"it-IT","@id":"https:\/\/nuovi-lavori.it\/index.php\/solatanto-i-bassi-salari-sono-stati-tutelati-dallinflazione\/#primaryimage","url":"https:\/\/nuovi-lavori.it\/wp-content\/uploads\/2026\/04\/bassisalari00.jpg","contentUrl":"https:\/\/nuovi-lavori.it\/wp-content\/uploads\/2026\/04\/bassisalari00.jpg","width":840,"height":505},{"@type":"BreadcrumbList","@id":"https:\/\/nuovi-lavori.it\/index.php\/solatanto-i-bassi-salari-sono-stati-tutelati-dallinflazione\/#breadcrumb","itemListElement":[{"@type":"ListItem","position":1,"name":"Home","item":"https:\/\/nuovi-lavori.it\/"},{"@type":"ListItem","position":2,"name":"Newsletter","item":"https:\/\/nuovi-lavori.it\/index.php\/category\/newsletter\/"},{"@type":"ListItem","position":3,"name":"Soltanto i bassi salari sono stati tutelati dall&#8217;inflazione"}]},{"@type":"WebSite","@id":"https:\/\/nuovi-lavori.it\/#website","url":"https:\/\/nuovi-lavori.it\/","name":"Nuovi Lavori","description":"","publisher":{"@id":"https:\/\/nuovi-lavori.it\/#organization"},"potentialAction":[{"@type":"SearchAction","target":{"@type":"EntryPoint","urlTemplate":"https:\/\/nuovi-lavori.it\/?s={search_term_string}"},"query-input":{"@type":"PropertyValueSpecification","valueRequired":true,"valueName":"search_term_string"}}],"inLanguage":"it-IT"},{"@type":"Organization","@id":"https:\/\/nuovi-lavori.it\/#organization","name":"Nuovi Lavori","url":"https:\/\/nuovi-lavori.it\/","logo":{"@type":"ImageObject","inLanguage":"it-IT","@id":"https:\/\/nuovi-lavori.it\/#\/schema\/logo\/image\/","url":"http:\/\/5.249.146.118\/wp-content\/uploads\/2013\/11\/images_logonl.jpg","contentUrl":"http:\/\/5.249.146.118\/wp-content\/uploads\/2013\/11\/images_logonl.jpg","width":400,"height":327,"caption":"Nuovi Lavori"},"image":{"@id":"https:\/\/nuovi-lavori.it\/#\/schema\/logo\/image\/"},"sameAs":["https:\/\/www.youtube.com\/user\/newsletteranl"]},{"@type":"Person","@id":"https:\/\/nuovi-lavori.it\/#\/schema\/person\/f57720244e8a792adac051909e05411f","name":"Maurizio Benetti","image":{"@type":"ImageObject","inLanguage":"it-IT","@id":"https:\/\/secure.gravatar.com\/avatar\/d2e4c5be86702a87b452b6ffd2802e871b12c0b6040b6bae67c0e4dc73c998f0?s=96&d=mm&r=g","url":"https:\/\/secure.gravatar.com\/avatar\/d2e4c5be86702a87b452b6ffd2802e871b12c0b6040b6bae67c0e4dc73c998f0?s=96&d=mm&r=g","contentUrl":"https:\/\/secure.gravatar.com\/avatar\/d2e4c5be86702a87b452b6ffd2802e871b12c0b6040b6bae67c0e4dc73c998f0?s=96&d=mm&r=g","caption":"Maurizio Benetti"},"url":"https:\/\/nuovi-lavori.it\/index.php\/author\/maurizio-benetti\/"}]}},"_links":{"self":[{"href":"https:\/\/nuovi-lavori.it\/index.php\/wp-json\/wp\/v2\/posts\/23048","targetHints":{"allow":["GET"]}}],"collection":[{"href":"https:\/\/nuovi-lavori.it\/index.php\/wp-json\/wp\/v2\/posts"}],"about":[{"href":"https:\/\/nuovi-lavori.it\/index.php\/wp-json\/wp\/v2\/types\/post"}],"author":[{"embeddable":true,"href":"https:\/\/nuovi-lavori.it\/index.php\/wp-json\/wp\/v2\/users\/6372"}],"replies":[{"embeddable":true,"href":"https:\/\/nuovi-lavori.it\/index.php\/wp-json\/wp\/v2\/comments?post=23048"}],"version-history":[{"count":2,"href":"https:\/\/nuovi-lavori.it\/index.php\/wp-json\/wp\/v2\/posts\/23048\/revisions"}],"predecessor-version":[{"id":23064,"href":"https:\/\/nuovi-lavori.it\/index.php\/wp-json\/wp\/v2\/posts\/23048\/revisions\/23064"}],"wp:featuredmedia":[{"embeddable":true,"href":"https:\/\/nuovi-lavori.it\/index.php\/wp-json\/wp\/v2\/media\/23063"}],"wp:attachment":[{"href":"https:\/\/nuovi-lavori.it\/index.php\/wp-json\/wp\/v2\/media?parent=23048"}],"wp:term":[{"taxonomy":"category","embeddable":true,"href":"https:\/\/nuovi-lavori.it\/index.php\/wp-json\/wp\/v2\/categories?post=23048"},{"taxonomy":"post_tag","embeddable":true,"href":"https:\/\/nuovi-lavori.it\/index.php\/wp-json\/wp\/v2\/tags?post=23048"}],"curies":[{"name":"wp","href":"https:\/\/api.w.org\/{rel}","templated":true}]}}