{"id":23056,"date":"2026-04-29T18:48:26","date_gmt":"2026-04-29T16:48:26","guid":{"rendered":"https:\/\/nuovi-lavori.it\/?p=23056"},"modified":"2026-04-29T19:40:09","modified_gmt":"2026-04-29T17:40:09","slug":"un-primo-maggio-che-non-sia-solo-chiacchiere-fave-e-pecorino","status":"publish","type":"post","link":"https:\/\/nuovi-lavori.it\/index.php\/un-primo-maggio-che-non-sia-solo-chiacchiere-fave-e-pecorino\/","title":{"rendered":"Un 1\u00b0 maggio che non sia solo chiacchiere musica, fave e pecorino"},"content":{"rendered":"\n<p>Questo 1\u00b0 Maggio sar\u00e0 festa lo stesso. E\u2019 convinzione radicata nella cultura del Paese e nessuno la scalfir\u00e0 minimamente. Ma il contesto avr\u00e0 comunque il suo peso.\u00a0<\/p>\n\n\n\n<p>Nel mondo, continua a fare scorribande la convinzione che le regole della comune convivenza siano un retaggio del passato. Quanti le calpestano e non sono quattro gatti, prospettano soltanto la forza come motrice delle proprie opinioni e desideri, provocando finora pi\u00f9 danni che vantaggi a loro e al prossimo.<\/p>\n\n\n\n<p>Il lavoro &#8211; che non ha la stessa logica della finanza o della rendita che si adattano facilmente al \u201cmordi e fuggi\u201d e al vento che soffia \u2013 si trova enormemente esposto alle incertezze, alla casualit\u00e0, al cambio di prospettive, ai mutamenti delle convenienze. Nel mondo e in Italia.<\/p>\n\n\n\n<p>Cos\u00ec, nel nostro Paese tornano a circolare l\u2019inevitabilit\u00e0 della revisione delle scelte fatte in un clima di pace e di un sia pur relativo benessere, lo spettro dello sfarinamento della fiducia sulla tenuta della coesione sociale, il timore che cedano le ciambelle di salvataggio pi\u00f9 solide.<\/p>\n\n\n\n<p>Una di esse \u00e8 certamente il salario. Se la sua tenuta scricchiolasse, a fronte di un\u2019inflazione incalzante soprattutto per fattori esogeni e pertanto non governabili, la situazione potrebbe diventare serissima. Questa preoccupazione si somma sia ad una situazione di ampliamento dell\u2019occupazione povera e fragile e sia ad un dibattito che viene da lontano, su&nbsp; un crescendo di diseguaglianze fattuali ed esistenziali che si insinua anche dentro le fila dei lavoratori.<\/p>\n\n\n\n<p>Non \u00e8 una scoperta recente che la faglia tra protetti e deboli nel mercato del lavoro si stia allargando; che la stessa contrattazione collettiva recente &#8211; che pure \u00e8 stata orientata verso un consistente recupero salariale \u2013 ha avuto conclusioni che hanno allargato lo sventagliamento delle retribuzioni; che la politica fiscale adottata ha contribuito a tutelare i redditi fino a 35000 euro annui, sottoponendo gli altri a stress da pressioni sempre pi\u00f9 insopportabili. Specie di fronte all\u2019evidenza dei guasti al dettato costituzionale della progressivit\u00e0 prodotti dall\u2019introduzione della flat tax e dalla persistente evasione contributiva e fiscale. &nbsp;<\/p>\n\n\n\n<p>Rispetto a quest\u2019accumulo di problematiche, il decreto sul lavoro, pomposamente denominato 1\u00b0 Maggio, appena varato dal Governo, appare del tutto disallineato. Si percepisce un affanno da ricerca di soluzioni allettanti che mal si coniugano con le questioni che hanno le persone che lavorano, che cercano il primo lavoro o che lo stanno per perdere.&nbsp;<\/p>\n\n\n\n<p>E\u2019 di assoluta evidenza che le decisioni adottate mancano di &nbsp; sistematicit\u00e0 strategica (nessun rapporto salario\/fisco), di incisivit\u00e0 nel creare dei ripari stabili (il \u201cgiusto salario\u201d non \u00e8 una novit\u00e0, la magistratura giudica da sempre sulla base di questo concetto), di ripetitivit\u00e0 di incentivi per l\u2019assunzione dei giovani, che hanno dimostrato anche in passato di essere pannicelli caldi.<\/p>\n\n\n\n<p>L\u2019opposizione sembra aver capito questa difficolt\u00e0 del Governo e lo incalza con la denuncia della sua pochezza. Ma non basta la critica anche la pi\u00f9 radicale. N\u00e9 il rifugio nella rivendicazione del salario minimo o del prelievo dagli extra profitti di alcuni settori produttivi e finanziari. Anche essa rischia di scarsezza di visione strategica, o peggio di opportunismo di posizionamento. La gente percepisce questo tatticismo e si sente in qualche modo estranea e reagisce con una certa passivit\u00e0.<\/p>\n\n\n\n<p>Di ben altro ha bisogno il Paese, se si vuol fare della tutela del salario reale e quindi dell\u2019occupazione il fulcro della coesione sociale. Avendo chiaro che la logica del tutto e subito \u00e8 fuori della portata di chiunque. Ma avendo anche presente che se non si avvia un processo strategico e sistemico non si potranno ottenere mai risultati robusti.<\/p>\n\n\n\n<p>C\u2019\u00e8 innanzitutto bisogno di un sistema di relazioni tra le parti sociali, incardinato in uno schema di concertazione tra esse e il Governo. Soltanto in questo modo, le incursioni dei cos\u00ec detti \u201ccontratti pirata\u201d possono essere scongiurati. Dando sistematicit\u00e0 alle une come all\u2019altro, i tempi dei rinnovi contrattuali possono essere pi\u00f9 rispettati, la certezza della rappresentanza delle parti sociali meglio certificata, l\u2019ampia casistica dei tipi di contratti individuali e delle false partite IVA sottoposte a seria semplificazione, il raccordo tra la dinamica dei salari e la politica economica e fiscale, maggiormente coordinato.<\/p>\n\n\n\n<p>In secondo luogo, ripensare in profondit\u00e0 la politica fiscale per dare credibilit\u00e0 alla logica della progressivit\u00e0 e ci\u00f2 passa attraverso: il disboscamento della selva degli sgravi e delle esenzioni che si sono accumulati nel tempo sia a livello nazionale che regionale; una nuova tassazione progressiva delle rendite immobiliari, finanziarie, amministrative; la deduzione delle spese pi\u00f9 essenziali delle persone e delle famiglie (riguardanti per esempio la manutenzione delle case, dei mezzi di trasporto, la formazione e cultura personali) ; e in rapporto a questi interventi una nuova scala di aliquote fiscali effettivamente progressive valide per tutti, singoli e imprese.<\/p>\n\n\n\n<p>&nbsp;Infine, i salari cresceranno tanto pi\u00f9 velocemente quanto maggiore e regolare sar\u00e0 l\u2019incremento della produttivit\u00e0 e minore e controllata l\u2019ascesa delle esportazioni. Nel corso del 2025, l\u2019Istat ha calcolato che l\u2019Italia \u00e8 stata leader in Europa per numero di imprese. Sembra una buona notizia ma se si tiene conto che la media di occupati \u00e8 di 4 per azienda contro i 12 della Germania, collocatasi al secondo posto, il giudizio cambia. Con strutture cos\u00ec sminuzzate \u201cil piccolo non \u00e8 pi\u00f9 bello\u201d, ma buono solamente a sopravvivere. E il successo nell\u2019export \u00e8 figlio legittimo, ma non tanto presentabile, della concorrenza sui costi, primo fra tutti, quello del lavoro. Bisogna favorire un cambiamento della struttura delle imprese, incentivando soltanto le \u201cstartup\u201d nei nuovi settori, quelle che investono in produttivit\u00e0 e occupazione specie nel terziario, sottraendole tutte alla seduzione della flat tax. Come \u00e8 necessario sostenere la domanda interna di beni e servizi.<\/p>\n\n\n\n<p>Un 1\u00b0 maggio che faccia uscire tutti noi dalla chiacchiera congiunturale e ci proiettasse in una visione pi\u00f9 strategica ci farebbe mangiare fave e formaggio e bere buon vino con maggiore piacevolezza. &nbsp; &nbsp; &nbsp; &nbsp;<\/p>\n\n\n\n<p><\/p>\n","protected":false},"excerpt":{"rendered":"<p>Questo 1\u00b0 Maggio sar\u00e0 festa lo stesso. E\u2019 convinzione radicata nella cultura del Paese e nessuno la scalfir\u00e0 minimamente.<\/p>\n","protected":false},"author":6341,"featured_media":23058,"comment_status":"closed","ping_status":"closed","sticky":false,"template":"","format":"standard","meta":{"footnotes":""},"categories":[9],"tags":[],"class_list":["post-23056","post","type-post","status-publish","format-standard","has-post-thumbnail","hentry","category-newsletter"],"yoast_head":"<!-- This site is optimized with the Yoast SEO plugin v27.5 - https:\/\/yoast.com\/product\/yoast-seo-wordpress\/ -->\n<title>Un 1\u00b0 maggio che non sia solo chiacchiere musica, fave e pecorino - Nuovi Lavori<\/title>\n<meta name=\"robots\" content=\"index, follow, max-snippet:-1, max-image-preview:large, max-video-preview:-1\" \/>\n<link rel=\"canonical\" href=\"https:\/\/nuovi-lavori.it\/index.php\/un-primo-maggio-che-non-sia-solo-chiacchiere-fave-e-pecorino\/\" \/>\n<meta property=\"og:locale\" content=\"it_IT\" \/>\n<meta property=\"og:type\" content=\"article\" \/>\n<meta property=\"og:title\" content=\"Un 1\u00b0 maggio che non sia solo chiacchiere musica, fave e pecorino - Nuovi Lavori\" \/>\n<meta property=\"og:description\" content=\"Questo 1\u00b0 Maggio sar\u00e0 festa lo stesso. E\u2019 convinzione radicata nella cultura del Paese e nessuno la scalfir\u00e0 minimamente.\" \/>\n<meta property=\"og:url\" content=\"https:\/\/nuovi-lavori.it\/index.php\/un-primo-maggio-che-non-sia-solo-chiacchiere-fave-e-pecorino\/\" \/>\n<meta property=\"og:site_name\" content=\"Nuovi Lavori\" \/>\n<meta property=\"article:published_time\" content=\"2026-04-29T16:48:26+00:00\" \/>\n<meta property=\"article:modified_time\" content=\"2026-04-29T17:40:09+00:00\" \/>\n<meta property=\"og:image\" content=\"https:\/\/nuovi-lavori.it\/wp-content\/uploads\/2026\/04\/1maggio-e1777481483749.jpg\" \/>\n\t<meta property=\"og:image:width\" content=\"396\" \/>\n\t<meta property=\"og:image:height\" content=\"314\" \/>\n\t<meta property=\"og:image:type\" content=\"image\/jpeg\" \/>\n<meta name=\"author\" content=\"Raffaele Morese\" \/>\n<meta name=\"twitter:card\" content=\"summary_large_image\" \/>\n<meta name=\"twitter:label1\" content=\"Scritto da\" \/>\n\t<meta name=\"twitter:data1\" content=\"Raffaele Morese\" \/>\n\t<meta name=\"twitter:label2\" content=\"Tempo di lettura stimato\" \/>\n\t<meta name=\"twitter:data2\" content=\"6 minuti\" \/>\n<script type=\"application\/ld+json\" class=\"yoast-schema-graph\">{\"@context\":\"https:\\\/\\\/schema.org\",\"@graph\":[{\"@type\":\"Article\",\"@id\":\"https:\\\/\\\/nuovi-lavori.it\\\/index.php\\\/un-primo-maggio-che-non-sia-solo-chiacchiere-fave-e-pecorino\\\/#article\",\"isPartOf\":{\"@id\":\"https:\\\/\\\/nuovi-lavori.it\\\/index.php\\\/un-primo-maggio-che-non-sia-solo-chiacchiere-fave-e-pecorino\\\/\"},\"author\":{\"name\":\"Raffaele Morese\",\"@id\":\"https:\\\/\\\/nuovi-lavori.it\\\/#\\\/schema\\\/person\\\/4768859afb8ce507df626060d213b701\"},\"headline\":\"Un 1\u00b0 maggio che non sia solo chiacchiere musica, fave e pecorino\",\"datePublished\":\"2026-04-29T16:48:26+00:00\",\"dateModified\":\"2026-04-29T17:40:09+00:00\",\"mainEntityOfPage\":{\"@id\":\"https:\\\/\\\/nuovi-lavori.it\\\/index.php\\\/un-primo-maggio-che-non-sia-solo-chiacchiere-fave-e-pecorino\\\/\"},\"wordCount\":975,\"publisher\":{\"@id\":\"https:\\\/\\\/nuovi-lavori.it\\\/#organization\"},\"image\":{\"@id\":\"https:\\\/\\\/nuovi-lavori.it\\\/index.php\\\/un-primo-maggio-che-non-sia-solo-chiacchiere-fave-e-pecorino\\\/#primaryimage\"},\"thumbnailUrl\":\"https:\\\/\\\/nuovi-lavori.it\\\/wp-content\\\/uploads\\\/2026\\\/04\\\/1maggio-e1777481483749.jpg\",\"articleSection\":[\"Newsletter\"],\"inLanguage\":\"it-IT\"},{\"@type\":\"WebPage\",\"@id\":\"https:\\\/\\\/nuovi-lavori.it\\\/index.php\\\/un-primo-maggio-che-non-sia-solo-chiacchiere-fave-e-pecorino\\\/\",\"url\":\"https:\\\/\\\/nuovi-lavori.it\\\/index.php\\\/un-primo-maggio-che-non-sia-solo-chiacchiere-fave-e-pecorino\\\/\",\"name\":\"Un 1\u00b0 maggio che non sia solo chiacchiere musica, fave e pecorino - Nuovi Lavori\",\"isPartOf\":{\"@id\":\"https:\\\/\\\/nuovi-lavori.it\\\/#website\"},\"primaryImageOfPage\":{\"@id\":\"https:\\\/\\\/nuovi-lavori.it\\\/index.php\\\/un-primo-maggio-che-non-sia-solo-chiacchiere-fave-e-pecorino\\\/#primaryimage\"},\"image\":{\"@id\":\"https:\\\/\\\/nuovi-lavori.it\\\/index.php\\\/un-primo-maggio-che-non-sia-solo-chiacchiere-fave-e-pecorino\\\/#primaryimage\"},\"thumbnailUrl\":\"https:\\\/\\\/nuovi-lavori.it\\\/wp-content\\\/uploads\\\/2026\\\/04\\\/1maggio-e1777481483749.jpg\",\"datePublished\":\"2026-04-29T16:48:26+00:00\",\"dateModified\":\"2026-04-29T17:40:09+00:00\",\"breadcrumb\":{\"@id\":\"https:\\\/\\\/nuovi-lavori.it\\\/index.php\\\/un-primo-maggio-che-non-sia-solo-chiacchiere-fave-e-pecorino\\\/#breadcrumb\"},\"inLanguage\":\"it-IT\",\"potentialAction\":[{\"@type\":\"ReadAction\",\"target\":[\"https:\\\/\\\/nuovi-lavori.it\\\/index.php\\\/un-primo-maggio-che-non-sia-solo-chiacchiere-fave-e-pecorino\\\/\"]}]},{\"@type\":\"ImageObject\",\"inLanguage\":\"it-IT\",\"@id\":\"https:\\\/\\\/nuovi-lavori.it\\\/index.php\\\/un-primo-maggio-che-non-sia-solo-chiacchiere-fave-e-pecorino\\\/#primaryimage\",\"url\":\"https:\\\/\\\/nuovi-lavori.it\\\/wp-content\\\/uploads\\\/2026\\\/04\\\/1maggio-e1777481483749.jpg\",\"contentUrl\":\"https:\\\/\\\/nuovi-lavori.it\\\/wp-content\\\/uploads\\\/2026\\\/04\\\/1maggio-e1777481483749.jpg\",\"width\":396,\"height\":314},{\"@type\":\"BreadcrumbList\",\"@id\":\"https:\\\/\\\/nuovi-lavori.it\\\/index.php\\\/un-primo-maggio-che-non-sia-solo-chiacchiere-fave-e-pecorino\\\/#breadcrumb\",\"itemListElement\":[{\"@type\":\"ListItem\",\"position\":1,\"name\":\"Home\",\"item\":\"https:\\\/\\\/nuovi-lavori.it\\\/\"},{\"@type\":\"ListItem\",\"position\":2,\"name\":\"Newsletter\",\"item\":\"https:\\\/\\\/nuovi-lavori.it\\\/index.php\\\/category\\\/newsletter\\\/\"},{\"@type\":\"ListItem\",\"position\":3,\"name\":\"Un 1\u00b0 maggio che non sia solo chiacchiere musica, fave e pecorino\"}]},{\"@type\":\"WebSite\",\"@id\":\"https:\\\/\\\/nuovi-lavori.it\\\/#website\",\"url\":\"https:\\\/\\\/nuovi-lavori.it\\\/\",\"name\":\"Nuovi Lavori\",\"description\":\"\",\"publisher\":{\"@id\":\"https:\\\/\\\/nuovi-lavori.it\\\/#organization\"},\"potentialAction\":[{\"@type\":\"SearchAction\",\"target\":{\"@type\":\"EntryPoint\",\"urlTemplate\":\"https:\\\/\\\/nuovi-lavori.it\\\/?s={search_term_string}\"},\"query-input\":{\"@type\":\"PropertyValueSpecification\",\"valueRequired\":true,\"valueName\":\"search_term_string\"}}],\"inLanguage\":\"it-IT\"},{\"@type\":\"Organization\",\"@id\":\"https:\\\/\\\/nuovi-lavori.it\\\/#organization\",\"name\":\"Nuovi Lavori\",\"url\":\"https:\\\/\\\/nuovi-lavori.it\\\/\",\"logo\":{\"@type\":\"ImageObject\",\"inLanguage\":\"it-IT\",\"@id\":\"https:\\\/\\\/nuovi-lavori.it\\\/#\\\/schema\\\/logo\\\/image\\\/\",\"url\":\"http:\\\/\\\/5.249.146.118\\\/wp-content\\\/uploads\\\/2013\\\/11\\\/images_logonl.jpg\",\"contentUrl\":\"http:\\\/\\\/5.249.146.118\\\/wp-content\\\/uploads\\\/2013\\\/11\\\/images_logonl.jpg\",\"width\":400,\"height\":327,\"caption\":\"Nuovi Lavori\"},\"image\":{\"@id\":\"https:\\\/\\\/nuovi-lavori.it\\\/#\\\/schema\\\/logo\\\/image\\\/\"},\"sameAs\":[\"https:\\\/\\\/www.youtube.com\\\/user\\\/newsletteranl\"]},{\"@type\":\"Person\",\"@id\":\"https:\\\/\\\/nuovi-lavori.it\\\/#\\\/schema\\\/person\\\/4768859afb8ce507df626060d213b701\",\"name\":\"Raffaele Morese\",\"image\":{\"@type\":\"ImageObject\",\"inLanguage\":\"it-IT\",\"@id\":\"https:\\\/\\\/secure.gravatar.com\\\/avatar\\\/c9e93dd33a56fe3d005bd3f6c40cb88951704b941daa4f4dd789da460905d0d7?s=96&d=mm&r=g\",\"url\":\"https:\\\/\\\/secure.gravatar.com\\\/avatar\\\/c9e93dd33a56fe3d005bd3f6c40cb88951704b941daa4f4dd789da460905d0d7?s=96&d=mm&r=g\",\"contentUrl\":\"https:\\\/\\\/secure.gravatar.com\\\/avatar\\\/c9e93dd33a56fe3d005bd3f6c40cb88951704b941daa4f4dd789da460905d0d7?s=96&d=mm&r=g\",\"caption\":\"Raffaele Morese\"},\"description\":\"Laureato in economia e commercio all'Universit\u00e0 Cattolica di Milano. Nel 1966 \u00e8 responsabile dell'Ufficio Studi e Marketing della Rinascente S.p.A., nel 1967 entra all\u2019Ufficio Studi della CISL. Nel 1969 avvia la sua attivit\u00e0 sindacale come operatore nella Fim-Cisl nazionale, di cui diviene segretario nazionale nel 1975, ricoprendo la responsabilit\u00e0 di vari settori (elettromeccanica, informatica, siderurgia, e infine auto e trasporti) e assumendo il coordinamento delle politiche sindacali. Nel 1983 succede a Franco Bentivogli come segretario generale della Fim-Cisl e nel 1989 passa alla segreteria nazionale della confederazione, di cui diviene segretario generale aggiunto, in coppia con Sergio D'Antoni segretario generale. Nel 1998 si conclude la sua esperienza sindacale e si apre una fase di impegno politico nelle file del centro-sinistra. Dal 1998 al 2001 \u00e8 Sottosegretario con delega al Ministero del Lavoro. Dal 2002 al 2009 \u00e8 stato presidente di Trambus, la societ\u00e0 per azioni del Comune di Roma che gestisce la maggior parte del trasporto pubblico di Roma. Dal 2004 al 2009 \u00e8 stato presidente di Confservizi, la confederazione nazionale che rappresenta le aziende e gli enti che gestiscono i Servizi Pubblici Locali. Morese \u00e8 stato inoltre Consigliere del Consiglio Nazionale dell'Economia e del Lavoro (CNEL) nella IV Consiliatura, e nel 2005 \u00e8 stato nominato presidente della Commissione per le grandi opere e le reti infrastrutturali, per le politiche energetiche e i servizi di rete. Dal 1996 al 2009 \u00e8 stato Presidente di Intersos, la pi\u00f9 grande ONG italiana per l\u2019intervento umanitario nelle situazioni di guerra, di calamit\u00e0 naturali, di epidemie. Ha inoltre collaborato con numerosi quotidiani e settimanali, quali Sette giorni, Mondo Operaio, Il Popolo, Il Nuovo e L\u2019Europa, ed \u00e8 autore di diverse pubblicazioni sul mondo del lavoro, come Lavorare meno, lavorare tutti, Le Frontiere della partecipazione, Contare fino a uno e Ridistribuire il lavoro. Attualmente \u00e8 Segretario Generale di \\\"Nuovi Lavori\\\" (NL) e Presidente del think tank Koin\u00e8.\",\"url\":\"https:\\\/\\\/nuovi-lavori.it\\\/index.php\\\/author\\\/raffaele-morese\\\/\"}]}<\/script>\n<!-- \/ Yoast SEO plugin. -->","yoast_head_json":{"title":"Un 1\u00b0 maggio che non sia solo chiacchiere musica, fave e pecorino - Nuovi Lavori","robots":{"index":"index","follow":"follow","max-snippet":"max-snippet:-1","max-image-preview":"max-image-preview:large","max-video-preview":"max-video-preview:-1"},"canonical":"https:\/\/nuovi-lavori.it\/index.php\/un-primo-maggio-che-non-sia-solo-chiacchiere-fave-e-pecorino\/","og_locale":"it_IT","og_type":"article","og_title":"Un 1\u00b0 maggio che non sia solo chiacchiere musica, fave e pecorino - Nuovi Lavori","og_description":"Questo 1\u00b0 Maggio sar\u00e0 festa lo stesso. E\u2019 convinzione radicata nella cultura del Paese e nessuno la scalfir\u00e0 minimamente.","og_url":"https:\/\/nuovi-lavori.it\/index.php\/un-primo-maggio-che-non-sia-solo-chiacchiere-fave-e-pecorino\/","og_site_name":"Nuovi Lavori","article_published_time":"2026-04-29T16:48:26+00:00","article_modified_time":"2026-04-29T17:40:09+00:00","og_image":[{"width":396,"height":314,"url":"https:\/\/nuovi-lavori.it\/wp-content\/uploads\/2026\/04\/1maggio-e1777481483749.jpg","type":"image\/jpeg"}],"author":"Raffaele Morese","twitter_card":"summary_large_image","twitter_misc":{"Scritto da":"Raffaele Morese","Tempo di lettura stimato":"6 minuti"},"schema":{"@context":"https:\/\/schema.org","@graph":[{"@type":"Article","@id":"https:\/\/nuovi-lavori.it\/index.php\/un-primo-maggio-che-non-sia-solo-chiacchiere-fave-e-pecorino\/#article","isPartOf":{"@id":"https:\/\/nuovi-lavori.it\/index.php\/un-primo-maggio-che-non-sia-solo-chiacchiere-fave-e-pecorino\/"},"author":{"name":"Raffaele Morese","@id":"https:\/\/nuovi-lavori.it\/#\/schema\/person\/4768859afb8ce507df626060d213b701"},"headline":"Un 1\u00b0 maggio che non sia solo chiacchiere musica, fave e pecorino","datePublished":"2026-04-29T16:48:26+00:00","dateModified":"2026-04-29T17:40:09+00:00","mainEntityOfPage":{"@id":"https:\/\/nuovi-lavori.it\/index.php\/un-primo-maggio-che-non-sia-solo-chiacchiere-fave-e-pecorino\/"},"wordCount":975,"publisher":{"@id":"https:\/\/nuovi-lavori.it\/#organization"},"image":{"@id":"https:\/\/nuovi-lavori.it\/index.php\/un-primo-maggio-che-non-sia-solo-chiacchiere-fave-e-pecorino\/#primaryimage"},"thumbnailUrl":"https:\/\/nuovi-lavori.it\/wp-content\/uploads\/2026\/04\/1maggio-e1777481483749.jpg","articleSection":["Newsletter"],"inLanguage":"it-IT"},{"@type":"WebPage","@id":"https:\/\/nuovi-lavori.it\/index.php\/un-primo-maggio-che-non-sia-solo-chiacchiere-fave-e-pecorino\/","url":"https:\/\/nuovi-lavori.it\/index.php\/un-primo-maggio-che-non-sia-solo-chiacchiere-fave-e-pecorino\/","name":"Un 1\u00b0 maggio che non sia solo chiacchiere musica, fave e pecorino - Nuovi Lavori","isPartOf":{"@id":"https:\/\/nuovi-lavori.it\/#website"},"primaryImageOfPage":{"@id":"https:\/\/nuovi-lavori.it\/index.php\/un-primo-maggio-che-non-sia-solo-chiacchiere-fave-e-pecorino\/#primaryimage"},"image":{"@id":"https:\/\/nuovi-lavori.it\/index.php\/un-primo-maggio-che-non-sia-solo-chiacchiere-fave-e-pecorino\/#primaryimage"},"thumbnailUrl":"https:\/\/nuovi-lavori.it\/wp-content\/uploads\/2026\/04\/1maggio-e1777481483749.jpg","datePublished":"2026-04-29T16:48:26+00:00","dateModified":"2026-04-29T17:40:09+00:00","breadcrumb":{"@id":"https:\/\/nuovi-lavori.it\/index.php\/un-primo-maggio-che-non-sia-solo-chiacchiere-fave-e-pecorino\/#breadcrumb"},"inLanguage":"it-IT","potentialAction":[{"@type":"ReadAction","target":["https:\/\/nuovi-lavori.it\/index.php\/un-primo-maggio-che-non-sia-solo-chiacchiere-fave-e-pecorino\/"]}]},{"@type":"ImageObject","inLanguage":"it-IT","@id":"https:\/\/nuovi-lavori.it\/index.php\/un-primo-maggio-che-non-sia-solo-chiacchiere-fave-e-pecorino\/#primaryimage","url":"https:\/\/nuovi-lavori.it\/wp-content\/uploads\/2026\/04\/1maggio-e1777481483749.jpg","contentUrl":"https:\/\/nuovi-lavori.it\/wp-content\/uploads\/2026\/04\/1maggio-e1777481483749.jpg","width":396,"height":314},{"@type":"BreadcrumbList","@id":"https:\/\/nuovi-lavori.it\/index.php\/un-primo-maggio-che-non-sia-solo-chiacchiere-fave-e-pecorino\/#breadcrumb","itemListElement":[{"@type":"ListItem","position":1,"name":"Home","item":"https:\/\/nuovi-lavori.it\/"},{"@type":"ListItem","position":2,"name":"Newsletter","item":"https:\/\/nuovi-lavori.it\/index.php\/category\/newsletter\/"},{"@type":"ListItem","position":3,"name":"Un 1\u00b0 maggio che non sia solo chiacchiere musica, fave e pecorino"}]},{"@type":"WebSite","@id":"https:\/\/nuovi-lavori.it\/#website","url":"https:\/\/nuovi-lavori.it\/","name":"Nuovi Lavori","description":"","publisher":{"@id":"https:\/\/nuovi-lavori.it\/#organization"},"potentialAction":[{"@type":"SearchAction","target":{"@type":"EntryPoint","urlTemplate":"https:\/\/nuovi-lavori.it\/?s={search_term_string}"},"query-input":{"@type":"PropertyValueSpecification","valueRequired":true,"valueName":"search_term_string"}}],"inLanguage":"it-IT"},{"@type":"Organization","@id":"https:\/\/nuovi-lavori.it\/#organization","name":"Nuovi Lavori","url":"https:\/\/nuovi-lavori.it\/","logo":{"@type":"ImageObject","inLanguage":"it-IT","@id":"https:\/\/nuovi-lavori.it\/#\/schema\/logo\/image\/","url":"http:\/\/5.249.146.118\/wp-content\/uploads\/2013\/11\/images_logonl.jpg","contentUrl":"http:\/\/5.249.146.118\/wp-content\/uploads\/2013\/11\/images_logonl.jpg","width":400,"height":327,"caption":"Nuovi Lavori"},"image":{"@id":"https:\/\/nuovi-lavori.it\/#\/schema\/logo\/image\/"},"sameAs":["https:\/\/www.youtube.com\/user\/newsletteranl"]},{"@type":"Person","@id":"https:\/\/nuovi-lavori.it\/#\/schema\/person\/4768859afb8ce507df626060d213b701","name":"Raffaele Morese","image":{"@type":"ImageObject","inLanguage":"it-IT","@id":"https:\/\/secure.gravatar.com\/avatar\/c9e93dd33a56fe3d005bd3f6c40cb88951704b941daa4f4dd789da460905d0d7?s=96&d=mm&r=g","url":"https:\/\/secure.gravatar.com\/avatar\/c9e93dd33a56fe3d005bd3f6c40cb88951704b941daa4f4dd789da460905d0d7?s=96&d=mm&r=g","contentUrl":"https:\/\/secure.gravatar.com\/avatar\/c9e93dd33a56fe3d005bd3f6c40cb88951704b941daa4f4dd789da460905d0d7?s=96&d=mm&r=g","caption":"Raffaele Morese"},"description":"Laureato in economia e commercio all'Universit\u00e0 Cattolica di Milano. Nel 1966 \u00e8 responsabile dell'Ufficio Studi e Marketing della Rinascente S.p.A., nel 1967 entra all\u2019Ufficio Studi della CISL. Nel 1969 avvia la sua attivit\u00e0 sindacale come operatore nella Fim-Cisl nazionale, di cui diviene segretario nazionale nel 1975, ricoprendo la responsabilit\u00e0 di vari settori (elettromeccanica, informatica, siderurgia, e infine auto e trasporti) e assumendo il coordinamento delle politiche sindacali. Nel 1983 succede a Franco Bentivogli come segretario generale della Fim-Cisl e nel 1989 passa alla segreteria nazionale della confederazione, di cui diviene segretario generale aggiunto, in coppia con Sergio D'Antoni segretario generale. Nel 1998 si conclude la sua esperienza sindacale e si apre una fase di impegno politico nelle file del centro-sinistra. Dal 1998 al 2001 \u00e8 Sottosegretario con delega al Ministero del Lavoro. Dal 2002 al 2009 \u00e8 stato presidente di Trambus, la societ\u00e0 per azioni del Comune di Roma che gestisce la maggior parte del trasporto pubblico di Roma. Dal 2004 al 2009 \u00e8 stato presidente di Confservizi, la confederazione nazionale che rappresenta le aziende e gli enti che gestiscono i Servizi Pubblici Locali. Morese \u00e8 stato inoltre Consigliere del Consiglio Nazionale dell'Economia e del Lavoro (CNEL) nella IV Consiliatura, e nel 2005 \u00e8 stato nominato presidente della Commissione per le grandi opere e le reti infrastrutturali, per le politiche energetiche e i servizi di rete. Dal 1996 al 2009 \u00e8 stato Presidente di Intersos, la pi\u00f9 grande ONG italiana per l\u2019intervento umanitario nelle situazioni di guerra, di calamit\u00e0 naturali, di epidemie. Ha inoltre collaborato con numerosi quotidiani e settimanali, quali Sette giorni, Mondo Operaio, Il Popolo, Il Nuovo e L\u2019Europa, ed \u00e8 autore di diverse pubblicazioni sul mondo del lavoro, come Lavorare meno, lavorare tutti, Le Frontiere della partecipazione, Contare fino a uno e Ridistribuire il lavoro. Attualmente \u00e8 Segretario Generale di \"Nuovi Lavori\" (NL) e Presidente del think tank Koin\u00e8.","url":"https:\/\/nuovi-lavori.it\/index.php\/author\/raffaele-morese\/"}]}},"_links":{"self":[{"href":"https:\/\/nuovi-lavori.it\/index.php\/wp-json\/wp\/v2\/posts\/23056","targetHints":{"allow":["GET"]}}],"collection":[{"href":"https:\/\/nuovi-lavori.it\/index.php\/wp-json\/wp\/v2\/posts"}],"about":[{"href":"https:\/\/nuovi-lavori.it\/index.php\/wp-json\/wp\/v2\/types\/post"}],"author":[{"embeddable":true,"href":"https:\/\/nuovi-lavori.it\/index.php\/wp-json\/wp\/v2\/users\/6341"}],"replies":[{"embeddable":true,"href":"https:\/\/nuovi-lavori.it\/index.php\/wp-json\/wp\/v2\/comments?post=23056"}],"version-history":[{"count":2,"href":"https:\/\/nuovi-lavori.it\/index.php\/wp-json\/wp\/v2\/posts\/23056\/revisions"}],"predecessor-version":[{"id":23083,"href":"https:\/\/nuovi-lavori.it\/index.php\/wp-json\/wp\/v2\/posts\/23056\/revisions\/23083"}],"wp:featuredmedia":[{"embeddable":true,"href":"https:\/\/nuovi-lavori.it\/index.php\/wp-json\/wp\/v2\/media\/23058"}],"wp:attachment":[{"href":"https:\/\/nuovi-lavori.it\/index.php\/wp-json\/wp\/v2\/media?parent=23056"}],"wp:term":[{"taxonomy":"category","embeddable":true,"href":"https:\/\/nuovi-lavori.it\/index.php\/wp-json\/wp\/v2\/categories?post=23056"},{"taxonomy":"post_tag","embeddable":true,"href":"https:\/\/nuovi-lavori.it\/index.php\/wp-json\/wp\/v2\/tags?post=23056"}],"curies":[{"name":"wp","href":"https:\/\/api.w.org\/{rel}","templated":true}]}}