{"id":235,"date":"2013-11-19T11:50:45","date_gmt":"2013-11-19T10:50:45","guid":{"rendered":"http:\/\/5.249.146.118\/garanzia-giovani-punti-anche-sul-terzo-settore\/"},"modified":"2013-11-19T11:50:45","modified_gmt":"2013-11-19T10:50:45","slug":"garanzia-giovani-punti-anche-sul-terzo-settore","status":"publish","type":"post","link":"https:\/\/nuovi-lavori.it\/index.php\/garanzia-giovani-punti-anche-sul-terzo-settore\/","title":{"rendered":"Garanzia Giovani punti anche sul Terzo Settore"},"content":{"rendered":"<p style=\"text-align: justify;\">Io ho due reazioni generali rispetto\u00a0 alle riflessioni qui presentate. La prima \u00e8 che siamo di fronte a un intervento che mi sembra molto difficile da applicare perch\u00e9 l\u2019area di riferimento \u00e8 molto complessa al suo interno. Basti pensare alle differenze in Europa rispetto alla spesa e all\u2019organizzazione dei servizi per l\u2019impiego, ma anche alle differenze interne alle aree stesse del nostro Paese. Questo apre un dilemma che non so risolvere, che riguarda l\u2019equilibrio tra un ponte di comando centrale \u2013 che faccia monitoraggio, dia indicazioni e\u00a0 metta in circuito sperimentazioni \u2013 e la necessaria differenziazione a livello territoriale. E\u2019 infatti\u00a0 evidente che se c\u2019\u00e8 un\u2019offerta indiscriminata di politiche e di interventi avremo effetti asimmetrici. E\u2019 un grande tema che ritengo necessario sottolineare.\u00a0<\/p>\n<p style=\"text-align: justify;\">L\u2019altra questione sulla quale farei delle brevi riflessioni \u00e8 la seguente: siamo palesemente di fronte a un\u2019offerta di possibili e peraltro non del tutto precisati interventi. Ci sono s\u00ec delle indicazioni, dei criteri, dei punti fermi ecc. Ma non c\u2019\u00e8 un quadro preciso. Bisognerebbe dunque lavorare molto sul tentativo di aggregare la domanda. Non la domanda di lavoro in generale, ma la domanda di giovani e in particolare di giovani che possono utilizzare tali incentivazioni. Il documento se la cava in maniera che, se non fosse per il fatto che si tratta di un documento dell\u2019Unione Europea, definirei \u201cdemagogica\u201d. Non si risolve certo il problema della aggregazione della domanda e della effettiva promozione\u00a0 con la <em>consultazione <\/em>dei giovani. La consultazione va messa nell\u2019area della informazione, ma non risolve il problema della vera lettura dell\u2019offerta di lavoro giovanile.\u00a0<\/p>\n<p style=\"text-align: justify;\">Ritengo allora che ci siano alcune aree produttive o di servizi \u2013 sulle quali sto lavorando e facendo approfondimenti \u2013 sulle quali occorrerebbe fare uno sforzo di aggregazione di possibili opportunit\u00e0 da segnalare ai giovani. Uno sforzo di aggregazione che andrebbe fatto attraverso soggetti intermedi, come le organizzazioni imprenditoriali e di rappresentanza.\u00a0<\/p>\n<p style=\"text-align: justify;\">Un primo settore \u00e8 l\u2019agricoltura. In questa crisi eccezionale, gli addetti nel settore aumentano. E aumentano anche coloro che \u2013 compreso il Mezzogiorno \u2013 provano a mettersi in proprio. Si potrebbe dunque chiedere alla grandi organizzazioni del settore di produrre delle mappe per proporre ai giovani alcuni percorsi di possibile utilizzo di questa opportunit\u00e0. Un secondo settore \u00e8 quello dell\u2019artigianato di produzione, che offre delle opportunit\u00e0 interessanti. Il terzo riguarda la cooperazione in generale. Anche questo sistema comincia ad avere problemi da un punto di vista occupazionale, ma sinora ha tenuto, e ci sono importanti possibilit\u00e0 di inserimento. La quarta area di opportunit\u00e0, specie per il Mezzogiorno, \u00e8 quella degli Istituti scolastici superiori. Naturalmente bisognerebbe organizzare tecnicamente la cosa, perch\u00e9 si parla di 4 mesi dopo la fine della scuola. Ma secondo me ci sono molte pi\u00f9 situazioni in cui\u00a0 dirigenti scolastici in gamba, anche in aree di difficolt\u00e0 nel Mezzogiorno, sono in grado di organizzare un intervento del genere. Che avrebbe un effetto ovviamente di prevenzione della dispersione. Perch\u00e9 se diamo un obiettivo occupazionale dopo la scuola, si incentiva l\u2019alunno a frequentare pi\u00f9 volentieri.\u00a0<\/p>\n<p style=\"text-align: justify;\">Vengo quindi alla quinta area di opportunit\u00e0: il Terzo Settore. Un argomento delicato, ma un\u2019area che pu\u00f2 fornire molte opportunit\u00e0 di lavoro funzionale all\u2019intervento che si prevede. Cominciamo con le situazioni pi\u00f9 gravi, dove l\u2019obiettivo potrebbe essere semplicemente l\u2019impegnare i giovani in attivit\u00e0 utili anche solo per toglierli dalla strada. Noi dobbiamo sapere che in questo momento nei quartieri pi\u00f9 difficili del nostro Mezzogiorno sono crollati i servizi di aggregazione giovanile, anche per la crisi dei servizi sociali che, come sapete, si sono ridotti a un dodicesimo. Migliaia di giovani in et\u00e0 adolescenziale restano in strada e in certi quartieri ci\u00f2 significa che creiamo una base di manovalanza a rischio arruolamento nella criminalit\u00e0 organizzata. Non sto esagerando, tecnicamente \u00e8 cos\u00ec. Non si tratta certo di eccezioni, ma di varie realt\u00e0 che se sommate possono coinvolgere centinaia di migliaia di persone.<\/p>\n<p style=\"text-align: justify;\">\u00a0Per queste aree dobbiamo concepire strumenti di coinvolgimento delle organizzazioni del Terzo Settore che, se impegnate nell\u2019attivit\u00e0 di presidio e inclusione sociale di questi giovani, daranno due risultati concomitanti: togliere dalla strada questi adolescenti a rischio; creare occupazione nella cooperazione. Si tratta di una zona-limite alla quale si affiancano una serie di attivit\u00e0 che fanno del Terzo Settore un potenziale assolutamente interessante di inserimento lavorativo per i giovani. Ci sono ancora alcune resistenze a riconoscere il Terzo settore\u00a0 come volano occupazionale: \u00e8 scarsamente rappresentato e si fa fatica a individuare e discernere tutte le situazioni; ha difetti di rappresentazione sociale, poich\u00e9 persiste un pregiudizio per cui questo settore \u00e8 \u201cTerzo\u201d perch\u00e9 non conta nulla, e se occorre concepire politiche di sviluppo e di lavoro vanno guardati gli schemi dei settori produttivi tradizionali. Ma \u00e8 un pregiudizio, che coinvolge anche me, che dobbiamo superare. Si pensi a consorzi di cooperative con dimensioni di 70 mila addetti: non lo si pu\u00f2 escludere da un Tavolo sulle potenzialit\u00e0 occupazionali.<\/p>\n<p style=\"text-align: justify;\">Ma questo ragionamento \u00e8 ancora pi\u00f9 significativo se si guarda a una serie di servizi, come i servizi all\u2019infanzia. Risulta a mio avviso patetico parlare di inserimento lavorativo delle donne in aree in cui sono del tutto assenti i servizi per l\u2019infanzia. Ricordo sempre che tra i divari del Sud, un bambino di Palermo o di Napoli ha 14 possibilit\u00e0 in meno di accedere a un asilo nido rispetto a un bambino emiliano. Allora, se si esamina con acume la mappatura di queste organizzazioni del Terzo Settore si pu\u00f2 ragionare sulle potenzialit\u00e0 di sviluppo. Il punto delicato \u00e8 per\u00f2 quello di carattere organizzativo: a mio avviso, non si pu\u00f2 predisporre un percorso in cui il soggetto che cura l\u2019attuazione alla fine del percorso sia un soggetto organizzato. Se diamo i <em>bonus<\/em> ai giovani senza strutture organizzate come attori attuativi, chi organizza il sistema di distribuzione nei quartieri? I rischi di infiltrazione sono alti. In questo quadro l\u2019invito \u00e8 a individuare una serie di percorsi nei quali, necessariamente, si individuino anche dei soggetti destinatari <em>intermedi<\/em>. Come Fondazione con il Sud abbiamo una serie di esperienze molto significative, anche per l\u2019artigianato.\u00a0<\/p>\n<p style=\"text-align: justify;\">Tornando al documento di Garanzia Giovani, un\u2019altra riflessione va al fatto che si cita ancora lo strumento del microcredito. Ritengo sia il caso di fare chiarezza su questo strumento. Pericolosamente enfatizzato dall\u2019Unione Europea. Stiamo facendo molta confusione sul tema: segnalo che la pi\u00f9 importante agenzia italiana per lo sviluppo continua\u00a0 ad erogare microcredito con fondo perduto, con effetto di spiazzamento elevatissimo. Si prosegue con la convinzione che la questione del microcredito riguarda le garanzie: non \u00e8 assolutamente vero. Estremizzando: in molti casi, quando un giovane va a chiedere in banca un finanziamento per mettersi in proprio, il funzionario di banca spesso gli risponde di fare domanda per credito al consumo e chiudere prima la procedura. Comincia cio\u00e8 ad essere un percorso deviante. Il microcredito per mettersi in proprio, significa solo trovare un equilibrio tra il servizio pubblico (accompagnamento allo <em>start up<\/em>) e privato (istituti di credito che devono finanziare).\u00a0<\/p>\n<p style=\"text-align: justify;\">In conclusione, tornerei sulla critica aspra che l\u2019Assessore Caroli ha ricordato in merito alla reazione di Nichi Vendola sulle dichiarazioni di Carlo Trigilia. Certo, probabilmente l\u2019affermazione del Ministro della Coesione \u00e8 formulata male, andava letta in altro modo, \u00e8 stata di sicuro strumentalizzata. Tuttavia, io credo che il Presidente della Puglia non dovrebbe adirarsi molto: proprio la Puglia \u00e8 esattamente l\u2019area che sta verificando una crescente distanza dagli altri territori, non tanto\u00a0 nell\u2019aumento del reddito, ma anche nella dimensione del maggiore civismo che qui comincia a consolidarsi. Se Vendola si irrita tanto e mi si chiede un parere tra i contendenti su posizioni opposte e radicali, direi che ha ragione Trigilia e che Vendola ha sbagliato. Il Presidente doveva s\u00ec prendere le distanze, ma per difendersi da quell\u2019accusa non doveva difendere il sistema del Mezzogiorno nella sua interezza. Si rischia l\u2019effetto contrario. Ho visto in questo frangente una veemenza che trovo in posizioni dalle quali invece occorre prendere le distanze: perch\u00e9 chiunque fa politica al Sud, tutte le mattine, deve adirarsi per il fatto che l\u2019opinione pubblica percepisce che le regioni meridionali restituiscono i soldi all\u2019Unione Europea. Un dato che ha effetti devastanti. Invece, nei casi come la Puglia, la Basilicata, per certi aspetti la Sardegna, va\u00a0 sottolineato un lento ma importante passaggio da <em>una parte all\u2019altra<\/em>, in cui il livello di relazioni sociali, di germi di coesione sociale \u00e8 tale per cui la situazione va sicuramente migliorando.\u00a0<\/p>\n<p style=\"text-align: justify;\">\u00a0(*) Presidente\u00a0Fondazione CON IL SUD<\/p>\n","protected":false},"excerpt":{"rendered":"<p>Io ho due reazioni generali rispetto\u00a0 alle riflessioni qui presentate. La prima \u00e8 che siamo di fronte a un intervento che mi sembra molto difficile da applicare perch\u00e9 l\u2019area di riferimento \u00e8 molto complessa al suo interno. Basti pensare alle differenze in Europa rispetto alla spesa e all\u2019organizzazione dei servizi per l\u2019impiego, ma anche alle [&hellip;]<\/p>\n","protected":false},"author":2,"featured_media":234,"comment_status":"open","ping_status":"open","sticky":false,"template":"","format":"standard","meta":{"footnotes":""},"categories":[36],"tags":[],"class_list":["post-235","post","type-post","status-publish","format-standard","has-post-thumbnail","hentry","category-approfondimento"],"yoast_head":"<!-- This site is optimized with the Yoast SEO plugin v27.4 - https:\/\/yoast.com\/product\/yoast-seo-wordpress\/ -->\n<title>Garanzia Giovani punti anche sul Terzo Settore - Nuovi Lavori<\/title>\n<meta name=\"robots\" content=\"index, follow, max-snippet:-1, max-image-preview:large, max-video-preview:-1\" \/>\n<link rel=\"canonical\" href=\"https:\/\/nuovi-lavori.it\/index.php\/garanzia-giovani-punti-anche-sul-terzo-settore\/\" \/>\n<meta property=\"og:locale\" content=\"it_IT\" \/>\n<meta property=\"og:type\" content=\"article\" \/>\n<meta property=\"og:title\" content=\"Garanzia Giovani punti anche sul Terzo Settore - Nuovi Lavori\" \/>\n<meta property=\"og:description\" content=\"Io ho due reazioni generali rispetto\u00a0 alle riflessioni qui presentate. La prima \u00e8 che siamo di fronte a un intervento che mi sembra molto difficile da applicare perch\u00e9 l\u2019area di riferimento \u00e8 molto complessa al suo interno. Basti pensare alle differenze in Europa rispetto alla spesa e all\u2019organizzazione dei servizi per l\u2019impiego, ma anche alle [&hellip;]\" \/>\n<meta property=\"og:url\" content=\"https:\/\/nuovi-lavori.it\/index.php\/garanzia-giovani-punti-anche-sul-terzo-settore\/\" \/>\n<meta property=\"og:site_name\" content=\"Nuovi Lavori\" \/>\n<meta property=\"article:published_time\" content=\"2013-11-19T10:50:45+00:00\" \/>\n<meta property=\"og:image\" content=\"https:\/\/nuovi-lavori.it\/wp-content\/uploads\/2013\/11\/images_fondazionesud.png\" \/>\n\t<meta property=\"og:image:width\" content=\"209\" \/>\n\t<meta property=\"og:image:height\" content=\"108\" \/>\n\t<meta property=\"og:image:type\" content=\"image\/png\" \/>\n<meta name=\"author\" content=\"Lia\" \/>\n<meta name=\"twitter:card\" content=\"summary_large_image\" \/>\n<meta name=\"twitter:label1\" content=\"Scritto da\" \/>\n\t<meta name=\"twitter:data1\" content=\"Lia\" \/>\n\t<meta name=\"twitter:label2\" content=\"Tempo di lettura stimato\" \/>\n\t<meta name=\"twitter:data2\" content=\"7 minuti\" \/>\n<script type=\"application\/ld+json\" class=\"yoast-schema-graph\">{\"@context\":\"https:\\\/\\\/schema.org\",\"@graph\":[{\"@type\":\"Article\",\"@id\":\"https:\\\/\\\/nuovi-lavori.it\\\/index.php\\\/garanzia-giovani-punti-anche-sul-terzo-settore\\\/#article\",\"isPartOf\":{\"@id\":\"https:\\\/\\\/nuovi-lavori.it\\\/index.php\\\/garanzia-giovani-punti-anche-sul-terzo-settore\\\/\"},\"author\":{\"name\":\"Lia\",\"@id\":\"https:\\\/\\\/nuovi-lavori.it\\\/#\\\/schema\\\/person\\\/381e9894ea394d41738d8d55e63fc0da\"},\"headline\":\"Garanzia Giovani punti anche sul Terzo Settore\",\"datePublished\":\"2013-11-19T10:50:45+00:00\",\"mainEntityOfPage\":{\"@id\":\"https:\\\/\\\/nuovi-lavori.it\\\/index.php\\\/garanzia-giovani-punti-anche-sul-terzo-settore\\\/\"},\"wordCount\":1398,\"commentCount\":0,\"publisher\":{\"@id\":\"https:\\\/\\\/nuovi-lavori.it\\\/#organization\"},\"image\":{\"@id\":\"https:\\\/\\\/nuovi-lavori.it\\\/index.php\\\/garanzia-giovani-punti-anche-sul-terzo-settore\\\/#primaryimage\"},\"thumbnailUrl\":\"https:\\\/\\\/nuovi-lavori.it\\\/wp-content\\\/uploads\\\/2013\\\/11\\\/images_fondazionesud.png\",\"articleSection\":[\"Approfondimento NL\"],\"inLanguage\":\"it-IT\",\"potentialAction\":[{\"@type\":\"CommentAction\",\"name\":\"Comment\",\"target\":[\"https:\\\/\\\/nuovi-lavori.it\\\/index.php\\\/garanzia-giovani-punti-anche-sul-terzo-settore\\\/#respond\"]}]},{\"@type\":\"WebPage\",\"@id\":\"https:\\\/\\\/nuovi-lavori.it\\\/index.php\\\/garanzia-giovani-punti-anche-sul-terzo-settore\\\/\",\"url\":\"https:\\\/\\\/nuovi-lavori.it\\\/index.php\\\/garanzia-giovani-punti-anche-sul-terzo-settore\\\/\",\"name\":\"Garanzia Giovani punti anche sul Terzo Settore - Nuovi Lavori\",\"isPartOf\":{\"@id\":\"https:\\\/\\\/nuovi-lavori.it\\\/#website\"},\"primaryImageOfPage\":{\"@id\":\"https:\\\/\\\/nuovi-lavori.it\\\/index.php\\\/garanzia-giovani-punti-anche-sul-terzo-settore\\\/#primaryimage\"},\"image\":{\"@id\":\"https:\\\/\\\/nuovi-lavori.it\\\/index.php\\\/garanzia-giovani-punti-anche-sul-terzo-settore\\\/#primaryimage\"},\"thumbnailUrl\":\"https:\\\/\\\/nuovi-lavori.it\\\/wp-content\\\/uploads\\\/2013\\\/11\\\/images_fondazionesud.png\",\"datePublished\":\"2013-11-19T10:50:45+00:00\",\"breadcrumb\":{\"@id\":\"https:\\\/\\\/nuovi-lavori.it\\\/index.php\\\/garanzia-giovani-punti-anche-sul-terzo-settore\\\/#breadcrumb\"},\"inLanguage\":\"it-IT\",\"potentialAction\":[{\"@type\":\"ReadAction\",\"target\":[\"https:\\\/\\\/nuovi-lavori.it\\\/index.php\\\/garanzia-giovani-punti-anche-sul-terzo-settore\\\/\"]}]},{\"@type\":\"ImageObject\",\"inLanguage\":\"it-IT\",\"@id\":\"https:\\\/\\\/nuovi-lavori.it\\\/index.php\\\/garanzia-giovani-punti-anche-sul-terzo-settore\\\/#primaryimage\",\"url\":\"https:\\\/\\\/nuovi-lavori.it\\\/wp-content\\\/uploads\\\/2013\\\/11\\\/images_fondazionesud.png\",\"contentUrl\":\"https:\\\/\\\/nuovi-lavori.it\\\/wp-content\\\/uploads\\\/2013\\\/11\\\/images_fondazionesud.png\",\"width\":209,\"height\":108},{\"@type\":\"BreadcrumbList\",\"@id\":\"https:\\\/\\\/nuovi-lavori.it\\\/index.php\\\/garanzia-giovani-punti-anche-sul-terzo-settore\\\/#breadcrumb\",\"itemListElement\":[{\"@type\":\"ListItem\",\"position\":1,\"name\":\"Home\",\"item\":\"https:\\\/\\\/nuovi-lavori.it\\\/\"},{\"@type\":\"ListItem\",\"position\":2,\"name\":\"Approfondimento NL\",\"item\":\"https:\\\/\\\/nuovi-lavori.it\\\/index.php\\\/category\\\/approfondimento\\\/\"},{\"@type\":\"ListItem\",\"position\":3,\"name\":\"Garanzia Giovani punti anche sul Terzo Settore\"}]},{\"@type\":\"WebSite\",\"@id\":\"https:\\\/\\\/nuovi-lavori.it\\\/#website\",\"url\":\"https:\\\/\\\/nuovi-lavori.it\\\/\",\"name\":\"Nuovi Lavori\",\"description\":\"\",\"publisher\":{\"@id\":\"https:\\\/\\\/nuovi-lavori.it\\\/#organization\"},\"potentialAction\":[{\"@type\":\"SearchAction\",\"target\":{\"@type\":\"EntryPoint\",\"urlTemplate\":\"https:\\\/\\\/nuovi-lavori.it\\\/?s={search_term_string}\"},\"query-input\":{\"@type\":\"PropertyValueSpecification\",\"valueRequired\":true,\"valueName\":\"search_term_string\"}}],\"inLanguage\":\"it-IT\"},{\"@type\":\"Organization\",\"@id\":\"https:\\\/\\\/nuovi-lavori.it\\\/#organization\",\"name\":\"Nuovi Lavori\",\"url\":\"https:\\\/\\\/nuovi-lavori.it\\\/\",\"logo\":{\"@type\":\"ImageObject\",\"inLanguage\":\"it-IT\",\"@id\":\"https:\\\/\\\/nuovi-lavori.it\\\/#\\\/schema\\\/logo\\\/image\\\/\",\"url\":\"http:\\\/\\\/5.249.146.118\\\/wp-content\\\/uploads\\\/2013\\\/11\\\/images_logonl.jpg\",\"contentUrl\":\"http:\\\/\\\/5.249.146.118\\\/wp-content\\\/uploads\\\/2013\\\/11\\\/images_logonl.jpg\",\"width\":400,\"height\":327,\"caption\":\"Nuovi Lavori\"},\"image\":{\"@id\":\"https:\\\/\\\/nuovi-lavori.it\\\/#\\\/schema\\\/logo\\\/image\\\/\"},\"sameAs\":[\"https:\\\/\\\/www.youtube.com\\\/user\\\/newsletteranl\"]},{\"@type\":\"Person\",\"@id\":\"https:\\\/\\\/nuovi-lavori.it\\\/#\\\/schema\\\/person\\\/381e9894ea394d41738d8d55e63fc0da\",\"name\":\"Lia\",\"image\":{\"@type\":\"ImageObject\",\"inLanguage\":\"it-IT\",\"@id\":\"https:\\\/\\\/secure.gravatar.com\\\/avatar\\\/1c1ab5e88d6553d3bd7303b8f064565e43a5f4bcf8fa0acc18820db78be45882?s=96&d=mm&r=g\",\"url\":\"https:\\\/\\\/secure.gravatar.com\\\/avatar\\\/1c1ab5e88d6553d3bd7303b8f064565e43a5f4bcf8fa0acc18820db78be45882?s=96&d=mm&r=g\",\"contentUrl\":\"https:\\\/\\\/secure.gravatar.com\\\/avatar\\\/1c1ab5e88d6553d3bd7303b8f064565e43a5f4bcf8fa0acc18820db78be45882?s=96&d=mm&r=g\",\"caption\":\"Lia\"},\"url\":\"https:\\\/\\\/nuovi-lavori.it\\\/index.php\\\/author\\\/lia\\\/\"}]}<\/script>\n<!-- \/ Yoast SEO plugin. -->","yoast_head_json":{"title":"Garanzia Giovani punti anche sul Terzo Settore - Nuovi Lavori","robots":{"index":"index","follow":"follow","max-snippet":"max-snippet:-1","max-image-preview":"max-image-preview:large","max-video-preview":"max-video-preview:-1"},"canonical":"https:\/\/nuovi-lavori.it\/index.php\/garanzia-giovani-punti-anche-sul-terzo-settore\/","og_locale":"it_IT","og_type":"article","og_title":"Garanzia Giovani punti anche sul Terzo Settore - Nuovi Lavori","og_description":"Io ho due reazioni generali rispetto\u00a0 alle riflessioni qui presentate. La prima \u00e8 che siamo di fronte a un intervento che mi sembra molto difficile da applicare perch\u00e9 l\u2019area di riferimento \u00e8 molto complessa al suo interno. Basti pensare alle differenze in Europa rispetto alla spesa e all\u2019organizzazione dei servizi per l\u2019impiego, ma anche alle [&hellip;]","og_url":"https:\/\/nuovi-lavori.it\/index.php\/garanzia-giovani-punti-anche-sul-terzo-settore\/","og_site_name":"Nuovi Lavori","article_published_time":"2013-11-19T10:50:45+00:00","og_image":[{"width":209,"height":108,"url":"https:\/\/nuovi-lavori.it\/wp-content\/uploads\/2013\/11\/images_fondazionesud.png","type":"image\/png"}],"author":"Lia","twitter_card":"summary_large_image","twitter_misc":{"Scritto da":"Lia","Tempo di lettura stimato":"7 minuti"},"schema":{"@context":"https:\/\/schema.org","@graph":[{"@type":"Article","@id":"https:\/\/nuovi-lavori.it\/index.php\/garanzia-giovani-punti-anche-sul-terzo-settore\/#article","isPartOf":{"@id":"https:\/\/nuovi-lavori.it\/index.php\/garanzia-giovani-punti-anche-sul-terzo-settore\/"},"author":{"name":"Lia","@id":"https:\/\/nuovi-lavori.it\/#\/schema\/person\/381e9894ea394d41738d8d55e63fc0da"},"headline":"Garanzia Giovani punti anche sul Terzo Settore","datePublished":"2013-11-19T10:50:45+00:00","mainEntityOfPage":{"@id":"https:\/\/nuovi-lavori.it\/index.php\/garanzia-giovani-punti-anche-sul-terzo-settore\/"},"wordCount":1398,"commentCount":0,"publisher":{"@id":"https:\/\/nuovi-lavori.it\/#organization"},"image":{"@id":"https:\/\/nuovi-lavori.it\/index.php\/garanzia-giovani-punti-anche-sul-terzo-settore\/#primaryimage"},"thumbnailUrl":"https:\/\/nuovi-lavori.it\/wp-content\/uploads\/2013\/11\/images_fondazionesud.png","articleSection":["Approfondimento NL"],"inLanguage":"it-IT","potentialAction":[{"@type":"CommentAction","name":"Comment","target":["https:\/\/nuovi-lavori.it\/index.php\/garanzia-giovani-punti-anche-sul-terzo-settore\/#respond"]}]},{"@type":"WebPage","@id":"https:\/\/nuovi-lavori.it\/index.php\/garanzia-giovani-punti-anche-sul-terzo-settore\/","url":"https:\/\/nuovi-lavori.it\/index.php\/garanzia-giovani-punti-anche-sul-terzo-settore\/","name":"Garanzia Giovani punti anche sul Terzo Settore - Nuovi Lavori","isPartOf":{"@id":"https:\/\/nuovi-lavori.it\/#website"},"primaryImageOfPage":{"@id":"https:\/\/nuovi-lavori.it\/index.php\/garanzia-giovani-punti-anche-sul-terzo-settore\/#primaryimage"},"image":{"@id":"https:\/\/nuovi-lavori.it\/index.php\/garanzia-giovani-punti-anche-sul-terzo-settore\/#primaryimage"},"thumbnailUrl":"https:\/\/nuovi-lavori.it\/wp-content\/uploads\/2013\/11\/images_fondazionesud.png","datePublished":"2013-11-19T10:50:45+00:00","breadcrumb":{"@id":"https:\/\/nuovi-lavori.it\/index.php\/garanzia-giovani-punti-anche-sul-terzo-settore\/#breadcrumb"},"inLanguage":"it-IT","potentialAction":[{"@type":"ReadAction","target":["https:\/\/nuovi-lavori.it\/index.php\/garanzia-giovani-punti-anche-sul-terzo-settore\/"]}]},{"@type":"ImageObject","inLanguage":"it-IT","@id":"https:\/\/nuovi-lavori.it\/index.php\/garanzia-giovani-punti-anche-sul-terzo-settore\/#primaryimage","url":"https:\/\/nuovi-lavori.it\/wp-content\/uploads\/2013\/11\/images_fondazionesud.png","contentUrl":"https:\/\/nuovi-lavori.it\/wp-content\/uploads\/2013\/11\/images_fondazionesud.png","width":209,"height":108},{"@type":"BreadcrumbList","@id":"https:\/\/nuovi-lavori.it\/index.php\/garanzia-giovani-punti-anche-sul-terzo-settore\/#breadcrumb","itemListElement":[{"@type":"ListItem","position":1,"name":"Home","item":"https:\/\/nuovi-lavori.it\/"},{"@type":"ListItem","position":2,"name":"Approfondimento NL","item":"https:\/\/nuovi-lavori.it\/index.php\/category\/approfondimento\/"},{"@type":"ListItem","position":3,"name":"Garanzia Giovani punti anche sul Terzo Settore"}]},{"@type":"WebSite","@id":"https:\/\/nuovi-lavori.it\/#website","url":"https:\/\/nuovi-lavori.it\/","name":"Nuovi Lavori","description":"","publisher":{"@id":"https:\/\/nuovi-lavori.it\/#organization"},"potentialAction":[{"@type":"SearchAction","target":{"@type":"EntryPoint","urlTemplate":"https:\/\/nuovi-lavori.it\/?s={search_term_string}"},"query-input":{"@type":"PropertyValueSpecification","valueRequired":true,"valueName":"search_term_string"}}],"inLanguage":"it-IT"},{"@type":"Organization","@id":"https:\/\/nuovi-lavori.it\/#organization","name":"Nuovi Lavori","url":"https:\/\/nuovi-lavori.it\/","logo":{"@type":"ImageObject","inLanguage":"it-IT","@id":"https:\/\/nuovi-lavori.it\/#\/schema\/logo\/image\/","url":"http:\/\/5.249.146.118\/wp-content\/uploads\/2013\/11\/images_logonl.jpg","contentUrl":"http:\/\/5.249.146.118\/wp-content\/uploads\/2013\/11\/images_logonl.jpg","width":400,"height":327,"caption":"Nuovi Lavori"},"image":{"@id":"https:\/\/nuovi-lavori.it\/#\/schema\/logo\/image\/"},"sameAs":["https:\/\/www.youtube.com\/user\/newsletteranl"]},{"@type":"Person","@id":"https:\/\/nuovi-lavori.it\/#\/schema\/person\/381e9894ea394d41738d8d55e63fc0da","name":"Lia","image":{"@type":"ImageObject","inLanguage":"it-IT","@id":"https:\/\/secure.gravatar.com\/avatar\/1c1ab5e88d6553d3bd7303b8f064565e43a5f4bcf8fa0acc18820db78be45882?s=96&d=mm&r=g","url":"https:\/\/secure.gravatar.com\/avatar\/1c1ab5e88d6553d3bd7303b8f064565e43a5f4bcf8fa0acc18820db78be45882?s=96&d=mm&r=g","contentUrl":"https:\/\/secure.gravatar.com\/avatar\/1c1ab5e88d6553d3bd7303b8f064565e43a5f4bcf8fa0acc18820db78be45882?s=96&d=mm&r=g","caption":"Lia"},"url":"https:\/\/nuovi-lavori.it\/index.php\/author\/lia\/"}]}},"_links":{"self":[{"href":"https:\/\/nuovi-lavori.it\/index.php\/wp-json\/wp\/v2\/posts\/235","targetHints":{"allow":["GET"]}}],"collection":[{"href":"https:\/\/nuovi-lavori.it\/index.php\/wp-json\/wp\/v2\/posts"}],"about":[{"href":"https:\/\/nuovi-lavori.it\/index.php\/wp-json\/wp\/v2\/types\/post"}],"author":[{"embeddable":true,"href":"https:\/\/nuovi-lavori.it\/index.php\/wp-json\/wp\/v2\/users\/2"}],"replies":[{"embeddable":true,"href":"https:\/\/nuovi-lavori.it\/index.php\/wp-json\/wp\/v2\/comments?post=235"}],"version-history":[{"count":0,"href":"https:\/\/nuovi-lavori.it\/index.php\/wp-json\/wp\/v2\/posts\/235\/revisions"}],"wp:featuredmedia":[{"embeddable":true,"href":"https:\/\/nuovi-lavori.it\/index.php\/wp-json\/wp\/v2\/media\/234"}],"wp:attachment":[{"href":"https:\/\/nuovi-lavori.it\/index.php\/wp-json\/wp\/v2\/media?parent=235"}],"wp:term":[{"taxonomy":"category","embeddable":true,"href":"https:\/\/nuovi-lavori.it\/index.php\/wp-json\/wp\/v2\/categories?post=235"},{"taxonomy":"post_tag","embeddable":true,"href":"https:\/\/nuovi-lavori.it\/index.php\/wp-json\/wp\/v2\/tags?post=235"}],"curies":[{"name":"wp","href":"https:\/\/api.w.org\/{rel}","templated":true}]}}