{"id":239,"date":"2013-11-19T13:00:03","date_gmt":"2013-11-19T12:00:03","guid":{"rendered":"http:\/\/5.249.146.118\/no-all-europa-dei-disoccupati\/"},"modified":"2013-11-19T13:00:03","modified_gmt":"2013-11-19T12:00:03","slug":"no-all-europa-dei-disoccupati","status":"publish","type":"post","link":"https:\/\/nuovi-lavori.it\/index.php\/no-all-europa-dei-disoccupati\/","title":{"rendered":"No all\u2019Europa dei disoccupati"},"content":{"rendered":"<div>\n<p style=\"text-align: justify;\">Il tema discusso oggi \u00e8 uno di quelli cruciali per la nostra societ\u00e0. Nella veste che ricopro, sia come Presidente del Cnel che come suo rappresentante in varie organizzazioni economiche e sociali nel mondo, porto questo messaggio: c\u2019\u00e8 un problema di inclusione soprattutto dei giovani.<\/p>\n<\/div>\n<p style=\"text-align: justify;\">E\u2019 possibile che una generazione si senta in larga parte esclusa dalla societ\u00e0 cui appartiene? E\u2019 problema che riguarda anche gli anziani, certo. Ma l\u2019anziano ha avuto una vita che lo ha visto incluso nella societ\u00e0.<\/p>\n<p style=\"text-align: justify;\">Il giovane vive sentendosi escluso: un problema serio, che pu\u00f2 anche sfociare in tensioni, talvolta sporadiche, altre organizzate e di portata nazionale.<\/p>\n<p style=\"text-align: justify;\">La domanda successiva ha un\u2019ispirazione europea: i padri dell\u2019Europa volevano un\u2019Europa con milioni di disoccupati? Cosa non ha funzionato e cosa non sta funzionando in questa Unione? Il tema si pone infatti sempre pi\u00f9 a livello europeo, e in sede europea vanno trovate le strategie per una via d\u2019uscita. Perch\u00e9 la disoccupazione giovanile \u00e8 una piaga in tutto il continente.<\/p>\n<p style=\"text-align: justify;\">Da quanto detto derivano alcune linee di azione. Una in sede europea: bisogna che l\u2019Europa cambi, perch\u00e9 l\u2019attuale progetto comunitario sta tradendo l\u2019idea originaria di Europa.<\/p>\n<p style=\"text-align: justify;\">In secondo luogo, servono posti di lavoro. Possiamo anche creare posti di lavoro a tassi di crescita bassi o nulli, ma avranno una produttivit\u00e0 minima e quindi con livelli di reddito bassi e non accettabili. Occorre dunque lo sviluppo. Ma per avere sviluppo bisogna che in Europa si comprenda che la priorit\u00e0 non pu\u00f2 essere solo la finanza pubblica, ma la priorit\u00e0 debbano essere gli investimenti.<\/p>\n<p style=\"text-align: justify;\">Occorre, lo sappiamo, considerare anche altri fattori. Con l\u2019aumento dei tassi di sviluppo si genera una domanda di lavoro che cresce e quindi, potenzialmente, maggiore occupazione. Ma, anche a fronte di una domanda che cresce, possono permanere dei problemi. Si pu\u00f2 avere una domanda di lavoro che cresce e un\u2019occupazione stabile. L\u2019unica spiegazione geometrico-matematica \u00e8 che la curva di lavoro sia rigida. Questo succede quando la struttura dell\u2019offerta di lavoro non corrisponde alla struttura della domanda. Semplificando: non vi sono lavoratori che abbiano la formazione professionale richiesta dalla domanda in aumento. Quindi lo sviluppo \u00e8 fondamentale per spostare in alto la curva della domanda. Ma se l\u2019offerta non ha le caratteristiche qualitative che sono richieste dalle imprese e dalla societ\u00e0, pu\u00f2 non crescere l\u2019occupazione.<\/p>\n<p style=\"text-align: justify;\">Capisco la difficolt\u00e0 di un padre che deve indicare al figlio un tipo di formazione. Ma \u00e8 anche vero che se quel giovane insiste verso una formazione che non corrisponde alle esigenze della societ\u00e0, deve sapere che pi\u00f9 tardi avr\u00e0 difficolt\u00e0 di lavoro. Esiste pertanto un problema di indirizzo dei giovani, in modo tale da far loro assumere la responsabilit\u00e0 di studiare tematiche che sono richieste e sono utili per la societ\u00e0 in cui vive.<\/p>\n<p style=\"text-align: justify;\">Questo \u00e8 molto importante e dovrebbe essere un compito cruciale anche della Scuola e dell\u2019Universit\u00e0, affinch\u00e9 non diano solo certificati. Si pu\u00f2 pure mantenere un\u2019Universit\u00e0 che certifica determinate competenze, ma se poi non corrispondono a un\u2019effettiva preparazione, di buona qualit\u00e0, siamo di fronte a un sistema fallimentare.<\/p>\n<p style=\"text-align: justify;\">Infine, va rinnovato e sostenuto il ruolo dei servizi per il lavoro.<\/p>\n<p style=\"text-align: justify;\">Se le risorse che si danno a questi servizi sono scarse, non ci si pu\u00f2 attendere risultati ragguardevoli. Di nuovo, il problema va sollevato a livello europeo e l\u00ec dibattuto affinch\u00e9 si ritrovi il progetto originario di Comunit\u00e0, che non deve essere una Unione di disoccupati.<\/p>\n<p style=\"text-align: justify;\">A livello europeo occorre avviare una vera politica di inclusione dei giovani nella nostra societ\u00e0, perch\u00e9 rischiamo di escludere definitivamente un\u2019intera generazione.<\/p>\n<p style=\"text-align: justify;\">\u00a0<\/p>\n<p style=\"text-align: justify;\">\u00a0(*) Presidente CNEL<\/p>\n","protected":false},"excerpt":{"rendered":"<p>Il tema discusso oggi \u00e8 uno di quelli cruciali per la nostra societ\u00e0. Nella veste che ricopro, sia come Presidente del Cnel che come suo rappresentante in varie organizzazioni economiche e sociali nel mondo, porto questo messaggio: c\u2019\u00e8 un problema di inclusione soprattutto dei giovani. E\u2019 possibile che una generazione si senta in larga parte [&hellip;]<\/p>\n","protected":false},"author":2,"featured_media":238,"comment_status":"open","ping_status":"open","sticky":false,"template":"","format":"standard","meta":{"footnotes":""},"categories":[36],"tags":[],"class_list":["post-239","post","type-post","status-publish","format-standard","has-post-thumbnail","hentry","category-approfondimento"],"yoast_head":"<!-- This site is optimized with the Yoast SEO plugin v27.4 - https:\/\/yoast.com\/product\/yoast-seo-wordpress\/ -->\n<title>No all\u2019Europa dei disoccupati - Nuovi Lavori<\/title>\n<meta name=\"robots\" content=\"index, follow, max-snippet:-1, max-image-preview:large, max-video-preview:-1\" \/>\n<link rel=\"canonical\" href=\"https:\/\/nuovi-lavori.it\/index.php\/no-all-europa-dei-disoccupati\/\" \/>\n<meta property=\"og:locale\" content=\"it_IT\" \/>\n<meta property=\"og:type\" content=\"article\" \/>\n<meta property=\"og:title\" content=\"No all\u2019Europa dei disoccupati - Nuovi Lavori\" \/>\n<meta property=\"og:description\" content=\"Il tema discusso oggi \u00e8 uno di quelli cruciali per la nostra societ\u00e0. Nella veste che ricopro, sia come Presidente del Cnel che come suo rappresentante in varie organizzazioni economiche e sociali nel mondo, porto questo messaggio: c\u2019\u00e8 un problema di inclusione soprattutto dei giovani. E\u2019 possibile che una generazione si senta in larga parte [&hellip;]\" \/>\n<meta property=\"og:url\" content=\"https:\/\/nuovi-lavori.it\/index.php\/no-all-europa-dei-disoccupati\/\" \/>\n<meta property=\"og:site_name\" content=\"Nuovi Lavori\" \/>\n<meta property=\"article:published_time\" content=\"2013-11-19T12:00:03+00:00\" \/>\n<meta property=\"og:image\" content=\"https:\/\/nuovi-lavori.it\/wp-content\/uploads\/2013\/11\/images_cnel.jpeg\" \/>\n\t<meta property=\"og:image:width\" content=\"257\" \/>\n\t<meta property=\"og:image:height\" content=\"196\" \/>\n\t<meta property=\"og:image:type\" content=\"image\/jpeg\" \/>\n<meta name=\"author\" content=\"Lia\" \/>\n<meta name=\"twitter:card\" content=\"summary_large_image\" \/>\n<meta name=\"twitter:label1\" content=\"Scritto da\" \/>\n\t<meta name=\"twitter:data1\" content=\"Lia\" \/>\n\t<meta name=\"twitter:label2\" content=\"Tempo di lettura stimato\" \/>\n\t<meta name=\"twitter:data2\" content=\"3 minuti\" \/>\n<script type=\"application\/ld+json\" class=\"yoast-schema-graph\">{\"@context\":\"https:\\\/\\\/schema.org\",\"@graph\":[{\"@type\":\"Article\",\"@id\":\"https:\\\/\\\/nuovi-lavori.it\\\/index.php\\\/no-all-europa-dei-disoccupati\\\/#article\",\"isPartOf\":{\"@id\":\"https:\\\/\\\/nuovi-lavori.it\\\/index.php\\\/no-all-europa-dei-disoccupati\\\/\"},\"author\":{\"name\":\"Lia\",\"@id\":\"https:\\\/\\\/nuovi-lavori.it\\\/#\\\/schema\\\/person\\\/381e9894ea394d41738d8d55e63fc0da\"},\"headline\":\"No all\u2019Europa dei disoccupati\",\"datePublished\":\"2013-11-19T12:00:03+00:00\",\"mainEntityOfPage\":{\"@id\":\"https:\\\/\\\/nuovi-lavori.it\\\/index.php\\\/no-all-europa-dei-disoccupati\\\/\"},\"wordCount\":600,\"commentCount\":0,\"publisher\":{\"@id\":\"https:\\\/\\\/nuovi-lavori.it\\\/#organization\"},\"image\":{\"@id\":\"https:\\\/\\\/nuovi-lavori.it\\\/index.php\\\/no-all-europa-dei-disoccupati\\\/#primaryimage\"},\"thumbnailUrl\":\"https:\\\/\\\/nuovi-lavori.it\\\/wp-content\\\/uploads\\\/2013\\\/11\\\/images_cnel.jpeg\",\"articleSection\":[\"Approfondimento NL\"],\"inLanguage\":\"it-IT\",\"potentialAction\":[{\"@type\":\"CommentAction\",\"name\":\"Comment\",\"target\":[\"https:\\\/\\\/nuovi-lavori.it\\\/index.php\\\/no-all-europa-dei-disoccupati\\\/#respond\"]}]},{\"@type\":\"WebPage\",\"@id\":\"https:\\\/\\\/nuovi-lavori.it\\\/index.php\\\/no-all-europa-dei-disoccupati\\\/\",\"url\":\"https:\\\/\\\/nuovi-lavori.it\\\/index.php\\\/no-all-europa-dei-disoccupati\\\/\",\"name\":\"No all\u2019Europa dei disoccupati - Nuovi Lavori\",\"isPartOf\":{\"@id\":\"https:\\\/\\\/nuovi-lavori.it\\\/#website\"},\"primaryImageOfPage\":{\"@id\":\"https:\\\/\\\/nuovi-lavori.it\\\/index.php\\\/no-all-europa-dei-disoccupati\\\/#primaryimage\"},\"image\":{\"@id\":\"https:\\\/\\\/nuovi-lavori.it\\\/index.php\\\/no-all-europa-dei-disoccupati\\\/#primaryimage\"},\"thumbnailUrl\":\"https:\\\/\\\/nuovi-lavori.it\\\/wp-content\\\/uploads\\\/2013\\\/11\\\/images_cnel.jpeg\",\"datePublished\":\"2013-11-19T12:00:03+00:00\",\"breadcrumb\":{\"@id\":\"https:\\\/\\\/nuovi-lavori.it\\\/index.php\\\/no-all-europa-dei-disoccupati\\\/#breadcrumb\"},\"inLanguage\":\"it-IT\",\"potentialAction\":[{\"@type\":\"ReadAction\",\"target\":[\"https:\\\/\\\/nuovi-lavori.it\\\/index.php\\\/no-all-europa-dei-disoccupati\\\/\"]}]},{\"@type\":\"ImageObject\",\"inLanguage\":\"it-IT\",\"@id\":\"https:\\\/\\\/nuovi-lavori.it\\\/index.php\\\/no-all-europa-dei-disoccupati\\\/#primaryimage\",\"url\":\"https:\\\/\\\/nuovi-lavori.it\\\/wp-content\\\/uploads\\\/2013\\\/11\\\/images_cnel.jpeg\",\"contentUrl\":\"https:\\\/\\\/nuovi-lavori.it\\\/wp-content\\\/uploads\\\/2013\\\/11\\\/images_cnel.jpeg\",\"width\":257,\"height\":196},{\"@type\":\"BreadcrumbList\",\"@id\":\"https:\\\/\\\/nuovi-lavori.it\\\/index.php\\\/no-all-europa-dei-disoccupati\\\/#breadcrumb\",\"itemListElement\":[{\"@type\":\"ListItem\",\"position\":1,\"name\":\"Home\",\"item\":\"https:\\\/\\\/nuovi-lavori.it\\\/\"},{\"@type\":\"ListItem\",\"position\":2,\"name\":\"Approfondimento NL\",\"item\":\"https:\\\/\\\/nuovi-lavori.it\\\/index.php\\\/category\\\/approfondimento\\\/\"},{\"@type\":\"ListItem\",\"position\":3,\"name\":\"No all\u2019Europa dei disoccupati\"}]},{\"@type\":\"WebSite\",\"@id\":\"https:\\\/\\\/nuovi-lavori.it\\\/#website\",\"url\":\"https:\\\/\\\/nuovi-lavori.it\\\/\",\"name\":\"Nuovi Lavori\",\"description\":\"\",\"publisher\":{\"@id\":\"https:\\\/\\\/nuovi-lavori.it\\\/#organization\"},\"potentialAction\":[{\"@type\":\"SearchAction\",\"target\":{\"@type\":\"EntryPoint\",\"urlTemplate\":\"https:\\\/\\\/nuovi-lavori.it\\\/?s={search_term_string}\"},\"query-input\":{\"@type\":\"PropertyValueSpecification\",\"valueRequired\":true,\"valueName\":\"search_term_string\"}}],\"inLanguage\":\"it-IT\"},{\"@type\":\"Organization\",\"@id\":\"https:\\\/\\\/nuovi-lavori.it\\\/#organization\",\"name\":\"Nuovi Lavori\",\"url\":\"https:\\\/\\\/nuovi-lavori.it\\\/\",\"logo\":{\"@type\":\"ImageObject\",\"inLanguage\":\"it-IT\",\"@id\":\"https:\\\/\\\/nuovi-lavori.it\\\/#\\\/schema\\\/logo\\\/image\\\/\",\"url\":\"http:\\\/\\\/5.249.146.118\\\/wp-content\\\/uploads\\\/2013\\\/11\\\/images_logonl.jpg\",\"contentUrl\":\"http:\\\/\\\/5.249.146.118\\\/wp-content\\\/uploads\\\/2013\\\/11\\\/images_logonl.jpg\",\"width\":400,\"height\":327,\"caption\":\"Nuovi Lavori\"},\"image\":{\"@id\":\"https:\\\/\\\/nuovi-lavori.it\\\/#\\\/schema\\\/logo\\\/image\\\/\"},\"sameAs\":[\"https:\\\/\\\/www.youtube.com\\\/user\\\/newsletteranl\"]},{\"@type\":\"Person\",\"@id\":\"https:\\\/\\\/nuovi-lavori.it\\\/#\\\/schema\\\/person\\\/381e9894ea394d41738d8d55e63fc0da\",\"name\":\"Lia\",\"image\":{\"@type\":\"ImageObject\",\"inLanguage\":\"it-IT\",\"@id\":\"https:\\\/\\\/secure.gravatar.com\\\/avatar\\\/1c1ab5e88d6553d3bd7303b8f064565e43a5f4bcf8fa0acc18820db78be45882?s=96&d=mm&r=g\",\"url\":\"https:\\\/\\\/secure.gravatar.com\\\/avatar\\\/1c1ab5e88d6553d3bd7303b8f064565e43a5f4bcf8fa0acc18820db78be45882?s=96&d=mm&r=g\",\"contentUrl\":\"https:\\\/\\\/secure.gravatar.com\\\/avatar\\\/1c1ab5e88d6553d3bd7303b8f064565e43a5f4bcf8fa0acc18820db78be45882?s=96&d=mm&r=g\",\"caption\":\"Lia\"},\"url\":\"https:\\\/\\\/nuovi-lavori.it\\\/index.php\\\/author\\\/lia\\\/\"}]}<\/script>\n<!-- \/ Yoast SEO plugin. -->","yoast_head_json":{"title":"No all\u2019Europa dei disoccupati - Nuovi Lavori","robots":{"index":"index","follow":"follow","max-snippet":"max-snippet:-1","max-image-preview":"max-image-preview:large","max-video-preview":"max-video-preview:-1"},"canonical":"https:\/\/nuovi-lavori.it\/index.php\/no-all-europa-dei-disoccupati\/","og_locale":"it_IT","og_type":"article","og_title":"No all\u2019Europa dei disoccupati - Nuovi Lavori","og_description":"Il tema discusso oggi \u00e8 uno di quelli cruciali per la nostra societ\u00e0. Nella veste che ricopro, sia come Presidente del Cnel che come suo rappresentante in varie organizzazioni economiche e sociali nel mondo, porto questo messaggio: c\u2019\u00e8 un problema di inclusione soprattutto dei giovani. E\u2019 possibile che una generazione si senta in larga parte [&hellip;]","og_url":"https:\/\/nuovi-lavori.it\/index.php\/no-all-europa-dei-disoccupati\/","og_site_name":"Nuovi Lavori","article_published_time":"2013-11-19T12:00:03+00:00","og_image":[{"width":257,"height":196,"url":"https:\/\/nuovi-lavori.it\/wp-content\/uploads\/2013\/11\/images_cnel.jpeg","type":"image\/jpeg"}],"author":"Lia","twitter_card":"summary_large_image","twitter_misc":{"Scritto da":"Lia","Tempo di lettura stimato":"3 minuti"},"schema":{"@context":"https:\/\/schema.org","@graph":[{"@type":"Article","@id":"https:\/\/nuovi-lavori.it\/index.php\/no-all-europa-dei-disoccupati\/#article","isPartOf":{"@id":"https:\/\/nuovi-lavori.it\/index.php\/no-all-europa-dei-disoccupati\/"},"author":{"name":"Lia","@id":"https:\/\/nuovi-lavori.it\/#\/schema\/person\/381e9894ea394d41738d8d55e63fc0da"},"headline":"No all\u2019Europa dei disoccupati","datePublished":"2013-11-19T12:00:03+00:00","mainEntityOfPage":{"@id":"https:\/\/nuovi-lavori.it\/index.php\/no-all-europa-dei-disoccupati\/"},"wordCount":600,"commentCount":0,"publisher":{"@id":"https:\/\/nuovi-lavori.it\/#organization"},"image":{"@id":"https:\/\/nuovi-lavori.it\/index.php\/no-all-europa-dei-disoccupati\/#primaryimage"},"thumbnailUrl":"https:\/\/nuovi-lavori.it\/wp-content\/uploads\/2013\/11\/images_cnel.jpeg","articleSection":["Approfondimento NL"],"inLanguage":"it-IT","potentialAction":[{"@type":"CommentAction","name":"Comment","target":["https:\/\/nuovi-lavori.it\/index.php\/no-all-europa-dei-disoccupati\/#respond"]}]},{"@type":"WebPage","@id":"https:\/\/nuovi-lavori.it\/index.php\/no-all-europa-dei-disoccupati\/","url":"https:\/\/nuovi-lavori.it\/index.php\/no-all-europa-dei-disoccupati\/","name":"No all\u2019Europa dei disoccupati - Nuovi Lavori","isPartOf":{"@id":"https:\/\/nuovi-lavori.it\/#website"},"primaryImageOfPage":{"@id":"https:\/\/nuovi-lavori.it\/index.php\/no-all-europa-dei-disoccupati\/#primaryimage"},"image":{"@id":"https:\/\/nuovi-lavori.it\/index.php\/no-all-europa-dei-disoccupati\/#primaryimage"},"thumbnailUrl":"https:\/\/nuovi-lavori.it\/wp-content\/uploads\/2013\/11\/images_cnel.jpeg","datePublished":"2013-11-19T12:00:03+00:00","breadcrumb":{"@id":"https:\/\/nuovi-lavori.it\/index.php\/no-all-europa-dei-disoccupati\/#breadcrumb"},"inLanguage":"it-IT","potentialAction":[{"@type":"ReadAction","target":["https:\/\/nuovi-lavori.it\/index.php\/no-all-europa-dei-disoccupati\/"]}]},{"@type":"ImageObject","inLanguage":"it-IT","@id":"https:\/\/nuovi-lavori.it\/index.php\/no-all-europa-dei-disoccupati\/#primaryimage","url":"https:\/\/nuovi-lavori.it\/wp-content\/uploads\/2013\/11\/images_cnel.jpeg","contentUrl":"https:\/\/nuovi-lavori.it\/wp-content\/uploads\/2013\/11\/images_cnel.jpeg","width":257,"height":196},{"@type":"BreadcrumbList","@id":"https:\/\/nuovi-lavori.it\/index.php\/no-all-europa-dei-disoccupati\/#breadcrumb","itemListElement":[{"@type":"ListItem","position":1,"name":"Home","item":"https:\/\/nuovi-lavori.it\/"},{"@type":"ListItem","position":2,"name":"Approfondimento NL","item":"https:\/\/nuovi-lavori.it\/index.php\/category\/approfondimento\/"},{"@type":"ListItem","position":3,"name":"No all\u2019Europa dei disoccupati"}]},{"@type":"WebSite","@id":"https:\/\/nuovi-lavori.it\/#website","url":"https:\/\/nuovi-lavori.it\/","name":"Nuovi Lavori","description":"","publisher":{"@id":"https:\/\/nuovi-lavori.it\/#organization"},"potentialAction":[{"@type":"SearchAction","target":{"@type":"EntryPoint","urlTemplate":"https:\/\/nuovi-lavori.it\/?s={search_term_string}"},"query-input":{"@type":"PropertyValueSpecification","valueRequired":true,"valueName":"search_term_string"}}],"inLanguage":"it-IT"},{"@type":"Organization","@id":"https:\/\/nuovi-lavori.it\/#organization","name":"Nuovi Lavori","url":"https:\/\/nuovi-lavori.it\/","logo":{"@type":"ImageObject","inLanguage":"it-IT","@id":"https:\/\/nuovi-lavori.it\/#\/schema\/logo\/image\/","url":"http:\/\/5.249.146.118\/wp-content\/uploads\/2013\/11\/images_logonl.jpg","contentUrl":"http:\/\/5.249.146.118\/wp-content\/uploads\/2013\/11\/images_logonl.jpg","width":400,"height":327,"caption":"Nuovi Lavori"},"image":{"@id":"https:\/\/nuovi-lavori.it\/#\/schema\/logo\/image\/"},"sameAs":["https:\/\/www.youtube.com\/user\/newsletteranl"]},{"@type":"Person","@id":"https:\/\/nuovi-lavori.it\/#\/schema\/person\/381e9894ea394d41738d8d55e63fc0da","name":"Lia","image":{"@type":"ImageObject","inLanguage":"it-IT","@id":"https:\/\/secure.gravatar.com\/avatar\/1c1ab5e88d6553d3bd7303b8f064565e43a5f4bcf8fa0acc18820db78be45882?s=96&d=mm&r=g","url":"https:\/\/secure.gravatar.com\/avatar\/1c1ab5e88d6553d3bd7303b8f064565e43a5f4bcf8fa0acc18820db78be45882?s=96&d=mm&r=g","contentUrl":"https:\/\/secure.gravatar.com\/avatar\/1c1ab5e88d6553d3bd7303b8f064565e43a5f4bcf8fa0acc18820db78be45882?s=96&d=mm&r=g","caption":"Lia"},"url":"https:\/\/nuovi-lavori.it\/index.php\/author\/lia\/"}]}},"_links":{"self":[{"href":"https:\/\/nuovi-lavori.it\/index.php\/wp-json\/wp\/v2\/posts\/239","targetHints":{"allow":["GET"]}}],"collection":[{"href":"https:\/\/nuovi-lavori.it\/index.php\/wp-json\/wp\/v2\/posts"}],"about":[{"href":"https:\/\/nuovi-lavori.it\/index.php\/wp-json\/wp\/v2\/types\/post"}],"author":[{"embeddable":true,"href":"https:\/\/nuovi-lavori.it\/index.php\/wp-json\/wp\/v2\/users\/2"}],"replies":[{"embeddable":true,"href":"https:\/\/nuovi-lavori.it\/index.php\/wp-json\/wp\/v2\/comments?post=239"}],"version-history":[{"count":0,"href":"https:\/\/nuovi-lavori.it\/index.php\/wp-json\/wp\/v2\/posts\/239\/revisions"}],"wp:featuredmedia":[{"embeddable":true,"href":"https:\/\/nuovi-lavori.it\/index.php\/wp-json\/wp\/v2\/media\/238"}],"wp:attachment":[{"href":"https:\/\/nuovi-lavori.it\/index.php\/wp-json\/wp\/v2\/media?parent=239"}],"wp:term":[{"taxonomy":"category","embeddable":true,"href":"https:\/\/nuovi-lavori.it\/index.php\/wp-json\/wp\/v2\/categories?post=239"},{"taxonomy":"post_tag","embeddable":true,"href":"https:\/\/nuovi-lavori.it\/index.php\/wp-json\/wp\/v2\/tags?post=239"}],"curies":[{"name":"wp","href":"https:\/\/api.w.org\/{rel}","templated":true}]}}