{"id":254,"date":"2013-11-19T08:50:57","date_gmt":"2013-11-19T07:50:57","guid":{"rendered":"http:\/\/5.249.146.118\/intervento-di-giancarlo-simoncini\/"},"modified":"2013-11-19T08:50:57","modified_gmt":"2013-11-19T07:50:57","slug":"intervento-di-giancarlo-simoncini","status":"publish","type":"post","link":"https:\/\/nuovi-lavori.it\/index.php\/intervento-di-giancarlo-simoncini\/","title":{"rendered":"Ancora molte criticit\u00e0 per i centri per l\u2019impiego"},"content":{"rendered":"<p>Sono d\u2019accordo con diverse delle considerazioni sinora espresse. Soprattutto sull\u2019idea che il tema rilevante che abbiamo di fronte non riguarda la redistribuzione del poco lavoro che c\u2019\u00e8, ma la creazione nuova occupazione, di nuovo lavoro. Questo \u00e8 l\u2019elemento cui fornire priorit\u00e0. E\u2019\u00a0 bene spostare risorse dalle politiche passive alle politiche attive, ma a questo deve accompagnarsi uno sviluppo solido di cui abbiamo comunque bisogno per garantire una tenuta sociale del Paese, che in questo momento rischia di saltare.\u00a0<\/p>\n<p>Concordo anche con chi sostiene che la <em>Youth Guarantee <\/em>rappresenta una sfida in questo quadro, una sfida che dobbiamo cogliere. Anche perch\u00e9 per la prima volta, finalmente, anche il Governo nazionale mette in campo politiche sui giovani. Infatti se si guarda alla programmazione nell\u2019ultimo settennio 2007-2013, se c\u2019\u00e8 chi ha messo in campo iniziative e interventi sui giovani sono state solo le Regioni. Ovviamente con la diversa velocit\u00e0 che purtroppo caratterizza il nostro Paese, ma con in generale una serie di esperienze molto significative, si hanno attivit\u00e0 di collocazione, creazione di impresa, con interventi di sistema che partono dalla presa in carico, passano per il lavoro e arrivano fino alla creazione d\u2019impresa. Oggi, finalmente, abbiamo anche a livello nazionale la focalizzazione del tema dei giovani sui quali possiamo concentrare gli interventi. Anche perch\u00e9 tutti abbiamo la consapevolezza che da qui passa la tenuta democratica del Paese e dell\u2019Europa stessa. Non \u00e8 immaginabile un continente che presenti strutturalmente tassi di disoccupazione giovanile oltre il 20% e in alcuni casi vicini al 40%. Quindi utilizziamo questa sfida per trainare, per determinare un salto di qualit\u00e0, non come evento salvifico capace di riformare l\u2019intero sistema dei Centri per l\u2019Impiego, ma come volano per la riorganizzazione del sistema.\u00a0<\/p>\n<p>Una riorganizzazione che passa, come da molti sostenuto, attraverso una crescente integrazione tra pubblico e privato. Mettere in linea il ruolo del pubblico e il ruolo del privato, evitando di creare nuove rendite di posizione e valorizzando fortemente il tema delle premialit\u00e0. Il pubblico dovr\u00e0 assumere e prendere in carico il soggetto della Youth Guarantee. Poi anche offrire, laddove possibile, una serie di prestazioni a seconda dell\u2019organizzazione dei servizi nei diversi territori. Al privato si richiede l\u2019offerta di servizi che favoriscano il placement, ripagando il servizio in base ai risultati attesi. Quindi evitare rendite di posizione, ma fornire premialit\u00e0 in base al risultato.\u00a0<\/p>\n<p>Detto questo, sottolineo anche il fatto che resta il problema della presa in carico. Sappiamo che occorre parlare della riforma dei servizi per il lavoro: io sono per un sistema nazionale per il lavoro, organizzato in un\u2019agenzia nazionale e in agenzie regionali. Specie se andiamo avanti con il superamento delle Province sar\u00e0 questa la soluzione a mio avviso pi\u00f9 consona. Un\u2019agenzia nazionale che \u00e8 di monitoraggio, di definizione dei livelli di prestazione, di verifica sul funzionamento del sistema \u2013 quando necessario \u2013 di poteri sostitutivi delle agenzie regionali che non funzionano. Agenzie regionali che avranno un ruolo di organizzazione ed erogazione del servizio, perch\u00e9 il servizio va tarato su scala territoriale. Dobbiamo lavorare per arrivare a questo, secondo me, ma dobbiamo, al contempo, garantire che a gennaio ci siano i Centri per l\u2019Impiego e che ci siano le risorse per farli andare avanti. Un\u2019avvertenza: la programmazione 2014-2020 partir\u00e0, se tutto va bene, a novembre del 2014 ma, visto l\u2019andamento attuale, forse a\u00a0 gennaio 2015. Specie nel Centro Nord, allora, avremo Regioni che non avranno le risorse per garantire l\u2019apertura dei Centri per l\u2019Impiego. La Toscana, ad esempio, ha recuperato 7 milioni di euro nella programmazione in chiusura per garantire il personale. Stiamo poi utilizzando tutto il fondo di riserva per le politiche del personale per garantire la presenta di risorse umane nei Centri per l\u2019Impiego del 2014. Pertanto, facciamo un progetto serio per lo <em>Youth Guarantee<\/em> ma se il primo gennaio i Centri per l\u2019Impiego sono chiusi non abbiamo lo strumento per prendere in carico i giovani target.\u00a0<\/p>\n<p>Questa denuncia che sto facendo non vale solo per il Fondo Sociale Europeo. Vale anche per quelle politiche dello sviluppo richiamate sinora. Perch\u00e9 noi non avremo, nel 2014, nel bel mezzo della crisi, le risorse per sostenere gli interventi a sostegno di ricerca e sviluppo, innovazione, politiche di ingegneria finanziaria e cos\u00ec via.\u00a0<\/p>\n<p>Tornando al tema. Stiamo lavorando con il Governo in maniera abbastanza positiva per cercare di arrivare con la struttura pronta per poter partire a gennaio. Il Governo invier\u00e0, a breve, lo schema generale all\u2019Unione Europea. Un testo che abbiamo condiviso. Ora si tratta di passare alla fase che riguarda gli standard garantiti, come si andr\u00e0 alla ripartizione delle risorse, come si attiveranno sul territorio gli interventi. Noi siamo per una doppia premialit\u00e0: una premialit\u00e0 pubblico-privato e, una volta che questo sistema diventi a regime, anche una premialit\u00e0 tra il pubblico. In partenza dobbiamo garantire risorse adeguate ai territori. In prospettiva dovr\u00e0 per\u00f2 esserci una capacit\u00e0 premiale per i territori che danno pi\u00f9 risposte e pi\u00f9 efficienza. Un elemento che spinga i territori a non vedere il tema come un tema di ordinaria amministrazione, ma appunto come un tema sul quale si gioca la stessa idea di sviluppo democratico del Paese.\u00a0<\/p>\n<p>Mi auguro che questa sfida possa anche permetterci di affrontare rapidamente l\u2019altro tema: la riforma dei servizi per il lavoro. Sapendo che questa pu\u00f2 diventare davvero, fra 60 giorni, un\u2019emergenza. Il Ministro Del Rio ci dice che, da gennaio, supereremo le Province. Io mi sono gi\u00e0 espresso sul punto: \u00e8 errato immaginare che tutte le competenze provinciali andranno ai Comuni, comprese quelle in tema di lavoro. Segnalo dunque questo tema affinch\u00e9 in Parlamento si portino degli aggiustamenti sulla normativa in entrata e anzi proporrei di mettere al centro questo tema in un prossimo incontro di \u201cNuovi Lavori\u201d.<\/p>\n<p>Bisogna creare i presupposti per generare nuova occupazione, ma che sia una occasione di accesso democratica e non in relazione a quelle che sono le conoscenze, le amicizie e quant\u2019altro. Il tema dello <em>Youth Guarantee<\/em> pu\u00f2 servire anche a quest\u2019altra sfida, dare un\u2019idea di un Paese che pu\u00f2 essere diverso, nel quale l\u2019accesso al lavoro non \u00e8 un favore ma \u00e8 un diritto e questo siamo in grado di farlo se abbiamo dei servizi che sono efficienti, sono efficaci e hanno la possibilit\u00e0 di guardare negli occhi i ragazzi che si rivolgono ai servizi.<\/p>\n<p>\u00a0(*)\u00a0Assessore al Lavoro della Regione Toscana\u00a0<\/p>\n","protected":false},"excerpt":{"rendered":"<p>Sono d\u2019accordo con diverse delle considerazioni sinora espresse. Soprattutto sull\u2019idea che il tema rilevante che abbiamo di fronte non riguarda la redistribuzione del poco lavoro che c\u2019\u00e8, ma la creazione nuova occupazione, di nuovo lavoro. Questo \u00e8 l\u2019elemento cui fornire priorit\u00e0. E\u2019\u00a0 bene spostare risorse dalle politiche passive alle politiche attive, ma a questo deve [&hellip;]<\/p>\n","protected":false},"author":2,"featured_media":253,"comment_status":"open","ping_status":"open","sticky":false,"template":"","format":"standard","meta":{"footnotes":""},"categories":[36],"tags":[],"class_list":["post-254","post","type-post","status-publish","format-standard","has-post-thumbnail","hentry","category-approfondimento"],"yoast_head":"<!-- This site is optimized with the Yoast SEO plugin v27.4 - https:\/\/yoast.com\/product\/yoast-seo-wordpress\/ -->\n<title>Ancora molte criticit\u00e0 per i centri per l\u2019impiego - Nuovi Lavori<\/title>\n<meta name=\"robots\" content=\"index, follow, max-snippet:-1, max-image-preview:large, max-video-preview:-1\" \/>\n<link rel=\"canonical\" href=\"https:\/\/nuovi-lavori.it\/index.php\/intervento-di-giancarlo-simoncini\/\" \/>\n<meta property=\"og:locale\" content=\"it_IT\" \/>\n<meta property=\"og:type\" content=\"article\" \/>\n<meta property=\"og:title\" content=\"Ancora molte criticit\u00e0 per i centri per l\u2019impiego - Nuovi Lavori\" \/>\n<meta property=\"og:description\" content=\"Sono d\u2019accordo con diverse delle considerazioni sinora espresse. Soprattutto sull\u2019idea che il tema rilevante che abbiamo di fronte non riguarda la redistribuzione del poco lavoro che c\u2019\u00e8, ma la creazione nuova occupazione, di nuovo lavoro. Questo \u00e8 l\u2019elemento cui fornire priorit\u00e0. E\u2019\u00a0 bene spostare risorse dalle politiche passive alle politiche attive, ma a questo deve [&hellip;]\" \/>\n<meta property=\"og:url\" content=\"https:\/\/nuovi-lavori.it\/index.php\/intervento-di-giancarlo-simoncini\/\" \/>\n<meta property=\"og:site_name\" content=\"Nuovi Lavori\" \/>\n<meta property=\"article:published_time\" content=\"2013-11-19T07:50:57+00:00\" \/>\n<meta property=\"og:image\" content=\"https:\/\/nuovi-lavori.it\/wp-content\/uploads\/2013\/11\/images_regione-toscana.jpg\" \/>\n\t<meta property=\"og:image:width\" content=\"300\" \/>\n\t<meta property=\"og:image:height\" content=\"300\" \/>\n\t<meta property=\"og:image:type\" content=\"image\/jpeg\" \/>\n<meta name=\"author\" content=\"Lia\" \/>\n<meta name=\"twitter:card\" content=\"summary_large_image\" \/>\n<meta name=\"twitter:label1\" content=\"Scritto da\" \/>\n\t<meta name=\"twitter:data1\" content=\"Lia\" \/>\n\t<meta name=\"twitter:label2\" content=\"Tempo di lettura stimato\" \/>\n\t<meta name=\"twitter:data2\" content=\"5 minuti\" \/>\n<script type=\"application\/ld+json\" class=\"yoast-schema-graph\">{\"@context\":\"https:\\\/\\\/schema.org\",\"@graph\":[{\"@type\":\"Article\",\"@id\":\"https:\\\/\\\/nuovi-lavori.it\\\/index.php\\\/intervento-di-giancarlo-simoncini\\\/#article\",\"isPartOf\":{\"@id\":\"https:\\\/\\\/nuovi-lavori.it\\\/index.php\\\/intervento-di-giancarlo-simoncini\\\/\"},\"author\":{\"name\":\"Lia\",\"@id\":\"https:\\\/\\\/nuovi-lavori.it\\\/#\\\/schema\\\/person\\\/381e9894ea394d41738d8d55e63fc0da\"},\"headline\":\"Ancora molte criticit\u00e0 per i centri per l\u2019impiego\",\"datePublished\":\"2013-11-19T07:50:57+00:00\",\"mainEntityOfPage\":{\"@id\":\"https:\\\/\\\/nuovi-lavori.it\\\/index.php\\\/intervento-di-giancarlo-simoncini\\\/\"},\"wordCount\":1062,\"commentCount\":0,\"publisher\":{\"@id\":\"https:\\\/\\\/nuovi-lavori.it\\\/#organization\"},\"image\":{\"@id\":\"https:\\\/\\\/nuovi-lavori.it\\\/index.php\\\/intervento-di-giancarlo-simoncini\\\/#primaryimage\"},\"thumbnailUrl\":\"https:\\\/\\\/nuovi-lavori.it\\\/wp-content\\\/uploads\\\/2013\\\/11\\\/images_regione-toscana.jpg\",\"articleSection\":[\"Approfondimento NL\"],\"inLanguage\":\"it-IT\",\"potentialAction\":[{\"@type\":\"CommentAction\",\"name\":\"Comment\",\"target\":[\"https:\\\/\\\/nuovi-lavori.it\\\/index.php\\\/intervento-di-giancarlo-simoncini\\\/#respond\"]}]},{\"@type\":\"WebPage\",\"@id\":\"https:\\\/\\\/nuovi-lavori.it\\\/index.php\\\/intervento-di-giancarlo-simoncini\\\/\",\"url\":\"https:\\\/\\\/nuovi-lavori.it\\\/index.php\\\/intervento-di-giancarlo-simoncini\\\/\",\"name\":\"Ancora molte criticit\u00e0 per i centri per l\u2019impiego - Nuovi Lavori\",\"isPartOf\":{\"@id\":\"https:\\\/\\\/nuovi-lavori.it\\\/#website\"},\"primaryImageOfPage\":{\"@id\":\"https:\\\/\\\/nuovi-lavori.it\\\/index.php\\\/intervento-di-giancarlo-simoncini\\\/#primaryimage\"},\"image\":{\"@id\":\"https:\\\/\\\/nuovi-lavori.it\\\/index.php\\\/intervento-di-giancarlo-simoncini\\\/#primaryimage\"},\"thumbnailUrl\":\"https:\\\/\\\/nuovi-lavori.it\\\/wp-content\\\/uploads\\\/2013\\\/11\\\/images_regione-toscana.jpg\",\"datePublished\":\"2013-11-19T07:50:57+00:00\",\"breadcrumb\":{\"@id\":\"https:\\\/\\\/nuovi-lavori.it\\\/index.php\\\/intervento-di-giancarlo-simoncini\\\/#breadcrumb\"},\"inLanguage\":\"it-IT\",\"potentialAction\":[{\"@type\":\"ReadAction\",\"target\":[\"https:\\\/\\\/nuovi-lavori.it\\\/index.php\\\/intervento-di-giancarlo-simoncini\\\/\"]}]},{\"@type\":\"ImageObject\",\"inLanguage\":\"it-IT\",\"@id\":\"https:\\\/\\\/nuovi-lavori.it\\\/index.php\\\/intervento-di-giancarlo-simoncini\\\/#primaryimage\",\"url\":\"https:\\\/\\\/nuovi-lavori.it\\\/wp-content\\\/uploads\\\/2013\\\/11\\\/images_regione-toscana.jpg\",\"contentUrl\":\"https:\\\/\\\/nuovi-lavori.it\\\/wp-content\\\/uploads\\\/2013\\\/11\\\/images_regione-toscana.jpg\",\"width\":300,\"height\":300},{\"@type\":\"BreadcrumbList\",\"@id\":\"https:\\\/\\\/nuovi-lavori.it\\\/index.php\\\/intervento-di-giancarlo-simoncini\\\/#breadcrumb\",\"itemListElement\":[{\"@type\":\"ListItem\",\"position\":1,\"name\":\"Home\",\"item\":\"https:\\\/\\\/nuovi-lavori.it\\\/\"},{\"@type\":\"ListItem\",\"position\":2,\"name\":\"Approfondimento NL\",\"item\":\"https:\\\/\\\/nuovi-lavori.it\\\/index.php\\\/category\\\/approfondimento\\\/\"},{\"@type\":\"ListItem\",\"position\":3,\"name\":\"Ancora molte criticit\u00e0 per i centri per l\u2019impiego\"}]},{\"@type\":\"WebSite\",\"@id\":\"https:\\\/\\\/nuovi-lavori.it\\\/#website\",\"url\":\"https:\\\/\\\/nuovi-lavori.it\\\/\",\"name\":\"Nuovi Lavori\",\"description\":\"\",\"publisher\":{\"@id\":\"https:\\\/\\\/nuovi-lavori.it\\\/#organization\"},\"potentialAction\":[{\"@type\":\"SearchAction\",\"target\":{\"@type\":\"EntryPoint\",\"urlTemplate\":\"https:\\\/\\\/nuovi-lavori.it\\\/?s={search_term_string}\"},\"query-input\":{\"@type\":\"PropertyValueSpecification\",\"valueRequired\":true,\"valueName\":\"search_term_string\"}}],\"inLanguage\":\"it-IT\"},{\"@type\":\"Organization\",\"@id\":\"https:\\\/\\\/nuovi-lavori.it\\\/#organization\",\"name\":\"Nuovi Lavori\",\"url\":\"https:\\\/\\\/nuovi-lavori.it\\\/\",\"logo\":{\"@type\":\"ImageObject\",\"inLanguage\":\"it-IT\",\"@id\":\"https:\\\/\\\/nuovi-lavori.it\\\/#\\\/schema\\\/logo\\\/image\\\/\",\"url\":\"http:\\\/\\\/5.249.146.118\\\/wp-content\\\/uploads\\\/2013\\\/11\\\/images_logonl.jpg\",\"contentUrl\":\"http:\\\/\\\/5.249.146.118\\\/wp-content\\\/uploads\\\/2013\\\/11\\\/images_logonl.jpg\",\"width\":400,\"height\":327,\"caption\":\"Nuovi Lavori\"},\"image\":{\"@id\":\"https:\\\/\\\/nuovi-lavori.it\\\/#\\\/schema\\\/logo\\\/image\\\/\"},\"sameAs\":[\"https:\\\/\\\/www.youtube.com\\\/user\\\/newsletteranl\"]},{\"@type\":\"Person\",\"@id\":\"https:\\\/\\\/nuovi-lavori.it\\\/#\\\/schema\\\/person\\\/381e9894ea394d41738d8d55e63fc0da\",\"name\":\"Lia\",\"image\":{\"@type\":\"ImageObject\",\"inLanguage\":\"it-IT\",\"@id\":\"https:\\\/\\\/secure.gravatar.com\\\/avatar\\\/1c1ab5e88d6553d3bd7303b8f064565e43a5f4bcf8fa0acc18820db78be45882?s=96&d=mm&r=g\",\"url\":\"https:\\\/\\\/secure.gravatar.com\\\/avatar\\\/1c1ab5e88d6553d3bd7303b8f064565e43a5f4bcf8fa0acc18820db78be45882?s=96&d=mm&r=g\",\"contentUrl\":\"https:\\\/\\\/secure.gravatar.com\\\/avatar\\\/1c1ab5e88d6553d3bd7303b8f064565e43a5f4bcf8fa0acc18820db78be45882?s=96&d=mm&r=g\",\"caption\":\"Lia\"},\"url\":\"https:\\\/\\\/nuovi-lavori.it\\\/index.php\\\/author\\\/lia\\\/\"}]}<\/script>\n<!-- \/ Yoast SEO plugin. -->","yoast_head_json":{"title":"Ancora molte criticit\u00e0 per i centri per l\u2019impiego - Nuovi Lavori","robots":{"index":"index","follow":"follow","max-snippet":"max-snippet:-1","max-image-preview":"max-image-preview:large","max-video-preview":"max-video-preview:-1"},"canonical":"https:\/\/nuovi-lavori.it\/index.php\/intervento-di-giancarlo-simoncini\/","og_locale":"it_IT","og_type":"article","og_title":"Ancora molte criticit\u00e0 per i centri per l\u2019impiego - Nuovi Lavori","og_description":"Sono d\u2019accordo con diverse delle considerazioni sinora espresse. Soprattutto sull\u2019idea che il tema rilevante che abbiamo di fronte non riguarda la redistribuzione del poco lavoro che c\u2019\u00e8, ma la creazione nuova occupazione, di nuovo lavoro. Questo \u00e8 l\u2019elemento cui fornire priorit\u00e0. E\u2019\u00a0 bene spostare risorse dalle politiche passive alle politiche attive, ma a questo deve [&hellip;]","og_url":"https:\/\/nuovi-lavori.it\/index.php\/intervento-di-giancarlo-simoncini\/","og_site_name":"Nuovi Lavori","article_published_time":"2013-11-19T07:50:57+00:00","og_image":[{"width":300,"height":300,"url":"https:\/\/nuovi-lavori.it\/wp-content\/uploads\/2013\/11\/images_regione-toscana.jpg","type":"image\/jpeg"}],"author":"Lia","twitter_card":"summary_large_image","twitter_misc":{"Scritto da":"Lia","Tempo di lettura stimato":"5 minuti"},"schema":{"@context":"https:\/\/schema.org","@graph":[{"@type":"Article","@id":"https:\/\/nuovi-lavori.it\/index.php\/intervento-di-giancarlo-simoncini\/#article","isPartOf":{"@id":"https:\/\/nuovi-lavori.it\/index.php\/intervento-di-giancarlo-simoncini\/"},"author":{"name":"Lia","@id":"https:\/\/nuovi-lavori.it\/#\/schema\/person\/381e9894ea394d41738d8d55e63fc0da"},"headline":"Ancora molte criticit\u00e0 per i centri per l\u2019impiego","datePublished":"2013-11-19T07:50:57+00:00","mainEntityOfPage":{"@id":"https:\/\/nuovi-lavori.it\/index.php\/intervento-di-giancarlo-simoncini\/"},"wordCount":1062,"commentCount":0,"publisher":{"@id":"https:\/\/nuovi-lavori.it\/#organization"},"image":{"@id":"https:\/\/nuovi-lavori.it\/index.php\/intervento-di-giancarlo-simoncini\/#primaryimage"},"thumbnailUrl":"https:\/\/nuovi-lavori.it\/wp-content\/uploads\/2013\/11\/images_regione-toscana.jpg","articleSection":["Approfondimento NL"],"inLanguage":"it-IT","potentialAction":[{"@type":"CommentAction","name":"Comment","target":["https:\/\/nuovi-lavori.it\/index.php\/intervento-di-giancarlo-simoncini\/#respond"]}]},{"@type":"WebPage","@id":"https:\/\/nuovi-lavori.it\/index.php\/intervento-di-giancarlo-simoncini\/","url":"https:\/\/nuovi-lavori.it\/index.php\/intervento-di-giancarlo-simoncini\/","name":"Ancora molte criticit\u00e0 per i centri per l\u2019impiego - Nuovi Lavori","isPartOf":{"@id":"https:\/\/nuovi-lavori.it\/#website"},"primaryImageOfPage":{"@id":"https:\/\/nuovi-lavori.it\/index.php\/intervento-di-giancarlo-simoncini\/#primaryimage"},"image":{"@id":"https:\/\/nuovi-lavori.it\/index.php\/intervento-di-giancarlo-simoncini\/#primaryimage"},"thumbnailUrl":"https:\/\/nuovi-lavori.it\/wp-content\/uploads\/2013\/11\/images_regione-toscana.jpg","datePublished":"2013-11-19T07:50:57+00:00","breadcrumb":{"@id":"https:\/\/nuovi-lavori.it\/index.php\/intervento-di-giancarlo-simoncini\/#breadcrumb"},"inLanguage":"it-IT","potentialAction":[{"@type":"ReadAction","target":["https:\/\/nuovi-lavori.it\/index.php\/intervento-di-giancarlo-simoncini\/"]}]},{"@type":"ImageObject","inLanguage":"it-IT","@id":"https:\/\/nuovi-lavori.it\/index.php\/intervento-di-giancarlo-simoncini\/#primaryimage","url":"https:\/\/nuovi-lavori.it\/wp-content\/uploads\/2013\/11\/images_regione-toscana.jpg","contentUrl":"https:\/\/nuovi-lavori.it\/wp-content\/uploads\/2013\/11\/images_regione-toscana.jpg","width":300,"height":300},{"@type":"BreadcrumbList","@id":"https:\/\/nuovi-lavori.it\/index.php\/intervento-di-giancarlo-simoncini\/#breadcrumb","itemListElement":[{"@type":"ListItem","position":1,"name":"Home","item":"https:\/\/nuovi-lavori.it\/"},{"@type":"ListItem","position":2,"name":"Approfondimento NL","item":"https:\/\/nuovi-lavori.it\/index.php\/category\/approfondimento\/"},{"@type":"ListItem","position":3,"name":"Ancora molte criticit\u00e0 per i centri per l\u2019impiego"}]},{"@type":"WebSite","@id":"https:\/\/nuovi-lavori.it\/#website","url":"https:\/\/nuovi-lavori.it\/","name":"Nuovi Lavori","description":"","publisher":{"@id":"https:\/\/nuovi-lavori.it\/#organization"},"potentialAction":[{"@type":"SearchAction","target":{"@type":"EntryPoint","urlTemplate":"https:\/\/nuovi-lavori.it\/?s={search_term_string}"},"query-input":{"@type":"PropertyValueSpecification","valueRequired":true,"valueName":"search_term_string"}}],"inLanguage":"it-IT"},{"@type":"Organization","@id":"https:\/\/nuovi-lavori.it\/#organization","name":"Nuovi Lavori","url":"https:\/\/nuovi-lavori.it\/","logo":{"@type":"ImageObject","inLanguage":"it-IT","@id":"https:\/\/nuovi-lavori.it\/#\/schema\/logo\/image\/","url":"http:\/\/5.249.146.118\/wp-content\/uploads\/2013\/11\/images_logonl.jpg","contentUrl":"http:\/\/5.249.146.118\/wp-content\/uploads\/2013\/11\/images_logonl.jpg","width":400,"height":327,"caption":"Nuovi Lavori"},"image":{"@id":"https:\/\/nuovi-lavori.it\/#\/schema\/logo\/image\/"},"sameAs":["https:\/\/www.youtube.com\/user\/newsletteranl"]},{"@type":"Person","@id":"https:\/\/nuovi-lavori.it\/#\/schema\/person\/381e9894ea394d41738d8d55e63fc0da","name":"Lia","image":{"@type":"ImageObject","inLanguage":"it-IT","@id":"https:\/\/secure.gravatar.com\/avatar\/1c1ab5e88d6553d3bd7303b8f064565e43a5f4bcf8fa0acc18820db78be45882?s=96&d=mm&r=g","url":"https:\/\/secure.gravatar.com\/avatar\/1c1ab5e88d6553d3bd7303b8f064565e43a5f4bcf8fa0acc18820db78be45882?s=96&d=mm&r=g","contentUrl":"https:\/\/secure.gravatar.com\/avatar\/1c1ab5e88d6553d3bd7303b8f064565e43a5f4bcf8fa0acc18820db78be45882?s=96&d=mm&r=g","caption":"Lia"},"url":"https:\/\/nuovi-lavori.it\/index.php\/author\/lia\/"}]}},"_links":{"self":[{"href":"https:\/\/nuovi-lavori.it\/index.php\/wp-json\/wp\/v2\/posts\/254","targetHints":{"allow":["GET"]}}],"collection":[{"href":"https:\/\/nuovi-lavori.it\/index.php\/wp-json\/wp\/v2\/posts"}],"about":[{"href":"https:\/\/nuovi-lavori.it\/index.php\/wp-json\/wp\/v2\/types\/post"}],"author":[{"embeddable":true,"href":"https:\/\/nuovi-lavori.it\/index.php\/wp-json\/wp\/v2\/users\/2"}],"replies":[{"embeddable":true,"href":"https:\/\/nuovi-lavori.it\/index.php\/wp-json\/wp\/v2\/comments?post=254"}],"version-history":[{"count":0,"href":"https:\/\/nuovi-lavori.it\/index.php\/wp-json\/wp\/v2\/posts\/254\/revisions"}],"wp:featuredmedia":[{"embeddable":true,"href":"https:\/\/nuovi-lavori.it\/index.php\/wp-json\/wp\/v2\/media\/253"}],"wp:attachment":[{"href":"https:\/\/nuovi-lavori.it\/index.php\/wp-json\/wp\/v2\/media?parent=254"}],"wp:term":[{"taxonomy":"category","embeddable":true,"href":"https:\/\/nuovi-lavori.it\/index.php\/wp-json\/wp\/v2\/categories?post=254"},{"taxonomy":"post_tag","embeddable":true,"href":"https:\/\/nuovi-lavori.it\/index.php\/wp-json\/wp\/v2\/tags?post=254"}],"curies":[{"name":"wp","href":"https:\/\/api.w.org\/{rel}","templated":true}]}}