{"id":3054,"date":"2018-10-30T11:51:49","date_gmt":"2018-10-30T10:51:49","guid":{"rendered":"http:\/\/5.249.146.118\/30-anni-di-lavoro-nei-servizi-per-l-impiego-un-bilancio\/"},"modified":"2018-10-30T11:51:49","modified_gmt":"2018-10-30T10:51:49","slug":"30-anni-di-lavoro-nei-servizi-per-l-impiego-un-bilancio","status":"publish","type":"post","link":"https:\/\/nuovi-lavori.it\/index.php\/30-anni-di-lavoro-nei-servizi-per-l-impiego-un-bilancio\/","title":{"rendered":"Un bilancio di 30 anni di lavoro nei servizi per l\u2019impiego"},"content":{"rendered":"<p style=\"text-align: justify;\">Nel maggio del 1988 ho iniziato a collaborare con l\u2019agenzia regionale Lombardia Lavoro nata nella seconda met\u00e0 degli anni 80 come le agenzie del Friuli, Trentino, Val d\u2019Aosta e Sardegna. L\u2019attivit\u00e0 di Lombardia Lavoro \u00e8 consistita nella sperimentazione di servizi che nei decenni successivi sono diventati abituali per i centri per l\u2019impiego, i centri accreditati al lavoro, le agenzie di orientamento. Si sono sperimentati i primi job club rivolti a persone disoccupate, il servizio di incontro tra domanda e offerta di lavoro, i corsi di riqualificazione per cassaintegrati, servizi ai tempi sostanzialmente sconosciuti. C\u2019era chi, come Stefano Morri, iniziava a ragionare sulle potenzialit\u00e0 delle persone disabili ritenendo che si dovesse spostare l\u2019attenzione dalla considerazione dei limiti dovuti alla patologia, alla valutazione delle potenzialit\u00e0 della persona disabile, approccio assolutamente innovativo in quegli anni.<\/p>\n<p style=\"text-align: justify;\"><span>Queste attivit\u00e0 nel corso del tempo si sono strutturate in servizi che dalla ristretta esperienza delle agenzie regionali si sono progressivamente estese, con tempi e modalit\u00e0 diverse, agli enti di formazione professionale, ai neonati centri per l\u2019impiego e a iniziare dal 2000 ai cosiddetti enti accreditati.<\/span><\/p>\n<p style=\"text-align: justify;\"><span>Lombardia Lavoro e le altre agenzie regionali sono stati gli incubatori della sperimentazione di servizi finalizzati allo sviluppo dell\u2019occupabilit\u00e0 di giovani e adulti non occupati ai tempi assolutamente sconosciuti nel nostro paese. Questi servizi che si sono progressivamente imposti nell\u2019ambito delle politiche attive del lavoro.<\/span><\/p>\n<p style=\"text-align: justify;\"><span>Quindi tutto bene? Se riflettiamo su cosa succedeva trent\u2019anni fa possiamo dire che rispetto alla logica assistenziale che dominava le relazioni industriali con il ricorso ad un unico strumento, la cassa integrazione straordinaria che le aziende di grande dimensione utilizzavano senza limiti, effettivamente le cose sono migliorate.<\/span><\/p>\n<p style=\"text-align: justify;\"><span>Le politiche del lavoro si sono evolute dal momento che si \u00e8 progressivamente puntato alla presenza di servizi per supportare l\u2019inserimento delle persone al lavoro sostenendo le fasce pi\u00f9 svantaggiate e fornendo servizi per rendere pi\u00f9 efficiente il funzionamento del mercato del lavoro.<\/span><\/p>\n<p style=\"text-align: justify;\"><span>Per\u00f2 \u00e8 necessario fare mente locale sulle occasioni che non hanno avuto un\u2019adeguata attenzione. Si tratta di servizi, come l\u2019orientamento, che non sono stati sviluppati per le potenzialit\u00e0 che hanno evidenziato. Ma anche di approcci nella gestione delle attivit\u00e0: si \u00e8 sottovalutata l\u2019importanza della valutazione dell\u2019efficacia dei servizi. E si \u00e8 sottovalutato anche l\u2019importanza dell\u2019integrazione fra politiche che avrebbero potuto generare sinergie importanti. Vediamo da vicino di cosa si tratta.<\/span><\/p>\n<p style=\"text-align: justify;\"><span>Lo sviluppo di servizi orientativi finalizzati a migliorare l\u2019occupabilit\u00e0 delle persone che passano dalla disoccupazione alla ricerca di un nuovo lavoro \u00e8 stato un obiettivo poco sviluppato, come viene rilevato anche nel recente\u00a0<a href=\"http:\/\/www.workmag.it\/2018\/06\/riformare-i-centri-per-limpiego-prima-che-sia-troppo-tardi\/\"><span>Monitoraggio dei servizi per il lavoro<\/span><\/a>\u00a0effettuato dall\u2019ANPAL. Tuttora \u00e8 largamente prevalente l\u2019idea che il servizio fondamentale per i centri per l\u2019impiego sia costituito dall\u2019incontro domanda-offerta eventualmente supportato da banche dati. L\u2019assenza di una seria politica orientativa \u00e8 legata all\u2019idea che l\u2019agenzia che prende in carico la persona senza lavoro debba necessariamente risolvere il problema individuando le opportunit\u00e0 del lavoro. Come se l\u2019attivazione della persona non costituisse in molti casi una leva in grado di consentire all\u2019utente dei servizi di trovarsi autonomamente una soluzione lavorativa. Sullo sfondo riemerge la logica assistenziale che delega al centro per l\u2019impiego o ad altre agenzie la soluzione della mancanza di lavoro, con il risultato di non corresponsabilizzare l\u2019utente e riducendo il cosiddetto patto di servizio ad un atto assolutamente adempitivo.<\/span><\/p>\n<p style=\"text-align: justify;\"><span>Un\u2019altra questione che non ha riscosso adeguata attenzione \u00e8 la valutazione degli esiti dei vari servizi. In generale la pubblica amministrazione fatica a organizzare momenti di valutazione funzionale e non burocratica dell\u2019efficacia dei servizi perch\u00e9 \u00e8 complicato individuare i criteri di questa valutazione. Si assiste in questo modo alla chiusura di esperienze com\u2019\u00e8 avvenuto nel caso di Lombardia Lavoro, senza che l\u2019efficacia dei servizi erogati sia stata adeguatamente valutata. Lo stesso approccio si \u00e8 ripetuto sul cosiddetto capitolo 908 pochi anni pi\u00f9 tardi. Il tema non \u00e8 una prerogativa lombarda, ma pu\u00f2 tranquillamente estendersi all\u2019intero territorio nazionale.<\/span><\/p>\n<p style=\"text-align: justify;\"><span>Fra le opportunit\u00e0 non adeguatamente sviluppate c\u2019\u00e8 una mancata riflessione sull\u2019importanza dell\u2019integrazione tra politiche che operano in sistemi diversi.<\/span><\/p>\n<p style=\"text-align: justify;\"><span>Questa lacuna storica emerge in modo significativo negli ambiti in cui utenze molto particolari come le persone con disabilit\u00e0 e in situazione di svantaggio socio economico richiedono la gestione di servizi per l\u2019inserimento nel mercato del lavoro con modalit\u00e0 che implicano l\u2019integrazione fra operatori del lavoro e del sociale. Dispositivi come il reddito di inclusione (REI) e le ipotesi riguardante il reddito di cittadinanza implicano una collaborazione fra operatori dei centri per l\u2019impiego e dei servizi\u00a0 sociali. Questo ritardo \u00e8 anomalo dal momento che sono presenti molte esperienze legate all\u2019applicazione della norma relativa all\u2019inserimento delle persone disabili in azienda: la legge 68 del \u201899. In molti territori si stanno sperimentando ormai da tempo\u00a0<a href=\"https:\/\/slosrl.wordpress.com\/2014\/05\/11\/la-rete-comasca-per-la-gestione-dellinserimento-lavorativo-per-le-persone-disabili\/\"><span>reti di collaborazione<\/span><\/a>\u00a0tra operatori dei CpI, degli enti accreditati, dei servizi sociali e della cooperazione sociale. Emerge per\u00f2 una ripetuta difficolt\u00e0 a consolidare questi progetti sperimentali favorendone l\u2019evoluzione in servizi istituzionalizzati gestiti dalla pubblica amministrazione in collaborazione con il privato e la cooperazione sociale.<\/span><\/p>\n<p style=\"text-align: justify;\"><span>Una ulteriore riflessione legata alle difficolt\u00e0 di integrazione fra le diverse politiche riguarda il rapporto tra chi si occupa di servizi per il lavoro e chi governa i servizi per lo sviluppo economico. Logica vorrebbe che le amministrazioni che hanno una delega a favorire lo sviluppo di servizi per il lavoro dialogassero con chi opera per lo sviluppo economico dei territori. Le politiche di sviluppo tendono a premiare nicchie di mercato del lavoro che esprimono dinamicit\u00e0, sono in fase di crescita e quindi generano occupazione. A volte succede anche che le potenzialit\u00e0 di questi settori vengano limitate dalla difficolt\u00e0 a reperire figure professionali nel mercato del lavoro come segnala\u00a0<a href=\"https:\/\/www.corriere.it\/economia\/18_marzo_09\/ripresa-accelera-tringolo-crescita-emilia-lombardia-veneto-76191fa6-23de-11e8-a79f-45565073a066.shtml\"><span>De Vico<\/span><\/a>\u00a0con una certa ricorrenza dalle pagine del Corriere della Sera. Nel nostro paese non esiste alcuna tradizione di dialogo tra queste due politiche eppure sarebbe molto importante che chi finanzia lo sviluppo di imprese destinate a generare occupazione si preoccupasse di dare indicazioni a chi fornisce servizi nell\u2019ambito dell\u2019istruzione, della formazione professionale e dei servizi per il lavoro.<\/span><\/p>\n<p style=\"text-align: justify;\"><span>Come vediamo in questi trent\u2019anni si \u00e8 fatta molta strada, le politiche attive del lavoro si sono affermate cos\u00ec come i servizi per l\u2019impiego. Inoltre si sono messe a fuoco alcune lacune su cui sar\u00e0 importante nel prossimo futuro favorire nuove visioni. La nascita di servizi basati su una logica di integrazione fra operatori che appartengono a sistemi diversi \u2013 il sociale, il lavoro e lo sviluppo economico \u2013 sar\u00e0 un banco su cui valutare l\u2019efficacia dei servizi.<\/span><\/p>\n<p style=\"text-align: justify;\"><span>Inoltre sar\u00e0 necessario concepire un nuovo linguaggio per le politiche attive che consenta una comunicazione pi\u00f9 efficace con l\u2019opinione pubblica il cui coinvolgimento costituisce un passaggio evolutivo significativo per il consolidamento di una cultura orientata all\u2019utilizzo di servizi irrinunciabili in una societ\u00e0 in cui il lavoro stabile \u00e8 ormai al tramonto.<\/span><\/p>\n<p style=\"text-align: justify;\"><span>\u00a0(*) in SLOSRL, 30\/08\/2018<\/span><\/p>\n<p style=\"text-align: justify;\">\u00a0<\/p>\n","protected":false},"excerpt":{"rendered":"<p>Nel maggio del 1988 ho iniziato a collaborare con l\u2019agenzia regionale Lombardia Lavoro nata nella seconda met\u00e0 degli anni 80 come le agenzie del Friuli, Trentino, Val d\u2019Aosta e Sardegna. L\u2019attivit\u00e0 di Lombardia Lavoro \u00e8 consistita nella sperimentazione di servizi che nei decenni successivi sono diventati abituali per i centri per l\u2019impiego, i centri accreditati [&hellip;]<\/p>\n","protected":false},"author":2,"featured_media":3053,"comment_status":"open","ping_status":"open","sticky":false,"template":"","format":"standard","meta":{"footnotes":""},"categories":[9],"tags":[],"class_list":["post-3054","post","type-post","status-publish","format-standard","has-post-thumbnail","hentry","category-newsletter"],"yoast_head":"<!-- This site is optimized with the Yoast SEO plugin v27.5 - https:\/\/yoast.com\/product\/yoast-seo-wordpress\/ -->\n<title>Un bilancio di 30 anni di lavoro nei servizi per l\u2019impiego - Nuovi Lavori<\/title>\n<meta name=\"robots\" content=\"index, follow, max-snippet:-1, max-image-preview:large, max-video-preview:-1\" \/>\n<link rel=\"canonical\" href=\"https:\/\/nuovi-lavori.it\/index.php\/30-anni-di-lavoro-nei-servizi-per-l-impiego-un-bilancio\/\" \/>\n<meta property=\"og:locale\" content=\"it_IT\" \/>\n<meta property=\"og:type\" content=\"article\" \/>\n<meta property=\"og:title\" content=\"Un bilancio di 30 anni di lavoro nei servizi per l\u2019impiego - Nuovi Lavori\" \/>\n<meta property=\"og:description\" content=\"Nel maggio del 1988 ho iniziato a collaborare con l\u2019agenzia regionale Lombardia Lavoro nata nella seconda met\u00e0 degli anni 80 come le agenzie del Friuli, Trentino, Val d\u2019Aosta e Sardegna. L\u2019attivit\u00e0 di Lombardia Lavoro \u00e8 consistita nella sperimentazione di servizi che nei decenni successivi sono diventati abituali per i centri per l\u2019impiego, i centri accreditati [&hellip;]\" \/>\n<meta property=\"og:url\" content=\"https:\/\/nuovi-lavori.it\/index.php\/30-anni-di-lavoro-nei-servizi-per-l-impiego-un-bilancio\/\" \/>\n<meta property=\"og:site_name\" content=\"Nuovi Lavori\" \/>\n<meta property=\"article:published_time\" content=\"2018-10-30T10:51:49+00:00\" \/>\n<meta property=\"og:image\" content=\"https:\/\/nuovi-lavori.it\/wp-content\/uploads\/2018\/10\/images_30-ANNI-di-esperienza-nella-consulenza-del-lavoro-1.png\" \/>\n\t<meta property=\"og:image:width\" content=\"300\" \/>\n\t<meta property=\"og:image:height\" content=\"353\" \/>\n\t<meta property=\"og:image:type\" content=\"image\/png\" \/>\n<meta name=\"author\" content=\"Lia\" \/>\n<meta name=\"twitter:card\" content=\"summary_large_image\" \/>\n<meta name=\"twitter:label1\" content=\"Scritto da\" \/>\n\t<meta name=\"twitter:data1\" content=\"Lia\" \/>\n\t<meta name=\"twitter:label2\" content=\"Tempo di lettura stimato\" \/>\n\t<meta name=\"twitter:data2\" content=\"6 minuti\" \/>\n<script type=\"application\/ld+json\" class=\"yoast-schema-graph\">{\"@context\":\"https:\\\/\\\/schema.org\",\"@graph\":[{\"@type\":\"Article\",\"@id\":\"https:\\\/\\\/nuovi-lavori.it\\\/index.php\\\/30-anni-di-lavoro-nei-servizi-per-l-impiego-un-bilancio\\\/#article\",\"isPartOf\":{\"@id\":\"https:\\\/\\\/nuovi-lavori.it\\\/index.php\\\/30-anni-di-lavoro-nei-servizi-per-l-impiego-un-bilancio\\\/\"},\"author\":{\"name\":\"Lia\",\"@id\":\"https:\\\/\\\/nuovi-lavori.it\\\/#\\\/schema\\\/person\\\/381e9894ea394d41738d8d55e63fc0da\"},\"headline\":\"Un bilancio di 30 anni di lavoro nei servizi per l\u2019impiego\",\"datePublished\":\"2018-10-30T10:51:49+00:00\",\"mainEntityOfPage\":{\"@id\":\"https:\\\/\\\/nuovi-lavori.it\\\/index.php\\\/30-anni-di-lavoro-nei-servizi-per-l-impiego-un-bilancio\\\/\"},\"wordCount\":1152,\"commentCount\":0,\"publisher\":{\"@id\":\"https:\\\/\\\/nuovi-lavori.it\\\/#organization\"},\"image\":{\"@id\":\"https:\\\/\\\/nuovi-lavori.it\\\/index.php\\\/30-anni-di-lavoro-nei-servizi-per-l-impiego-un-bilancio\\\/#primaryimage\"},\"thumbnailUrl\":\"https:\\\/\\\/nuovi-lavori.it\\\/wp-content\\\/uploads\\\/2018\\\/10\\\/images_30-ANNI-di-esperienza-nella-consulenza-del-lavoro-1.png\",\"articleSection\":[\"Newsletter\"],\"inLanguage\":\"it-IT\",\"potentialAction\":[{\"@type\":\"CommentAction\",\"name\":\"Comment\",\"target\":[\"https:\\\/\\\/nuovi-lavori.it\\\/index.php\\\/30-anni-di-lavoro-nei-servizi-per-l-impiego-un-bilancio\\\/#respond\"]}]},{\"@type\":\"WebPage\",\"@id\":\"https:\\\/\\\/nuovi-lavori.it\\\/index.php\\\/30-anni-di-lavoro-nei-servizi-per-l-impiego-un-bilancio\\\/\",\"url\":\"https:\\\/\\\/nuovi-lavori.it\\\/index.php\\\/30-anni-di-lavoro-nei-servizi-per-l-impiego-un-bilancio\\\/\",\"name\":\"Un bilancio di 30 anni di lavoro nei servizi per l\u2019impiego - Nuovi Lavori\",\"isPartOf\":{\"@id\":\"https:\\\/\\\/nuovi-lavori.it\\\/#website\"},\"primaryImageOfPage\":{\"@id\":\"https:\\\/\\\/nuovi-lavori.it\\\/index.php\\\/30-anni-di-lavoro-nei-servizi-per-l-impiego-un-bilancio\\\/#primaryimage\"},\"image\":{\"@id\":\"https:\\\/\\\/nuovi-lavori.it\\\/index.php\\\/30-anni-di-lavoro-nei-servizi-per-l-impiego-un-bilancio\\\/#primaryimage\"},\"thumbnailUrl\":\"https:\\\/\\\/nuovi-lavori.it\\\/wp-content\\\/uploads\\\/2018\\\/10\\\/images_30-ANNI-di-esperienza-nella-consulenza-del-lavoro-1.png\",\"datePublished\":\"2018-10-30T10:51:49+00:00\",\"breadcrumb\":{\"@id\":\"https:\\\/\\\/nuovi-lavori.it\\\/index.php\\\/30-anni-di-lavoro-nei-servizi-per-l-impiego-un-bilancio\\\/#breadcrumb\"},\"inLanguage\":\"it-IT\",\"potentialAction\":[{\"@type\":\"ReadAction\",\"target\":[\"https:\\\/\\\/nuovi-lavori.it\\\/index.php\\\/30-anni-di-lavoro-nei-servizi-per-l-impiego-un-bilancio\\\/\"]}]},{\"@type\":\"ImageObject\",\"inLanguage\":\"it-IT\",\"@id\":\"https:\\\/\\\/nuovi-lavori.it\\\/index.php\\\/30-anni-di-lavoro-nei-servizi-per-l-impiego-un-bilancio\\\/#primaryimage\",\"url\":\"https:\\\/\\\/nuovi-lavori.it\\\/wp-content\\\/uploads\\\/2018\\\/10\\\/images_30-ANNI-di-esperienza-nella-consulenza-del-lavoro-1.png\",\"contentUrl\":\"https:\\\/\\\/nuovi-lavori.it\\\/wp-content\\\/uploads\\\/2018\\\/10\\\/images_30-ANNI-di-esperienza-nella-consulenza-del-lavoro-1.png\",\"width\":300,\"height\":353},{\"@type\":\"BreadcrumbList\",\"@id\":\"https:\\\/\\\/nuovi-lavori.it\\\/index.php\\\/30-anni-di-lavoro-nei-servizi-per-l-impiego-un-bilancio\\\/#breadcrumb\",\"itemListElement\":[{\"@type\":\"ListItem\",\"position\":1,\"name\":\"Home\",\"item\":\"https:\\\/\\\/nuovi-lavori.it\\\/\"},{\"@type\":\"ListItem\",\"position\":2,\"name\":\"Newsletter\",\"item\":\"https:\\\/\\\/nuovi-lavori.it\\\/index.php\\\/category\\\/newsletter\\\/\"},{\"@type\":\"ListItem\",\"position\":3,\"name\":\"Un bilancio di 30 anni di lavoro nei servizi per l\u2019impiego\"}]},{\"@type\":\"WebSite\",\"@id\":\"https:\\\/\\\/nuovi-lavori.it\\\/#website\",\"url\":\"https:\\\/\\\/nuovi-lavori.it\\\/\",\"name\":\"Nuovi Lavori\",\"description\":\"\",\"publisher\":{\"@id\":\"https:\\\/\\\/nuovi-lavori.it\\\/#organization\"},\"potentialAction\":[{\"@type\":\"SearchAction\",\"target\":{\"@type\":\"EntryPoint\",\"urlTemplate\":\"https:\\\/\\\/nuovi-lavori.it\\\/?s={search_term_string}\"},\"query-input\":{\"@type\":\"PropertyValueSpecification\",\"valueRequired\":true,\"valueName\":\"search_term_string\"}}],\"inLanguage\":\"it-IT\"},{\"@type\":\"Organization\",\"@id\":\"https:\\\/\\\/nuovi-lavori.it\\\/#organization\",\"name\":\"Nuovi Lavori\",\"url\":\"https:\\\/\\\/nuovi-lavori.it\\\/\",\"logo\":{\"@type\":\"ImageObject\",\"inLanguage\":\"it-IT\",\"@id\":\"https:\\\/\\\/nuovi-lavori.it\\\/#\\\/schema\\\/logo\\\/image\\\/\",\"url\":\"http:\\\/\\\/5.249.146.118\\\/wp-content\\\/uploads\\\/2013\\\/11\\\/images_logonl.jpg\",\"contentUrl\":\"http:\\\/\\\/5.249.146.118\\\/wp-content\\\/uploads\\\/2013\\\/11\\\/images_logonl.jpg\",\"width\":400,\"height\":327,\"caption\":\"Nuovi Lavori\"},\"image\":{\"@id\":\"https:\\\/\\\/nuovi-lavori.it\\\/#\\\/schema\\\/logo\\\/image\\\/\"},\"sameAs\":[\"https:\\\/\\\/www.youtube.com\\\/user\\\/newsletteranl\"]},{\"@type\":\"Person\",\"@id\":\"https:\\\/\\\/nuovi-lavori.it\\\/#\\\/schema\\\/person\\\/381e9894ea394d41738d8d55e63fc0da\",\"name\":\"Lia\",\"image\":{\"@type\":\"ImageObject\",\"inLanguage\":\"it-IT\",\"@id\":\"https:\\\/\\\/secure.gravatar.com\\\/avatar\\\/1c1ab5e88d6553d3bd7303b8f064565e43a5f4bcf8fa0acc18820db78be45882?s=96&d=mm&r=g\",\"url\":\"https:\\\/\\\/secure.gravatar.com\\\/avatar\\\/1c1ab5e88d6553d3bd7303b8f064565e43a5f4bcf8fa0acc18820db78be45882?s=96&d=mm&r=g\",\"contentUrl\":\"https:\\\/\\\/secure.gravatar.com\\\/avatar\\\/1c1ab5e88d6553d3bd7303b8f064565e43a5f4bcf8fa0acc18820db78be45882?s=96&d=mm&r=g\",\"caption\":\"Lia\"},\"url\":\"https:\\\/\\\/nuovi-lavori.it\\\/index.php\\\/author\\\/lia\\\/\"}]}<\/script>\n<!-- \/ Yoast SEO plugin. -->","yoast_head_json":{"title":"Un bilancio di 30 anni di lavoro nei servizi per l\u2019impiego - Nuovi Lavori","robots":{"index":"index","follow":"follow","max-snippet":"max-snippet:-1","max-image-preview":"max-image-preview:large","max-video-preview":"max-video-preview:-1"},"canonical":"https:\/\/nuovi-lavori.it\/index.php\/30-anni-di-lavoro-nei-servizi-per-l-impiego-un-bilancio\/","og_locale":"it_IT","og_type":"article","og_title":"Un bilancio di 30 anni di lavoro nei servizi per l\u2019impiego - Nuovi Lavori","og_description":"Nel maggio del 1988 ho iniziato a collaborare con l\u2019agenzia regionale Lombardia Lavoro nata nella seconda met\u00e0 degli anni 80 come le agenzie del Friuli, Trentino, Val d\u2019Aosta e Sardegna. L\u2019attivit\u00e0 di Lombardia Lavoro \u00e8 consistita nella sperimentazione di servizi che nei decenni successivi sono diventati abituali per i centri per l\u2019impiego, i centri accreditati [&hellip;]","og_url":"https:\/\/nuovi-lavori.it\/index.php\/30-anni-di-lavoro-nei-servizi-per-l-impiego-un-bilancio\/","og_site_name":"Nuovi Lavori","article_published_time":"2018-10-30T10:51:49+00:00","og_image":[{"width":300,"height":353,"url":"https:\/\/nuovi-lavori.it\/wp-content\/uploads\/2018\/10\/images_30-ANNI-di-esperienza-nella-consulenza-del-lavoro-1.png","type":"image\/png"}],"author":"Lia","twitter_card":"summary_large_image","twitter_misc":{"Scritto da":"Lia","Tempo di lettura stimato":"6 minuti"},"schema":{"@context":"https:\/\/schema.org","@graph":[{"@type":"Article","@id":"https:\/\/nuovi-lavori.it\/index.php\/30-anni-di-lavoro-nei-servizi-per-l-impiego-un-bilancio\/#article","isPartOf":{"@id":"https:\/\/nuovi-lavori.it\/index.php\/30-anni-di-lavoro-nei-servizi-per-l-impiego-un-bilancio\/"},"author":{"name":"Lia","@id":"https:\/\/nuovi-lavori.it\/#\/schema\/person\/381e9894ea394d41738d8d55e63fc0da"},"headline":"Un bilancio di 30 anni di lavoro nei servizi per l\u2019impiego","datePublished":"2018-10-30T10:51:49+00:00","mainEntityOfPage":{"@id":"https:\/\/nuovi-lavori.it\/index.php\/30-anni-di-lavoro-nei-servizi-per-l-impiego-un-bilancio\/"},"wordCount":1152,"commentCount":0,"publisher":{"@id":"https:\/\/nuovi-lavori.it\/#organization"},"image":{"@id":"https:\/\/nuovi-lavori.it\/index.php\/30-anni-di-lavoro-nei-servizi-per-l-impiego-un-bilancio\/#primaryimage"},"thumbnailUrl":"https:\/\/nuovi-lavori.it\/wp-content\/uploads\/2018\/10\/images_30-ANNI-di-esperienza-nella-consulenza-del-lavoro-1.png","articleSection":["Newsletter"],"inLanguage":"it-IT","potentialAction":[{"@type":"CommentAction","name":"Comment","target":["https:\/\/nuovi-lavori.it\/index.php\/30-anni-di-lavoro-nei-servizi-per-l-impiego-un-bilancio\/#respond"]}]},{"@type":"WebPage","@id":"https:\/\/nuovi-lavori.it\/index.php\/30-anni-di-lavoro-nei-servizi-per-l-impiego-un-bilancio\/","url":"https:\/\/nuovi-lavori.it\/index.php\/30-anni-di-lavoro-nei-servizi-per-l-impiego-un-bilancio\/","name":"Un bilancio di 30 anni di lavoro nei servizi per l\u2019impiego - Nuovi Lavori","isPartOf":{"@id":"https:\/\/nuovi-lavori.it\/#website"},"primaryImageOfPage":{"@id":"https:\/\/nuovi-lavori.it\/index.php\/30-anni-di-lavoro-nei-servizi-per-l-impiego-un-bilancio\/#primaryimage"},"image":{"@id":"https:\/\/nuovi-lavori.it\/index.php\/30-anni-di-lavoro-nei-servizi-per-l-impiego-un-bilancio\/#primaryimage"},"thumbnailUrl":"https:\/\/nuovi-lavori.it\/wp-content\/uploads\/2018\/10\/images_30-ANNI-di-esperienza-nella-consulenza-del-lavoro-1.png","datePublished":"2018-10-30T10:51:49+00:00","breadcrumb":{"@id":"https:\/\/nuovi-lavori.it\/index.php\/30-anni-di-lavoro-nei-servizi-per-l-impiego-un-bilancio\/#breadcrumb"},"inLanguage":"it-IT","potentialAction":[{"@type":"ReadAction","target":["https:\/\/nuovi-lavori.it\/index.php\/30-anni-di-lavoro-nei-servizi-per-l-impiego-un-bilancio\/"]}]},{"@type":"ImageObject","inLanguage":"it-IT","@id":"https:\/\/nuovi-lavori.it\/index.php\/30-anni-di-lavoro-nei-servizi-per-l-impiego-un-bilancio\/#primaryimage","url":"https:\/\/nuovi-lavori.it\/wp-content\/uploads\/2018\/10\/images_30-ANNI-di-esperienza-nella-consulenza-del-lavoro-1.png","contentUrl":"https:\/\/nuovi-lavori.it\/wp-content\/uploads\/2018\/10\/images_30-ANNI-di-esperienza-nella-consulenza-del-lavoro-1.png","width":300,"height":353},{"@type":"BreadcrumbList","@id":"https:\/\/nuovi-lavori.it\/index.php\/30-anni-di-lavoro-nei-servizi-per-l-impiego-un-bilancio\/#breadcrumb","itemListElement":[{"@type":"ListItem","position":1,"name":"Home","item":"https:\/\/nuovi-lavori.it\/"},{"@type":"ListItem","position":2,"name":"Newsletter","item":"https:\/\/nuovi-lavori.it\/index.php\/category\/newsletter\/"},{"@type":"ListItem","position":3,"name":"Un bilancio di 30 anni di lavoro nei servizi per l\u2019impiego"}]},{"@type":"WebSite","@id":"https:\/\/nuovi-lavori.it\/#website","url":"https:\/\/nuovi-lavori.it\/","name":"Nuovi Lavori","description":"","publisher":{"@id":"https:\/\/nuovi-lavori.it\/#organization"},"potentialAction":[{"@type":"SearchAction","target":{"@type":"EntryPoint","urlTemplate":"https:\/\/nuovi-lavori.it\/?s={search_term_string}"},"query-input":{"@type":"PropertyValueSpecification","valueRequired":true,"valueName":"search_term_string"}}],"inLanguage":"it-IT"},{"@type":"Organization","@id":"https:\/\/nuovi-lavori.it\/#organization","name":"Nuovi Lavori","url":"https:\/\/nuovi-lavori.it\/","logo":{"@type":"ImageObject","inLanguage":"it-IT","@id":"https:\/\/nuovi-lavori.it\/#\/schema\/logo\/image\/","url":"http:\/\/5.249.146.118\/wp-content\/uploads\/2013\/11\/images_logonl.jpg","contentUrl":"http:\/\/5.249.146.118\/wp-content\/uploads\/2013\/11\/images_logonl.jpg","width":400,"height":327,"caption":"Nuovi Lavori"},"image":{"@id":"https:\/\/nuovi-lavori.it\/#\/schema\/logo\/image\/"},"sameAs":["https:\/\/www.youtube.com\/user\/newsletteranl"]},{"@type":"Person","@id":"https:\/\/nuovi-lavori.it\/#\/schema\/person\/381e9894ea394d41738d8d55e63fc0da","name":"Lia","image":{"@type":"ImageObject","inLanguage":"it-IT","@id":"https:\/\/secure.gravatar.com\/avatar\/1c1ab5e88d6553d3bd7303b8f064565e43a5f4bcf8fa0acc18820db78be45882?s=96&d=mm&r=g","url":"https:\/\/secure.gravatar.com\/avatar\/1c1ab5e88d6553d3bd7303b8f064565e43a5f4bcf8fa0acc18820db78be45882?s=96&d=mm&r=g","contentUrl":"https:\/\/secure.gravatar.com\/avatar\/1c1ab5e88d6553d3bd7303b8f064565e43a5f4bcf8fa0acc18820db78be45882?s=96&d=mm&r=g","caption":"Lia"},"url":"https:\/\/nuovi-lavori.it\/index.php\/author\/lia\/"}]}},"_links":{"self":[{"href":"https:\/\/nuovi-lavori.it\/index.php\/wp-json\/wp\/v2\/posts\/3054","targetHints":{"allow":["GET"]}}],"collection":[{"href":"https:\/\/nuovi-lavori.it\/index.php\/wp-json\/wp\/v2\/posts"}],"about":[{"href":"https:\/\/nuovi-lavori.it\/index.php\/wp-json\/wp\/v2\/types\/post"}],"author":[{"embeddable":true,"href":"https:\/\/nuovi-lavori.it\/index.php\/wp-json\/wp\/v2\/users\/2"}],"replies":[{"embeddable":true,"href":"https:\/\/nuovi-lavori.it\/index.php\/wp-json\/wp\/v2\/comments?post=3054"}],"version-history":[{"count":0,"href":"https:\/\/nuovi-lavori.it\/index.php\/wp-json\/wp\/v2\/posts\/3054\/revisions"}],"wp:featuredmedia":[{"embeddable":true,"href":"https:\/\/nuovi-lavori.it\/index.php\/wp-json\/wp\/v2\/media\/3053"}],"wp:attachment":[{"href":"https:\/\/nuovi-lavori.it\/index.php\/wp-json\/wp\/v2\/media?parent=3054"}],"wp:term":[{"taxonomy":"category","embeddable":true,"href":"https:\/\/nuovi-lavori.it\/index.php\/wp-json\/wp\/v2\/categories?post=3054"},{"taxonomy":"post_tag","embeddable":true,"href":"https:\/\/nuovi-lavori.it\/index.php\/wp-json\/wp\/v2\/tags?post=3054"}],"curies":[{"name":"wp","href":"https:\/\/api.w.org\/{rel}","templated":true}]}}