{"id":3562,"date":"2019-11-25T18:51:15","date_gmt":"2019-11-25T17:51:15","guid":{"rendered":"http:\/\/5.249.146.118\/cambia-cresce-merita-un-nuovo-sud-in-una-nuova-europa\/"},"modified":"2019-11-25T18:51:15","modified_gmt":"2019-11-25T17:51:15","slug":"cambia-cresce-merita-un-nuovo-sud-in-una-nuova-europa","status":"publish","type":"post","link":"https:\/\/nuovi-lavori.it\/index.php\/cambia-cresce-merita-un-nuovo-sud-in-una-nuova-europa\/","title":{"rendered":"Cambia, cresce, merita. Un nuovo Sud, in una nuova Europa*"},"content":{"rendered":"<p style=\"text-align: justify;\">Perch\u00e9 oggi \u00e8 cos\u00ec urgente rivolgere l\u2019attenzione al nostro Mezzogiorno? Perch\u00e9 la questione meridionale rappresenta il campo obbligato da attraversare per pensare lo sviluppo del nostro paese.<\/p>\n<p style=\"text-align: justify;\"><span>L\u2019ultimo tentativo di chiudere il divario tra Mezzogiorno e Centro-Nord risale all\u2019intervento straordinario degli anni \u201950-70 che ebbe il merito di costruire infrastrutture fondamentali per il Sud \u2013 strade e autostrade, ferrovie, porti, reti elettriche, dighe e acquedotti, scuole, ospedali \u2013 e di accelerarne l\u2019industrializzazione. Il divario in termini di Pil pro-capite cal\u00f2 di 10 punti percentuali nell\u2019arco di venti anni e la crescita del Meridione potenzi\u00f2 il \u201cmiracolo economico\u201d italiano. Ma da allora la forbice tra Sud e Centro-Nord non si stringe pi\u00f9 e il divario \u00e8 diventato sempre pi\u00f9 inaccettabile:<\/span><\/p>\n<p style=\"text-align: justify;\"><span>il divario economico: il Pil pro-capite al 56% di quello del Centro- Nord, solo 44 persone occupate ogni 100 in et\u00e0 di lavoro contro 66 al Centro-Nord, oltre 1 milione di giovani tra i 15 e i 34 anni \u2013 un quarto di loro laureati &#8211; che sono emigrati negli ultimi quindici anni;<\/span><\/p>\n<p style=\"text-align: justify;\"><span>il divario sociale: il 34% di individui a rischio di povert\u00e0 relativa, 1 milione 200 mila giovani che non studiano e non lavorano, risultati di apprendimento scolastico dimezzati, oltre 100 mila persone che ogni anno vanno a farsi curare negli ospedali del Centro-Nord.<\/span><\/p>\n<p style=\"text-align: justify;\"><span>Lo sviluppo del Mezzogiorno \u00e8 interesse di tutta l\u2019Italia:<\/span><\/p>\n<p style=\"text-align: justify;\"><span>la riduzione dei divari economici e sociali tra i territori \u00e8 condizione necessaria del comune sviluppo economico e civile; si cresce tutti insieme, non gli uni contro gli altri.<\/span><\/p>\n<p style=\"text-align: justify;\"><span>La globalizzazione ci d\u00e0 oggi una grande occasione storica:\u00a0<\/span><\/p>\n<p style=\"text-align: justify;\"><span>il Mediterraneo ha una nuova centralit\u00e0: nel commercio internazionale, grazie allo sviluppo delle economie asiatiche e al raddoppio del Canale di Suez; nei centri della crescita, per le grandi opportunit\u00e0 in Africa nei prossimi decenni;<\/span><\/p>\n<p style=\"text-align: justify;\"><span>l\u2019Unione Europea vive nuove sfide strategiche: interazione alla pari con la Cina negli scambi e negli investimenti della Via della Seta, coinvolgendo l\u2019India e gli altri Paesi asiatici; presenza forte in Africa con grandi investimenti per lo sviluppo;<\/span><\/p>\n<p style=\"text-align: justify;\"><span>si apre un ruolo fondamentale per l\u2019Italia e per il suo Mezzogiorno: piattaforma produttiva, logistica e politica dell\u2019Europa nel Mediterraneo.<\/span><\/p>\n<p style=\"text-align: justify;\"><span>L\u2019Unit\u00e0 nazionale \u00e8 essenziale per svolgere questo ruolo:\u00a0<\/span><\/p>\n<p style=\"text-align: justify;\"><span>\u00a0s\u00ec all\u2019autonomia regionale come prevista dalla Costituzione per responsabilizzare gli amministratori verso i cittadini;<\/span><\/p>\n<p style=\"text-align: justify;\"><span>\u00a0no alla frammentazione del Paese con l\u2019appropriazione di risorse nazionali e l\u2019esercizio di poteri di veto contrapposti.<\/span><\/p>\n<p style=\"text-align: justify;\"><span>Al Sud serve una svolta di responsabilit\u00e0:\u00a0<\/span><\/p>\n<p style=\"text-align: justify;\"><span>rispetto a un passato in cui da parte di istituzioni locali e classi dirigenti \u00e8 prevalso un uso distorto e clientelare dei finanziamenti disponibili e si \u00e8 favorita un\u2019illegalit\u00e0 rassegnata.<\/span><\/p>\n<p style=\"text-align: justify;\"><span>Ma il Mezzogiorno non parte da zero, ricomincia da 3:\u00a0<\/span><\/p>\n<p style=\"text-align: justify;\"><span>dai giovani \u2013 donne e uomini &#8211; meridionali, una generazione con capacit\u00e0 e competenze che chiedono di poter essere utilizzate nella loro terra;<\/span><\/p>\n<p style=\"text-align: justify;\"><span>dal risveglio della societ\u00e0 civile, che fa comunit\u00e0, fa cultura, fa impresa con modalit\u00e0 capaci di stare sul mercato facendo dell\u2019etica una risorsa;<\/span><\/p>\n<p style=\"text-align: justify;\"><span>dalla vitalit\u00e0 del tessuto produttivo, con le tante imprese nate da imprenditori meridionali che occupano lavoratori meridionali, innovano e competono.<\/span><\/p>\n<p style=\"text-align: justify;\"><span>Un nuovo modello di sviluppo per il Sud, per l\u2019Italia e per l\u2019Europa:<\/span><\/p>\n<p style=\"text-align: justify;\"><span>una crescita sostenibile che abbia come obiettivo la qualit\u00e0 della vita della generazione presente e di quelle future;<\/span><\/p>\n<p style=\"text-align: justify;\"><span>la cura del capitale sociale per ricostruire il senso di comunit\u00e0;<\/span><\/p>\n<p style=\"text-align: justify;\"><span>l\u2019impresa, che investe risorse e mette in campo energie per produrre sviluppo;<\/span><\/p>\n<p style=\"text-align: justify;\"><span>il lavoro quale catalizzatore di identit\u00e0 della persona, di emancipazione e di riscatto.<\/span><\/p>\n<p style=\"text-align: justify;\"><span>Le cose da fare:\u00a0<\/span><\/p>\n<p style=\"text-align: justify;\"><span>Ambiente, cultura e salute al centro della crescita<\/span><\/p>\n<p style=\"text-align: justify;\"><span>www.associazionemerita\/le-cose-da-fare\/ambienteculturasalute<\/span><\/p>\n<p style=\"text-align: justify;\"><span>Infrastrutture per connettere e risanare l\u2019Italia<\/span><\/p>\n<p style=\"text-align: justify;\"><span>www.associazionemerita\/le-cose-da-fare\/le-cose-da-fare\/infrastrutture<\/span><\/p>\n<p style=\"text-align: justify;\"><span>Scuola e universit\u00e0 per investire sulle nuove generazioni<\/span><\/p>\n<p style=\"text-align: justify;\"><span>www.associazionemerita\/le-cose-da-fare\/scuola-universita<\/span><\/p>\n<p style=\"text-align: justify;\"><span>Meccanismi automatici, certi e rapidi di incentivo per le imprese<\/span><\/p>\n<p style=\"text-align: justify;\"><span>www.associazionemerita\/le-cose-da-fare\/imprese<\/span><\/p>\n<p style=\"text-align: justify;\"><span>Sostegno ai giovani che fanno impresa e tessuto sociale<\/span><\/p>\n<p style=\"text-align: justify;\"><span>www.associazionemerita\/le-cose-da-fare\/giovanisocietacivile<\/span><\/p>\n<p style=\"text-align: justify;\"><span>Servizi sociali affinch\u00e9 nessuno resti indietro<\/span><\/p>\n<p style=\"text-align: justify;\"><span>www.associazionemerita\/le-cose-da-fare\/servizisociali<\/span><\/p>\n<p style=\"text-align: justify;\"><span>La qualit\u00e0 delle istituzioni per farle:\u00a0<\/span><\/p>\n<p style=\"text-align: justify;\"><span>Stato centrale guida dello sviluppo con strutture nazionali dedicate<\/span><\/p>\n<p style=\"text-align: justify;\"><span>www.associazionemerita\/le-cose-da-fare\/statocentrale-guida<\/span><\/p>\n<p style=\"text-align: justify;\"><span>\u00a0Regioni e Comuni responsabili verso i propri cittadini<\/span><\/p>\n<p style=\"text-align: justify;\"><span>www.associazionemerita\/le-cose-da-fare\/responsabilita<\/span><\/p>\n<p style=\"text-align: justify;\"><span>Legalit\u00e0 e sicurezza al servizio della dignit\u00e0 delle persone<\/span><\/p>\n<p style=\"text-align: justify;\"><span>www.associazionemerita\/le-cose-da-fare\/legalita-sicurezza<\/span><\/p>\n<p style=\"text-align: justify;\"><span>Un nuovo impegno straordinario per il Mezzogiorno:\u00a0<\/span><\/p>\n<p style=\"text-align: justify;\"><span>120 miliardi di investimenti pubblici aggiuntivi da qui al 2030, applicando la regola del 34% di investimenti ordinari al Sud e spendendo bene e nel rispetto dei tempi i Fondi strutturali europei e il Fondo sviluppo e coesione;<\/span><\/p>\n<p style=\"text-align: justify;\"><span>100 miliardi in pi\u00f9 di investimenti privati da qui al 2030, come obiettivo della politica economica volta a riportare gli investimenti delle imprese al Sud ai livelli pre-crisi;<\/span><\/p>\n<p style=\"text-align: justify;\"><span>\u00a01 milione 350 mila nuovi posti di lavoro entro il 2030, obiettivo necessario a dimezzare la distanza occupazionale dal Centro-Nord, specie nell\u2019occupazione femminile.<\/span><\/p>\n<p style=\"text-align: justify;\"><span>Per ulteriori informazioni, visita il sito\u00a0<a href=\"https:\/\/www.apertacontrada.it\/2019\/10\/25\/il-manifesto-cambia-cresce-merita-un-nuovo-sud-in-una-nuova-europa\/www.associazionemerita.it\"><span>www.associazionemerita.it<\/span><\/a><\/span><\/p>\n<p style=\"text-align: justify;\">\u00a0<\/p>\n<p style=\"text-align: justify;\"><span>*<\/span><span>Pubblichiamo parte del Manifesto presentato dall\u2019<\/span><span>associazione \u201cMerita \u2013 Meridione Italia\u201d. Primo firmatario \u00e8 l\u2019ex ministro per la Coesione Territoriale e il Mezzogiorno Claudio De Vincenti che ha chiamato esponenti della cultura, delle istituzioni, dell\u2019imprenditoria e del tessuto associativo italiano a discutere di un nuovo impegno straordinario per il Mezzogiorno.<\/span><\/p>\n<p style=\"text-align: justify;\">\u00a0<\/p>\n","protected":false},"excerpt":{"rendered":"<p>Perch\u00e9 oggi \u00e8 cos\u00ec urgente rivolgere l\u2019attenzione al nostro Mezzogiorno? Perch\u00e9 la questione meridionale rappresenta il campo obbligato da attraversare per pensare lo sviluppo del nostro paese. L\u2019ultimo tentativo di chiudere il divario tra Mezzogiorno e Centro-Nord risale all\u2019intervento straordinario degli anni \u201950-70 che ebbe il merito di costruire infrastrutture fondamentali per il Sud \u2013 [&hellip;]<\/p>\n","protected":false},"author":2,"featured_media":3561,"comment_status":"open","ping_status":"open","sticky":false,"template":"","format":"standard","meta":{"footnotes":""},"categories":[9],"tags":[],"class_list":["post-3562","post","type-post","status-publish","format-standard","has-post-thumbnail","hentry","category-newsletter"],"yoast_head":"<!-- This site is optimized with the Yoast SEO plugin v27.5 - https:\/\/yoast.com\/product\/yoast-seo-wordpress\/ -->\n<title>Cambia, cresce, merita. Un nuovo Sud, in una nuova Europa* - Nuovi Lavori<\/title>\n<meta name=\"robots\" content=\"index, follow, max-snippet:-1, max-image-preview:large, max-video-preview:-1\" \/>\n<link rel=\"canonical\" href=\"https:\/\/nuovi-lavori.it\/index.php\/cambia-cresce-merita-un-nuovo-sud-in-una-nuova-europa\/\" \/>\n<meta property=\"og:locale\" content=\"it_IT\" \/>\n<meta property=\"og:type\" content=\"article\" \/>\n<meta property=\"og:title\" content=\"Cambia, cresce, merita. Un nuovo Sud, in una nuova Europa* - Nuovi Lavori\" \/>\n<meta property=\"og:description\" content=\"Perch\u00e9 oggi \u00e8 cos\u00ec urgente rivolgere l\u2019attenzione al nostro Mezzogiorno? Perch\u00e9 la questione meridionale rappresenta il campo obbligato da attraversare per pensare lo sviluppo del nostro paese. L\u2019ultimo tentativo di chiudere il divario tra Mezzogiorno e Centro-Nord risale all\u2019intervento straordinario degli anni \u201950-70 che ebbe il merito di costruire infrastrutture fondamentali per il Sud \u2013 [&hellip;]\" \/>\n<meta property=\"og:url\" content=\"https:\/\/nuovi-lavori.it\/index.php\/cambia-cresce-merita-un-nuovo-sud-in-una-nuova-europa\/\" \/>\n<meta property=\"og:site_name\" content=\"Nuovi Lavori\" \/>\n<meta property=\"article:published_time\" content=\"2019-11-25T17:51:15+00:00\" \/>\n<meta property=\"og:image\" content=\"https:\/\/nuovi-lavori.it\/wp-content\/uploads\/2019\/11\/images_cambia-kTZ-1280x960Produzione.jpg\" \/>\n\t<meta property=\"og:image:width\" content=\"400\" \/>\n\t<meta property=\"og:image:height\" content=\"345\" \/>\n\t<meta property=\"og:image:type\" content=\"image\/jpeg\" \/>\n<meta name=\"author\" content=\"Lia\" \/>\n<meta name=\"twitter:card\" content=\"summary_large_image\" \/>\n<meta name=\"twitter:label1\" content=\"Scritto da\" \/>\n\t<meta name=\"twitter:data1\" content=\"Lia\" \/>\n\t<meta name=\"twitter:label2\" content=\"Tempo di lettura stimato\" \/>\n\t<meta name=\"twitter:data2\" content=\"4 minuti\" \/>\n<script type=\"application\/ld+json\" class=\"yoast-schema-graph\">{\"@context\":\"https:\\\/\\\/schema.org\",\"@graph\":[{\"@type\":\"Article\",\"@id\":\"https:\\\/\\\/nuovi-lavori.it\\\/index.php\\\/cambia-cresce-merita-un-nuovo-sud-in-una-nuova-europa\\\/#article\",\"isPartOf\":{\"@id\":\"https:\\\/\\\/nuovi-lavori.it\\\/index.php\\\/cambia-cresce-merita-un-nuovo-sud-in-una-nuova-europa\\\/\"},\"author\":{\"name\":\"Lia\",\"@id\":\"https:\\\/\\\/nuovi-lavori.it\\\/#\\\/schema\\\/person\\\/381e9894ea394d41738d8d55e63fc0da\"},\"headline\":\"Cambia, cresce, merita. Un nuovo Sud, in una nuova Europa*\",\"datePublished\":\"2019-11-25T17:51:15+00:00\",\"mainEntityOfPage\":{\"@id\":\"https:\\\/\\\/nuovi-lavori.it\\\/index.php\\\/cambia-cresce-merita-un-nuovo-sud-in-una-nuova-europa\\\/\"},\"wordCount\":848,\"commentCount\":0,\"publisher\":{\"@id\":\"https:\\\/\\\/nuovi-lavori.it\\\/#organization\"},\"image\":{\"@id\":\"https:\\\/\\\/nuovi-lavori.it\\\/index.php\\\/cambia-cresce-merita-un-nuovo-sud-in-una-nuova-europa\\\/#primaryimage\"},\"thumbnailUrl\":\"https:\\\/\\\/nuovi-lavori.it\\\/wp-content\\\/uploads\\\/2019\\\/11\\\/images_cambia-kTZ-1280x960Produzione.jpg\",\"articleSection\":[\"Newsletter\"],\"inLanguage\":\"it-IT\",\"potentialAction\":[{\"@type\":\"CommentAction\",\"name\":\"Comment\",\"target\":[\"https:\\\/\\\/nuovi-lavori.it\\\/index.php\\\/cambia-cresce-merita-un-nuovo-sud-in-una-nuova-europa\\\/#respond\"]}]},{\"@type\":\"WebPage\",\"@id\":\"https:\\\/\\\/nuovi-lavori.it\\\/index.php\\\/cambia-cresce-merita-un-nuovo-sud-in-una-nuova-europa\\\/\",\"url\":\"https:\\\/\\\/nuovi-lavori.it\\\/index.php\\\/cambia-cresce-merita-un-nuovo-sud-in-una-nuova-europa\\\/\",\"name\":\"Cambia, cresce, merita. Un nuovo Sud, in una nuova Europa* - Nuovi Lavori\",\"isPartOf\":{\"@id\":\"https:\\\/\\\/nuovi-lavori.it\\\/#website\"},\"primaryImageOfPage\":{\"@id\":\"https:\\\/\\\/nuovi-lavori.it\\\/index.php\\\/cambia-cresce-merita-un-nuovo-sud-in-una-nuova-europa\\\/#primaryimage\"},\"image\":{\"@id\":\"https:\\\/\\\/nuovi-lavori.it\\\/index.php\\\/cambia-cresce-merita-un-nuovo-sud-in-una-nuova-europa\\\/#primaryimage\"},\"thumbnailUrl\":\"https:\\\/\\\/nuovi-lavori.it\\\/wp-content\\\/uploads\\\/2019\\\/11\\\/images_cambia-kTZ-1280x960Produzione.jpg\",\"datePublished\":\"2019-11-25T17:51:15+00:00\",\"breadcrumb\":{\"@id\":\"https:\\\/\\\/nuovi-lavori.it\\\/index.php\\\/cambia-cresce-merita-un-nuovo-sud-in-una-nuova-europa\\\/#breadcrumb\"},\"inLanguage\":\"it-IT\",\"potentialAction\":[{\"@type\":\"ReadAction\",\"target\":[\"https:\\\/\\\/nuovi-lavori.it\\\/index.php\\\/cambia-cresce-merita-un-nuovo-sud-in-una-nuova-europa\\\/\"]}]},{\"@type\":\"ImageObject\",\"inLanguage\":\"it-IT\",\"@id\":\"https:\\\/\\\/nuovi-lavori.it\\\/index.php\\\/cambia-cresce-merita-un-nuovo-sud-in-una-nuova-europa\\\/#primaryimage\",\"url\":\"https:\\\/\\\/nuovi-lavori.it\\\/wp-content\\\/uploads\\\/2019\\\/11\\\/images_cambia-kTZ-1280x960Produzione.jpg\",\"contentUrl\":\"https:\\\/\\\/nuovi-lavori.it\\\/wp-content\\\/uploads\\\/2019\\\/11\\\/images_cambia-kTZ-1280x960Produzione.jpg\",\"width\":400,\"height\":345},{\"@type\":\"BreadcrumbList\",\"@id\":\"https:\\\/\\\/nuovi-lavori.it\\\/index.php\\\/cambia-cresce-merita-un-nuovo-sud-in-una-nuova-europa\\\/#breadcrumb\",\"itemListElement\":[{\"@type\":\"ListItem\",\"position\":1,\"name\":\"Home\",\"item\":\"https:\\\/\\\/nuovi-lavori.it\\\/\"},{\"@type\":\"ListItem\",\"position\":2,\"name\":\"Newsletter\",\"item\":\"https:\\\/\\\/nuovi-lavori.it\\\/index.php\\\/category\\\/newsletter\\\/\"},{\"@type\":\"ListItem\",\"position\":3,\"name\":\"Cambia, cresce, merita. Un nuovo Sud, in una nuova Europa*\"}]},{\"@type\":\"WebSite\",\"@id\":\"https:\\\/\\\/nuovi-lavori.it\\\/#website\",\"url\":\"https:\\\/\\\/nuovi-lavori.it\\\/\",\"name\":\"Nuovi Lavori\",\"description\":\"\",\"publisher\":{\"@id\":\"https:\\\/\\\/nuovi-lavori.it\\\/#organization\"},\"potentialAction\":[{\"@type\":\"SearchAction\",\"target\":{\"@type\":\"EntryPoint\",\"urlTemplate\":\"https:\\\/\\\/nuovi-lavori.it\\\/?s={search_term_string}\"},\"query-input\":{\"@type\":\"PropertyValueSpecification\",\"valueRequired\":true,\"valueName\":\"search_term_string\"}}],\"inLanguage\":\"it-IT\"},{\"@type\":\"Organization\",\"@id\":\"https:\\\/\\\/nuovi-lavori.it\\\/#organization\",\"name\":\"Nuovi Lavori\",\"url\":\"https:\\\/\\\/nuovi-lavori.it\\\/\",\"logo\":{\"@type\":\"ImageObject\",\"inLanguage\":\"it-IT\",\"@id\":\"https:\\\/\\\/nuovi-lavori.it\\\/#\\\/schema\\\/logo\\\/image\\\/\",\"url\":\"http:\\\/\\\/5.249.146.118\\\/wp-content\\\/uploads\\\/2013\\\/11\\\/images_logonl.jpg\",\"contentUrl\":\"http:\\\/\\\/5.249.146.118\\\/wp-content\\\/uploads\\\/2013\\\/11\\\/images_logonl.jpg\",\"width\":400,\"height\":327,\"caption\":\"Nuovi Lavori\"},\"image\":{\"@id\":\"https:\\\/\\\/nuovi-lavori.it\\\/#\\\/schema\\\/logo\\\/image\\\/\"},\"sameAs\":[\"https:\\\/\\\/www.youtube.com\\\/user\\\/newsletteranl\"]},{\"@type\":\"Person\",\"@id\":\"https:\\\/\\\/nuovi-lavori.it\\\/#\\\/schema\\\/person\\\/381e9894ea394d41738d8d55e63fc0da\",\"name\":\"Lia\",\"image\":{\"@type\":\"ImageObject\",\"inLanguage\":\"it-IT\",\"@id\":\"https:\\\/\\\/secure.gravatar.com\\\/avatar\\\/1c1ab5e88d6553d3bd7303b8f064565e43a5f4bcf8fa0acc18820db78be45882?s=96&d=mm&r=g\",\"url\":\"https:\\\/\\\/secure.gravatar.com\\\/avatar\\\/1c1ab5e88d6553d3bd7303b8f064565e43a5f4bcf8fa0acc18820db78be45882?s=96&d=mm&r=g\",\"contentUrl\":\"https:\\\/\\\/secure.gravatar.com\\\/avatar\\\/1c1ab5e88d6553d3bd7303b8f064565e43a5f4bcf8fa0acc18820db78be45882?s=96&d=mm&r=g\",\"caption\":\"Lia\"},\"url\":\"https:\\\/\\\/nuovi-lavori.it\\\/index.php\\\/author\\\/lia\\\/\"}]}<\/script>\n<!-- \/ Yoast SEO plugin. -->","yoast_head_json":{"title":"Cambia, cresce, merita. Un nuovo Sud, in una nuova Europa* - Nuovi Lavori","robots":{"index":"index","follow":"follow","max-snippet":"max-snippet:-1","max-image-preview":"max-image-preview:large","max-video-preview":"max-video-preview:-1"},"canonical":"https:\/\/nuovi-lavori.it\/index.php\/cambia-cresce-merita-un-nuovo-sud-in-una-nuova-europa\/","og_locale":"it_IT","og_type":"article","og_title":"Cambia, cresce, merita. Un nuovo Sud, in una nuova Europa* - Nuovi Lavori","og_description":"Perch\u00e9 oggi \u00e8 cos\u00ec urgente rivolgere l\u2019attenzione al nostro Mezzogiorno? Perch\u00e9 la questione meridionale rappresenta il campo obbligato da attraversare per pensare lo sviluppo del nostro paese. L\u2019ultimo tentativo di chiudere il divario tra Mezzogiorno e Centro-Nord risale all\u2019intervento straordinario degli anni \u201950-70 che ebbe il merito di costruire infrastrutture fondamentali per il Sud \u2013 [&hellip;]","og_url":"https:\/\/nuovi-lavori.it\/index.php\/cambia-cresce-merita-un-nuovo-sud-in-una-nuova-europa\/","og_site_name":"Nuovi Lavori","article_published_time":"2019-11-25T17:51:15+00:00","og_image":[{"width":400,"height":345,"url":"https:\/\/nuovi-lavori.it\/wp-content\/uploads\/2019\/11\/images_cambia-kTZ-1280x960Produzione.jpg","type":"image\/jpeg"}],"author":"Lia","twitter_card":"summary_large_image","twitter_misc":{"Scritto da":"Lia","Tempo di lettura stimato":"4 minuti"},"schema":{"@context":"https:\/\/schema.org","@graph":[{"@type":"Article","@id":"https:\/\/nuovi-lavori.it\/index.php\/cambia-cresce-merita-un-nuovo-sud-in-una-nuova-europa\/#article","isPartOf":{"@id":"https:\/\/nuovi-lavori.it\/index.php\/cambia-cresce-merita-un-nuovo-sud-in-una-nuova-europa\/"},"author":{"name":"Lia","@id":"https:\/\/nuovi-lavori.it\/#\/schema\/person\/381e9894ea394d41738d8d55e63fc0da"},"headline":"Cambia, cresce, merita. Un nuovo Sud, in una nuova Europa*","datePublished":"2019-11-25T17:51:15+00:00","mainEntityOfPage":{"@id":"https:\/\/nuovi-lavori.it\/index.php\/cambia-cresce-merita-un-nuovo-sud-in-una-nuova-europa\/"},"wordCount":848,"commentCount":0,"publisher":{"@id":"https:\/\/nuovi-lavori.it\/#organization"},"image":{"@id":"https:\/\/nuovi-lavori.it\/index.php\/cambia-cresce-merita-un-nuovo-sud-in-una-nuova-europa\/#primaryimage"},"thumbnailUrl":"https:\/\/nuovi-lavori.it\/wp-content\/uploads\/2019\/11\/images_cambia-kTZ-1280x960Produzione.jpg","articleSection":["Newsletter"],"inLanguage":"it-IT","potentialAction":[{"@type":"CommentAction","name":"Comment","target":["https:\/\/nuovi-lavori.it\/index.php\/cambia-cresce-merita-un-nuovo-sud-in-una-nuova-europa\/#respond"]}]},{"@type":"WebPage","@id":"https:\/\/nuovi-lavori.it\/index.php\/cambia-cresce-merita-un-nuovo-sud-in-una-nuova-europa\/","url":"https:\/\/nuovi-lavori.it\/index.php\/cambia-cresce-merita-un-nuovo-sud-in-una-nuova-europa\/","name":"Cambia, cresce, merita. Un nuovo Sud, in una nuova Europa* - Nuovi Lavori","isPartOf":{"@id":"https:\/\/nuovi-lavori.it\/#website"},"primaryImageOfPage":{"@id":"https:\/\/nuovi-lavori.it\/index.php\/cambia-cresce-merita-un-nuovo-sud-in-una-nuova-europa\/#primaryimage"},"image":{"@id":"https:\/\/nuovi-lavori.it\/index.php\/cambia-cresce-merita-un-nuovo-sud-in-una-nuova-europa\/#primaryimage"},"thumbnailUrl":"https:\/\/nuovi-lavori.it\/wp-content\/uploads\/2019\/11\/images_cambia-kTZ-1280x960Produzione.jpg","datePublished":"2019-11-25T17:51:15+00:00","breadcrumb":{"@id":"https:\/\/nuovi-lavori.it\/index.php\/cambia-cresce-merita-un-nuovo-sud-in-una-nuova-europa\/#breadcrumb"},"inLanguage":"it-IT","potentialAction":[{"@type":"ReadAction","target":["https:\/\/nuovi-lavori.it\/index.php\/cambia-cresce-merita-un-nuovo-sud-in-una-nuova-europa\/"]}]},{"@type":"ImageObject","inLanguage":"it-IT","@id":"https:\/\/nuovi-lavori.it\/index.php\/cambia-cresce-merita-un-nuovo-sud-in-una-nuova-europa\/#primaryimage","url":"https:\/\/nuovi-lavori.it\/wp-content\/uploads\/2019\/11\/images_cambia-kTZ-1280x960Produzione.jpg","contentUrl":"https:\/\/nuovi-lavori.it\/wp-content\/uploads\/2019\/11\/images_cambia-kTZ-1280x960Produzione.jpg","width":400,"height":345},{"@type":"BreadcrumbList","@id":"https:\/\/nuovi-lavori.it\/index.php\/cambia-cresce-merita-un-nuovo-sud-in-una-nuova-europa\/#breadcrumb","itemListElement":[{"@type":"ListItem","position":1,"name":"Home","item":"https:\/\/nuovi-lavori.it\/"},{"@type":"ListItem","position":2,"name":"Newsletter","item":"https:\/\/nuovi-lavori.it\/index.php\/category\/newsletter\/"},{"@type":"ListItem","position":3,"name":"Cambia, cresce, merita. Un nuovo Sud, in una nuova Europa*"}]},{"@type":"WebSite","@id":"https:\/\/nuovi-lavori.it\/#website","url":"https:\/\/nuovi-lavori.it\/","name":"Nuovi Lavori","description":"","publisher":{"@id":"https:\/\/nuovi-lavori.it\/#organization"},"potentialAction":[{"@type":"SearchAction","target":{"@type":"EntryPoint","urlTemplate":"https:\/\/nuovi-lavori.it\/?s={search_term_string}"},"query-input":{"@type":"PropertyValueSpecification","valueRequired":true,"valueName":"search_term_string"}}],"inLanguage":"it-IT"},{"@type":"Organization","@id":"https:\/\/nuovi-lavori.it\/#organization","name":"Nuovi Lavori","url":"https:\/\/nuovi-lavori.it\/","logo":{"@type":"ImageObject","inLanguage":"it-IT","@id":"https:\/\/nuovi-lavori.it\/#\/schema\/logo\/image\/","url":"http:\/\/5.249.146.118\/wp-content\/uploads\/2013\/11\/images_logonl.jpg","contentUrl":"http:\/\/5.249.146.118\/wp-content\/uploads\/2013\/11\/images_logonl.jpg","width":400,"height":327,"caption":"Nuovi Lavori"},"image":{"@id":"https:\/\/nuovi-lavori.it\/#\/schema\/logo\/image\/"},"sameAs":["https:\/\/www.youtube.com\/user\/newsletteranl"]},{"@type":"Person","@id":"https:\/\/nuovi-lavori.it\/#\/schema\/person\/381e9894ea394d41738d8d55e63fc0da","name":"Lia","image":{"@type":"ImageObject","inLanguage":"it-IT","@id":"https:\/\/secure.gravatar.com\/avatar\/1c1ab5e88d6553d3bd7303b8f064565e43a5f4bcf8fa0acc18820db78be45882?s=96&d=mm&r=g","url":"https:\/\/secure.gravatar.com\/avatar\/1c1ab5e88d6553d3bd7303b8f064565e43a5f4bcf8fa0acc18820db78be45882?s=96&d=mm&r=g","contentUrl":"https:\/\/secure.gravatar.com\/avatar\/1c1ab5e88d6553d3bd7303b8f064565e43a5f4bcf8fa0acc18820db78be45882?s=96&d=mm&r=g","caption":"Lia"},"url":"https:\/\/nuovi-lavori.it\/index.php\/author\/lia\/"}]}},"_links":{"self":[{"href":"https:\/\/nuovi-lavori.it\/index.php\/wp-json\/wp\/v2\/posts\/3562","targetHints":{"allow":["GET"]}}],"collection":[{"href":"https:\/\/nuovi-lavori.it\/index.php\/wp-json\/wp\/v2\/posts"}],"about":[{"href":"https:\/\/nuovi-lavori.it\/index.php\/wp-json\/wp\/v2\/types\/post"}],"author":[{"embeddable":true,"href":"https:\/\/nuovi-lavori.it\/index.php\/wp-json\/wp\/v2\/users\/2"}],"replies":[{"embeddable":true,"href":"https:\/\/nuovi-lavori.it\/index.php\/wp-json\/wp\/v2\/comments?post=3562"}],"version-history":[{"count":0,"href":"https:\/\/nuovi-lavori.it\/index.php\/wp-json\/wp\/v2\/posts\/3562\/revisions"}],"wp:featuredmedia":[{"embeddable":true,"href":"https:\/\/nuovi-lavori.it\/index.php\/wp-json\/wp\/v2\/media\/3561"}],"wp:attachment":[{"href":"https:\/\/nuovi-lavori.it\/index.php\/wp-json\/wp\/v2\/media?parent=3562"}],"wp:term":[{"taxonomy":"category","embeddable":true,"href":"https:\/\/nuovi-lavori.it\/index.php\/wp-json\/wp\/v2\/categories?post=3562"},{"taxonomy":"post_tag","embeddable":true,"href":"https:\/\/nuovi-lavori.it\/index.php\/wp-json\/wp\/v2\/tags?post=3562"}],"curies":[{"name":"wp","href":"https:\/\/api.w.org\/{rel}","templated":true}]}}