{"id":3576,"date":"2019-11-26T14:20:12","date_gmt":"2019-11-26T13:20:12","guid":{"rendered":"http:\/\/5.249.146.118\/il-valore-del-lavoro-per-un-nuovo-equilibrio-socio-economico\/"},"modified":"2019-11-26T14:20:12","modified_gmt":"2019-11-26T13:20:12","slug":"il-valore-del-lavoro-per-un-nuovo-equilibrio-socio-economico","status":"publish","type":"post","link":"https:\/\/nuovi-lavori.it\/index.php\/il-valore-del-lavoro-per-un-nuovo-equilibrio-socio-economico\/","title":{"rendered":"Il valore del lavoro, per un nuovo equilibrio socio-economico"},"content":{"rendered":"<p style=\"text-align: justify;\">Senza accorgercene, passo dopo passo, si \u00e8 affermata in Italia una verit\u00e0 tanto banale quanto pesante: sulle spalle di una minoranza che lavora (il 45% dice Luca Ricolfi nel suo utilissimo e chiarissimo \u201cLa societ\u00e0 signorile di massa\u201d, Ed. la nave di teseo) campa l\u2019intera popolazione italiana. Anzi pi\u00f9 precisamente: su quella minoranza e sul debito pubblico si regge l\u2019equilibrio socio-economico del nostro Paese. Detto in altre parole, se non c\u2019\u00e8 lavoro legale e dignitoso, c\u2019\u00e8 assistenza. Tertium non datur.\u00a0<\/p>\n<p style=\"text-align: justify;\"><span>Infatti, in queste ore \u00e8 in crescita la voce contraria all\u2019accordo MES (Meccanismo Europeo di Stabilita\u2019). Il motivo \u00e8 semplice: i \u201ccampioni\u201d dell\u2019assistenzialismo (guidati dall\u2019asse Di Maio-Salvini) vedono stringente la messa in discussione della continuit\u00e0 di quell\u2019equilibrio. Scrive Fubini \u201cIn Italia, la classe politica si dilania sulle clausole del MES, invece che sul da farsi perch\u00e9 il Paese non debba mai trovarsi costretto a chiedere aiuto ad altri. Cos\u00ec, il divorzio nelle percezioni della realt\u00e0 fra Italia e Germania diventa totale. Oggi, \u00e8 la grande minaccia che aleggia sull\u2019euro\u201d (Se la classe politica italiana non capisce pi\u00f9 l\u2019Europa, CdS,25\/11\/2019).\u00a0<\/span><\/p>\n<p style=\"text-align: justify;\"><span>Darsi da fare, vuol dire far diventare maggioranza la popolazione che lavora e far scendere il debito pubblico. Vuol dire allargare la torta da distribuire e aver meno bisogno, per far quadrare i conti dello Stato, di chiedere prestiti agli altri. Vuol dire non attardarsi nella discussione se \u00e8 la redistribuzione delle risorse che favorisce la crescita o viceversa. L\u2019una senza l\u2019altra non sortirebbe alcuna prospettiva virtuosa.<\/span><\/p>\n<p style=\"text-align: justify;\"><span>Non \u00e8 un problema di ingegneria economica e sociale. E\u2019 un problema di cultura del lavoro da riaffermare prima ancora di individuare le vie per ridefinire un nuovo equilibrio socio-economico. Per troppi anni c\u2019\u00e8 stata una svalutazione del significato stesso del lavoro. Si \u00e8 alimentata una sottovalutazione del rapporto scuola- lavoro, tra sapere e saper fare (la marcia indietro dell\u2019alternanza scuola lavoro ne \u00e8 ancora plastica testimonianza). Si \u00e8 tollerata una innovazione tecnologica a macchia di leopardo nel sistema produttivo italiano che ha nuociuto alla produttivit\u00e0, alla crescita dei salari e alla riconversione delle professionalit\u00e0 povere (diffuse) in professionalit\u00e0 elevate (scarse). Inoltre, la narrazione che la societ\u00e0 post industriale sarebbe stata un tremendo killer della componente lavoro nella composizione dei prodotti e dei servizi non solo ha frenato gli investimenti, ma ha anche spinto verso forme spurie di lavoro. I poor workers sono in costante aumento, non a caso. I vuoti di alte professionalit\u00e0 manuali e non, che regolarmente vengono denunciati, sono una contraddizione mai sanata.<\/span><\/p>\n<p style=\"text-align: justify;\"><span>Specie quelli che considerano gli anni dell\u2019austerit\u00e0 come irripetibili, dovrebbero essere rigorosi nel pretendere che sia il lavoro il fattore che va incrementato. Se lo dimenticano \u2013 come purtroppo ancora accade &#8211; vuol dire che le invettive sono pura rabbia e che la prassi deve continuare come al solito: meno lavoro e pi\u00f9 assistenza. Eppure \u00e8 semplice: \u00e8 il lavoro, anche quello pi\u00f9 legato all\u2019automazione, che crea ricchezza da redistribuire con equit\u00e0. Una redistribuzione pi\u00f9 equa (si chiami flat tax o riduzione del cuneo fiscale) senza una crescita del lavoro \u00e8 possibile, ma siamo sempre nello schema equilibrista del professore Ricolfi.<\/span><\/p>\n<p style=\"text-align: justify;\"><span>Ammetto che \u00e8 pi\u00f9 facile avere consenso redistribuendo a debito che creando lavoro a debito. Ma \u00e8 mestiere da dilettanti della politica, per di pi\u00f9 di corto respiro. Non a caso, le leadership tramontano con rapidit\u00e0 impressionante anche se si appellano al carisma individuale, che a sua volta si modella sempre pi\u00f9 sulla democrazia illiberale. E\u2019 pi\u00f9 difficile giocare la carta dell\u2019estensione delle opportunit\u00e0 di lavoro. Ma solo apparentemente. La gente, se chiamata a pronunciarsi, non girerebbe le spalle. Lo dice la realt\u00e0. Chi emigra cerca lavoro, chi si adatta a guadagnare poco e male lo fa in nome della dignit\u00e0 personale prima che per fame (a questo basterebbe il reddito di cittadinanza).<\/span><\/p>\n<p style=\"text-align: justify;\"><span>Il dossier che abbiamo raccolto, \u00e8 una piccola miscellanea di pensieri positivi sul lavoro, prima ancora che di soluzioni concrete a cui legare il successo. Abbiamo cercato di distinguere tra radicalit\u00e0 e demagogia, favorendo la prima accanto a valutazioni pi\u00f9 riformistiche. C\u2019\u00e8 ormai molta letteratura a favore di un nuovo equilibrio socio-economico. E\u2019 la palese dimostrazione che \u00e8 possibile rimontare la deriva nichilista che folleggia nella societ\u00e0 italiana. Si tratta di darle spazio e ascolto, di favorire discussioni vere e non di facciata su di esse. Significa preferire il consenso ragionato a quello populista (ius soli non \u00e8 priorit\u00e0 e quota 100 s\u00ec?) per ricostruire la fiducia nella politica. Vuol dire dare un volto nuovo alla societ\u00e0 italiana, che merita molto pi\u00f9 di quanto sta ricevendo da chi dovrebbe sentirsi e farsi sentire classe dirigente.\u00a0<\/span><\/p>\n","protected":false},"excerpt":{"rendered":"<p>Senza accorgercene, passo dopo passo, si \u00e8 affermata in Italia una verit\u00e0 tanto banale quanto pesante: sulle spalle di una minoranza che lavora (il 45% dice Luca Ricolfi nel suo utilissimo e chiarissimo \u201cLa societ\u00e0 signorile di massa\u201d, Ed. la nave di teseo) campa l\u2019intera popolazione italiana. Anzi pi\u00f9 precisamente: su quella minoranza e sul [&hellip;]<\/p>\n","protected":false},"author":2,"featured_media":3575,"comment_status":"open","ping_status":"open","sticky":false,"template":"","format":"standard","meta":{"footnotes":""},"categories":[9],"tags":[],"class_list":["post-3576","post","type-post","status-publish","format-standard","has-post-thumbnail","hentry","category-newsletter"],"yoast_head":"<!-- This site is optimized with the Yoast SEO plugin v27.5 - https:\/\/yoast.com\/product\/yoast-seo-wordpress\/ -->\n<title>Il valore del lavoro, per un nuovo equilibrio socio-economico - Nuovi Lavori<\/title>\n<meta name=\"robots\" content=\"index, follow, max-snippet:-1, max-image-preview:large, max-video-preview:-1\" \/>\n<link rel=\"canonical\" href=\"https:\/\/nuovi-lavori.it\/index.php\/il-valore-del-lavoro-per-un-nuovo-equilibrio-socio-economico\/\" \/>\n<meta property=\"og:locale\" content=\"it_IT\" \/>\n<meta property=\"og:type\" content=\"article\" \/>\n<meta property=\"og:title\" content=\"Il valore del lavoro, per un nuovo equilibrio socio-economico - Nuovi Lavori\" \/>\n<meta property=\"og:description\" content=\"Senza accorgercene, passo dopo passo, si \u00e8 affermata in Italia una verit\u00e0 tanto banale quanto pesante: sulle spalle di una minoranza che lavora (il 45% dice Luca Ricolfi nel suo utilissimo e chiarissimo \u201cLa societ\u00e0 signorile di massa\u201d, Ed. la nave di teseo) campa l\u2019intera popolazione italiana. Anzi pi\u00f9 precisamente: su quella minoranza e sul [&hellip;]\" \/>\n<meta property=\"og:url\" content=\"https:\/\/nuovi-lavori.it\/index.php\/il-valore-del-lavoro-per-un-nuovo-equilibrio-socio-economico\/\" \/>\n<meta property=\"og:site_name\" content=\"Nuovi Lavori\" \/>\n<meta property=\"article:published_time\" content=\"2019-11-26T13:20:12+00:00\" \/>\n<meta property=\"og:image\" content=\"https:\/\/nuovi-lavori.it\/wp-content\/uploads\/2019\/11\/images_ngo-equilibre.jpg\" \/>\n\t<meta property=\"og:image:width\" content=\"1200\" \/>\n\t<meta property=\"og:image:height\" content=\"571\" \/>\n\t<meta property=\"og:image:type\" content=\"image\/jpeg\" \/>\n<meta name=\"author\" content=\"Lia\" \/>\n<meta name=\"twitter:card\" content=\"summary_large_image\" \/>\n<meta name=\"twitter:label1\" content=\"Scritto da\" \/>\n\t<meta name=\"twitter:data1\" content=\"Lia\" \/>\n\t<meta name=\"twitter:label2\" content=\"Tempo di lettura stimato\" \/>\n\t<meta name=\"twitter:data2\" content=\"4 minuti\" \/>\n<script type=\"application\/ld+json\" class=\"yoast-schema-graph\">{\"@context\":\"https:\\\/\\\/schema.org\",\"@graph\":[{\"@type\":\"Article\",\"@id\":\"https:\\\/\\\/nuovi-lavori.it\\\/index.php\\\/il-valore-del-lavoro-per-un-nuovo-equilibrio-socio-economico\\\/#article\",\"isPartOf\":{\"@id\":\"https:\\\/\\\/nuovi-lavori.it\\\/index.php\\\/il-valore-del-lavoro-per-un-nuovo-equilibrio-socio-economico\\\/\"},\"author\":{\"name\":\"Lia\",\"@id\":\"https:\\\/\\\/nuovi-lavori.it\\\/#\\\/schema\\\/person\\\/381e9894ea394d41738d8d55e63fc0da\"},\"headline\":\"Il valore del lavoro, per un nuovo equilibrio socio-economico\",\"datePublished\":\"2019-11-26T13:20:12+00:00\",\"mainEntityOfPage\":{\"@id\":\"https:\\\/\\\/nuovi-lavori.it\\\/index.php\\\/il-valore-del-lavoro-per-un-nuovo-equilibrio-socio-economico\\\/\"},\"wordCount\":764,\"commentCount\":0,\"publisher\":{\"@id\":\"https:\\\/\\\/nuovi-lavori.it\\\/#organization\"},\"image\":{\"@id\":\"https:\\\/\\\/nuovi-lavori.it\\\/index.php\\\/il-valore-del-lavoro-per-un-nuovo-equilibrio-socio-economico\\\/#primaryimage\"},\"thumbnailUrl\":\"https:\\\/\\\/nuovi-lavori.it\\\/wp-content\\\/uploads\\\/2019\\\/11\\\/images_ngo-equilibre.jpg\",\"articleSection\":[\"Newsletter\"],\"inLanguage\":\"it-IT\",\"potentialAction\":[{\"@type\":\"CommentAction\",\"name\":\"Comment\",\"target\":[\"https:\\\/\\\/nuovi-lavori.it\\\/index.php\\\/il-valore-del-lavoro-per-un-nuovo-equilibrio-socio-economico\\\/#respond\"]}]},{\"@type\":\"WebPage\",\"@id\":\"https:\\\/\\\/nuovi-lavori.it\\\/index.php\\\/il-valore-del-lavoro-per-un-nuovo-equilibrio-socio-economico\\\/\",\"url\":\"https:\\\/\\\/nuovi-lavori.it\\\/index.php\\\/il-valore-del-lavoro-per-un-nuovo-equilibrio-socio-economico\\\/\",\"name\":\"Il valore del lavoro, per un nuovo equilibrio socio-economico - Nuovi Lavori\",\"isPartOf\":{\"@id\":\"https:\\\/\\\/nuovi-lavori.it\\\/#website\"},\"primaryImageOfPage\":{\"@id\":\"https:\\\/\\\/nuovi-lavori.it\\\/index.php\\\/il-valore-del-lavoro-per-un-nuovo-equilibrio-socio-economico\\\/#primaryimage\"},\"image\":{\"@id\":\"https:\\\/\\\/nuovi-lavori.it\\\/index.php\\\/il-valore-del-lavoro-per-un-nuovo-equilibrio-socio-economico\\\/#primaryimage\"},\"thumbnailUrl\":\"https:\\\/\\\/nuovi-lavori.it\\\/wp-content\\\/uploads\\\/2019\\\/11\\\/images_ngo-equilibre.jpg\",\"datePublished\":\"2019-11-26T13:20:12+00:00\",\"breadcrumb\":{\"@id\":\"https:\\\/\\\/nuovi-lavori.it\\\/index.php\\\/il-valore-del-lavoro-per-un-nuovo-equilibrio-socio-economico\\\/#breadcrumb\"},\"inLanguage\":\"it-IT\",\"potentialAction\":[{\"@type\":\"ReadAction\",\"target\":[\"https:\\\/\\\/nuovi-lavori.it\\\/index.php\\\/il-valore-del-lavoro-per-un-nuovo-equilibrio-socio-economico\\\/\"]}]},{\"@type\":\"ImageObject\",\"inLanguage\":\"it-IT\",\"@id\":\"https:\\\/\\\/nuovi-lavori.it\\\/index.php\\\/il-valore-del-lavoro-per-un-nuovo-equilibrio-socio-economico\\\/#primaryimage\",\"url\":\"https:\\\/\\\/nuovi-lavori.it\\\/wp-content\\\/uploads\\\/2019\\\/11\\\/images_ngo-equilibre.jpg\",\"contentUrl\":\"https:\\\/\\\/nuovi-lavori.it\\\/wp-content\\\/uploads\\\/2019\\\/11\\\/images_ngo-equilibre.jpg\",\"width\":1200,\"height\":571},{\"@type\":\"BreadcrumbList\",\"@id\":\"https:\\\/\\\/nuovi-lavori.it\\\/index.php\\\/il-valore-del-lavoro-per-un-nuovo-equilibrio-socio-economico\\\/#breadcrumb\",\"itemListElement\":[{\"@type\":\"ListItem\",\"position\":1,\"name\":\"Home\",\"item\":\"https:\\\/\\\/nuovi-lavori.it\\\/\"},{\"@type\":\"ListItem\",\"position\":2,\"name\":\"Newsletter\",\"item\":\"https:\\\/\\\/nuovi-lavori.it\\\/index.php\\\/category\\\/newsletter\\\/\"},{\"@type\":\"ListItem\",\"position\":3,\"name\":\"Il valore del lavoro, per un nuovo equilibrio socio-economico\"}]},{\"@type\":\"WebSite\",\"@id\":\"https:\\\/\\\/nuovi-lavori.it\\\/#website\",\"url\":\"https:\\\/\\\/nuovi-lavori.it\\\/\",\"name\":\"Nuovi Lavori\",\"description\":\"\",\"publisher\":{\"@id\":\"https:\\\/\\\/nuovi-lavori.it\\\/#organization\"},\"potentialAction\":[{\"@type\":\"SearchAction\",\"target\":{\"@type\":\"EntryPoint\",\"urlTemplate\":\"https:\\\/\\\/nuovi-lavori.it\\\/?s={search_term_string}\"},\"query-input\":{\"@type\":\"PropertyValueSpecification\",\"valueRequired\":true,\"valueName\":\"search_term_string\"}}],\"inLanguage\":\"it-IT\"},{\"@type\":\"Organization\",\"@id\":\"https:\\\/\\\/nuovi-lavori.it\\\/#organization\",\"name\":\"Nuovi Lavori\",\"url\":\"https:\\\/\\\/nuovi-lavori.it\\\/\",\"logo\":{\"@type\":\"ImageObject\",\"inLanguage\":\"it-IT\",\"@id\":\"https:\\\/\\\/nuovi-lavori.it\\\/#\\\/schema\\\/logo\\\/image\\\/\",\"url\":\"http:\\\/\\\/5.249.146.118\\\/wp-content\\\/uploads\\\/2013\\\/11\\\/images_logonl.jpg\",\"contentUrl\":\"http:\\\/\\\/5.249.146.118\\\/wp-content\\\/uploads\\\/2013\\\/11\\\/images_logonl.jpg\",\"width\":400,\"height\":327,\"caption\":\"Nuovi Lavori\"},\"image\":{\"@id\":\"https:\\\/\\\/nuovi-lavori.it\\\/#\\\/schema\\\/logo\\\/image\\\/\"},\"sameAs\":[\"https:\\\/\\\/www.youtube.com\\\/user\\\/newsletteranl\"]},{\"@type\":\"Person\",\"@id\":\"https:\\\/\\\/nuovi-lavori.it\\\/#\\\/schema\\\/person\\\/381e9894ea394d41738d8d55e63fc0da\",\"name\":\"Lia\",\"image\":{\"@type\":\"ImageObject\",\"inLanguage\":\"it-IT\",\"@id\":\"https:\\\/\\\/secure.gravatar.com\\\/avatar\\\/1c1ab5e88d6553d3bd7303b8f064565e43a5f4bcf8fa0acc18820db78be45882?s=96&d=mm&r=g\",\"url\":\"https:\\\/\\\/secure.gravatar.com\\\/avatar\\\/1c1ab5e88d6553d3bd7303b8f064565e43a5f4bcf8fa0acc18820db78be45882?s=96&d=mm&r=g\",\"contentUrl\":\"https:\\\/\\\/secure.gravatar.com\\\/avatar\\\/1c1ab5e88d6553d3bd7303b8f064565e43a5f4bcf8fa0acc18820db78be45882?s=96&d=mm&r=g\",\"caption\":\"Lia\"},\"url\":\"https:\\\/\\\/nuovi-lavori.it\\\/index.php\\\/author\\\/lia\\\/\"}]}<\/script>\n<!-- \/ Yoast SEO plugin. -->","yoast_head_json":{"title":"Il valore del lavoro, per un nuovo equilibrio socio-economico - Nuovi Lavori","robots":{"index":"index","follow":"follow","max-snippet":"max-snippet:-1","max-image-preview":"max-image-preview:large","max-video-preview":"max-video-preview:-1"},"canonical":"https:\/\/nuovi-lavori.it\/index.php\/il-valore-del-lavoro-per-un-nuovo-equilibrio-socio-economico\/","og_locale":"it_IT","og_type":"article","og_title":"Il valore del lavoro, per un nuovo equilibrio socio-economico - Nuovi Lavori","og_description":"Senza accorgercene, passo dopo passo, si \u00e8 affermata in Italia una verit\u00e0 tanto banale quanto pesante: sulle spalle di una minoranza che lavora (il 45% dice Luca Ricolfi nel suo utilissimo e chiarissimo \u201cLa societ\u00e0 signorile di massa\u201d, Ed. la nave di teseo) campa l\u2019intera popolazione italiana. Anzi pi\u00f9 precisamente: su quella minoranza e sul [&hellip;]","og_url":"https:\/\/nuovi-lavori.it\/index.php\/il-valore-del-lavoro-per-un-nuovo-equilibrio-socio-economico\/","og_site_name":"Nuovi Lavori","article_published_time":"2019-11-26T13:20:12+00:00","og_image":[{"width":1200,"height":571,"url":"https:\/\/nuovi-lavori.it\/wp-content\/uploads\/2019\/11\/images_ngo-equilibre.jpg","type":"image\/jpeg"}],"author":"Lia","twitter_card":"summary_large_image","twitter_misc":{"Scritto da":"Lia","Tempo di lettura stimato":"4 minuti"},"schema":{"@context":"https:\/\/schema.org","@graph":[{"@type":"Article","@id":"https:\/\/nuovi-lavori.it\/index.php\/il-valore-del-lavoro-per-un-nuovo-equilibrio-socio-economico\/#article","isPartOf":{"@id":"https:\/\/nuovi-lavori.it\/index.php\/il-valore-del-lavoro-per-un-nuovo-equilibrio-socio-economico\/"},"author":{"name":"Lia","@id":"https:\/\/nuovi-lavori.it\/#\/schema\/person\/381e9894ea394d41738d8d55e63fc0da"},"headline":"Il valore del lavoro, per un nuovo equilibrio socio-economico","datePublished":"2019-11-26T13:20:12+00:00","mainEntityOfPage":{"@id":"https:\/\/nuovi-lavori.it\/index.php\/il-valore-del-lavoro-per-un-nuovo-equilibrio-socio-economico\/"},"wordCount":764,"commentCount":0,"publisher":{"@id":"https:\/\/nuovi-lavori.it\/#organization"},"image":{"@id":"https:\/\/nuovi-lavori.it\/index.php\/il-valore-del-lavoro-per-un-nuovo-equilibrio-socio-economico\/#primaryimage"},"thumbnailUrl":"https:\/\/nuovi-lavori.it\/wp-content\/uploads\/2019\/11\/images_ngo-equilibre.jpg","articleSection":["Newsletter"],"inLanguage":"it-IT","potentialAction":[{"@type":"CommentAction","name":"Comment","target":["https:\/\/nuovi-lavori.it\/index.php\/il-valore-del-lavoro-per-un-nuovo-equilibrio-socio-economico\/#respond"]}]},{"@type":"WebPage","@id":"https:\/\/nuovi-lavori.it\/index.php\/il-valore-del-lavoro-per-un-nuovo-equilibrio-socio-economico\/","url":"https:\/\/nuovi-lavori.it\/index.php\/il-valore-del-lavoro-per-un-nuovo-equilibrio-socio-economico\/","name":"Il valore del lavoro, per un nuovo equilibrio socio-economico - Nuovi Lavori","isPartOf":{"@id":"https:\/\/nuovi-lavori.it\/#website"},"primaryImageOfPage":{"@id":"https:\/\/nuovi-lavori.it\/index.php\/il-valore-del-lavoro-per-un-nuovo-equilibrio-socio-economico\/#primaryimage"},"image":{"@id":"https:\/\/nuovi-lavori.it\/index.php\/il-valore-del-lavoro-per-un-nuovo-equilibrio-socio-economico\/#primaryimage"},"thumbnailUrl":"https:\/\/nuovi-lavori.it\/wp-content\/uploads\/2019\/11\/images_ngo-equilibre.jpg","datePublished":"2019-11-26T13:20:12+00:00","breadcrumb":{"@id":"https:\/\/nuovi-lavori.it\/index.php\/il-valore-del-lavoro-per-un-nuovo-equilibrio-socio-economico\/#breadcrumb"},"inLanguage":"it-IT","potentialAction":[{"@type":"ReadAction","target":["https:\/\/nuovi-lavori.it\/index.php\/il-valore-del-lavoro-per-un-nuovo-equilibrio-socio-economico\/"]}]},{"@type":"ImageObject","inLanguage":"it-IT","@id":"https:\/\/nuovi-lavori.it\/index.php\/il-valore-del-lavoro-per-un-nuovo-equilibrio-socio-economico\/#primaryimage","url":"https:\/\/nuovi-lavori.it\/wp-content\/uploads\/2019\/11\/images_ngo-equilibre.jpg","contentUrl":"https:\/\/nuovi-lavori.it\/wp-content\/uploads\/2019\/11\/images_ngo-equilibre.jpg","width":1200,"height":571},{"@type":"BreadcrumbList","@id":"https:\/\/nuovi-lavori.it\/index.php\/il-valore-del-lavoro-per-un-nuovo-equilibrio-socio-economico\/#breadcrumb","itemListElement":[{"@type":"ListItem","position":1,"name":"Home","item":"https:\/\/nuovi-lavori.it\/"},{"@type":"ListItem","position":2,"name":"Newsletter","item":"https:\/\/nuovi-lavori.it\/index.php\/category\/newsletter\/"},{"@type":"ListItem","position":3,"name":"Il valore del lavoro, per un nuovo equilibrio socio-economico"}]},{"@type":"WebSite","@id":"https:\/\/nuovi-lavori.it\/#website","url":"https:\/\/nuovi-lavori.it\/","name":"Nuovi Lavori","description":"","publisher":{"@id":"https:\/\/nuovi-lavori.it\/#organization"},"potentialAction":[{"@type":"SearchAction","target":{"@type":"EntryPoint","urlTemplate":"https:\/\/nuovi-lavori.it\/?s={search_term_string}"},"query-input":{"@type":"PropertyValueSpecification","valueRequired":true,"valueName":"search_term_string"}}],"inLanguage":"it-IT"},{"@type":"Organization","@id":"https:\/\/nuovi-lavori.it\/#organization","name":"Nuovi Lavori","url":"https:\/\/nuovi-lavori.it\/","logo":{"@type":"ImageObject","inLanguage":"it-IT","@id":"https:\/\/nuovi-lavori.it\/#\/schema\/logo\/image\/","url":"http:\/\/5.249.146.118\/wp-content\/uploads\/2013\/11\/images_logonl.jpg","contentUrl":"http:\/\/5.249.146.118\/wp-content\/uploads\/2013\/11\/images_logonl.jpg","width":400,"height":327,"caption":"Nuovi Lavori"},"image":{"@id":"https:\/\/nuovi-lavori.it\/#\/schema\/logo\/image\/"},"sameAs":["https:\/\/www.youtube.com\/user\/newsletteranl"]},{"@type":"Person","@id":"https:\/\/nuovi-lavori.it\/#\/schema\/person\/381e9894ea394d41738d8d55e63fc0da","name":"Lia","image":{"@type":"ImageObject","inLanguage":"it-IT","@id":"https:\/\/secure.gravatar.com\/avatar\/1c1ab5e88d6553d3bd7303b8f064565e43a5f4bcf8fa0acc18820db78be45882?s=96&d=mm&r=g","url":"https:\/\/secure.gravatar.com\/avatar\/1c1ab5e88d6553d3bd7303b8f064565e43a5f4bcf8fa0acc18820db78be45882?s=96&d=mm&r=g","contentUrl":"https:\/\/secure.gravatar.com\/avatar\/1c1ab5e88d6553d3bd7303b8f064565e43a5f4bcf8fa0acc18820db78be45882?s=96&d=mm&r=g","caption":"Lia"},"url":"https:\/\/nuovi-lavori.it\/index.php\/author\/lia\/"}]}},"_links":{"self":[{"href":"https:\/\/nuovi-lavori.it\/index.php\/wp-json\/wp\/v2\/posts\/3576","targetHints":{"allow":["GET"]}}],"collection":[{"href":"https:\/\/nuovi-lavori.it\/index.php\/wp-json\/wp\/v2\/posts"}],"about":[{"href":"https:\/\/nuovi-lavori.it\/index.php\/wp-json\/wp\/v2\/types\/post"}],"author":[{"embeddable":true,"href":"https:\/\/nuovi-lavori.it\/index.php\/wp-json\/wp\/v2\/users\/2"}],"replies":[{"embeddable":true,"href":"https:\/\/nuovi-lavori.it\/index.php\/wp-json\/wp\/v2\/comments?post=3576"}],"version-history":[{"count":0,"href":"https:\/\/nuovi-lavori.it\/index.php\/wp-json\/wp\/v2\/posts\/3576\/revisions"}],"wp:featuredmedia":[{"embeddable":true,"href":"https:\/\/nuovi-lavori.it\/index.php\/wp-json\/wp\/v2\/media\/3575"}],"wp:attachment":[{"href":"https:\/\/nuovi-lavori.it\/index.php\/wp-json\/wp\/v2\/media?parent=3576"}],"wp:term":[{"taxonomy":"category","embeddable":true,"href":"https:\/\/nuovi-lavori.it\/index.php\/wp-json\/wp\/v2\/categories?post=3576"},{"taxonomy":"post_tag","embeddable":true,"href":"https:\/\/nuovi-lavori.it\/index.php\/wp-json\/wp\/v2\/tags?post=3576"}],"curies":[{"name":"wp","href":"https:\/\/api.w.org\/{rel}","templated":true}]}}