{"id":36,"date":"2013-06-05T10:45:15","date_gmt":"2013-06-05T08:45:15","guid":{"rendered":"http:\/\/5.249.146.118\/italia-e-germania-esperienze-sindacali-a-confronto\/"},"modified":"2013-06-05T10:45:15","modified_gmt":"2013-06-05T08:45:15","slug":"italia-e-germania-esperienze-sindacali-a-confronto","status":"publish","type":"post","link":"https:\/\/nuovi-lavori.it\/index.php\/italia-e-germania-esperienze-sindacali-a-confronto\/","title":{"rendered":"Italia e Germania, esperienze sindacali a confronto"},"content":{"rendered":"<div title=\"Page 17\">\n<div>\n<p style=\"text-align: justify;\">1) Il recente seminario di studi, promosso dalla FAI Cisl (Federazione agricola, alimentare, ambientale) e dalla Fondazione FISBA-FAT, ha avuto come oggetto un confronto tra modelli ed esperienze sindacali in Italia e Germania. L\u2019approfondimento del tema \u00e8 stato favorito dalla presentazione di un volume di G. Graziani (seconda edizione[1]) che ricostruisce i tratti costitutivi della IG Metall il grande sindacato tedesco dei metalmeccanici, ragionevolmente assunto quale riferimento per il previsto confronto.<\/p>\n<p style=\"text-align: justify;\">Ne richiamiamo, sulla base della documentazione fornita, i lineamenti principali.<\/p>\n<p><!--more--><\/p>\n<p style=\"text-align: justify;\">\u00a0<\/p>\n<p style=\"text-align: justify;\">\u00b7 Si tratta di un sindacato di natura associativa che ha come scopo principale la tutela del socio alla cui centralit\u00e0 si ordina l\u2019intera struttura organizzativa.<\/p>\n<p style=\"text-align: justify;\">\u00b7 Il finanziamento \u00e8 basato sul contributo degli iscritti raccolto nelle imprese dai fiduciari e viene utilizzato tra l\u2019altro per compensare i costi degli scioperi e per rispondere ai bisogni degli associati (welfare associativo).<\/p>\n<p style=\"text-align: justify;\">\u00b7 La rappresentanza degli iscritti attribuisce al Sindacato la competenza esclusiva in materia di contrattazione collettiva il cui iter decisionale si svolge all\u2019interno delle strutture di rappresentanza cui compete la validazione dei contratti stipulati, anche attraverso referendum riservati agli iscritti, laddove lo statuto lo prevede.<\/p>\n<p style=\"text-align: justify;\">\u00b7 La gestione delle clausole di deroga dalle tutele previste nei contratti di categoria avviene nei casi previsti e regolati dagli stessi contratti nazionali.<\/p>\n<p style=\"text-align: justify;\">\u00b7 La Mitbestimmung (la presenza di lavoratori nei consigli di sorveglianza), laddove prevista, \u00e8 regolata da meccanismi elettivi cui partecipano tutti i lavoratori (iscritti e non iscritti) e resta comunque subordinata, anche giuridicamente, alle rappresentanze sindacali di azienda in quanto la contrattazione pu\u00f2 regolare tale forma di partecipazione ma non \u00e8 previsto l\u2019inverso.<\/p>\n<p style=\"text-align: justify;\">Questi brevi tratti riepilogativi assegnano al modello tedesco una forte coerenza interna, che ha resistito alla crisi dei primi anni 2000 (Governo Schr\u00f6der) quando per recuperare competitivit\u00e0 all\u2019industria tedesca, la politica delle \u201cconcessioni\u201d offerta dal sindacato in materia di salari e di organizzazione del lavoro (flessibilit\u00e0 degli orari) si \u00e8 proposta, quale obiettivo primario, la tutela dell\u2019occupazione. Il modello, sottoposto a forti tensioni, non ha per\u00f2 subito compromissioni n\u00e9 aprendosi a forme di assemblearismo all\u2019interno delle aziende, n\u00e9 evocando interferenze extra associative, affidate a forme di concertazione sociale.<\/p>\n<p style=\"text-align: justify;\">Una strategia che non ha risparmiato costi sociali agli iscritti al sindacato per il risanamento competitivo delle imprese, n\u00e9 erosioni nella sua rappresentanza associativa.<\/p>\n<\/div>\n<p><img decoding=\"async\" src=\"file:\/\/\/page17image27072\" border=\"0\" alt=\"page17image27072\" width=\"11.564760\" height=\"0.800100\" \/><\/p>\n<div style=\"text-align: justify;\">\n<div>\n<p>Anche in Germania la redistribuzione del reddito ha ridotto la quota lavoro nel valore\u00a0aggiunto e si \u00e8 accentuata la concentrazione della ricchezza (dati recenti della Bundesbank) ma come W. Goethe annotava due secoli fa \u201ci tedeschi fra l\u2019ingiustizia e il disordine preferiscono l\u2019ingiustizia\u201d. Affermazione che si \u00e8 ulteriormente radicata nella cultura tedesca a fronte dei disastri provocati dal disordine istituzionale ed economico della repubblica di Weimar. Nel nuovo contesto di prosperit\u00e0 relativa rispetto agli altri partner europei il sindacato tedesco tende ora a risalire la china della sua forza associativa attraverso un maggiore decentramento contrattuale per una ricostruzione dal basso del suo potere organizzativo. Rimangono, in ogni caso, non poche rigidit\u00e0 nel sistema tedesco che rallentano la dinamica dei salari nel loro rapporto con la produttivit\u00e0 delle imprese, ma come gi\u00e0 alcuni secoli fa il nostro Macchiavelli scriveva, \u201ci tedeschi sono ricchi in gran parte perch\u00e9 vivono come poveri\u201d.<\/p>\n<\/div>\n<\/div>\n<\/div>\n<div style=\"text-align: justify;\" title=\"Page 18\">\n<div>\n<div>\n<div>\n<p>Il problema che ora si pone \u00e8 come la storia di successo del modello tedesco possa inserirsi nel processo costitutivo dell\u2019Europa che propone una necessaria integrazione dei sistemi economici e sociali rispetto alla quale una pi\u00f9 aggressiva politica salariale da parte del sindacato tedesco potrebbe sostenere la domanda interna e per tale via allentare gli attuali divari nei saldi delle bilance commerciali tra paesi forti e paesi deboli. Come annota Graziani, la classe politica tedesca e i sindacati devono evitare l\u2019errore di poter costruire l\u2019economia sociale di mercato \u201cin un solo paese\u201d perch\u00e9, come ricorda un loro storico, M. St\u00fcermer \u201cl\u2019egemonia del paese deve esprimersi in una entit\u00e0 sopranazionale per evitare il rischio che essa degeneri negli avventurismi tragici del passato\u201d.<\/p>\n<p>2) Dicevamo che il seminario proponeva un confronto con le esperienze sindacali del nostro Paese che a partire dalla fine degli anni \u201960 ha intrapreso un percorso che presenta una ibrida combinazione di elementi propri del sistema tedesco e del sistema francese. Del sistema tedesco conserva la vocazione contrattuale (influenza CISL) e del sistema francese alcuni tratti neo-corporativi che si traducono nell\u2019esercizio di una \u201cinfluenza\u201d sindacale sulla politica, in nome di una rappresentativit\u00e0 di tutti i lavoratori che fa premio sulla rappresentanza degli iscritti (influenza CGIL).<\/p>\n<p>E\u2019 nota la situazione di stallo sindacale, in un contesto istituzionale confuso ed in presenza di una grave crisi economica e sociale. L\u2019attivit\u00e0 contrattuale \u00e8 declinante, sia a livello di categoria che di azienda e la sindacalizzazione \u00e8 sottoposta al paradosso di Olson: perch\u00e9 iscriversi al Sindacato, quando al contrario di quanto avviene in Germania, il non iscritto gode degli stessi diritti di partecipazione alla vita sindacale (l\u2019elezione della RSU) e dei risultati della contrattazione senza sopportarne i costi?<\/p>\n<p>Anche la capacit\u00e0 di influenza sindacale sulla politica presenta un problema di efficacia in un paese come il nostro dove, a differenza del caso francese, sussiste una precariet\u00e0 degli assetti istituzionali ed una non visibilit\u00e0 dell\u2019intervento pubblico entro cui le parti sociali sono chiamate ad assumere impegni vincolanti. Un esempio pu\u00f2 essere offerto dai patti sociali a sostegno della competitivit\u00e0 stipulati a cavallo del 2013 in Francia e in Italia. In Francia il contributo delle parti sociali \u00e8 avvenuto in presenza di un \u201cpiano industriale\u201d del Governo maturato sulla base di un lungo lavoro preparatorio (progetto Attali \u201cliberer la croissance\u201d, 2007). In Italia l\u2019analogo patto sociale, non inserito in un piano governativo, si \u00e8 limitato a definire linee programmatiche in materia di competitivit\u00e0 e di assetto contrattuale che rinviamo ad ulteriori intese.<\/p>\n<p>In conclusione, il seminario ha indicato quanto sia ancora lontano l\u2019obiettivo di una armonizzazione europea dei sistemi di relazioni industriali e per quanto riguarda l\u2019Italia, un \u201cdisordine\u201d negli assetti istituzionali e nelle regole contrattuali presidiato da una intransigenza identitaria dei diversi attori. Il rischio \u00e8 di trasformarci da coofondatori a coaffondatori del progetto europeo se non troviamo soluzioni per uscire dal vicolo cieco in cui ci troviamo.<\/p>\n<p>N\u00e9 il seminario ha fornito qualche via di uscita dall\u2019attuale situazione di stallo del sindacalismo italiano, rattrappito nel suo pluralismo conflittuale. Una conferma dell\u2019avvenuta rottura tra cultura ed azione sindacale, dell\u2019esaurimento dei cosiddetti \u201cintellettuali di area\u201d che nel passato hanno svolto un ruolo importante nell\u2019alimentare un\u00a0confronto dialettico all\u2019interno e fra le diverse organizzazioni, il lievito di ogni struttura democratica. Per la CISL, che ha promosso il seminario, basterebbe ricordare, tra gli altri, il ruolo del Prof. Romani di cui si conserva la memoria senza rinnovarne lo spirito creativo, a correzione dell\u2019isolazionismo dell\u2019attuale classe dirigente.<\/p>\n<\/div>\n<\/div>\n<\/div>\n<\/div>\n<div title=\"Page 19\">\n<div>\n<div>\n<div>\n<div>\n<p style=\"text-align: justify;\">(*) Presidente Isril<\/p>\n<p style=\"text-align: justify;\">[1] G. Graziani (a cura di) \u201cLa strada e l\u2019associazione: modelli ed esperienze sindacali a confronto tra Germania e Italia\u201d, Edizioni Agrilavoro, 2012.\u00a0<\/p>\n<\/div>\n<\/div>\n<\/div>\n<\/div>\n<\/div>\n","protected":false},"excerpt":{"rendered":"<p>1) Il recente seminario di studi, promosso dalla FAI Cisl (Federazione agricola, alimentare, ambientale) e dalla Fondazione FISBA-FAT, ha avuto come oggetto un confronto tra modelli ed esperienze sindacali in Italia e Germania. L\u2019approfondimento del tema \u00e8 stato favorito dalla presentazione di un volume di G. Graziani (seconda edizione[1]) che ricostruisce i tratti costitutivi della [&hellip;]<\/p>\n","protected":false},"author":2,"featured_media":35,"comment_status":"open","ping_status":"open","sticky":false,"template":"","format":"standard","meta":{"footnotes":""},"categories":[30],"tags":[],"class_list":["post-36","post","type-post","status-publish","format-standard","has-post-thumbnail","hentry","category-sindacato"],"yoast_head":"<!-- This site is optimized with the Yoast SEO plugin v27.4 - https:\/\/yoast.com\/product\/yoast-seo-wordpress\/ -->\n<title>Italia e Germania, esperienze sindacali a confronto - Nuovi Lavori<\/title>\n<meta name=\"robots\" content=\"index, follow, max-snippet:-1, max-image-preview:large, max-video-preview:-1\" \/>\n<link rel=\"canonical\" href=\"https:\/\/nuovi-lavori.it\/index.php\/italia-e-germania-esperienze-sindacali-a-confronto\/\" \/>\n<meta property=\"og:locale\" content=\"it_IT\" \/>\n<meta property=\"og:type\" content=\"article\" \/>\n<meta property=\"og:title\" content=\"Italia e Germania, esperienze sindacali a confronto - Nuovi Lavori\" \/>\n<meta property=\"og:description\" content=\"1) Il recente seminario di studi, promosso dalla FAI Cisl (Federazione agricola, alimentare, ambientale) e dalla Fondazione FISBA-FAT, ha avuto come oggetto un confronto tra modelli ed esperienze sindacali in Italia e Germania. L\u2019approfondimento del tema \u00e8 stato favorito dalla presentazione di un volume di G. Graziani (seconda edizione[1]) che ricostruisce i tratti costitutivi della [&hellip;]\" \/>\n<meta property=\"og:url\" content=\"https:\/\/nuovi-lavori.it\/index.php\/italia-e-germania-esperienze-sindacali-a-confronto\/\" \/>\n<meta property=\"og:site_name\" content=\"Nuovi Lavori\" \/>\n<meta property=\"article:published_time\" content=\"2013-06-05T08:45:15+00:00\" \/>\n<meta property=\"og:image\" content=\"https:\/\/nuovi-lavori.it\/wp-content\/uploads\/2013\/06\/images_immagininewsletter_images-11.jpeg\" \/>\n\t<meta property=\"og:image:width\" content=\"279\" \/>\n\t<meta property=\"og:image:height\" content=\"180\" \/>\n\t<meta property=\"og:image:type\" content=\"image\/jpeg\" \/>\n<meta name=\"author\" content=\"Lia\" \/>\n<meta name=\"twitter:card\" content=\"summary_large_image\" \/>\n<meta name=\"twitter:label1\" content=\"Scritto da\" \/>\n\t<meta name=\"twitter:data1\" content=\"Lia\" \/>\n\t<meta name=\"twitter:label2\" content=\"Tempo di lettura stimato\" \/>\n\t<meta name=\"twitter:data2\" content=\"6 minuti\" \/>\n<script type=\"application\/ld+json\" class=\"yoast-schema-graph\">{\"@context\":\"https:\\\/\\\/schema.org\",\"@graph\":[{\"@type\":\"Article\",\"@id\":\"https:\\\/\\\/nuovi-lavori.it\\\/index.php\\\/italia-e-germania-esperienze-sindacali-a-confronto\\\/#article\",\"isPartOf\":{\"@id\":\"https:\\\/\\\/nuovi-lavori.it\\\/index.php\\\/italia-e-germania-esperienze-sindacali-a-confronto\\\/\"},\"author\":{\"name\":\"Lia\",\"@id\":\"https:\\\/\\\/nuovi-lavori.it\\\/#\\\/schema\\\/person\\\/381e9894ea394d41738d8d55e63fc0da\"},\"headline\":\"Italia e Germania, esperienze sindacali a confronto\",\"datePublished\":\"2013-06-05T08:45:15+00:00\",\"mainEntityOfPage\":{\"@id\":\"https:\\\/\\\/nuovi-lavori.it\\\/index.php\\\/italia-e-germania-esperienze-sindacali-a-confronto\\\/\"},\"wordCount\":1142,\"commentCount\":0,\"publisher\":{\"@id\":\"https:\\\/\\\/nuovi-lavori.it\\\/#organization\"},\"image\":{\"@id\":\"https:\\\/\\\/nuovi-lavori.it\\\/index.php\\\/italia-e-germania-esperienze-sindacali-a-confronto\\\/#primaryimage\"},\"thumbnailUrl\":\"https:\\\/\\\/nuovi-lavori.it\\\/wp-content\\\/uploads\\\/2013\\\/06\\\/images_immagininewsletter_images-11.jpeg\",\"articleSection\":[\"Sindacato\"],\"inLanguage\":\"it-IT\",\"potentialAction\":[{\"@type\":\"CommentAction\",\"name\":\"Comment\",\"target\":[\"https:\\\/\\\/nuovi-lavori.it\\\/index.php\\\/italia-e-germania-esperienze-sindacali-a-confronto\\\/#respond\"]}]},{\"@type\":\"WebPage\",\"@id\":\"https:\\\/\\\/nuovi-lavori.it\\\/index.php\\\/italia-e-germania-esperienze-sindacali-a-confronto\\\/\",\"url\":\"https:\\\/\\\/nuovi-lavori.it\\\/index.php\\\/italia-e-germania-esperienze-sindacali-a-confronto\\\/\",\"name\":\"Italia e Germania, esperienze sindacali a confronto - Nuovi Lavori\",\"isPartOf\":{\"@id\":\"https:\\\/\\\/nuovi-lavori.it\\\/#website\"},\"primaryImageOfPage\":{\"@id\":\"https:\\\/\\\/nuovi-lavori.it\\\/index.php\\\/italia-e-germania-esperienze-sindacali-a-confronto\\\/#primaryimage\"},\"image\":{\"@id\":\"https:\\\/\\\/nuovi-lavori.it\\\/index.php\\\/italia-e-germania-esperienze-sindacali-a-confronto\\\/#primaryimage\"},\"thumbnailUrl\":\"https:\\\/\\\/nuovi-lavori.it\\\/wp-content\\\/uploads\\\/2013\\\/06\\\/images_immagininewsletter_images-11.jpeg\",\"datePublished\":\"2013-06-05T08:45:15+00:00\",\"breadcrumb\":{\"@id\":\"https:\\\/\\\/nuovi-lavori.it\\\/index.php\\\/italia-e-germania-esperienze-sindacali-a-confronto\\\/#breadcrumb\"},\"inLanguage\":\"it-IT\",\"potentialAction\":[{\"@type\":\"ReadAction\",\"target\":[\"https:\\\/\\\/nuovi-lavori.it\\\/index.php\\\/italia-e-germania-esperienze-sindacali-a-confronto\\\/\"]}]},{\"@type\":\"ImageObject\",\"inLanguage\":\"it-IT\",\"@id\":\"https:\\\/\\\/nuovi-lavori.it\\\/index.php\\\/italia-e-germania-esperienze-sindacali-a-confronto\\\/#primaryimage\",\"url\":\"https:\\\/\\\/nuovi-lavori.it\\\/wp-content\\\/uploads\\\/2013\\\/06\\\/images_immagininewsletter_images-11.jpeg\",\"contentUrl\":\"https:\\\/\\\/nuovi-lavori.it\\\/wp-content\\\/uploads\\\/2013\\\/06\\\/images_immagininewsletter_images-11.jpeg\",\"width\":279,\"height\":180},{\"@type\":\"BreadcrumbList\",\"@id\":\"https:\\\/\\\/nuovi-lavori.it\\\/index.php\\\/italia-e-germania-esperienze-sindacali-a-confronto\\\/#breadcrumb\",\"itemListElement\":[{\"@type\":\"ListItem\",\"position\":1,\"name\":\"Home\",\"item\":\"https:\\\/\\\/nuovi-lavori.it\\\/\"},{\"@type\":\"ListItem\",\"position\":2,\"name\":\"Newsletter\",\"item\":\"https:\\\/\\\/nuovi-lavori.it\\\/index.php\\\/category\\\/newsletter\\\/\"},{\"@type\":\"ListItem\",\"position\":3,\"name\":\"Sindacato\",\"item\":\"https:\\\/\\\/nuovi-lavori.it\\\/index.php\\\/category\\\/newsletter\\\/sindacato\\\/\"},{\"@type\":\"ListItem\",\"position\":4,\"name\":\"Italia e Germania, esperienze sindacali a confronto\"}]},{\"@type\":\"WebSite\",\"@id\":\"https:\\\/\\\/nuovi-lavori.it\\\/#website\",\"url\":\"https:\\\/\\\/nuovi-lavori.it\\\/\",\"name\":\"Nuovi Lavori\",\"description\":\"\",\"publisher\":{\"@id\":\"https:\\\/\\\/nuovi-lavori.it\\\/#organization\"},\"potentialAction\":[{\"@type\":\"SearchAction\",\"target\":{\"@type\":\"EntryPoint\",\"urlTemplate\":\"https:\\\/\\\/nuovi-lavori.it\\\/?s={search_term_string}\"},\"query-input\":{\"@type\":\"PropertyValueSpecification\",\"valueRequired\":true,\"valueName\":\"search_term_string\"}}],\"inLanguage\":\"it-IT\"},{\"@type\":\"Organization\",\"@id\":\"https:\\\/\\\/nuovi-lavori.it\\\/#organization\",\"name\":\"Nuovi Lavori\",\"url\":\"https:\\\/\\\/nuovi-lavori.it\\\/\",\"logo\":{\"@type\":\"ImageObject\",\"inLanguage\":\"it-IT\",\"@id\":\"https:\\\/\\\/nuovi-lavori.it\\\/#\\\/schema\\\/logo\\\/image\\\/\",\"url\":\"http:\\\/\\\/5.249.146.118\\\/wp-content\\\/uploads\\\/2013\\\/11\\\/images_logonl.jpg\",\"contentUrl\":\"http:\\\/\\\/5.249.146.118\\\/wp-content\\\/uploads\\\/2013\\\/11\\\/images_logonl.jpg\",\"width\":400,\"height\":327,\"caption\":\"Nuovi Lavori\"},\"image\":{\"@id\":\"https:\\\/\\\/nuovi-lavori.it\\\/#\\\/schema\\\/logo\\\/image\\\/\"},\"sameAs\":[\"https:\\\/\\\/www.youtube.com\\\/user\\\/newsletteranl\"]},{\"@type\":\"Person\",\"@id\":\"https:\\\/\\\/nuovi-lavori.it\\\/#\\\/schema\\\/person\\\/381e9894ea394d41738d8d55e63fc0da\",\"name\":\"Lia\",\"image\":{\"@type\":\"ImageObject\",\"inLanguage\":\"it-IT\",\"@id\":\"https:\\\/\\\/secure.gravatar.com\\\/avatar\\\/1c1ab5e88d6553d3bd7303b8f064565e43a5f4bcf8fa0acc18820db78be45882?s=96&d=mm&r=g\",\"url\":\"https:\\\/\\\/secure.gravatar.com\\\/avatar\\\/1c1ab5e88d6553d3bd7303b8f064565e43a5f4bcf8fa0acc18820db78be45882?s=96&d=mm&r=g\",\"contentUrl\":\"https:\\\/\\\/secure.gravatar.com\\\/avatar\\\/1c1ab5e88d6553d3bd7303b8f064565e43a5f4bcf8fa0acc18820db78be45882?s=96&d=mm&r=g\",\"caption\":\"Lia\"},\"url\":\"https:\\\/\\\/nuovi-lavori.it\\\/index.php\\\/author\\\/lia\\\/\"}]}<\/script>\n<!-- \/ Yoast SEO plugin. -->","yoast_head_json":{"title":"Italia e Germania, esperienze sindacali a confronto - Nuovi Lavori","robots":{"index":"index","follow":"follow","max-snippet":"max-snippet:-1","max-image-preview":"max-image-preview:large","max-video-preview":"max-video-preview:-1"},"canonical":"https:\/\/nuovi-lavori.it\/index.php\/italia-e-germania-esperienze-sindacali-a-confronto\/","og_locale":"it_IT","og_type":"article","og_title":"Italia e Germania, esperienze sindacali a confronto - Nuovi Lavori","og_description":"1) Il recente seminario di studi, promosso dalla FAI Cisl (Federazione agricola, alimentare, ambientale) e dalla Fondazione FISBA-FAT, ha avuto come oggetto un confronto tra modelli ed esperienze sindacali in Italia e Germania. L\u2019approfondimento del tema \u00e8 stato favorito dalla presentazione di un volume di G. Graziani (seconda edizione[1]) che ricostruisce i tratti costitutivi della [&hellip;]","og_url":"https:\/\/nuovi-lavori.it\/index.php\/italia-e-germania-esperienze-sindacali-a-confronto\/","og_site_name":"Nuovi Lavori","article_published_time":"2013-06-05T08:45:15+00:00","og_image":[{"width":279,"height":180,"url":"https:\/\/nuovi-lavori.it\/wp-content\/uploads\/2013\/06\/images_immagininewsletter_images-11.jpeg","type":"image\/jpeg"}],"author":"Lia","twitter_card":"summary_large_image","twitter_misc":{"Scritto da":"Lia","Tempo di lettura stimato":"6 minuti"},"schema":{"@context":"https:\/\/schema.org","@graph":[{"@type":"Article","@id":"https:\/\/nuovi-lavori.it\/index.php\/italia-e-germania-esperienze-sindacali-a-confronto\/#article","isPartOf":{"@id":"https:\/\/nuovi-lavori.it\/index.php\/italia-e-germania-esperienze-sindacali-a-confronto\/"},"author":{"name":"Lia","@id":"https:\/\/nuovi-lavori.it\/#\/schema\/person\/381e9894ea394d41738d8d55e63fc0da"},"headline":"Italia e Germania, esperienze sindacali a confronto","datePublished":"2013-06-05T08:45:15+00:00","mainEntityOfPage":{"@id":"https:\/\/nuovi-lavori.it\/index.php\/italia-e-germania-esperienze-sindacali-a-confronto\/"},"wordCount":1142,"commentCount":0,"publisher":{"@id":"https:\/\/nuovi-lavori.it\/#organization"},"image":{"@id":"https:\/\/nuovi-lavori.it\/index.php\/italia-e-germania-esperienze-sindacali-a-confronto\/#primaryimage"},"thumbnailUrl":"https:\/\/nuovi-lavori.it\/wp-content\/uploads\/2013\/06\/images_immagininewsletter_images-11.jpeg","articleSection":["Sindacato"],"inLanguage":"it-IT","potentialAction":[{"@type":"CommentAction","name":"Comment","target":["https:\/\/nuovi-lavori.it\/index.php\/italia-e-germania-esperienze-sindacali-a-confronto\/#respond"]}]},{"@type":"WebPage","@id":"https:\/\/nuovi-lavori.it\/index.php\/italia-e-germania-esperienze-sindacali-a-confronto\/","url":"https:\/\/nuovi-lavori.it\/index.php\/italia-e-germania-esperienze-sindacali-a-confronto\/","name":"Italia e Germania, esperienze sindacali a confronto - Nuovi Lavori","isPartOf":{"@id":"https:\/\/nuovi-lavori.it\/#website"},"primaryImageOfPage":{"@id":"https:\/\/nuovi-lavori.it\/index.php\/italia-e-germania-esperienze-sindacali-a-confronto\/#primaryimage"},"image":{"@id":"https:\/\/nuovi-lavori.it\/index.php\/italia-e-germania-esperienze-sindacali-a-confronto\/#primaryimage"},"thumbnailUrl":"https:\/\/nuovi-lavori.it\/wp-content\/uploads\/2013\/06\/images_immagininewsletter_images-11.jpeg","datePublished":"2013-06-05T08:45:15+00:00","breadcrumb":{"@id":"https:\/\/nuovi-lavori.it\/index.php\/italia-e-germania-esperienze-sindacali-a-confronto\/#breadcrumb"},"inLanguage":"it-IT","potentialAction":[{"@type":"ReadAction","target":["https:\/\/nuovi-lavori.it\/index.php\/italia-e-germania-esperienze-sindacali-a-confronto\/"]}]},{"@type":"ImageObject","inLanguage":"it-IT","@id":"https:\/\/nuovi-lavori.it\/index.php\/italia-e-germania-esperienze-sindacali-a-confronto\/#primaryimage","url":"https:\/\/nuovi-lavori.it\/wp-content\/uploads\/2013\/06\/images_immagininewsletter_images-11.jpeg","contentUrl":"https:\/\/nuovi-lavori.it\/wp-content\/uploads\/2013\/06\/images_immagininewsletter_images-11.jpeg","width":279,"height":180},{"@type":"BreadcrumbList","@id":"https:\/\/nuovi-lavori.it\/index.php\/italia-e-germania-esperienze-sindacali-a-confronto\/#breadcrumb","itemListElement":[{"@type":"ListItem","position":1,"name":"Home","item":"https:\/\/nuovi-lavori.it\/"},{"@type":"ListItem","position":2,"name":"Newsletter","item":"https:\/\/nuovi-lavori.it\/index.php\/category\/newsletter\/"},{"@type":"ListItem","position":3,"name":"Sindacato","item":"https:\/\/nuovi-lavori.it\/index.php\/category\/newsletter\/sindacato\/"},{"@type":"ListItem","position":4,"name":"Italia e Germania, esperienze sindacali a confronto"}]},{"@type":"WebSite","@id":"https:\/\/nuovi-lavori.it\/#website","url":"https:\/\/nuovi-lavori.it\/","name":"Nuovi Lavori","description":"","publisher":{"@id":"https:\/\/nuovi-lavori.it\/#organization"},"potentialAction":[{"@type":"SearchAction","target":{"@type":"EntryPoint","urlTemplate":"https:\/\/nuovi-lavori.it\/?s={search_term_string}"},"query-input":{"@type":"PropertyValueSpecification","valueRequired":true,"valueName":"search_term_string"}}],"inLanguage":"it-IT"},{"@type":"Organization","@id":"https:\/\/nuovi-lavori.it\/#organization","name":"Nuovi Lavori","url":"https:\/\/nuovi-lavori.it\/","logo":{"@type":"ImageObject","inLanguage":"it-IT","@id":"https:\/\/nuovi-lavori.it\/#\/schema\/logo\/image\/","url":"http:\/\/5.249.146.118\/wp-content\/uploads\/2013\/11\/images_logonl.jpg","contentUrl":"http:\/\/5.249.146.118\/wp-content\/uploads\/2013\/11\/images_logonl.jpg","width":400,"height":327,"caption":"Nuovi Lavori"},"image":{"@id":"https:\/\/nuovi-lavori.it\/#\/schema\/logo\/image\/"},"sameAs":["https:\/\/www.youtube.com\/user\/newsletteranl"]},{"@type":"Person","@id":"https:\/\/nuovi-lavori.it\/#\/schema\/person\/381e9894ea394d41738d8d55e63fc0da","name":"Lia","image":{"@type":"ImageObject","inLanguage":"it-IT","@id":"https:\/\/secure.gravatar.com\/avatar\/1c1ab5e88d6553d3bd7303b8f064565e43a5f4bcf8fa0acc18820db78be45882?s=96&d=mm&r=g","url":"https:\/\/secure.gravatar.com\/avatar\/1c1ab5e88d6553d3bd7303b8f064565e43a5f4bcf8fa0acc18820db78be45882?s=96&d=mm&r=g","contentUrl":"https:\/\/secure.gravatar.com\/avatar\/1c1ab5e88d6553d3bd7303b8f064565e43a5f4bcf8fa0acc18820db78be45882?s=96&d=mm&r=g","caption":"Lia"},"url":"https:\/\/nuovi-lavori.it\/index.php\/author\/lia\/"}]}},"_links":{"self":[{"href":"https:\/\/nuovi-lavori.it\/index.php\/wp-json\/wp\/v2\/posts\/36","targetHints":{"allow":["GET"]}}],"collection":[{"href":"https:\/\/nuovi-lavori.it\/index.php\/wp-json\/wp\/v2\/posts"}],"about":[{"href":"https:\/\/nuovi-lavori.it\/index.php\/wp-json\/wp\/v2\/types\/post"}],"author":[{"embeddable":true,"href":"https:\/\/nuovi-lavori.it\/index.php\/wp-json\/wp\/v2\/users\/2"}],"replies":[{"embeddable":true,"href":"https:\/\/nuovi-lavori.it\/index.php\/wp-json\/wp\/v2\/comments?post=36"}],"version-history":[{"count":0,"href":"https:\/\/nuovi-lavori.it\/index.php\/wp-json\/wp\/v2\/posts\/36\/revisions"}],"wp:featuredmedia":[{"embeddable":true,"href":"https:\/\/nuovi-lavori.it\/index.php\/wp-json\/wp\/v2\/media\/35"}],"wp:attachment":[{"href":"https:\/\/nuovi-lavori.it\/index.php\/wp-json\/wp\/v2\/media?parent=36"}],"wp:term":[{"taxonomy":"category","embeddable":true,"href":"https:\/\/nuovi-lavori.it\/index.php\/wp-json\/wp\/v2\/categories?post=36"},{"taxonomy":"post_tag","embeddable":true,"href":"https:\/\/nuovi-lavori.it\/index.php\/wp-json\/wp\/v2\/tags?post=36"}],"curies":[{"name":"wp","href":"https:\/\/api.w.org\/{rel}","templated":true}]}}