{"id":388,"date":"2014-02-25T15:30:25","date_gmt":"2014-02-25T14:30:25","guid":{"rendered":"http:\/\/5.249.146.118\/il-volontariato-e-la-condizione-congeniale-e-ottimale\/"},"modified":"2014-02-25T15:30:25","modified_gmt":"2014-02-25T14:30:25","slug":"il-volontariato-e-la-condizione-congeniale-e-ottimale","status":"publish","type":"post","link":"https:\/\/nuovi-lavori.it\/index.php\/il-volontariato-e-la-condizione-congeniale-e-ottimale\/","title":{"rendered":"Il volontariato e&#8217; la condizione congeniale e ottimale"},"content":{"rendered":"<p style=\"text-align: justify;\"><em>Vi \u00e8 una rinnovata spinta alla riforma de servizio civile, confermandone i connotati di servizio alla comunit\u00e0 nazionale, cittadinanza attiva, educazione civica alla pace, contributo alla gestione della transizione tra formazione ed attivit\u00e0 lavorativa. Da risolvere la quantit\u00e0 di risorse in rapporto al contingente di volontari in una programmazione almeno triennale e la pronta messa in atto della macchina gestionale.<\/em><\/p>\n<p style=\"text-align: justify;\">1. E\u2019 ormai all\u2019ordine del giorno del dibattito politico la riforma del servizio civile nazionale. Ed \u00e8 condivisibile la tesi di chi sostiene che occorre oggi dare uno sbocco legislativo concreto alle problematiche fin qui emerse.<\/p>\n<p style=\"text-align: justify;\">Vari i fattori\/le condizioni hanno portato alla maturazione della situazione.\u00a0<\/p>\n<p style=\"text-align: justify;\">Innanzitutto i risultati complessivamente positivi raggiunti in questi decenni di esperienza. Merito, intanto, delle origini e dell\u2019impianto culturale, politico e gestionale realizzato. La spinta originaria dell\u2019obiezione di coscienza come cultura e prassi volontaria in alternativa al servizio militare obbligatorio ha attivato e forgiato, anche nei passaggi legislativi successivi, motivi ispiratori, campi ed attivit\u00e0 di intervento, soggetti associativi ed enti pubblici. Impronta che mantiene la valenza di lungo periodo. Quindi anche per il futuro.<\/p>\n<p style=\"text-align: justify;\">In secondo luogo la quantit\u00e0 e la qualit\u00e0 dei ragazzi che hanno intrapreso la scelta: i dati riportati dagli esperti e dalle statistiche affermano in questi decenni il superamento di centinaia di migliaia di volontari. E la richiesta di accesso da parte dei giovani continua ad essere elevata. Insoddisfatta e quindi demotivata dalla carenza del sistema di finanziamento a disposizione (quantit\u00e0 scarse, tempi di erogazione incerti). Forse anche dalla discontinuit\u00e0 politica ed amministrativa realizzatasi in questi anni. (Se consideriamo i governi che si sono susseguiti, le loro diverse propensioni sul servizio civile, la variabilit\u00e0 dei dicasteri titolari).<\/p>\n<p style=\"text-align: justify;\">In terzo luogo il rapporto tra enti promotori e qualit\u00e0 dei progetti. Non tutto \u00e8 stato perfetto sul versante del monitoraggio sistematico e della vigilanza e quindi alcune questioni vanno affrontate e risolte, ma tutti gli osservatori concordano che i progetti approvati hanno, nella complessit\u00e0, fornito un contributo coerente con lo spirito del servizio civile.<\/p>\n<p style=\"text-align: justify;\">In quarto luogo \u00e8 l\u2019attuale fase economica e sociale, e in questa la particolarit\u00e0 della condizione giovanile in Italia, che spinge l\u2019attenzione verso il servizio civile. Questo permane un punto di forza nei confronti di una crisi che non \u00e8 meramente economica, ma di orientamenti largamente a-solidaristici, limitati nella responsabilizzazione ed nell\u2019attivazione delle nuove generazioni .<\/p>\n<p style=\"text-align: justify;\">E la politica, anche per la continuit\u00e0 della spinta delle associazioni, ha fatto i conti, in modo marginale nella precedente legislatura, con pi\u00f9 attenzione in questa, con il fenomeno del servizio civile. Oggi sono tre i dispositivi legislativi di riforma pronti, a vari stati di elaborazione. \u00a0<\/p>\n<p style=\"text-align: justify;\">A ci\u00f2 vanno aggiunti i diversi livelli di attenzione nell\u2019ambito della politica governativa. Per citarne due: il richiamo del Servizio Civile all\u2019interno del programma ministeriale relativo alla Garanzia Giovani, l\u2019evidenza del servizio civile nei programmi del partito di maggioranza e la volont\u00e0 esplicita di proiezione in priorit\u00e0 di governo. Anche per la larga presenza in Parlamento di giovani che hanno fatto il servizio civile e di esponenti di enti che gestiscono progetti di servizio civile.<\/p>\n<p style=\"text-align: justify;\">2. La scelta di intervenire va comunque basata su una puntuale riflessione dell\u2019esperienza. Di cui valorizzare gli aspetti positivi.<\/p>\n<p style=\"text-align: justify;\">Nell\u2019intenzione della valorizzazione \u00e8 emersa l\u2019ipotesi (in verit\u00e0 poi in gran parte rientrata) da parte di alcuni di servizio civile obbligatorio, in quanto modalit\u00e0 alternativa e complementare al servizio militare, nella corresponsabilizzazione al servizio della comunit\u00e0 nazionale. Questo approccio contrasta con l\u2019ispirazione di contenuti originari e &#8211; a fronte della previsione dell\u2019accesso volontario al servizio militare &#8211; propone la questione paradossale dell\u2019obiezione di coscienza all\u2019obbligatoriet\u00e0 del servizio civile.\u00a0 N\u00e9 coglie la questione delle condizionalit\u00e0 (ex ante) necessarie: la dimensione del finanziamento, la dimensione dell\u2019assetto istituzionale e gestionale della fattibilit\u00e0. Si rischia altrimenti di semplificare tutto, nel vincolo delle compatibilit\u00e0, con lo scambio aumento quantitativo dei partecipanti e durata del servizio. Tale scambio impoverisce le esperienze, non le valorizza. L\u2019appetibilit\u00e0 del servizio, anche sul versante dei giovani, non consiste nella sua breve durata (la breve durata pu\u00f2 apparire come la compensazione della obbligatoriet\u00e0) ma nel rapporto tra motivazioni soggettive e qualit\u00e0 delle attivit\u00e0. Il volontariato permane la condizione congeniale anche in termini di motivazione.<\/p>\n<p style=\"text-align: justify;\">L\u2019universalismo nell\u2019accesso dei soggetti volontari, in una logica antidiscriminatoria e di parit\u00e0 di opportunit\u00e0 (genere, condizioni di disabilit\u00e0, etnia) va considerato il connotato congeniale in termini di impostazione.\u00a0 Per la disabilit\u00e0, ad esempio, \u00e8 necessaria l\u2019accortezza verso la persona disabile in quanto destinatario di servizio, ma altrettanta accortezza va introdotta nell\u2019accesso della persona disabile al servizio di volontariato. Rimane aperta la dimensione della selettivit\u00e0, di fatto collegata alla disponibilit\u00e0 di finanziamenti, agli interventi sostenuti, alla premialit\u00e0 sottostante ai criteri, alla qualit\u00e0 dei soggetti promotori e gestori dei progetti e dei progetti stessi. Quindi sui risvolti di qualit\u00e0 del reclutamento dei volontari in servizio civile. E\u2019 pi\u00f9 opportuno parlare, anche in questo caso, di universalismo selettivo, rendendo trasparente e monitorando l\u2019interdipendenza trarisorse disponibili, quantit\u00e0-qualit\u00e0 dei progetti, implicazione di capacit\u00e0 abilit\u00e0 iniziali sottostanti ai <em>curriculum <\/em>dei volontari.<\/p>\n<p style=\"text-align: justify;\">Altra dimensione introdotta dal dibattito recente \u00e8 quella lavoristica ed economicistica. A cui occorre non cedere. La conferma dell\u2019impostazione dei valori sottostanti al servizio civile (servizio alla comunit\u00e0 fino alla comunit\u00e0 internazionale, addestramento ed esercizio della cittadinanza attiva nei vari campi di intervento) con l\u2019intera gamma di attivit\u00e0 previste, \u00e8 un orizzonte ampio e di lungo periodo dell\u2019investimento politico economico e sociale. \u00a0<\/p>\n<p style=\"text-align: justify;\">E se \u00e8 opportuno affrontarne le motivazioni e le valenze relative all\u2019economia ed al lavoro, occorre muoversi in una prospettiva coerente. Il volontariato del servizio civile ha gi\u00e0 dimostrato di essere di per s\u00e9 un investimento per l\u2019economia non profit\u00a0 e per le comunit\u00e0 locali. E\u2019 un fattore, con il capitale umano, di sviluppo inclusivo per la dimensione di apporto di risorse economiche e professionali.<\/p>\n<p style=\"text-align: justify;\">L\u2019attivit\u00e0 di volontariato del servizio civile, inoltre, \u00e8 formativa anche per le possibili ricadute sul lavoro. In questa direzione vanno comunque intrapresi percorsi per il riconoscimento formale delle abilit\u00e0, capacit\u00e0, competenze, anche informalmente possedute all\u2019inizio delle attivit\u00e0.\u00a0 In generale e per le specifiche attivit\u00e0 svolte. Certo c\u2019\u00e8 la necessit\u00e0 di prevedere qualche adeguamento del profilo normativo. Molto va fatto, comunque, sul piano della gestione e del monitoraggio, attivando quei rapporti tra enti gestori dei progetti e soggetti pubblici e privati (molti dei quali gi\u00e0 in possesso dei requisiti in quanto autorizzati o accreditati) preposti alla certificazione delle competenze. In questo modo il servizio civile \u00e8 nelle condizioni di contribuire al programma Garanzia Giovani.<\/p>\n<p style=\"text-align: justify;\">La transizione tra formazione\/istruzione e lavoro pu\u00f2 essere un terreno di valorizzazione dell\u2019esperienza del servizio civile, ma non una finalizzazione esclusiva e per questo enfatizzata.<\/p>\n<p style=\"text-align: justify;\">L\u2019attuale bacino potenziale di intervento pu\u00f2 prevedere quello dei soggetti fuori dalla formazione e fuori dal lavoro.\u00a0 Ma il target specifico dell\u2019intervento va qualificato in termini di motivazioni soggettive e qualit\u00e0 degli interventi previsti dai progetti. Da evitare \u00e8 la mera conferma\u00a0 dell\u2019appartenenza a circuiti gi\u00e0 variamente fidelizzati ovvero gi\u00e0 dentro i recinti dell\u2019associazionismo e delle adiacenze agli enti locali. E, nella filiera della transizione formazione lavoro, proprio con la presenza delle associazioni \u00e8 possibile concorrere ad intercettare fabbisogni di fasce giovanili anche in sofferenza con obbligo scolastico e con orientamento e sviluppo professionale .\u00a0<\/p>\n<p style=\"text-align: justify;\">L\u2019approccio al lavoro ha percorsi propri, differenziati, personalizzati, a partire dal rapporto tra condizione soggettiva e contesto socio produttivo. L\u2019esperienza di servizio civile rappresenta un ambito. Certo multidimensionale, comprensivo di pre-condizionalit\u00e0 o condizionalit\u00e0 formative occupazionali. L\u2019ambito \u00e8 pi\u00f9 ampio del laborismo, con cui confina ed interagisce.\u00a0 Ma va oltre.<\/p>\n<p style=\"text-align: justify;\">La funzione \u00e8 sussidiaria a quella delle istituzioni formative nel campo dell\u2019educazione civile, della cittadinanza attiva, del servizio alla comunit\u00e0, estesa al principio di servizio alla Patria, distinto ma concorrente al servizio militare. Patria dimensionata dinamicamente dal locale al nazionale, all\u2019Europa e al mondo. Nella concretezza di interazioni che escludono ricorso a forme violente di intervento e quindi rigettano o si oppongono a politiche offensive di armamento.\u00a0<\/p>\n<p style=\"text-align: justify;\">Quindi non pu\u00f2 il servizio civile essere concepito meramente come tardo tipo di lavori socialmente utili o lavori di pubblica utilit\u00e0, o una imitazione di <em>mini job<\/em> tedesche, pur ricalcando ambiti di attivit\u00e0 quali quelle culturali, ambientali, di protezione civile, di assistenza socio sanitaria . I sistemi da mettere in campo sono di tipo agevolativo e le sanzioni vanno tarate sulla perdita dei sostegni. Anche se il profilo della prestazione del volontario in servizio civile non deve essere attaccabile.<\/p>\n<p style=\"text-align: justify;\">Altro collegamento da valorizzare maggiormente \u00e8 quello col fenomeno crescente dell\u2019invecchiamento attivo. Molte esperienze sono state realizzate ed \u00e8 tempo di sistematizzare, enfatizzandone le potenzialit\u00e0 di una interconnessione tra le due transizioni: quella formazione lavoro e quella condizione lavorativa anzianit\u00e0 attiva. Il terzo settore ed il servizio civile pu\u00f2 essere la sede di sperimentazione di azioni di sistema. Nei progetti di servizio civile l\u2019attivazione delle due soggettivit\u00e0 (giovani e anziani) pu\u00f2 trovare molteplici combinazioni. Ci\u00f2 pu\u00f2 evitare il diffondersi di una settorializzazione per categorie (servizio civile per giovani, servizio civile per anziani) che alla lunga pu\u00f2 dimostrarsi sterile.<\/p>\n<p style=\"text-align: justify;\">3. In termini di questioni aperte dall\u2019esperienza decennale,\u00a0 al fine dello sviluppo del servizio civile, le priorit\u00e0, ormai largamente condivise, sono quelle relative all\u2019incertezza del finanziamento, l\u2019armonizzazione dell\u2019approccio tra stato e regioni, il collegamento del servizio con altri ambiti, la semplificazione delle procedure, una maggiore flessibilizzazione delle durata, l\u2019apertura ai giovani stranieri con residenza consolidata, un sistema di monitoraggio, valutazione e vigilanza. Su alcuni di questi punti un orientamento.<\/p>\n<p style=\"text-align: justify;\">In una logica di universalismo selettivo la questione da risolvere \u00e8 la definizione quantitativa del contingente di volontari in servizio civile su basi pluriennali. Ne discende l\u2019ammontare del finanziamento su base almeno triennale. L\u2019entit\u00e0 del finanziamento e la previsione pluriennale sono la cartina tornasole delle volont\u00e0 di valorizzazione del servizio civile. La programmazione triennale degli stanziamenti sembra acquisita dalla legge di stabilit\u00e0. Ci\u00f2 che non \u00e8 acquisito \u00e8 la stabilizzazione triennale del livello di finanziamento che decresce e non si pone incrementi quantitativi.<\/p>\n<p style=\"text-align: justify;\">A riguardo potranno essere verificati vari capitoli di spesa del bilancio nazionale: dalla riconversione della spesa militare, alla previsione della concorrenza di altri dicasteri competenti per le attivit\u00e0 oggetto degli interventi. L\u2019ottimale \u00e8 il mantenimento della unicit\u00e0 di programmazione, gestione e monitoraggio dei programmi da parte dell\u2019Ufficio Centrale.<\/p>\n<p style=\"text-align: justify;\">Confermato il concorso delle Fondazioni bancarie, la questione del contributo degli enti accreditati va introdotto non a scapito del trattamento dei volontari in servizio civile. Pu\u00f2 essere ipotizzata la logica del cofinanziamento proprio dei progetti europei, in rapporto al tipo di ambito di intervento. Cos\u00ec come \u00e8 opportuno che il Fondo nazionale posa essere tra i destinatari delle opzioni dell\u20198 per mille. Risorse interessanti possono essere rintracciate all\u2019interno della Programmazione 2014 2020.<\/p>\n<p style=\"text-align: justify;\">Alla luce delle esperienze un\u2018armonizzazione maggiore va realizzata in termini di <em>governance<\/em> Stato Regioni ed Autonomie locali con i riflessi di ripartizione delle risorse e del cofinanziamento. Ci\u00f2 dovrebbe aiutare la eccessiva diversificazione degli interventi tra stato e regioni, che comunque hanno la potest\u00e0 di organizzare proprie strutture e programmi di servizio civile. E dovrebbe mettere al riparo dai ricorsi di costituzionalit\u00e0.<\/p>\n<p style=\"text-align: justify;\">E\u2019 acquisizione condivisa la necessit\u00e0 di rendere pi\u00f9 flessibile la durata dei progetti in rapporto agli obiettivi ed alle attivit\u00e0 specifiche superando la rigidit\u00e0 dei dodici mesi.<\/p>\n<p style=\"text-align: justify;\">Relativamente allo \u201cstatuto del volontario in servizio civile\u201d &#8211; confermata la natura di non rapporto di lavoro cos\u00ec il trattamento economico ed assicurativo &#8211; vi \u00e8 da rafforzare l\u2019aspetto formativo in termini di educazione civica, rapporto competenze prestazioni, affiancamento \/ tutoraggio, riconoscimento e certificazione delle competenze. Ci\u00f2 rende di fatto spendibile il servizio dentro la Garanzia Giovani.<\/p>\n<p style=\"text-align: justify;\">La coerenza dell\u2019attuazione dei progetti allo \u201cstatuto\u201d deve essere oggetto di una sfera particolare di monitoraggio che non si limita allo stato di soddisfazione del volontario nel servizio.<\/p>\n<p style=\"text-align: justify;\">4. La spinta verso la riforma del servizio civile pu\u00f2 trovare una concretizzazione normativa, anche perch\u00e9 le posizioni politiche maggioritarie non sono distanti tra loro e possono contribuire ad un testo innovativo.<\/p>\n<p style=\"text-align: justify;\">Due rimangono gli aspetti rilevanti da risolvere:\u00a0 &#8211; l\u2019esperienza di altri paesi ci propone l\u2019obiettivo di un incremento progressivo del contingente e quindi della certezza della spesa programmata dedicata; &#8211; la definizione legislativa e la sua realizzazione da parte della pubblica amministrazione a livello di stato e di autonomie regionali.<\/p>\n<p style=\"text-align: justify;\">\u00a0<\/p>\n<hr \/>\n<p style=\"text-align: justify;\">\u00a0<\/p>\n<p style=\"text-align: justify;\">I &#8211; In particolare va approfondita la rilevante presenza di volontari nelle regioni meridionali e delle isole.<\/p>\n<p style=\"text-align: justify;\">II &#8211; Due sono i disegni di legge formalizzati alla camera (Sereni ed altri, Moroni ed altri). Un testo non ancora presentato \u00e8 stato elaborato da deputati SEL.\u00a0<\/p>\n<p style=\"text-align: justify;\">III &#8211; Ipotesi di autorevoli esponenti politici hanno inizialmente proposto una durata di tre mesi del servizio.<\/p>\n<p style=\"text-align: justify;\">IV &#8211; I dati consultati sul livello di istruzione dei volontari evidenziano una larga presenza di laureati, seguiti da diplomati. Limitata \u00e8 la percentuale di diplomati della scuola dell\u2019obbligo.<\/p>\n<p style=\"text-align: justify;\">V &#8211; La ripartizione dei progetti per settori di intervento evidenzia, pur con percentuali differenti: assistenza, ambiente, patrimonio artistico e culturale, educazione e promozione culturale, protezione civile. Vedi schede<\/p>\n<p style=\"text-align: justify;\">VI &#8211; La Legge 20 dicembre 2013, n. 147,\u00a0 afferma la programmazione triennale del finanziamento con l\u2019erogazione di Euro 105.277.000 per l\u2019anno 2014, ma prevede per gli anni 2015 e 2016 stanziamenti ridotti (73.350.000 per l\u2019anno 2015, 73.519.000 per l\u2019anno 2016). Ci\u00f2 significa allo stato attuale la previsione di una tendenza alla diminuzione del numero di volontari in servizio civile.<\/p>\n<p style=\"text-align: justify;\">\u00a0<\/p>\n","protected":false},"excerpt":{"rendered":"<p>Vi \u00e8 una rinnovata spinta alla riforma de servizio civile, confermandone i connotati di servizio alla comunit\u00e0 nazionale, cittadinanza attiva, educazione civica alla pace, contributo alla gestione della transizione tra formazione ed attivit\u00e0 lavorativa. Da risolvere la quantit\u00e0 di risorse in rapporto al contingente di volontari in una programmazione almeno triennale e la pronta messa [&hellip;]<\/p>\n","protected":false},"author":2,"featured_media":387,"comment_status":"open","ping_status":"open","sticky":false,"template":"","format":"standard","meta":{"footnotes":""},"categories":[36],"tags":[],"class_list":["post-388","post","type-post","status-publish","format-standard","has-post-thumbnail","hentry","category-approfondimento"],"yoast_head":"<!-- This site is optimized with the Yoast SEO plugin v27.4 - https:\/\/yoast.com\/product\/yoast-seo-wordpress\/ -->\n<title>Il volontariato e&#039; la condizione congeniale e ottimale - Nuovi Lavori<\/title>\n<meta name=\"robots\" content=\"index, follow, max-snippet:-1, max-image-preview:large, max-video-preview:-1\" \/>\n<link rel=\"canonical\" href=\"https:\/\/nuovi-lavori.it\/index.php\/il-volontariato-e-la-condizione-congeniale-e-ottimale\/\" \/>\n<meta property=\"og:locale\" content=\"it_IT\" \/>\n<meta property=\"og:type\" content=\"article\" \/>\n<meta property=\"og:title\" content=\"Il volontariato e&#039; la condizione congeniale e ottimale - Nuovi Lavori\" \/>\n<meta property=\"og:description\" content=\"Vi \u00e8 una rinnovata spinta alla riforma de servizio civile, confermandone i connotati di servizio alla comunit\u00e0 nazionale, cittadinanza attiva, educazione civica alla pace, contributo alla gestione della transizione tra formazione ed attivit\u00e0 lavorativa. Da risolvere la quantit\u00e0 di risorse in rapporto al contingente di volontari in una programmazione almeno triennale e la pronta messa [&hellip;]\" \/>\n<meta property=\"og:url\" content=\"https:\/\/nuovi-lavori.it\/index.php\/il-volontariato-e-la-condizione-congeniale-e-ottimale\/\" \/>\n<meta property=\"og:site_name\" content=\"Nuovi Lavori\" \/>\n<meta property=\"article:published_time\" content=\"2014-02-25T14:30:25+00:00\" \/>\n<meta property=\"og:image\" content=\"https:\/\/nuovi-lavori.it\/wp-content\/uploads\/2014\/02\/images_servizio-civile-2-300x201.jpg\" \/>\n\t<meta property=\"og:image:width\" content=\"300\" \/>\n\t<meta property=\"og:image:height\" content=\"201\" \/>\n\t<meta property=\"og:image:type\" content=\"image\/jpeg\" \/>\n<meta name=\"author\" content=\"Lia\" \/>\n<meta name=\"twitter:card\" content=\"summary_large_image\" \/>\n<meta name=\"twitter:label1\" content=\"Scritto da\" \/>\n\t<meta name=\"twitter:data1\" content=\"Lia\" \/>\n\t<meta name=\"twitter:label2\" content=\"Tempo di lettura stimato\" \/>\n\t<meta name=\"twitter:data2\" content=\"11 minuti\" \/>\n<script type=\"application\/ld+json\" class=\"yoast-schema-graph\">{\"@context\":\"https:\\\/\\\/schema.org\",\"@graph\":[{\"@type\":\"Article\",\"@id\":\"https:\\\/\\\/nuovi-lavori.it\\\/index.php\\\/il-volontariato-e-la-condizione-congeniale-e-ottimale\\\/#article\",\"isPartOf\":{\"@id\":\"https:\\\/\\\/nuovi-lavori.it\\\/index.php\\\/il-volontariato-e-la-condizione-congeniale-e-ottimale\\\/\"},\"author\":{\"name\":\"Lia\",\"@id\":\"https:\\\/\\\/nuovi-lavori.it\\\/#\\\/schema\\\/person\\\/381e9894ea394d41738d8d55e63fc0da\"},\"headline\":\"Il volontariato e&#8217; la condizione congeniale e ottimale\",\"datePublished\":\"2014-02-25T14:30:25+00:00\",\"mainEntityOfPage\":{\"@id\":\"https:\\\/\\\/nuovi-lavori.it\\\/index.php\\\/il-volontariato-e-la-condizione-congeniale-e-ottimale\\\/\"},\"wordCount\":2212,\"commentCount\":0,\"publisher\":{\"@id\":\"https:\\\/\\\/nuovi-lavori.it\\\/#organization\"},\"image\":{\"@id\":\"https:\\\/\\\/nuovi-lavori.it\\\/index.php\\\/il-volontariato-e-la-condizione-congeniale-e-ottimale\\\/#primaryimage\"},\"thumbnailUrl\":\"https:\\\/\\\/nuovi-lavori.it\\\/wp-content\\\/uploads\\\/2014\\\/02\\\/images_servizio-civile-2-300x201.jpg\",\"articleSection\":[\"Approfondimento NL\"],\"inLanguage\":\"it-IT\",\"potentialAction\":[{\"@type\":\"CommentAction\",\"name\":\"Comment\",\"target\":[\"https:\\\/\\\/nuovi-lavori.it\\\/index.php\\\/il-volontariato-e-la-condizione-congeniale-e-ottimale\\\/#respond\"]}]},{\"@type\":\"WebPage\",\"@id\":\"https:\\\/\\\/nuovi-lavori.it\\\/index.php\\\/il-volontariato-e-la-condizione-congeniale-e-ottimale\\\/\",\"url\":\"https:\\\/\\\/nuovi-lavori.it\\\/index.php\\\/il-volontariato-e-la-condizione-congeniale-e-ottimale\\\/\",\"name\":\"Il volontariato e' la condizione congeniale e ottimale - Nuovi Lavori\",\"isPartOf\":{\"@id\":\"https:\\\/\\\/nuovi-lavori.it\\\/#website\"},\"primaryImageOfPage\":{\"@id\":\"https:\\\/\\\/nuovi-lavori.it\\\/index.php\\\/il-volontariato-e-la-condizione-congeniale-e-ottimale\\\/#primaryimage\"},\"image\":{\"@id\":\"https:\\\/\\\/nuovi-lavori.it\\\/index.php\\\/il-volontariato-e-la-condizione-congeniale-e-ottimale\\\/#primaryimage\"},\"thumbnailUrl\":\"https:\\\/\\\/nuovi-lavori.it\\\/wp-content\\\/uploads\\\/2014\\\/02\\\/images_servizio-civile-2-300x201.jpg\",\"datePublished\":\"2014-02-25T14:30:25+00:00\",\"breadcrumb\":{\"@id\":\"https:\\\/\\\/nuovi-lavori.it\\\/index.php\\\/il-volontariato-e-la-condizione-congeniale-e-ottimale\\\/#breadcrumb\"},\"inLanguage\":\"it-IT\",\"potentialAction\":[{\"@type\":\"ReadAction\",\"target\":[\"https:\\\/\\\/nuovi-lavori.it\\\/index.php\\\/il-volontariato-e-la-condizione-congeniale-e-ottimale\\\/\"]}]},{\"@type\":\"ImageObject\",\"inLanguage\":\"it-IT\",\"@id\":\"https:\\\/\\\/nuovi-lavori.it\\\/index.php\\\/il-volontariato-e-la-condizione-congeniale-e-ottimale\\\/#primaryimage\",\"url\":\"https:\\\/\\\/nuovi-lavori.it\\\/wp-content\\\/uploads\\\/2014\\\/02\\\/images_servizio-civile-2-300x201.jpg\",\"contentUrl\":\"https:\\\/\\\/nuovi-lavori.it\\\/wp-content\\\/uploads\\\/2014\\\/02\\\/images_servizio-civile-2-300x201.jpg\",\"width\":300,\"height\":201},{\"@type\":\"BreadcrumbList\",\"@id\":\"https:\\\/\\\/nuovi-lavori.it\\\/index.php\\\/il-volontariato-e-la-condizione-congeniale-e-ottimale\\\/#breadcrumb\",\"itemListElement\":[{\"@type\":\"ListItem\",\"position\":1,\"name\":\"Home\",\"item\":\"https:\\\/\\\/nuovi-lavori.it\\\/\"},{\"@type\":\"ListItem\",\"position\":2,\"name\":\"Approfondimento NL\",\"item\":\"https:\\\/\\\/nuovi-lavori.it\\\/index.php\\\/category\\\/approfondimento\\\/\"},{\"@type\":\"ListItem\",\"position\":3,\"name\":\"Il volontariato e&#8217; la condizione congeniale e ottimale\"}]},{\"@type\":\"WebSite\",\"@id\":\"https:\\\/\\\/nuovi-lavori.it\\\/#website\",\"url\":\"https:\\\/\\\/nuovi-lavori.it\\\/\",\"name\":\"Nuovi Lavori\",\"description\":\"\",\"publisher\":{\"@id\":\"https:\\\/\\\/nuovi-lavori.it\\\/#organization\"},\"potentialAction\":[{\"@type\":\"SearchAction\",\"target\":{\"@type\":\"EntryPoint\",\"urlTemplate\":\"https:\\\/\\\/nuovi-lavori.it\\\/?s={search_term_string}\"},\"query-input\":{\"@type\":\"PropertyValueSpecification\",\"valueRequired\":true,\"valueName\":\"search_term_string\"}}],\"inLanguage\":\"it-IT\"},{\"@type\":\"Organization\",\"@id\":\"https:\\\/\\\/nuovi-lavori.it\\\/#organization\",\"name\":\"Nuovi Lavori\",\"url\":\"https:\\\/\\\/nuovi-lavori.it\\\/\",\"logo\":{\"@type\":\"ImageObject\",\"inLanguage\":\"it-IT\",\"@id\":\"https:\\\/\\\/nuovi-lavori.it\\\/#\\\/schema\\\/logo\\\/image\\\/\",\"url\":\"http:\\\/\\\/5.249.146.118\\\/wp-content\\\/uploads\\\/2013\\\/11\\\/images_logonl.jpg\",\"contentUrl\":\"http:\\\/\\\/5.249.146.118\\\/wp-content\\\/uploads\\\/2013\\\/11\\\/images_logonl.jpg\",\"width\":400,\"height\":327,\"caption\":\"Nuovi Lavori\"},\"image\":{\"@id\":\"https:\\\/\\\/nuovi-lavori.it\\\/#\\\/schema\\\/logo\\\/image\\\/\"},\"sameAs\":[\"https:\\\/\\\/www.youtube.com\\\/user\\\/newsletteranl\"]},{\"@type\":\"Person\",\"@id\":\"https:\\\/\\\/nuovi-lavori.it\\\/#\\\/schema\\\/person\\\/381e9894ea394d41738d8d55e63fc0da\",\"name\":\"Lia\",\"image\":{\"@type\":\"ImageObject\",\"inLanguage\":\"it-IT\",\"@id\":\"https:\\\/\\\/secure.gravatar.com\\\/avatar\\\/1c1ab5e88d6553d3bd7303b8f064565e43a5f4bcf8fa0acc18820db78be45882?s=96&d=mm&r=g\",\"url\":\"https:\\\/\\\/secure.gravatar.com\\\/avatar\\\/1c1ab5e88d6553d3bd7303b8f064565e43a5f4bcf8fa0acc18820db78be45882?s=96&d=mm&r=g\",\"contentUrl\":\"https:\\\/\\\/secure.gravatar.com\\\/avatar\\\/1c1ab5e88d6553d3bd7303b8f064565e43a5f4bcf8fa0acc18820db78be45882?s=96&d=mm&r=g\",\"caption\":\"Lia\"},\"url\":\"https:\\\/\\\/nuovi-lavori.it\\\/index.php\\\/author\\\/lia\\\/\"}]}<\/script>\n<!-- \/ Yoast SEO plugin. -->","yoast_head_json":{"title":"Il volontariato e' la condizione congeniale e ottimale - Nuovi Lavori","robots":{"index":"index","follow":"follow","max-snippet":"max-snippet:-1","max-image-preview":"max-image-preview:large","max-video-preview":"max-video-preview:-1"},"canonical":"https:\/\/nuovi-lavori.it\/index.php\/il-volontariato-e-la-condizione-congeniale-e-ottimale\/","og_locale":"it_IT","og_type":"article","og_title":"Il volontariato e' la condizione congeniale e ottimale - Nuovi Lavori","og_description":"Vi \u00e8 una rinnovata spinta alla riforma de servizio civile, confermandone i connotati di servizio alla comunit\u00e0 nazionale, cittadinanza attiva, educazione civica alla pace, contributo alla gestione della transizione tra formazione ed attivit\u00e0 lavorativa. Da risolvere la quantit\u00e0 di risorse in rapporto al contingente di volontari in una programmazione almeno triennale e la pronta messa [&hellip;]","og_url":"https:\/\/nuovi-lavori.it\/index.php\/il-volontariato-e-la-condizione-congeniale-e-ottimale\/","og_site_name":"Nuovi Lavori","article_published_time":"2014-02-25T14:30:25+00:00","og_image":[{"width":300,"height":201,"url":"https:\/\/nuovi-lavori.it\/wp-content\/uploads\/2014\/02\/images_servizio-civile-2-300x201.jpg","type":"image\/jpeg"}],"author":"Lia","twitter_card":"summary_large_image","twitter_misc":{"Scritto da":"Lia","Tempo di lettura stimato":"11 minuti"},"schema":{"@context":"https:\/\/schema.org","@graph":[{"@type":"Article","@id":"https:\/\/nuovi-lavori.it\/index.php\/il-volontariato-e-la-condizione-congeniale-e-ottimale\/#article","isPartOf":{"@id":"https:\/\/nuovi-lavori.it\/index.php\/il-volontariato-e-la-condizione-congeniale-e-ottimale\/"},"author":{"name":"Lia","@id":"https:\/\/nuovi-lavori.it\/#\/schema\/person\/381e9894ea394d41738d8d55e63fc0da"},"headline":"Il volontariato e&#8217; la condizione congeniale e ottimale","datePublished":"2014-02-25T14:30:25+00:00","mainEntityOfPage":{"@id":"https:\/\/nuovi-lavori.it\/index.php\/il-volontariato-e-la-condizione-congeniale-e-ottimale\/"},"wordCount":2212,"commentCount":0,"publisher":{"@id":"https:\/\/nuovi-lavori.it\/#organization"},"image":{"@id":"https:\/\/nuovi-lavori.it\/index.php\/il-volontariato-e-la-condizione-congeniale-e-ottimale\/#primaryimage"},"thumbnailUrl":"https:\/\/nuovi-lavori.it\/wp-content\/uploads\/2014\/02\/images_servizio-civile-2-300x201.jpg","articleSection":["Approfondimento NL"],"inLanguage":"it-IT","potentialAction":[{"@type":"CommentAction","name":"Comment","target":["https:\/\/nuovi-lavori.it\/index.php\/il-volontariato-e-la-condizione-congeniale-e-ottimale\/#respond"]}]},{"@type":"WebPage","@id":"https:\/\/nuovi-lavori.it\/index.php\/il-volontariato-e-la-condizione-congeniale-e-ottimale\/","url":"https:\/\/nuovi-lavori.it\/index.php\/il-volontariato-e-la-condizione-congeniale-e-ottimale\/","name":"Il volontariato e' la condizione congeniale e ottimale - Nuovi Lavori","isPartOf":{"@id":"https:\/\/nuovi-lavori.it\/#website"},"primaryImageOfPage":{"@id":"https:\/\/nuovi-lavori.it\/index.php\/il-volontariato-e-la-condizione-congeniale-e-ottimale\/#primaryimage"},"image":{"@id":"https:\/\/nuovi-lavori.it\/index.php\/il-volontariato-e-la-condizione-congeniale-e-ottimale\/#primaryimage"},"thumbnailUrl":"https:\/\/nuovi-lavori.it\/wp-content\/uploads\/2014\/02\/images_servizio-civile-2-300x201.jpg","datePublished":"2014-02-25T14:30:25+00:00","breadcrumb":{"@id":"https:\/\/nuovi-lavori.it\/index.php\/il-volontariato-e-la-condizione-congeniale-e-ottimale\/#breadcrumb"},"inLanguage":"it-IT","potentialAction":[{"@type":"ReadAction","target":["https:\/\/nuovi-lavori.it\/index.php\/il-volontariato-e-la-condizione-congeniale-e-ottimale\/"]}]},{"@type":"ImageObject","inLanguage":"it-IT","@id":"https:\/\/nuovi-lavori.it\/index.php\/il-volontariato-e-la-condizione-congeniale-e-ottimale\/#primaryimage","url":"https:\/\/nuovi-lavori.it\/wp-content\/uploads\/2014\/02\/images_servizio-civile-2-300x201.jpg","contentUrl":"https:\/\/nuovi-lavori.it\/wp-content\/uploads\/2014\/02\/images_servizio-civile-2-300x201.jpg","width":300,"height":201},{"@type":"BreadcrumbList","@id":"https:\/\/nuovi-lavori.it\/index.php\/il-volontariato-e-la-condizione-congeniale-e-ottimale\/#breadcrumb","itemListElement":[{"@type":"ListItem","position":1,"name":"Home","item":"https:\/\/nuovi-lavori.it\/"},{"@type":"ListItem","position":2,"name":"Approfondimento NL","item":"https:\/\/nuovi-lavori.it\/index.php\/category\/approfondimento\/"},{"@type":"ListItem","position":3,"name":"Il volontariato e&#8217; la condizione congeniale e ottimale"}]},{"@type":"WebSite","@id":"https:\/\/nuovi-lavori.it\/#website","url":"https:\/\/nuovi-lavori.it\/","name":"Nuovi Lavori","description":"","publisher":{"@id":"https:\/\/nuovi-lavori.it\/#organization"},"potentialAction":[{"@type":"SearchAction","target":{"@type":"EntryPoint","urlTemplate":"https:\/\/nuovi-lavori.it\/?s={search_term_string}"},"query-input":{"@type":"PropertyValueSpecification","valueRequired":true,"valueName":"search_term_string"}}],"inLanguage":"it-IT"},{"@type":"Organization","@id":"https:\/\/nuovi-lavori.it\/#organization","name":"Nuovi Lavori","url":"https:\/\/nuovi-lavori.it\/","logo":{"@type":"ImageObject","inLanguage":"it-IT","@id":"https:\/\/nuovi-lavori.it\/#\/schema\/logo\/image\/","url":"http:\/\/5.249.146.118\/wp-content\/uploads\/2013\/11\/images_logonl.jpg","contentUrl":"http:\/\/5.249.146.118\/wp-content\/uploads\/2013\/11\/images_logonl.jpg","width":400,"height":327,"caption":"Nuovi Lavori"},"image":{"@id":"https:\/\/nuovi-lavori.it\/#\/schema\/logo\/image\/"},"sameAs":["https:\/\/www.youtube.com\/user\/newsletteranl"]},{"@type":"Person","@id":"https:\/\/nuovi-lavori.it\/#\/schema\/person\/381e9894ea394d41738d8d55e63fc0da","name":"Lia","image":{"@type":"ImageObject","inLanguage":"it-IT","@id":"https:\/\/secure.gravatar.com\/avatar\/1c1ab5e88d6553d3bd7303b8f064565e43a5f4bcf8fa0acc18820db78be45882?s=96&d=mm&r=g","url":"https:\/\/secure.gravatar.com\/avatar\/1c1ab5e88d6553d3bd7303b8f064565e43a5f4bcf8fa0acc18820db78be45882?s=96&d=mm&r=g","contentUrl":"https:\/\/secure.gravatar.com\/avatar\/1c1ab5e88d6553d3bd7303b8f064565e43a5f4bcf8fa0acc18820db78be45882?s=96&d=mm&r=g","caption":"Lia"},"url":"https:\/\/nuovi-lavori.it\/index.php\/author\/lia\/"}]}},"_links":{"self":[{"href":"https:\/\/nuovi-lavori.it\/index.php\/wp-json\/wp\/v2\/posts\/388","targetHints":{"allow":["GET"]}}],"collection":[{"href":"https:\/\/nuovi-lavori.it\/index.php\/wp-json\/wp\/v2\/posts"}],"about":[{"href":"https:\/\/nuovi-lavori.it\/index.php\/wp-json\/wp\/v2\/types\/post"}],"author":[{"embeddable":true,"href":"https:\/\/nuovi-lavori.it\/index.php\/wp-json\/wp\/v2\/users\/2"}],"replies":[{"embeddable":true,"href":"https:\/\/nuovi-lavori.it\/index.php\/wp-json\/wp\/v2\/comments?post=388"}],"version-history":[{"count":0,"href":"https:\/\/nuovi-lavori.it\/index.php\/wp-json\/wp\/v2\/posts\/388\/revisions"}],"wp:featuredmedia":[{"embeddable":true,"href":"https:\/\/nuovi-lavori.it\/index.php\/wp-json\/wp\/v2\/media\/387"}],"wp:attachment":[{"href":"https:\/\/nuovi-lavori.it\/index.php\/wp-json\/wp\/v2\/media?parent=388"}],"wp:term":[{"taxonomy":"category","embeddable":true,"href":"https:\/\/nuovi-lavori.it\/index.php\/wp-json\/wp\/v2\/categories?post=388"},{"taxonomy":"post_tag","embeddable":true,"href":"https:\/\/nuovi-lavori.it\/index.php\/wp-json\/wp\/v2\/tags?post=388"}],"curies":[{"name":"wp","href":"https:\/\/api.w.org\/{rel}","templated":true}]}}