{"id":4019,"date":"2020-10-27T10:21:42","date_gmt":"2020-10-27T09:21:42","guid":{"rendered":"http:\/\/5.249.146.118\/dante-nostro-contemporaneo\/"},"modified":"2020-10-27T10:21:42","modified_gmt":"2020-10-27T09:21:42","slug":"dante-nostro-contemporaneo","status":"publish","type":"post","link":"https:\/\/nuovi-lavori.it\/index.php\/dante-nostro-contemporaneo\/","title":{"rendered":"&#8220;Dante, nostro contemporaneo&#8221;."},"content":{"rendered":"<p style=\"text-align: justify;\">Celebrare Dante a settecento anni dalla morte significa non solo rendere il doveroso omaggio a un grande italiano che ha raggiunto, per giudizio pressoch\u00e9 unanime, le vette pi\u00f9 alte delle letterature di tutti i tempi. Significa anche continuare a interrogarsi a fondo sull\u2019impegnativo ed esigente patrimonio consegnatoci da questo straordinario intellettuale completo sotto ogni profilo che fece dell\u2019impegno civile, morale e religioso la ragione stessa della sua incomparabile produzione artistica.<\/p>\n<p style=\"text-align: justify;\"><span>Raramente, infatti, nella storia della letteratura si riscontrano, in una sola personalit\u00e0, gli ideali pi\u00f9 alti di umanit\u00e0 e la coincidenza di una vicenda personale dolorosa e travagliata, assolutamente coerente. Vita e letteratura, ideale e reale, parola e pensiero, si incrociano e si fondono in una sintesi di eccezionale grandezza.<\/span><\/p>\n<p style=\"text-align: justify;\"><span>Dante \u00e8 figlio del suo tempo, il Medioevo. Forse ne \u00e8 il figlio migliore. \u00c8 anche figlio di Firenze, pur se, nel clima polemico attraversato, si sentir\u00e0 costretto \u2014 certamente a malincuore \u2014 a precisare \u00abper nascita, non per costumi\u00bb. \u00c8, infine, figlio di quell\u2019Italia \u00abnave senza nocchiere in gran tempesta\u00bb, un\u2019Italia che non esisteva se non come \u00abespressione geografica\u00bb ma che rappresentava il suo sogno esistenziale e il suo orizzonte politico ideale.<\/span><\/p>\n<p style=\"text-align: justify;\"><span>Nella sua mente eccelsa, nella sua prodigiosa tensione poetica, si fondono e si svelano per intero la storia, il sapere e la sapienza del suo tempo che fu, come ben sappiamo, tutt\u2019altro che buio e oscuro.<\/span><\/p>\n<p style=\"text-align: justify;\"><span>Ma Dante va oltre: ne intuisce le crepe e i cedimenti; ne denuncia, con implacabile e sofferta lucidit\u00e0, i vizi, i tradimenti, le corruzioni. Ne prevede e, in qualche modo, ne anticipa il tramonto. Dante \u00e8 l\u2019uomo che ne indica la crisi. Colui che riassume e porta a compimento il suo secolo ma che nel contempo lo supera e lo trascende, in una dimensione decisamente universale.<\/span><\/p>\n<p style=\"text-align: justify;\"><span>La Patria \u2014 intesa come comunit\u00e0 di persone che avvertono la condivisione di origini, storia, lingua, valori, destino \u2014 \u00e8 un concetto preesistente alla sua realizzazione in unit\u00e0 politica e statale. Dante \u00e8 in realt\u00e0 il grande profeta dell\u2019Italia, un patriota visionario, destinato, quasi biblicamente, a scorgere ma non a calcare la Terra vagheggiata e promessa. Il contributo artistico, culturale e linguistico che Dante ha fornito alla formazione dell\u2019Italia \u00e8 immenso e inestimabile.<\/span><\/p>\n<p style=\"text-align: justify;\"><span>Dante \u00e8 anche l\u2019uomo che ha portato a compimento il passaggio tra latino e volgare, riconoscendo al parlare del popolo, alla lingua \u00abnaturale\u00bb, la dignit\u00e0 letteraria e la superiorit\u00e0 comunicativa. Dante \u00e8 il poeta italiano e civile per eccellenza, che a distanza di secoli ha trasmesso alimento e ispirazione vitale anche a quella generazione di poeti, artisti e uomini politici del Risorgimento che hanno costruito l\u2019unit\u00e0 d\u2019Italia, di cui Dante \u00e8 padre e pilastro essenziale.<\/span><\/p>\n<p style=\"text-align: justify;\"><span>Dante \u00e8, ancora, l\u2019esule fiero e dolente, il maestro di morale e di coerenza. Colui che \u2014 dai luoghi ospitali che lo avevano accolto con onore, prima Verona poi Ravenna \u2014 di fronte alla proposta di comprare la revoca del provvedimento di esilio, risponde sdegnato all\u2019anonimo amico fiorentino che il ritorno all\u2019amata Firenze non potr\u00e0 mai avvenire sotto il segno della resa e dell\u2019ignominia. E scrive con eccezionale forza immaginifica: \u00abForse che non vedr\u00f2 dovunque la luce del sole e degli astri?\u00bb, ponendo cos\u00ec dei limiti etici invalicabili persino all\u2019insopprimibile e legittimo desiderio di tornare a casa.<\/span><\/p>\n<p style=\"text-align: justify;\"><span>Ma cos\u00ec come Dante e la sua poesia trascendono la loro dimensione temporale, trascendono anche quella geografica. Dante \u00e8 il pi\u00f9 universale dei poeti italiani. Lo manifesta con evidenza lo studio attento e denso di ammirazione che, a ogni latitudine e in ogni secolo, si \u00e8 sviluppato nei suoi confronti e nei confronti della Commedia.<\/span><\/p>\n<p style=\"text-align: justify;\"><span>Poeti, letterati, filosofi, critici, storici della letteratura, intellettuali di tutto il mondo \u2014 in questi sette secoli, che ci separano dalla sua morte \u2014 hanno scandagliato Dante e i suoi versi, amandoli, imitandoli, persino a volte criticandoli, traducendoli, dissezionandoli alla ricerca, per amore o per ambizione, della cifra della sua inarrivabile grandezza.<\/span><\/p>\n<p style=\"text-align: justify;\"><span>La potente visione poetica dantesca dell\u2019ultraterreno ha ispirato opere letterarie, figurative, musicali, teatrali e cinematografiche. Dante non \u00e8 solo una pietra miliare della letteratura mondiale. Ne \u00e8 anche una pietra di paragone, che svela e distingue l\u2019oro autentico da quello falso. E, anche, se vogliamo, una pietra di scandalo. Lo scandalo del racconto, senza veli o infingimenti, di un\u2019umanit\u00e0 fragile, in perenne e faticoso cammino alla ricerca di senso e di felicit\u00e0.<\/span><\/p>\n<p style=\"text-align: justify;\"><span>Al netto della complessit\u00e0, delle potenti raffigurazioni allegoriche, della sofisticata costruzione letteraria, la <\/span><span><em>Commedia<\/em><\/span><span> parla, all\u2019uomo, dell\u2019uomo. \u00c8 uno specchio di passioni, cadute, aspirazioni e ambizioni. Un viaggio senza tempo e senza spazio che attraversa, come un bisturi affilato, i recessi pi\u00f9 misteriosi dell\u2019animo umano. Come ha notato con estrema finezza Thomas Stearns Eliot, \u00abLa <\/span><span><em>Divina Commedia<\/em><\/span><span> esprime nell\u2019ambito dell\u2019emozione tutto ci\u00f2 che, compreso tra la disperazione della depravazione e la visione della beatitudine, l\u2019uomo \u00e8 capace di sperimentare\u00bb.<\/span><\/p>\n<p style=\"text-align: justify;\"><span>Dante era ben consapevole del valore inestimabile della sua opera, scritta per i posteri e non per compiacere i suoi contemporanei. I capolavori, nell\u2019arte, si misurano con la loro capacit\u00e0 di produrre frutti a distanza e di durare a lungo nel tempo. Lo stesso metro che vale per le imprese storiche.<\/span><\/p>\n<p style=\"text-align: justify;\"><span>\u00c8 vero che figure come quella dantesca devono essere esaminate sotto la luce dell\u2019universalit\u00e0 e non sotto quella, assai pi\u00f9 consunta, dell\u2019attualit\u00e0. Ma, forse, anche oggi si avverte una grande necessit\u00e0 di guardare di pi\u00f9 a Dante, al suo esempio, alla sua capacit\u00e0 di visione e alla sua lungimiranza, artistica e civile.<\/span><\/p>\n<p style=\"text-align: justify;\"><span>Ha scritto Jorge Luis Borges, lettore attento e devoto di Dante: \u00abLa <\/span><span><em>Commedia<\/em><\/span><span> \u00e8 un libro che tutti dovremmo leggere. Non farlo significa privarci del dono pi\u00f9 grande che la letteratura pu\u00f2 farci\u00bb.<\/span><\/p>\n<p style=\"text-align: justify;\"><span>Possiamo allora ben dire, con la fierezza dei figli, che lo spirito dantesco si \u00e8 irradiato, dall\u2019Italia al mondo, illuminandolo di poesia, di bellezza, di passione, di coraggio.<\/span><\/p>\n<p style=\"text-align: justify;\">\u00a0<\/p>\n<p style=\"text-align: justify;\"><span><em>* discorso pronunciato dal Capo dello Stato.<\/em><\/span><span><em>sabato 3 ottobre, a Roma, nel cortile d\u2019onore del Quirinale, in occasione delle celebrazioni per i 700 anni dalla morte di Dante, nato a Firenze nel 1265 e scomparso a Ravenna nel 1321.<\/em><\/span><\/p>\n","protected":false},"excerpt":{"rendered":"<p>Celebrare Dante a settecento anni dalla morte significa non solo rendere il doveroso omaggio a un grande italiano che ha raggiunto, per giudizio pressoch\u00e9 unanime, le vette pi\u00f9 alte delle letterature di tutti i tempi. Significa anche continuare a interrogarsi a fondo sull\u2019impegnativo ed esigente patrimonio consegnatoci da questo straordinario intellettuale completo sotto ogni profilo [&hellip;]<\/p>\n","protected":false},"author":2,"featured_media":4018,"comment_status":"open","ping_status":"open","sticky":false,"template":"","format":"standard","meta":{"footnotes":""},"categories":[9],"tags":[],"class_list":["post-4019","post","type-post","status-publish","format-standard","has-post-thumbnail","hentry","category-newsletter"],"yoast_head":"<!-- This site is optimized with the Yoast SEO plugin v27.4 - https:\/\/yoast.com\/product\/yoast-seo-wordpress\/ -->\n<title>&quot;Dante, nostro contemporaneo&quot;. - Nuovi Lavori<\/title>\n<meta name=\"robots\" content=\"index, follow, max-snippet:-1, max-image-preview:large, max-video-preview:-1\" \/>\n<link rel=\"canonical\" href=\"https:\/\/nuovi-lavori.it\/index.php\/dante-nostro-contemporaneo\/\" \/>\n<meta property=\"og:locale\" content=\"it_IT\" \/>\n<meta property=\"og:type\" content=\"article\" \/>\n<meta property=\"og:title\" content=\"&quot;Dante, nostro contemporaneo&quot;. - Nuovi Lavori\" \/>\n<meta property=\"og:description\" content=\"Celebrare Dante a settecento anni dalla morte significa non solo rendere il doveroso omaggio a un grande italiano che ha raggiunto, per giudizio pressoch\u00e9 unanime, le vette pi\u00f9 alte delle letterature di tutti i tempi. Significa anche continuare a interrogarsi a fondo sull\u2019impegnativo ed esigente patrimonio consegnatoci da questo straordinario intellettuale completo sotto ogni profilo [&hellip;]\" \/>\n<meta property=\"og:url\" content=\"https:\/\/nuovi-lavori.it\/index.php\/dante-nostro-contemporaneo\/\" \/>\n<meta property=\"og:site_name\" content=\"Nuovi Lavori\" \/>\n<meta property=\"article:published_time\" content=\"2020-10-27T09:21:42+00:00\" \/>\n<meta property=\"og:image\" content=\"https:\/\/nuovi-lavori.it\/wp-content\/uploads\/2020\/10\/images_Schermata-2020-10-27-alle-10.20.52.png\" \/>\n\t<meta property=\"og:image:width\" content=\"666\" \/>\n\t<meta property=\"og:image:height\" content=\"736\" \/>\n\t<meta property=\"og:image:type\" content=\"image\/png\" \/>\n<meta name=\"author\" content=\"Lia\" \/>\n<meta name=\"twitter:card\" content=\"summary_large_image\" \/>\n<meta name=\"twitter:label1\" content=\"Scritto da\" \/>\n\t<meta name=\"twitter:data1\" content=\"Lia\" \/>\n\t<meta name=\"twitter:label2\" content=\"Tempo di lettura stimato\" \/>\n\t<meta name=\"twitter:data2\" content=\"5 minuti\" \/>\n<script type=\"application\/ld+json\" class=\"yoast-schema-graph\">{\"@context\":\"https:\\\/\\\/schema.org\",\"@graph\":[{\"@type\":\"Article\",\"@id\":\"https:\\\/\\\/nuovi-lavori.it\\\/index.php\\\/dante-nostro-contemporaneo\\\/#article\",\"isPartOf\":{\"@id\":\"https:\\\/\\\/nuovi-lavori.it\\\/index.php\\\/dante-nostro-contemporaneo\\\/\"},\"author\":{\"name\":\"Lia\",\"@id\":\"https:\\\/\\\/nuovi-lavori.it\\\/#\\\/schema\\\/person\\\/381e9894ea394d41738d8d55e63fc0da\"},\"headline\":\"&#8220;Dante, nostro contemporaneo&#8221;.\",\"datePublished\":\"2020-10-27T09:21:42+00:00\",\"mainEntityOfPage\":{\"@id\":\"https:\\\/\\\/nuovi-lavori.it\\\/index.php\\\/dante-nostro-contemporaneo\\\/\"},\"wordCount\":1001,\"commentCount\":0,\"publisher\":{\"@id\":\"https:\\\/\\\/nuovi-lavori.it\\\/#organization\"},\"image\":{\"@id\":\"https:\\\/\\\/nuovi-lavori.it\\\/index.php\\\/dante-nostro-contemporaneo\\\/#primaryimage\"},\"thumbnailUrl\":\"https:\\\/\\\/nuovi-lavori.it\\\/wp-content\\\/uploads\\\/2020\\\/10\\\/images_Schermata-2020-10-27-alle-10.20.52.png\",\"articleSection\":[\"Newsletter\"],\"inLanguage\":\"it-IT\",\"potentialAction\":[{\"@type\":\"CommentAction\",\"name\":\"Comment\",\"target\":[\"https:\\\/\\\/nuovi-lavori.it\\\/index.php\\\/dante-nostro-contemporaneo\\\/#respond\"]}]},{\"@type\":\"WebPage\",\"@id\":\"https:\\\/\\\/nuovi-lavori.it\\\/index.php\\\/dante-nostro-contemporaneo\\\/\",\"url\":\"https:\\\/\\\/nuovi-lavori.it\\\/index.php\\\/dante-nostro-contemporaneo\\\/\",\"name\":\"\\\"Dante, nostro contemporaneo\\\". - Nuovi Lavori\",\"isPartOf\":{\"@id\":\"https:\\\/\\\/nuovi-lavori.it\\\/#website\"},\"primaryImageOfPage\":{\"@id\":\"https:\\\/\\\/nuovi-lavori.it\\\/index.php\\\/dante-nostro-contemporaneo\\\/#primaryimage\"},\"image\":{\"@id\":\"https:\\\/\\\/nuovi-lavori.it\\\/index.php\\\/dante-nostro-contemporaneo\\\/#primaryimage\"},\"thumbnailUrl\":\"https:\\\/\\\/nuovi-lavori.it\\\/wp-content\\\/uploads\\\/2020\\\/10\\\/images_Schermata-2020-10-27-alle-10.20.52.png\",\"datePublished\":\"2020-10-27T09:21:42+00:00\",\"breadcrumb\":{\"@id\":\"https:\\\/\\\/nuovi-lavori.it\\\/index.php\\\/dante-nostro-contemporaneo\\\/#breadcrumb\"},\"inLanguage\":\"it-IT\",\"potentialAction\":[{\"@type\":\"ReadAction\",\"target\":[\"https:\\\/\\\/nuovi-lavori.it\\\/index.php\\\/dante-nostro-contemporaneo\\\/\"]}]},{\"@type\":\"ImageObject\",\"inLanguage\":\"it-IT\",\"@id\":\"https:\\\/\\\/nuovi-lavori.it\\\/index.php\\\/dante-nostro-contemporaneo\\\/#primaryimage\",\"url\":\"https:\\\/\\\/nuovi-lavori.it\\\/wp-content\\\/uploads\\\/2020\\\/10\\\/images_Schermata-2020-10-27-alle-10.20.52.png\",\"contentUrl\":\"https:\\\/\\\/nuovi-lavori.it\\\/wp-content\\\/uploads\\\/2020\\\/10\\\/images_Schermata-2020-10-27-alle-10.20.52.png\",\"width\":666,\"height\":736},{\"@type\":\"BreadcrumbList\",\"@id\":\"https:\\\/\\\/nuovi-lavori.it\\\/index.php\\\/dante-nostro-contemporaneo\\\/#breadcrumb\",\"itemListElement\":[{\"@type\":\"ListItem\",\"position\":1,\"name\":\"Home\",\"item\":\"https:\\\/\\\/nuovi-lavori.it\\\/\"},{\"@type\":\"ListItem\",\"position\":2,\"name\":\"Newsletter\",\"item\":\"https:\\\/\\\/nuovi-lavori.it\\\/index.php\\\/category\\\/newsletter\\\/\"},{\"@type\":\"ListItem\",\"position\":3,\"name\":\"&#8220;Dante, nostro contemporaneo&#8221;.\"}]},{\"@type\":\"WebSite\",\"@id\":\"https:\\\/\\\/nuovi-lavori.it\\\/#website\",\"url\":\"https:\\\/\\\/nuovi-lavori.it\\\/\",\"name\":\"Nuovi Lavori\",\"description\":\"\",\"publisher\":{\"@id\":\"https:\\\/\\\/nuovi-lavori.it\\\/#organization\"},\"potentialAction\":[{\"@type\":\"SearchAction\",\"target\":{\"@type\":\"EntryPoint\",\"urlTemplate\":\"https:\\\/\\\/nuovi-lavori.it\\\/?s={search_term_string}\"},\"query-input\":{\"@type\":\"PropertyValueSpecification\",\"valueRequired\":true,\"valueName\":\"search_term_string\"}}],\"inLanguage\":\"it-IT\"},{\"@type\":\"Organization\",\"@id\":\"https:\\\/\\\/nuovi-lavori.it\\\/#organization\",\"name\":\"Nuovi Lavori\",\"url\":\"https:\\\/\\\/nuovi-lavori.it\\\/\",\"logo\":{\"@type\":\"ImageObject\",\"inLanguage\":\"it-IT\",\"@id\":\"https:\\\/\\\/nuovi-lavori.it\\\/#\\\/schema\\\/logo\\\/image\\\/\",\"url\":\"http:\\\/\\\/5.249.146.118\\\/wp-content\\\/uploads\\\/2013\\\/11\\\/images_logonl.jpg\",\"contentUrl\":\"http:\\\/\\\/5.249.146.118\\\/wp-content\\\/uploads\\\/2013\\\/11\\\/images_logonl.jpg\",\"width\":400,\"height\":327,\"caption\":\"Nuovi Lavori\"},\"image\":{\"@id\":\"https:\\\/\\\/nuovi-lavori.it\\\/#\\\/schema\\\/logo\\\/image\\\/\"},\"sameAs\":[\"https:\\\/\\\/www.youtube.com\\\/user\\\/newsletteranl\"]},{\"@type\":\"Person\",\"@id\":\"https:\\\/\\\/nuovi-lavori.it\\\/#\\\/schema\\\/person\\\/381e9894ea394d41738d8d55e63fc0da\",\"name\":\"Lia\",\"image\":{\"@type\":\"ImageObject\",\"inLanguage\":\"it-IT\",\"@id\":\"https:\\\/\\\/secure.gravatar.com\\\/avatar\\\/1c1ab5e88d6553d3bd7303b8f064565e43a5f4bcf8fa0acc18820db78be45882?s=96&d=mm&r=g\",\"url\":\"https:\\\/\\\/secure.gravatar.com\\\/avatar\\\/1c1ab5e88d6553d3bd7303b8f064565e43a5f4bcf8fa0acc18820db78be45882?s=96&d=mm&r=g\",\"contentUrl\":\"https:\\\/\\\/secure.gravatar.com\\\/avatar\\\/1c1ab5e88d6553d3bd7303b8f064565e43a5f4bcf8fa0acc18820db78be45882?s=96&d=mm&r=g\",\"caption\":\"Lia\"},\"url\":\"https:\\\/\\\/nuovi-lavori.it\\\/index.php\\\/author\\\/lia\\\/\"}]}<\/script>\n<!-- \/ Yoast SEO plugin. -->","yoast_head_json":{"title":"\"Dante, nostro contemporaneo\". - Nuovi Lavori","robots":{"index":"index","follow":"follow","max-snippet":"max-snippet:-1","max-image-preview":"max-image-preview:large","max-video-preview":"max-video-preview:-1"},"canonical":"https:\/\/nuovi-lavori.it\/index.php\/dante-nostro-contemporaneo\/","og_locale":"it_IT","og_type":"article","og_title":"\"Dante, nostro contemporaneo\". - Nuovi Lavori","og_description":"Celebrare Dante a settecento anni dalla morte significa non solo rendere il doveroso omaggio a un grande italiano che ha raggiunto, per giudizio pressoch\u00e9 unanime, le vette pi\u00f9 alte delle letterature di tutti i tempi. Significa anche continuare a interrogarsi a fondo sull\u2019impegnativo ed esigente patrimonio consegnatoci da questo straordinario intellettuale completo sotto ogni profilo [&hellip;]","og_url":"https:\/\/nuovi-lavori.it\/index.php\/dante-nostro-contemporaneo\/","og_site_name":"Nuovi Lavori","article_published_time":"2020-10-27T09:21:42+00:00","og_image":[{"width":666,"height":736,"url":"https:\/\/nuovi-lavori.it\/wp-content\/uploads\/2020\/10\/images_Schermata-2020-10-27-alle-10.20.52.png","type":"image\/png"}],"author":"Lia","twitter_card":"summary_large_image","twitter_misc":{"Scritto da":"Lia","Tempo di lettura stimato":"5 minuti"},"schema":{"@context":"https:\/\/schema.org","@graph":[{"@type":"Article","@id":"https:\/\/nuovi-lavori.it\/index.php\/dante-nostro-contemporaneo\/#article","isPartOf":{"@id":"https:\/\/nuovi-lavori.it\/index.php\/dante-nostro-contemporaneo\/"},"author":{"name":"Lia","@id":"https:\/\/nuovi-lavori.it\/#\/schema\/person\/381e9894ea394d41738d8d55e63fc0da"},"headline":"&#8220;Dante, nostro contemporaneo&#8221;.","datePublished":"2020-10-27T09:21:42+00:00","mainEntityOfPage":{"@id":"https:\/\/nuovi-lavori.it\/index.php\/dante-nostro-contemporaneo\/"},"wordCount":1001,"commentCount":0,"publisher":{"@id":"https:\/\/nuovi-lavori.it\/#organization"},"image":{"@id":"https:\/\/nuovi-lavori.it\/index.php\/dante-nostro-contemporaneo\/#primaryimage"},"thumbnailUrl":"https:\/\/nuovi-lavori.it\/wp-content\/uploads\/2020\/10\/images_Schermata-2020-10-27-alle-10.20.52.png","articleSection":["Newsletter"],"inLanguage":"it-IT","potentialAction":[{"@type":"CommentAction","name":"Comment","target":["https:\/\/nuovi-lavori.it\/index.php\/dante-nostro-contemporaneo\/#respond"]}]},{"@type":"WebPage","@id":"https:\/\/nuovi-lavori.it\/index.php\/dante-nostro-contemporaneo\/","url":"https:\/\/nuovi-lavori.it\/index.php\/dante-nostro-contemporaneo\/","name":"\"Dante, nostro contemporaneo\". - Nuovi Lavori","isPartOf":{"@id":"https:\/\/nuovi-lavori.it\/#website"},"primaryImageOfPage":{"@id":"https:\/\/nuovi-lavori.it\/index.php\/dante-nostro-contemporaneo\/#primaryimage"},"image":{"@id":"https:\/\/nuovi-lavori.it\/index.php\/dante-nostro-contemporaneo\/#primaryimage"},"thumbnailUrl":"https:\/\/nuovi-lavori.it\/wp-content\/uploads\/2020\/10\/images_Schermata-2020-10-27-alle-10.20.52.png","datePublished":"2020-10-27T09:21:42+00:00","breadcrumb":{"@id":"https:\/\/nuovi-lavori.it\/index.php\/dante-nostro-contemporaneo\/#breadcrumb"},"inLanguage":"it-IT","potentialAction":[{"@type":"ReadAction","target":["https:\/\/nuovi-lavori.it\/index.php\/dante-nostro-contemporaneo\/"]}]},{"@type":"ImageObject","inLanguage":"it-IT","@id":"https:\/\/nuovi-lavori.it\/index.php\/dante-nostro-contemporaneo\/#primaryimage","url":"https:\/\/nuovi-lavori.it\/wp-content\/uploads\/2020\/10\/images_Schermata-2020-10-27-alle-10.20.52.png","contentUrl":"https:\/\/nuovi-lavori.it\/wp-content\/uploads\/2020\/10\/images_Schermata-2020-10-27-alle-10.20.52.png","width":666,"height":736},{"@type":"BreadcrumbList","@id":"https:\/\/nuovi-lavori.it\/index.php\/dante-nostro-contemporaneo\/#breadcrumb","itemListElement":[{"@type":"ListItem","position":1,"name":"Home","item":"https:\/\/nuovi-lavori.it\/"},{"@type":"ListItem","position":2,"name":"Newsletter","item":"https:\/\/nuovi-lavori.it\/index.php\/category\/newsletter\/"},{"@type":"ListItem","position":3,"name":"&#8220;Dante, nostro contemporaneo&#8221;."}]},{"@type":"WebSite","@id":"https:\/\/nuovi-lavori.it\/#website","url":"https:\/\/nuovi-lavori.it\/","name":"Nuovi Lavori","description":"","publisher":{"@id":"https:\/\/nuovi-lavori.it\/#organization"},"potentialAction":[{"@type":"SearchAction","target":{"@type":"EntryPoint","urlTemplate":"https:\/\/nuovi-lavori.it\/?s={search_term_string}"},"query-input":{"@type":"PropertyValueSpecification","valueRequired":true,"valueName":"search_term_string"}}],"inLanguage":"it-IT"},{"@type":"Organization","@id":"https:\/\/nuovi-lavori.it\/#organization","name":"Nuovi Lavori","url":"https:\/\/nuovi-lavori.it\/","logo":{"@type":"ImageObject","inLanguage":"it-IT","@id":"https:\/\/nuovi-lavori.it\/#\/schema\/logo\/image\/","url":"http:\/\/5.249.146.118\/wp-content\/uploads\/2013\/11\/images_logonl.jpg","contentUrl":"http:\/\/5.249.146.118\/wp-content\/uploads\/2013\/11\/images_logonl.jpg","width":400,"height":327,"caption":"Nuovi Lavori"},"image":{"@id":"https:\/\/nuovi-lavori.it\/#\/schema\/logo\/image\/"},"sameAs":["https:\/\/www.youtube.com\/user\/newsletteranl"]},{"@type":"Person","@id":"https:\/\/nuovi-lavori.it\/#\/schema\/person\/381e9894ea394d41738d8d55e63fc0da","name":"Lia","image":{"@type":"ImageObject","inLanguage":"it-IT","@id":"https:\/\/secure.gravatar.com\/avatar\/1c1ab5e88d6553d3bd7303b8f064565e43a5f4bcf8fa0acc18820db78be45882?s=96&d=mm&r=g","url":"https:\/\/secure.gravatar.com\/avatar\/1c1ab5e88d6553d3bd7303b8f064565e43a5f4bcf8fa0acc18820db78be45882?s=96&d=mm&r=g","contentUrl":"https:\/\/secure.gravatar.com\/avatar\/1c1ab5e88d6553d3bd7303b8f064565e43a5f4bcf8fa0acc18820db78be45882?s=96&d=mm&r=g","caption":"Lia"},"url":"https:\/\/nuovi-lavori.it\/index.php\/author\/lia\/"}]}},"_links":{"self":[{"href":"https:\/\/nuovi-lavori.it\/index.php\/wp-json\/wp\/v2\/posts\/4019","targetHints":{"allow":["GET"]}}],"collection":[{"href":"https:\/\/nuovi-lavori.it\/index.php\/wp-json\/wp\/v2\/posts"}],"about":[{"href":"https:\/\/nuovi-lavori.it\/index.php\/wp-json\/wp\/v2\/types\/post"}],"author":[{"embeddable":true,"href":"https:\/\/nuovi-lavori.it\/index.php\/wp-json\/wp\/v2\/users\/2"}],"replies":[{"embeddable":true,"href":"https:\/\/nuovi-lavori.it\/index.php\/wp-json\/wp\/v2\/comments?post=4019"}],"version-history":[{"count":0,"href":"https:\/\/nuovi-lavori.it\/index.php\/wp-json\/wp\/v2\/posts\/4019\/revisions"}],"wp:featuredmedia":[{"embeddable":true,"href":"https:\/\/nuovi-lavori.it\/index.php\/wp-json\/wp\/v2\/media\/4018"}],"wp:attachment":[{"href":"https:\/\/nuovi-lavori.it\/index.php\/wp-json\/wp\/v2\/media?parent=4019"}],"wp:term":[{"taxonomy":"category","embeddable":true,"href":"https:\/\/nuovi-lavori.it\/index.php\/wp-json\/wp\/v2\/categories?post=4019"},{"taxonomy":"post_tag","embeddable":true,"href":"https:\/\/nuovi-lavori.it\/index.php\/wp-json\/wp\/v2\/tags?post=4019"}],"curies":[{"name":"wp","href":"https:\/\/api.w.org\/{rel}","templated":true}]}}