{"id":4381,"date":"2021-07-12T22:01:13","date_gmt":"2021-07-12T20:01:13","guid":{"rendered":"http:\/\/5.249.146.118\/politiche-attive-per-passare-dall-assistenza-al-lavoro\/"},"modified":"2021-07-12T22:01:13","modified_gmt":"2021-07-12T20:01:13","slug":"politiche-attive-per-passare-dall-assistenza-al-lavoro","status":"publish","type":"post","link":"https:\/\/nuovi-lavori.it\/index.php\/politiche-attive-per-passare-dall-assistenza-al-lavoro\/","title":{"rendered":"Politiche attive per passare dall\u2019assistenza al lavoro"},"content":{"rendered":"<p style=\"text-align: justify;\">Tono molto soddisfatto dei Sindacati per l\u2019accordo con Governo e Imprenditori per l\u2019ulteriore proroga del divieto di licenziare (anche se in realt\u00e0 si sono aggiunte solo le aziende che hanno tavoli di crisi aperti al Ministero). Avranno pensato: forse tiriamo a fine anno prima del botto! E poi (chiaramente pensato ma non detto) con la riforma degli Ammortizzatori Sociali di Orlando chiss\u00e0 che non arrivi qualche nuova infornata di Cassa Integrazione. Dopo di che, qualunque cosa dovesse accadere, che succeda il pi\u00f9 tardi possibile!<\/p>\n<p style=\"text-align: justify;\"><span>Vorrei provare a fare qualche conto circa la consistenza di quel \u201cdopo\u201d e azzardare una panoramica sui mezzi con cui si potrebbe trattarlo.<\/span><\/p>\n<p style=\"text-align: justify;\"><span>Innanzitutto \u00e8 bene cercare di quantificare lo stock di \u201cdisoccupati Covid\u201d con cui faremo i conti, sommando i gi\u00e0 licenziati ai licenziandi del dopo-blocco, meno i riassorbiti nel frattempo. Partiamo dal dato ISTAT di maggio che segnala 2.620.000 disoccupati, compresi (secondo le nuove regole UE) coloro che sono in Cig da oltre tre mesi.\u00a0<\/span><\/p>\n<p style=\"text-align: justify;\"><span>Da notare che rispetto ad Aprile i disoccupati scendono di 36.000 unit\u00e0: molto poco, ma guarda caso esattamente corrispondente all\u2019aumento del numero di occupati nello stesso periodo; quest\u2019ultimo \u00e8 determinato da un aumento di 93.000 lavoratori a termine e un calo di circa 60.000 autonomi: segno flebile ma evidente che le nuove assunzioni stanno cominciando a svuotare il serbatoio di disoccupati che in tutti questi mesi si era venuto formando.\u00a0<\/span>\u00a0<\/p>\n<p style=\"text-align: justify;\"><span>Per la composizione di questo stock di disoccupati dobbiamo ricorrere ad un po\u2019 di empirismo: secondo ISTAT (serie storiche corrette alle nuove disposizioni UE) i dipendenti a tempo indeterminato a maggio 2021 sono circa 350.000 in meno rispetto a Febbraio 2020, ma tra questi sono compresi oltre 20.000 pensionati; i tempi determinati sono pi\u00f9 o meno equivalenti (recuperando un crollo di oltre 300.000 unit\u00e0), mentre gli autonomi sono caduti a meno 430.000. Statisticamente lo stock di disoccupati attuali parrebbe essere dovuto per quasi 800.000 unit\u00e0 (il 30% del totale) al calo di tempi indeterminati ed autonomi.\u00a0<\/span><\/p>\n<p style=\"text-align: justify;\"><span>E gli altri? Non \u00e8 possibile ottenere dati aggiornati dall\u2019INPS sui fruitori di prestazioni CIG, quindi non possiamo azzardare ipotesi su quanti del 1.820.000 disoccupati rimanenti siano cassintegrati in attesa che scada il divieto di licenziamento. Anche perch\u00e9 non si pu\u00f2 sapere se e quanti siano tra i disoccupati i giovani che cercano occupazione. Si pu\u00f2 solo segnalare una tendenza positiva: gli \u201cattivi\u201d sono cresciuti di 570.000 unit\u00e0 rispetto a maggio 2020.\u00a0<\/span><\/p>\n<p style=\"text-align: justify;\"><span>La discussione non \u00e8 accademica: coi giovani in cerca di prima occupazione si possono utilizzare politiche diverse da quelle di un ex lavoratore, magari licenziato e in l\u00e0 con gli anni. Comunque se con un\u2019operazione un po\u2019 discutibile sul piano metodologico sottraiamo gli \u201cattivi\u201d allo stock residuo arriviamo ad una cifra tra 1.200.000 e 1.300.000. Un controllo sull\u2019attendibilit\u00e0 di questo dato si pu\u00f2 fare empiricamente a partire dal dato di aprile 2021, quando 5.300.000 erano i lavoratori in cig: oggi, ci informa l\u2019INPS, le ore autorizzate sono il 76% in meno, che in termini di ULA ( Unit\u00e0 di Lavoro Equivalente a Tempo Pieno) ci fornisce un dato di 1.220.000 cassintegrati attuali. Per cui potremmo ragionare su una composizione del <strong>\u201c<em>plateau disoccupati<\/em>\u201d pi\u00f9 o meno di questo tipo: 320.000 licenziati e percettori di Naspi (INPS aprile 2021), 1.220.000 cassintegrati con licenziamento congelato, 570.000 \u201cattivi\u201d, per un totale di 2.110.000 unit\u00e0, cui occorre aggiungere 430.000 occupati persi nel lavoro autonomo.<\/strong> Questo, cosa pi\u00f9\u00a0<\/span>cosa meno, \u00e8 il numero di persone che andranno aiutate con politiche attive del lavoro a trovare nuova occupazione.\u00a0<\/p>\n<p style=\"text-align: justify;\"><span>Quante di queste verranno occupate dalle dinamiche spontanee del mercato? Confindustria, per i comparti che rappresenta, prevede per il 2021 innanzitutto un incremento delle ore lavorate e a traino un aumento delle ULA fino al 3,8%, tuttavia il numero delle persone occupate potrebbe perdere il 1,4% per via delle chiusure\/ristrutturazioni aziendali. Bankitalia prevede che l\u2019aumento di ULA dovrebbe addirittura seguire il tasso previsto di crescita del PIL, quindi superare il 4%. Poich\u00e9 il rapporto tra ULA e occupati \u00e8 normalmente attorno al 90%, \u00e8 ipotizzabile parlare di circa 800.000 occupati in pi\u00f9. Tuttavia, secondo i dati Confindustria, questa crescita di ULA potrebbe accompagnarsi ad un calo di oltre 300.000 occupati part time, autonomi, stagionali, ecc. Il che mostra una frammentazione notevole nelle dinamiche di ricollocazione del nostro stock.<\/span><\/p>\n<p style=\"text-align: justify;\"><span>Le previsioni in generale segnalano una ripresa forte del comparto manifatturiero e delle costruzioni con robuste ricadute sull\u2019occupazione; il comparto dei servizi \u00e8 ancora zavorrato, ma d\u00e0 segni di ripresa soprattutto nel comparto turismo-ristorazione (legato evidentemente alla stagionalit\u00e0) con ricadute occupazionali soprattutto nei contratti a termine.\u00a0<\/span><\/p>\n<p style=\"text-align: justify;\"><span>In generale, per\u00f2, la ripresa sembra ricalcare uno schema a K, con settori che crescono con forte velocit\u00e0: il Financial Times\u00a0 (Start Magazine 7 luglio)\u00a0 segnala\u00a0 ad aprile una crescita dell\u2019export del 6% rispetto a gennaio, contro l\u20191% di Germania e Francia; merito soprattutto delle aziende che hanno intensificato la loro presenza sulla rete. Nel 2015 solo un\u2019azienda su dieci pensava di utilizzare la tecnologia digitale. Da allora il progresso \u00e9 stato costante e la presenza italiana in quel grande negozio virtuale, creato da internet, \u00e9 divenuta massiccia. Ma la distanza tra imprese digitalizzate e quelle che non lo sono (servizi a basso valore aggiunto, manifatture tradizionali non inserite in filiere \u2013 la gamba rivolta in basso della K)\u00a0<\/span>aumenta rapidamente, con impatti corrispondenti sull\u2019occupazione: di alto profilo professionale e adeguata retribuzione per le prime, di scarso contenuto e scarsa retribuzione per le seconde.\u00a0<\/p>\n<p style=\"text-align: justify;\"><span>Tuttavia l\u2019impatto di questa dinamica sul rapporto domanda-offerta di lavoro non sembra produrre effetti differenti sulle diverse fasce del Mercato del Lavoro. Come mai? Molto utile per conoscere la dinamica del mercato rispetto al nostro stock di disoccupati \u00e8 l\u2019Osservatorio Excelsior di Unioncamere: per il trimestre Giugno-Agosto <strong>le aziende cercano 560.000 dipendenti<\/strong> da assumere, ma segnalano che <strong>il 30% \u00e8 di difficile reperimento.<\/strong><\/span><\/p>\n<p style=\"text-align: justify;\"><span>Le maggiori difficolt\u00e0 si riscontrano nelle professionalit\u00e0 pi\u00f9 alte: dirigenti, professioni con elevata specializzazione e tecnici (p.es medici, farmacisti, informatici) che hanno un indice di difficolt\u00e0 di reperimento superiore al 43%, ma che rappresentano soltanto 92.000 unit\u00e0 rispetto a quelle ricercate. Peggio per la fascia Operai specializzati e conduttori di impianti e macchine, per i quali la difficolt\u00e0 di reperimento \u00e8 poco inferiore al 40%, ma per quantit\u00e0 decisamente superiori: 173.000. Perfino per le professioni non qualificate (manovali, facchini, corrieri, addetti alle pulizie) l\u2019indice di difficile reperibilit\u00e0 supera il 18%; e per le professioni legate al turismo (cuochi, camerieri, ecc.)\u00a0 l\u2019indice sfiora addirittura il 30%. Ma la cosa pi\u00f9 rilevante \u00e8 la causa del mismatch: il dato totale dice che il 12,8% \u00e8 dovuto alla preparazione inadeguata dei candidati, ma il 15,3% proprio alla <strong>mancanza di candidati. Per questa ragione <\/strong>su 560.000 persone che le imprese vorrebbero assumere da qui ad agosto, 186.000 non verranno E tra queste la maggioranza non per mancanza di formazione ma perch\u00e9 <strong>non si candida, nemmeno per i lavori per i quali non \u00e8 richiesta nessuna particolare professionalit\u00e0<\/strong>.<\/span><\/p>\n<p style=\"text-align: justify;\"><span>Questa immagine d\u00e0 un\u2019idea del problema delle Politiche per Ricollocamento che il GOL, che \u00e8 il programma specifico all\u2019interno del PNRR dovr\u00e0 organizzare. Ci sar\u00e0 bisogno (a parte l\u2019inevitabile e conclamato intervento sul sistema di educazione-formazione, che\u00a0<\/span>comunque non potr\u00e0 dare risultati prima di qualche anno) di un forte intervento per adeguare le competenze adeguabili all\u2019infuori di un percorso formativo pluriennale: cosa che non sembra impossibile per profili quali tecnici informatici (mismatch per mancanza di competenze 24,5%), estetisti (28,5%), operai meccanici ed elettromeccanici (25,9%), conduttori di mezzi di trasporto (22,8%).<\/p>\n<p style=\"text-align: justify;\"><span>Ma altrettanto sembra determinante uno strumento che consenta di rimediare a quello che pare essere un evidente gap tecnico: abbiamo l\u2019impressione che il mismatch per mancanza di candidature sia soprattutto riconducibile ad una mancanza di informazione. Molte sono le questioni sollevate a proposito della difficolt\u00e0 di ricollocazione, tra cui l\u2019indisponibilit\u00e0 dei candidati a lavorare lontano da casa e l\u2019offerta di retribuzioni bassissime ed extracontrattuali da parte delle aziende. La seconda ragione certamente esiste ma marginalmente: le imprese target di Excelsior praticano retribuzioni contrattuali. Abbiamo l\u2019impressione che un\u2019informazione pi\u00f9 accessibile, puntuale e diffusa delle domande-offerte di lavoro potrebbe portare ad una riduzione di quel 15% di mismatch generato dalla mancanza di candidati.<\/span><\/p>\n<p style=\"text-align: justify;\"><span>Abbiamo quindi gi\u00e0 due strumenti di Politiche Attive<strong>: la formazione &#8211; riqualificazione a breve termine<\/strong> finalizzata alla rioccupazione e <strong>un sistema di informazione di vasta accessibilit\u00e0 per mettere in contatto domanda e offerta.<\/strong>\u00a0<\/span><\/p>\n<p style=\"text-align: justify;\"><span>La prima dovrebbe, in teoria, essere messa in campo da un soggetto capace di individuare sul territorio le cause del mismatch per preparazione insufficiente. Molto virtuosa potrebbe essere una cooperazione tra sistema delle imprese e CPI, che per la verit\u00e0 vedo difficile da praticare e che comunque lascerebbe aperto il problema di chi dovrebbe concretamente gestire la formazione cos\u00ec individuata. I CPI (non tutti) dispongono di \u201cscuole\u201d di Formazione Professionale, poco flessibili per adattarsi a quella che \u00e8 di fatto Formazione Continua di breve durata.\u00a0<\/span><\/p>\n<p style=\"text-align: justify;\"><span>Chi dispone del know how e degli strumenti sono le <strong>Agenzie per il Lavoro<\/strong>, che fanno normalmente questo tipo di formazione per il personale che somministrano, e i <strong>Fondi Interprofessionali<\/strong>, che sono istituzionalmente basati sul territorio. Le prime sono anche in condizione di conoscere i fabbisogni formativi del territorio grazie ai loro contatti organici con le aziende, i secondi perch\u00e9 espressione diretta sul territorio delle imprese e dei sindacati. Basterebbe consentire alle prime di entrare in un sistema finanziato con risorse pubbliche e ai secondi di intervenire anche su lavoratori non ancora dipendenti dalle imprese, ma destinati ad esserlo, magari restituendogli il prelievo forzoso istituito da Renzi.<\/span><\/p>\n<p style=\"text-align: justify;\"><span>Quanto al sistema informativo, \u00e8 opportuno prendere atto del fatto che finora le varie piattaforme a livello sia territoriale che nazionale non hanno avuto alcun successo. E mi lascia molto dubbioso l\u2019ipotesi recentemente avanzata di rendere obbligatorio per le imprese postare le proprie ricerche di personale su una piattaforma informatica nazionale: un\u2019idea che sembra discendente diretta del collocamento numerico!\u00a0<\/span><\/p>\n<p style=\"text-align: justify;\"><span>In realt\u00e0, come sottolinea il CRISP (Universit\u00e0 della Bicocca-Milano), i Mercati del Lavoro sono prevalentemente locali e le aziende si affidano alle inserzioni, alle reti di comunicazione informale e, in parte, alle Agenzie per il Lavoro. Mai ai CPI. Se si ritiene di fare un grande sforzo per riqualificare i CPI e metterli in grado di gestire, con il coordinamento di ANPAL, un sistema di banca dati interattivo, ben venga.\u00a0<\/span><\/p>\n<p style=\"text-align: justify;\"><span><strong>Ma la bomba occupazionale 2021 deve essere gestita con strumenti gi\u00e0 pronti all\u2019uso<\/strong>: in un sistema pubblico \u2013 privato a pari condizioni, che finanzi la domanda e non l\u2019offerta, si pu\u00f2 anche pensare a costruire con le imprese e gli operatori una rete pubblica che raggruppi l\u2019offerta di lavoro e che sia interfacciabile dalla domanda, utilizzando una piattaforma sul modello di quella gi\u00e0 positivamente sperimentata per Garanzia Giovani.<\/span>\u00a0<\/p>\n<p style=\"text-align: justify;\"><span>Si tratta di azioni mirate, finalizzate ad avere effetto in tempi brevi rispetto ad uno stock di disoccupati per i quali esiste una domanda e per i quali sono identificabili le ragioni del mismatch. Tuttavia forniscono gi\u00e0 un modello operativo da portare a sistema, i cui cardini devono essere (anche sulla base delle best practices finora sperimentate) la parit\u00e0 totale di accesso e funzioni tra operatori pubblici e privati accreditati, il finanziamento all\u2019offerta e non alla domanda (sistema dotale), la libert\u00e0 di scelta dell\u2019operatore ma l\u2019obbligatoriet\u00e0 di attivarla in tempi certi e la condizionalit\u00e0 ( sul modello suggerito da Nannicini, vedi industria italiana del luglio 2021)<\/span><span> \u00a0<\/span><span> per riattivare l\u2019Assegno di Ricollocazione. E infine l\u2019incardinamento su un unico soggetto (ANPAL secondo la visione che ne aveva il Jobs Act) dell\u2019erogazione del trattamento di disoccupazione, del finanziamento della Politica Attiva, dell\u2019attuazione dell\u2019eventuale provvedimento di condizionalit\u00e0.<\/span><\/p>\n<p style=\"text-align: justify;\"><span>Misure quali Contratti di Espansione, Formazione per i Cassintegrati ecc fanno certamente parte di un sistema moderno di Politiche Attive per il Lavoro, ma \u00e8 importante che il sistema resista al primo impatto, che sar\u00e0 nel secondo semestre dell\u2019anno e che di conseguenza il GOL preveda uno stanziamento adeguato: l\u2019impatto, come visto in precedenza potrebbe essere di 3-400.000 unit\u00e0 da ricollocare nel 2021 al netto (speriamo) delle dinamiche autonome di mercato; sulla base dell\u2019esperienza di Dote Unica Lombardia e riproporzionando ai numeri del Mercato del Lavoro nazionale dovrebbe essere di 7-800 mln, solo di Assegno di Ricollocazione o come lo si vorr\u00e0 chiamare, e soltanto per il secondo semestre 2021.<\/span><\/p>\n<p style=\"text-align: justify;\">\u00a0<\/p>\n<p style=\"text-align: justify;\"><span>*<\/span><span>DA MERCATO DEL LAVORO N,100, Milano 09\/07\/2021<\/span><\/p>\n<p style=\"text-align: justify;\"><span>\u00a0<\/span><\/p>\n","protected":false},"excerpt":{"rendered":"<p>Tono molto soddisfatto dei Sindacati per l\u2019accordo con Governo e Imprenditori per l\u2019ulteriore proroga del divieto di licenziare (anche se in realt\u00e0 si sono aggiunte solo le aziende che hanno tavoli di crisi aperti al Ministero). Avranno pensato: forse tiriamo a fine anno prima del botto! E poi (chiaramente pensato ma non detto) con la [&hellip;]<\/p>\n","protected":false},"author":2,"featured_media":4380,"comment_status":"open","ping_status":"open","sticky":false,"template":"","format":"standard","meta":{"footnotes":""},"categories":[9],"tags":[],"class_list":["post-4381","post","type-post","status-publish","format-standard","has-post-thumbnail","hentry","category-newsletter"],"yoast_head":"<!-- This site is optimized with the Yoast SEO plugin v27.4 - https:\/\/yoast.com\/product\/yoast-seo-wordpress\/ -->\n<title>Politiche attive per passare dall\u2019assistenza al lavoro - Nuovi Lavori<\/title>\n<meta name=\"robots\" content=\"index, follow, max-snippet:-1, max-image-preview:large, max-video-preview:-1\" \/>\n<link rel=\"canonical\" href=\"https:\/\/nuovi-lavori.it\/index.php\/politiche-attive-per-passare-dall-assistenza-al-lavoro\/\" \/>\n<meta property=\"og:locale\" content=\"it_IT\" \/>\n<meta property=\"og:type\" content=\"article\" \/>\n<meta property=\"og:title\" content=\"Politiche attive per passare dall\u2019assistenza al lavoro - Nuovi Lavori\" \/>\n<meta property=\"og:description\" content=\"Tono molto soddisfatto dei Sindacati per l\u2019accordo con Governo e Imprenditori per l\u2019ulteriore proroga del divieto di licenziare (anche se in realt\u00e0 si sono aggiunte solo le aziende che hanno tavoli di crisi aperti al Ministero). Avranno pensato: forse tiriamo a fine anno prima del botto! E poi (chiaramente pensato ma non detto) con la [&hellip;]\" \/>\n<meta property=\"og:url\" content=\"https:\/\/nuovi-lavori.it\/index.php\/politiche-attive-per-passare-dall-assistenza-al-lavoro\/\" \/>\n<meta property=\"og:site_name\" content=\"Nuovi Lavori\" \/>\n<meta property=\"article:published_time\" content=\"2021-07-12T20:01:13+00:00\" \/>\n<meta property=\"og:image\" content=\"https:\/\/nuovi-lavori.it\/wp-content\/uploads\/2021\/07\/images_politicheattive.png\" \/>\n\t<meta property=\"og:image:width\" content=\"265\" \/>\n\t<meta property=\"og:image:height\" content=\"191\" \/>\n\t<meta property=\"og:image:type\" content=\"image\/png\" \/>\n<meta name=\"author\" content=\"Lia\" \/>\n<meta name=\"twitter:card\" content=\"summary_large_image\" \/>\n<meta name=\"twitter:label1\" content=\"Scritto da\" \/>\n\t<meta name=\"twitter:data1\" content=\"Lia\" \/>\n\t<meta name=\"twitter:label2\" content=\"Tempo di lettura stimato\" \/>\n\t<meta name=\"twitter:data2\" content=\"10 minuti\" \/>\n<script type=\"application\/ld+json\" class=\"yoast-schema-graph\">{\"@context\":\"https:\\\/\\\/schema.org\",\"@graph\":[{\"@type\":\"Article\",\"@id\":\"https:\\\/\\\/nuovi-lavori.it\\\/index.php\\\/politiche-attive-per-passare-dall-assistenza-al-lavoro\\\/#article\",\"isPartOf\":{\"@id\":\"https:\\\/\\\/nuovi-lavori.it\\\/index.php\\\/politiche-attive-per-passare-dall-assistenza-al-lavoro\\\/\"},\"author\":{\"name\":\"Lia\",\"@id\":\"https:\\\/\\\/nuovi-lavori.it\\\/#\\\/schema\\\/person\\\/381e9894ea394d41738d8d55e63fc0da\"},\"headline\":\"Politiche attive per passare dall\u2019assistenza al lavoro\",\"datePublished\":\"2021-07-12T20:01:13+00:00\",\"mainEntityOfPage\":{\"@id\":\"https:\\\/\\\/nuovi-lavori.it\\\/index.php\\\/politiche-attive-per-passare-dall-assistenza-al-lavoro\\\/\"},\"wordCount\":1996,\"commentCount\":0,\"publisher\":{\"@id\":\"https:\\\/\\\/nuovi-lavori.it\\\/#organization\"},\"image\":{\"@id\":\"https:\\\/\\\/nuovi-lavori.it\\\/index.php\\\/politiche-attive-per-passare-dall-assistenza-al-lavoro\\\/#primaryimage\"},\"thumbnailUrl\":\"https:\\\/\\\/nuovi-lavori.it\\\/wp-content\\\/uploads\\\/2021\\\/07\\\/images_politicheattive.png\",\"articleSection\":[\"Newsletter\"],\"inLanguage\":\"it-IT\",\"potentialAction\":[{\"@type\":\"CommentAction\",\"name\":\"Comment\",\"target\":[\"https:\\\/\\\/nuovi-lavori.it\\\/index.php\\\/politiche-attive-per-passare-dall-assistenza-al-lavoro\\\/#respond\"]}]},{\"@type\":\"WebPage\",\"@id\":\"https:\\\/\\\/nuovi-lavori.it\\\/index.php\\\/politiche-attive-per-passare-dall-assistenza-al-lavoro\\\/\",\"url\":\"https:\\\/\\\/nuovi-lavori.it\\\/index.php\\\/politiche-attive-per-passare-dall-assistenza-al-lavoro\\\/\",\"name\":\"Politiche attive per passare dall\u2019assistenza al lavoro - Nuovi Lavori\",\"isPartOf\":{\"@id\":\"https:\\\/\\\/nuovi-lavori.it\\\/#website\"},\"primaryImageOfPage\":{\"@id\":\"https:\\\/\\\/nuovi-lavori.it\\\/index.php\\\/politiche-attive-per-passare-dall-assistenza-al-lavoro\\\/#primaryimage\"},\"image\":{\"@id\":\"https:\\\/\\\/nuovi-lavori.it\\\/index.php\\\/politiche-attive-per-passare-dall-assistenza-al-lavoro\\\/#primaryimage\"},\"thumbnailUrl\":\"https:\\\/\\\/nuovi-lavori.it\\\/wp-content\\\/uploads\\\/2021\\\/07\\\/images_politicheattive.png\",\"datePublished\":\"2021-07-12T20:01:13+00:00\",\"breadcrumb\":{\"@id\":\"https:\\\/\\\/nuovi-lavori.it\\\/index.php\\\/politiche-attive-per-passare-dall-assistenza-al-lavoro\\\/#breadcrumb\"},\"inLanguage\":\"it-IT\",\"potentialAction\":[{\"@type\":\"ReadAction\",\"target\":[\"https:\\\/\\\/nuovi-lavori.it\\\/index.php\\\/politiche-attive-per-passare-dall-assistenza-al-lavoro\\\/\"]}]},{\"@type\":\"ImageObject\",\"inLanguage\":\"it-IT\",\"@id\":\"https:\\\/\\\/nuovi-lavori.it\\\/index.php\\\/politiche-attive-per-passare-dall-assistenza-al-lavoro\\\/#primaryimage\",\"url\":\"https:\\\/\\\/nuovi-lavori.it\\\/wp-content\\\/uploads\\\/2021\\\/07\\\/images_politicheattive.png\",\"contentUrl\":\"https:\\\/\\\/nuovi-lavori.it\\\/wp-content\\\/uploads\\\/2021\\\/07\\\/images_politicheattive.png\",\"width\":265,\"height\":191},{\"@type\":\"BreadcrumbList\",\"@id\":\"https:\\\/\\\/nuovi-lavori.it\\\/index.php\\\/politiche-attive-per-passare-dall-assistenza-al-lavoro\\\/#breadcrumb\",\"itemListElement\":[{\"@type\":\"ListItem\",\"position\":1,\"name\":\"Home\",\"item\":\"https:\\\/\\\/nuovi-lavori.it\\\/\"},{\"@type\":\"ListItem\",\"position\":2,\"name\":\"Newsletter\",\"item\":\"https:\\\/\\\/nuovi-lavori.it\\\/index.php\\\/category\\\/newsletter\\\/\"},{\"@type\":\"ListItem\",\"position\":3,\"name\":\"Politiche attive per passare dall\u2019assistenza al lavoro\"}]},{\"@type\":\"WebSite\",\"@id\":\"https:\\\/\\\/nuovi-lavori.it\\\/#website\",\"url\":\"https:\\\/\\\/nuovi-lavori.it\\\/\",\"name\":\"Nuovi Lavori\",\"description\":\"\",\"publisher\":{\"@id\":\"https:\\\/\\\/nuovi-lavori.it\\\/#organization\"},\"potentialAction\":[{\"@type\":\"SearchAction\",\"target\":{\"@type\":\"EntryPoint\",\"urlTemplate\":\"https:\\\/\\\/nuovi-lavori.it\\\/?s={search_term_string}\"},\"query-input\":{\"@type\":\"PropertyValueSpecification\",\"valueRequired\":true,\"valueName\":\"search_term_string\"}}],\"inLanguage\":\"it-IT\"},{\"@type\":\"Organization\",\"@id\":\"https:\\\/\\\/nuovi-lavori.it\\\/#organization\",\"name\":\"Nuovi Lavori\",\"url\":\"https:\\\/\\\/nuovi-lavori.it\\\/\",\"logo\":{\"@type\":\"ImageObject\",\"inLanguage\":\"it-IT\",\"@id\":\"https:\\\/\\\/nuovi-lavori.it\\\/#\\\/schema\\\/logo\\\/image\\\/\",\"url\":\"http:\\\/\\\/5.249.146.118\\\/wp-content\\\/uploads\\\/2013\\\/11\\\/images_logonl.jpg\",\"contentUrl\":\"http:\\\/\\\/5.249.146.118\\\/wp-content\\\/uploads\\\/2013\\\/11\\\/images_logonl.jpg\",\"width\":400,\"height\":327,\"caption\":\"Nuovi Lavori\"},\"image\":{\"@id\":\"https:\\\/\\\/nuovi-lavori.it\\\/#\\\/schema\\\/logo\\\/image\\\/\"},\"sameAs\":[\"https:\\\/\\\/www.youtube.com\\\/user\\\/newsletteranl\"]},{\"@type\":\"Person\",\"@id\":\"https:\\\/\\\/nuovi-lavori.it\\\/#\\\/schema\\\/person\\\/381e9894ea394d41738d8d55e63fc0da\",\"name\":\"Lia\",\"image\":{\"@type\":\"ImageObject\",\"inLanguage\":\"it-IT\",\"@id\":\"https:\\\/\\\/secure.gravatar.com\\\/avatar\\\/1c1ab5e88d6553d3bd7303b8f064565e43a5f4bcf8fa0acc18820db78be45882?s=96&d=mm&r=g\",\"url\":\"https:\\\/\\\/secure.gravatar.com\\\/avatar\\\/1c1ab5e88d6553d3bd7303b8f064565e43a5f4bcf8fa0acc18820db78be45882?s=96&d=mm&r=g\",\"contentUrl\":\"https:\\\/\\\/secure.gravatar.com\\\/avatar\\\/1c1ab5e88d6553d3bd7303b8f064565e43a5f4bcf8fa0acc18820db78be45882?s=96&d=mm&r=g\",\"caption\":\"Lia\"},\"url\":\"https:\\\/\\\/nuovi-lavori.it\\\/index.php\\\/author\\\/lia\\\/\"}]}<\/script>\n<!-- \/ Yoast SEO plugin. -->","yoast_head_json":{"title":"Politiche attive per passare dall\u2019assistenza al lavoro - Nuovi Lavori","robots":{"index":"index","follow":"follow","max-snippet":"max-snippet:-1","max-image-preview":"max-image-preview:large","max-video-preview":"max-video-preview:-1"},"canonical":"https:\/\/nuovi-lavori.it\/index.php\/politiche-attive-per-passare-dall-assistenza-al-lavoro\/","og_locale":"it_IT","og_type":"article","og_title":"Politiche attive per passare dall\u2019assistenza al lavoro - Nuovi Lavori","og_description":"Tono molto soddisfatto dei Sindacati per l\u2019accordo con Governo e Imprenditori per l\u2019ulteriore proroga del divieto di licenziare (anche se in realt\u00e0 si sono aggiunte solo le aziende che hanno tavoli di crisi aperti al Ministero). Avranno pensato: forse tiriamo a fine anno prima del botto! E poi (chiaramente pensato ma non detto) con la [&hellip;]","og_url":"https:\/\/nuovi-lavori.it\/index.php\/politiche-attive-per-passare-dall-assistenza-al-lavoro\/","og_site_name":"Nuovi Lavori","article_published_time":"2021-07-12T20:01:13+00:00","og_image":[{"width":265,"height":191,"url":"https:\/\/nuovi-lavori.it\/wp-content\/uploads\/2021\/07\/images_politicheattive.png","type":"image\/png"}],"author":"Lia","twitter_card":"summary_large_image","twitter_misc":{"Scritto da":"Lia","Tempo di lettura stimato":"10 minuti"},"schema":{"@context":"https:\/\/schema.org","@graph":[{"@type":"Article","@id":"https:\/\/nuovi-lavori.it\/index.php\/politiche-attive-per-passare-dall-assistenza-al-lavoro\/#article","isPartOf":{"@id":"https:\/\/nuovi-lavori.it\/index.php\/politiche-attive-per-passare-dall-assistenza-al-lavoro\/"},"author":{"name":"Lia","@id":"https:\/\/nuovi-lavori.it\/#\/schema\/person\/381e9894ea394d41738d8d55e63fc0da"},"headline":"Politiche attive per passare dall\u2019assistenza al lavoro","datePublished":"2021-07-12T20:01:13+00:00","mainEntityOfPage":{"@id":"https:\/\/nuovi-lavori.it\/index.php\/politiche-attive-per-passare-dall-assistenza-al-lavoro\/"},"wordCount":1996,"commentCount":0,"publisher":{"@id":"https:\/\/nuovi-lavori.it\/#organization"},"image":{"@id":"https:\/\/nuovi-lavori.it\/index.php\/politiche-attive-per-passare-dall-assistenza-al-lavoro\/#primaryimage"},"thumbnailUrl":"https:\/\/nuovi-lavori.it\/wp-content\/uploads\/2021\/07\/images_politicheattive.png","articleSection":["Newsletter"],"inLanguage":"it-IT","potentialAction":[{"@type":"CommentAction","name":"Comment","target":["https:\/\/nuovi-lavori.it\/index.php\/politiche-attive-per-passare-dall-assistenza-al-lavoro\/#respond"]}]},{"@type":"WebPage","@id":"https:\/\/nuovi-lavori.it\/index.php\/politiche-attive-per-passare-dall-assistenza-al-lavoro\/","url":"https:\/\/nuovi-lavori.it\/index.php\/politiche-attive-per-passare-dall-assistenza-al-lavoro\/","name":"Politiche attive per passare dall\u2019assistenza al lavoro - Nuovi Lavori","isPartOf":{"@id":"https:\/\/nuovi-lavori.it\/#website"},"primaryImageOfPage":{"@id":"https:\/\/nuovi-lavori.it\/index.php\/politiche-attive-per-passare-dall-assistenza-al-lavoro\/#primaryimage"},"image":{"@id":"https:\/\/nuovi-lavori.it\/index.php\/politiche-attive-per-passare-dall-assistenza-al-lavoro\/#primaryimage"},"thumbnailUrl":"https:\/\/nuovi-lavori.it\/wp-content\/uploads\/2021\/07\/images_politicheattive.png","datePublished":"2021-07-12T20:01:13+00:00","breadcrumb":{"@id":"https:\/\/nuovi-lavori.it\/index.php\/politiche-attive-per-passare-dall-assistenza-al-lavoro\/#breadcrumb"},"inLanguage":"it-IT","potentialAction":[{"@type":"ReadAction","target":["https:\/\/nuovi-lavori.it\/index.php\/politiche-attive-per-passare-dall-assistenza-al-lavoro\/"]}]},{"@type":"ImageObject","inLanguage":"it-IT","@id":"https:\/\/nuovi-lavori.it\/index.php\/politiche-attive-per-passare-dall-assistenza-al-lavoro\/#primaryimage","url":"https:\/\/nuovi-lavori.it\/wp-content\/uploads\/2021\/07\/images_politicheattive.png","contentUrl":"https:\/\/nuovi-lavori.it\/wp-content\/uploads\/2021\/07\/images_politicheattive.png","width":265,"height":191},{"@type":"BreadcrumbList","@id":"https:\/\/nuovi-lavori.it\/index.php\/politiche-attive-per-passare-dall-assistenza-al-lavoro\/#breadcrumb","itemListElement":[{"@type":"ListItem","position":1,"name":"Home","item":"https:\/\/nuovi-lavori.it\/"},{"@type":"ListItem","position":2,"name":"Newsletter","item":"https:\/\/nuovi-lavori.it\/index.php\/category\/newsletter\/"},{"@type":"ListItem","position":3,"name":"Politiche attive per passare dall\u2019assistenza al lavoro"}]},{"@type":"WebSite","@id":"https:\/\/nuovi-lavori.it\/#website","url":"https:\/\/nuovi-lavori.it\/","name":"Nuovi Lavori","description":"","publisher":{"@id":"https:\/\/nuovi-lavori.it\/#organization"},"potentialAction":[{"@type":"SearchAction","target":{"@type":"EntryPoint","urlTemplate":"https:\/\/nuovi-lavori.it\/?s={search_term_string}"},"query-input":{"@type":"PropertyValueSpecification","valueRequired":true,"valueName":"search_term_string"}}],"inLanguage":"it-IT"},{"@type":"Organization","@id":"https:\/\/nuovi-lavori.it\/#organization","name":"Nuovi Lavori","url":"https:\/\/nuovi-lavori.it\/","logo":{"@type":"ImageObject","inLanguage":"it-IT","@id":"https:\/\/nuovi-lavori.it\/#\/schema\/logo\/image\/","url":"http:\/\/5.249.146.118\/wp-content\/uploads\/2013\/11\/images_logonl.jpg","contentUrl":"http:\/\/5.249.146.118\/wp-content\/uploads\/2013\/11\/images_logonl.jpg","width":400,"height":327,"caption":"Nuovi Lavori"},"image":{"@id":"https:\/\/nuovi-lavori.it\/#\/schema\/logo\/image\/"},"sameAs":["https:\/\/www.youtube.com\/user\/newsletteranl"]},{"@type":"Person","@id":"https:\/\/nuovi-lavori.it\/#\/schema\/person\/381e9894ea394d41738d8d55e63fc0da","name":"Lia","image":{"@type":"ImageObject","inLanguage":"it-IT","@id":"https:\/\/secure.gravatar.com\/avatar\/1c1ab5e88d6553d3bd7303b8f064565e43a5f4bcf8fa0acc18820db78be45882?s=96&d=mm&r=g","url":"https:\/\/secure.gravatar.com\/avatar\/1c1ab5e88d6553d3bd7303b8f064565e43a5f4bcf8fa0acc18820db78be45882?s=96&d=mm&r=g","contentUrl":"https:\/\/secure.gravatar.com\/avatar\/1c1ab5e88d6553d3bd7303b8f064565e43a5f4bcf8fa0acc18820db78be45882?s=96&d=mm&r=g","caption":"Lia"},"url":"https:\/\/nuovi-lavori.it\/index.php\/author\/lia\/"}]}},"_links":{"self":[{"href":"https:\/\/nuovi-lavori.it\/index.php\/wp-json\/wp\/v2\/posts\/4381","targetHints":{"allow":["GET"]}}],"collection":[{"href":"https:\/\/nuovi-lavori.it\/index.php\/wp-json\/wp\/v2\/posts"}],"about":[{"href":"https:\/\/nuovi-lavori.it\/index.php\/wp-json\/wp\/v2\/types\/post"}],"author":[{"embeddable":true,"href":"https:\/\/nuovi-lavori.it\/index.php\/wp-json\/wp\/v2\/users\/2"}],"replies":[{"embeddable":true,"href":"https:\/\/nuovi-lavori.it\/index.php\/wp-json\/wp\/v2\/comments?post=4381"}],"version-history":[{"count":0,"href":"https:\/\/nuovi-lavori.it\/index.php\/wp-json\/wp\/v2\/posts\/4381\/revisions"}],"wp:featuredmedia":[{"embeddable":true,"href":"https:\/\/nuovi-lavori.it\/index.php\/wp-json\/wp\/v2\/media\/4380"}],"wp:attachment":[{"href":"https:\/\/nuovi-lavori.it\/index.php\/wp-json\/wp\/v2\/media?parent=4381"}],"wp:term":[{"taxonomy":"category","embeddable":true,"href":"https:\/\/nuovi-lavori.it\/index.php\/wp-json\/wp\/v2\/categories?post=4381"},{"taxonomy":"post_tag","embeddable":true,"href":"https:\/\/nuovi-lavori.it\/index.php\/wp-json\/wp\/v2\/tags?post=4381"}],"curies":[{"name":"wp","href":"https:\/\/api.w.org\/{rel}","templated":true}]}}