{"id":4383,"date":"2021-07-12T22:04:02","date_gmt":"2021-07-12T20:04:02","guid":{"rendered":"http:\/\/5.249.146.118\/il-ritardo-digitale-un-handicap-che-punisce-i-giovani-e-il-paese\/"},"modified":"2021-07-12T22:04:02","modified_gmt":"2021-07-12T20:04:02","slug":"il-ritardo-digitale-un-handicap-che-punisce-i-giovani-e-il-paese","status":"publish","type":"post","link":"https:\/\/nuovi-lavori.it\/index.php\/il-ritardo-digitale-un-handicap-che-punisce-i-giovani-e-il-paese\/","title":{"rendered":"Il ritardo digitale, un handicap che punisce i giovani e il Paese"},"content":{"rendered":"<p style=\"text-align: justify;\">Uno degli assi centrali del PNRR, che incomincia a muovere i primi passi con l\u2019avvio delle riforme connesse, \u00e8 certamente la transizione digitale, cio\u00e8 la progressiva estensione dell\u2019economia digitale in tutti i gangli del nostro sistema produttivo e sociale, come via per una rapida ripresa dello sviluppo nel solco del modello europeo.\u00a0<\/p>\n<p style=\"text-align: justify;\"><span>L\u2019Italia in questo processo parte da posizioni di coda, frutto dell\u2019allergia innovativa della politica economica e sociale degli ultimi anni. Una situazione \u00a0 di freno che nasce dal condizionamento del conflitto, ancora non chiarito n\u00e9 risolto, tra innovazione tecnologica e occupazione. Secondo l\u2019impostazione prevalente, l\u2019introduzione massiccia delle innovazioni tecnologiche digitali (Intelligenza Artificiale e Robotica in primis) \u00e8 destinata a produrre una significativa eliminazione di posti in un mercato del lavoro gi\u00e0 largamente in difficolt\u00e0.\u00a0<\/span><\/p>\n<p style=\"text-align: justify;\"><span>Secondo le recenti stime contenute nel \u201cXXV Rapporto sull\u2019economia globale e l\u2019Italia\u201d della Fondazione Einaudi e Intesa-San Paolo, per effetto della pandemia e del ritardo nella digitalizzazione dell\u2019economia, oggi in Italia sono a rischio di perdere il lavoro almeno un milione e mezzo di lavoratori. Un picco di possibile disoccupazione che pu\u00f2 rallentare la ripresa e ridurre la competitivit\u00e0 del nostro sistema. Un segnale incontrovertibile, che mette in evidenza il limite della scelta del blocco dei licenziamenti come fatto a s\u00e9 stante e continuamente prorogabile, senza farlo accompagnare da contemporanei interventi di formazione e riqualificazione dei lavoratori in cassa integrazione e non, in modo da renderli idonei a occupare altri lavori, poich\u00e9 difficilmente molti di loro toneranno a svolgere lo stesso lavoro di prima.\u00a0<\/span><\/p>\n<p style=\"text-align: justify;\"><span>L\u2019effetto della diffusione dell\u2019economia digitale non \u00e8 tanto la semplice distruzione di buona parte del lavoro precedente ma la trasformazione\u00a0<\/span>della qualit\u00e0 del lavoro cambiando il rapporto tra la tecnologia e il ruolo di orientamento e di regolazione del fattore umano, divenendo quest\u2019ultimo sempre pi\u00f9 determinante. Nel processo di digitalizzazione \u00e8 quindi presente una alternativa tra un cambiamento qualitativo del lavoro, nel quale la tecnologia con le nuove forme dell\u2019Intelligenza Artificiale e dei Big data \u00e8 compresa e guidata dalla competenza del lavoratore, e una prospettiva nella quale la stessa tecnologia con i suoi strumenti e i suoi algoritmi diventa il fattore condizionante del lavoro attraverso l\u2019introduzione di nuove, sofisticate forme di subordinazione e di sfruttamento.\u00a0<\/p>\n<p style=\"text-align: justify;\"><span>Un drammatico dilemma tra una possibile, nuova umanizzazione del lavoro o la sua retrocessione fino all\u2019estremo di vere e proprie forme di schiavit\u00f9. Una prospettiva che costituisce una impegnativa sfida alla contrattazione collettiva e allo stesso sindacato nel suo ruolo essenziale di rappresentanza e affermazione dei diritti dei lavoratori.\u00a0<\/span><\/p>\n<p style=\"text-align: justify;\"><span>Trattandosi in gran parte di scelte orientate a costruire il futuro, la sfida interessa in particolare i giovani, il cui tasso di disoccupazione \u00e8 passato dal 28,7 al 33, 4% negli ultimi mesi, per cui la transizione digitale pu\u00f2 costituire una insperata opportunit\u00e0 per riprogettare il proprio lavoro. Ci\u00f2 che in ogni caso diventa essenziale \u00e8 una scelta strategica in direzione delle politiche attive del lavoro incentrate nell\u2019investimento sul fattore umano come soggetto decisivo della crescita e del superamento dell\u2019attuale, insufficiente preminenza delle politiche passive.\u00a0<\/span><\/p>\n<p style=\"text-align: justify;\"><span>L\u2019investimento sulla cultura come scelta di fondo, attraverso una offerta formativa incentrata sulla diffusione dell\u2019istruzione universitaria e superiore, sull\u2019estensione degli ITS come strumento di formazione qualificata circa il rapporto scuola-lavoro, sulla formazione di base relativa alle tecnologie dell\u2019informazione, in modo da unire competenza digitale e capacit\u00e0 di saper interpretare i cambiamenti.\u00a0<\/span><\/p>\n<p style=\"text-align: justify;\"><span>Un compito impegnativo sul quale fondare l\u2019avvio e lo sviluppo di una nuova stagione contrattuale del sindacato, capace di interpretare i\u00a0<\/span>cambiamenti in corso e di individuare le forme pi\u00f9 idonee per regolarli in direzione di nuovi diritti dei lavoratori. Un rinnovamento profondo che deve toccare la struttura e i contenuti della contrattazione, per capire e regolare le nuove mutevoli forme del lavoro, nei suoi caratteri di flessibilit\u00e0 e di sperimentabilit\u00e0 derivanti dalla sintesi e dall\u2019intesa tra i differenti interessi dei protagonisti dell\u2019attivit\u00e0 lavorativa. Un ruolo centrale e insostituibile della contrattazione collettiva, anche come punto di riferimento per la politica e dello stesso processo legislativo, del tutto opposto al tradizionale giudizio ideologico di tradunionismo corporativo, proprio della sinistra di ieri.<\/p>\n","protected":false},"excerpt":{"rendered":"<p>Uno degli assi centrali del PNRR, che incomincia a muovere i primi passi con l\u2019avvio delle riforme connesse, \u00e8 certamente la transizione digitale, cio\u00e8 la progressiva estensione dell\u2019economia digitale in tutti i gangli del nostro sistema produttivo e sociale, come via per una rapida ripresa dello sviluppo nel solco del modello europeo.\u00a0 L\u2019Italia in questo [&hellip;]<\/p>\n","protected":false},"author":2,"featured_media":4382,"comment_status":"open","ping_status":"open","sticky":false,"template":"","format":"standard","meta":{"footnotes":""},"categories":[9],"tags":[],"class_list":["post-4383","post","type-post","status-publish","format-standard","has-post-thumbnail","hentry","category-newsletter"],"yoast_head":"<!-- This site is optimized with the Yoast SEO plugin v27.4 - https:\/\/yoast.com\/product\/yoast-seo-wordpress\/ -->\n<title>Il ritardo digitale, un handicap che punisce i giovani e il Paese - Nuovi Lavori<\/title>\n<meta name=\"robots\" content=\"index, follow, max-snippet:-1, max-image-preview:large, max-video-preview:-1\" \/>\n<link rel=\"canonical\" href=\"https:\/\/nuovi-lavori.it\/index.php\/il-ritardo-digitale-un-handicap-che-punisce-i-giovani-e-il-paese\/\" \/>\n<meta property=\"og:locale\" content=\"it_IT\" \/>\n<meta property=\"og:type\" content=\"article\" \/>\n<meta property=\"og:title\" content=\"Il ritardo digitale, un handicap che punisce i giovani e il Paese - Nuovi Lavori\" \/>\n<meta property=\"og:description\" content=\"Uno degli assi centrali del PNRR, che incomincia a muovere i primi passi con l\u2019avvio delle riforme connesse, \u00e8 certamente la transizione digitale, cio\u00e8 la progressiva estensione dell\u2019economia digitale in tutti i gangli del nostro sistema produttivo e sociale, come via per una rapida ripresa dello sviluppo nel solco del modello europeo.\u00a0 L\u2019Italia in questo [&hellip;]\" \/>\n<meta property=\"og:url\" content=\"https:\/\/nuovi-lavori.it\/index.php\/il-ritardo-digitale-un-handicap-che-punisce-i-giovani-e-il-paese\/\" \/>\n<meta property=\"og:site_name\" content=\"Nuovi Lavori\" \/>\n<meta property=\"article:published_time\" content=\"2021-07-12T20:04:02+00:00\" \/>\n<meta property=\"og:image\" content=\"https:\/\/nuovi-lavori.it\/wp-content\/uploads\/2021\/07\/images_Italia-Digitale.jpg\" \/>\n\t<meta property=\"og:image:width\" content=\"2000\" \/>\n\t<meta property=\"og:image:height\" content=\"1540\" \/>\n\t<meta property=\"og:image:type\" content=\"image\/jpeg\" \/>\n<meta name=\"author\" content=\"Lia\" \/>\n<meta name=\"twitter:card\" content=\"summary_large_image\" \/>\n<meta name=\"twitter:label1\" content=\"Scritto da\" \/>\n\t<meta name=\"twitter:data1\" content=\"Lia\" \/>\n\t<meta name=\"twitter:label2\" content=\"Tempo di lettura stimato\" \/>\n\t<meta name=\"twitter:data2\" content=\"3 minuti\" \/>\n<script type=\"application\/ld+json\" class=\"yoast-schema-graph\">{\"@context\":\"https:\\\/\\\/schema.org\",\"@graph\":[{\"@type\":\"Article\",\"@id\":\"https:\\\/\\\/nuovi-lavori.it\\\/index.php\\\/il-ritardo-digitale-un-handicap-che-punisce-i-giovani-e-il-paese\\\/#article\",\"isPartOf\":{\"@id\":\"https:\\\/\\\/nuovi-lavori.it\\\/index.php\\\/il-ritardo-digitale-un-handicap-che-punisce-i-giovani-e-il-paese\\\/\"},\"author\":{\"name\":\"Lia\",\"@id\":\"https:\\\/\\\/nuovi-lavori.it\\\/#\\\/schema\\\/person\\\/381e9894ea394d41738d8d55e63fc0da\"},\"headline\":\"Il ritardo digitale, un handicap che punisce i giovani e il Paese\",\"datePublished\":\"2021-07-12T20:04:02+00:00\",\"mainEntityOfPage\":{\"@id\":\"https:\\\/\\\/nuovi-lavori.it\\\/index.php\\\/il-ritardo-digitale-un-handicap-che-punisce-i-giovani-e-il-paese\\\/\"},\"wordCount\":696,\"commentCount\":0,\"publisher\":{\"@id\":\"https:\\\/\\\/nuovi-lavori.it\\\/#organization\"},\"image\":{\"@id\":\"https:\\\/\\\/nuovi-lavori.it\\\/index.php\\\/il-ritardo-digitale-un-handicap-che-punisce-i-giovani-e-il-paese\\\/#primaryimage\"},\"thumbnailUrl\":\"https:\\\/\\\/nuovi-lavori.it\\\/wp-content\\\/uploads\\\/2021\\\/07\\\/images_Italia-Digitale.jpg\",\"articleSection\":[\"Newsletter\"],\"inLanguage\":\"it-IT\",\"potentialAction\":[{\"@type\":\"CommentAction\",\"name\":\"Comment\",\"target\":[\"https:\\\/\\\/nuovi-lavori.it\\\/index.php\\\/il-ritardo-digitale-un-handicap-che-punisce-i-giovani-e-il-paese\\\/#respond\"]}]},{\"@type\":\"WebPage\",\"@id\":\"https:\\\/\\\/nuovi-lavori.it\\\/index.php\\\/il-ritardo-digitale-un-handicap-che-punisce-i-giovani-e-il-paese\\\/\",\"url\":\"https:\\\/\\\/nuovi-lavori.it\\\/index.php\\\/il-ritardo-digitale-un-handicap-che-punisce-i-giovani-e-il-paese\\\/\",\"name\":\"Il ritardo digitale, un handicap che punisce i giovani e il Paese - Nuovi Lavori\",\"isPartOf\":{\"@id\":\"https:\\\/\\\/nuovi-lavori.it\\\/#website\"},\"primaryImageOfPage\":{\"@id\":\"https:\\\/\\\/nuovi-lavori.it\\\/index.php\\\/il-ritardo-digitale-un-handicap-che-punisce-i-giovani-e-il-paese\\\/#primaryimage\"},\"image\":{\"@id\":\"https:\\\/\\\/nuovi-lavori.it\\\/index.php\\\/il-ritardo-digitale-un-handicap-che-punisce-i-giovani-e-il-paese\\\/#primaryimage\"},\"thumbnailUrl\":\"https:\\\/\\\/nuovi-lavori.it\\\/wp-content\\\/uploads\\\/2021\\\/07\\\/images_Italia-Digitale.jpg\",\"datePublished\":\"2021-07-12T20:04:02+00:00\",\"breadcrumb\":{\"@id\":\"https:\\\/\\\/nuovi-lavori.it\\\/index.php\\\/il-ritardo-digitale-un-handicap-che-punisce-i-giovani-e-il-paese\\\/#breadcrumb\"},\"inLanguage\":\"it-IT\",\"potentialAction\":[{\"@type\":\"ReadAction\",\"target\":[\"https:\\\/\\\/nuovi-lavori.it\\\/index.php\\\/il-ritardo-digitale-un-handicap-che-punisce-i-giovani-e-il-paese\\\/\"]}]},{\"@type\":\"ImageObject\",\"inLanguage\":\"it-IT\",\"@id\":\"https:\\\/\\\/nuovi-lavori.it\\\/index.php\\\/il-ritardo-digitale-un-handicap-che-punisce-i-giovani-e-il-paese\\\/#primaryimage\",\"url\":\"https:\\\/\\\/nuovi-lavori.it\\\/wp-content\\\/uploads\\\/2021\\\/07\\\/images_Italia-Digitale.jpg\",\"contentUrl\":\"https:\\\/\\\/nuovi-lavori.it\\\/wp-content\\\/uploads\\\/2021\\\/07\\\/images_Italia-Digitale.jpg\",\"width\":2000,\"height\":1540},{\"@type\":\"BreadcrumbList\",\"@id\":\"https:\\\/\\\/nuovi-lavori.it\\\/index.php\\\/il-ritardo-digitale-un-handicap-che-punisce-i-giovani-e-il-paese\\\/#breadcrumb\",\"itemListElement\":[{\"@type\":\"ListItem\",\"position\":1,\"name\":\"Home\",\"item\":\"https:\\\/\\\/nuovi-lavori.it\\\/\"},{\"@type\":\"ListItem\",\"position\":2,\"name\":\"Newsletter\",\"item\":\"https:\\\/\\\/nuovi-lavori.it\\\/index.php\\\/category\\\/newsletter\\\/\"},{\"@type\":\"ListItem\",\"position\":3,\"name\":\"Il ritardo digitale, un handicap che punisce i giovani e il Paese\"}]},{\"@type\":\"WebSite\",\"@id\":\"https:\\\/\\\/nuovi-lavori.it\\\/#website\",\"url\":\"https:\\\/\\\/nuovi-lavori.it\\\/\",\"name\":\"Nuovi Lavori\",\"description\":\"\",\"publisher\":{\"@id\":\"https:\\\/\\\/nuovi-lavori.it\\\/#organization\"},\"potentialAction\":[{\"@type\":\"SearchAction\",\"target\":{\"@type\":\"EntryPoint\",\"urlTemplate\":\"https:\\\/\\\/nuovi-lavori.it\\\/?s={search_term_string}\"},\"query-input\":{\"@type\":\"PropertyValueSpecification\",\"valueRequired\":true,\"valueName\":\"search_term_string\"}}],\"inLanguage\":\"it-IT\"},{\"@type\":\"Organization\",\"@id\":\"https:\\\/\\\/nuovi-lavori.it\\\/#organization\",\"name\":\"Nuovi Lavori\",\"url\":\"https:\\\/\\\/nuovi-lavori.it\\\/\",\"logo\":{\"@type\":\"ImageObject\",\"inLanguage\":\"it-IT\",\"@id\":\"https:\\\/\\\/nuovi-lavori.it\\\/#\\\/schema\\\/logo\\\/image\\\/\",\"url\":\"http:\\\/\\\/5.249.146.118\\\/wp-content\\\/uploads\\\/2013\\\/11\\\/images_logonl.jpg\",\"contentUrl\":\"http:\\\/\\\/5.249.146.118\\\/wp-content\\\/uploads\\\/2013\\\/11\\\/images_logonl.jpg\",\"width\":400,\"height\":327,\"caption\":\"Nuovi Lavori\"},\"image\":{\"@id\":\"https:\\\/\\\/nuovi-lavori.it\\\/#\\\/schema\\\/logo\\\/image\\\/\"},\"sameAs\":[\"https:\\\/\\\/www.youtube.com\\\/user\\\/newsletteranl\"]},{\"@type\":\"Person\",\"@id\":\"https:\\\/\\\/nuovi-lavori.it\\\/#\\\/schema\\\/person\\\/381e9894ea394d41738d8d55e63fc0da\",\"name\":\"Lia\",\"image\":{\"@type\":\"ImageObject\",\"inLanguage\":\"it-IT\",\"@id\":\"https:\\\/\\\/secure.gravatar.com\\\/avatar\\\/1c1ab5e88d6553d3bd7303b8f064565e43a5f4bcf8fa0acc18820db78be45882?s=96&d=mm&r=g\",\"url\":\"https:\\\/\\\/secure.gravatar.com\\\/avatar\\\/1c1ab5e88d6553d3bd7303b8f064565e43a5f4bcf8fa0acc18820db78be45882?s=96&d=mm&r=g\",\"contentUrl\":\"https:\\\/\\\/secure.gravatar.com\\\/avatar\\\/1c1ab5e88d6553d3bd7303b8f064565e43a5f4bcf8fa0acc18820db78be45882?s=96&d=mm&r=g\",\"caption\":\"Lia\"},\"url\":\"https:\\\/\\\/nuovi-lavori.it\\\/index.php\\\/author\\\/lia\\\/\"}]}<\/script>\n<!-- \/ Yoast SEO plugin. -->","yoast_head_json":{"title":"Il ritardo digitale, un handicap che punisce i giovani e il Paese - Nuovi Lavori","robots":{"index":"index","follow":"follow","max-snippet":"max-snippet:-1","max-image-preview":"max-image-preview:large","max-video-preview":"max-video-preview:-1"},"canonical":"https:\/\/nuovi-lavori.it\/index.php\/il-ritardo-digitale-un-handicap-che-punisce-i-giovani-e-il-paese\/","og_locale":"it_IT","og_type":"article","og_title":"Il ritardo digitale, un handicap che punisce i giovani e il Paese - Nuovi Lavori","og_description":"Uno degli assi centrali del PNRR, che incomincia a muovere i primi passi con l\u2019avvio delle riforme connesse, \u00e8 certamente la transizione digitale, cio\u00e8 la progressiva estensione dell\u2019economia digitale in tutti i gangli del nostro sistema produttivo e sociale, come via per una rapida ripresa dello sviluppo nel solco del modello europeo.\u00a0 L\u2019Italia in questo [&hellip;]","og_url":"https:\/\/nuovi-lavori.it\/index.php\/il-ritardo-digitale-un-handicap-che-punisce-i-giovani-e-il-paese\/","og_site_name":"Nuovi Lavori","article_published_time":"2021-07-12T20:04:02+00:00","og_image":[{"width":2000,"height":1540,"url":"https:\/\/nuovi-lavori.it\/wp-content\/uploads\/2021\/07\/images_Italia-Digitale.jpg","type":"image\/jpeg"}],"author":"Lia","twitter_card":"summary_large_image","twitter_misc":{"Scritto da":"Lia","Tempo di lettura stimato":"3 minuti"},"schema":{"@context":"https:\/\/schema.org","@graph":[{"@type":"Article","@id":"https:\/\/nuovi-lavori.it\/index.php\/il-ritardo-digitale-un-handicap-che-punisce-i-giovani-e-il-paese\/#article","isPartOf":{"@id":"https:\/\/nuovi-lavori.it\/index.php\/il-ritardo-digitale-un-handicap-che-punisce-i-giovani-e-il-paese\/"},"author":{"name":"Lia","@id":"https:\/\/nuovi-lavori.it\/#\/schema\/person\/381e9894ea394d41738d8d55e63fc0da"},"headline":"Il ritardo digitale, un handicap che punisce i giovani e il Paese","datePublished":"2021-07-12T20:04:02+00:00","mainEntityOfPage":{"@id":"https:\/\/nuovi-lavori.it\/index.php\/il-ritardo-digitale-un-handicap-che-punisce-i-giovani-e-il-paese\/"},"wordCount":696,"commentCount":0,"publisher":{"@id":"https:\/\/nuovi-lavori.it\/#organization"},"image":{"@id":"https:\/\/nuovi-lavori.it\/index.php\/il-ritardo-digitale-un-handicap-che-punisce-i-giovani-e-il-paese\/#primaryimage"},"thumbnailUrl":"https:\/\/nuovi-lavori.it\/wp-content\/uploads\/2021\/07\/images_Italia-Digitale.jpg","articleSection":["Newsletter"],"inLanguage":"it-IT","potentialAction":[{"@type":"CommentAction","name":"Comment","target":["https:\/\/nuovi-lavori.it\/index.php\/il-ritardo-digitale-un-handicap-che-punisce-i-giovani-e-il-paese\/#respond"]}]},{"@type":"WebPage","@id":"https:\/\/nuovi-lavori.it\/index.php\/il-ritardo-digitale-un-handicap-che-punisce-i-giovani-e-il-paese\/","url":"https:\/\/nuovi-lavori.it\/index.php\/il-ritardo-digitale-un-handicap-che-punisce-i-giovani-e-il-paese\/","name":"Il ritardo digitale, un handicap che punisce i giovani e il Paese - Nuovi Lavori","isPartOf":{"@id":"https:\/\/nuovi-lavori.it\/#website"},"primaryImageOfPage":{"@id":"https:\/\/nuovi-lavori.it\/index.php\/il-ritardo-digitale-un-handicap-che-punisce-i-giovani-e-il-paese\/#primaryimage"},"image":{"@id":"https:\/\/nuovi-lavori.it\/index.php\/il-ritardo-digitale-un-handicap-che-punisce-i-giovani-e-il-paese\/#primaryimage"},"thumbnailUrl":"https:\/\/nuovi-lavori.it\/wp-content\/uploads\/2021\/07\/images_Italia-Digitale.jpg","datePublished":"2021-07-12T20:04:02+00:00","breadcrumb":{"@id":"https:\/\/nuovi-lavori.it\/index.php\/il-ritardo-digitale-un-handicap-che-punisce-i-giovani-e-il-paese\/#breadcrumb"},"inLanguage":"it-IT","potentialAction":[{"@type":"ReadAction","target":["https:\/\/nuovi-lavori.it\/index.php\/il-ritardo-digitale-un-handicap-che-punisce-i-giovani-e-il-paese\/"]}]},{"@type":"ImageObject","inLanguage":"it-IT","@id":"https:\/\/nuovi-lavori.it\/index.php\/il-ritardo-digitale-un-handicap-che-punisce-i-giovani-e-il-paese\/#primaryimage","url":"https:\/\/nuovi-lavori.it\/wp-content\/uploads\/2021\/07\/images_Italia-Digitale.jpg","contentUrl":"https:\/\/nuovi-lavori.it\/wp-content\/uploads\/2021\/07\/images_Italia-Digitale.jpg","width":2000,"height":1540},{"@type":"BreadcrumbList","@id":"https:\/\/nuovi-lavori.it\/index.php\/il-ritardo-digitale-un-handicap-che-punisce-i-giovani-e-il-paese\/#breadcrumb","itemListElement":[{"@type":"ListItem","position":1,"name":"Home","item":"https:\/\/nuovi-lavori.it\/"},{"@type":"ListItem","position":2,"name":"Newsletter","item":"https:\/\/nuovi-lavori.it\/index.php\/category\/newsletter\/"},{"@type":"ListItem","position":3,"name":"Il ritardo digitale, un handicap che punisce i giovani e il Paese"}]},{"@type":"WebSite","@id":"https:\/\/nuovi-lavori.it\/#website","url":"https:\/\/nuovi-lavori.it\/","name":"Nuovi Lavori","description":"","publisher":{"@id":"https:\/\/nuovi-lavori.it\/#organization"},"potentialAction":[{"@type":"SearchAction","target":{"@type":"EntryPoint","urlTemplate":"https:\/\/nuovi-lavori.it\/?s={search_term_string}"},"query-input":{"@type":"PropertyValueSpecification","valueRequired":true,"valueName":"search_term_string"}}],"inLanguage":"it-IT"},{"@type":"Organization","@id":"https:\/\/nuovi-lavori.it\/#organization","name":"Nuovi Lavori","url":"https:\/\/nuovi-lavori.it\/","logo":{"@type":"ImageObject","inLanguage":"it-IT","@id":"https:\/\/nuovi-lavori.it\/#\/schema\/logo\/image\/","url":"http:\/\/5.249.146.118\/wp-content\/uploads\/2013\/11\/images_logonl.jpg","contentUrl":"http:\/\/5.249.146.118\/wp-content\/uploads\/2013\/11\/images_logonl.jpg","width":400,"height":327,"caption":"Nuovi Lavori"},"image":{"@id":"https:\/\/nuovi-lavori.it\/#\/schema\/logo\/image\/"},"sameAs":["https:\/\/www.youtube.com\/user\/newsletteranl"]},{"@type":"Person","@id":"https:\/\/nuovi-lavori.it\/#\/schema\/person\/381e9894ea394d41738d8d55e63fc0da","name":"Lia","image":{"@type":"ImageObject","inLanguage":"it-IT","@id":"https:\/\/secure.gravatar.com\/avatar\/1c1ab5e88d6553d3bd7303b8f064565e43a5f4bcf8fa0acc18820db78be45882?s=96&d=mm&r=g","url":"https:\/\/secure.gravatar.com\/avatar\/1c1ab5e88d6553d3bd7303b8f064565e43a5f4bcf8fa0acc18820db78be45882?s=96&d=mm&r=g","contentUrl":"https:\/\/secure.gravatar.com\/avatar\/1c1ab5e88d6553d3bd7303b8f064565e43a5f4bcf8fa0acc18820db78be45882?s=96&d=mm&r=g","caption":"Lia"},"url":"https:\/\/nuovi-lavori.it\/index.php\/author\/lia\/"}]}},"_links":{"self":[{"href":"https:\/\/nuovi-lavori.it\/index.php\/wp-json\/wp\/v2\/posts\/4383","targetHints":{"allow":["GET"]}}],"collection":[{"href":"https:\/\/nuovi-lavori.it\/index.php\/wp-json\/wp\/v2\/posts"}],"about":[{"href":"https:\/\/nuovi-lavori.it\/index.php\/wp-json\/wp\/v2\/types\/post"}],"author":[{"embeddable":true,"href":"https:\/\/nuovi-lavori.it\/index.php\/wp-json\/wp\/v2\/users\/2"}],"replies":[{"embeddable":true,"href":"https:\/\/nuovi-lavori.it\/index.php\/wp-json\/wp\/v2\/comments?post=4383"}],"version-history":[{"count":0,"href":"https:\/\/nuovi-lavori.it\/index.php\/wp-json\/wp\/v2\/posts\/4383\/revisions"}],"wp:featuredmedia":[{"embeddable":true,"href":"https:\/\/nuovi-lavori.it\/index.php\/wp-json\/wp\/v2\/media\/4382"}],"wp:attachment":[{"href":"https:\/\/nuovi-lavori.it\/index.php\/wp-json\/wp\/v2\/media?parent=4383"}],"wp:term":[{"taxonomy":"category","embeddable":true,"href":"https:\/\/nuovi-lavori.it\/index.php\/wp-json\/wp\/v2\/categories?post=4383"},{"taxonomy":"post_tag","embeddable":true,"href":"https:\/\/nuovi-lavori.it\/index.php\/wp-json\/wp\/v2\/tags?post=4383"}],"curies":[{"name":"wp","href":"https:\/\/api.w.org\/{rel}","templated":true}]}}