{"id":46,"date":"2013-06-05T10:10:59","date_gmt":"2013-06-05T08:10:59","guid":{"rendered":"http:\/\/5.249.146.118\/lia\/"},"modified":"2013-06-05T10:10:59","modified_gmt":"2013-06-05T08:10:59","slug":"lia","status":"publish","type":"post","link":"https:\/\/nuovi-lavori.it\/index.php\/lia\/","title":{"rendered":"&#8221;In direzione ostinata e contraria&#8221;. Due testi di Don Andrea Gallo"},"content":{"rendered":"<div title=\"Page 32\">\n<p style=\"text-align: justify;\">Don Andrea Gallo \u00e8 morto il 22 maggio scorso, alle 17.45 com\u2019\u00e8 scritto nel comunicato della sua Comunit\u00e0 di San Benedetto al porto. Una vita spesa per gli ultimi, i dimenticati dalla storia degli uomini.. Per ricordarlo pubblichiamo, per gentile concessione della Casa Editrice \u201cChiarelettere\u201d, due testi (omelie) di Don Andrea tratti dal suo ultimo libro \u201cIn Cammino con Francesco. Dopo il Conclave Povert\u00e0, Giustizia, Pace\u201d (pagg. 171, \u20ac 12,00). Il libro tratta della Chiesa dei poveri. Quella Chiesa aperta a tutti e invocata da papa Francesco. \u00c8 quella di don Gallo, come dimostra questo libro che, oltre a una prima parte dedicata ai mali della Chiesa e all\u2019elezione del papa, raccoglie le omelie e gli interventi che don Gallo ha pronunciato in occasione di battesimi, funerali, matrimoni e altre occasioni andando incontro alla vita di tante persone.<\/p>\n<p><!--more--><\/p>\n<p style=\"text-align: justify;\">Il ricordo di De Andr\u00e9, Pepi Morgia, Fernanda Pivano, il console del porto di Genova Paride Batini insieme al battesimo di Antonio, immigrato alla ricerca di una casa e di un lavoro, di Germana, Francesco, Matteo&#8230;: tutte storie toccanti, di autentica umanit\u00e0, che compongono una ricchissima galleria di personaggi. Altrettanti capitoli di una comunione ritrovata nell\u2019abbraccio di un prete che crede innanzitutto nell\u2019uomo, nelle sue risorse, e che non smette di lottare per migliorare questo mondo.<\/p>\n<p style=\"text-align: justify;\">Caro Faber<\/p>\n<p style=\"text-align: justify;\">Per Fabrizio De Andr\u00e9*<\/p>\n<p style=\"text-align: justify;\">Caro Faber, da tanti anni canto con te, per dare voce agli ultimi, ai vinti, ai fragili, ai perdenti. Canto con te e con tanti ragazzi in Comunit\u00e0.<\/p>\n<p style=\"text-align: justify;\">Quanti \u00abGeordie\u00bb o \u00abMich\u00e8\u00bb, \u00abMarinella\u00bb o \u00abBocca di Rosa\u00bb vivono accanto a me, nella mia citt\u00e0 di mare che \u00e8 anche la tua. Anch\u2019io ogni giorno, come prete, \u00abverso il vino e spezzo il pane per chi ha sete e fame\u00bb. Tu, Faber, mi hai insegnato a distribuirlo, non solo tra le mura del Tempio, ma per le strade, nei vicoli pi\u00f9 oscuri, nell\u2019esclusione.<\/p>\n<p style=\"text-align: justify;\">E ho scoperto con te, camminando in via del Campo, che \u00abdai diamanti non nasce niente, dal letame nascono i fior\u00bb.<\/p>\n<p style=\"text-align: justify;\">La tua morte ci ha migliorati, Faber, come sa fare l\u2019intelligenza.<\/p>\n<p style=\"text-align: justify;\">Abbiamo riscoperto tutta la tua \u00abantologia dell\u2019amore\u00bb, una profonda inquietudine dello spirito che coincide con l\u2019aspirazione alla libert\u00e0. E soprattutto, il tuo ricordo, le tue\u00a0canzoni, ci stimolano ad andare avanti.<\/p>\n<\/div>\n<div style=\"text-align: justify;\" title=\"Page 33\">\n<div>\n<div>\n<div>\n<p>Caro Faber, tu non ci sei pi\u00f9 ma restano gli emarginati, i pregiudizi, i diversi, restano l\u2019ignoranza, l\u2019arroganza, il potere, l\u2019indifferenza.<\/p>\n<p>La Comunit\u00e0 di san Benedetto ha aperto una porta in citt\u00e0. Nel 1971, mentre ascoltavamo il tuo album, Tutti morimmo a stento, in Comunit\u00e0 bussavano tanti personaggi derelitti e abbandonati: impiccati, migranti, tossicomani, suicidi, adolescenti traviate, bimbi impazziti per l\u2019esplosione atomica.<\/p>\n<p>Il tuo album ci lasci\u00f2 una traccia indelebile. In quel tuo racconto crudo e dolente (che era ed \u00e8 la nostra vita quotidiana) abbiamo intravisto una tenue parola di speranza, perch\u00e9, come dicevi nella canzone, alla solitudine pu\u00f2 seguire l\u2019amore, come a ogni inverno segue la primavera [\u00abMa tu che vai, ma tu rimani \/ anche la neve morir\u00e0 domani \/ l\u2019amore ancora ci passer\u00e0 vicino \/ nella stagione del biancospino\u00bb, da L\u2019amore, ndr].<\/p>\n<p>\u00c8 vero, Faber, di loro, degli esclusi, dei loro \u00abocchi troppo belli\u00bb, la mia Comunit\u00e0 si sente parte. Loro sanno essere i nostri occhi belli.<\/p>\n<p>Caro Faber, grazie!<\/p>\n<p>Ti abbiamo lasciato cantando Storia di un impiegato, Canzone di Maggio. Ci sembrano troppo attuali. Ti sentiamo oggi cos\u00ec vicino, cos\u00ec stretto a noi. Grazie.<\/p>\n<p>E se credete ora che tutto sia come prima perch\u00e9 avete votato ancora la sicurezza, la disciplina, convinti di allontanare la paura di cambiare verremo ancora alle vostre porte e grideremo ancora pi\u00f9 forte per quanto voi vi crediate assolti siete per sempre coinvolti, per quanto voi vi crediate assolti siete per sempre coinvolti.<\/p>\n<p>Caro Faber, parli all\u2019uomo, amando l\u2019uomo. Stringi la mano al cuore e svegli il dubbio che Dio esista.<\/p>\n<p>Grazie.<br \/> Le ragazze e i ragazzi con don Andrea Gallo, prete da marciapiede<\/p>\n<\/div>\n<\/div>\n<div>\n<div>\n<p>* Genova, 14 gennaio 1999.<\/p>\n<p>Paure e speranze<\/p>\n<p>Per Francesca*<\/p>\n<\/div>\n<div>\n<p>&#8212;&#8212;&#8212;&#8212;&#8212;&#8212;&#8212;&#8211;<\/p>\n<\/div>\n<\/div>\n<div>\n<div>\n<p>Che morire non sia \u2013 lo disse l\u2019antico Eraclito \u2013 come svegliarsi?<\/p>\n<p>Abbandonarsi alle risorse immediate del cuore e della mente non pu\u00f2 essere un evento estemporaneo, vuol dire collocarsi in un luogo dove affluiscono i silenziosi apporti sapienziali dell\u2019assemblea, di tutti i presenti che in questo momento non sono semplicemente il pubblico, ma soggetti attivi e creativi.<\/p>\n<p>Tra noi \u00e8 presente tutta la sofferenza di questi ultimi mesi di Francesca, la dolorosa presenza di Paola e Cecilia.<\/p>\n<p>Vorrei riuscire a dire parole non mie, non di qualche poeta o scrittore, ma desidero interpretare le vostre riflessioni, le vostre sofferenze, i vostri<\/p>\n<p>scoraggiamenti, le vostre, le mie paure, e la vostra speranza.<\/p>\n<p>Io sono solo al servizio della Parola.<\/p>\n<p>Francesca ha chiuso gli occhi ma lo ha fatto con grande speranza. Dinanzi alla sua salma, ecco il grande insegnamento, ci sentiamo finalmente poveri che gemono, che<\/p>\n<\/div>\n<\/div>\n<\/div>\n<div>\n<div>\n<p>hanno gli occhi spalancati davanti alla morte, alla scomparsa di chi amiamo (non ho detto di chi abbiamo amato)!<\/p>\n<\/div>\n<\/div>\n<\/div>\n<div title=\"Page 34\">\n<div>\n<div>\n<div>\n<div>\n<p style=\"text-align: justify;\">\u00c8 una condizione di fragilit\u00e0, ma anche un\u2019occasione per condividere una ricchezza. Possiamo \u2013 Paola, Cecilia, amici, parenti \u2013 troncare questo amore?<\/p>\n<p style=\"text-align: justify;\">Ges\u00f9 \u00e8 venuto a predicare non di come si fanno i pellegrinaggi, di come si va in chiesa, di quanti rosari si dicono. Ha annunciato l\u2019amore.<\/p>\n<p style=\"text-align: justify;\">Francesca ha avuto la capacit\u00e0 di vivere assumendo come compito suo il dono della sua vita, l\u2019attenzione agli altri, la capacit\u00e0 di abnegazione vissuta nell\u2019ombra. Ha incontrato il Dio della salvezza.<\/p>\n<p style=\"text-align: justify;\">La parola del Signore \u00e8 per noi il punto di incontro con il mistero di Dio ed \u00e8 il punto in cui la sapienza di Dio scivola dentro lo spessore della nostra miseria e la riscatta. \u00c8 in questa parola che noi osiamo affermare che il nostro corpo sar\u00e0 conformato al glorioso corpo di Ges\u00f9 Cristo, fratello nostro, compagno morto nell\u2019andare verso la morte e tuttavia liberato dalla morte stessa.<\/p>\n<p style=\"text-align: justify;\">Continuiamo ad amare. Solo cos\u00ec non uccideremo la speranza, soprattutto nel cuore dei poveri che non hanno nessun tesoro fuorch\u00e9 uno: la speranza che il mondo cambi!<\/p>\n<p style=\"text-align: justify;\">Vi esorto, esorto noi, a riscattare le nostre stanchezze, i nostri dubbi, le nostre incertezze, le nostre complicit\u00e0 con i nemici della croce di Cristo.<\/p>\n<p style=\"text-align: justify;\">Questa morte, con la morte di Cristo, ci fa entrare nello spessore della Passione.<\/p>\n<p style=\"text-align: justify;\">Cerchiamo Dio, non scavalcando gli uomini, ma dentro il dramma umano. \u00c8 un modo di vivere questa passione, addossandosi le speranze degli uomini perch\u00e9 si realizzino.<\/p>\n<p style=\"text-align: justify;\">In ricordo di una ragazza della Comunit\u00e0 morta di Aids [ndr].<\/p>\n<p style=\"text-align: justify;\">Dal sito :http:\/\/confini.blog.rainews24.it\/2013\/05\/23\/\u201cin-direzione-ostinata-e-contraria\u201d-due-testi- di-don-andrea-gallo\/\u00a0<\/p>\n<\/div>\n<\/div>\n<\/div>\n<\/div>\n<\/div>\n","protected":false},"excerpt":{"rendered":"<p>Don Andrea Gallo \u00e8 morto il 22 maggio scorso, alle 17.45 com\u2019\u00e8 scritto nel comunicato della sua Comunit\u00e0 di San Benedetto al porto. Una vita spesa per gli ultimi, i dimenticati dalla storia degli uomini.. Per ricordarlo pubblichiamo, per gentile concessione della Casa Editrice \u201cChiarelettere\u201d, due testi (omelie) di Don Andrea tratti dal suo ultimo [&hellip;]<\/p>\n","protected":false},"author":2,"featured_media":45,"comment_status":"open","ping_status":"open","sticky":false,"template":"","format":"standard","meta":{"footnotes":""},"categories":[18],"tags":[],"class_list":["post-46","post","type-post","status-publish","format-standard","has-post-thumbnail","hentry","category-cultura"],"yoast_head":"<!-- This site is optimized with the Yoast SEO plugin v27.4 - https:\/\/yoast.com\/product\/yoast-seo-wordpress\/ -->\n<title>&#039;&#039;In direzione ostinata e contraria&#039;&#039;. Due testi di Don Andrea Gallo - Nuovi Lavori<\/title>\n<meta name=\"robots\" content=\"index, follow, max-snippet:-1, max-image-preview:large, max-video-preview:-1\" \/>\n<link rel=\"canonical\" href=\"https:\/\/nuovi-lavori.it\/index.php\/lia\/\" \/>\n<meta property=\"og:locale\" content=\"it_IT\" \/>\n<meta property=\"og:type\" content=\"article\" \/>\n<meta property=\"og:title\" content=\"&#039;&#039;In direzione ostinata e contraria&#039;&#039;. Due testi di Don Andrea Gallo - Nuovi Lavori\" \/>\n<meta property=\"og:description\" content=\"Don Andrea Gallo \u00e8 morto il 22 maggio scorso, alle 17.45 com\u2019\u00e8 scritto nel comunicato della sua Comunit\u00e0 di San Benedetto al porto. Una vita spesa per gli ultimi, i dimenticati dalla storia degli uomini.. Per ricordarlo pubblichiamo, per gentile concessione della Casa Editrice \u201cChiarelettere\u201d, due testi (omelie) di Don Andrea tratti dal suo ultimo [&hellip;]\" \/>\n<meta property=\"og:url\" content=\"https:\/\/nuovi-lavori.it\/index.php\/lia\/\" \/>\n<meta property=\"og:site_name\" content=\"Nuovi Lavori\" \/>\n<meta property=\"article:published_time\" content=\"2013-06-05T08:10:59+00:00\" \/>\n<meta property=\"og:image\" content=\"https:\/\/nuovi-lavori.it\/wp-content\/uploads\/2013\/06\/images_immagininewsletter_images-17.jpeg\" \/>\n\t<meta property=\"og:image:width\" content=\"382\" \/>\n\t<meta property=\"og:image:height\" content=\"132\" \/>\n\t<meta property=\"og:image:type\" content=\"image\/jpeg\" \/>\n<meta name=\"author\" content=\"Lia\" \/>\n<meta name=\"twitter:card\" content=\"summary_large_image\" \/>\n<meta name=\"twitter:label1\" content=\"Scritto da\" \/>\n\t<meta name=\"twitter:data1\" content=\"Lia\" \/>\n\t<meta name=\"twitter:label2\" content=\"Tempo di lettura stimato\" \/>\n\t<meta name=\"twitter:data2\" content=\"5 minuti\" \/>\n<script type=\"application\/ld+json\" class=\"yoast-schema-graph\">{\"@context\":\"https:\\\/\\\/schema.org\",\"@graph\":[{\"@type\":\"Article\",\"@id\":\"https:\\\/\\\/nuovi-lavori.it\\\/index.php\\\/lia\\\/#article\",\"isPartOf\":{\"@id\":\"https:\\\/\\\/nuovi-lavori.it\\\/index.php\\\/lia\\\/\"},\"author\":{\"name\":\"Lia\",\"@id\":\"https:\\\/\\\/nuovi-lavori.it\\\/#\\\/schema\\\/person\\\/381e9894ea394d41738d8d55e63fc0da\"},\"headline\":\"&#8221;In direzione ostinata e contraria&#8221;. Due testi di Don Andrea Gallo\",\"datePublished\":\"2013-06-05T08:10:59+00:00\",\"mainEntityOfPage\":{\"@id\":\"https:\\\/\\\/nuovi-lavori.it\\\/index.php\\\/lia\\\/\"},\"wordCount\":1094,\"commentCount\":0,\"publisher\":{\"@id\":\"https:\\\/\\\/nuovi-lavori.it\\\/#organization\"},\"image\":{\"@id\":\"https:\\\/\\\/nuovi-lavori.it\\\/index.php\\\/lia\\\/#primaryimage\"},\"thumbnailUrl\":\"https:\\\/\\\/nuovi-lavori.it\\\/wp-content\\\/uploads\\\/2013\\\/06\\\/images_immagininewsletter_images-17.jpeg\",\"articleSection\":[\"Cultura\"],\"inLanguage\":\"it-IT\",\"potentialAction\":[{\"@type\":\"CommentAction\",\"name\":\"Comment\",\"target\":[\"https:\\\/\\\/nuovi-lavori.it\\\/index.php\\\/lia\\\/#respond\"]}]},{\"@type\":\"WebPage\",\"@id\":\"https:\\\/\\\/nuovi-lavori.it\\\/index.php\\\/lia\\\/\",\"url\":\"https:\\\/\\\/nuovi-lavori.it\\\/index.php\\\/lia\\\/\",\"name\":\"''In direzione ostinata e contraria''. Due testi di Don Andrea Gallo - Nuovi Lavori\",\"isPartOf\":{\"@id\":\"https:\\\/\\\/nuovi-lavori.it\\\/#website\"},\"primaryImageOfPage\":{\"@id\":\"https:\\\/\\\/nuovi-lavori.it\\\/index.php\\\/lia\\\/#primaryimage\"},\"image\":{\"@id\":\"https:\\\/\\\/nuovi-lavori.it\\\/index.php\\\/lia\\\/#primaryimage\"},\"thumbnailUrl\":\"https:\\\/\\\/nuovi-lavori.it\\\/wp-content\\\/uploads\\\/2013\\\/06\\\/images_immagininewsletter_images-17.jpeg\",\"datePublished\":\"2013-06-05T08:10:59+00:00\",\"breadcrumb\":{\"@id\":\"https:\\\/\\\/nuovi-lavori.it\\\/index.php\\\/lia\\\/#breadcrumb\"},\"inLanguage\":\"it-IT\",\"potentialAction\":[{\"@type\":\"ReadAction\",\"target\":[\"https:\\\/\\\/nuovi-lavori.it\\\/index.php\\\/lia\\\/\"]}]},{\"@type\":\"ImageObject\",\"inLanguage\":\"it-IT\",\"@id\":\"https:\\\/\\\/nuovi-lavori.it\\\/index.php\\\/lia\\\/#primaryimage\",\"url\":\"https:\\\/\\\/nuovi-lavori.it\\\/wp-content\\\/uploads\\\/2013\\\/06\\\/images_immagininewsletter_images-17.jpeg\",\"contentUrl\":\"https:\\\/\\\/nuovi-lavori.it\\\/wp-content\\\/uploads\\\/2013\\\/06\\\/images_immagininewsletter_images-17.jpeg\",\"width\":382,\"height\":132},{\"@type\":\"BreadcrumbList\",\"@id\":\"https:\\\/\\\/nuovi-lavori.it\\\/index.php\\\/lia\\\/#breadcrumb\",\"itemListElement\":[{\"@type\":\"ListItem\",\"position\":1,\"name\":\"Home\",\"item\":\"https:\\\/\\\/nuovi-lavori.it\\\/\"},{\"@type\":\"ListItem\",\"position\":2,\"name\":\"Newsletter\",\"item\":\"https:\\\/\\\/nuovi-lavori.it\\\/index.php\\\/category\\\/newsletter\\\/\"},{\"@type\":\"ListItem\",\"position\":3,\"name\":\"Cultura\",\"item\":\"https:\\\/\\\/nuovi-lavori.it\\\/index.php\\\/category\\\/newsletter\\\/cultura\\\/\"},{\"@type\":\"ListItem\",\"position\":4,\"name\":\"&#8221;In direzione ostinata e contraria&#8221;. Due testi di Don Andrea Gallo\"}]},{\"@type\":\"WebSite\",\"@id\":\"https:\\\/\\\/nuovi-lavori.it\\\/#website\",\"url\":\"https:\\\/\\\/nuovi-lavori.it\\\/\",\"name\":\"Nuovi Lavori\",\"description\":\"\",\"publisher\":{\"@id\":\"https:\\\/\\\/nuovi-lavori.it\\\/#organization\"},\"potentialAction\":[{\"@type\":\"SearchAction\",\"target\":{\"@type\":\"EntryPoint\",\"urlTemplate\":\"https:\\\/\\\/nuovi-lavori.it\\\/?s={search_term_string}\"},\"query-input\":{\"@type\":\"PropertyValueSpecification\",\"valueRequired\":true,\"valueName\":\"search_term_string\"}}],\"inLanguage\":\"it-IT\"},{\"@type\":\"Organization\",\"@id\":\"https:\\\/\\\/nuovi-lavori.it\\\/#organization\",\"name\":\"Nuovi Lavori\",\"url\":\"https:\\\/\\\/nuovi-lavori.it\\\/\",\"logo\":{\"@type\":\"ImageObject\",\"inLanguage\":\"it-IT\",\"@id\":\"https:\\\/\\\/nuovi-lavori.it\\\/#\\\/schema\\\/logo\\\/image\\\/\",\"url\":\"http:\\\/\\\/5.249.146.118\\\/wp-content\\\/uploads\\\/2013\\\/11\\\/images_logonl.jpg\",\"contentUrl\":\"http:\\\/\\\/5.249.146.118\\\/wp-content\\\/uploads\\\/2013\\\/11\\\/images_logonl.jpg\",\"width\":400,\"height\":327,\"caption\":\"Nuovi Lavori\"},\"image\":{\"@id\":\"https:\\\/\\\/nuovi-lavori.it\\\/#\\\/schema\\\/logo\\\/image\\\/\"},\"sameAs\":[\"https:\\\/\\\/www.youtube.com\\\/user\\\/newsletteranl\"]},{\"@type\":\"Person\",\"@id\":\"https:\\\/\\\/nuovi-lavori.it\\\/#\\\/schema\\\/person\\\/381e9894ea394d41738d8d55e63fc0da\",\"name\":\"Lia\",\"image\":{\"@type\":\"ImageObject\",\"inLanguage\":\"it-IT\",\"@id\":\"https:\\\/\\\/secure.gravatar.com\\\/avatar\\\/1c1ab5e88d6553d3bd7303b8f064565e43a5f4bcf8fa0acc18820db78be45882?s=96&d=mm&r=g\",\"url\":\"https:\\\/\\\/secure.gravatar.com\\\/avatar\\\/1c1ab5e88d6553d3bd7303b8f064565e43a5f4bcf8fa0acc18820db78be45882?s=96&d=mm&r=g\",\"contentUrl\":\"https:\\\/\\\/secure.gravatar.com\\\/avatar\\\/1c1ab5e88d6553d3bd7303b8f064565e43a5f4bcf8fa0acc18820db78be45882?s=96&d=mm&r=g\",\"caption\":\"Lia\"},\"url\":\"https:\\\/\\\/nuovi-lavori.it\\\/index.php\\\/author\\\/lia\\\/\"}]}<\/script>\n<!-- \/ Yoast SEO plugin. -->","yoast_head_json":{"title":"''In direzione ostinata e contraria''. Due testi di Don Andrea Gallo - Nuovi Lavori","robots":{"index":"index","follow":"follow","max-snippet":"max-snippet:-1","max-image-preview":"max-image-preview:large","max-video-preview":"max-video-preview:-1"},"canonical":"https:\/\/nuovi-lavori.it\/index.php\/lia\/","og_locale":"it_IT","og_type":"article","og_title":"''In direzione ostinata e contraria''. Due testi di Don Andrea Gallo - Nuovi Lavori","og_description":"Don Andrea Gallo \u00e8 morto il 22 maggio scorso, alle 17.45 com\u2019\u00e8 scritto nel comunicato della sua Comunit\u00e0 di San Benedetto al porto. Una vita spesa per gli ultimi, i dimenticati dalla storia degli uomini.. Per ricordarlo pubblichiamo, per gentile concessione della Casa Editrice \u201cChiarelettere\u201d, due testi (omelie) di Don Andrea tratti dal suo ultimo [&hellip;]","og_url":"https:\/\/nuovi-lavori.it\/index.php\/lia\/","og_site_name":"Nuovi Lavori","article_published_time":"2013-06-05T08:10:59+00:00","og_image":[{"width":382,"height":132,"url":"https:\/\/nuovi-lavori.it\/wp-content\/uploads\/2013\/06\/images_immagininewsletter_images-17.jpeg","type":"image\/jpeg"}],"author":"Lia","twitter_card":"summary_large_image","twitter_misc":{"Scritto da":"Lia","Tempo di lettura stimato":"5 minuti"},"schema":{"@context":"https:\/\/schema.org","@graph":[{"@type":"Article","@id":"https:\/\/nuovi-lavori.it\/index.php\/lia\/#article","isPartOf":{"@id":"https:\/\/nuovi-lavori.it\/index.php\/lia\/"},"author":{"name":"Lia","@id":"https:\/\/nuovi-lavori.it\/#\/schema\/person\/381e9894ea394d41738d8d55e63fc0da"},"headline":"&#8221;In direzione ostinata e contraria&#8221;. Due testi di Don Andrea Gallo","datePublished":"2013-06-05T08:10:59+00:00","mainEntityOfPage":{"@id":"https:\/\/nuovi-lavori.it\/index.php\/lia\/"},"wordCount":1094,"commentCount":0,"publisher":{"@id":"https:\/\/nuovi-lavori.it\/#organization"},"image":{"@id":"https:\/\/nuovi-lavori.it\/index.php\/lia\/#primaryimage"},"thumbnailUrl":"https:\/\/nuovi-lavori.it\/wp-content\/uploads\/2013\/06\/images_immagininewsletter_images-17.jpeg","articleSection":["Cultura"],"inLanguage":"it-IT","potentialAction":[{"@type":"CommentAction","name":"Comment","target":["https:\/\/nuovi-lavori.it\/index.php\/lia\/#respond"]}]},{"@type":"WebPage","@id":"https:\/\/nuovi-lavori.it\/index.php\/lia\/","url":"https:\/\/nuovi-lavori.it\/index.php\/lia\/","name":"''In direzione ostinata e contraria''. Due testi di Don Andrea Gallo - Nuovi Lavori","isPartOf":{"@id":"https:\/\/nuovi-lavori.it\/#website"},"primaryImageOfPage":{"@id":"https:\/\/nuovi-lavori.it\/index.php\/lia\/#primaryimage"},"image":{"@id":"https:\/\/nuovi-lavori.it\/index.php\/lia\/#primaryimage"},"thumbnailUrl":"https:\/\/nuovi-lavori.it\/wp-content\/uploads\/2013\/06\/images_immagininewsletter_images-17.jpeg","datePublished":"2013-06-05T08:10:59+00:00","breadcrumb":{"@id":"https:\/\/nuovi-lavori.it\/index.php\/lia\/#breadcrumb"},"inLanguage":"it-IT","potentialAction":[{"@type":"ReadAction","target":["https:\/\/nuovi-lavori.it\/index.php\/lia\/"]}]},{"@type":"ImageObject","inLanguage":"it-IT","@id":"https:\/\/nuovi-lavori.it\/index.php\/lia\/#primaryimage","url":"https:\/\/nuovi-lavori.it\/wp-content\/uploads\/2013\/06\/images_immagininewsletter_images-17.jpeg","contentUrl":"https:\/\/nuovi-lavori.it\/wp-content\/uploads\/2013\/06\/images_immagininewsletter_images-17.jpeg","width":382,"height":132},{"@type":"BreadcrumbList","@id":"https:\/\/nuovi-lavori.it\/index.php\/lia\/#breadcrumb","itemListElement":[{"@type":"ListItem","position":1,"name":"Home","item":"https:\/\/nuovi-lavori.it\/"},{"@type":"ListItem","position":2,"name":"Newsletter","item":"https:\/\/nuovi-lavori.it\/index.php\/category\/newsletter\/"},{"@type":"ListItem","position":3,"name":"Cultura","item":"https:\/\/nuovi-lavori.it\/index.php\/category\/newsletter\/cultura\/"},{"@type":"ListItem","position":4,"name":"&#8221;In direzione ostinata e contraria&#8221;. Due testi di Don Andrea Gallo"}]},{"@type":"WebSite","@id":"https:\/\/nuovi-lavori.it\/#website","url":"https:\/\/nuovi-lavori.it\/","name":"Nuovi Lavori","description":"","publisher":{"@id":"https:\/\/nuovi-lavori.it\/#organization"},"potentialAction":[{"@type":"SearchAction","target":{"@type":"EntryPoint","urlTemplate":"https:\/\/nuovi-lavori.it\/?s={search_term_string}"},"query-input":{"@type":"PropertyValueSpecification","valueRequired":true,"valueName":"search_term_string"}}],"inLanguage":"it-IT"},{"@type":"Organization","@id":"https:\/\/nuovi-lavori.it\/#organization","name":"Nuovi Lavori","url":"https:\/\/nuovi-lavori.it\/","logo":{"@type":"ImageObject","inLanguage":"it-IT","@id":"https:\/\/nuovi-lavori.it\/#\/schema\/logo\/image\/","url":"http:\/\/5.249.146.118\/wp-content\/uploads\/2013\/11\/images_logonl.jpg","contentUrl":"http:\/\/5.249.146.118\/wp-content\/uploads\/2013\/11\/images_logonl.jpg","width":400,"height":327,"caption":"Nuovi Lavori"},"image":{"@id":"https:\/\/nuovi-lavori.it\/#\/schema\/logo\/image\/"},"sameAs":["https:\/\/www.youtube.com\/user\/newsletteranl"]},{"@type":"Person","@id":"https:\/\/nuovi-lavori.it\/#\/schema\/person\/381e9894ea394d41738d8d55e63fc0da","name":"Lia","image":{"@type":"ImageObject","inLanguage":"it-IT","@id":"https:\/\/secure.gravatar.com\/avatar\/1c1ab5e88d6553d3bd7303b8f064565e43a5f4bcf8fa0acc18820db78be45882?s=96&d=mm&r=g","url":"https:\/\/secure.gravatar.com\/avatar\/1c1ab5e88d6553d3bd7303b8f064565e43a5f4bcf8fa0acc18820db78be45882?s=96&d=mm&r=g","contentUrl":"https:\/\/secure.gravatar.com\/avatar\/1c1ab5e88d6553d3bd7303b8f064565e43a5f4bcf8fa0acc18820db78be45882?s=96&d=mm&r=g","caption":"Lia"},"url":"https:\/\/nuovi-lavori.it\/index.php\/author\/lia\/"}]}},"_links":{"self":[{"href":"https:\/\/nuovi-lavori.it\/index.php\/wp-json\/wp\/v2\/posts\/46","targetHints":{"allow":["GET"]}}],"collection":[{"href":"https:\/\/nuovi-lavori.it\/index.php\/wp-json\/wp\/v2\/posts"}],"about":[{"href":"https:\/\/nuovi-lavori.it\/index.php\/wp-json\/wp\/v2\/types\/post"}],"author":[{"embeddable":true,"href":"https:\/\/nuovi-lavori.it\/index.php\/wp-json\/wp\/v2\/users\/2"}],"replies":[{"embeddable":true,"href":"https:\/\/nuovi-lavori.it\/index.php\/wp-json\/wp\/v2\/comments?post=46"}],"version-history":[{"count":0,"href":"https:\/\/nuovi-lavori.it\/index.php\/wp-json\/wp\/v2\/posts\/46\/revisions"}],"wp:featuredmedia":[{"embeddable":true,"href":"https:\/\/nuovi-lavori.it\/index.php\/wp-json\/wp\/v2\/media\/45"}],"wp:attachment":[{"href":"https:\/\/nuovi-lavori.it\/index.php\/wp-json\/wp\/v2\/media?parent=46"}],"wp:term":[{"taxonomy":"category","embeddable":true,"href":"https:\/\/nuovi-lavori.it\/index.php\/wp-json\/wp\/v2\/categories?post=46"},{"taxonomy":"post_tag","embeddable":true,"href":"https:\/\/nuovi-lavori.it\/index.php\/wp-json\/wp\/v2\/tags?post=46"}],"curies":[{"name":"wp","href":"https:\/\/api.w.org\/{rel}","templated":true}]}}