{"id":467,"date":"2014-04-08T15:00:52","date_gmt":"2014-04-08T13:00:52","guid":{"rendered":"http:\/\/5.249.146.118\/garanzia-giovani-ai-nastri-di-partenza\/"},"modified":"2014-04-08T15:00:52","modified_gmt":"2014-04-08T13:00:52","slug":"garanzia-giovani-ai-nastri-di-partenza","status":"publish","type":"post","link":"https:\/\/nuovi-lavori.it\/index.php\/garanzia-giovani-ai-nastri-di-partenza\/","title":{"rendered":"Garanzia Giovani ai nastri di partenza"},"content":{"rendered":"<p style=\"text-align: justify;\">In un contesto di forte e prolungata recessione economica, come quella che stiamo attraversando, la condizione giovanile ha registrato un netto deterioramento sia a causa delle maggiori difficolt\u00e0 incontrate nel reperire un\u2019opportunit\u00e0 di lavoro, sia per l\u2019elevata diffusione di forme contrattuali flessibili, caratterizzate dalla temporaneit\u00e0 della prestazione lavorativa.\u00a0<\/p>\n<p style=\"text-align: justify;\">Tale circostanza ha determinato, fin dall\u2019insorgere della crisi, un crescente ed intenso processo di espulsione dei giovani dall\u2019occupazione, con il mancato rinnovo dei contratti in scadenza a cui spesso si accompagnava una totale mancanza di forme di sostegno economico e professionale.\u00a0<\/p>\n<p style=\"text-align: justify;\">Il prolungarsi della fase recessiva e la concomitante riforma delle pensioni rischiano di posticipare ulteriormente la ripresa dell\u2019occupazione penalizzando, in particolare, le fasce pi\u00f9 giovani della popolazione che potrebbero vedere significativamente modificate le proprie aspettative e le future opportunit\u00e0 di mercato.\u00a0<\/p>\n<p style=\"text-align: justify;\">Il progressivo venir meno del sostegno familiare, unico ammortizzatore sociale a loro disposizione, ha reso poi i giovani sempre pi\u00f9 adattabili alle esigenze della domanda di lavoro caratterizzata da una forte e crescente flessibilit\u00e0 della prestazione lavorativa.<\/p>\n<p style=\"text-align: justify;\">In questo panorama assume grande importanza (e grandi aspettative) il programma \u201c<em>Youth Guarantee<\/em>\u201d, volto a favorire l\u2019ingresso dei giovani nel mercato del lavoro. Le azioni previste dal Piano verranno realizzate a partire dal 2014, a valere sulle risorse (circa 1,5 miliardi di euro da concentrare nel biennio 2014-2015) derivanti dai fondi europei e dal cofinanziamento nazionale.\u00a0<\/p>\n<p style=\"text-align: justify;\">Si pone innanzitutto la necessit\u00e0 di individuare il target dei destinatari del Programma: in linea con le indicazioni della Raccomandazione del Consiglio 22 aprile 2013, si ritiene che l\u2019intervento vada concentrato sui flussi di giovani nella fascia di et\u00e0 15-24, da intercettare entro quattro mesi dall\u2019inizio della disoccupazione o dall\u2019uscita dal sistema di istruzione formale.<\/p>\n<p style=\"text-align: justify;\">Lo stock di giovani tra i 15-24 anni ammonta a 6.041.000 unit\u00e0. Di questi, 1.274.000 non lavorano e non frequentano corsi di istruzione o formazione, quindi sono inoccupati\/disoccupati e inattivi. Ampliando la popolazione di riferimento fino a 29 anni, il numero di coloro i quali non lavorano (inoccupati\/disoccupati e inattivi) e non frequentano alcun corso di istruzione o formazione (i cosiddetti NEET) \u00e8 pari a 2.254.000 unit\u00e0, su un totale di 9.439.200 giovani.<\/p>\n<p style=\"text-align: justify;\">\u00a0<\/p>\n<p style=\"text-align: justify;\"><strong>Figura 1: Popolazione interessata (dati in migliaia di unit\u00e0)<\/strong><\/p>\n<p style=\"text-align: justify;\">\u00a0<img fetchpriority=\"high\" decoding=\"async\" class=\" size-full wp-image-464\" src=\"http:\/\/5.249.146.118\/wp-content\/uploads\/2014\/04\/images_barbarini1_130.jpg\" border=\"0\" alt=\"\" width=\"592\" height=\"421\" srcset=\"https:\/\/nuovi-lavori.it\/wp-content\/uploads\/2014\/04\/images_barbarini1_130.jpg 592w, https:\/\/nuovi-lavori.it\/wp-content\/uploads\/2014\/04\/images_barbarini1_130-300x213.jpg 300w\" sizes=\"(max-width: 592px) 100vw, 592px\" \/><\/p>\n<p style=\"text-align: justify;\">\u00a0<\/p>\n<p style=\"text-align: justify;\">All\u2019interno della platea dei giovani NEET \u00e8 poi possibile individuare alcuni target prioritari sulla base della ricerca attiva dell\u2019occupazione, a loro volta ulteriormente suddivisi in funzione del livello di qualificazione.\u00a0<\/p>\n<p style=\"text-align: justify;\">In ogni caso, seguendo le indicazioni dell\u2019Unione Europea, per poter usufruire degli strumenti messi a disposizione dal Programma sar\u00e0 obbligatorio iscriversi ad esso attraverso la registrazione presso un servizio competente (ai sensi D.Lgs. 181\/2000) o presso il portale \u201ccliclavoro\u201d, ovvero presso i portali regionali che dialogano con cliclavoro attraverso il canale della cooperazione applicativa.<\/p>\n<p style=\"text-align: justify;\">I servizi di orientamento e consulenza (pubblici e privati) dovranno pertanto offrire ai giovani, entro quattro mesi, l\u2019inserimento o reinserimento in un percorso di istruzione e formazione o in una esperienza di lavoro. In tale ultimo caso, nell\u2019ambito della <em>Youth Employment Initiative<\/em>, potranno essere finanziati ed incentivati l\u2019inserimento diretto in un contratto di lavoro dipendente, l\u2019avvio di un contratto di apprendistato o di un\u2019esperienza di tirocinio, l\u2019impegno nel servizio civile, la formazione specifica e l\u2019accompagnamento nell\u2019avvio di una iniziativa imprenditoriale o di lavoro autonomo, percorsi di mobilit\u00e0 transnazionale e territoriale.<\/p>\n<p style=\"text-align: justify;\">In funzione preventiva e complementare rivestono poi una notevole importanza le riforme attuate con il DL. 104\/2013, in ordine all\u2019attivazione di percorsi di alternanza scuola-lavoro, nonch\u00e9 i servizi di orientamento, counseling e accompagnamento alle scelte, effettuati nell\u2019ambito del sistema di istruzione e rivolti ai giovani nella fascia di et\u00e0 16-20 che mostrino una particolare difficolt\u00e0 a permanere nel percorso dell\u2019Istruzione formale.<\/p>\n<p style=\"text-align: justify;\">In sintesi, le possibili azioni finanziabili dal Piano sono le seguenti:<\/p>\n<ul style=\"text-align: justify;\">\n<li><span>\u2022<\/span>offerte di lavoro eventualmente accompagnate da bonus occupazionali;<\/li>\n<li><span>\u2022<\/span>offerte di contratto di apprendistato, anche da svolgersi all\u2019estero con il supporto della rete Eures;<\/li>\n<li><span>\u2022<\/span>offerte di tirocinio accompagnate da borse;<\/li>\n<li><span>\u2022<\/span>esperienze con il servizio civile;<\/li>\n<li><span>\u2022<\/span>inserimento o reinserimento in percorsi di formazione o istruzione per completare gli studi o specializzarsi professionalmente;<\/li>\n<li><span>\u2022<\/span>Interventi finalizzati ad incentivare la mobilit\u00e0 transnazionale;<\/li>\n<li><span>\u2022<\/span>accompagnamento a percorsi di avvio d\u2019impresa.<\/li>\n<\/ul>\n<p style=\"text-align: justify;\">Sul piano pratico, dopo la fase di accoglienza e di analisi della domanda si proceder\u00e0, in seguito alla stipula di un Patto di servizio, alla definizione di un percorso personalizzato finalizzato all\u2019inserimento lavorativo e\/o al rientro nel circuito formativo\/scolastico.<\/p>\n<p style=\"text-align: justify;\">In realt\u00e0 la \u201cGaranzia per i giovani\u201d, quanto meno con riferimento a coloro che sono registrati presso i Servizi competenti (ai sensi del Dlgs 181\/2000), \u00e8 gi\u00e0 parte della legislazione nazionale sin dal 2002, mentre risulta totalmente nuova per la componente destinata ai giovani in uscita dal sistema d\u2019istruzione formale non iscritti presso i servizi per l\u2019impiego.<\/p>\n<p style=\"text-align: justify;\">L\u2019introduzione della \u201cGaranzia per i Giovani\u201d nel nostro Paese \u00e8 una sfida che necessita di una strategia unitaria, fortemente condivisa tra Stato, Regioni ed altri soggetti pubblici e privati. Di conseguenza, accanto ad un Piano che individui le azioni comuni su tutto il territorio nazionale (Programma Operativo Nazionale), ciascuna Regione, in quanto organismo intermedio (ossia gestore \u201cdelegato\u201d), deve definire un proprio piano attuativo, in linea con le disposizioni centrali.<\/p>\n<p style=\"text-align: justify;\">\u00a0<\/p>\n<p style=\"text-align: justify;\"><strong>Figura 2: Modello di governance<\/strong><\/p>\n<p style=\"text-align: justify;\"><strong><img decoding=\"async\" class=\" size-full wp-image-465\" src=\"http:\/\/5.249.146.118\/wp-content\/uploads\/2014\/04\/images_barbarini2_130.jpg\" border=\"0\" alt=\"\" width=\"537\" height=\"149\" srcset=\"https:\/\/nuovi-lavori.it\/wp-content\/uploads\/2014\/04\/images_barbarini2_130.jpg 537w, https:\/\/nuovi-lavori.it\/wp-content\/uploads\/2014\/04\/images_barbarini2_130-300x83.jpg 300w\" sizes=\"(max-width: 537px) 100vw, 537px\" \/><\/strong><\/p>\n<p style=\"text-align: justify;\">\u00a0<\/p>\n<p style=\"text-align: justify;\">\u00a0<\/p>\n<p style=\"text-align: justify;\">Le convenzioni con le Regioni, i Piani attuativi regionali e il PON sono in via di definizione. In base alle stime del Ministero, la Garanzia Giovani potrebbe partire entro il mese di maggio.<\/p>\n<p style=\"text-align: justify;\">\u00a0<\/p>\n<p style=\"text-align: justify;\"><strong>Figura 3: Ripartizione misure Centro &#8211; Regioni<\/strong><\/p>\n<p style=\"text-align: justify;\">\u00a0<img decoding=\"async\" class=\" size-full wp-image-466\" src=\"http:\/\/5.249.146.118\/wp-content\/uploads\/2014\/04\/images_barbarini3_30.jpg\" border=\"0\" alt=\"\" width=\"588\" height=\"324\" srcset=\"https:\/\/nuovi-lavori.it\/wp-content\/uploads\/2014\/04\/images_barbarini3_30.jpg 588w, https:\/\/nuovi-lavori.it\/wp-content\/uploads\/2014\/04\/images_barbarini3_30-300x165.jpg 300w\" sizes=\"(max-width: 588px) 100vw, 588px\" \/><\/p>\n<p style=\"text-align: justify;\">\u00a0<\/p>\n<p style=\"text-align: justify;\">La rendicontazione a costi standard permetter\u00e0 la creazione di una base dati contenenti la totalit\u00e0 dei servizi resi ai singoli individui. La medesima base dati sar\u00e0 pertanto utilizzata sia per il monitoraggio finanziario sia per quello fisico e costituir\u00e0, insieme con le comunicazioni obbligatorie, con i dati Inps relativi alle storie lavorative degli individui, nonch\u00e9 con appositi sondaggi, la base per studiare azioni di valutazione dell\u2019efficienza e della qualit\u00e0 dei servizi resi e delle misure attuate.<\/p>\n<p style=\"text-align: justify;\">Saranno quindi definiti una serie di indicatori, in termini di target di spesa e di risultato, che serviranno come elemento per decidere congiuntamente l\u2019eventuale necessit\u00e0, per le regioni con maggiori difficolt\u00e0 di raggiungimento dei risultati, di interventi mirati di rafforzamento.<\/p>\n<p style=\"text-align: justify;\">Per realizzare servizi di informazione, orientamento e supporto a carattere universale, il primo passo \u00e8 costituito dalla diffusione dell\u2019informazione in merito alla esistenza ed al contenuto della Garanzia: per raggiungere tale obiettivo saranno predisposte, a valere sulle risorse destinate all\u2019Assistenza tecnica del programma, delle apposite azioni di comunicazione.<\/p>\n<p style=\"text-align: justify;\">Attualmente Ministero e Regioni sono molto impegnati nel definire procedure, accordi e linee comuni di azione, ma l\u2019impressione \u00e8 che siano ben poche le amministrazioni regionali pronte a sostenere questo enorme carico di lavoro dal punto di vista operativo. Il principale ostacolo appare ancora una volta la carenza di personale, sia a livello centrale (uffici del lavoro regionali) che presso i Centri per l\u2019Impiego, conseguenza di una stagnazione delle assunzioni pubbliche che ormai dura da fin troppo tempo.\u00a0<\/p>\n<p style=\"text-align: justify;\">Il nostro Paese, al contrario di molti partner europei, ha infatti dato storicamente sempre pi\u00f9 importanza alle politiche passive piuttosto che a quelle attive, per le quali le risorse risultano molto al di sotto della media europea: i dati del Ministero del Lavoro riferiti al 2011, infatti, mostrano che la spesa per i servizi al lavoro in Italia \u00e8 pari allo 0,03% del PIL (che corrisponde a circa \u20ac80 per persona in cerca di lavoro), mentre in Germania, ad esempio, la stessa spesa corrisponde allo 0,35% del PIL (quasi \u20ac 1.800 a lavoratore). Questo comporta nel nostro Paese un&#8217;eccessiva pressione degli utenti sui servizi per l\u2019impiego, con risultati tutt\u2019altro che soddisfacenti.<\/p>\n<p style=\"text-align: justify;\">Il miglioramento dei servizi per il lavoro deve quindi passare attraverso modelli di cooperazione inter istituzionali tra pubblico e privato: \u00e8 necessario stipulare accordi e convenzioni con agenzie private (accreditate) che si occupano di intermediazione e ricerca del lavoro, ma anche in questo caso l\u2019impressione \u00e8 che la macchina burocratica si riveli troppo lenta e poco adatta allo scopo.<\/p>\n<p style=\"text-align: justify;\">In definitiva, i tempi si sono dilatati rispetto all\u2019idea iniziale di partire da marzo con l\u2019attuazione degli interventi sul campo. La nuova data di avvio \u00e8 attualmente fissata per inizio maggio (dopo la firma delle convenzioni con ciascuna regione), data in cui il portale nazionale sar\u00e0 aperto per la registrazione telematica dei giovani, anche se non si escludono ulteriori rinvii.<\/p>\n","protected":false},"excerpt":{"rendered":"<p>In un contesto di forte e prolungata recessione economica, come quella che stiamo attraversando, la condizione giovanile ha registrato un netto deterioramento sia a causa delle maggiori difficolt\u00e0 incontrate nel reperire un\u2019opportunit\u00e0 di lavoro, sia per l\u2019elevata diffusione di forme contrattuali flessibili, caratterizzate dalla temporaneit\u00e0 della prestazione lavorativa.\u00a0 Tale circostanza ha determinato, fin dall\u2019insorgere della [&hellip;]<\/p>\n","protected":false},"author":2,"featured_media":463,"comment_status":"open","ping_status":"open","sticky":false,"template":"","format":"standard","meta":{"footnotes":""},"categories":[33],"tags":[],"class_list":["post-467","post","type-post","status-publish","format-standard","has-post-thumbnail","hentry","category-mercato-del-lavoro"],"yoast_head":"<!-- This site is optimized with the Yoast SEO plugin v27.4 - https:\/\/yoast.com\/product\/yoast-seo-wordpress\/ -->\n<title>Garanzia Giovani ai nastri di partenza - Nuovi Lavori<\/title>\n<meta name=\"robots\" content=\"index, follow, max-snippet:-1, max-image-preview:large, max-video-preview:-1\" \/>\n<link rel=\"canonical\" href=\"https:\/\/nuovi-lavori.it\/index.php\/garanzia-giovani-ai-nastri-di-partenza\/\" \/>\n<meta property=\"og:locale\" content=\"it_IT\" \/>\n<meta property=\"og:type\" content=\"article\" \/>\n<meta property=\"og:title\" content=\"Garanzia Giovani ai nastri di partenza - Nuovi Lavori\" \/>\n<meta property=\"og:description\" content=\"In un contesto di forte e prolungata recessione economica, come quella che stiamo attraversando, la condizione giovanile ha registrato un netto deterioramento sia a causa delle maggiori difficolt\u00e0 incontrate nel reperire un\u2019opportunit\u00e0 di lavoro, sia per l\u2019elevata diffusione di forme contrattuali flessibili, caratterizzate dalla temporaneit\u00e0 della prestazione lavorativa.\u00a0 Tale circostanza ha determinato, fin dall\u2019insorgere della [&hellip;]\" \/>\n<meta property=\"og:url\" content=\"https:\/\/nuovi-lavori.it\/index.php\/garanzia-giovani-ai-nastri-di-partenza\/\" \/>\n<meta property=\"og:site_name\" content=\"Nuovi Lavori\" \/>\n<meta property=\"article:published_time\" content=\"2014-04-08T13:00:52+00:00\" \/>\n<meta property=\"og:image\" content=\"https:\/\/nuovi-lavori.it\/wp-content\/uploads\/2014\/04\/images_Garanzia-Giovani-Contest.jpg\" \/>\n\t<meta property=\"og:image:width\" content=\"630\" \/>\n\t<meta property=\"og:image:height\" content=\"331\" \/>\n\t<meta property=\"og:image:type\" content=\"image\/jpeg\" \/>\n<meta name=\"author\" content=\"Lia\" \/>\n<meta name=\"twitter:card\" content=\"summary_large_image\" \/>\n<meta name=\"twitter:label1\" content=\"Scritto da\" \/>\n\t<meta name=\"twitter:data1\" content=\"Lia\" \/>\n\t<meta name=\"twitter:label2\" content=\"Tempo di lettura stimato\" \/>\n\t<meta name=\"twitter:data2\" content=\"7 minuti\" \/>\n<script type=\"application\/ld+json\" class=\"yoast-schema-graph\">{\"@context\":\"https:\\\/\\\/schema.org\",\"@graph\":[{\"@type\":\"Article\",\"@id\":\"https:\\\/\\\/nuovi-lavori.it\\\/index.php\\\/garanzia-giovani-ai-nastri-di-partenza\\\/#article\",\"isPartOf\":{\"@id\":\"https:\\\/\\\/nuovi-lavori.it\\\/index.php\\\/garanzia-giovani-ai-nastri-di-partenza\\\/\"},\"author\":{\"name\":\"Lia\",\"@id\":\"https:\\\/\\\/nuovi-lavori.it\\\/#\\\/schema\\\/person\\\/381e9894ea394d41738d8d55e63fc0da\"},\"headline\":\"Garanzia Giovani ai nastri di partenza\",\"datePublished\":\"2014-04-08T13:00:52+00:00\",\"mainEntityOfPage\":{\"@id\":\"https:\\\/\\\/nuovi-lavori.it\\\/index.php\\\/garanzia-giovani-ai-nastri-di-partenza\\\/\"},\"wordCount\":1370,\"commentCount\":0,\"publisher\":{\"@id\":\"https:\\\/\\\/nuovi-lavori.it\\\/#organization\"},\"image\":{\"@id\":\"https:\\\/\\\/nuovi-lavori.it\\\/index.php\\\/garanzia-giovani-ai-nastri-di-partenza\\\/#primaryimage\"},\"thumbnailUrl\":\"https:\\\/\\\/nuovi-lavori.it\\\/wp-content\\\/uploads\\\/2014\\\/04\\\/images_Garanzia-Giovani-Contest.jpg\",\"articleSection\":[\"Mercato del lavoro\"],\"inLanguage\":\"it-IT\",\"potentialAction\":[{\"@type\":\"CommentAction\",\"name\":\"Comment\",\"target\":[\"https:\\\/\\\/nuovi-lavori.it\\\/index.php\\\/garanzia-giovani-ai-nastri-di-partenza\\\/#respond\"]}]},{\"@type\":\"WebPage\",\"@id\":\"https:\\\/\\\/nuovi-lavori.it\\\/index.php\\\/garanzia-giovani-ai-nastri-di-partenza\\\/\",\"url\":\"https:\\\/\\\/nuovi-lavori.it\\\/index.php\\\/garanzia-giovani-ai-nastri-di-partenza\\\/\",\"name\":\"Garanzia Giovani ai nastri di partenza - Nuovi Lavori\",\"isPartOf\":{\"@id\":\"https:\\\/\\\/nuovi-lavori.it\\\/#website\"},\"primaryImageOfPage\":{\"@id\":\"https:\\\/\\\/nuovi-lavori.it\\\/index.php\\\/garanzia-giovani-ai-nastri-di-partenza\\\/#primaryimage\"},\"image\":{\"@id\":\"https:\\\/\\\/nuovi-lavori.it\\\/index.php\\\/garanzia-giovani-ai-nastri-di-partenza\\\/#primaryimage\"},\"thumbnailUrl\":\"https:\\\/\\\/nuovi-lavori.it\\\/wp-content\\\/uploads\\\/2014\\\/04\\\/images_Garanzia-Giovani-Contest.jpg\",\"datePublished\":\"2014-04-08T13:00:52+00:00\",\"breadcrumb\":{\"@id\":\"https:\\\/\\\/nuovi-lavori.it\\\/index.php\\\/garanzia-giovani-ai-nastri-di-partenza\\\/#breadcrumb\"},\"inLanguage\":\"it-IT\",\"potentialAction\":[{\"@type\":\"ReadAction\",\"target\":[\"https:\\\/\\\/nuovi-lavori.it\\\/index.php\\\/garanzia-giovani-ai-nastri-di-partenza\\\/\"]}]},{\"@type\":\"ImageObject\",\"inLanguage\":\"it-IT\",\"@id\":\"https:\\\/\\\/nuovi-lavori.it\\\/index.php\\\/garanzia-giovani-ai-nastri-di-partenza\\\/#primaryimage\",\"url\":\"https:\\\/\\\/nuovi-lavori.it\\\/wp-content\\\/uploads\\\/2014\\\/04\\\/images_Garanzia-Giovani-Contest.jpg\",\"contentUrl\":\"https:\\\/\\\/nuovi-lavori.it\\\/wp-content\\\/uploads\\\/2014\\\/04\\\/images_Garanzia-Giovani-Contest.jpg\",\"width\":630,\"height\":331},{\"@type\":\"BreadcrumbList\",\"@id\":\"https:\\\/\\\/nuovi-lavori.it\\\/index.php\\\/garanzia-giovani-ai-nastri-di-partenza\\\/#breadcrumb\",\"itemListElement\":[{\"@type\":\"ListItem\",\"position\":1,\"name\":\"Home\",\"item\":\"https:\\\/\\\/nuovi-lavori.it\\\/\"},{\"@type\":\"ListItem\",\"position\":2,\"name\":\"Newsletter\",\"item\":\"https:\\\/\\\/nuovi-lavori.it\\\/index.php\\\/category\\\/newsletter\\\/\"},{\"@type\":\"ListItem\",\"position\":3,\"name\":\"Mercato del lavoro\",\"item\":\"https:\\\/\\\/nuovi-lavori.it\\\/index.php\\\/category\\\/newsletter\\\/mercato-del-lavoro\\\/\"},{\"@type\":\"ListItem\",\"position\":4,\"name\":\"Garanzia Giovani ai nastri di partenza\"}]},{\"@type\":\"WebSite\",\"@id\":\"https:\\\/\\\/nuovi-lavori.it\\\/#website\",\"url\":\"https:\\\/\\\/nuovi-lavori.it\\\/\",\"name\":\"Nuovi Lavori\",\"description\":\"\",\"publisher\":{\"@id\":\"https:\\\/\\\/nuovi-lavori.it\\\/#organization\"},\"potentialAction\":[{\"@type\":\"SearchAction\",\"target\":{\"@type\":\"EntryPoint\",\"urlTemplate\":\"https:\\\/\\\/nuovi-lavori.it\\\/?s={search_term_string}\"},\"query-input\":{\"@type\":\"PropertyValueSpecification\",\"valueRequired\":true,\"valueName\":\"search_term_string\"}}],\"inLanguage\":\"it-IT\"},{\"@type\":\"Organization\",\"@id\":\"https:\\\/\\\/nuovi-lavori.it\\\/#organization\",\"name\":\"Nuovi Lavori\",\"url\":\"https:\\\/\\\/nuovi-lavori.it\\\/\",\"logo\":{\"@type\":\"ImageObject\",\"inLanguage\":\"it-IT\",\"@id\":\"https:\\\/\\\/nuovi-lavori.it\\\/#\\\/schema\\\/logo\\\/image\\\/\",\"url\":\"http:\\\/\\\/5.249.146.118\\\/wp-content\\\/uploads\\\/2013\\\/11\\\/images_logonl.jpg\",\"contentUrl\":\"http:\\\/\\\/5.249.146.118\\\/wp-content\\\/uploads\\\/2013\\\/11\\\/images_logonl.jpg\",\"width\":400,\"height\":327,\"caption\":\"Nuovi Lavori\"},\"image\":{\"@id\":\"https:\\\/\\\/nuovi-lavori.it\\\/#\\\/schema\\\/logo\\\/image\\\/\"},\"sameAs\":[\"https:\\\/\\\/www.youtube.com\\\/user\\\/newsletteranl\"]},{\"@type\":\"Person\",\"@id\":\"https:\\\/\\\/nuovi-lavori.it\\\/#\\\/schema\\\/person\\\/381e9894ea394d41738d8d55e63fc0da\",\"name\":\"Lia\",\"image\":{\"@type\":\"ImageObject\",\"inLanguage\":\"it-IT\",\"@id\":\"https:\\\/\\\/secure.gravatar.com\\\/avatar\\\/1c1ab5e88d6553d3bd7303b8f064565e43a5f4bcf8fa0acc18820db78be45882?s=96&d=mm&r=g\",\"url\":\"https:\\\/\\\/secure.gravatar.com\\\/avatar\\\/1c1ab5e88d6553d3bd7303b8f064565e43a5f4bcf8fa0acc18820db78be45882?s=96&d=mm&r=g\",\"contentUrl\":\"https:\\\/\\\/secure.gravatar.com\\\/avatar\\\/1c1ab5e88d6553d3bd7303b8f064565e43a5f4bcf8fa0acc18820db78be45882?s=96&d=mm&r=g\",\"caption\":\"Lia\"},\"url\":\"https:\\\/\\\/nuovi-lavori.it\\\/index.php\\\/author\\\/lia\\\/\"}]}<\/script>\n<!-- \/ Yoast SEO plugin. -->","yoast_head_json":{"title":"Garanzia Giovani ai nastri di partenza - Nuovi Lavori","robots":{"index":"index","follow":"follow","max-snippet":"max-snippet:-1","max-image-preview":"max-image-preview:large","max-video-preview":"max-video-preview:-1"},"canonical":"https:\/\/nuovi-lavori.it\/index.php\/garanzia-giovani-ai-nastri-di-partenza\/","og_locale":"it_IT","og_type":"article","og_title":"Garanzia Giovani ai nastri di partenza - Nuovi Lavori","og_description":"In un contesto di forte e prolungata recessione economica, come quella che stiamo attraversando, la condizione giovanile ha registrato un netto deterioramento sia a causa delle maggiori difficolt\u00e0 incontrate nel reperire un\u2019opportunit\u00e0 di lavoro, sia per l\u2019elevata diffusione di forme contrattuali flessibili, caratterizzate dalla temporaneit\u00e0 della prestazione lavorativa.\u00a0 Tale circostanza ha determinato, fin dall\u2019insorgere della [&hellip;]","og_url":"https:\/\/nuovi-lavori.it\/index.php\/garanzia-giovani-ai-nastri-di-partenza\/","og_site_name":"Nuovi Lavori","article_published_time":"2014-04-08T13:00:52+00:00","og_image":[{"width":630,"height":331,"url":"https:\/\/nuovi-lavori.it\/wp-content\/uploads\/2014\/04\/images_Garanzia-Giovani-Contest.jpg","type":"image\/jpeg"}],"author":"Lia","twitter_card":"summary_large_image","twitter_misc":{"Scritto da":"Lia","Tempo di lettura stimato":"7 minuti"},"schema":{"@context":"https:\/\/schema.org","@graph":[{"@type":"Article","@id":"https:\/\/nuovi-lavori.it\/index.php\/garanzia-giovani-ai-nastri-di-partenza\/#article","isPartOf":{"@id":"https:\/\/nuovi-lavori.it\/index.php\/garanzia-giovani-ai-nastri-di-partenza\/"},"author":{"name":"Lia","@id":"https:\/\/nuovi-lavori.it\/#\/schema\/person\/381e9894ea394d41738d8d55e63fc0da"},"headline":"Garanzia Giovani ai nastri di partenza","datePublished":"2014-04-08T13:00:52+00:00","mainEntityOfPage":{"@id":"https:\/\/nuovi-lavori.it\/index.php\/garanzia-giovani-ai-nastri-di-partenza\/"},"wordCount":1370,"commentCount":0,"publisher":{"@id":"https:\/\/nuovi-lavori.it\/#organization"},"image":{"@id":"https:\/\/nuovi-lavori.it\/index.php\/garanzia-giovani-ai-nastri-di-partenza\/#primaryimage"},"thumbnailUrl":"https:\/\/nuovi-lavori.it\/wp-content\/uploads\/2014\/04\/images_Garanzia-Giovani-Contest.jpg","articleSection":["Mercato del lavoro"],"inLanguage":"it-IT","potentialAction":[{"@type":"CommentAction","name":"Comment","target":["https:\/\/nuovi-lavori.it\/index.php\/garanzia-giovani-ai-nastri-di-partenza\/#respond"]}]},{"@type":"WebPage","@id":"https:\/\/nuovi-lavori.it\/index.php\/garanzia-giovani-ai-nastri-di-partenza\/","url":"https:\/\/nuovi-lavori.it\/index.php\/garanzia-giovani-ai-nastri-di-partenza\/","name":"Garanzia Giovani ai nastri di partenza - Nuovi Lavori","isPartOf":{"@id":"https:\/\/nuovi-lavori.it\/#website"},"primaryImageOfPage":{"@id":"https:\/\/nuovi-lavori.it\/index.php\/garanzia-giovani-ai-nastri-di-partenza\/#primaryimage"},"image":{"@id":"https:\/\/nuovi-lavori.it\/index.php\/garanzia-giovani-ai-nastri-di-partenza\/#primaryimage"},"thumbnailUrl":"https:\/\/nuovi-lavori.it\/wp-content\/uploads\/2014\/04\/images_Garanzia-Giovani-Contest.jpg","datePublished":"2014-04-08T13:00:52+00:00","breadcrumb":{"@id":"https:\/\/nuovi-lavori.it\/index.php\/garanzia-giovani-ai-nastri-di-partenza\/#breadcrumb"},"inLanguage":"it-IT","potentialAction":[{"@type":"ReadAction","target":["https:\/\/nuovi-lavori.it\/index.php\/garanzia-giovani-ai-nastri-di-partenza\/"]}]},{"@type":"ImageObject","inLanguage":"it-IT","@id":"https:\/\/nuovi-lavori.it\/index.php\/garanzia-giovani-ai-nastri-di-partenza\/#primaryimage","url":"https:\/\/nuovi-lavori.it\/wp-content\/uploads\/2014\/04\/images_Garanzia-Giovani-Contest.jpg","contentUrl":"https:\/\/nuovi-lavori.it\/wp-content\/uploads\/2014\/04\/images_Garanzia-Giovani-Contest.jpg","width":630,"height":331},{"@type":"BreadcrumbList","@id":"https:\/\/nuovi-lavori.it\/index.php\/garanzia-giovani-ai-nastri-di-partenza\/#breadcrumb","itemListElement":[{"@type":"ListItem","position":1,"name":"Home","item":"https:\/\/nuovi-lavori.it\/"},{"@type":"ListItem","position":2,"name":"Newsletter","item":"https:\/\/nuovi-lavori.it\/index.php\/category\/newsletter\/"},{"@type":"ListItem","position":3,"name":"Mercato del lavoro","item":"https:\/\/nuovi-lavori.it\/index.php\/category\/newsletter\/mercato-del-lavoro\/"},{"@type":"ListItem","position":4,"name":"Garanzia Giovani ai nastri di partenza"}]},{"@type":"WebSite","@id":"https:\/\/nuovi-lavori.it\/#website","url":"https:\/\/nuovi-lavori.it\/","name":"Nuovi Lavori","description":"","publisher":{"@id":"https:\/\/nuovi-lavori.it\/#organization"},"potentialAction":[{"@type":"SearchAction","target":{"@type":"EntryPoint","urlTemplate":"https:\/\/nuovi-lavori.it\/?s={search_term_string}"},"query-input":{"@type":"PropertyValueSpecification","valueRequired":true,"valueName":"search_term_string"}}],"inLanguage":"it-IT"},{"@type":"Organization","@id":"https:\/\/nuovi-lavori.it\/#organization","name":"Nuovi Lavori","url":"https:\/\/nuovi-lavori.it\/","logo":{"@type":"ImageObject","inLanguage":"it-IT","@id":"https:\/\/nuovi-lavori.it\/#\/schema\/logo\/image\/","url":"http:\/\/5.249.146.118\/wp-content\/uploads\/2013\/11\/images_logonl.jpg","contentUrl":"http:\/\/5.249.146.118\/wp-content\/uploads\/2013\/11\/images_logonl.jpg","width":400,"height":327,"caption":"Nuovi Lavori"},"image":{"@id":"https:\/\/nuovi-lavori.it\/#\/schema\/logo\/image\/"},"sameAs":["https:\/\/www.youtube.com\/user\/newsletteranl"]},{"@type":"Person","@id":"https:\/\/nuovi-lavori.it\/#\/schema\/person\/381e9894ea394d41738d8d55e63fc0da","name":"Lia","image":{"@type":"ImageObject","inLanguage":"it-IT","@id":"https:\/\/secure.gravatar.com\/avatar\/1c1ab5e88d6553d3bd7303b8f064565e43a5f4bcf8fa0acc18820db78be45882?s=96&d=mm&r=g","url":"https:\/\/secure.gravatar.com\/avatar\/1c1ab5e88d6553d3bd7303b8f064565e43a5f4bcf8fa0acc18820db78be45882?s=96&d=mm&r=g","contentUrl":"https:\/\/secure.gravatar.com\/avatar\/1c1ab5e88d6553d3bd7303b8f064565e43a5f4bcf8fa0acc18820db78be45882?s=96&d=mm&r=g","caption":"Lia"},"url":"https:\/\/nuovi-lavori.it\/index.php\/author\/lia\/"}]}},"_links":{"self":[{"href":"https:\/\/nuovi-lavori.it\/index.php\/wp-json\/wp\/v2\/posts\/467","targetHints":{"allow":["GET"]}}],"collection":[{"href":"https:\/\/nuovi-lavori.it\/index.php\/wp-json\/wp\/v2\/posts"}],"about":[{"href":"https:\/\/nuovi-lavori.it\/index.php\/wp-json\/wp\/v2\/types\/post"}],"author":[{"embeddable":true,"href":"https:\/\/nuovi-lavori.it\/index.php\/wp-json\/wp\/v2\/users\/2"}],"replies":[{"embeddable":true,"href":"https:\/\/nuovi-lavori.it\/index.php\/wp-json\/wp\/v2\/comments?post=467"}],"version-history":[{"count":0,"href":"https:\/\/nuovi-lavori.it\/index.php\/wp-json\/wp\/v2\/posts\/467\/revisions"}],"wp:featuredmedia":[{"embeddable":true,"href":"https:\/\/nuovi-lavori.it\/index.php\/wp-json\/wp\/v2\/media\/463"}],"wp:attachment":[{"href":"https:\/\/nuovi-lavori.it\/index.php\/wp-json\/wp\/v2\/media?parent=467"}],"wp:term":[{"taxonomy":"category","embeddable":true,"href":"https:\/\/nuovi-lavori.it\/index.php\/wp-json\/wp\/v2\/categories?post=467"},{"taxonomy":"post_tag","embeddable":true,"href":"https:\/\/nuovi-lavori.it\/index.php\/wp-json\/wp\/v2\/tags?post=467"}],"curies":[{"name":"wp","href":"https:\/\/api.w.org\/{rel}","templated":true}]}}