{"id":4836,"date":"2022-06-27T17:04:06","date_gmt":"2022-06-27T15:04:06","guid":{"rendered":"http:\/\/5.249.146.118\/deja-vu-e-deja-entendu-sulla-siccita\/"},"modified":"2022-06-27T17:04:06","modified_gmt":"2022-06-27T15:04:06","slug":"deja-vu-e-deja-entendu-sulla-siccita","status":"publish","type":"post","link":"https:\/\/nuovi-lavori.it\/index.php\/deja-vu-e-deja-entendu-sulla-siccita\/","title":{"rendered":"Dej\u00e0 vu e dej\u00e0 entendu sulla siccit\u00e0"},"content":{"rendered":"<p style=\"text-align: justify;\">\u00c8 vero che abbiamo il difetto di conoscere e raffrontare ma spesso, ed \u00e8 un altro difetto che abbiamo, non portiamo la deduzione alle debite conseguenze della <em>denuncia<\/em>.<\/p>\n<p style=\"text-align: justify;\"><span>Sto parlando della siccit\u00e0, delle crisi ambientali che si collocano a monte e a valle, delle conseguenze che hanno sull\u2019agricoltura, sulle condizioni di vita e di salute, sui prezzi al consumo. Eppure sono anni che conosciamo problemi e cause con tutta la pletora degli effetti derivati come la siccit\u00e0, le piogge a carattere monsonico e tutte le variazioni delle quali siamo diventati, conoscitori pi\u00f9 o meno colti o informati.<\/span><\/p>\n<p style=\"text-align: justify;\"><span>Andiamo con ordine, mettendo a confronto due elenchi molto macro e sicuramente <em>scontati<\/em> per tutte le volte che li abbiamo letti e sentiti nelle cronache giornalistiche e nei resoconti tecnici tanto che ci\u00f2 che leggeremo \u00e8 un vero e proprio elenco di <em>dej\u00e0 vu <\/em>e di<em> dej\u00e0 entendu<\/em> sulla siccit\u00e0.<\/span><\/p>\n<p style=\"text-align: justify;\"><span>Abbiamo visto, letto e sentito talmente tanto che ci chiediamo perch\u00e9 tutto questo non sia diventato anche il presupposto di azioni amministrative, politiche ed economiche volte, se non alle soluzioni, almeno al <em>governo di processi di gestione e compensazione<\/em>.<\/span><\/p>\n<p style=\"text-align: justify;\"><span>Forse dobbiamo tirare due conclusioni:<\/span><\/p>\n<ol style=\"text-align: justify;\">\n<li><span><em>repetita <\/em><strong><em>NON<\/em><\/strong><em> juvant<\/em><\/span><\/li>\n<li><span>le istituzioni amministrative, politiche ed economiche, preposte alla loro soluzione e\/o mitigazione-contenimento, non hanno fatto il loro mestiere o peggio ancora il loro <strong><em>dovere<\/em><\/strong>.<\/span><\/li>\n<\/ol>\n<p style=\"text-align: justify;\"><span>Guardiamo gli elenchi. Nel primo sono comprese alcune evidenze inconfutabili della realt\u00e0; nel secondo ci\u00f2 che da anni ci dice la cultura, la ricerca scientifica, la conoscenza con ammonimenti talmente chiari e rilevabili che sono ben presenti nei dati ufficiali e nel sentire comune.<\/span><\/p>\n<p style=\"text-align: justify;\"><span>Al primo elenco appartengono i cambiamenti climatici (con relativo aumento della temperatura, scioglimento dei ghiacciai, modificazione dei flussi e delle portanze fluviali), pochi e insufficienti imbrigliamenti e recuperi delle piogge, gli acquedotti colabrodo, gli eccessi di terreni impermeabili, i boschi abbandonati a s\u00e9 stessi con immensi sottoboschi che sono vere micce e massa per incendi, l\u2019uso e l\u2019abuso di inquinanti nel traffico aereo, marino e terreste, l\u2019alta produzione di CO<\/span><span><sup>2<\/sup><\/span><span> delle e nelle citt\u00e0, tanto che nessuna potrebbe partecipare alla lotteria della pi\u00f9 inquinata perch\u00e9 ci sarebbe un ex equo sterminato.\u00a0<\/span><\/p>\n<p style=\"text-align: justify;\"><span>Al secondo appartengono in primis lo <em>sviluppo insostenibile<\/em> (la contraddizione in termini \u00e8 voluta, cercata e spero emblematica) e, in successione, tutte le sue derivate a cominciare dal continuo finanziamento alle energie fossili, al rallentamento dei finanziamenti per le rinnovabili, all\u2019incapacit\u00e0 di promuovere azioni volte all\u2019effettivo contenimento dell\u2019aumento della temperatura media di terra e oceani, al perpetuarsi di un\u2019agricoltura che da presidio del territorio si \u00e8 tramutata in una produttrice di <em>deserti verdi,<\/em> all\u2019incapacit\u00e0 di costruire acquedotti idonei (incapacit\u00e0 ancora pi\u00f9 grave se paragonata alla capacit\u00e0 di costruire gasdotti che traversano mari e montagne).\u00a0<\/span><\/p>\n<p style=\"text-align: justify;\"><span>Eppure \u00e8 cos\u00ec facile mettere in relazione gli elementi. Da vecchio montanaro quale io sono, propongo per primo quello dei boschi e dei sottoboschi: sono una riserva di energia per produrre anche con piccoli impianti, acqua calda, gas o elettricit\u00e0; se lasciamo marcire tutto a terra, abbiamo la trasformazione in esche incendiarie, ostacoli per la flora, la fauna e il godimento umano della montagna. Sempre rimanendo nella montagna, poniamoci questa domanda: \u00e8 possibile che in un territorio come quello italiano che ha pi\u00f9 montagne che pianure, che ha un\u2019infinita variet\u00e0 di acque minerali, che \u201c<em>da ovunque\u201d<\/em> scendono ruscelli e cascatelle, sia cos\u00ec difficile prendere le numerose mappe delle sorgenti e affidarle a Universit\u00e0 e Istituti Pubblici di Studi e Progetti per arrivare a una loro utilizzazione unitaria e funzionale?<\/span><\/p>\n<p style=\"text-align: justify;\"><span>Vogliamo continuare su questo argomento? Allora, quando marane e fossi sono scomparsi come raccoglitori d\u2019acqua dei declivi con relativa diversit\u00e0 faunistica e botanica dei bordi, come sono stati sostituiti?<\/span><\/p>\n<p style=\"text-align: justify;\"><span>Se solo raccogliessimo tutti i residui di stalla e li convogliassimo per produrre energia (biogas e biodiesel), quanto inquinamento in meno e quanto lavoro impiegato nello sviluppo sostenibile potremmo avere?<\/span><\/p>\n<p style=\"text-align: justify;\"><span>Ho un\u2019altra domanda: i tanti centri agrituristici che danno vita e vitalit\u00e0 alle nostre economie territorialmente periferiche, perch\u00e9 non si dotano di raccoglitori d\u2019acqua dei declivi e\/o di laghetti alimentati dai recuperi dell\u2019acqua che, se ben costruiti nel giusto rapporto biologico ed ecologico tra alghe, piante palustri e ossigenanti, fiori acquatici e pesci creano paesaggio, benessere ecologico e fonte di svago (e se ben costruiti anche riserve alimentari)? Del resto nei vecchi fontanili che raccoglievano acque di sorgenti o di declivio venivano messe le carpe per tenere pulita l\u2019acqua, cos\u00ec come nelle cisterne romane venivano buttate per lo stesso fine anguille e capitoni.<\/span><\/p>\n<p style=\"text-align: justify;\"><span>Non serve andare lontano; quando andiamo a visitare un castello o un monastero guardiamo la precisione dell\u2019ingegneria idraulica: non una goccia d\u2019acqua poteva andare sprecata e nessuna goccia d\u2019acqua andava sprecata.<\/span><\/p>\n<p style=\"text-align: justify;\"><span>I Mandarini in Cina si occupavano del controllo delle acque che ha rappresentato da sempre il grado di civilt\u00e0 e di evoluzione tecnologica dei popoli.<\/span><\/p>\n<p style=\"text-align: justify;\"><span>Oggi anteponiamo ai valori del sistema idrico territoriale quello della <em>percorribilit\u00e0 di trattori che somigliano sempre di pi\u00f9 a carri armati.<\/em> Forse sono proprio carri, ma armati contro l\u2019equilibrio del territorio, la sua salute, il nostro benessere.<\/span><\/p>\n<p style=\"text-align: justify;\"><span>Allora, \u00e8 possibile che le autorit\u00e0 siano come le tre scimmiette che non vedono, non sentono e non parlano?<\/span><\/p>\n<p style=\"text-align: justify;\"><span><strong><em>Denunciamoli<\/em>.<\/strong><\/span><\/p>\n<p style=\"text-align: justify;\"><span>Il loro ufficio \u00e8 quello di garantire la salute e il benessere dei cittadini e del territorio, se non lo fanno \u00e8 <strong>omissione.<\/strong><\/span><\/p>\n<p style=\"text-align: justify;\"><span>E poi lo stato di calamit\u00e0. Come, a incuria compiuta, non darlo. Ma in uno Stato i soldi non sono infiniti, anzi sono ben definiti dal monte tasse a disposizione con il quale si devono pagare i servizi ai cittadini, lo stato sociale, la salute, il rifacimento del sistema idrico\u2026 La coperta si fa corta. La scelta e il sacrificio danno ancora pi\u00f9 fastidio quando ci ricordiamo che \u00e8 da poco finito il settennio di finanziamenti europei dedicati all\u2019agricoltura (e quindi anche all\u2019acqua e all\u2019energia ad essa utile e da essa derivabile). NON ho i dati sottomano perch\u00e9 mentre scrivo sono in campagna ad annaffiare l\u2019orto con la riserva d\u2019acqua che mi viene dalla cisterna romana che raccoglie la pioggia che durante l\u2019anno transita per il tetto di casa, del fienile, dei pollai e della scuderia, ma sicuramente parte dei fondi saranno, come sempre, tornati indietro. Ma anche se non fosse cos\u00ec, non ho visto <em>nessun progetto di nessuna regione<\/em> volto al governo dei futuri prevedibili disastri.<\/span><\/p>\n","protected":false},"excerpt":{"rendered":"<p>\u00c8 vero che abbiamo il difetto di conoscere e raffrontare ma spesso, ed \u00e8 un altro difetto che abbiamo, non portiamo la deduzione alle debite conseguenze della denuncia. Sto parlando della siccit\u00e0, delle crisi ambientali che si collocano a monte e a valle, delle conseguenze che hanno sull\u2019agricoltura, sulle condizioni di vita e di salute, [&hellip;]<\/p>\n","protected":false},"author":2,"featured_media":4835,"comment_status":"open","ping_status":"open","sticky":false,"template":"","format":"standard","meta":{"footnotes":""},"categories":[9],"tags":[],"class_list":["post-4836","post","type-post","status-publish","format-standard","has-post-thumbnail","hentry","category-newsletter"],"yoast_head":"<!-- This site is optimized with the Yoast SEO plugin v27.5 - https:\/\/yoast.com\/product\/yoast-seo-wordpress\/ -->\n<title>Dej\u00e0 vu e dej\u00e0 entendu sulla siccit\u00e0 - Nuovi Lavori<\/title>\n<meta name=\"robots\" content=\"index, follow, max-snippet:-1, max-image-preview:large, max-video-preview:-1\" \/>\n<link rel=\"canonical\" href=\"https:\/\/nuovi-lavori.it\/index.php\/deja-vu-e-deja-entendu-sulla-siccita\/\" \/>\n<meta property=\"og:locale\" content=\"it_IT\" \/>\n<meta property=\"og:type\" content=\"article\" \/>\n<meta property=\"og:title\" content=\"Dej\u00e0 vu e dej\u00e0 entendu sulla siccit\u00e0 - Nuovi Lavori\" \/>\n<meta property=\"og:description\" content=\"\u00c8 vero che abbiamo il difetto di conoscere e raffrontare ma spesso, ed \u00e8 un altro difetto che abbiamo, non portiamo la deduzione alle debite conseguenze della denuncia. Sto parlando della siccit\u00e0, delle crisi ambientali che si collocano a monte e a valle, delle conseguenze che hanno sull\u2019agricoltura, sulle condizioni di vita e di salute, [&hellip;]\" \/>\n<meta property=\"og:url\" content=\"https:\/\/nuovi-lavori.it\/index.php\/deja-vu-e-deja-entendu-sulla-siccita\/\" \/>\n<meta property=\"og:site_name\" content=\"Nuovi Lavori\" \/>\n<meta property=\"article:published_time\" content=\"2022-06-27T15:04:06+00:00\" \/>\n<meta property=\"og:image\" content=\"https:\/\/nuovi-lavori.it\/wp-content\/uploads\/2022\/06\/images_deja-vu.jpg\" \/>\n\t<meta property=\"og:image:width\" content=\"650\" \/>\n\t<meta property=\"og:image:height\" content=\"398\" \/>\n\t<meta property=\"og:image:type\" content=\"image\/jpeg\" \/>\n<meta name=\"author\" content=\"Lia\" \/>\n<meta name=\"twitter:card\" content=\"summary_large_image\" \/>\n<meta name=\"twitter:label1\" content=\"Scritto da\" \/>\n\t<meta name=\"twitter:data1\" content=\"Lia\" \/>\n\t<meta name=\"twitter:label2\" content=\"Tempo di lettura stimato\" \/>\n\t<meta name=\"twitter:data2\" content=\"5 minuti\" \/>\n<script type=\"application\/ld+json\" class=\"yoast-schema-graph\">{\"@context\":\"https:\\\/\\\/schema.org\",\"@graph\":[{\"@type\":\"Article\",\"@id\":\"https:\\\/\\\/nuovi-lavori.it\\\/index.php\\\/deja-vu-e-deja-entendu-sulla-siccita\\\/#article\",\"isPartOf\":{\"@id\":\"https:\\\/\\\/nuovi-lavori.it\\\/index.php\\\/deja-vu-e-deja-entendu-sulla-siccita\\\/\"},\"author\":{\"name\":\"Lia\",\"@id\":\"https:\\\/\\\/nuovi-lavori.it\\\/#\\\/schema\\\/person\\\/381e9894ea394d41738d8d55e63fc0da\"},\"headline\":\"Dej\u00e0 vu e dej\u00e0 entendu sulla siccit\u00e0\",\"datePublished\":\"2022-06-27T15:04:06+00:00\",\"mainEntityOfPage\":{\"@id\":\"https:\\\/\\\/nuovi-lavori.it\\\/index.php\\\/deja-vu-e-deja-entendu-sulla-siccita\\\/\"},\"wordCount\":1064,\"commentCount\":0,\"publisher\":{\"@id\":\"https:\\\/\\\/nuovi-lavori.it\\\/#organization\"},\"image\":{\"@id\":\"https:\\\/\\\/nuovi-lavori.it\\\/index.php\\\/deja-vu-e-deja-entendu-sulla-siccita\\\/#primaryimage\"},\"thumbnailUrl\":\"https:\\\/\\\/nuovi-lavori.it\\\/wp-content\\\/uploads\\\/2022\\\/06\\\/images_deja-vu.jpg\",\"articleSection\":[\"Newsletter\"],\"inLanguage\":\"it-IT\",\"potentialAction\":[{\"@type\":\"CommentAction\",\"name\":\"Comment\",\"target\":[\"https:\\\/\\\/nuovi-lavori.it\\\/index.php\\\/deja-vu-e-deja-entendu-sulla-siccita\\\/#respond\"]}]},{\"@type\":\"WebPage\",\"@id\":\"https:\\\/\\\/nuovi-lavori.it\\\/index.php\\\/deja-vu-e-deja-entendu-sulla-siccita\\\/\",\"url\":\"https:\\\/\\\/nuovi-lavori.it\\\/index.php\\\/deja-vu-e-deja-entendu-sulla-siccita\\\/\",\"name\":\"Dej\u00e0 vu e dej\u00e0 entendu sulla siccit\u00e0 - Nuovi Lavori\",\"isPartOf\":{\"@id\":\"https:\\\/\\\/nuovi-lavori.it\\\/#website\"},\"primaryImageOfPage\":{\"@id\":\"https:\\\/\\\/nuovi-lavori.it\\\/index.php\\\/deja-vu-e-deja-entendu-sulla-siccita\\\/#primaryimage\"},\"image\":{\"@id\":\"https:\\\/\\\/nuovi-lavori.it\\\/index.php\\\/deja-vu-e-deja-entendu-sulla-siccita\\\/#primaryimage\"},\"thumbnailUrl\":\"https:\\\/\\\/nuovi-lavori.it\\\/wp-content\\\/uploads\\\/2022\\\/06\\\/images_deja-vu.jpg\",\"datePublished\":\"2022-06-27T15:04:06+00:00\",\"breadcrumb\":{\"@id\":\"https:\\\/\\\/nuovi-lavori.it\\\/index.php\\\/deja-vu-e-deja-entendu-sulla-siccita\\\/#breadcrumb\"},\"inLanguage\":\"it-IT\",\"potentialAction\":[{\"@type\":\"ReadAction\",\"target\":[\"https:\\\/\\\/nuovi-lavori.it\\\/index.php\\\/deja-vu-e-deja-entendu-sulla-siccita\\\/\"]}]},{\"@type\":\"ImageObject\",\"inLanguage\":\"it-IT\",\"@id\":\"https:\\\/\\\/nuovi-lavori.it\\\/index.php\\\/deja-vu-e-deja-entendu-sulla-siccita\\\/#primaryimage\",\"url\":\"https:\\\/\\\/nuovi-lavori.it\\\/wp-content\\\/uploads\\\/2022\\\/06\\\/images_deja-vu.jpg\",\"contentUrl\":\"https:\\\/\\\/nuovi-lavori.it\\\/wp-content\\\/uploads\\\/2022\\\/06\\\/images_deja-vu.jpg\",\"width\":650,\"height\":398},{\"@type\":\"BreadcrumbList\",\"@id\":\"https:\\\/\\\/nuovi-lavori.it\\\/index.php\\\/deja-vu-e-deja-entendu-sulla-siccita\\\/#breadcrumb\",\"itemListElement\":[{\"@type\":\"ListItem\",\"position\":1,\"name\":\"Home\",\"item\":\"https:\\\/\\\/nuovi-lavori.it\\\/\"},{\"@type\":\"ListItem\",\"position\":2,\"name\":\"Newsletter\",\"item\":\"https:\\\/\\\/nuovi-lavori.it\\\/index.php\\\/category\\\/newsletter\\\/\"},{\"@type\":\"ListItem\",\"position\":3,\"name\":\"Dej\u00e0 vu e dej\u00e0 entendu sulla siccit\u00e0\"}]},{\"@type\":\"WebSite\",\"@id\":\"https:\\\/\\\/nuovi-lavori.it\\\/#website\",\"url\":\"https:\\\/\\\/nuovi-lavori.it\\\/\",\"name\":\"Nuovi Lavori\",\"description\":\"\",\"publisher\":{\"@id\":\"https:\\\/\\\/nuovi-lavori.it\\\/#organization\"},\"potentialAction\":[{\"@type\":\"SearchAction\",\"target\":{\"@type\":\"EntryPoint\",\"urlTemplate\":\"https:\\\/\\\/nuovi-lavori.it\\\/?s={search_term_string}\"},\"query-input\":{\"@type\":\"PropertyValueSpecification\",\"valueRequired\":true,\"valueName\":\"search_term_string\"}}],\"inLanguage\":\"it-IT\"},{\"@type\":\"Organization\",\"@id\":\"https:\\\/\\\/nuovi-lavori.it\\\/#organization\",\"name\":\"Nuovi Lavori\",\"url\":\"https:\\\/\\\/nuovi-lavori.it\\\/\",\"logo\":{\"@type\":\"ImageObject\",\"inLanguage\":\"it-IT\",\"@id\":\"https:\\\/\\\/nuovi-lavori.it\\\/#\\\/schema\\\/logo\\\/image\\\/\",\"url\":\"http:\\\/\\\/5.249.146.118\\\/wp-content\\\/uploads\\\/2013\\\/11\\\/images_logonl.jpg\",\"contentUrl\":\"http:\\\/\\\/5.249.146.118\\\/wp-content\\\/uploads\\\/2013\\\/11\\\/images_logonl.jpg\",\"width\":400,\"height\":327,\"caption\":\"Nuovi Lavori\"},\"image\":{\"@id\":\"https:\\\/\\\/nuovi-lavori.it\\\/#\\\/schema\\\/logo\\\/image\\\/\"},\"sameAs\":[\"https:\\\/\\\/www.youtube.com\\\/user\\\/newsletteranl\"]},{\"@type\":\"Person\",\"@id\":\"https:\\\/\\\/nuovi-lavori.it\\\/#\\\/schema\\\/person\\\/381e9894ea394d41738d8d55e63fc0da\",\"name\":\"Lia\",\"image\":{\"@type\":\"ImageObject\",\"inLanguage\":\"it-IT\",\"@id\":\"https:\\\/\\\/secure.gravatar.com\\\/avatar\\\/1c1ab5e88d6553d3bd7303b8f064565e43a5f4bcf8fa0acc18820db78be45882?s=96&d=mm&r=g\",\"url\":\"https:\\\/\\\/secure.gravatar.com\\\/avatar\\\/1c1ab5e88d6553d3bd7303b8f064565e43a5f4bcf8fa0acc18820db78be45882?s=96&d=mm&r=g\",\"contentUrl\":\"https:\\\/\\\/secure.gravatar.com\\\/avatar\\\/1c1ab5e88d6553d3bd7303b8f064565e43a5f4bcf8fa0acc18820db78be45882?s=96&d=mm&r=g\",\"caption\":\"Lia\"},\"url\":\"https:\\\/\\\/nuovi-lavori.it\\\/index.php\\\/author\\\/lia\\\/\"}]}<\/script>\n<!-- \/ Yoast SEO plugin. -->","yoast_head_json":{"title":"Dej\u00e0 vu e dej\u00e0 entendu sulla siccit\u00e0 - Nuovi Lavori","robots":{"index":"index","follow":"follow","max-snippet":"max-snippet:-1","max-image-preview":"max-image-preview:large","max-video-preview":"max-video-preview:-1"},"canonical":"https:\/\/nuovi-lavori.it\/index.php\/deja-vu-e-deja-entendu-sulla-siccita\/","og_locale":"it_IT","og_type":"article","og_title":"Dej\u00e0 vu e dej\u00e0 entendu sulla siccit\u00e0 - Nuovi Lavori","og_description":"\u00c8 vero che abbiamo il difetto di conoscere e raffrontare ma spesso, ed \u00e8 un altro difetto che abbiamo, non portiamo la deduzione alle debite conseguenze della denuncia. Sto parlando della siccit\u00e0, delle crisi ambientali che si collocano a monte e a valle, delle conseguenze che hanno sull\u2019agricoltura, sulle condizioni di vita e di salute, [&hellip;]","og_url":"https:\/\/nuovi-lavori.it\/index.php\/deja-vu-e-deja-entendu-sulla-siccita\/","og_site_name":"Nuovi Lavori","article_published_time":"2022-06-27T15:04:06+00:00","og_image":[{"width":650,"height":398,"url":"https:\/\/nuovi-lavori.it\/wp-content\/uploads\/2022\/06\/images_deja-vu.jpg","type":"image\/jpeg"}],"author":"Lia","twitter_card":"summary_large_image","twitter_misc":{"Scritto da":"Lia","Tempo di lettura stimato":"5 minuti"},"schema":{"@context":"https:\/\/schema.org","@graph":[{"@type":"Article","@id":"https:\/\/nuovi-lavori.it\/index.php\/deja-vu-e-deja-entendu-sulla-siccita\/#article","isPartOf":{"@id":"https:\/\/nuovi-lavori.it\/index.php\/deja-vu-e-deja-entendu-sulla-siccita\/"},"author":{"name":"Lia","@id":"https:\/\/nuovi-lavori.it\/#\/schema\/person\/381e9894ea394d41738d8d55e63fc0da"},"headline":"Dej\u00e0 vu e dej\u00e0 entendu sulla siccit\u00e0","datePublished":"2022-06-27T15:04:06+00:00","mainEntityOfPage":{"@id":"https:\/\/nuovi-lavori.it\/index.php\/deja-vu-e-deja-entendu-sulla-siccita\/"},"wordCount":1064,"commentCount":0,"publisher":{"@id":"https:\/\/nuovi-lavori.it\/#organization"},"image":{"@id":"https:\/\/nuovi-lavori.it\/index.php\/deja-vu-e-deja-entendu-sulla-siccita\/#primaryimage"},"thumbnailUrl":"https:\/\/nuovi-lavori.it\/wp-content\/uploads\/2022\/06\/images_deja-vu.jpg","articleSection":["Newsletter"],"inLanguage":"it-IT","potentialAction":[{"@type":"CommentAction","name":"Comment","target":["https:\/\/nuovi-lavori.it\/index.php\/deja-vu-e-deja-entendu-sulla-siccita\/#respond"]}]},{"@type":"WebPage","@id":"https:\/\/nuovi-lavori.it\/index.php\/deja-vu-e-deja-entendu-sulla-siccita\/","url":"https:\/\/nuovi-lavori.it\/index.php\/deja-vu-e-deja-entendu-sulla-siccita\/","name":"Dej\u00e0 vu e dej\u00e0 entendu sulla siccit\u00e0 - Nuovi Lavori","isPartOf":{"@id":"https:\/\/nuovi-lavori.it\/#website"},"primaryImageOfPage":{"@id":"https:\/\/nuovi-lavori.it\/index.php\/deja-vu-e-deja-entendu-sulla-siccita\/#primaryimage"},"image":{"@id":"https:\/\/nuovi-lavori.it\/index.php\/deja-vu-e-deja-entendu-sulla-siccita\/#primaryimage"},"thumbnailUrl":"https:\/\/nuovi-lavori.it\/wp-content\/uploads\/2022\/06\/images_deja-vu.jpg","datePublished":"2022-06-27T15:04:06+00:00","breadcrumb":{"@id":"https:\/\/nuovi-lavori.it\/index.php\/deja-vu-e-deja-entendu-sulla-siccita\/#breadcrumb"},"inLanguage":"it-IT","potentialAction":[{"@type":"ReadAction","target":["https:\/\/nuovi-lavori.it\/index.php\/deja-vu-e-deja-entendu-sulla-siccita\/"]}]},{"@type":"ImageObject","inLanguage":"it-IT","@id":"https:\/\/nuovi-lavori.it\/index.php\/deja-vu-e-deja-entendu-sulla-siccita\/#primaryimage","url":"https:\/\/nuovi-lavori.it\/wp-content\/uploads\/2022\/06\/images_deja-vu.jpg","contentUrl":"https:\/\/nuovi-lavori.it\/wp-content\/uploads\/2022\/06\/images_deja-vu.jpg","width":650,"height":398},{"@type":"BreadcrumbList","@id":"https:\/\/nuovi-lavori.it\/index.php\/deja-vu-e-deja-entendu-sulla-siccita\/#breadcrumb","itemListElement":[{"@type":"ListItem","position":1,"name":"Home","item":"https:\/\/nuovi-lavori.it\/"},{"@type":"ListItem","position":2,"name":"Newsletter","item":"https:\/\/nuovi-lavori.it\/index.php\/category\/newsletter\/"},{"@type":"ListItem","position":3,"name":"Dej\u00e0 vu e dej\u00e0 entendu sulla siccit\u00e0"}]},{"@type":"WebSite","@id":"https:\/\/nuovi-lavori.it\/#website","url":"https:\/\/nuovi-lavori.it\/","name":"Nuovi Lavori","description":"","publisher":{"@id":"https:\/\/nuovi-lavori.it\/#organization"},"potentialAction":[{"@type":"SearchAction","target":{"@type":"EntryPoint","urlTemplate":"https:\/\/nuovi-lavori.it\/?s={search_term_string}"},"query-input":{"@type":"PropertyValueSpecification","valueRequired":true,"valueName":"search_term_string"}}],"inLanguage":"it-IT"},{"@type":"Organization","@id":"https:\/\/nuovi-lavori.it\/#organization","name":"Nuovi Lavori","url":"https:\/\/nuovi-lavori.it\/","logo":{"@type":"ImageObject","inLanguage":"it-IT","@id":"https:\/\/nuovi-lavori.it\/#\/schema\/logo\/image\/","url":"http:\/\/5.249.146.118\/wp-content\/uploads\/2013\/11\/images_logonl.jpg","contentUrl":"http:\/\/5.249.146.118\/wp-content\/uploads\/2013\/11\/images_logonl.jpg","width":400,"height":327,"caption":"Nuovi Lavori"},"image":{"@id":"https:\/\/nuovi-lavori.it\/#\/schema\/logo\/image\/"},"sameAs":["https:\/\/www.youtube.com\/user\/newsletteranl"]},{"@type":"Person","@id":"https:\/\/nuovi-lavori.it\/#\/schema\/person\/381e9894ea394d41738d8d55e63fc0da","name":"Lia","image":{"@type":"ImageObject","inLanguage":"it-IT","@id":"https:\/\/secure.gravatar.com\/avatar\/1c1ab5e88d6553d3bd7303b8f064565e43a5f4bcf8fa0acc18820db78be45882?s=96&d=mm&r=g","url":"https:\/\/secure.gravatar.com\/avatar\/1c1ab5e88d6553d3bd7303b8f064565e43a5f4bcf8fa0acc18820db78be45882?s=96&d=mm&r=g","contentUrl":"https:\/\/secure.gravatar.com\/avatar\/1c1ab5e88d6553d3bd7303b8f064565e43a5f4bcf8fa0acc18820db78be45882?s=96&d=mm&r=g","caption":"Lia"},"url":"https:\/\/nuovi-lavori.it\/index.php\/author\/lia\/"}]}},"_links":{"self":[{"href":"https:\/\/nuovi-lavori.it\/index.php\/wp-json\/wp\/v2\/posts\/4836","targetHints":{"allow":["GET"]}}],"collection":[{"href":"https:\/\/nuovi-lavori.it\/index.php\/wp-json\/wp\/v2\/posts"}],"about":[{"href":"https:\/\/nuovi-lavori.it\/index.php\/wp-json\/wp\/v2\/types\/post"}],"author":[{"embeddable":true,"href":"https:\/\/nuovi-lavori.it\/index.php\/wp-json\/wp\/v2\/users\/2"}],"replies":[{"embeddable":true,"href":"https:\/\/nuovi-lavori.it\/index.php\/wp-json\/wp\/v2\/comments?post=4836"}],"version-history":[{"count":0,"href":"https:\/\/nuovi-lavori.it\/index.php\/wp-json\/wp\/v2\/posts\/4836\/revisions"}],"wp:featuredmedia":[{"embeddable":true,"href":"https:\/\/nuovi-lavori.it\/index.php\/wp-json\/wp\/v2\/media\/4835"}],"wp:attachment":[{"href":"https:\/\/nuovi-lavori.it\/index.php\/wp-json\/wp\/v2\/media?parent=4836"}],"wp:term":[{"taxonomy":"category","embeddable":true,"href":"https:\/\/nuovi-lavori.it\/index.php\/wp-json\/wp\/v2\/categories?post=4836"},{"taxonomy":"post_tag","embeddable":true,"href":"https:\/\/nuovi-lavori.it\/index.php\/wp-json\/wp\/v2\/tags?post=4836"}],"curies":[{"name":"wp","href":"https:\/\/api.w.org\/{rel}","templated":true}]}}